{"id":409907,"date":"2026-07-05T08:25:42","date_gmt":"2026-07-05T12:25:42","guid":{"rendered":"https:\/\/www.eldiario.net\/portal\/?p=409907"},"modified":"2026-07-05T08:25:42","modified_gmt":"2026-07-05T12:25:42","slug":"el-alma-de-vozinha","status":"publish","type":"post","link":"https:\/\/www.eldiario.net\/portal\/2026\/07\/05\/el-alma-de-vozinha\/","title":{"rendered":"EL ALMA DE &#8216;VOZINHA&#8217;"},"content":{"rendered":"<p>Quien tiene como nombre de pila Josimar Jos\u00e9 \u00c9vora Dias y es apodado cari\u00f1osamente \u00abVozinha\u00bb, se ha consolidado como el alma, la resistencia y el h\u00e9roe indiscutible de la hist\u00f3rica selecci\u00f3n de Cabo Verde en el Mundial 2026.<br \/>\nA sus 40 a\u00f1os, compitiendo de igual a igual, como agente libre tras culminar su contrato en la segunda divisi\u00f3n de Portugal, el guardameta no solo lider\u00f3 el debut absoluto de su pa\u00eds en un Mundial, sino que transform\u00f3 su humilde historia personal en un fen\u00f3meno de inspiraci\u00f3n global<br \/>\nNacido el 3 de junio de 1986 en Mindelo (isla de S\u00e3o Vicente), Josimar creci\u00f3 bajo el cobijo principal de sus abuelos. Su apodo \u00abVozinha\u00bb (\u00abAbuelita\u00bb en portugu\u00e9s) rinde tributo directo a esa infancia, rememorando c\u00f3mo corr\u00eda a refugiarse con su abuela tras sufrir los naturales golpes del f\u00fatbol callejero. De ella aprendi\u00f3 la resiliencia; de su abuelo \u2014quien batall\u00f3 con el alcoholismo\u2014, la f\u00e9rrea convicci\u00f3n de mantenerse alejado de las adicciones. Su propio nombre, Josimar, fue un regalo de las autoridades locales en honor al legendario lateral de Brasil en M\u00e9xico 1986.<br \/>\nCon una carrera tard\u00eda que inici\u00f3 profesionalmente a los 25 a\u00f1os y que transit\u00f3 por ligas modestas de Angola, Chipre y Moldavia; Vozinha alcanz\u00f3 el cl\u00edmax de su vida deportiva acumulando m\u00e1s de 90 partidos internacionales y capitaneando a los \u00abTiburones Azules\u00bb hacia un sue\u00f1o inimaginable. En el partido de debut del actual Mundial, firm\u00f3 7 atajadas monumentales para sostener un heroico 0-0 ante la poderosa Selecci\u00f3n de Espa\u00f1a. Y en los 16avos, vol\u00f3 y fren\u00f3 8 disparos clave, incluyendo un tiro libre de antolog\u00eda de Lionel Messi, llevando el partido de manera \u00e9pica hasta la pr\u00f3rroga.<\/p>\n<figure id=\"attachment_409909\" aria-describedby=\"caption-attachment-409909\" style=\"width: 484px\" class=\"wp-caption alignleft\"><img loading=\"lazy\" decoding=\"async\" class=\"size-full wp-image-409909\" src=\"https:\/\/www.eldiario.net\/portal\/wp-content\/uploads\/2026\/07\/FOTO-10.webp\" alt=\"\" width=\"484\" height=\"271\" srcset=\"https:\/\/www.eldiario.net\/portal\/wp-content\/uploads\/2026\/07\/FOTO-10.webp 484w, https:\/\/www.eldiario.net\/portal\/wp-content\/uploads\/2026\/07\/FOTO-10-300x168.webp 300w, https:\/\/www.eldiario.net\/portal\/wp-content\/uploads\/2026\/07\/FOTO-10-150x84.webp 150w\" sizes=\"auto, (max-width: 484px) 100vw, 484px\" \/><figcaption id=\"caption-attachment-409909\" class=\"wp-caption-text\">Selecci\u00f3n de Cabo Verde en el Mundial 2026. (FIFA)<\/figcaption><\/figure>\n","protected":false},"excerpt":{"rendered":"<p>Quien tiene como nombre de pila Josimar Jos\u00e9 \u00c9vora Dias y es apodado cari\u00f1osamente \u00abVozinha\u00bb, se ha consolidado como el alma, la resistencia y el h\u00e9roe indiscutible de la hist\u00f3rica selecci\u00f3n de Cabo Verde en el Mundial 2026. A sus 40 a\u00f1os, compitiendo de igual a igual, como agente libre tras culminar su contrato en [&hellip;]<\/p>\n","protected":false},"author":1,"featured_media":409908,"comment_status":"closed","ping_status":"open","sticky":false,"template":"","format":"standard","meta":{"_acf_changed":false,"footnotes":""},"categories":[6],"tags":[],"class_list":["post-409907","post","type-post","status-publish","format-standard","has-post-thumbnail","category-deportes"],"acf":{"antetitulo":""},"yoast_head":"<!-- This site is optimized with the Yoast SEO plugin v28.4 - https:\/\/yoast.com\/product\/yoast-seo-wordpress\/ -->\n<title>EL ALMA DE &#039;VOZINHA&#039; - El Diario - Bolivia<\/title>\n<meta name=\"robots\" content=\"index, follow, max-snippet:-1, max-image-preview:large, max-video-preview:-1\" \/>\n<link rel=\"canonical\" href=\"https:\/\/www.eldiario.net\/portal\/2026\/07\/05\/el-alma-de-vozinha\/\" \/>\n<meta property=\"og:locale\" content=\"es_ES\" \/>\n<meta property=\"og:type\" content=\"article\" \/>\n<meta property=\"og:title\" content=\"EL ALMA DE &#039;VOZINHA&#039; - El Diario - Bolivia\" \/>\n<meta property=\"og:description\" content=\"Quien tiene como nombre de pila Josimar Jos\u00e9 \u00c9vora Dias y es apodado cari\u00f1osamente \u00abVozinha\u00bb, se ha consolidado como el alma, la resistencia y el h\u00e9roe indiscutible de la hist\u00f3rica selecci\u00f3n de Cabo Verde en el Mundial 2026. A sus 40 a\u00f1os, compitiendo de igual a igual, como agente libre tras culminar su contrato en [&hellip;]\" \/>\n<meta property=\"og:url\" content=\"https:\/\/www.eldiario.net\/portal\/2026\/07\/05\/el-alma-de-vozinha\/\" \/>\n<meta property=\"og:site_name\" content=\"El Diario - Bolivia\" \/>\n<meta property=\"article:publisher\" content=\"https:\/\/www.facebook.com\/eldiario.bolivia\/\" \/>\n<meta property=\"article:published_time\" content=\"2026-07-05T12:25:42+00:00\" \/>\n<meta property=\"og:image\" content=\"https:\/\/www.eldiario.net\/portal\/wp-content\/uploads\/2026\/07\/FOTO-11.webp\" \/>\n\t<meta property=\"og:image:width\" content=\"498\" \/>\n\t<meta property=\"og:image:height\" content=\"528\" \/>\n\t<meta property=\"og:image:type\" content=\"image\/webp\" \/>\n<meta name=\"author\" content=\"Jeanette\" \/>\n<meta name=\"twitter:card\" content=\"summary_large_image\" \/>\n<meta name=\"twitter:creator\" content=\"@eldiario_net\" \/>\n<meta name=\"twitter:site\" content=\"@eldiario_net\" \/>\n<meta name=\"twitter:label1\" content=\"Escrito por\" \/>\n\t<meta name=\"twitter:data1\" content=\"Jeanette\" \/>\n\t<meta name=\"twitter:label2\" content=\"Tiempo de lectura\" \/>\n\t<meta name=\"twitter:data2\" content=\"2 minutos\" \/>\n<script type=\"application\/ld+json\" class=\"yoast-schema-graph\">{\"@context\":\"https:\\\/\\\/schema.org\",\"@graph\":[{\"@type\":\"Article\",\"@id\":\"https:\\\/\\\/www.eldiario.net\\\/portal\\\/2026\\\/07\\\/05\\\/el-alma-de-vozinha\\\/#article\",\"isPartOf\":{\"@id\":\"https:\\\/\\\/www.eldiario.net\\\/portal\\\/2026\\\/07\\\/05\\\/el-alma-de-vozinha\\\/\"},\"author\":{\"name\":\"Jeanette\",\"@id\":\"https:\\\/\\\/www.eldiario.net\\\/portal\\\/#\\\/schema\\\/person\\\/2c57cf2b7a7ae032e449e4c9b1019eac\"},\"headline\":\"EL ALMA DE &#8216;VOZINHA&#8217;\",\"datePublished\":\"2026-07-05T12:25:42+00:00\",\"mainEntityOfPage\":{\"@id\":\"https:\\\/\\\/www.eldiario.net\\\/portal\\\/2026\\\/07\\\/05\\\/el-alma-de-vozinha\\\/\"},\"wordCount\":314,\"publisher\":{\"@id\":\"https:\\\/\\\/www.eldiario.net\\\/portal\\\/#organization\"},\"image\":{\"@id\":\"https:\\\/\\\/www.eldiario.net\\\/portal\\\/2026\\\/07\\\/05\\\/el-alma-de-vozinha\\\/#primaryimage\"},\"thumbnailUrl\":\"https:\\\/\\\/www.eldiario.net\\\/portal\\\/wp-content\\\/uploads\\\/2026\\\/07\\\/FOTO-11.webp\",\"articleSection\":[\"Deportes\"],\"inLanguage\":\"es\"},{\"@type\":\"WebPage\",\"@id\":\"https:\\\/\\\/www.eldiario.net\\\/portal\\\/2026\\\/07\\\/05\\\/el-alma-de-vozinha\\\/\",\"url\":\"https:\\\/\\\/www.eldiario.net\\\/portal\\\/2026\\\/07\\\/05\\\/el-alma-de-vozinha\\\/\",\"name\":\"EL ALMA DE 'VOZINHA' - El Diario - Bolivia\",\"isPartOf\":{\"@id\":\"https:\\\/\\\/www.eldiario.net\\\/portal\\\/#website\"},\"primaryImageOfPage\":{\"@id\":\"https:\\\/\\\/www.eldiario.net\\\/portal\\\/2026\\\/07\\\/05\\\/el-alma-de-vozinha\\\/#primaryimage\"},\"image\":{\"@id\":\"https:\\\/\\\/www.eldiario.net\\\/portal\\\/2026\\\/07\\\/05\\\/el-alma-de-vozinha\\\/#primaryimage\"},\"thumbnailUrl\":\"https:\\\/\\\/www.eldiario.net\\\/portal\\\/wp-content\\\/uploads\\\/2026\\\/07\\\/FOTO-11.webp\",\"datePublished\":\"2026-07-05T12:25:42+00:00\",\"breadcrumb\":{\"@id\":\"https:\\\/\\\/www.eldiario.net\\\/portal\\\/2026\\\/07\\\/05\\\/el-alma-de-vozinha\\\/#breadcrumb\"},\"inLanguage\":\"es\",\"potentialAction\":[{\"@type\":\"ReadAction\",\"target\":[\"https:\\\/\\\/www.eldiario.net\\\/portal\\\/2026\\\/07\\\/05\\\/el-alma-de-vozinha\\\/\"]}]},{\"@type\":\"ImageObject\",\"inLanguage\":\"es\",\"@id\":\"https:\\\/\\\/www.eldiario.net\\\/portal\\\/2026\\\/07\\\/05\\\/el-alma-de-vozinha\\\/#primaryimage\",\"url\":\"https:\\\/\\\/www.eldiario.net\\\/portal\\\/wp-content\\\/uploads\\\/2026\\\/07\\\/FOTO-11.webp\",\"contentUrl\":\"https:\\\/\\\/www.eldiario.net\\\/portal\\\/wp-content\\\/uploads\\\/2026\\\/07\\\/FOTO-11.webp\",\"width\":498,\"height\":528,\"caption\":\"'Vozinha' levanta en alto la bandera de Cabo Verde en la Copa del Mundo. (RRSS)\"},{\"@type\":\"BreadcrumbList\",\"@id\":\"https:\\\/\\\/www.eldiario.net\\\/portal\\\/2026\\\/07\\\/05\\\/el-alma-de-vozinha\\\/#breadcrumb\",\"itemListElement\":[{\"@type\":\"ListItem\",\"position\":1,\"name\":\"Portada\",\"item\":\"https:\\\/\\\/www.eldiario.net\\\/portal\\\/\"},{\"@type\":\"ListItem\",\"position\":2,\"name\":\"EL ALMA DE &#8216;VOZINHA&#8217;\"}]},{\"@type\":\"WebSite\",\"@id\":\"https:\\\/\\\/www.eldiario.net\\\/portal\\\/#website\",\"url\":\"https:\\\/\\\/www.eldiario.net\\\/portal\\\/\",\"name\":\"El Diario - Decano de la prensa nacional\",\"description\":\"El Diario - Decano de la prensa nacional\",\"publisher\":{\"@id\":\"https:\\\/\\\/www.eldiario.net\\\/portal\\\/#organization\"},\"potentialAction\":[{\"@type\":\"SearchAction\",\"target\":{\"@type\":\"EntryPoint\",\"urlTemplate\":\"https:\\\/\\\/www.eldiario.net\\\/portal\\\/?s={search_term_string}\"},\"query-input\":{\"@type\":\"PropertyValueSpecification\",\"valueRequired\":true,\"valueName\":\"search_term_string\"}}],\"inLanguage\":\"es\"},{\"@type\":\"Organization\",\"@id\":\"https:\\\/\\\/www.eldiario.net\\\/portal\\\/#organization\",\"name\":\"El Diario - Decano de la prensa nacional\",\"url\":\"https:\\\/\\\/www.eldiario.net\\\/portal\\\/\",\"logo\":{\"@type\":\"ImageObject\",\"inLanguage\":\"es\",\"@id\":\"https:\\\/\\\/www.eldiario.net\\\/portal\\\/#\\\/schema\\\/logo\\\/image\\\/\",\"url\":\"https:\\\/\\\/www.eldiario.net\\\/portal\\\/wp-content\\\/uploads\\\/2023\\\/07\\\/logo_ED.jpg\",\"contentUrl\":\"https:\\\/\\\/www.eldiario.net\\\/portal\\\/wp-content\\\/uploads\\\/2023\\\/07\\\/logo_ED.jpg\",\"width\":272,\"height\":52,\"caption\":\"El Diario - Decano de la prensa nacional\"},\"image\":{\"@id\":\"https:\\\/\\\/www.eldiario.net\\\/portal\\\/#\\\/schema\\\/logo\\\/image\\\/\"},\"sameAs\":[\"https:\\\/\\\/www.facebook.com\\\/eldiario.bolivia\\\/\",\"https:\\\/\\\/x.com\\\/eldiario_net\"]},{\"@type\":\"Person\",\"@id\":\"https:\\\/\\\/www.eldiario.net\\\/portal\\\/#\\\/schema\\\/person\\\/2c57cf2b7a7ae032e449e4c9b1019eac\",\"name\":\"Jeanette\",\"image\":{\"@type\":\"ImageObject\",\"inLanguage\":\"es\",\"@id\":\"https:\\\/\\\/secure.gravatar.com\\\/avatar\\\/3ea2118a5f7dad2b7138b1187a6b7ee55f160b9968b66013c3a3ef39dd7e5798?s=96&d=mm&r=g\",\"url\":\"https:\\\/\\\/secure.gravatar.com\\\/avatar\\\/3ea2118a5f7dad2b7138b1187a6b7ee55f160b9968b66013c3a3ef39dd7e5798?s=96&d=mm&r=g\",\"contentUrl\":\"https:\\\/\\\/secure.gravatar.com\\\/avatar\\\/3ea2118a5f7dad2b7138b1187a6b7ee55f160b9968b66013c3a3ef39dd7e5798?s=96&d=mm&r=g\",\"caption\":\"Jeanette\"},\"sameAs\":[\"https:\\\/\\\/www.eldiario.net\\\/portal\"],\"url\":\"https:\\\/\\\/www.eldiario.net\\\/portal\\\/author\\\/jeanette\\\/\"}]}<\/script>\n<!-- \/ Yoast SEO plugin. -->","yoast_head_json":{"title":"EL ALMA DE 'VOZINHA' - El Diario - Bolivia","robots":{"index":"index","follow":"follow","max-snippet":"max-snippet:-1","max-image-preview":"max-image-preview:large","max-video-preview":"max-video-preview:-1"},"canonical":"https:\/\/www.eldiario.net\/portal\/2026\/07\/05\/el-alma-de-vozinha\/","og_locale":"es_ES","og_type":"article","og_title":"EL ALMA DE 'VOZINHA' - El Diario - Bolivia","og_description":"Quien tiene como nombre de pila Josimar Jos\u00e9 \u00c9vora Dias y es apodado cari\u00f1osamente \u00abVozinha\u00bb, se ha consolidado como el alma, la resistencia y el h\u00e9roe indiscutible de la hist\u00f3rica selecci\u00f3n de Cabo Verde en el Mundial 2026. A sus 40 a\u00f1os, compitiendo de igual a igual, como agente libre tras culminar su contrato en [&hellip;]","og_url":"https:\/\/www.eldiario.net\/portal\/2026\/07\/05\/el-alma-de-vozinha\/","og_site_name":"El Diario - Bolivia","article_publisher":"https:\/\/www.facebook.com\/eldiario.bolivia\/","article_published_time":"2026-07-05T12:25:42+00:00","og_image":[{"width":498,"height":528,"url":"https:\/\/www.eldiario.net\/portal\/wp-content\/uploads\/2026\/07\/FOTO-11.webp","type":"image\/webp"}],"author":"Jeanette","twitter_card":"summary_large_image","twitter_creator":"@eldiario_net","twitter_site":"@eldiario_net","twitter_misc":{"Escrito por":"Jeanette","Tiempo de lectura":"2 minutos"},"schema":{"@context":"https:\/\/schema.org","@graph":[{"@type":"Article","@id":"https:\/\/www.eldiario.net\/portal\/2026\/07\/05\/el-alma-de-vozinha\/#article","isPartOf":{"@id":"https:\/\/www.eldiario.net\/portal\/2026\/07\/05\/el-alma-de-vozinha\/"},"author":{"name":"Jeanette","@id":"https:\/\/www.eldiario.net\/portal\/#\/schema\/person\/2c57cf2b7a7ae032e449e4c9b1019eac"},"headline":"EL ALMA DE &#8216;VOZINHA&#8217;","datePublished":"2026-07-05T12:25:42+00:00","mainEntityOfPage":{"@id":"https:\/\/www.eldiario.net\/portal\/2026\/07\/05\/el-alma-de-vozinha\/"},"wordCount":314,"publisher":{"@id":"https:\/\/www.eldiario.net\/portal\/#organization"},"image":{"@id":"https:\/\/www.eldiario.net\/portal\/2026\/07\/05\/el-alma-de-vozinha\/#primaryimage"},"thumbnailUrl":"https:\/\/www.eldiario.net\/portal\/wp-content\/uploads\/2026\/07\/FOTO-11.webp","articleSection":["Deportes"],"inLanguage":"es"},{"@type":"WebPage","@id":"https:\/\/www.eldiario.net\/portal\/2026\/07\/05\/el-alma-de-vozinha\/","url":"https:\/\/www.eldiario.net\/portal\/2026\/07\/05\/el-alma-de-vozinha\/","name":"EL ALMA DE 'VOZINHA' - El Diario - Bolivia","isPartOf":{"@id":"https:\/\/www.eldiario.net\/portal\/#website"},"primaryImageOfPage":{"@id":"https:\/\/www.eldiario.net\/portal\/2026\/07\/05\/el-alma-de-vozinha\/#primaryimage"},"image":{"@id":"https:\/\/www.eldiario.net\/portal\/2026\/07\/05\/el-alma-de-vozinha\/#primaryimage"},"thumbnailUrl":"https:\/\/www.eldiario.net\/portal\/wp-content\/uploads\/2026\/07\/FOTO-11.webp","datePublished":"2026-07-05T12:25:42+00:00","breadcrumb":{"@id":"https:\/\/www.eldiario.net\/portal\/2026\/07\/05\/el-alma-de-vozinha\/#breadcrumb"},"inLanguage":"es","potentialAction":[{"@type":"ReadAction","target":["https:\/\/www.eldiario.net\/portal\/2026\/07\/05\/el-alma-de-vozinha\/"]}]},{"@type":"ImageObject","inLanguage":"es","@id":"https:\/\/www.eldiario.net\/portal\/2026\/07\/05\/el-alma-de-vozinha\/#primaryimage","url":"https:\/\/www.eldiario.net\/portal\/wp-content\/uploads\/2026\/07\/FOTO-11.webp","contentUrl":"https:\/\/www.eldiario.net\/portal\/wp-content\/uploads\/2026\/07\/FOTO-11.webp","width":498,"height":528,"caption":"'Vozinha' levanta en alto la bandera de Cabo Verde en la Copa del Mundo. (RRSS)"},{"@type":"BreadcrumbList","@id":"https:\/\/www.eldiario.net\/portal\/2026\/07\/05\/el-alma-de-vozinha\/#breadcrumb","itemListElement":[{"@type":"ListItem","position":1,"name":"Portada","item":"https:\/\/www.eldiario.net\/portal\/"},{"@type":"ListItem","position":2,"name":"EL ALMA DE &#8216;VOZINHA&#8217;"}]},{"@type":"WebSite","@id":"https:\/\/www.eldiario.net\/portal\/#website","url":"https:\/\/www.eldiario.net\/portal\/","name":"El Diario - Decano de la prensa nacional","description":"El Diario - Decano de la prensa nacional","publisher":{"@id":"https:\/\/www.eldiario.net\/portal\/#organization"},"potentialAction":[{"@type":"SearchAction","target":{"@type":"EntryPoint","urlTemplate":"https:\/\/www.eldiario.net\/portal\/?s={search_term_string}"},"query-input":{"@type":"PropertyValueSpecification","valueRequired":true,"valueName":"search_term_string"}}],"inLanguage":"es"},{"@type":"Organization","@id":"https:\/\/www.eldiario.net\/portal\/#organization","name":"El Diario - Decano de la prensa nacional","url":"https:\/\/www.eldiario.net\/portal\/","logo":{"@type":"ImageObject","inLanguage":"es","@id":"https:\/\/www.eldiario.net\/portal\/#\/schema\/logo\/image\/","url":"https:\/\/www.eldiario.net\/portal\/wp-content\/uploads\/2023\/07\/logo_ED.jpg","contentUrl":"https:\/\/www.eldiario.net\/portal\/wp-content\/uploads\/2023\/07\/logo_ED.jpg","width":272,"height":52,"caption":"El Diario - Decano de la prensa nacional"},"image":{"@id":"https:\/\/www.eldiario.net\/portal\/#\/schema\/logo\/image\/"},"sameAs":["https:\/\/www.facebook.com\/eldiario.bolivia\/","https:\/\/x.com\/eldiario_net"]},{"@type":"Person","@id":"https:\/\/www.eldiario.net\/portal\/#\/schema\/person\/2c57cf2b7a7ae032e449e4c9b1019eac","name":"Jeanette","image":{"@type":"ImageObject","inLanguage":"es","@id":"https:\/\/secure.gravatar.com\/avatar\/3ea2118a5f7dad2b7138b1187a6b7ee55f160b9968b66013c3a3ef39dd7e5798?s=96&d=mm&r=g","url":"https:\/\/secure.gravatar.com\/avatar\/3ea2118a5f7dad2b7138b1187a6b7ee55f160b9968b66013c3a3ef39dd7e5798?s=96&d=mm&r=g","contentUrl":"https:\/\/secure.gravatar.com\/avatar\/3ea2118a5f7dad2b7138b1187a6b7ee55f160b9968b66013c3a3ef39dd7e5798?s=96&d=mm&r=g","caption":"Jeanette"},"sameAs":["https:\/\/www.eldiario.net\/portal"],"url":"https:\/\/www.eldiario.net\/portal\/author\/jeanette\/"}]}},"_links":{"self":[{"href":"https:\/\/www.eldiario.net\/portal\/wp-json\/wp\/v2\/posts\/409907","targetHints":{"allow":["GET"]}}],"collection":[{"href":"https:\/\/www.eldiario.net\/portal\/wp-json\/wp\/v2\/posts"}],"about":[{"href":"https:\/\/www.eldiario.net\/portal\/wp-json\/wp\/v2\/types\/post"}],"author":[{"embeddable":true,"href":"https:\/\/www.eldiario.net\/portal\/wp-json\/wp\/v2\/users\/1"}],"replies":[{"embeddable":true,"href":"https:\/\/www.eldiario.net\/portal\/wp-json\/wp\/v2\/comments?post=409907"}],"version-history":[{"count":1,"href":"https:\/\/www.eldiario.net\/portal\/wp-json\/wp\/v2\/posts\/409907\/revisions"}],"predecessor-version":[{"id":409910,"href":"https:\/\/www.eldiario.net\/portal\/wp-json\/wp\/v2\/posts\/409907\/revisions\/409910"}],"wp:featuredmedia":[{"embeddable":true,"href":"https:\/\/www.eldiario.net\/portal\/wp-json\/wp\/v2\/media\/409908"}],"wp:attachment":[{"href":"https:\/\/www.eldiario.net\/portal\/wp-json\/wp\/v2\/media?parent=409907"}],"wp:term":[{"taxonomy":"category","embeddable":true,"href":"https:\/\/www.eldiario.net\/portal\/wp-json\/wp\/v2\/categories?post=409907"},{"taxonomy":"post_tag","embeddable":true,"href":"https:\/\/www.eldiario.net\/portal\/wp-json\/wp\/v2\/tags?post=409907"}],"curies":[{"name":"wp","href":"https:\/\/api.w.org\/{rel}","templated":true}]}}