{"id":409900,"date":"2026-07-05T08:23:24","date_gmt":"2026-07-05T12:23:24","guid":{"rendered":"https:\/\/www.eldiario.net\/portal\/?p=409900"},"modified":"2026-07-05T08:23:24","modified_gmt":"2026-07-05T12:23:24","slug":"francia-esta-en-cuartos","status":"publish","type":"post","link":"https:\/\/www.eldiario.net\/portal\/2026\/07\/05\/francia-esta-en-cuartos\/","title":{"rendered":"FRANCIA EST\u00c1 EN CUARTOS"},"content":{"rendered":"<p>Francia avanz\u00f3 a los cuartos de final del Mundial 2026 tras vencer 1-0 a Paraguay con un solitario gol de penal ejecutado por Kylian Mbapp\u00e9.<br \/>\nCon este triunfo, el combinado galo se instala en la siguiente ronda, donde se medir\u00e1 ante Marruecos.<br \/>\nEl planteamiento t\u00e1ctico de Gustavo Alfaro funcion\u00f3 a la perfecci\u00f3n durante m\u00e1s de una hora sobre el c\u00e9sped del Lincoln Financial Field. Paraguay exhibi\u00f3 una gallard\u00eda inquebrantable, defendiendo con el alma cada cent\u00edmetro del \u00e1rea y neutralizando por completo el circuito de juego europeo.<br \/>\nEl orden de la Albirroja desesper\u00f3 a una selecci\u00f3n francesa que firm\u00f3 una actuaci\u00f3n sumamente opaca y carente de ideas, incapaz de generar peligro real mediante juego elaborado a pesar de tener la posesi\u00f3n absoluta del bal\u00f3n.<br \/>\nEl compromiso estuvo marcado por una alt\u00edsima intensidad f\u00edsica y pierna fuerte por parte de ambos bandos. Los roces constantes, las disputas a\u00e9reas al l\u00edmite y las faltas t\u00e1cticas abundaron bajo el sofocante calor de Filadelfia. Hubo cruces picantes entre los futbolistas e interrupciones que subieron la temperatura del encuentro, desafiando el control del \u00e1rbitro uzbeko.<br \/>\nLa paridad solo se rompi\u00f3 gracias a un destello individual. El ingresado D\u00e9sir\u00e9 Dou\u00e9 fabric\u00f3 una gran jugada personal en el \u00e1rea y fue derribado por Diego G\u00f3mez. Tras la revisi\u00f3n en el VAR, el juez decret\u00f3 la pena m\u00e1xima al minuto 68. Kylian Mbapp\u00e9 asumi\u00f3 la responsabilidad y logr\u00f3 el 1-0, suficiente para clasificar.<\/p>\n<figure id=\"attachment_409902\" aria-describedby=\"caption-attachment-409902\" style=\"width: 576px\" class=\"wp-caption alignleft\"><img loading=\"lazy\" decoding=\"async\" class=\"size-full wp-image-409902\" src=\"https:\/\/www.eldiario.net\/portal\/wp-content\/uploads\/2026\/07\/FOTO-25-1.webp\" alt=\"\" width=\"576\" height=\"543\" srcset=\"https:\/\/www.eldiario.net\/portal\/wp-content\/uploads\/2026\/07\/FOTO-25-1.webp 576w, https:\/\/www.eldiario.net\/portal\/wp-content\/uploads\/2026\/07\/FOTO-25-1-300x283.webp 300w, https:\/\/www.eldiario.net\/portal\/wp-content\/uploads\/2026\/07\/FOTO-25-1-446x420.webp 446w, https:\/\/www.eldiario.net\/portal\/wp-content\/uploads\/2026\/07\/FOTO-25-1-150x141.webp 150w\" sizes=\"auto, (max-width: 576px) 100vw, 576px\" \/><figcaption id=\"caption-attachment-409902\" class=\"wp-caption-text\">Almir\u00f3n en marcaci\u00f3n estricta, lo que deriv\u00f3 en penal. (X)<\/figcaption><\/figure>\n","protected":false},"excerpt":{"rendered":"<p>Francia avanz\u00f3 a los cuartos de final del Mundial 2026 tras vencer 1-0 a Paraguay con un solitario gol de penal ejecutado por Kylian Mbapp\u00e9. Con este triunfo, el combinado galo se instala en la siguiente ronda, donde se medir\u00e1 ante Marruecos. El planteamiento t\u00e1ctico de Gustavo Alfaro funcion\u00f3 a la perfecci\u00f3n durante m\u00e1s de [&hellip;]<\/p>\n","protected":false},"author":1,"featured_media":409901,"comment_status":"closed","ping_status":"open","sticky":false,"template":"","format":"standard","meta":{"_acf_changed":false,"footnotes":""},"categories":[6],"tags":[],"class_list":["post-409900","post","type-post","status-publish","format-standard","has-post-thumbnail","category-deportes"],"acf":{"antetitulo":""},"yoast_head":"<!-- This site is optimized with the Yoast SEO plugin v28.4 - https:\/\/yoast.com\/product\/yoast-seo-wordpress\/ -->\n<title>FRANCIA EST\u00c1 EN CUARTOS - El Diario - Bolivia<\/title>\n<meta name=\"robots\" content=\"index, follow, max-snippet:-1, max-image-preview:large, max-video-preview:-1\" \/>\n<link rel=\"canonical\" href=\"https:\/\/www.eldiario.net\/portal\/2026\/07\/05\/francia-esta-en-cuartos\/\" \/>\n<meta property=\"og:locale\" content=\"es_ES\" \/>\n<meta property=\"og:type\" content=\"article\" \/>\n<meta property=\"og:title\" content=\"FRANCIA EST\u00c1 EN CUARTOS - El Diario - Bolivia\" \/>\n<meta property=\"og:description\" content=\"Francia avanz\u00f3 a los cuartos de final del Mundial 2026 tras vencer 1-0 a Paraguay con un solitario gol de penal ejecutado por Kylian Mbapp\u00e9. Con este triunfo, el combinado galo se instala en la siguiente ronda, donde se medir\u00e1 ante Marruecos. El planteamiento t\u00e1ctico de Gustavo Alfaro funcion\u00f3 a la perfecci\u00f3n durante m\u00e1s de [&hellip;]\" \/>\n<meta property=\"og:url\" content=\"https:\/\/www.eldiario.net\/portal\/2026\/07\/05\/francia-esta-en-cuartos\/\" \/>\n<meta property=\"og:site_name\" content=\"El Diario - Bolivia\" \/>\n<meta property=\"article:publisher\" content=\"https:\/\/www.facebook.com\/eldiario.bolivia\/\" \/>\n<meta property=\"article:published_time\" content=\"2026-07-05T12:23:24+00:00\" \/>\n<meta property=\"og:image\" content=\"https:\/\/www.eldiario.net\/portal\/wp-content\/uploads\/2026\/07\/FOTO-26-1.webp\" \/>\n\t<meta property=\"og:image:width\" content=\"576\" \/>\n\t<meta property=\"og:image:height\" content=\"586\" \/>\n\t<meta property=\"og:image:type\" content=\"image\/webp\" \/>\n<meta name=\"author\" content=\"Jeanette\" \/>\n<meta name=\"twitter:card\" content=\"summary_large_image\" \/>\n<meta name=\"twitter:creator\" content=\"@eldiario_net\" \/>\n<meta name=\"twitter:site\" content=\"@eldiario_net\" \/>\n<meta name=\"twitter:label1\" content=\"Escrito por\" \/>\n\t<meta name=\"twitter:data1\" content=\"Jeanette\" \/>\n\t<meta name=\"twitter:label2\" content=\"Tiempo de lectura\" \/>\n\t<meta name=\"twitter:data2\" content=\"2 minutos\" \/>\n<script type=\"application\/ld+json\" class=\"yoast-schema-graph\">{\"@context\":\"https:\\\/\\\/schema.org\",\"@graph\":[{\"@type\":\"Article\",\"@id\":\"https:\\\/\\\/www.eldiario.net\\\/portal\\\/2026\\\/07\\\/05\\\/francia-esta-en-cuartos\\\/#article\",\"isPartOf\":{\"@id\":\"https:\\\/\\\/www.eldiario.net\\\/portal\\\/2026\\\/07\\\/05\\\/francia-esta-en-cuartos\\\/\"},\"author\":{\"name\":\"Jeanette\",\"@id\":\"https:\\\/\\\/www.eldiario.net\\\/portal\\\/#\\\/schema\\\/person\\\/2c57cf2b7a7ae032e449e4c9b1019eac\"},\"headline\":\"FRANCIA EST\u00c1 EN CUARTOS\",\"datePublished\":\"2026-07-05T12:23:24+00:00\",\"mainEntityOfPage\":{\"@id\":\"https:\\\/\\\/www.eldiario.net\\\/portal\\\/2026\\\/07\\\/05\\\/francia-esta-en-cuartos\\\/\"},\"wordCount\":274,\"publisher\":{\"@id\":\"https:\\\/\\\/www.eldiario.net\\\/portal\\\/#organization\"},\"image\":{\"@id\":\"https:\\\/\\\/www.eldiario.net\\\/portal\\\/2026\\\/07\\\/05\\\/francia-esta-en-cuartos\\\/#primaryimage\"},\"thumbnailUrl\":\"https:\\\/\\\/www.eldiario.net\\\/portal\\\/wp-content\\\/uploads\\\/2026\\\/07\\\/FOTO-26-1.webp\",\"articleSection\":[\"Deportes\"],\"inLanguage\":\"es\"},{\"@type\":\"WebPage\",\"@id\":\"https:\\\/\\\/www.eldiario.net\\\/portal\\\/2026\\\/07\\\/05\\\/francia-esta-en-cuartos\\\/\",\"url\":\"https:\\\/\\\/www.eldiario.net\\\/portal\\\/2026\\\/07\\\/05\\\/francia-esta-en-cuartos\\\/\",\"name\":\"FRANCIA EST\u00c1 EN CUARTOS - El Diario - Bolivia\",\"isPartOf\":{\"@id\":\"https:\\\/\\\/www.eldiario.net\\\/portal\\\/#website\"},\"primaryImageOfPage\":{\"@id\":\"https:\\\/\\\/www.eldiario.net\\\/portal\\\/2026\\\/07\\\/05\\\/francia-esta-en-cuartos\\\/#primaryimage\"},\"image\":{\"@id\":\"https:\\\/\\\/www.eldiario.net\\\/portal\\\/2026\\\/07\\\/05\\\/francia-esta-en-cuartos\\\/#primaryimage\"},\"thumbnailUrl\":\"https:\\\/\\\/www.eldiario.net\\\/portal\\\/wp-content\\\/uploads\\\/2026\\\/07\\\/FOTO-26-1.webp\",\"datePublished\":\"2026-07-05T12:23:24+00:00\",\"breadcrumb\":{\"@id\":\"https:\\\/\\\/www.eldiario.net\\\/portal\\\/2026\\\/07\\\/05\\\/francia-esta-en-cuartos\\\/#breadcrumb\"},\"inLanguage\":\"es\",\"potentialAction\":[{\"@type\":\"ReadAction\",\"target\":[\"https:\\\/\\\/www.eldiario.net\\\/portal\\\/2026\\\/07\\\/05\\\/francia-esta-en-cuartos\\\/\"]}]},{\"@type\":\"ImageObject\",\"inLanguage\":\"es\",\"@id\":\"https:\\\/\\\/www.eldiario.net\\\/portal\\\/2026\\\/07\\\/05\\\/francia-esta-en-cuartos\\\/#primaryimage\",\"url\":\"https:\\\/\\\/www.eldiario.net\\\/portal\\\/wp-content\\\/uploads\\\/2026\\\/07\\\/FOTO-26-1.webp\",\"contentUrl\":\"https:\\\/\\\/www.eldiario.net\\\/portal\\\/wp-content\\\/uploads\\\/2026\\\/07\\\/FOTO-26-1.webp\",\"width\":576,\"height\":586,\"caption\":\"Kylian Mbapp\u00e9 festeja su gol 7 en este Mundial. Fue de penal. (FIFA)\"},{\"@type\":\"BreadcrumbList\",\"@id\":\"https:\\\/\\\/www.eldiario.net\\\/portal\\\/2026\\\/07\\\/05\\\/francia-esta-en-cuartos\\\/#breadcrumb\",\"itemListElement\":[{\"@type\":\"ListItem\",\"position\":1,\"name\":\"Portada\",\"item\":\"https:\\\/\\\/www.eldiario.net\\\/portal\\\/\"},{\"@type\":\"ListItem\",\"position\":2,\"name\":\"FRANCIA EST\u00c1 EN CUARTOS\"}]},{\"@type\":\"WebSite\",\"@id\":\"https:\\\/\\\/www.eldiario.net\\\/portal\\\/#website\",\"url\":\"https:\\\/\\\/www.eldiario.net\\\/portal\\\/\",\"name\":\"El Diario - Decano de la prensa nacional\",\"description\":\"El Diario - Decano de la prensa nacional\",\"publisher\":{\"@id\":\"https:\\\/\\\/www.eldiario.net\\\/portal\\\/#organization\"},\"potentialAction\":[{\"@type\":\"SearchAction\",\"target\":{\"@type\":\"EntryPoint\",\"urlTemplate\":\"https:\\\/\\\/www.eldiario.net\\\/portal\\\/?s={search_term_string}\"},\"query-input\":{\"@type\":\"PropertyValueSpecification\",\"valueRequired\":true,\"valueName\":\"search_term_string\"}}],\"inLanguage\":\"es\"},{\"@type\":\"Organization\",\"@id\":\"https:\\\/\\\/www.eldiario.net\\\/portal\\\/#organization\",\"name\":\"El Diario - Decano de la prensa nacional\",\"url\":\"https:\\\/\\\/www.eldiario.net\\\/portal\\\/\",\"logo\":{\"@type\":\"ImageObject\",\"inLanguage\":\"es\",\"@id\":\"https:\\\/\\\/www.eldiario.net\\\/portal\\\/#\\\/schema\\\/logo\\\/image\\\/\",\"url\":\"https:\\\/\\\/www.eldiario.net\\\/portal\\\/wp-content\\\/uploads\\\/2023\\\/07\\\/logo_ED.jpg\",\"contentUrl\":\"https:\\\/\\\/www.eldiario.net\\\/portal\\\/wp-content\\\/uploads\\\/2023\\\/07\\\/logo_ED.jpg\",\"width\":272,\"height\":52,\"caption\":\"El Diario - Decano de la prensa nacional\"},\"image\":{\"@id\":\"https:\\\/\\\/www.eldiario.net\\\/portal\\\/#\\\/schema\\\/logo\\\/image\\\/\"},\"sameAs\":[\"https:\\\/\\\/www.facebook.com\\\/eldiario.bolivia\\\/\",\"https:\\\/\\\/x.com\\\/eldiario_net\"]},{\"@type\":\"Person\",\"@id\":\"https:\\\/\\\/www.eldiario.net\\\/portal\\\/#\\\/schema\\\/person\\\/2c57cf2b7a7ae032e449e4c9b1019eac\",\"name\":\"Jeanette\",\"image\":{\"@type\":\"ImageObject\",\"inLanguage\":\"es\",\"@id\":\"https:\\\/\\\/secure.gravatar.com\\\/avatar\\\/3ea2118a5f7dad2b7138b1187a6b7ee55f160b9968b66013c3a3ef39dd7e5798?s=96&d=mm&r=g\",\"url\":\"https:\\\/\\\/secure.gravatar.com\\\/avatar\\\/3ea2118a5f7dad2b7138b1187a6b7ee55f160b9968b66013c3a3ef39dd7e5798?s=96&d=mm&r=g\",\"contentUrl\":\"https:\\\/\\\/secure.gravatar.com\\\/avatar\\\/3ea2118a5f7dad2b7138b1187a6b7ee55f160b9968b66013c3a3ef39dd7e5798?s=96&d=mm&r=g\",\"caption\":\"Jeanette\"},\"sameAs\":[\"https:\\\/\\\/www.eldiario.net\\\/portal\"],\"url\":\"https:\\\/\\\/www.eldiario.net\\\/portal\\\/author\\\/jeanette\\\/\"}]}<\/script>\n<!-- \/ Yoast SEO plugin. -->","yoast_head_json":{"title":"FRANCIA EST\u00c1 EN CUARTOS - El Diario - Bolivia","robots":{"index":"index","follow":"follow","max-snippet":"max-snippet:-1","max-image-preview":"max-image-preview:large","max-video-preview":"max-video-preview:-1"},"canonical":"https:\/\/www.eldiario.net\/portal\/2026\/07\/05\/francia-esta-en-cuartos\/","og_locale":"es_ES","og_type":"article","og_title":"FRANCIA EST\u00c1 EN CUARTOS - El Diario - Bolivia","og_description":"Francia avanz\u00f3 a los cuartos de final del Mundial 2026 tras vencer 1-0 a Paraguay con un solitario gol de penal ejecutado por Kylian Mbapp\u00e9. Con este triunfo, el combinado galo se instala en la siguiente ronda, donde se medir\u00e1 ante Marruecos. El planteamiento t\u00e1ctico de Gustavo Alfaro funcion\u00f3 a la perfecci\u00f3n durante m\u00e1s de [&hellip;]","og_url":"https:\/\/www.eldiario.net\/portal\/2026\/07\/05\/francia-esta-en-cuartos\/","og_site_name":"El Diario - Bolivia","article_publisher":"https:\/\/www.facebook.com\/eldiario.bolivia\/","article_published_time":"2026-07-05T12:23:24+00:00","og_image":[{"width":576,"height":586,"url":"https:\/\/www.eldiario.net\/portal\/wp-content\/uploads\/2026\/07\/FOTO-26-1.webp","type":"image\/webp"}],"author":"Jeanette","twitter_card":"summary_large_image","twitter_creator":"@eldiario_net","twitter_site":"@eldiario_net","twitter_misc":{"Escrito por":"Jeanette","Tiempo de lectura":"2 minutos"},"schema":{"@context":"https:\/\/schema.org","@graph":[{"@type":"Article","@id":"https:\/\/www.eldiario.net\/portal\/2026\/07\/05\/francia-esta-en-cuartos\/#article","isPartOf":{"@id":"https:\/\/www.eldiario.net\/portal\/2026\/07\/05\/francia-esta-en-cuartos\/"},"author":{"name":"Jeanette","@id":"https:\/\/www.eldiario.net\/portal\/#\/schema\/person\/2c57cf2b7a7ae032e449e4c9b1019eac"},"headline":"FRANCIA EST\u00c1 EN CUARTOS","datePublished":"2026-07-05T12:23:24+00:00","mainEntityOfPage":{"@id":"https:\/\/www.eldiario.net\/portal\/2026\/07\/05\/francia-esta-en-cuartos\/"},"wordCount":274,"publisher":{"@id":"https:\/\/www.eldiario.net\/portal\/#organization"},"image":{"@id":"https:\/\/www.eldiario.net\/portal\/2026\/07\/05\/francia-esta-en-cuartos\/#primaryimage"},"thumbnailUrl":"https:\/\/www.eldiario.net\/portal\/wp-content\/uploads\/2026\/07\/FOTO-26-1.webp","articleSection":["Deportes"],"inLanguage":"es"},{"@type":"WebPage","@id":"https:\/\/www.eldiario.net\/portal\/2026\/07\/05\/francia-esta-en-cuartos\/","url":"https:\/\/www.eldiario.net\/portal\/2026\/07\/05\/francia-esta-en-cuartos\/","name":"FRANCIA EST\u00c1 EN CUARTOS - El Diario - Bolivia","isPartOf":{"@id":"https:\/\/www.eldiario.net\/portal\/#website"},"primaryImageOfPage":{"@id":"https:\/\/www.eldiario.net\/portal\/2026\/07\/05\/francia-esta-en-cuartos\/#primaryimage"},"image":{"@id":"https:\/\/www.eldiario.net\/portal\/2026\/07\/05\/francia-esta-en-cuartos\/#primaryimage"},"thumbnailUrl":"https:\/\/www.eldiario.net\/portal\/wp-content\/uploads\/2026\/07\/FOTO-26-1.webp","datePublished":"2026-07-05T12:23:24+00:00","breadcrumb":{"@id":"https:\/\/www.eldiario.net\/portal\/2026\/07\/05\/francia-esta-en-cuartos\/#breadcrumb"},"inLanguage":"es","potentialAction":[{"@type":"ReadAction","target":["https:\/\/www.eldiario.net\/portal\/2026\/07\/05\/francia-esta-en-cuartos\/"]}]},{"@type":"ImageObject","inLanguage":"es","@id":"https:\/\/www.eldiario.net\/portal\/2026\/07\/05\/francia-esta-en-cuartos\/#primaryimage","url":"https:\/\/www.eldiario.net\/portal\/wp-content\/uploads\/2026\/07\/FOTO-26-1.webp","contentUrl":"https:\/\/www.eldiario.net\/portal\/wp-content\/uploads\/2026\/07\/FOTO-26-1.webp","width":576,"height":586,"caption":"Kylian Mbapp\u00e9 festeja su gol 7 en este Mundial. Fue de penal. (FIFA)"},{"@type":"BreadcrumbList","@id":"https:\/\/www.eldiario.net\/portal\/2026\/07\/05\/francia-esta-en-cuartos\/#breadcrumb","itemListElement":[{"@type":"ListItem","position":1,"name":"Portada","item":"https:\/\/www.eldiario.net\/portal\/"},{"@type":"ListItem","position":2,"name":"FRANCIA EST\u00c1 EN CUARTOS"}]},{"@type":"WebSite","@id":"https:\/\/www.eldiario.net\/portal\/#website","url":"https:\/\/www.eldiario.net\/portal\/","name":"El Diario - Decano de la prensa nacional","description":"El Diario - Decano de la prensa nacional","publisher":{"@id":"https:\/\/www.eldiario.net\/portal\/#organization"},"potentialAction":[{"@type":"SearchAction","target":{"@type":"EntryPoint","urlTemplate":"https:\/\/www.eldiario.net\/portal\/?s={search_term_string}"},"query-input":{"@type":"PropertyValueSpecification","valueRequired":true,"valueName":"search_term_string"}}],"inLanguage":"es"},{"@type":"Organization","@id":"https:\/\/www.eldiario.net\/portal\/#organization","name":"El Diario - Decano de la prensa nacional","url":"https:\/\/www.eldiario.net\/portal\/","logo":{"@type":"ImageObject","inLanguage":"es","@id":"https:\/\/www.eldiario.net\/portal\/#\/schema\/logo\/image\/","url":"https:\/\/www.eldiario.net\/portal\/wp-content\/uploads\/2023\/07\/logo_ED.jpg","contentUrl":"https:\/\/www.eldiario.net\/portal\/wp-content\/uploads\/2023\/07\/logo_ED.jpg","width":272,"height":52,"caption":"El Diario - Decano de la prensa nacional"},"image":{"@id":"https:\/\/www.eldiario.net\/portal\/#\/schema\/logo\/image\/"},"sameAs":["https:\/\/www.facebook.com\/eldiario.bolivia\/","https:\/\/x.com\/eldiario_net"]},{"@type":"Person","@id":"https:\/\/www.eldiario.net\/portal\/#\/schema\/person\/2c57cf2b7a7ae032e449e4c9b1019eac","name":"Jeanette","image":{"@type":"ImageObject","inLanguage":"es","@id":"https:\/\/secure.gravatar.com\/avatar\/3ea2118a5f7dad2b7138b1187a6b7ee55f160b9968b66013c3a3ef39dd7e5798?s=96&d=mm&r=g","url":"https:\/\/secure.gravatar.com\/avatar\/3ea2118a5f7dad2b7138b1187a6b7ee55f160b9968b66013c3a3ef39dd7e5798?s=96&d=mm&r=g","contentUrl":"https:\/\/secure.gravatar.com\/avatar\/3ea2118a5f7dad2b7138b1187a6b7ee55f160b9968b66013c3a3ef39dd7e5798?s=96&d=mm&r=g","caption":"Jeanette"},"sameAs":["https:\/\/www.eldiario.net\/portal"],"url":"https:\/\/www.eldiario.net\/portal\/author\/jeanette\/"}]}},"_links":{"self":[{"href":"https:\/\/www.eldiario.net\/portal\/wp-json\/wp\/v2\/posts\/409900","targetHints":{"allow":["GET"]}}],"collection":[{"href":"https:\/\/www.eldiario.net\/portal\/wp-json\/wp\/v2\/posts"}],"about":[{"href":"https:\/\/www.eldiario.net\/portal\/wp-json\/wp\/v2\/types\/post"}],"author":[{"embeddable":true,"href":"https:\/\/www.eldiario.net\/portal\/wp-json\/wp\/v2\/users\/1"}],"replies":[{"embeddable":true,"href":"https:\/\/www.eldiario.net\/portal\/wp-json\/wp\/v2\/comments?post=409900"}],"version-history":[{"count":1,"href":"https:\/\/www.eldiario.net\/portal\/wp-json\/wp\/v2\/posts\/409900\/revisions"}],"predecessor-version":[{"id":409903,"href":"https:\/\/www.eldiario.net\/portal\/wp-json\/wp\/v2\/posts\/409900\/revisions\/409903"}],"wp:featuredmedia":[{"embeddable":true,"href":"https:\/\/www.eldiario.net\/portal\/wp-json\/wp\/v2\/media\/409901"}],"wp:attachment":[{"href":"https:\/\/www.eldiario.net\/portal\/wp-json\/wp\/v2\/media?parent=409900"}],"wp:term":[{"taxonomy":"category","embeddable":true,"href":"https:\/\/www.eldiario.net\/portal\/wp-json\/wp\/v2\/categories?post=409900"},{"taxonomy":"post_tag","embeddable":true,"href":"https:\/\/www.eldiario.net\/portal\/wp-json\/wp\/v2\/tags?post=409900"}],"curies":[{"name":"wp","href":"https:\/\/api.w.org\/{rel}","templated":true}]}}