{"id":409288,"date":"2026-07-03T06:28:45","date_gmt":"2026-07-03T10:28:45","guid":{"rendered":"https:\/\/www.eldiario.net\/portal\/?p=409288"},"modified":"2026-07-03T06:28:45","modified_gmt":"2026-07-03T10:28:45","slug":"cuestionan-el-informe-de-defensoria-sobre-bloqueos","status":"publish","type":"post","link":"https:\/\/www.eldiario.net\/portal\/2026\/07\/03\/cuestionan-el-informe-de-defensoria-sobre-bloqueos\/","title":{"rendered":"Cuestionan el informe de  Defensor\u00eda sobre bloqueos"},"content":{"rendered":"<p>La Comisi\u00f3n de Constituci\u00f3n, Legislaci\u00f3n y Sistema Electoral de la C\u00e1mara de Diputados expres\u00f3 ayer su disconformidad con el informe oral presentado por el defensor del Pueblo, Pedro Callisaya, respecto a las acciones desarrolladas por esa instituci\u00f3n durante los conflictos sociales y bloqueos que se prolongaron por 53 d\u00edas en el pa\u00eds.<br \/>\nLa petici\u00f3n de informe fue solicitada por la diputada Marlene Miranda, quien cuestion\u00f3 a Callisaya sobre qu\u00e9 acciones impuls\u00f3 respecto a las personas heridas y fallecidas; la protecci\u00f3n de los derechos humanos; la garant\u00eda del debido proceso; las gestiones realizadas para contribuir al desbloqueo y los procesos administrativos, civiles o penales promovidos.<br \/>\n\u201cHemos visto que el Defensor del Pueblo no ha cumplido absolutamente nada de sus funciones y se trata de una persona que lo \u00fanico que hace es gastar su presupuesto para ocuparlo en otras cosas. Esta persona se ha parcializado totalmente con los bloqueadores y eso a nosotros nos preocupa\u201d, manifest\u00f3 el diputado por alianza Libre, Edgar Zegarra, se\u00f1alando que ya se hayan cursado peticiones de informe al ente defensorial por su rol durante los pasados conflictos en el pa\u00eds.<\/p>\n","protected":false},"excerpt":{"rendered":"<p>La Comisi\u00f3n de Constituci\u00f3n, Legislaci\u00f3n y Sistema Electoral de la C\u00e1mara de Diputados expres\u00f3 ayer su disconformidad con el informe oral presentado por el defensor del Pueblo, Pedro Callisaya, respecto a las acciones desarrolladas por esa instituci\u00f3n durante los conflictos sociales y bloqueos que se prolongaron por 53 d\u00edas en el pa\u00eds. La petici\u00f3n de [&hellip;]<\/p>\n","protected":false},"author":1,"featured_media":409289,"comment_status":"closed","ping_status":"open","sticky":false,"template":"","format":"standard","meta":{"_acf_changed":false,"footnotes":""},"categories":[15],"tags":[],"class_list":["post-409288","post","type-post","status-publish","format-standard","has-post-thumbnail","category-portada"],"acf":{"antetitulo":"Luego de m\u00e1s de 50 d\u00edas de conflictos"},"yoast_head":"<!-- This site is optimized with the Yoast SEO plugin v28.4 - https:\/\/yoast.com\/product\/yoast-seo-wordpress\/ -->\n<title>Cuestionan el informe de Defensor\u00eda sobre bloqueos - El Diario - Bolivia<\/title>\n<meta name=\"robots\" content=\"index, follow, max-snippet:-1, max-image-preview:large, max-video-preview:-1\" \/>\n<link rel=\"canonical\" href=\"https:\/\/www.eldiario.net\/portal\/2026\/07\/03\/cuestionan-el-informe-de-defensoria-sobre-bloqueos\/\" \/>\n<meta property=\"og:locale\" content=\"es_ES\" \/>\n<meta property=\"og:type\" content=\"article\" \/>\n<meta property=\"og:title\" content=\"Cuestionan el informe de Defensor\u00eda sobre bloqueos - El Diario - Bolivia\" \/>\n<meta property=\"og:description\" content=\"La Comisi\u00f3n de Constituci\u00f3n, Legislaci\u00f3n y Sistema Electoral de la C\u00e1mara de Diputados expres\u00f3 ayer su disconformidad con el informe oral presentado por el defensor del Pueblo, Pedro Callisaya, respecto a las acciones desarrolladas por esa instituci\u00f3n durante los conflictos sociales y bloqueos que se prolongaron por 53 d\u00edas en el pa\u00eds. La petici\u00f3n de [&hellip;]\" \/>\n<meta property=\"og:url\" content=\"https:\/\/www.eldiario.net\/portal\/2026\/07\/03\/cuestionan-el-informe-de-defensoria-sobre-bloqueos\/\" \/>\n<meta property=\"og:site_name\" content=\"El Diario - Bolivia\" \/>\n<meta property=\"article:publisher\" content=\"https:\/\/www.facebook.com\/eldiario.bolivia\/\" \/>\n<meta property=\"article:published_time\" content=\"2026-07-03T10:28:45+00:00\" \/>\n<meta property=\"og:image\" content=\"https:\/\/www.eldiario.net\/portal\/wp-content\/uploads\/2026\/07\/comision-bloqueos-Apg-10-cm-x-6.webp\" \/>\n\t<meta property=\"og:image:width\" content=\"720\" \/>\n\t<meta property=\"og:image:height\" content=\"399\" \/>\n\t<meta property=\"og:image:type\" content=\"image\/webp\" \/>\n<meta name=\"author\" content=\"Jeanette\" \/>\n<meta name=\"twitter:card\" content=\"summary_large_image\" \/>\n<meta name=\"twitter:creator\" content=\"@eldiario_net\" \/>\n<meta name=\"twitter:site\" content=\"@eldiario_net\" \/>\n<meta name=\"twitter:label1\" content=\"Escrito por\" \/>\n\t<meta name=\"twitter:data1\" content=\"Jeanette\" \/>\n\t<meta name=\"twitter:label2\" content=\"Tiempo de lectura\" \/>\n\t<meta name=\"twitter:data2\" content=\"2 minutos\" \/>\n<script type=\"application\/ld+json\" class=\"yoast-schema-graph\">{\"@context\":\"https:\\\/\\\/schema.org\",\"@graph\":[{\"@type\":\"Article\",\"@id\":\"https:\\\/\\\/www.eldiario.net\\\/portal\\\/2026\\\/07\\\/03\\\/cuestionan-el-informe-de-defensoria-sobre-bloqueos\\\/#article\",\"isPartOf\":{\"@id\":\"https:\\\/\\\/www.eldiario.net\\\/portal\\\/2026\\\/07\\\/03\\\/cuestionan-el-informe-de-defensoria-sobre-bloqueos\\\/\"},\"author\":{\"name\":\"Jeanette\",\"@id\":\"https:\\\/\\\/www.eldiario.net\\\/portal\\\/#\\\/schema\\\/person\\\/2c57cf2b7a7ae032e449e4c9b1019eac\"},\"headline\":\"Cuestionan el informe de Defensor\u00eda sobre bloqueos\",\"datePublished\":\"2026-07-03T10:28:45+00:00\",\"mainEntityOfPage\":{\"@id\":\"https:\\\/\\\/www.eldiario.net\\\/portal\\\/2026\\\/07\\\/03\\\/cuestionan-el-informe-de-defensoria-sobre-bloqueos\\\/\"},\"wordCount\":203,\"publisher\":{\"@id\":\"https:\\\/\\\/www.eldiario.net\\\/portal\\\/#organization\"},\"image\":{\"@id\":\"https:\\\/\\\/www.eldiario.net\\\/portal\\\/2026\\\/07\\\/03\\\/cuestionan-el-informe-de-defensoria-sobre-bloqueos\\\/#primaryimage\"},\"thumbnailUrl\":\"https:\\\/\\\/www.eldiario.net\\\/portal\\\/wp-content\\\/uploads\\\/2026\\\/07\\\/comision-bloqueos-Apg-10-cm-x-6.webp\",\"articleSection\":[\"Portada\"],\"inLanguage\":\"es\"},{\"@type\":\"WebPage\",\"@id\":\"https:\\\/\\\/www.eldiario.net\\\/portal\\\/2026\\\/07\\\/03\\\/cuestionan-el-informe-de-defensoria-sobre-bloqueos\\\/\",\"url\":\"https:\\\/\\\/www.eldiario.net\\\/portal\\\/2026\\\/07\\\/03\\\/cuestionan-el-informe-de-defensoria-sobre-bloqueos\\\/\",\"name\":\"Cuestionan el informe de Defensor\u00eda sobre bloqueos - El Diario - Bolivia\",\"isPartOf\":{\"@id\":\"https:\\\/\\\/www.eldiario.net\\\/portal\\\/#website\"},\"primaryImageOfPage\":{\"@id\":\"https:\\\/\\\/www.eldiario.net\\\/portal\\\/2026\\\/07\\\/03\\\/cuestionan-el-informe-de-defensoria-sobre-bloqueos\\\/#primaryimage\"},\"image\":{\"@id\":\"https:\\\/\\\/www.eldiario.net\\\/portal\\\/2026\\\/07\\\/03\\\/cuestionan-el-informe-de-defensoria-sobre-bloqueos\\\/#primaryimage\"},\"thumbnailUrl\":\"https:\\\/\\\/www.eldiario.net\\\/portal\\\/wp-content\\\/uploads\\\/2026\\\/07\\\/comision-bloqueos-Apg-10-cm-x-6.webp\",\"datePublished\":\"2026-07-03T10:28:45+00:00\",\"breadcrumb\":{\"@id\":\"https:\\\/\\\/www.eldiario.net\\\/portal\\\/2026\\\/07\\\/03\\\/cuestionan-el-informe-de-defensoria-sobre-bloqueos\\\/#breadcrumb\"},\"inLanguage\":\"es\",\"potentialAction\":[{\"@type\":\"ReadAction\",\"target\":[\"https:\\\/\\\/www.eldiario.net\\\/portal\\\/2026\\\/07\\\/03\\\/cuestionan-el-informe-de-defensoria-sobre-bloqueos\\\/\"]}]},{\"@type\":\"ImageObject\",\"inLanguage\":\"es\",\"@id\":\"https:\\\/\\\/www.eldiario.net\\\/portal\\\/2026\\\/07\\\/03\\\/cuestionan-el-informe-de-defensoria-sobre-bloqueos\\\/#primaryimage\",\"url\":\"https:\\\/\\\/www.eldiario.net\\\/portal\\\/wp-content\\\/uploads\\\/2026\\\/07\\\/comision-bloqueos-Apg-10-cm-x-6.webp\",\"contentUrl\":\"https:\\\/\\\/www.eldiario.net\\\/portal\\\/wp-content\\\/uploads\\\/2026\\\/07\\\/comision-bloqueos-Apg-10-cm-x-6.webp\",\"width\":720,\"height\":399,\"caption\":\"El Defensor del Pueblo, Pedro Callisaya, brinda informe en la Comisi\u00f3n de Constituci\u00f3n.\"},{\"@type\":\"BreadcrumbList\",\"@id\":\"https:\\\/\\\/www.eldiario.net\\\/portal\\\/2026\\\/07\\\/03\\\/cuestionan-el-informe-de-defensoria-sobre-bloqueos\\\/#breadcrumb\",\"itemListElement\":[{\"@type\":\"ListItem\",\"position\":1,\"name\":\"Portada\",\"item\":\"https:\\\/\\\/www.eldiario.net\\\/portal\\\/\"},{\"@type\":\"ListItem\",\"position\":2,\"name\":\"Cuestionan el informe de Defensor\u00eda sobre bloqueos\"}]},{\"@type\":\"WebSite\",\"@id\":\"https:\\\/\\\/www.eldiario.net\\\/portal\\\/#website\",\"url\":\"https:\\\/\\\/www.eldiario.net\\\/portal\\\/\",\"name\":\"El Diario - Decano de la prensa nacional\",\"description\":\"El Diario - Decano de la prensa nacional\",\"publisher\":{\"@id\":\"https:\\\/\\\/www.eldiario.net\\\/portal\\\/#organization\"},\"potentialAction\":[{\"@type\":\"SearchAction\",\"target\":{\"@type\":\"EntryPoint\",\"urlTemplate\":\"https:\\\/\\\/www.eldiario.net\\\/portal\\\/?s={search_term_string}\"},\"query-input\":{\"@type\":\"PropertyValueSpecification\",\"valueRequired\":true,\"valueName\":\"search_term_string\"}}],\"inLanguage\":\"es\"},{\"@type\":\"Organization\",\"@id\":\"https:\\\/\\\/www.eldiario.net\\\/portal\\\/#organization\",\"name\":\"El Diario - Decano de la prensa nacional\",\"url\":\"https:\\\/\\\/www.eldiario.net\\\/portal\\\/\",\"logo\":{\"@type\":\"ImageObject\",\"inLanguage\":\"es\",\"@id\":\"https:\\\/\\\/www.eldiario.net\\\/portal\\\/#\\\/schema\\\/logo\\\/image\\\/\",\"url\":\"https:\\\/\\\/www.eldiario.net\\\/portal\\\/wp-content\\\/uploads\\\/2023\\\/07\\\/logo_ED.jpg\",\"contentUrl\":\"https:\\\/\\\/www.eldiario.net\\\/portal\\\/wp-content\\\/uploads\\\/2023\\\/07\\\/logo_ED.jpg\",\"width\":272,\"height\":52,\"caption\":\"El Diario - Decano de la prensa nacional\"},\"image\":{\"@id\":\"https:\\\/\\\/www.eldiario.net\\\/portal\\\/#\\\/schema\\\/logo\\\/image\\\/\"},\"sameAs\":[\"https:\\\/\\\/www.facebook.com\\\/eldiario.bolivia\\\/\",\"https:\\\/\\\/x.com\\\/eldiario_net\"]},{\"@type\":\"Person\",\"@id\":\"https:\\\/\\\/www.eldiario.net\\\/portal\\\/#\\\/schema\\\/person\\\/2c57cf2b7a7ae032e449e4c9b1019eac\",\"name\":\"Jeanette\",\"image\":{\"@type\":\"ImageObject\",\"inLanguage\":\"es\",\"@id\":\"https:\\\/\\\/secure.gravatar.com\\\/avatar\\\/3ea2118a5f7dad2b7138b1187a6b7ee55f160b9968b66013c3a3ef39dd7e5798?s=96&d=mm&r=g\",\"url\":\"https:\\\/\\\/secure.gravatar.com\\\/avatar\\\/3ea2118a5f7dad2b7138b1187a6b7ee55f160b9968b66013c3a3ef39dd7e5798?s=96&d=mm&r=g\",\"contentUrl\":\"https:\\\/\\\/secure.gravatar.com\\\/avatar\\\/3ea2118a5f7dad2b7138b1187a6b7ee55f160b9968b66013c3a3ef39dd7e5798?s=96&d=mm&r=g\",\"caption\":\"Jeanette\"},\"sameAs\":[\"https:\\\/\\\/www.eldiario.net\\\/portal\"],\"url\":\"https:\\\/\\\/www.eldiario.net\\\/portal\\\/author\\\/jeanette\\\/\"}]}<\/script>\n<!-- \/ Yoast SEO plugin. -->","yoast_head_json":{"title":"Cuestionan el informe de Defensor\u00eda sobre bloqueos - El Diario - Bolivia","robots":{"index":"index","follow":"follow","max-snippet":"max-snippet:-1","max-image-preview":"max-image-preview:large","max-video-preview":"max-video-preview:-1"},"canonical":"https:\/\/www.eldiario.net\/portal\/2026\/07\/03\/cuestionan-el-informe-de-defensoria-sobre-bloqueos\/","og_locale":"es_ES","og_type":"article","og_title":"Cuestionan el informe de Defensor\u00eda sobre bloqueos - El Diario - Bolivia","og_description":"La Comisi\u00f3n de Constituci\u00f3n, Legislaci\u00f3n y Sistema Electoral de la C\u00e1mara de Diputados expres\u00f3 ayer su disconformidad con el informe oral presentado por el defensor del Pueblo, Pedro Callisaya, respecto a las acciones desarrolladas por esa instituci\u00f3n durante los conflictos sociales y bloqueos que se prolongaron por 53 d\u00edas en el pa\u00eds. La petici\u00f3n de [&hellip;]","og_url":"https:\/\/www.eldiario.net\/portal\/2026\/07\/03\/cuestionan-el-informe-de-defensoria-sobre-bloqueos\/","og_site_name":"El Diario - Bolivia","article_publisher":"https:\/\/www.facebook.com\/eldiario.bolivia\/","article_published_time":"2026-07-03T10:28:45+00:00","og_image":[{"width":720,"height":399,"url":"https:\/\/www.eldiario.net\/portal\/wp-content\/uploads\/2026\/07\/comision-bloqueos-Apg-10-cm-x-6.webp","type":"image\/webp"}],"author":"Jeanette","twitter_card":"summary_large_image","twitter_creator":"@eldiario_net","twitter_site":"@eldiario_net","twitter_misc":{"Escrito por":"Jeanette","Tiempo de lectura":"2 minutos"},"schema":{"@context":"https:\/\/schema.org","@graph":[{"@type":"Article","@id":"https:\/\/www.eldiario.net\/portal\/2026\/07\/03\/cuestionan-el-informe-de-defensoria-sobre-bloqueos\/#article","isPartOf":{"@id":"https:\/\/www.eldiario.net\/portal\/2026\/07\/03\/cuestionan-el-informe-de-defensoria-sobre-bloqueos\/"},"author":{"name":"Jeanette","@id":"https:\/\/www.eldiario.net\/portal\/#\/schema\/person\/2c57cf2b7a7ae032e449e4c9b1019eac"},"headline":"Cuestionan el informe de Defensor\u00eda sobre bloqueos","datePublished":"2026-07-03T10:28:45+00:00","mainEntityOfPage":{"@id":"https:\/\/www.eldiario.net\/portal\/2026\/07\/03\/cuestionan-el-informe-de-defensoria-sobre-bloqueos\/"},"wordCount":203,"publisher":{"@id":"https:\/\/www.eldiario.net\/portal\/#organization"},"image":{"@id":"https:\/\/www.eldiario.net\/portal\/2026\/07\/03\/cuestionan-el-informe-de-defensoria-sobre-bloqueos\/#primaryimage"},"thumbnailUrl":"https:\/\/www.eldiario.net\/portal\/wp-content\/uploads\/2026\/07\/comision-bloqueos-Apg-10-cm-x-6.webp","articleSection":["Portada"],"inLanguage":"es"},{"@type":"WebPage","@id":"https:\/\/www.eldiario.net\/portal\/2026\/07\/03\/cuestionan-el-informe-de-defensoria-sobre-bloqueos\/","url":"https:\/\/www.eldiario.net\/portal\/2026\/07\/03\/cuestionan-el-informe-de-defensoria-sobre-bloqueos\/","name":"Cuestionan el informe de Defensor\u00eda sobre bloqueos - El Diario - Bolivia","isPartOf":{"@id":"https:\/\/www.eldiario.net\/portal\/#website"},"primaryImageOfPage":{"@id":"https:\/\/www.eldiario.net\/portal\/2026\/07\/03\/cuestionan-el-informe-de-defensoria-sobre-bloqueos\/#primaryimage"},"image":{"@id":"https:\/\/www.eldiario.net\/portal\/2026\/07\/03\/cuestionan-el-informe-de-defensoria-sobre-bloqueos\/#primaryimage"},"thumbnailUrl":"https:\/\/www.eldiario.net\/portal\/wp-content\/uploads\/2026\/07\/comision-bloqueos-Apg-10-cm-x-6.webp","datePublished":"2026-07-03T10:28:45+00:00","breadcrumb":{"@id":"https:\/\/www.eldiario.net\/portal\/2026\/07\/03\/cuestionan-el-informe-de-defensoria-sobre-bloqueos\/#breadcrumb"},"inLanguage":"es","potentialAction":[{"@type":"ReadAction","target":["https:\/\/www.eldiario.net\/portal\/2026\/07\/03\/cuestionan-el-informe-de-defensoria-sobre-bloqueos\/"]}]},{"@type":"ImageObject","inLanguage":"es","@id":"https:\/\/www.eldiario.net\/portal\/2026\/07\/03\/cuestionan-el-informe-de-defensoria-sobre-bloqueos\/#primaryimage","url":"https:\/\/www.eldiario.net\/portal\/wp-content\/uploads\/2026\/07\/comision-bloqueos-Apg-10-cm-x-6.webp","contentUrl":"https:\/\/www.eldiario.net\/portal\/wp-content\/uploads\/2026\/07\/comision-bloqueos-Apg-10-cm-x-6.webp","width":720,"height":399,"caption":"El Defensor del Pueblo, Pedro Callisaya, brinda informe en la Comisi\u00f3n de Constituci\u00f3n."},{"@type":"BreadcrumbList","@id":"https:\/\/www.eldiario.net\/portal\/2026\/07\/03\/cuestionan-el-informe-de-defensoria-sobre-bloqueos\/#breadcrumb","itemListElement":[{"@type":"ListItem","position":1,"name":"Portada","item":"https:\/\/www.eldiario.net\/portal\/"},{"@type":"ListItem","position":2,"name":"Cuestionan el informe de Defensor\u00eda sobre bloqueos"}]},{"@type":"WebSite","@id":"https:\/\/www.eldiario.net\/portal\/#website","url":"https:\/\/www.eldiario.net\/portal\/","name":"El Diario - Decano de la prensa nacional","description":"El Diario - Decano de la prensa nacional","publisher":{"@id":"https:\/\/www.eldiario.net\/portal\/#organization"},"potentialAction":[{"@type":"SearchAction","target":{"@type":"EntryPoint","urlTemplate":"https:\/\/www.eldiario.net\/portal\/?s={search_term_string}"},"query-input":{"@type":"PropertyValueSpecification","valueRequired":true,"valueName":"search_term_string"}}],"inLanguage":"es"},{"@type":"Organization","@id":"https:\/\/www.eldiario.net\/portal\/#organization","name":"El Diario - Decano de la prensa nacional","url":"https:\/\/www.eldiario.net\/portal\/","logo":{"@type":"ImageObject","inLanguage":"es","@id":"https:\/\/www.eldiario.net\/portal\/#\/schema\/logo\/image\/","url":"https:\/\/www.eldiario.net\/portal\/wp-content\/uploads\/2023\/07\/logo_ED.jpg","contentUrl":"https:\/\/www.eldiario.net\/portal\/wp-content\/uploads\/2023\/07\/logo_ED.jpg","width":272,"height":52,"caption":"El Diario - Decano de la prensa nacional"},"image":{"@id":"https:\/\/www.eldiario.net\/portal\/#\/schema\/logo\/image\/"},"sameAs":["https:\/\/www.facebook.com\/eldiario.bolivia\/","https:\/\/x.com\/eldiario_net"]},{"@type":"Person","@id":"https:\/\/www.eldiario.net\/portal\/#\/schema\/person\/2c57cf2b7a7ae032e449e4c9b1019eac","name":"Jeanette","image":{"@type":"ImageObject","inLanguage":"es","@id":"https:\/\/secure.gravatar.com\/avatar\/3ea2118a5f7dad2b7138b1187a6b7ee55f160b9968b66013c3a3ef39dd7e5798?s=96&d=mm&r=g","url":"https:\/\/secure.gravatar.com\/avatar\/3ea2118a5f7dad2b7138b1187a6b7ee55f160b9968b66013c3a3ef39dd7e5798?s=96&d=mm&r=g","contentUrl":"https:\/\/secure.gravatar.com\/avatar\/3ea2118a5f7dad2b7138b1187a6b7ee55f160b9968b66013c3a3ef39dd7e5798?s=96&d=mm&r=g","caption":"Jeanette"},"sameAs":["https:\/\/www.eldiario.net\/portal"],"url":"https:\/\/www.eldiario.net\/portal\/author\/jeanette\/"}]}},"_links":{"self":[{"href":"https:\/\/www.eldiario.net\/portal\/wp-json\/wp\/v2\/posts\/409288","targetHints":{"allow":["GET"]}}],"collection":[{"href":"https:\/\/www.eldiario.net\/portal\/wp-json\/wp\/v2\/posts"}],"about":[{"href":"https:\/\/www.eldiario.net\/portal\/wp-json\/wp\/v2\/types\/post"}],"author":[{"embeddable":true,"href":"https:\/\/www.eldiario.net\/portal\/wp-json\/wp\/v2\/users\/1"}],"replies":[{"embeddable":true,"href":"https:\/\/www.eldiario.net\/portal\/wp-json\/wp\/v2\/comments?post=409288"}],"version-history":[{"count":1,"href":"https:\/\/www.eldiario.net\/portal\/wp-json\/wp\/v2\/posts\/409288\/revisions"}],"predecessor-version":[{"id":409290,"href":"https:\/\/www.eldiario.net\/portal\/wp-json\/wp\/v2\/posts\/409288\/revisions\/409290"}],"wp:featuredmedia":[{"embeddable":true,"href":"https:\/\/www.eldiario.net\/portal\/wp-json\/wp\/v2\/media\/409289"}],"wp:attachment":[{"href":"https:\/\/www.eldiario.net\/portal\/wp-json\/wp\/v2\/media?parent=409288"}],"wp:term":[{"taxonomy":"category","embeddable":true,"href":"https:\/\/www.eldiario.net\/portal\/wp-json\/wp\/v2\/categories?post=409288"},{"taxonomy":"post_tag","embeddable":true,"href":"https:\/\/www.eldiario.net\/portal\/wp-json\/wp\/v2\/tags?post=409288"}],"curies":[{"name":"wp","href":"https:\/\/api.w.org\/{rel}","templated":true}]}}