{"id":409278,"date":"2026-07-03T00:52:13","date_gmt":"2026-07-03T04:52:13","guid":{"rendered":"https:\/\/www.eldiario.net\/portal\/?p=409278"},"modified":"2026-07-02T22:53:20","modified_gmt":"2026-07-03T02:53:20","slug":"exposicion-a-dispositivos-digitales-educacion-o-simple-sobreexposicion-8","status":"publish","type":"post","link":"https:\/\/www.eldiario.net\/portal\/2026\/07\/03\/exposicion-a-dispositivos-digitales-educacion-o-simple-sobreexposicion-8\/","title":{"rendered":"Exposici\u00f3n a dispositivos digitales Educaci\u00f3n o simple sobreexposici\u00f3n"},"content":{"rendered":"<p><strong>Por. Lic. H\u00e9ctor Molina<\/strong><\/p>\n<p>&nbsp;<\/p>\n<p><strong>Recordemos que\u2026<\/strong><\/p>\n<p>&nbsp;<\/p>\n<p>La comprensi\u00f3n del cerebro humano en la era contempor\u00e1nea exige un an\u00e1lisis profundo de c\u00f3mo los entornos artificiales modifican la arquitectura neuronal. La exposici\u00f3n a dispositivos digitales se define como el proceso de interacci\u00f3n sensorial, cognitiva y motriz entre un individuo y una interfaz electr\u00f3nica (smartphones, tablets, computadoras o consolas). Desde la biolog\u00eda celular y las neurociencias, esta interacci\u00f3n no es un acto pasivo; es un bombardeo de est\u00edmulos que activa circuitos espec\u00edficos y puede reconfigurar la sinapsis mediante la neuroplasticidad.<\/p>\n<p>&nbsp;<\/p>\n<p>La exposici\u00f3n a entornos digitales se ha convertido en un eje central de la vida de los adolescentes, influyendo de manera directa en su desarrollo cognitivo, emocional y social. Desde la perspectiva de las neurociencias y la psicolog\u00eda educativa, este fen\u00f3meno presenta una dualidad compleja que impacta la plasticidad cerebral, es decir, la capacidad del cerebro para adaptarse y reorganizarse seg\u00fan las experiencias vividas.<\/p>\n<p>&nbsp;<\/p>\n<p><strong>Alternativas para evitar la exposici\u00f3n digital y aun as\u00ed aprender<\/strong><\/p>\n<p>&nbsp;<\/p>\n<p>Cuando se analiza la relaci\u00f3n entre el aprendizaje y la tecnolog\u00eda, la neurociencia y la psicolog\u00eda del desarrollo humano demuestran que el cerebro no requiere obligatoriamente de una pantalla para generar plasticidad sin\u00e1ptica o consolidar conocimientos profundos. De hecho, la sobreexposici\u00f3n digital actual suele saturar los canales atencionales, limitando las funciones ejecutivas de la corteza prefrontal.<\/p>\n<p>&nbsp;<\/p>\n<p>A continuaci\u00f3n, se presentan alternativas cient\u00edficas y metodol\u00f3gicas para optimizar el aprendizaje, potenciando las capacidades cognitivas al margen del entorno virtual.<\/p>\n<p>&nbsp;<\/p>\n<ol>\n<li><strong> El m\u00e9todo de Loci y la neurobiolog\u00eda de la memoria espacial<\/strong><\/li>\n<\/ol>\n<p>&nbsp;<\/p>\n<p>Una de las alternativas m\u00e1s potentes a la memorizaci\u00f3n digital es el uso de t\u00e9cnicas mnemot\u00e9cnicas anal\u00f3gicas, espec\u00edficamente el m\u00e9todo de Loci o \u201cpalacio de la memoria\u201d. Esta t\u00e9cnica consiste en asociar conceptos abstractos con lugares f\u00edsicos reales y familiares (como las habitaciones de una casa o el trayecto hacia el centro de estudio).<\/p>\n<p>&nbsp;<\/p>\n<p>Desde la perspectiva neurocient\u00edfica, el cerebro humano evolucion\u00f3 para recordar espacios, rutas y amenazas, no pantallas planas. Al utilizar el m\u00e9todo de Loci, se reclutan estructuras del hipocampo encargadas de la memoria espacial y la navegaci\u00f3n. Al vincular los datos con una ruta f\u00edsica, el almacenamiento de la informaci\u00f3n a largo plazo es significativamente m\u00e1s eficiente que el simple acto de releer apuntes en un dispositivo electr\u00f3nico.<\/p>\n<p>&nbsp;<\/p>\n<ol start=\"2\">\n<li><strong> El juego de roles y la simulaci\u00f3n social formativa<\/strong><\/li>\n<\/ol>\n<p>&nbsp;<\/p>\n<p>La interacci\u00f3n humana directa y el juego de roles estructurado constituyen una herramienta pedag\u00f3gica insustituible para el desarrollo cognitivo y social. Esta alternativa implica recrear debates, juicios simulados, representaciones hist\u00f3ricas o situaciones de resoluci\u00f3n de conflictos en un entorno presencial.<\/p>\n<p>&nbsp;<\/p>\n<p>La psicolog\u00eda social y del desarrollo resalta que el aprendizaje es intr\u00ednsecamente social. Cuando las personas interact\u00faan cara a cara, se activan las neuronas espejo y se estimula la teor\u00eda de la mente (la capacidad de atribuir pensamientos e intenciones a los dem\u00e1s). El juego de roles no solo fija el conocimiento acad\u00e9mico, sino que entrena la empat\u00eda, la oratoria y la modulaci\u00f3n de las funciones ejecutivas, elementos que la exposici\u00f3n digital pasiva tiende a adormecer.<\/p>\n<p>&nbsp;<\/p>\n<ol start=\"3\">\n<li><strong> La manipulaci\u00f3n de objetos y el aprendizaje kinest\u00e9sico-concreto<\/strong><\/li>\n<\/ol>\n<p>&nbsp;<\/p>\n<p>El uso de materiales tangibles, como el dise\u00f1o de juegos de mesa educativos, maquetas, modelos tridimensionales o el uso de marionetas y objetos anat\u00f3micos, ofrece una experiencia de aprendizaje que las pantallas no pueden replicar.<\/p>\n<p>&nbsp;<\/p>\n<p>La psicolog\u00eda cognitiva se\u00f1ala que los conceptos abstractos se asimilan con mayor firmeza cuando se experimentan a trav\u00e9s de los sentidos corporales (cognici\u00f3n corporizada). Manipular objetos reales activa el c\u00f3rtex somatosensorial y el c\u00f3rtex motor, creando m\u00faltiples v\u00edas de recuperaci\u00f3n de la informaci\u00f3n en el cerebro. Dise\u00f1ar y construir un juego de mesa para explicar un fen\u00f3meno cient\u00edfico, por ejemplo, obliga al cerebro a sintetizar, categorizar y aplicar la informaci\u00f3n de manera tridimensional y t\u00e1ctil.<\/p>\n<p>&nbsp;<\/p>\n<ol start=\"4\">\n<li><strong> La lectura en formato f\u00edsico y la atenci\u00f3n sostenida<\/strong><\/li>\n<\/ol>\n<p>&nbsp;<\/p>\n<p>Sustituir las lecturas digitales por textos impresos sigue siendo una de las decisiones m\u00e1s respaldadas por la neurociencia del lenguaje. La lectura en papel promueve la navegaci\u00f3n textual anal\u00f3gica, permitiendo al lector ubicar espacialmente los datos dentro del volumen f\u00edsico del libro.<\/p>\n<p>&nbsp;<\/p>\n<p>Los entornos digitales fomentan la lectura en \u201cF\u201d o el escaneo r\u00e1pido superficial, lo que entrena al cerebro para la distracci\u00f3n constante debido al dise\u00f1o de hiperv\u00ednculos y notificaciones. Por el contrario, la lectura en formato f\u00edsico reduce la fatiga visual y minimiza la carga cognitiva, facilitando que el cerebro alcance el estado de \u201cflujo\u201d, esencial para la comprensi\u00f3n lectora profunda, la inferencia y el pensamiento cr\u00edtico de nivel superior.<\/p>\n<p>&nbsp;<\/p>\n<ol start=\"5\">\n<li><strong> El aprendizaje por proyectos comunitarios y de campo<\/strong><\/li>\n<\/ol>\n<p>&nbsp;<\/p>\n<p>La investigaci\u00f3n de campo y los proyectos aplicados a la comunidad representan la transici\u00f3n del conocimiento te\u00f3rico a la experiencia viva. Esto incluye la recolecci\u00f3n de datos mediante entrevistas presenciales, observaciones ecol\u00f3gicas o la resoluci\u00f3n de problemas reales en el entorno inmediato.<\/p>\n<p>&nbsp;<\/p>\n<p>Esta alternativa reduce la dependencia de los algoritmos de b\u00fasqueda y estimula el l\u00f3bulo frontal a trav\u00e9s de la planificaci\u00f3n, la toma de decisiones y la adaptabilidad. El cerebro aprende de forma \u00f3ptima cuando encuentra un prop\u00f3sito y una utilidad real a la informaci\u00f3n. Al enfrentarse a entornos din\u00e1micos no controlados por una pantalla, el estudiante desarrolla una flexibilidad cognitiva superior y una mayor tolerancia a la frustraci\u00f3n.<\/p>\n<p>&nbsp;<\/p>\n<p>Implementar estas v\u00edas anal\u00f3gicas demuestra que el conocimiento de alto nivel y la estimulaci\u00f3n cerebral \u00f3ptima dependen de la profundidad del procesamiento cognitivo, y no de la conectividad digital del entorno.<\/p>\n\r\n                <style type=\"text\/css\">\r\n                    \r\n                    #tdi_1  .td-doubleSlider-2 .td-item1 {\r\n                        background: url(https:\/\/www.eldiario.net\/portal\/wp-content\/uploads\/2026\/07\/Socio-Aprendizaje-por-proyectos-comunitarios-80x60.webp) 0 0 no-repeat;\r\n                    }\r\n                    #tdi_1  .td-doubleSlider-2 .td-item2 {\r\n                        background: url(https:\/\/www.eldiario.net\/portal\/wp-content\/uploads\/2026\/07\/Socio-Aprendizaje-kinestesico-concreto-80x60.webp) 0 0 no-repeat;\r\n                    }\r\n                <\/style>\r\n\r\n                <div id=\"tdi_1\" class=\"td-gallery td-slide-on-2-columns\">\r\n                    <div class=\"post_td_gallery\">\r\n                        <div class=\"td-gallery-slide-top\">\r\n                           <div class=\"td-gallery-title\"><\/div>\r\n\r\n                            <div class=\"td-gallery-controls-wrapper\">\r\n                                <div class=\"td-gallery-slide-count\"><span class=\"td-gallery-slide-item-focus\">1<\/span> de 2<\/div>\r\n                                <div class=\"td-gallery-slide-prev-next-but\">\r\n                                    <i class = \"td-icon-left doubleSliderPrevButton\"><\/i>\r\n                                    <i class = \"td-icon-right doubleSliderNextButton\"><\/i>\r\n                                <\/div>\r\n                            <\/div>\r\n                        <\/div>\r\n\r\n                        <div class = \"td-doubleSlider-1 \">\r\n                            <div class = \"td-slider\">\r\n                                \r\n                    <div class = \"td-slide-item td-item1\">\r\n                        <figure class=\"td-slide-galery-figure td-slide-popup-gallery\">\r\n                            <a class=\"slide-gallery-image-link\" href=\"https:\/\/www.eldiario.net\/portal\/wp-content\/uploads\/2026\/07\/Socio-Aprendizaje-por-proyectos-comunitarios.webp\" title=\"Socio - Aprendizaje por proyectos comunitarios\"  data-caption=\"\"  data-description=\"\">\r\n                                <img decoding=\"async\" src=\"https:\/\/www.eldiario.net\/portal\/wp-content\/uploads\/2026\/07\/Socio-Aprendizaje-por-proyectos-comunitarios-635x420.webp\" srcset=\"https:\/\/www.eldiario.net\/portal\/wp-content\/uploads\/2026\/07\/Socio-Aprendizaje-por-proyectos-comunitarios-635x420.webp 635w, https:\/\/www.eldiario.net\/portal\/wp-content\/uploads\/2026\/07\/Socio-Aprendizaje-por-proyectos-comunitarios-300x199.webp 300w, https:\/\/www.eldiario.net\/portal\/wp-content\/uploads\/2026\/07\/Socio-Aprendizaje-por-proyectos-comunitarios-768x508.webp 768w, https:\/\/www.eldiario.net\/portal\/wp-content\/uploads\/2026\/07\/Socio-Aprendizaje-por-proyectos-comunitarios-150x99.webp 150w, https:\/\/www.eldiario.net\/portal\/wp-content\/uploads\/2026\/07\/Socio-Aprendizaje-por-proyectos-comunitarios-696x461.webp 696w, https:\/\/www.eldiario.net\/portal\/wp-content\/uploads\/2026\/07\/Socio-Aprendizaje-por-proyectos-comunitarios.webp 878w\" sizes=\"(max-width: 635px) 100vw, 635px\" alt=\"\">\r\n                            <\/a>\r\n                            \r\n                        <\/figure>\r\n                    <\/div>\r\n                    <div class = \"td-slide-item td-item2\">\r\n                        <figure class=\"td-slide-galery-figure td-slide-popup-gallery\">\r\n                            <a class=\"slide-gallery-image-link\" href=\"https:\/\/www.eldiario.net\/portal\/wp-content\/uploads\/2026\/07\/Socio-Aprendizaje-kinestesico-concreto.webp\" title=\"Socio - Aprendizaje kinest\u00e9sico-concreto\"  data-caption=\"\"  data-description=\"\">\r\n                                <img decoding=\"async\" src=\"https:\/\/www.eldiario.net\/portal\/wp-content\/uploads\/2026\/07\/Socio-Aprendizaje-kinestesico-concreto.webp\" srcset=\"https:\/\/www.eldiario.net\/portal\/wp-content\/uploads\/2026\/07\/Socio-Aprendizaje-kinestesico-concreto.webp 450w, https:\/\/www.eldiario.net\/portal\/wp-content\/uploads\/2026\/07\/Socio-Aprendizaje-kinestesico-concreto-300x230.webp 300w, https:\/\/www.eldiario.net\/portal\/wp-content\/uploads\/2026\/07\/Socio-Aprendizaje-kinestesico-concreto-80x60.webp 80w, https:\/\/www.eldiario.net\/portal\/wp-content\/uploads\/2026\/07\/Socio-Aprendizaje-kinestesico-concreto-150x115.webp 150w\" sizes=\"(max-width: 450px) 100vw, 450px\" alt=\"\">\r\n                            <\/a>\r\n                            \r\n                        <\/figure>\r\n                    <\/div>\r\n                            <\/div>\r\n                        <\/div>\r\n\r\n                        <div class = \"td-doubleSlider-2\">\r\n                            <div class = \"td-slider\">\r\n                                \r\n                    <div class = \"td-button td-item1\">\r\n                        <div class = \"td-border\"><\/div>\r\n                    <\/div>\r\n                    <div class = \"td-button td-item2\">\r\n                        <div class = \"td-border\"><\/div>\r\n                    <\/div>\r\n                            <\/div>\r\n                        <\/div>\r\n\r\n                    <\/div>\r\n\r\n                <\/div>\r\n                \n","protected":false},"excerpt":{"rendered":"<p>Por. Lic. H\u00e9ctor Molina &nbsp; Recordemos que\u2026 &nbsp; La comprensi\u00f3n del cerebro humano en la era contempor\u00e1nea exige un an\u00e1lisis profundo de c\u00f3mo los entornos artificiales modifican la arquitectura neuronal. La exposici\u00f3n a dispositivos digitales se define como el proceso de interacci\u00f3n sensorial, cognitiva y motriz entre un individuo y una interfaz electr\u00f3nica (smartphones, tablets, [&hellip;]<\/p>\n","protected":false},"author":1,"featured_media":409279,"comment_status":"closed","ping_status":"open","sticky":false,"template":"","format":"standard","meta":{"_acf_changed":false,"footnotes":""},"categories":[43],"tags":[],"class_list":["post-409278","post","type-post","status-publish","format-standard","has-post-thumbnail","category-nuevos-horizontes"],"acf":{"antetitulo":""},"yoast_head":"<!-- This site is optimized with the Yoast SEO plugin v28.4 - https:\/\/yoast.com\/product\/yoast-seo-wordpress\/ -->\n<title>Exposici\u00f3n a dispositivos digitales Educaci\u00f3n o simple sobreexposici\u00f3n - El Diario - Bolivia<\/title>\n<meta name=\"robots\" content=\"index, follow, max-snippet:-1, max-image-preview:large, max-video-preview:-1\" \/>\n<link rel=\"canonical\" href=\"https:\/\/www.eldiario.net\/portal\/2026\/07\/03\/exposicion-a-dispositivos-digitales-educacion-o-simple-sobreexposicion-8\/\" \/>\n<meta property=\"og:locale\" content=\"es_ES\" \/>\n<meta property=\"og:type\" content=\"article\" \/>\n<meta property=\"og:title\" content=\"Exposici\u00f3n a dispositivos digitales Educaci\u00f3n o simple sobreexposici\u00f3n - El Diario - Bolivia\" \/>\n<meta property=\"og:description\" content=\"Por. Lic. H\u00e9ctor Molina &nbsp; Recordemos que\u2026 &nbsp; La comprensi\u00f3n del cerebro humano en la era contempor\u00e1nea exige un an\u00e1lisis profundo de c\u00f3mo los entornos artificiales modifican la arquitectura neuronal. La exposici\u00f3n a dispositivos digitales se define como el proceso de interacci\u00f3n sensorial, cognitiva y motriz entre un individuo y una interfaz electr\u00f3nica (smartphones, tablets, [&hellip;]\" \/>\n<meta property=\"og:url\" content=\"https:\/\/www.eldiario.net\/portal\/2026\/07\/03\/exposicion-a-dispositivos-digitales-educacion-o-simple-sobreexposicion-8\/\" \/>\n<meta property=\"og:site_name\" content=\"El Diario - Bolivia\" \/>\n<meta property=\"article:publisher\" content=\"https:\/\/www.facebook.com\/eldiario.bolivia\/\" \/>\n<meta property=\"article:published_time\" content=\"2026-07-03T04:52:13+00:00\" \/>\n<meta property=\"og:image\" content=\"https:\/\/www.eldiario.net\/portal\/wp-content\/uploads\/2026\/07\/Socio-Aprendizaje-por-proyectos-comunitarios.webp\" \/>\n\t<meta property=\"og:image:width\" content=\"878\" \/>\n\t<meta property=\"og:image:height\" content=\"581\" \/>\n\t<meta property=\"og:image:type\" content=\"image\/webp\" \/>\n<meta name=\"author\" content=\"Jeanette\" \/>\n<meta name=\"twitter:card\" content=\"summary_large_image\" \/>\n<meta name=\"twitter:creator\" content=\"@eldiario_net\" \/>\n<meta name=\"twitter:site\" content=\"@eldiario_net\" \/>\n<meta name=\"twitter:label1\" content=\"Escrito por\" \/>\n\t<meta name=\"twitter:data1\" content=\"Jeanette\" \/>\n\t<meta name=\"twitter:label2\" content=\"Tiempo de lectura\" \/>\n\t<meta name=\"twitter:data2\" content=\"5 minutos\" \/>\n<script type=\"application\/ld+json\" class=\"yoast-schema-graph\">{\"@context\":\"https:\\\/\\\/schema.org\",\"@graph\":[{\"@type\":\"Article\",\"@id\":\"https:\\\/\\\/www.eldiario.net\\\/portal\\\/2026\\\/07\\\/03\\\/exposicion-a-dispositivos-digitales-educacion-o-simple-sobreexposicion-8\\\/#article\",\"isPartOf\":{\"@id\":\"https:\\\/\\\/www.eldiario.net\\\/portal\\\/2026\\\/07\\\/03\\\/exposicion-a-dispositivos-digitales-educacion-o-simple-sobreexposicion-8\\\/\"},\"author\":{\"name\":\"Jeanette\",\"@id\":\"https:\\\/\\\/www.eldiario.net\\\/portal\\\/#\\\/schema\\\/person\\\/2c57cf2b7a7ae032e449e4c9b1019eac\"},\"headline\":\"Exposici\u00f3n a dispositivos digitales Educaci\u00f3n o simple sobreexposici\u00f3n\",\"datePublished\":\"2026-07-03T04:52:13+00:00\",\"mainEntityOfPage\":{\"@id\":\"https:\\\/\\\/www.eldiario.net\\\/portal\\\/2026\\\/07\\\/03\\\/exposicion-a-dispositivos-digitales-educacion-o-simple-sobreexposicion-8\\\/\"},\"wordCount\":1031,\"publisher\":{\"@id\":\"https:\\\/\\\/www.eldiario.net\\\/portal\\\/#organization\"},\"image\":{\"@id\":\"https:\\\/\\\/www.eldiario.net\\\/portal\\\/2026\\\/07\\\/03\\\/exposicion-a-dispositivos-digitales-educacion-o-simple-sobreexposicion-8\\\/#primaryimage\"},\"thumbnailUrl\":\"https:\\\/\\\/www.eldiario.net\\\/portal\\\/wp-content\\\/uploads\\\/2026\\\/07\\\/Socio-Aprendizaje-por-proyectos-comunitarios.webp\",\"articleSection\":[\"Nuevos Horizontes\"],\"inLanguage\":\"es\"},{\"@type\":\"WebPage\",\"@id\":\"https:\\\/\\\/www.eldiario.net\\\/portal\\\/2026\\\/07\\\/03\\\/exposicion-a-dispositivos-digitales-educacion-o-simple-sobreexposicion-8\\\/\",\"url\":\"https:\\\/\\\/www.eldiario.net\\\/portal\\\/2026\\\/07\\\/03\\\/exposicion-a-dispositivos-digitales-educacion-o-simple-sobreexposicion-8\\\/\",\"name\":\"Exposici\u00f3n a dispositivos digitales Educaci\u00f3n o simple sobreexposici\u00f3n - El Diario - Bolivia\",\"isPartOf\":{\"@id\":\"https:\\\/\\\/www.eldiario.net\\\/portal\\\/#website\"},\"primaryImageOfPage\":{\"@id\":\"https:\\\/\\\/www.eldiario.net\\\/portal\\\/2026\\\/07\\\/03\\\/exposicion-a-dispositivos-digitales-educacion-o-simple-sobreexposicion-8\\\/#primaryimage\"},\"image\":{\"@id\":\"https:\\\/\\\/www.eldiario.net\\\/portal\\\/2026\\\/07\\\/03\\\/exposicion-a-dispositivos-digitales-educacion-o-simple-sobreexposicion-8\\\/#primaryimage\"},\"thumbnailUrl\":\"https:\\\/\\\/www.eldiario.net\\\/portal\\\/wp-content\\\/uploads\\\/2026\\\/07\\\/Socio-Aprendizaje-por-proyectos-comunitarios.webp\",\"datePublished\":\"2026-07-03T04:52:13+00:00\",\"breadcrumb\":{\"@id\":\"https:\\\/\\\/www.eldiario.net\\\/portal\\\/2026\\\/07\\\/03\\\/exposicion-a-dispositivos-digitales-educacion-o-simple-sobreexposicion-8\\\/#breadcrumb\"},\"inLanguage\":\"es\",\"potentialAction\":[{\"@type\":\"ReadAction\",\"target\":[\"https:\\\/\\\/www.eldiario.net\\\/portal\\\/2026\\\/07\\\/03\\\/exposicion-a-dispositivos-digitales-educacion-o-simple-sobreexposicion-8\\\/\"]}]},{\"@type\":\"ImageObject\",\"inLanguage\":\"es\",\"@id\":\"https:\\\/\\\/www.eldiario.net\\\/portal\\\/2026\\\/07\\\/03\\\/exposicion-a-dispositivos-digitales-educacion-o-simple-sobreexposicion-8\\\/#primaryimage\",\"url\":\"https:\\\/\\\/www.eldiario.net\\\/portal\\\/wp-content\\\/uploads\\\/2026\\\/07\\\/Socio-Aprendizaje-por-proyectos-comunitarios.webp\",\"contentUrl\":\"https:\\\/\\\/www.eldiario.net\\\/portal\\\/wp-content\\\/uploads\\\/2026\\\/07\\\/Socio-Aprendizaje-por-proyectos-comunitarios.webp\",\"width\":878,\"height\":581},{\"@type\":\"BreadcrumbList\",\"@id\":\"https:\\\/\\\/www.eldiario.net\\\/portal\\\/2026\\\/07\\\/03\\\/exposicion-a-dispositivos-digitales-educacion-o-simple-sobreexposicion-8\\\/#breadcrumb\",\"itemListElement\":[{\"@type\":\"ListItem\",\"position\":1,\"name\":\"Portada\",\"item\":\"https:\\\/\\\/www.eldiario.net\\\/portal\\\/\"},{\"@type\":\"ListItem\",\"position\":2,\"name\":\"Exposici\u00f3n a dispositivos digitales Educaci\u00f3n o simple sobreexposici\u00f3n\"}]},{\"@type\":\"WebSite\",\"@id\":\"https:\\\/\\\/www.eldiario.net\\\/portal\\\/#website\",\"url\":\"https:\\\/\\\/www.eldiario.net\\\/portal\\\/\",\"name\":\"El Diario - Decano de la prensa nacional\",\"description\":\"El Diario - Decano de la prensa nacional\",\"publisher\":{\"@id\":\"https:\\\/\\\/www.eldiario.net\\\/portal\\\/#organization\"},\"potentialAction\":[{\"@type\":\"SearchAction\",\"target\":{\"@type\":\"EntryPoint\",\"urlTemplate\":\"https:\\\/\\\/www.eldiario.net\\\/portal\\\/?s={search_term_string}\"},\"query-input\":{\"@type\":\"PropertyValueSpecification\",\"valueRequired\":true,\"valueName\":\"search_term_string\"}}],\"inLanguage\":\"es\"},{\"@type\":\"Organization\",\"@id\":\"https:\\\/\\\/www.eldiario.net\\\/portal\\\/#organization\",\"name\":\"El Diario - Decano de la prensa nacional\",\"url\":\"https:\\\/\\\/www.eldiario.net\\\/portal\\\/\",\"logo\":{\"@type\":\"ImageObject\",\"inLanguage\":\"es\",\"@id\":\"https:\\\/\\\/www.eldiario.net\\\/portal\\\/#\\\/schema\\\/logo\\\/image\\\/\",\"url\":\"https:\\\/\\\/www.eldiario.net\\\/portal\\\/wp-content\\\/uploads\\\/2023\\\/07\\\/logo_ED.jpg\",\"contentUrl\":\"https:\\\/\\\/www.eldiario.net\\\/portal\\\/wp-content\\\/uploads\\\/2023\\\/07\\\/logo_ED.jpg\",\"width\":272,\"height\":52,\"caption\":\"El Diario - Decano de la prensa nacional\"},\"image\":{\"@id\":\"https:\\\/\\\/www.eldiario.net\\\/portal\\\/#\\\/schema\\\/logo\\\/image\\\/\"},\"sameAs\":[\"https:\\\/\\\/www.facebook.com\\\/eldiario.bolivia\\\/\",\"https:\\\/\\\/x.com\\\/eldiario_net\"]},{\"@type\":\"Person\",\"@id\":\"https:\\\/\\\/www.eldiario.net\\\/portal\\\/#\\\/schema\\\/person\\\/2c57cf2b7a7ae032e449e4c9b1019eac\",\"name\":\"Jeanette\",\"image\":{\"@type\":\"ImageObject\",\"inLanguage\":\"es\",\"@id\":\"https:\\\/\\\/secure.gravatar.com\\\/avatar\\\/3ea2118a5f7dad2b7138b1187a6b7ee55f160b9968b66013c3a3ef39dd7e5798?s=96&d=mm&r=g\",\"url\":\"https:\\\/\\\/secure.gravatar.com\\\/avatar\\\/3ea2118a5f7dad2b7138b1187a6b7ee55f160b9968b66013c3a3ef39dd7e5798?s=96&d=mm&r=g\",\"contentUrl\":\"https:\\\/\\\/secure.gravatar.com\\\/avatar\\\/3ea2118a5f7dad2b7138b1187a6b7ee55f160b9968b66013c3a3ef39dd7e5798?s=96&d=mm&r=g\",\"caption\":\"Jeanette\"},\"sameAs\":[\"https:\\\/\\\/www.eldiario.net\\\/portal\"],\"url\":\"https:\\\/\\\/www.eldiario.net\\\/portal\\\/author\\\/jeanette\\\/\"}]}<\/script>\n<!-- \/ Yoast SEO plugin. -->","yoast_head_json":{"title":"Exposici\u00f3n a dispositivos digitales Educaci\u00f3n o simple sobreexposici\u00f3n - El Diario - Bolivia","robots":{"index":"index","follow":"follow","max-snippet":"max-snippet:-1","max-image-preview":"max-image-preview:large","max-video-preview":"max-video-preview:-1"},"canonical":"https:\/\/www.eldiario.net\/portal\/2026\/07\/03\/exposicion-a-dispositivos-digitales-educacion-o-simple-sobreexposicion-8\/","og_locale":"es_ES","og_type":"article","og_title":"Exposici\u00f3n a dispositivos digitales Educaci\u00f3n o simple sobreexposici\u00f3n - El Diario - Bolivia","og_description":"Por. Lic. H\u00e9ctor Molina &nbsp; Recordemos que\u2026 &nbsp; La comprensi\u00f3n del cerebro humano en la era contempor\u00e1nea exige un an\u00e1lisis profundo de c\u00f3mo los entornos artificiales modifican la arquitectura neuronal. La exposici\u00f3n a dispositivos digitales se define como el proceso de interacci\u00f3n sensorial, cognitiva y motriz entre un individuo y una interfaz electr\u00f3nica (smartphones, tablets, [&hellip;]","og_url":"https:\/\/www.eldiario.net\/portal\/2026\/07\/03\/exposicion-a-dispositivos-digitales-educacion-o-simple-sobreexposicion-8\/","og_site_name":"El Diario - Bolivia","article_publisher":"https:\/\/www.facebook.com\/eldiario.bolivia\/","article_published_time":"2026-07-03T04:52:13+00:00","og_image":[{"width":878,"height":581,"url":"https:\/\/www.eldiario.net\/portal\/wp-content\/uploads\/2026\/07\/Socio-Aprendizaje-por-proyectos-comunitarios.webp","type":"image\/webp"}],"author":"Jeanette","twitter_card":"summary_large_image","twitter_creator":"@eldiario_net","twitter_site":"@eldiario_net","twitter_misc":{"Escrito por":"Jeanette","Tiempo de lectura":"5 minutos"},"schema":{"@context":"https:\/\/schema.org","@graph":[{"@type":"Article","@id":"https:\/\/www.eldiario.net\/portal\/2026\/07\/03\/exposicion-a-dispositivos-digitales-educacion-o-simple-sobreexposicion-8\/#article","isPartOf":{"@id":"https:\/\/www.eldiario.net\/portal\/2026\/07\/03\/exposicion-a-dispositivos-digitales-educacion-o-simple-sobreexposicion-8\/"},"author":{"name":"Jeanette","@id":"https:\/\/www.eldiario.net\/portal\/#\/schema\/person\/2c57cf2b7a7ae032e449e4c9b1019eac"},"headline":"Exposici\u00f3n a dispositivos digitales Educaci\u00f3n o simple sobreexposici\u00f3n","datePublished":"2026-07-03T04:52:13+00:00","mainEntityOfPage":{"@id":"https:\/\/www.eldiario.net\/portal\/2026\/07\/03\/exposicion-a-dispositivos-digitales-educacion-o-simple-sobreexposicion-8\/"},"wordCount":1031,"publisher":{"@id":"https:\/\/www.eldiario.net\/portal\/#organization"},"image":{"@id":"https:\/\/www.eldiario.net\/portal\/2026\/07\/03\/exposicion-a-dispositivos-digitales-educacion-o-simple-sobreexposicion-8\/#primaryimage"},"thumbnailUrl":"https:\/\/www.eldiario.net\/portal\/wp-content\/uploads\/2026\/07\/Socio-Aprendizaje-por-proyectos-comunitarios.webp","articleSection":["Nuevos Horizontes"],"inLanguage":"es"},{"@type":"WebPage","@id":"https:\/\/www.eldiario.net\/portal\/2026\/07\/03\/exposicion-a-dispositivos-digitales-educacion-o-simple-sobreexposicion-8\/","url":"https:\/\/www.eldiario.net\/portal\/2026\/07\/03\/exposicion-a-dispositivos-digitales-educacion-o-simple-sobreexposicion-8\/","name":"Exposici\u00f3n a dispositivos digitales Educaci\u00f3n o simple sobreexposici\u00f3n - El Diario - Bolivia","isPartOf":{"@id":"https:\/\/www.eldiario.net\/portal\/#website"},"primaryImageOfPage":{"@id":"https:\/\/www.eldiario.net\/portal\/2026\/07\/03\/exposicion-a-dispositivos-digitales-educacion-o-simple-sobreexposicion-8\/#primaryimage"},"image":{"@id":"https:\/\/www.eldiario.net\/portal\/2026\/07\/03\/exposicion-a-dispositivos-digitales-educacion-o-simple-sobreexposicion-8\/#primaryimage"},"thumbnailUrl":"https:\/\/www.eldiario.net\/portal\/wp-content\/uploads\/2026\/07\/Socio-Aprendizaje-por-proyectos-comunitarios.webp","datePublished":"2026-07-03T04:52:13+00:00","breadcrumb":{"@id":"https:\/\/www.eldiario.net\/portal\/2026\/07\/03\/exposicion-a-dispositivos-digitales-educacion-o-simple-sobreexposicion-8\/#breadcrumb"},"inLanguage":"es","potentialAction":[{"@type":"ReadAction","target":["https:\/\/www.eldiario.net\/portal\/2026\/07\/03\/exposicion-a-dispositivos-digitales-educacion-o-simple-sobreexposicion-8\/"]}]},{"@type":"ImageObject","inLanguage":"es","@id":"https:\/\/www.eldiario.net\/portal\/2026\/07\/03\/exposicion-a-dispositivos-digitales-educacion-o-simple-sobreexposicion-8\/#primaryimage","url":"https:\/\/www.eldiario.net\/portal\/wp-content\/uploads\/2026\/07\/Socio-Aprendizaje-por-proyectos-comunitarios.webp","contentUrl":"https:\/\/www.eldiario.net\/portal\/wp-content\/uploads\/2026\/07\/Socio-Aprendizaje-por-proyectos-comunitarios.webp","width":878,"height":581},{"@type":"BreadcrumbList","@id":"https:\/\/www.eldiario.net\/portal\/2026\/07\/03\/exposicion-a-dispositivos-digitales-educacion-o-simple-sobreexposicion-8\/#breadcrumb","itemListElement":[{"@type":"ListItem","position":1,"name":"Portada","item":"https:\/\/www.eldiario.net\/portal\/"},{"@type":"ListItem","position":2,"name":"Exposici\u00f3n a dispositivos digitales Educaci\u00f3n o simple sobreexposici\u00f3n"}]},{"@type":"WebSite","@id":"https:\/\/www.eldiario.net\/portal\/#website","url":"https:\/\/www.eldiario.net\/portal\/","name":"El Diario - Decano de la prensa nacional","description":"El Diario - Decano de la prensa nacional","publisher":{"@id":"https:\/\/www.eldiario.net\/portal\/#organization"},"potentialAction":[{"@type":"SearchAction","target":{"@type":"EntryPoint","urlTemplate":"https:\/\/www.eldiario.net\/portal\/?s={search_term_string}"},"query-input":{"@type":"PropertyValueSpecification","valueRequired":true,"valueName":"search_term_string"}}],"inLanguage":"es"},{"@type":"Organization","@id":"https:\/\/www.eldiario.net\/portal\/#organization","name":"El Diario - Decano de la prensa nacional","url":"https:\/\/www.eldiario.net\/portal\/","logo":{"@type":"ImageObject","inLanguage":"es","@id":"https:\/\/www.eldiario.net\/portal\/#\/schema\/logo\/image\/","url":"https:\/\/www.eldiario.net\/portal\/wp-content\/uploads\/2023\/07\/logo_ED.jpg","contentUrl":"https:\/\/www.eldiario.net\/portal\/wp-content\/uploads\/2023\/07\/logo_ED.jpg","width":272,"height":52,"caption":"El Diario - Decano de la prensa nacional"},"image":{"@id":"https:\/\/www.eldiario.net\/portal\/#\/schema\/logo\/image\/"},"sameAs":["https:\/\/www.facebook.com\/eldiario.bolivia\/","https:\/\/x.com\/eldiario_net"]},{"@type":"Person","@id":"https:\/\/www.eldiario.net\/portal\/#\/schema\/person\/2c57cf2b7a7ae032e449e4c9b1019eac","name":"Jeanette","image":{"@type":"ImageObject","inLanguage":"es","@id":"https:\/\/secure.gravatar.com\/avatar\/3ea2118a5f7dad2b7138b1187a6b7ee55f160b9968b66013c3a3ef39dd7e5798?s=96&d=mm&r=g","url":"https:\/\/secure.gravatar.com\/avatar\/3ea2118a5f7dad2b7138b1187a6b7ee55f160b9968b66013c3a3ef39dd7e5798?s=96&d=mm&r=g","contentUrl":"https:\/\/secure.gravatar.com\/avatar\/3ea2118a5f7dad2b7138b1187a6b7ee55f160b9968b66013c3a3ef39dd7e5798?s=96&d=mm&r=g","caption":"Jeanette"},"sameAs":["https:\/\/www.eldiario.net\/portal"],"url":"https:\/\/www.eldiario.net\/portal\/author\/jeanette\/"}]}},"_links":{"self":[{"href":"https:\/\/www.eldiario.net\/portal\/wp-json\/wp\/v2\/posts\/409278","targetHints":{"allow":["GET"]}}],"collection":[{"href":"https:\/\/www.eldiario.net\/portal\/wp-json\/wp\/v2\/posts"}],"about":[{"href":"https:\/\/www.eldiario.net\/portal\/wp-json\/wp\/v2\/types\/post"}],"author":[{"embeddable":true,"href":"https:\/\/www.eldiario.net\/portal\/wp-json\/wp\/v2\/users\/1"}],"replies":[{"embeddable":true,"href":"https:\/\/www.eldiario.net\/portal\/wp-json\/wp\/v2\/comments?post=409278"}],"version-history":[{"count":1,"href":"https:\/\/www.eldiario.net\/portal\/wp-json\/wp\/v2\/posts\/409278\/revisions"}],"predecessor-version":[{"id":409281,"href":"https:\/\/www.eldiario.net\/portal\/wp-json\/wp\/v2\/posts\/409278\/revisions\/409281"}],"wp:featuredmedia":[{"embeddable":true,"href":"https:\/\/www.eldiario.net\/portal\/wp-json\/wp\/v2\/media\/409279"}],"wp:attachment":[{"href":"https:\/\/www.eldiario.net\/portal\/wp-json\/wp\/v2\/media?parent=409278"}],"wp:term":[{"taxonomy":"category","embeddable":true,"href":"https:\/\/www.eldiario.net\/portal\/wp-json\/wp\/v2\/categories?post=409278"},{"taxonomy":"post_tag","embeddable":true,"href":"https:\/\/www.eldiario.net\/portal\/wp-json\/wp\/v2\/tags?post=409278"}],"curies":[{"name":"wp","href":"https:\/\/api.w.org\/{rel}","templated":true}]}}