{"id":409273,"date":"2026-07-03T00:50:48","date_gmt":"2026-07-03T04:50:48","guid":{"rendered":"https:\/\/www.eldiario.net\/portal\/?p=409273"},"modified":"2026-07-02T22:51:46","modified_gmt":"2026-07-03T02:51:46","slug":"argumentacion-y-debate-el-poder-de-la-persuasion-5","status":"publish","type":"post","link":"https:\/\/www.eldiario.net\/portal\/2026\/07\/03\/argumentacion-y-debate-el-poder-de-la-persuasion-5\/","title":{"rendered":"Argumentaci\u00f3n y debate El poder de la persuasi\u00f3n"},"content":{"rendered":"<p><strong>Por. Lic. H\u00e9ctor Molina<\/strong><\/p>\n<p>&nbsp;<\/p>\n<p><strong>Recordemos que\u2026<\/strong><\/p>\n<p>&nbsp;<\/p>\n<p>La contraargumentaci\u00f3n es la br\u00fajula del pensamiento cr\u00edtico. Es una t\u00e9cnica avanzada de redacci\u00f3n y oratoria que consiste en identificar un argumento opuesto a la postura propia para analizarlo, desarmarlo con l\u00f3gica y demostrar por qu\u00e9 la tesis principal sigue siendo la m\u00e1s s\u00f3lida. No se trata de iniciar una discusi\u00f3n vac\u00eda; se trata de construir puentes de razonamiento donde las ideas se ponen a prueba y solo las mejores sobreviven.<\/p>\n<p>&nbsp;<\/p>\n<p>A continuaci\u00f3n, se presenta una gu\u00eda detallada y estructurada para dominar este arte, basada en la psicolog\u00eda cognitiva y la pragm\u00e1tica del lenguaje.<\/p>\n<p>&nbsp;<\/p>\n<p><strong>Errores a evitar al intentar argumentar o contra argumentar en textos escritos<\/strong><\/p>\n<p>&nbsp;<\/p>\n<p>Cuando nos sumergimos en el terreno de la argumentaci\u00f3n y la contraargumentaci\u00f3n, no solo estamos intercambiando palabras; estamos activando una compleja red de procesos cognitivos, sesgos psicosociales y din\u00e1micas de comunicaci\u00f3n. Desde la perspectiva de las neurociencias y la psicolog\u00eda del desarrollo, debatir es un arte de alta demanda cerebral que, si se ejecuta con errores, puede activar las zonas de amenaza del cerebro del interlocutor en lugar de sus centros de razonamiento.<\/p>\n<p>&nbsp;<\/p>\n<p>Ahora analicemos los errores m\u00e1s cr\u00edticos que se deben evitar al construir o refutar argumentos, fundamentados en la evidencia cient\u00edfica y la pr\u00e1ctica de la persuasi\u00f3n acad\u00e9mica.<\/p>\n<p>&nbsp;<\/p>\n<ol>\n<li><strong> El secuestro amigdalino por falacias &#8211; Ad Hominem<\/strong><\/li>\n<\/ol>\n<p>&nbsp;<\/p>\n<p>Uno de los errores m\u00e1s comunes y destructivos en la comunicaci\u00f3n es atacar a la persona que emite el argumento en lugar de analizar el argumento en s\u00ed. En la psicolog\u00eda social, esto se conoce como la falacia \u201cAd Hominem\u201d.<\/p>\n<p>&nbsp;<\/p>\n<p>Desde el punto de vista neurocient\u00edfico, cuando una persona recurre a insultos, descalificaciones o alusiones personales, el cerebro del receptor interpreta la interacci\u00f3n como una amenaza de estatus social. Esto activa de inmediato la am\u00edgdala (el centro del miedo y la supervivencia) y desconecta la corteza prefrontal, que es la zona encargada del pensamiento l\u00f3gico y el autocontrol. El resultado es que el debate constructivo muere instant\u00e1neamente, transform\u00e1ndose en una pelea de \u201catacar o huir\u201d. En la redacci\u00f3n cient\u00edfica, cualquier rasgo de este sesgo destruye por completo la credibilidad del autor.<\/p>\n<p>&nbsp;<\/p>\n<ol start=\"2\">\n<li><strong> La falacia del hombre de paja y la distorsi\u00f3n cognitiva<\/strong><\/li>\n<\/ol>\n<p>&nbsp;<\/p>\n<p>Este error ocurre cuando se tergiversa, exagera o simplifica en exceso el argumento del oponente para que sea m\u00e1s f\u00e1cil de atacar. En lugar de enfrentar la idea real, se construye un \u201chombre de paja\u201d (una versi\u00f3n falsa y d\u00e9bil del argumento) y se destruye esa caricatura.<\/p>\n<p>&nbsp;<\/p>\n<p>La psicolog\u00eda cognitiva demuestra que este fallo metodol\u00f3gico reduce la empat\u00eda y la capacidad de escucha activa. Para persuadir con elegancia en la oratoria o en un ensayo acad\u00e9mico, la neurociencia del lenguaje sugiere aplicar el \u201cprincipio de caridad\u201d: se debe presentar la versi\u00f3n m\u00e1s fuerte y s\u00f3lida del argumento contrario antes de proceder a desmontarlo con evidencia. Si se ataca una versi\u00f3n distorsionada, el p\u00fablico o el lector detectar\u00e1 la deshonestidad intelectual y rechazar\u00e1 la postura del emisor.<\/p>\n<p>&nbsp;<\/p>\n<ol start=\"3\">\n<li><strong> La trampa del sesgo de confirmaci\u00f3n y la falta de evidencia cient\u00edfica<\/strong><\/li>\n<\/ol>\n<p>&nbsp;<\/p>\n<p>Intentar argumentar bas\u00e1ndose \u00fanicamente en opiniones personales, an\u00e9cdotas o datos aislados es un error fatal en la redacci\u00f3n acad\u00e9mica. El sesgo de confirmaci\u00f3n es la tendencia natural del cerebro humano a buscar, interpretar y recordar la informaci\u00f3n que genera armon\u00eda con sus creencias previas, ignorando la evidencia que las contradice.<\/p>\n<p>&nbsp;<\/p>\n<p>En las t\u00e9cnicas de estudio y la investigaci\u00f3n, caer en este sesgo debilita cualquier postura. Un argumento s\u00f3lido requiere el respaldo de fuentes confiables, metodolog\u00edas cient\u00edficas y datos verificables. El cerebro humano se siente naturalmente atra\u00eddo por la coherencia l\u00f3gica; por lo tanto, cuando un discurso carece de un marco te\u00f3rico robusto o de datos estad\u00edsticos reales, el c\u00f3rtex cingulado anterior del oyente (una especie de \u201cdetector de errores\u201d cerebral) se activa, generando desconfianza hacia el expositor.<\/p>\n<p>&nbsp;<\/p>\n<ol start=\"4\">\n<li><strong> La simplificaci\u00f3n exagerada o pensamiento de \u201cblanco o negro\u201d<\/strong><\/li>\n<\/ol>\n<p>&nbsp;<\/p>\n<p>Conocido en la l\u00f3gica formal como la falacia del falso dilema, este error consiste en presentar una situaci\u00f3n compleja como si solo existieran dos opciones posibles, generalmente extremas.<\/p>\n<p>&nbsp;<\/p>\n<p>La psicolog\u00eda del desarrollo humano se\u00f1ala que el pensamiento absolutista o polarizado es caracter\u00edstico de etapas tempranas del desarrollo cognitivo. Sin embargo, el an\u00e1lisis acad\u00e9mico exige madurez intelectual para reconocer los matices, las variables intermedias y la complejidad de los fen\u00f3menos sociales y cient\u00edficos. Reducir un debate a \u201cest\u00e1s conmigo o est\u00e1s contra m\u00ed\u201d o \u201cesta es la \u00fanica soluci\u00f3n\u201d anula la profundidad del lenguaje y demuestra una alarmante falta de pensamiento cr\u00edtico.<\/p>\n<p>&nbsp;<\/p>\n<ol start=\"5\">\n<li><strong> La reactividad emocional sobre la regulaci\u00f3n cognitiva<\/strong><\/li>\n<\/ol>\n<p>&nbsp;<\/p>\n<p>El lenguaje es una herramienta de precisi\u00f3n. Cuando un argumento se satura de adjetivos descalificativos, exclamaciones o un tono de superioridad moral, se cae en el error de la reactividad emocional.<\/p>\n<p>&nbsp;<\/p>\n<p>Las neurociencias demuestran que la persuasi\u00f3n efectiva no se logra mediante el volumen de la voz o la agresividad de las palabras, sino a trav\u00e9s de la disonancia cognitiva guiada. Cuando se presenta un argumento con serenidad, estructura clara y una redacci\u00f3n limpia en tercera persona, se invita al cerebro del interlocutor a reflexionar. Si, por el contrario, predomina la emoci\u00f3n descontrolada, el l\u00f3bulo frontal del oyente se cierra a la banda, bloqueando cualquier posibilidad de asimilaci\u00f3n de la nueva idea.<\/p>\n<p>&nbsp;<\/p>\n<p>Evitar estos errores no solo garantiza el \u00e9xito en la redacci\u00f3n de textos cient\u00edficos y en la participaci\u00f3n en debates de alto nivel, sino que tambi\u00e9n estimula el desarrollo de un cerebro m\u00e1s anal\u00edtico, emp\u00e1tico y estrat\u00e9gicamente persuasivo.<\/p>\n\r\n                <style type=\"text\/css\">\r\n                    \r\n                    #tdi_1  .td-doubleSlider-2 .td-item1 {\r\n                        background: url(https:\/\/www.eldiario.net\/portal\/wp-content\/uploads\/2026\/07\/Len-El-secuestro-amigdalino-por-falacias-80x60.webp) 0 0 no-repeat;\r\n                    }\r\n                    #tdi_1  .td-doubleSlider-2 .td-item2 {\r\n                        background: url(https:\/\/www.eldiario.net\/portal\/wp-content\/uploads\/2026\/07\/Len-Argumentar-Vs.-Contraargumentar-80x60.webp) 0 0 no-repeat;\r\n                    }\r\n                    #tdi_1  .td-doubleSlider-2 .td-item3 {\r\n                        background: url(https:\/\/www.eldiario.net\/portal\/wp-content\/uploads\/2026\/07\/Len-Distorsion-cognitiva-80x60.webp) 0 0 no-repeat;\r\n                    }\r\n                <\/style>\r\n\r\n                <div id=\"tdi_1\" class=\"td-gallery td-slide-on-2-columns\">\r\n                    <div class=\"post_td_gallery\">\r\n                        <div class=\"td-gallery-slide-top\">\r\n                           <div class=\"td-gallery-title\"><\/div>\r\n\r\n                            <div class=\"td-gallery-controls-wrapper\">\r\n                                <div class=\"td-gallery-slide-count\"><span class=\"td-gallery-slide-item-focus\">1<\/span> de 3<\/div>\r\n                                <div class=\"td-gallery-slide-prev-next-but\">\r\n                                    <i class = \"td-icon-left doubleSliderPrevButton\"><\/i>\r\n                                    <i class = \"td-icon-right doubleSliderNextButton\"><\/i>\r\n                                <\/div>\r\n                            <\/div>\r\n                        <\/div>\r\n\r\n                        <div class = \"td-doubleSlider-1 \">\r\n                            <div class = \"td-slider\">\r\n                                \r\n                    <div class = \"td-slide-item td-item1\">\r\n                        <figure class=\"td-slide-galery-figure td-slide-popup-gallery\">\r\n                            <a class=\"slide-gallery-image-link\" href=\"https:\/\/www.eldiario.net\/portal\/wp-content\/uploads\/2026\/07\/Len-El-secuestro-amigdalino-por-falacias.webp\" title=\"Len - El secuestro amigdalino por falacias\"  data-caption=\"\"  data-description=\"\">\r\n                                <img decoding=\"async\" src=\"https:\/\/www.eldiario.net\/portal\/wp-content\/uploads\/2026\/07\/Len-El-secuestro-amigdalino-por-falacias.webp\" srcset=\"https:\/\/www.eldiario.net\/portal\/wp-content\/uploads\/2026\/07\/Len-El-secuestro-amigdalino-por-falacias.webp 450w, https:\/\/www.eldiario.net\/portal\/wp-content\/uploads\/2026\/07\/Len-El-secuestro-amigdalino-por-falacias-300x203.webp 300w, https:\/\/www.eldiario.net\/portal\/wp-content\/uploads\/2026\/07\/Len-El-secuestro-amigdalino-por-falacias-150x102.webp 150w\" sizes=\"(max-width: 450px) 100vw, 450px\" alt=\"\">\r\n                            <\/a>\r\n                            \r\n                        <\/figure>\r\n                    <\/div>\r\n                    <div class = \"td-slide-item td-item2\">\r\n                        <figure class=\"td-slide-galery-figure td-slide-popup-gallery\">\r\n                            <a class=\"slide-gallery-image-link\" href=\"https:\/\/www.eldiario.net\/portal\/wp-content\/uploads\/2026\/07\/Len-Argumentar-Vs.-Contraargumentar.webp\" title=\"Len - Argumentar Vs. Contraargumentar\"  data-caption=\"\"  data-description=\"\">\r\n                                <img decoding=\"async\" src=\"https:\/\/www.eldiario.net\/portal\/wp-content\/uploads\/2026\/07\/Len-Argumentar-Vs.-Contraargumentar.webp\" srcset=\"https:\/\/www.eldiario.net\/portal\/wp-content\/uploads\/2026\/07\/Len-Argumentar-Vs.-Contraargumentar.webp 170w, https:\/\/www.eldiario.net\/portal\/wp-content\/uploads\/2026\/07\/Len-Argumentar-Vs.-Contraargumentar-150x150.webp 150w\" sizes=\"(max-width: 170px) 100vw, 170px\" alt=\"\">\r\n                            <\/a>\r\n                            \r\n                        <\/figure>\r\n                    <\/div>\r\n                    <div class = \"td-slide-item td-item3\">\r\n                        <figure class=\"td-slide-galery-figure td-slide-popup-gallery\">\r\n                            <a class=\"slide-gallery-image-link\" href=\"https:\/\/www.eldiario.net\/portal\/wp-content\/uploads\/2026\/07\/Len-Distorsion-cognitiva.webp\" title=\"Len - Distorsi\u00f3n cognitiva\"  data-caption=\"\"  data-description=\"\">\r\n                                <img decoding=\"async\" src=\"https:\/\/www.eldiario.net\/portal\/wp-content\/uploads\/2026\/07\/Len-Distorsion-cognitiva.webp\" srcset=\"https:\/\/www.eldiario.net\/portal\/wp-content\/uploads\/2026\/07\/Len-Distorsion-cognitiva.webp 400w, https:\/\/www.eldiario.net\/portal\/wp-content\/uploads\/2026\/07\/Len-Distorsion-cognitiva-300x225.webp 300w, https:\/\/www.eldiario.net\/portal\/wp-content\/uploads\/2026\/07\/Len-Distorsion-cognitiva-80x60.webp 80w, https:\/\/www.eldiario.net\/portal\/wp-content\/uploads\/2026\/07\/Len-Distorsion-cognitiva-150x113.webp 150w\" sizes=\"(max-width: 400px) 100vw, 400px\" alt=\"\">\r\n                            <\/a>\r\n                            \r\n                        <\/figure>\r\n                    <\/div>\r\n                            <\/div>\r\n                        <\/div>\r\n\r\n                        <div class = \"td-doubleSlider-2\">\r\n                            <div class = \"td-slider\">\r\n                                \r\n                    <div class = \"td-button td-item1\">\r\n                        <div class = \"td-border\"><\/div>\r\n                    <\/div>\r\n                    <div class = \"td-button td-item2\">\r\n                        <div class = \"td-border\"><\/div>\r\n                    <\/div>\r\n                    <div class = \"td-button td-item3\">\r\n                        <div class = \"td-border\"><\/div>\r\n                    <\/div>\r\n                            <\/div>\r\n                        <\/div>\r\n\r\n                    <\/div>\r\n\r\n                <\/div>\r\n                \n","protected":false},"excerpt":{"rendered":"<p>Por. Lic. H\u00e9ctor Molina &nbsp; Recordemos que\u2026 &nbsp; La contraargumentaci\u00f3n es la br\u00fajula del pensamiento cr\u00edtico. Es una t\u00e9cnica avanzada de redacci\u00f3n y oratoria que consiste en identificar un argumento opuesto a la postura propia para analizarlo, desarmarlo con l\u00f3gica y demostrar por qu\u00e9 la tesis principal sigue siendo la m\u00e1s s\u00f3lida. No se trata [&hellip;]<\/p>\n","protected":false},"author":1,"featured_media":409274,"comment_status":"closed","ping_status":"open","sticky":false,"template":"","format":"standard","meta":{"_acf_changed":false,"footnotes":""},"categories":[43],"tags":[],"class_list":["post-409273","post","type-post","status-publish","format-standard","has-post-thumbnail","category-nuevos-horizontes"],"acf":{"antetitulo":""},"yoast_head":"<!-- This site is optimized with the Yoast SEO plugin v28.4 - https:\/\/yoast.com\/product\/yoast-seo-wordpress\/ -->\n<title>Argumentaci\u00f3n y debate El poder de la persuasi\u00f3n - El Diario - Bolivia<\/title>\n<meta name=\"robots\" content=\"index, follow, max-snippet:-1, max-image-preview:large, max-video-preview:-1\" \/>\n<link rel=\"canonical\" href=\"https:\/\/www.eldiario.net\/portal\/2026\/07\/03\/argumentacion-y-debate-el-poder-de-la-persuasion-5\/\" \/>\n<meta property=\"og:locale\" content=\"es_ES\" \/>\n<meta property=\"og:type\" content=\"article\" \/>\n<meta property=\"og:title\" content=\"Argumentaci\u00f3n y debate El poder de la persuasi\u00f3n - El Diario - Bolivia\" \/>\n<meta property=\"og:description\" content=\"Por. Lic. H\u00e9ctor Molina &nbsp; Recordemos que\u2026 &nbsp; La contraargumentaci\u00f3n es la br\u00fajula del pensamiento cr\u00edtico. Es una t\u00e9cnica avanzada de redacci\u00f3n y oratoria que consiste en identificar un argumento opuesto a la postura propia para analizarlo, desarmarlo con l\u00f3gica y demostrar por qu\u00e9 la tesis principal sigue siendo la m\u00e1s s\u00f3lida. No se trata [&hellip;]\" \/>\n<meta property=\"og:url\" content=\"https:\/\/www.eldiario.net\/portal\/2026\/07\/03\/argumentacion-y-debate-el-poder-de-la-persuasion-5\/\" \/>\n<meta property=\"og:site_name\" content=\"El Diario - Bolivia\" \/>\n<meta property=\"article:publisher\" content=\"https:\/\/www.facebook.com\/eldiario.bolivia\/\" \/>\n<meta property=\"article:published_time\" content=\"2026-07-03T04:50:48+00:00\" \/>\n<meta property=\"og:image\" content=\"https:\/\/www.eldiario.net\/portal\/wp-content\/uploads\/2026\/07\/Len-El-secuestro-amigdalino-por-falacias.webp\" \/>\n\t<meta property=\"og:image:width\" content=\"450\" \/>\n\t<meta property=\"og:image:height\" content=\"305\" \/>\n\t<meta property=\"og:image:type\" content=\"image\/webp\" \/>\n<meta name=\"author\" content=\"Jeanette\" \/>\n<meta name=\"twitter:card\" content=\"summary_large_image\" \/>\n<meta name=\"twitter:creator\" content=\"@eldiario_net\" \/>\n<meta name=\"twitter:site\" content=\"@eldiario_net\" \/>\n<meta name=\"twitter:label1\" content=\"Escrito por\" \/>\n\t<meta name=\"twitter:data1\" content=\"Jeanette\" \/>\n\t<meta name=\"twitter:label2\" content=\"Tiempo de lectura\" \/>\n\t<meta name=\"twitter:data2\" content=\"5 minutos\" \/>\n<script type=\"application\/ld+json\" class=\"yoast-schema-graph\">{\"@context\":\"https:\\\/\\\/schema.org\",\"@graph\":[{\"@type\":\"Article\",\"@id\":\"https:\\\/\\\/www.eldiario.net\\\/portal\\\/2026\\\/07\\\/03\\\/argumentacion-y-debate-el-poder-de-la-persuasion-5\\\/#article\",\"isPartOf\":{\"@id\":\"https:\\\/\\\/www.eldiario.net\\\/portal\\\/2026\\\/07\\\/03\\\/argumentacion-y-debate-el-poder-de-la-persuasion-5\\\/\"},\"author\":{\"name\":\"Jeanette\",\"@id\":\"https:\\\/\\\/www.eldiario.net\\\/portal\\\/#\\\/schema\\\/person\\\/2c57cf2b7a7ae032e449e4c9b1019eac\"},\"headline\":\"Argumentaci\u00f3n y debate El poder de la persuasi\u00f3n\",\"datePublished\":\"2026-07-03T04:50:48+00:00\",\"mainEntityOfPage\":{\"@id\":\"https:\\\/\\\/www.eldiario.net\\\/portal\\\/2026\\\/07\\\/03\\\/argumentacion-y-debate-el-poder-de-la-persuasion-5\\\/\"},\"wordCount\":1034,\"publisher\":{\"@id\":\"https:\\\/\\\/www.eldiario.net\\\/portal\\\/#organization\"},\"image\":{\"@id\":\"https:\\\/\\\/www.eldiario.net\\\/portal\\\/2026\\\/07\\\/03\\\/argumentacion-y-debate-el-poder-de-la-persuasion-5\\\/#primaryimage\"},\"thumbnailUrl\":\"https:\\\/\\\/www.eldiario.net\\\/portal\\\/wp-content\\\/uploads\\\/2026\\\/07\\\/Len-El-secuestro-amigdalino-por-falacias.webp\",\"articleSection\":[\"Nuevos Horizontes\"],\"inLanguage\":\"es\"},{\"@type\":\"WebPage\",\"@id\":\"https:\\\/\\\/www.eldiario.net\\\/portal\\\/2026\\\/07\\\/03\\\/argumentacion-y-debate-el-poder-de-la-persuasion-5\\\/\",\"url\":\"https:\\\/\\\/www.eldiario.net\\\/portal\\\/2026\\\/07\\\/03\\\/argumentacion-y-debate-el-poder-de-la-persuasion-5\\\/\",\"name\":\"Argumentaci\u00f3n y debate El poder de la persuasi\u00f3n - El Diario - Bolivia\",\"isPartOf\":{\"@id\":\"https:\\\/\\\/www.eldiario.net\\\/portal\\\/#website\"},\"primaryImageOfPage\":{\"@id\":\"https:\\\/\\\/www.eldiario.net\\\/portal\\\/2026\\\/07\\\/03\\\/argumentacion-y-debate-el-poder-de-la-persuasion-5\\\/#primaryimage\"},\"image\":{\"@id\":\"https:\\\/\\\/www.eldiario.net\\\/portal\\\/2026\\\/07\\\/03\\\/argumentacion-y-debate-el-poder-de-la-persuasion-5\\\/#primaryimage\"},\"thumbnailUrl\":\"https:\\\/\\\/www.eldiario.net\\\/portal\\\/wp-content\\\/uploads\\\/2026\\\/07\\\/Len-El-secuestro-amigdalino-por-falacias.webp\",\"datePublished\":\"2026-07-03T04:50:48+00:00\",\"breadcrumb\":{\"@id\":\"https:\\\/\\\/www.eldiario.net\\\/portal\\\/2026\\\/07\\\/03\\\/argumentacion-y-debate-el-poder-de-la-persuasion-5\\\/#breadcrumb\"},\"inLanguage\":\"es\",\"potentialAction\":[{\"@type\":\"ReadAction\",\"target\":[\"https:\\\/\\\/www.eldiario.net\\\/portal\\\/2026\\\/07\\\/03\\\/argumentacion-y-debate-el-poder-de-la-persuasion-5\\\/\"]}]},{\"@type\":\"ImageObject\",\"inLanguage\":\"es\",\"@id\":\"https:\\\/\\\/www.eldiario.net\\\/portal\\\/2026\\\/07\\\/03\\\/argumentacion-y-debate-el-poder-de-la-persuasion-5\\\/#primaryimage\",\"url\":\"https:\\\/\\\/www.eldiario.net\\\/portal\\\/wp-content\\\/uploads\\\/2026\\\/07\\\/Len-El-secuestro-amigdalino-por-falacias.webp\",\"contentUrl\":\"https:\\\/\\\/www.eldiario.net\\\/portal\\\/wp-content\\\/uploads\\\/2026\\\/07\\\/Len-El-secuestro-amigdalino-por-falacias.webp\",\"width\":450,\"height\":305},{\"@type\":\"BreadcrumbList\",\"@id\":\"https:\\\/\\\/www.eldiario.net\\\/portal\\\/2026\\\/07\\\/03\\\/argumentacion-y-debate-el-poder-de-la-persuasion-5\\\/#breadcrumb\",\"itemListElement\":[{\"@type\":\"ListItem\",\"position\":1,\"name\":\"Portada\",\"item\":\"https:\\\/\\\/www.eldiario.net\\\/portal\\\/\"},{\"@type\":\"ListItem\",\"position\":2,\"name\":\"Argumentaci\u00f3n y debate El poder de la persuasi\u00f3n\"}]},{\"@type\":\"WebSite\",\"@id\":\"https:\\\/\\\/www.eldiario.net\\\/portal\\\/#website\",\"url\":\"https:\\\/\\\/www.eldiario.net\\\/portal\\\/\",\"name\":\"El Diario - Decano de la prensa nacional\",\"description\":\"El Diario - Decano de la prensa nacional\",\"publisher\":{\"@id\":\"https:\\\/\\\/www.eldiario.net\\\/portal\\\/#organization\"},\"potentialAction\":[{\"@type\":\"SearchAction\",\"target\":{\"@type\":\"EntryPoint\",\"urlTemplate\":\"https:\\\/\\\/www.eldiario.net\\\/portal\\\/?s={search_term_string}\"},\"query-input\":{\"@type\":\"PropertyValueSpecification\",\"valueRequired\":true,\"valueName\":\"search_term_string\"}}],\"inLanguage\":\"es\"},{\"@type\":\"Organization\",\"@id\":\"https:\\\/\\\/www.eldiario.net\\\/portal\\\/#organization\",\"name\":\"El Diario - Decano de la prensa nacional\",\"url\":\"https:\\\/\\\/www.eldiario.net\\\/portal\\\/\",\"logo\":{\"@type\":\"ImageObject\",\"inLanguage\":\"es\",\"@id\":\"https:\\\/\\\/www.eldiario.net\\\/portal\\\/#\\\/schema\\\/logo\\\/image\\\/\",\"url\":\"https:\\\/\\\/www.eldiario.net\\\/portal\\\/wp-content\\\/uploads\\\/2023\\\/07\\\/logo_ED.jpg\",\"contentUrl\":\"https:\\\/\\\/www.eldiario.net\\\/portal\\\/wp-content\\\/uploads\\\/2023\\\/07\\\/logo_ED.jpg\",\"width\":272,\"height\":52,\"caption\":\"El Diario - Decano de la prensa nacional\"},\"image\":{\"@id\":\"https:\\\/\\\/www.eldiario.net\\\/portal\\\/#\\\/schema\\\/logo\\\/image\\\/\"},\"sameAs\":[\"https:\\\/\\\/www.facebook.com\\\/eldiario.bolivia\\\/\",\"https:\\\/\\\/x.com\\\/eldiario_net\"]},{\"@type\":\"Person\",\"@id\":\"https:\\\/\\\/www.eldiario.net\\\/portal\\\/#\\\/schema\\\/person\\\/2c57cf2b7a7ae032e449e4c9b1019eac\",\"name\":\"Jeanette\",\"image\":{\"@type\":\"ImageObject\",\"inLanguage\":\"es\",\"@id\":\"https:\\\/\\\/secure.gravatar.com\\\/avatar\\\/3ea2118a5f7dad2b7138b1187a6b7ee55f160b9968b66013c3a3ef39dd7e5798?s=96&d=mm&r=g\",\"url\":\"https:\\\/\\\/secure.gravatar.com\\\/avatar\\\/3ea2118a5f7dad2b7138b1187a6b7ee55f160b9968b66013c3a3ef39dd7e5798?s=96&d=mm&r=g\",\"contentUrl\":\"https:\\\/\\\/secure.gravatar.com\\\/avatar\\\/3ea2118a5f7dad2b7138b1187a6b7ee55f160b9968b66013c3a3ef39dd7e5798?s=96&d=mm&r=g\",\"caption\":\"Jeanette\"},\"sameAs\":[\"https:\\\/\\\/www.eldiario.net\\\/portal\"],\"url\":\"https:\\\/\\\/www.eldiario.net\\\/portal\\\/author\\\/jeanette\\\/\"}]}<\/script>\n<!-- \/ Yoast SEO plugin. -->","yoast_head_json":{"title":"Argumentaci\u00f3n y debate El poder de la persuasi\u00f3n - El Diario - Bolivia","robots":{"index":"index","follow":"follow","max-snippet":"max-snippet:-1","max-image-preview":"max-image-preview:large","max-video-preview":"max-video-preview:-1"},"canonical":"https:\/\/www.eldiario.net\/portal\/2026\/07\/03\/argumentacion-y-debate-el-poder-de-la-persuasion-5\/","og_locale":"es_ES","og_type":"article","og_title":"Argumentaci\u00f3n y debate El poder de la persuasi\u00f3n - El Diario - Bolivia","og_description":"Por. Lic. H\u00e9ctor Molina &nbsp; Recordemos que\u2026 &nbsp; La contraargumentaci\u00f3n es la br\u00fajula del pensamiento cr\u00edtico. Es una t\u00e9cnica avanzada de redacci\u00f3n y oratoria que consiste en identificar un argumento opuesto a la postura propia para analizarlo, desarmarlo con l\u00f3gica y demostrar por qu\u00e9 la tesis principal sigue siendo la m\u00e1s s\u00f3lida. No se trata [&hellip;]","og_url":"https:\/\/www.eldiario.net\/portal\/2026\/07\/03\/argumentacion-y-debate-el-poder-de-la-persuasion-5\/","og_site_name":"El Diario - Bolivia","article_publisher":"https:\/\/www.facebook.com\/eldiario.bolivia\/","article_published_time":"2026-07-03T04:50:48+00:00","og_image":[{"width":450,"height":305,"url":"https:\/\/www.eldiario.net\/portal\/wp-content\/uploads\/2026\/07\/Len-El-secuestro-amigdalino-por-falacias.webp","type":"image\/webp"}],"author":"Jeanette","twitter_card":"summary_large_image","twitter_creator":"@eldiario_net","twitter_site":"@eldiario_net","twitter_misc":{"Escrito por":"Jeanette","Tiempo de lectura":"5 minutos"},"schema":{"@context":"https:\/\/schema.org","@graph":[{"@type":"Article","@id":"https:\/\/www.eldiario.net\/portal\/2026\/07\/03\/argumentacion-y-debate-el-poder-de-la-persuasion-5\/#article","isPartOf":{"@id":"https:\/\/www.eldiario.net\/portal\/2026\/07\/03\/argumentacion-y-debate-el-poder-de-la-persuasion-5\/"},"author":{"name":"Jeanette","@id":"https:\/\/www.eldiario.net\/portal\/#\/schema\/person\/2c57cf2b7a7ae032e449e4c9b1019eac"},"headline":"Argumentaci\u00f3n y debate El poder de la persuasi\u00f3n","datePublished":"2026-07-03T04:50:48+00:00","mainEntityOfPage":{"@id":"https:\/\/www.eldiario.net\/portal\/2026\/07\/03\/argumentacion-y-debate-el-poder-de-la-persuasion-5\/"},"wordCount":1034,"publisher":{"@id":"https:\/\/www.eldiario.net\/portal\/#organization"},"image":{"@id":"https:\/\/www.eldiario.net\/portal\/2026\/07\/03\/argumentacion-y-debate-el-poder-de-la-persuasion-5\/#primaryimage"},"thumbnailUrl":"https:\/\/www.eldiario.net\/portal\/wp-content\/uploads\/2026\/07\/Len-El-secuestro-amigdalino-por-falacias.webp","articleSection":["Nuevos Horizontes"],"inLanguage":"es"},{"@type":"WebPage","@id":"https:\/\/www.eldiario.net\/portal\/2026\/07\/03\/argumentacion-y-debate-el-poder-de-la-persuasion-5\/","url":"https:\/\/www.eldiario.net\/portal\/2026\/07\/03\/argumentacion-y-debate-el-poder-de-la-persuasion-5\/","name":"Argumentaci\u00f3n y debate El poder de la persuasi\u00f3n - El Diario - Bolivia","isPartOf":{"@id":"https:\/\/www.eldiario.net\/portal\/#website"},"primaryImageOfPage":{"@id":"https:\/\/www.eldiario.net\/portal\/2026\/07\/03\/argumentacion-y-debate-el-poder-de-la-persuasion-5\/#primaryimage"},"image":{"@id":"https:\/\/www.eldiario.net\/portal\/2026\/07\/03\/argumentacion-y-debate-el-poder-de-la-persuasion-5\/#primaryimage"},"thumbnailUrl":"https:\/\/www.eldiario.net\/portal\/wp-content\/uploads\/2026\/07\/Len-El-secuestro-amigdalino-por-falacias.webp","datePublished":"2026-07-03T04:50:48+00:00","breadcrumb":{"@id":"https:\/\/www.eldiario.net\/portal\/2026\/07\/03\/argumentacion-y-debate-el-poder-de-la-persuasion-5\/#breadcrumb"},"inLanguage":"es","potentialAction":[{"@type":"ReadAction","target":["https:\/\/www.eldiario.net\/portal\/2026\/07\/03\/argumentacion-y-debate-el-poder-de-la-persuasion-5\/"]}]},{"@type":"ImageObject","inLanguage":"es","@id":"https:\/\/www.eldiario.net\/portal\/2026\/07\/03\/argumentacion-y-debate-el-poder-de-la-persuasion-5\/#primaryimage","url":"https:\/\/www.eldiario.net\/portal\/wp-content\/uploads\/2026\/07\/Len-El-secuestro-amigdalino-por-falacias.webp","contentUrl":"https:\/\/www.eldiario.net\/portal\/wp-content\/uploads\/2026\/07\/Len-El-secuestro-amigdalino-por-falacias.webp","width":450,"height":305},{"@type":"BreadcrumbList","@id":"https:\/\/www.eldiario.net\/portal\/2026\/07\/03\/argumentacion-y-debate-el-poder-de-la-persuasion-5\/#breadcrumb","itemListElement":[{"@type":"ListItem","position":1,"name":"Portada","item":"https:\/\/www.eldiario.net\/portal\/"},{"@type":"ListItem","position":2,"name":"Argumentaci\u00f3n y debate El poder de la persuasi\u00f3n"}]},{"@type":"WebSite","@id":"https:\/\/www.eldiario.net\/portal\/#website","url":"https:\/\/www.eldiario.net\/portal\/","name":"El Diario - Decano de la prensa nacional","description":"El Diario - Decano de la prensa nacional","publisher":{"@id":"https:\/\/www.eldiario.net\/portal\/#organization"},"potentialAction":[{"@type":"SearchAction","target":{"@type":"EntryPoint","urlTemplate":"https:\/\/www.eldiario.net\/portal\/?s={search_term_string}"},"query-input":{"@type":"PropertyValueSpecification","valueRequired":true,"valueName":"search_term_string"}}],"inLanguage":"es"},{"@type":"Organization","@id":"https:\/\/www.eldiario.net\/portal\/#organization","name":"El Diario - Decano de la prensa nacional","url":"https:\/\/www.eldiario.net\/portal\/","logo":{"@type":"ImageObject","inLanguage":"es","@id":"https:\/\/www.eldiario.net\/portal\/#\/schema\/logo\/image\/","url":"https:\/\/www.eldiario.net\/portal\/wp-content\/uploads\/2023\/07\/logo_ED.jpg","contentUrl":"https:\/\/www.eldiario.net\/portal\/wp-content\/uploads\/2023\/07\/logo_ED.jpg","width":272,"height":52,"caption":"El Diario - Decano de la prensa nacional"},"image":{"@id":"https:\/\/www.eldiario.net\/portal\/#\/schema\/logo\/image\/"},"sameAs":["https:\/\/www.facebook.com\/eldiario.bolivia\/","https:\/\/x.com\/eldiario_net"]},{"@type":"Person","@id":"https:\/\/www.eldiario.net\/portal\/#\/schema\/person\/2c57cf2b7a7ae032e449e4c9b1019eac","name":"Jeanette","image":{"@type":"ImageObject","inLanguage":"es","@id":"https:\/\/secure.gravatar.com\/avatar\/3ea2118a5f7dad2b7138b1187a6b7ee55f160b9968b66013c3a3ef39dd7e5798?s=96&d=mm&r=g","url":"https:\/\/secure.gravatar.com\/avatar\/3ea2118a5f7dad2b7138b1187a6b7ee55f160b9968b66013c3a3ef39dd7e5798?s=96&d=mm&r=g","contentUrl":"https:\/\/secure.gravatar.com\/avatar\/3ea2118a5f7dad2b7138b1187a6b7ee55f160b9968b66013c3a3ef39dd7e5798?s=96&d=mm&r=g","caption":"Jeanette"},"sameAs":["https:\/\/www.eldiario.net\/portal"],"url":"https:\/\/www.eldiario.net\/portal\/author\/jeanette\/"}]}},"_links":{"self":[{"href":"https:\/\/www.eldiario.net\/portal\/wp-json\/wp\/v2\/posts\/409273","targetHints":{"allow":["GET"]}}],"collection":[{"href":"https:\/\/www.eldiario.net\/portal\/wp-json\/wp\/v2\/posts"}],"about":[{"href":"https:\/\/www.eldiario.net\/portal\/wp-json\/wp\/v2\/types\/post"}],"author":[{"embeddable":true,"href":"https:\/\/www.eldiario.net\/portal\/wp-json\/wp\/v2\/users\/1"}],"replies":[{"embeddable":true,"href":"https:\/\/www.eldiario.net\/portal\/wp-json\/wp\/v2\/comments?post=409273"}],"version-history":[{"count":1,"href":"https:\/\/www.eldiario.net\/portal\/wp-json\/wp\/v2\/posts\/409273\/revisions"}],"predecessor-version":[{"id":409277,"href":"https:\/\/www.eldiario.net\/portal\/wp-json\/wp\/v2\/posts\/409273\/revisions\/409277"}],"wp:featuredmedia":[{"embeddable":true,"href":"https:\/\/www.eldiario.net\/portal\/wp-json\/wp\/v2\/media\/409274"}],"wp:attachment":[{"href":"https:\/\/www.eldiario.net\/portal\/wp-json\/wp\/v2\/media?parent=409273"}],"wp:term":[{"taxonomy":"category","embeddable":true,"href":"https:\/\/www.eldiario.net\/portal\/wp-json\/wp\/v2\/categories?post=409273"},{"taxonomy":"post_tag","embeddable":true,"href":"https:\/\/www.eldiario.net\/portal\/wp-json\/wp\/v2\/tags?post=409273"}],"curies":[{"name":"wp","href":"https:\/\/api.w.org\/{rel}","templated":true}]}}