{"id":409248,"date":"2026-07-03T00:34:23","date_gmt":"2026-07-03T04:34:23","guid":{"rendered":"https:\/\/www.eldiario.net\/portal\/?p=409248"},"modified":"2026-07-02T22:35:10","modified_gmt":"2026-07-03T02:35:10","slug":"aprehenden-a-subteniente-del-ejercito-por-municion-incautada-2","status":"publish","type":"post","link":"https:\/\/www.eldiario.net\/portal\/2026\/07\/03\/aprehenden-a-subteniente-del-ejercito-por-municion-incautada-2\/","title":{"rendered":"Aprehenden a subteniente del Ej\u00e9rcito por munici\u00f3n incautada"},"content":{"rendered":"<p>Un subteniente del Ej\u00e9rcito fue aprehendido y puesto a disposici\u00f3n del Ministerio P\u00fablico en el marco de la investigaci\u00f3n por la munici\u00f3n incautada durante un operativo antidroga realizado en Villa Tunari, en el Tr\u00f3pico de Cochabamba.<\/p>\n<p>La investigaci\u00f3n que deriv\u00f3 en la aprehensi\u00f3n del oficial comenz\u00f3 tras un operativo ejecutado por efectivos de la Unidad M\u00f3vil de Patrullaje Rural (Umopar) Chapare en la comunidad Villa 14 de Septiembre, municipio de Villa Tunari, donde fueron capturadas tres personas y se secuestr\u00f3 armamento, munici\u00f3n, sustancias controladas, veh\u00edculos y otros elementos.<\/p>\n<p>El ministro de Defensa, Ernesto Justiniano, inform\u00f3 que el operativo fue desarrollado a partir de informaci\u00f3n de inteligencia obtenida en investigaciones anteriores relacionadas con laboratorios de droga, armas y munici\u00f3n. Como resultado de esa intervenci\u00f3n fueron aprehendidos tres ciudadanos de nacionalidad colombiana, quienes quedaron bajo investigaci\u00f3n.<\/p>\n<p>Seg\u00fan explic\u00f3 la autoridad, el an\u00e1lisis del material secuestrado permiti\u00f3 identificar indicios que abrieron una nueva l\u00ednea de investigaci\u00f3n destinada a establecer de d\u00f3nde proviene parte de la munici\u00f3n incautada durante el operativo.<\/p>\n<p>Como parte de esas pesquisas, se realiz\u00f3 una inspecci\u00f3n en el Regimiento de Infanter\u00eda RI-31 \u00abCnel. R\u00edos\u00bb, con la participaci\u00f3n de efectivos de Umopar, representantes del Ministerio P\u00fablico y personal militar. Justiniano se\u00f1al\u00f3 que la diligencia fue coordinada previamente con las autoridades militares y se llev\u00f3 a cabo conforme a los protocolos establecidos.<\/p>\n<p>Durante la intervenci\u00f3n se verific\u00f3 el armamento asignado a la unidad militar, as\u00ed como la documentaci\u00f3n correspondiente a su administraci\u00f3n. Asimismo, se precint\u00f3 un ambiente vinculado al oficial investigado, mientras continuaban las diligencias dentro de la instalaci\u00f3n militar.<\/p>\n<p>Justiniano indic\u00f3 que el subteniente aprehendido ten\u00eda bajo su responsabilidad el material asignado a esa unidad y, tras su captura, fue puesto a disposici\u00f3n del Ministerio P\u00fablico para la continuidad de la investigaci\u00f3n.<\/p>\n<p>Como parte de la inspecci\u00f3n tambi\u00e9n fueron secuestradas granadas, cartuchos y munici\u00f3n que, de acuerdo con el reporte difundido por la autoridad, no estaban registrados en los inventarios oficiales del regimiento. Todo ese material qued\u00f3 sujeto a una verificaci\u00f3n pericial para establecer su procedencia.<\/p>\n<p>Justiniano a\u00f1adi\u00f3 que, paralelamente al proceso penal, se dispuso la apertura de un sumario informativo militar con el objetivo de determinar si existieron responsabilidades administrativas o disciplinarias dentro de la instituci\u00f3n por el manejo del material b\u00e9lico.<\/p>\n<p>Asimismo, se\u00f1al\u00f3 que instruy\u00f3 brindar plena colaboraci\u00f3n al Ministerio P\u00fablico durante todas las actuaciones investigativas y activar los mecanismos internos necesarios para contribuir al esclarecimiento del caso.<\/p>\n<p>La autoridad sostuvo que las investigaciones permitir\u00e1n determinar las responsabilidades que correspondan y establecer c\u00f3mo parte de la munici\u00f3n lleg\u00f3 a estar bajo investigaci\u00f3n. A\u00f1adi\u00f3 que el armamento pertenece al Estado y debe permanecer bajo estrictos mecanismos de control, por lo que cualquier irregularidad en su administraci\u00f3n debe ser esclarecida mediante las investigaciones penales y los procesos internos correspondientes.<\/p>\n<p>Por otra parte, el ministro de Gobierno, Marco Antonio Oviedo, se\u00f1al\u00f3 que el caso contin\u00faa en etapa de investigaci\u00f3n y que se han identificado m\u00e1s de un hallazgo relacionado con armamento de guerra durante los operativos realizados en el tr\u00f3pico cochabambino.<\/p>\n<p>Asimismo, indic\u00f3 que una de las hip\u00f3tesis que se maneja dentro del proceso investigativo apunta a una posible vinculaci\u00f3n del efectivo militar con la provisi\u00f3n de armas a grupos irregulares, aunque aclar\u00f3 que se trata de informaci\u00f3n preliminar que a\u00fan est\u00e1 siendo verificada por las autoridades competentes.<\/p>\n","protected":false},"excerpt":{"rendered":"<p>Un subteniente del Ej\u00e9rcito fue aprehendido y puesto a disposici\u00f3n del Ministerio P\u00fablico en el marco de la investigaci\u00f3n por la munici\u00f3n incautada durante un operativo antidroga realizado en Villa Tunari, en el Tr\u00f3pico de Cochabamba. La investigaci\u00f3n que deriv\u00f3 en la aprehensi\u00f3n del oficial comenz\u00f3 tras un operativo ejecutado por efectivos de la Unidad [&hellip;]<\/p>\n","protected":false},"author":1,"featured_media":409249,"comment_status":"closed","ping_status":"open","sticky":false,"template":"","format":"standard","meta":{"_acf_changed":false,"footnotes":""},"categories":[39],"tags":[],"class_list":["post-409248","post","type-post","status-publish","format-standard","has-post-thumbnail","category-sociedad"],"acf":{"antetitulo":"Tras operativo antidroga"},"yoast_head":"<!-- This site is optimized with the Yoast SEO plugin v28.4 - https:\/\/yoast.com\/product\/yoast-seo-wordpress\/ -->\n<title>Aprehenden a subteniente del Ej\u00e9rcito por munici\u00f3n incautada - El Diario - Bolivia<\/title>\n<meta name=\"robots\" content=\"index, follow, max-snippet:-1, max-image-preview:large, max-video-preview:-1\" \/>\n<link rel=\"canonical\" href=\"https:\/\/www.eldiario.net\/portal\/2026\/07\/03\/aprehenden-a-subteniente-del-ejercito-por-municion-incautada-2\/\" \/>\n<meta property=\"og:locale\" content=\"es_ES\" \/>\n<meta property=\"og:type\" content=\"article\" \/>\n<meta property=\"og:title\" content=\"Aprehenden a subteniente del Ej\u00e9rcito por munici\u00f3n incautada - El Diario - Bolivia\" \/>\n<meta property=\"og:description\" content=\"Un subteniente del Ej\u00e9rcito fue aprehendido y puesto a disposici\u00f3n del Ministerio P\u00fablico en el marco de la investigaci\u00f3n por la munici\u00f3n incautada durante un operativo antidroga realizado en Villa Tunari, en el Tr\u00f3pico de Cochabamba. La investigaci\u00f3n que deriv\u00f3 en la aprehensi\u00f3n del oficial comenz\u00f3 tras un operativo ejecutado por efectivos de la Unidad [&hellip;]\" \/>\n<meta property=\"og:url\" content=\"https:\/\/www.eldiario.net\/portal\/2026\/07\/03\/aprehenden-a-subteniente-del-ejercito-por-municion-incautada-2\/\" \/>\n<meta property=\"og:site_name\" content=\"El Diario - Bolivia\" \/>\n<meta property=\"article:publisher\" content=\"https:\/\/www.facebook.com\/eldiario.bolivia\/\" \/>\n<meta property=\"article:published_time\" content=\"2026-07-03T04:34:23+00:00\" \/>\n<meta property=\"og:image\" content=\"https:\/\/www.eldiario.net\/portal\/wp-content\/uploads\/2026\/07\/3-MILITAR.webp\" \/>\n\t<meta property=\"og:image:width\" content=\"1600\" \/>\n\t<meta property=\"og:image:height\" content=\"1200\" \/>\n\t<meta property=\"og:image:type\" content=\"image\/webp\" \/>\n<meta name=\"author\" content=\"Jeanette\" \/>\n<meta name=\"twitter:card\" content=\"summary_large_image\" \/>\n<meta name=\"twitter:creator\" content=\"@eldiario_net\" \/>\n<meta name=\"twitter:site\" content=\"@eldiario_net\" \/>\n<meta name=\"twitter:label1\" content=\"Escrito por\" \/>\n\t<meta name=\"twitter:data1\" content=\"Jeanette\" \/>\n\t<meta name=\"twitter:label2\" content=\"Tiempo de lectura\" \/>\n\t<meta name=\"twitter:data2\" content=\"3 minutos\" \/>\n<script type=\"application\/ld+json\" class=\"yoast-schema-graph\">{\"@context\":\"https:\\\/\\\/schema.org\",\"@graph\":[{\"@type\":\"Article\",\"@id\":\"https:\\\/\\\/www.eldiario.net\\\/portal\\\/2026\\\/07\\\/03\\\/aprehenden-a-subteniente-del-ejercito-por-municion-incautada-2\\\/#article\",\"isPartOf\":{\"@id\":\"https:\\\/\\\/www.eldiario.net\\\/portal\\\/2026\\\/07\\\/03\\\/aprehenden-a-subteniente-del-ejercito-por-municion-incautada-2\\\/\"},\"author\":{\"name\":\"Jeanette\",\"@id\":\"https:\\\/\\\/www.eldiario.net\\\/portal\\\/#\\\/schema\\\/person\\\/2c57cf2b7a7ae032e449e4c9b1019eac\"},\"headline\":\"Aprehenden a subteniente del Ej\u00e9rcito por munici\u00f3n incautada\",\"datePublished\":\"2026-07-03T04:34:23+00:00\",\"mainEntityOfPage\":{\"@id\":\"https:\\\/\\\/www.eldiario.net\\\/portal\\\/2026\\\/07\\\/03\\\/aprehenden-a-subteniente-del-ejercito-por-municion-incautada-2\\\/\"},\"wordCount\":616,\"publisher\":{\"@id\":\"https:\\\/\\\/www.eldiario.net\\\/portal\\\/#organization\"},\"image\":{\"@id\":\"https:\\\/\\\/www.eldiario.net\\\/portal\\\/2026\\\/07\\\/03\\\/aprehenden-a-subteniente-del-ejercito-por-municion-incautada-2\\\/#primaryimage\"},\"thumbnailUrl\":\"https:\\\/\\\/www.eldiario.net\\\/portal\\\/wp-content\\\/uploads\\\/2026\\\/07\\\/3-MILITAR.webp\",\"articleSection\":[\"Sociedad - Seguridad\"],\"inLanguage\":\"es\"},{\"@type\":\"WebPage\",\"@id\":\"https:\\\/\\\/www.eldiario.net\\\/portal\\\/2026\\\/07\\\/03\\\/aprehenden-a-subteniente-del-ejercito-por-municion-incautada-2\\\/\",\"url\":\"https:\\\/\\\/www.eldiario.net\\\/portal\\\/2026\\\/07\\\/03\\\/aprehenden-a-subteniente-del-ejercito-por-municion-incautada-2\\\/\",\"name\":\"Aprehenden a subteniente del Ej\u00e9rcito por munici\u00f3n incautada - El Diario - Bolivia\",\"isPartOf\":{\"@id\":\"https:\\\/\\\/www.eldiario.net\\\/portal\\\/#website\"},\"primaryImageOfPage\":{\"@id\":\"https:\\\/\\\/www.eldiario.net\\\/portal\\\/2026\\\/07\\\/03\\\/aprehenden-a-subteniente-del-ejercito-por-municion-incautada-2\\\/#primaryimage\"},\"image\":{\"@id\":\"https:\\\/\\\/www.eldiario.net\\\/portal\\\/2026\\\/07\\\/03\\\/aprehenden-a-subteniente-del-ejercito-por-municion-incautada-2\\\/#primaryimage\"},\"thumbnailUrl\":\"https:\\\/\\\/www.eldiario.net\\\/portal\\\/wp-content\\\/uploads\\\/2026\\\/07\\\/3-MILITAR.webp\",\"datePublished\":\"2026-07-03T04:34:23+00:00\",\"breadcrumb\":{\"@id\":\"https:\\\/\\\/www.eldiario.net\\\/portal\\\/2026\\\/07\\\/03\\\/aprehenden-a-subteniente-del-ejercito-por-municion-incautada-2\\\/#breadcrumb\"},\"inLanguage\":\"es\",\"potentialAction\":[{\"@type\":\"ReadAction\",\"target\":[\"https:\\\/\\\/www.eldiario.net\\\/portal\\\/2026\\\/07\\\/03\\\/aprehenden-a-subteniente-del-ejercito-por-municion-incautada-2\\\/\"]}]},{\"@type\":\"ImageObject\",\"inLanguage\":\"es\",\"@id\":\"https:\\\/\\\/www.eldiario.net\\\/portal\\\/2026\\\/07\\\/03\\\/aprehenden-a-subteniente-del-ejercito-por-municion-incautada-2\\\/#primaryimage\",\"url\":\"https:\\\/\\\/www.eldiario.net\\\/portal\\\/wp-content\\\/uploads\\\/2026\\\/07\\\/3-MILITAR.webp\",\"contentUrl\":\"https:\\\/\\\/www.eldiario.net\\\/portal\\\/wp-content\\\/uploads\\\/2026\\\/07\\\/3-MILITAR.webp\",\"width\":1600,\"height\":1200,\"caption\":\"El militar es investigado por presuntamente proveer armas a grupos delictivos. Cr\u00e9dito de foto: RRSS\"},{\"@type\":\"BreadcrumbList\",\"@id\":\"https:\\\/\\\/www.eldiario.net\\\/portal\\\/2026\\\/07\\\/03\\\/aprehenden-a-subteniente-del-ejercito-por-municion-incautada-2\\\/#breadcrumb\",\"itemListElement\":[{\"@type\":\"ListItem\",\"position\":1,\"name\":\"Portada\",\"item\":\"https:\\\/\\\/www.eldiario.net\\\/portal\\\/\"},{\"@type\":\"ListItem\",\"position\":2,\"name\":\"Aprehenden a subteniente del Ej\u00e9rcito por munici\u00f3n incautada\"}]},{\"@type\":\"WebSite\",\"@id\":\"https:\\\/\\\/www.eldiario.net\\\/portal\\\/#website\",\"url\":\"https:\\\/\\\/www.eldiario.net\\\/portal\\\/\",\"name\":\"El Diario - Decano de la prensa nacional\",\"description\":\"El Diario - Decano de la prensa nacional\",\"publisher\":{\"@id\":\"https:\\\/\\\/www.eldiario.net\\\/portal\\\/#organization\"},\"potentialAction\":[{\"@type\":\"SearchAction\",\"target\":{\"@type\":\"EntryPoint\",\"urlTemplate\":\"https:\\\/\\\/www.eldiario.net\\\/portal\\\/?s={search_term_string}\"},\"query-input\":{\"@type\":\"PropertyValueSpecification\",\"valueRequired\":true,\"valueName\":\"search_term_string\"}}],\"inLanguage\":\"es\"},{\"@type\":\"Organization\",\"@id\":\"https:\\\/\\\/www.eldiario.net\\\/portal\\\/#organization\",\"name\":\"El Diario - Decano de la prensa nacional\",\"url\":\"https:\\\/\\\/www.eldiario.net\\\/portal\\\/\",\"logo\":{\"@type\":\"ImageObject\",\"inLanguage\":\"es\",\"@id\":\"https:\\\/\\\/www.eldiario.net\\\/portal\\\/#\\\/schema\\\/logo\\\/image\\\/\",\"url\":\"https:\\\/\\\/www.eldiario.net\\\/portal\\\/wp-content\\\/uploads\\\/2023\\\/07\\\/logo_ED.jpg\",\"contentUrl\":\"https:\\\/\\\/www.eldiario.net\\\/portal\\\/wp-content\\\/uploads\\\/2023\\\/07\\\/logo_ED.jpg\",\"width\":272,\"height\":52,\"caption\":\"El Diario - Decano de la prensa nacional\"},\"image\":{\"@id\":\"https:\\\/\\\/www.eldiario.net\\\/portal\\\/#\\\/schema\\\/logo\\\/image\\\/\"},\"sameAs\":[\"https:\\\/\\\/www.facebook.com\\\/eldiario.bolivia\\\/\",\"https:\\\/\\\/x.com\\\/eldiario_net\"]},{\"@type\":\"Person\",\"@id\":\"https:\\\/\\\/www.eldiario.net\\\/portal\\\/#\\\/schema\\\/person\\\/2c57cf2b7a7ae032e449e4c9b1019eac\",\"name\":\"Jeanette\",\"image\":{\"@type\":\"ImageObject\",\"inLanguage\":\"es\",\"@id\":\"https:\\\/\\\/secure.gravatar.com\\\/avatar\\\/3ea2118a5f7dad2b7138b1187a6b7ee55f160b9968b66013c3a3ef39dd7e5798?s=96&d=mm&r=g\",\"url\":\"https:\\\/\\\/secure.gravatar.com\\\/avatar\\\/3ea2118a5f7dad2b7138b1187a6b7ee55f160b9968b66013c3a3ef39dd7e5798?s=96&d=mm&r=g\",\"contentUrl\":\"https:\\\/\\\/secure.gravatar.com\\\/avatar\\\/3ea2118a5f7dad2b7138b1187a6b7ee55f160b9968b66013c3a3ef39dd7e5798?s=96&d=mm&r=g\",\"caption\":\"Jeanette\"},\"sameAs\":[\"https:\\\/\\\/www.eldiario.net\\\/portal\"],\"url\":\"https:\\\/\\\/www.eldiario.net\\\/portal\\\/author\\\/jeanette\\\/\"}]}<\/script>\n<!-- \/ Yoast SEO plugin. -->","yoast_head_json":{"title":"Aprehenden a subteniente del Ej\u00e9rcito por munici\u00f3n incautada - El Diario - Bolivia","robots":{"index":"index","follow":"follow","max-snippet":"max-snippet:-1","max-image-preview":"max-image-preview:large","max-video-preview":"max-video-preview:-1"},"canonical":"https:\/\/www.eldiario.net\/portal\/2026\/07\/03\/aprehenden-a-subteniente-del-ejercito-por-municion-incautada-2\/","og_locale":"es_ES","og_type":"article","og_title":"Aprehenden a subteniente del Ej\u00e9rcito por munici\u00f3n incautada - El Diario - Bolivia","og_description":"Un subteniente del Ej\u00e9rcito fue aprehendido y puesto a disposici\u00f3n del Ministerio P\u00fablico en el marco de la investigaci\u00f3n por la munici\u00f3n incautada durante un operativo antidroga realizado en Villa Tunari, en el Tr\u00f3pico de Cochabamba. La investigaci\u00f3n que deriv\u00f3 en la aprehensi\u00f3n del oficial comenz\u00f3 tras un operativo ejecutado por efectivos de la Unidad [&hellip;]","og_url":"https:\/\/www.eldiario.net\/portal\/2026\/07\/03\/aprehenden-a-subteniente-del-ejercito-por-municion-incautada-2\/","og_site_name":"El Diario - Bolivia","article_publisher":"https:\/\/www.facebook.com\/eldiario.bolivia\/","article_published_time":"2026-07-03T04:34:23+00:00","og_image":[{"width":1600,"height":1200,"url":"https:\/\/www.eldiario.net\/portal\/wp-content\/uploads\/2026\/07\/3-MILITAR.webp","type":"image\/webp"}],"author":"Jeanette","twitter_card":"summary_large_image","twitter_creator":"@eldiario_net","twitter_site":"@eldiario_net","twitter_misc":{"Escrito por":"Jeanette","Tiempo de lectura":"3 minutos"},"schema":{"@context":"https:\/\/schema.org","@graph":[{"@type":"Article","@id":"https:\/\/www.eldiario.net\/portal\/2026\/07\/03\/aprehenden-a-subteniente-del-ejercito-por-municion-incautada-2\/#article","isPartOf":{"@id":"https:\/\/www.eldiario.net\/portal\/2026\/07\/03\/aprehenden-a-subteniente-del-ejercito-por-municion-incautada-2\/"},"author":{"name":"Jeanette","@id":"https:\/\/www.eldiario.net\/portal\/#\/schema\/person\/2c57cf2b7a7ae032e449e4c9b1019eac"},"headline":"Aprehenden a subteniente del Ej\u00e9rcito por munici\u00f3n incautada","datePublished":"2026-07-03T04:34:23+00:00","mainEntityOfPage":{"@id":"https:\/\/www.eldiario.net\/portal\/2026\/07\/03\/aprehenden-a-subteniente-del-ejercito-por-municion-incautada-2\/"},"wordCount":616,"publisher":{"@id":"https:\/\/www.eldiario.net\/portal\/#organization"},"image":{"@id":"https:\/\/www.eldiario.net\/portal\/2026\/07\/03\/aprehenden-a-subteniente-del-ejercito-por-municion-incautada-2\/#primaryimage"},"thumbnailUrl":"https:\/\/www.eldiario.net\/portal\/wp-content\/uploads\/2026\/07\/3-MILITAR.webp","articleSection":["Sociedad - Seguridad"],"inLanguage":"es"},{"@type":"WebPage","@id":"https:\/\/www.eldiario.net\/portal\/2026\/07\/03\/aprehenden-a-subteniente-del-ejercito-por-municion-incautada-2\/","url":"https:\/\/www.eldiario.net\/portal\/2026\/07\/03\/aprehenden-a-subteniente-del-ejercito-por-municion-incautada-2\/","name":"Aprehenden a subteniente del Ej\u00e9rcito por munici\u00f3n incautada - El Diario - Bolivia","isPartOf":{"@id":"https:\/\/www.eldiario.net\/portal\/#website"},"primaryImageOfPage":{"@id":"https:\/\/www.eldiario.net\/portal\/2026\/07\/03\/aprehenden-a-subteniente-del-ejercito-por-municion-incautada-2\/#primaryimage"},"image":{"@id":"https:\/\/www.eldiario.net\/portal\/2026\/07\/03\/aprehenden-a-subteniente-del-ejercito-por-municion-incautada-2\/#primaryimage"},"thumbnailUrl":"https:\/\/www.eldiario.net\/portal\/wp-content\/uploads\/2026\/07\/3-MILITAR.webp","datePublished":"2026-07-03T04:34:23+00:00","breadcrumb":{"@id":"https:\/\/www.eldiario.net\/portal\/2026\/07\/03\/aprehenden-a-subteniente-del-ejercito-por-municion-incautada-2\/#breadcrumb"},"inLanguage":"es","potentialAction":[{"@type":"ReadAction","target":["https:\/\/www.eldiario.net\/portal\/2026\/07\/03\/aprehenden-a-subteniente-del-ejercito-por-municion-incautada-2\/"]}]},{"@type":"ImageObject","inLanguage":"es","@id":"https:\/\/www.eldiario.net\/portal\/2026\/07\/03\/aprehenden-a-subteniente-del-ejercito-por-municion-incautada-2\/#primaryimage","url":"https:\/\/www.eldiario.net\/portal\/wp-content\/uploads\/2026\/07\/3-MILITAR.webp","contentUrl":"https:\/\/www.eldiario.net\/portal\/wp-content\/uploads\/2026\/07\/3-MILITAR.webp","width":1600,"height":1200,"caption":"El militar es investigado por presuntamente proveer armas a grupos delictivos. Cr\u00e9dito de foto: RRSS"},{"@type":"BreadcrumbList","@id":"https:\/\/www.eldiario.net\/portal\/2026\/07\/03\/aprehenden-a-subteniente-del-ejercito-por-municion-incautada-2\/#breadcrumb","itemListElement":[{"@type":"ListItem","position":1,"name":"Portada","item":"https:\/\/www.eldiario.net\/portal\/"},{"@type":"ListItem","position":2,"name":"Aprehenden a subteniente del Ej\u00e9rcito por munici\u00f3n incautada"}]},{"@type":"WebSite","@id":"https:\/\/www.eldiario.net\/portal\/#website","url":"https:\/\/www.eldiario.net\/portal\/","name":"El Diario - Decano de la prensa nacional","description":"El Diario - Decano de la prensa nacional","publisher":{"@id":"https:\/\/www.eldiario.net\/portal\/#organization"},"potentialAction":[{"@type":"SearchAction","target":{"@type":"EntryPoint","urlTemplate":"https:\/\/www.eldiario.net\/portal\/?s={search_term_string}"},"query-input":{"@type":"PropertyValueSpecification","valueRequired":true,"valueName":"search_term_string"}}],"inLanguage":"es"},{"@type":"Organization","@id":"https:\/\/www.eldiario.net\/portal\/#organization","name":"El Diario - Decano de la prensa nacional","url":"https:\/\/www.eldiario.net\/portal\/","logo":{"@type":"ImageObject","inLanguage":"es","@id":"https:\/\/www.eldiario.net\/portal\/#\/schema\/logo\/image\/","url":"https:\/\/www.eldiario.net\/portal\/wp-content\/uploads\/2023\/07\/logo_ED.jpg","contentUrl":"https:\/\/www.eldiario.net\/portal\/wp-content\/uploads\/2023\/07\/logo_ED.jpg","width":272,"height":52,"caption":"El Diario - Decano de la prensa nacional"},"image":{"@id":"https:\/\/www.eldiario.net\/portal\/#\/schema\/logo\/image\/"},"sameAs":["https:\/\/www.facebook.com\/eldiario.bolivia\/","https:\/\/x.com\/eldiario_net"]},{"@type":"Person","@id":"https:\/\/www.eldiario.net\/portal\/#\/schema\/person\/2c57cf2b7a7ae032e449e4c9b1019eac","name":"Jeanette","image":{"@type":"ImageObject","inLanguage":"es","@id":"https:\/\/secure.gravatar.com\/avatar\/3ea2118a5f7dad2b7138b1187a6b7ee55f160b9968b66013c3a3ef39dd7e5798?s=96&d=mm&r=g","url":"https:\/\/secure.gravatar.com\/avatar\/3ea2118a5f7dad2b7138b1187a6b7ee55f160b9968b66013c3a3ef39dd7e5798?s=96&d=mm&r=g","contentUrl":"https:\/\/secure.gravatar.com\/avatar\/3ea2118a5f7dad2b7138b1187a6b7ee55f160b9968b66013c3a3ef39dd7e5798?s=96&d=mm&r=g","caption":"Jeanette"},"sameAs":["https:\/\/www.eldiario.net\/portal"],"url":"https:\/\/www.eldiario.net\/portal\/author\/jeanette\/"}]}},"_links":{"self":[{"href":"https:\/\/www.eldiario.net\/portal\/wp-json\/wp\/v2\/posts\/409248","targetHints":{"allow":["GET"]}}],"collection":[{"href":"https:\/\/www.eldiario.net\/portal\/wp-json\/wp\/v2\/posts"}],"about":[{"href":"https:\/\/www.eldiario.net\/portal\/wp-json\/wp\/v2\/types\/post"}],"author":[{"embeddable":true,"href":"https:\/\/www.eldiario.net\/portal\/wp-json\/wp\/v2\/users\/1"}],"replies":[{"embeddable":true,"href":"https:\/\/www.eldiario.net\/portal\/wp-json\/wp\/v2\/comments?post=409248"}],"version-history":[{"count":1,"href":"https:\/\/www.eldiario.net\/portal\/wp-json\/wp\/v2\/posts\/409248\/revisions"}],"predecessor-version":[{"id":409250,"href":"https:\/\/www.eldiario.net\/portal\/wp-json\/wp\/v2\/posts\/409248\/revisions\/409250"}],"wp:featuredmedia":[{"embeddable":true,"href":"https:\/\/www.eldiario.net\/portal\/wp-json\/wp\/v2\/media\/409249"}],"wp:attachment":[{"href":"https:\/\/www.eldiario.net\/portal\/wp-json\/wp\/v2\/media?parent=409248"}],"wp:term":[{"taxonomy":"category","embeddable":true,"href":"https:\/\/www.eldiario.net\/portal\/wp-json\/wp\/v2\/categories?post=409248"},{"taxonomy":"post_tag","embeddable":true,"href":"https:\/\/www.eldiario.net\/portal\/wp-json\/wp\/v2\/tags?post=409248"}],"curies":[{"name":"wp","href":"https:\/\/api.w.org\/{rel}","templated":true}]}}