{"id":409000,"date":"2026-07-02T06:55:05","date_gmt":"2026-07-02T10:55:05","guid":{"rendered":"https:\/\/www.eldiario.net\/portal\/?p=409000"},"modified":"2026-07-02T06:55:05","modified_gmt":"2026-07-02T10:55:05","slug":"ypfb-asegura-72-millones-de-litros-de-diesel-a-productores-crucenos","status":"publish","type":"post","link":"https:\/\/www.eldiario.net\/portal\/2026\/07\/02\/ypfb-asegura-72-millones-de-litros-de-diesel-a-productores-crucenos\/","title":{"rendered":"YPFB asegura 72 millones de litros  de di\u00e9sel a productores cruce\u00f1os"},"content":{"rendered":"<p>La estatal YPFB suscribi\u00f3 ayer un acuerdo con la C\u00e1mara Agropecuaria del Oriente (CAO) y los principales sectores productivos de Santa Cruz, para garantizar el abastecimiento de 3 millones de litros diarios de di\u00e9sel, equivalentes a 72 millones de litros durante el mes de julio, con el objetivo de respaldar el desarrollo de la campa\u00f1a de invierno y la zafra ca\u00f1era en el departamento.<\/p>\n<p>El acuerdo fue suscrito luego de una reuni\u00f3n encabezada por el ministro de Hidrocarburos y Energ\u00edas, Marcelo Blanco; el presidente de YPFB, Sebasti\u00e1n Daroca, el presidente de la CAO, Klaus Frerking, adem\u00e1s de representantes de la Asociaci\u00f3n de Productores de Oleaginosas y Trigo (Anapo), productores ca\u00f1eros, ganaderos y otros subsectores del aparato productivo cruce\u00f1o.<\/p>\n<p>\u00abNos hemos reunido con la CAO y con varios subsectores para encontrar una soluci\u00f3n al abastecimiento de di\u00e9sel para el sector agroindustrial y agropecuario. Hemos llegado a varios acuerdos importantes que reflejan el firme compromiso del Gobierno de apoyar al sector productivo\u00bb, afirm\u00f3 el ministro Blanco.<\/p>\n<p>De acuerdo con el acta de siete puntos, suscrita en instalaciones de YPFB, el principal compromiso asumido por la petrolera estatal establece un abastecimiento de 3 millones de litros diarios de di\u00e9sel, volumen que supera la programaci\u00f3n del Comit\u00e9 de Producci\u00f3n y Demanda (Prode) prevista para julio, lo que permitir\u00e1 alcanzar 72 millones de litros destinados al departamento de Santa Cruz.<\/p>\n<p>Asimismo, se acord\u00f3 retomar el suministro mediante cisternas m\u00f3viles para atender a peque\u00f1os productores en las distintas zonas productivas, cuando as\u00ed lo requieran sus organizaciones, y garantizar\u00e1 el abastecimiento a clientes directos y grandes consumidores agropecuarios conforme a los vol\u00famenes asignados en sus registros habilitados.<\/p>\n<p>Adem\u00e1s, el Ministerio de Hidrocarburos evaluar\u00e1 medidas para facilitar la importaci\u00f3n de combustibles por parte del sector privado y la importaci\u00f3n de veh\u00edculos di\u00e9sel de menor cilindrada.<\/p>\n<p>El presidente de la CAO, Klaus Frerking, destac\u00f3 la apertura al di\u00e1logo y el compromiso asumido por el Gobierno y YPFB para atender las necesidades del sector productivo en un momento clave del calendario agr\u00edcola. \u00abEso va a calmar el inicio de nuestra zafra, que ya est\u00e1 atrasada, y permitir\u00e1 avanzar con la cosecha de ca\u00f1a, sorgo y el resto de la producci\u00f3n agr\u00edcola\u00bb, se\u00f1al\u00f3 Frerking.<\/p>\n<p>Durante la conferencia de prensa, representantes de Anapo tambi\u00e9n valoraron el compromiso de abastecimiento para julio y la implementaci\u00f3n de cisternas m\u00f3viles destinadas a facilitar el suministro de di\u00e9sel a peque\u00f1os productores ubicados en las zonas m\u00e1s alejadas del departamento.<\/p>\n<p>Como parte del acta suscrita, YPFB tambi\u00e9n se comprometi\u00f3 a regularizar los pagos pendientes del Programa Etanol, conforme al cronograma que ser\u00e1 definido entre las partes.<\/p>\n","protected":false},"excerpt":{"rendered":"<p>La estatal YPFB suscribi\u00f3 ayer un acuerdo con la C\u00e1mara Agropecuaria del Oriente (CAO) y los principales sectores productivos de Santa Cruz, para garantizar el abastecimiento de 3 millones de litros diarios de di\u00e9sel, equivalentes a 72 millones de litros durante el mes de julio, con el objetivo de respaldar el desarrollo de la campa\u00f1a [&hellip;]<\/p>\n","protected":false},"author":1,"featured_media":409001,"comment_status":"closed","ping_status":"open","sticky":false,"template":"","format":"standard","meta":{"_acf_changed":false,"footnotes":""},"categories":[12],"tags":[],"class_list":["post-409000","post","type-post","status-publish","format-standard","has-post-thumbnail","category-nacional"],"acf":{"antetitulo":""},"yoast_head":"<!-- This site is optimized with the Yoast SEO plugin v28.3 - https:\/\/yoast.com\/product\/yoast-seo-wordpress\/ -->\n<title>YPFB asegura 72 millones de litros de di\u00e9sel a productores cruce\u00f1os - El Diario - Bolivia<\/title>\n<meta name=\"robots\" content=\"index, follow, max-snippet:-1, max-image-preview:large, max-video-preview:-1\" \/>\n<link rel=\"canonical\" href=\"https:\/\/www.eldiario.net\/portal\/2026\/07\/02\/ypfb-asegura-72-millones-de-litros-de-diesel-a-productores-crucenos\/\" \/>\n<meta property=\"og:locale\" content=\"es_ES\" \/>\n<meta property=\"og:type\" content=\"article\" \/>\n<meta property=\"og:title\" content=\"YPFB asegura 72 millones de litros de di\u00e9sel a productores cruce\u00f1os - El Diario - Bolivia\" \/>\n<meta property=\"og:description\" content=\"La estatal YPFB suscribi\u00f3 ayer un acuerdo con la C\u00e1mara Agropecuaria del Oriente (CAO) y los principales sectores productivos de Santa Cruz, para garantizar el abastecimiento de 3 millones de litros diarios de di\u00e9sel, equivalentes a 72 millones de litros durante el mes de julio, con el objetivo de respaldar el desarrollo de la campa\u00f1a [&hellip;]\" \/>\n<meta property=\"og:url\" content=\"https:\/\/www.eldiario.net\/portal\/2026\/07\/02\/ypfb-asegura-72-millones-de-litros-de-diesel-a-productores-crucenos\/\" \/>\n<meta property=\"og:site_name\" content=\"El Diario - Bolivia\" \/>\n<meta property=\"article:publisher\" content=\"https:\/\/www.facebook.com\/eldiario.bolivia\/\" \/>\n<meta property=\"article:published_time\" content=\"2026-07-02T10:55:05+00:00\" \/>\n<meta property=\"og:image\" content=\"https:\/\/www.eldiario.net\/portal\/wp-content\/uploads\/2026\/07\/YPFB-FOTO-1.webp\" \/>\n\t<meta property=\"og:image:width\" content=\"1600\" \/>\n\t<meta property=\"og:image:height\" content=\"1066\" \/>\n\t<meta property=\"og:image:type\" content=\"image\/webp\" \/>\n<meta name=\"author\" content=\"Jeanette\" \/>\n<meta name=\"twitter:card\" content=\"summary_large_image\" \/>\n<meta name=\"twitter:creator\" content=\"@eldiario_net\" \/>\n<meta name=\"twitter:site\" content=\"@eldiario_net\" \/>\n<meta name=\"twitter:label1\" content=\"Escrito por\" \/>\n\t<meta name=\"twitter:data1\" content=\"Jeanette\" \/>\n\t<meta name=\"twitter:label2\" content=\"Tiempo de lectura\" \/>\n\t<meta name=\"twitter:data2\" content=\"3 minutos\" \/>\n<script type=\"application\/ld+json\" class=\"yoast-schema-graph\">{\"@context\":\"https:\\\/\\\/schema.org\",\"@graph\":[{\"@type\":\"Article\",\"@id\":\"https:\\\/\\\/www.eldiario.net\\\/portal\\\/2026\\\/07\\\/02\\\/ypfb-asegura-72-millones-de-litros-de-diesel-a-productores-crucenos\\\/#article\",\"isPartOf\":{\"@id\":\"https:\\\/\\\/www.eldiario.net\\\/portal\\\/2026\\\/07\\\/02\\\/ypfb-asegura-72-millones-de-litros-de-diesel-a-productores-crucenos\\\/\"},\"author\":{\"name\":\"Jeanette\",\"@id\":\"https:\\\/\\\/www.eldiario.net\\\/portal\\\/#\\\/schema\\\/person\\\/f46445640444750d7d753ccd04ae01b7\"},\"headline\":\"YPFB asegura 72 millones de litros de di\u00e9sel a productores cruce\u00f1os\",\"datePublished\":\"2026-07-02T10:55:05+00:00\",\"mainEntityOfPage\":{\"@id\":\"https:\\\/\\\/www.eldiario.net\\\/portal\\\/2026\\\/07\\\/02\\\/ypfb-asegura-72-millones-de-litros-de-diesel-a-productores-crucenos\\\/\"},\"wordCount\":474,\"publisher\":{\"@id\":\"https:\\\/\\\/www.eldiario.net\\\/portal\\\/#organization\"},\"image\":{\"@id\":\"https:\\\/\\\/www.eldiario.net\\\/portal\\\/2026\\\/07\\\/02\\\/ypfb-asegura-72-millones-de-litros-de-diesel-a-productores-crucenos\\\/#primaryimage\"},\"thumbnailUrl\":\"https:\\\/\\\/www.eldiario.net\\\/portal\\\/wp-content\\\/uploads\\\/2026\\\/07\\\/YPFB-FOTO-1.webp\",\"articleSection\":[\"Nacional\"],\"inLanguage\":\"es\"},{\"@type\":\"WebPage\",\"@id\":\"https:\\\/\\\/www.eldiario.net\\\/portal\\\/2026\\\/07\\\/02\\\/ypfb-asegura-72-millones-de-litros-de-diesel-a-productores-crucenos\\\/\",\"url\":\"https:\\\/\\\/www.eldiario.net\\\/portal\\\/2026\\\/07\\\/02\\\/ypfb-asegura-72-millones-de-litros-de-diesel-a-productores-crucenos\\\/\",\"name\":\"YPFB asegura 72 millones de litros de di\u00e9sel a productores cruce\u00f1os - El Diario - Bolivia\",\"isPartOf\":{\"@id\":\"https:\\\/\\\/www.eldiario.net\\\/portal\\\/#website\"},\"primaryImageOfPage\":{\"@id\":\"https:\\\/\\\/www.eldiario.net\\\/portal\\\/2026\\\/07\\\/02\\\/ypfb-asegura-72-millones-de-litros-de-diesel-a-productores-crucenos\\\/#primaryimage\"},\"image\":{\"@id\":\"https:\\\/\\\/www.eldiario.net\\\/portal\\\/2026\\\/07\\\/02\\\/ypfb-asegura-72-millones-de-litros-de-diesel-a-productores-crucenos\\\/#primaryimage\"},\"thumbnailUrl\":\"https:\\\/\\\/www.eldiario.net\\\/portal\\\/wp-content\\\/uploads\\\/2026\\\/07\\\/YPFB-FOTO-1.webp\",\"datePublished\":\"2026-07-02T10:55:05+00:00\",\"breadcrumb\":{\"@id\":\"https:\\\/\\\/www.eldiario.net\\\/portal\\\/2026\\\/07\\\/02\\\/ypfb-asegura-72-millones-de-litros-de-diesel-a-productores-crucenos\\\/#breadcrumb\"},\"inLanguage\":\"es\",\"potentialAction\":[{\"@type\":\"ReadAction\",\"target\":[\"https:\\\/\\\/www.eldiario.net\\\/portal\\\/2026\\\/07\\\/02\\\/ypfb-asegura-72-millones-de-litros-de-diesel-a-productores-crucenos\\\/\"]}]},{\"@type\":\"ImageObject\",\"inLanguage\":\"es\",\"@id\":\"https:\\\/\\\/www.eldiario.net\\\/portal\\\/2026\\\/07\\\/02\\\/ypfb-asegura-72-millones-de-litros-de-diesel-a-productores-crucenos\\\/#primaryimage\",\"url\":\"https:\\\/\\\/www.eldiario.net\\\/portal\\\/wp-content\\\/uploads\\\/2026\\\/07\\\/YPFB-FOTO-1.webp\",\"contentUrl\":\"https:\\\/\\\/www.eldiario.net\\\/portal\\\/wp-content\\\/uploads\\\/2026\\\/07\\\/YPFB-FOTO-1.webp\",\"width\":1600,\"height\":1066,\"caption\":\"Firma del acuerdo. Foto: YPFB\"},{\"@type\":\"BreadcrumbList\",\"@id\":\"https:\\\/\\\/www.eldiario.net\\\/portal\\\/2026\\\/07\\\/02\\\/ypfb-asegura-72-millones-de-litros-de-diesel-a-productores-crucenos\\\/#breadcrumb\",\"itemListElement\":[{\"@type\":\"ListItem\",\"position\":1,\"name\":\"Portada\",\"item\":\"https:\\\/\\\/www.eldiario.net\\\/portal\\\/\"},{\"@type\":\"ListItem\",\"position\":2,\"name\":\"YPFB asegura 72 millones de litros de di\u00e9sel a productores cruce\u00f1os\"}]},{\"@type\":\"WebSite\",\"@id\":\"https:\\\/\\\/www.eldiario.net\\\/portal\\\/#website\",\"url\":\"https:\\\/\\\/www.eldiario.net\\\/portal\\\/\",\"name\":\"El Diario - Decano de la prensa nacional\",\"description\":\"El Diario - Decano de la prensa nacional\",\"publisher\":{\"@id\":\"https:\\\/\\\/www.eldiario.net\\\/portal\\\/#organization\"},\"potentialAction\":[{\"@type\":\"SearchAction\",\"target\":{\"@type\":\"EntryPoint\",\"urlTemplate\":\"https:\\\/\\\/www.eldiario.net\\\/portal\\\/?s={search_term_string}\"},\"query-input\":{\"@type\":\"PropertyValueSpecification\",\"valueRequired\":true,\"valueName\":\"search_term_string\"}}],\"inLanguage\":\"es\"},{\"@type\":\"Organization\",\"@id\":\"https:\\\/\\\/www.eldiario.net\\\/portal\\\/#organization\",\"name\":\"El Diario - Decano de la prensa nacional\",\"url\":\"https:\\\/\\\/www.eldiario.net\\\/portal\\\/\",\"logo\":{\"@type\":\"ImageObject\",\"inLanguage\":\"es\",\"@id\":\"https:\\\/\\\/www.eldiario.net\\\/portal\\\/#\\\/schema\\\/logo\\\/image\\\/\",\"url\":\"https:\\\/\\\/www.eldiario.net\\\/portal\\\/wp-content\\\/uploads\\\/2023\\\/07\\\/logo_ED.jpg\",\"contentUrl\":\"https:\\\/\\\/www.eldiario.net\\\/portal\\\/wp-content\\\/uploads\\\/2023\\\/07\\\/logo_ED.jpg\",\"width\":272,\"height\":52,\"caption\":\"El Diario - Decano de la prensa nacional\"},\"image\":{\"@id\":\"https:\\\/\\\/www.eldiario.net\\\/portal\\\/#\\\/schema\\\/logo\\\/image\\\/\"},\"sameAs\":[\"https:\\\/\\\/www.facebook.com\\\/eldiario.bolivia\\\/\",\"https:\\\/\\\/x.com\\\/eldiario_net\"]},{\"@type\":\"Person\",\"@id\":\"https:\\\/\\\/www.eldiario.net\\\/portal\\\/#\\\/schema\\\/person\\\/f46445640444750d7d753ccd04ae01b7\",\"name\":\"Jeanette\",\"image\":{\"@type\":\"ImageObject\",\"inLanguage\":\"es\",\"@id\":\"https:\\\/\\\/secure.gravatar.com\\\/avatar\\\/3ea2118a5f7dad2b7138b1187a6b7ee55f160b9968b66013c3a3ef39dd7e5798?s=96&d=mm&r=g\",\"url\":\"https:\\\/\\\/secure.gravatar.com\\\/avatar\\\/3ea2118a5f7dad2b7138b1187a6b7ee55f160b9968b66013c3a3ef39dd7e5798?s=96&d=mm&r=g\",\"contentUrl\":\"https:\\\/\\\/secure.gravatar.com\\\/avatar\\\/3ea2118a5f7dad2b7138b1187a6b7ee55f160b9968b66013c3a3ef39dd7e5798?s=96&d=mm&r=g\",\"caption\":\"Jeanette\"},\"sameAs\":[\"https:\\\/\\\/www.eldiario.net\\\/portal\"],\"url\":\"https:\\\/\\\/www.eldiario.net\\\/portal\\\/author\\\/jeanette\\\/\"}]}<\/script>\n<!-- \/ Yoast SEO plugin. -->","yoast_head_json":{"title":"YPFB asegura 72 millones de litros de di\u00e9sel a productores cruce\u00f1os - El Diario - Bolivia","robots":{"index":"index","follow":"follow","max-snippet":"max-snippet:-1","max-image-preview":"max-image-preview:large","max-video-preview":"max-video-preview:-1"},"canonical":"https:\/\/www.eldiario.net\/portal\/2026\/07\/02\/ypfb-asegura-72-millones-de-litros-de-diesel-a-productores-crucenos\/","og_locale":"es_ES","og_type":"article","og_title":"YPFB asegura 72 millones de litros de di\u00e9sel a productores cruce\u00f1os - El Diario - Bolivia","og_description":"La estatal YPFB suscribi\u00f3 ayer un acuerdo con la C\u00e1mara Agropecuaria del Oriente (CAO) y los principales sectores productivos de Santa Cruz, para garantizar el abastecimiento de 3 millones de litros diarios de di\u00e9sel, equivalentes a 72 millones de litros durante el mes de julio, con el objetivo de respaldar el desarrollo de la campa\u00f1a [&hellip;]","og_url":"https:\/\/www.eldiario.net\/portal\/2026\/07\/02\/ypfb-asegura-72-millones-de-litros-de-diesel-a-productores-crucenos\/","og_site_name":"El Diario - Bolivia","article_publisher":"https:\/\/www.facebook.com\/eldiario.bolivia\/","article_published_time":"2026-07-02T10:55:05+00:00","og_image":[{"width":1600,"height":1066,"url":"https:\/\/www.eldiario.net\/portal\/wp-content\/uploads\/2026\/07\/YPFB-FOTO-1.webp","type":"image\/webp"}],"author":"Jeanette","twitter_card":"summary_large_image","twitter_creator":"@eldiario_net","twitter_site":"@eldiario_net","twitter_misc":{"Escrito por":"Jeanette","Tiempo de lectura":"3 minutos"},"schema":{"@context":"https:\/\/schema.org","@graph":[{"@type":"Article","@id":"https:\/\/www.eldiario.net\/portal\/2026\/07\/02\/ypfb-asegura-72-millones-de-litros-de-diesel-a-productores-crucenos\/#article","isPartOf":{"@id":"https:\/\/www.eldiario.net\/portal\/2026\/07\/02\/ypfb-asegura-72-millones-de-litros-de-diesel-a-productores-crucenos\/"},"author":{"name":"Jeanette","@id":"https:\/\/www.eldiario.net\/portal\/#\/schema\/person\/f46445640444750d7d753ccd04ae01b7"},"headline":"YPFB asegura 72 millones de litros de di\u00e9sel a productores cruce\u00f1os","datePublished":"2026-07-02T10:55:05+00:00","mainEntityOfPage":{"@id":"https:\/\/www.eldiario.net\/portal\/2026\/07\/02\/ypfb-asegura-72-millones-de-litros-de-diesel-a-productores-crucenos\/"},"wordCount":474,"publisher":{"@id":"https:\/\/www.eldiario.net\/portal\/#organization"},"image":{"@id":"https:\/\/www.eldiario.net\/portal\/2026\/07\/02\/ypfb-asegura-72-millones-de-litros-de-diesel-a-productores-crucenos\/#primaryimage"},"thumbnailUrl":"https:\/\/www.eldiario.net\/portal\/wp-content\/uploads\/2026\/07\/YPFB-FOTO-1.webp","articleSection":["Nacional"],"inLanguage":"es"},{"@type":"WebPage","@id":"https:\/\/www.eldiario.net\/portal\/2026\/07\/02\/ypfb-asegura-72-millones-de-litros-de-diesel-a-productores-crucenos\/","url":"https:\/\/www.eldiario.net\/portal\/2026\/07\/02\/ypfb-asegura-72-millones-de-litros-de-diesel-a-productores-crucenos\/","name":"YPFB asegura 72 millones de litros de di\u00e9sel a productores cruce\u00f1os - El Diario - Bolivia","isPartOf":{"@id":"https:\/\/www.eldiario.net\/portal\/#website"},"primaryImageOfPage":{"@id":"https:\/\/www.eldiario.net\/portal\/2026\/07\/02\/ypfb-asegura-72-millones-de-litros-de-diesel-a-productores-crucenos\/#primaryimage"},"image":{"@id":"https:\/\/www.eldiario.net\/portal\/2026\/07\/02\/ypfb-asegura-72-millones-de-litros-de-diesel-a-productores-crucenos\/#primaryimage"},"thumbnailUrl":"https:\/\/www.eldiario.net\/portal\/wp-content\/uploads\/2026\/07\/YPFB-FOTO-1.webp","datePublished":"2026-07-02T10:55:05+00:00","breadcrumb":{"@id":"https:\/\/www.eldiario.net\/portal\/2026\/07\/02\/ypfb-asegura-72-millones-de-litros-de-diesel-a-productores-crucenos\/#breadcrumb"},"inLanguage":"es","potentialAction":[{"@type":"ReadAction","target":["https:\/\/www.eldiario.net\/portal\/2026\/07\/02\/ypfb-asegura-72-millones-de-litros-de-diesel-a-productores-crucenos\/"]}]},{"@type":"ImageObject","inLanguage":"es","@id":"https:\/\/www.eldiario.net\/portal\/2026\/07\/02\/ypfb-asegura-72-millones-de-litros-de-diesel-a-productores-crucenos\/#primaryimage","url":"https:\/\/www.eldiario.net\/portal\/wp-content\/uploads\/2026\/07\/YPFB-FOTO-1.webp","contentUrl":"https:\/\/www.eldiario.net\/portal\/wp-content\/uploads\/2026\/07\/YPFB-FOTO-1.webp","width":1600,"height":1066,"caption":"Firma del acuerdo. Foto: YPFB"},{"@type":"BreadcrumbList","@id":"https:\/\/www.eldiario.net\/portal\/2026\/07\/02\/ypfb-asegura-72-millones-de-litros-de-diesel-a-productores-crucenos\/#breadcrumb","itemListElement":[{"@type":"ListItem","position":1,"name":"Portada","item":"https:\/\/www.eldiario.net\/portal\/"},{"@type":"ListItem","position":2,"name":"YPFB asegura 72 millones de litros de di\u00e9sel a productores cruce\u00f1os"}]},{"@type":"WebSite","@id":"https:\/\/www.eldiario.net\/portal\/#website","url":"https:\/\/www.eldiario.net\/portal\/","name":"El Diario - Decano de la prensa nacional","description":"El Diario - Decano de la prensa nacional","publisher":{"@id":"https:\/\/www.eldiario.net\/portal\/#organization"},"potentialAction":[{"@type":"SearchAction","target":{"@type":"EntryPoint","urlTemplate":"https:\/\/www.eldiario.net\/portal\/?s={search_term_string}"},"query-input":{"@type":"PropertyValueSpecification","valueRequired":true,"valueName":"search_term_string"}}],"inLanguage":"es"},{"@type":"Organization","@id":"https:\/\/www.eldiario.net\/portal\/#organization","name":"El Diario - Decano de la prensa nacional","url":"https:\/\/www.eldiario.net\/portal\/","logo":{"@type":"ImageObject","inLanguage":"es","@id":"https:\/\/www.eldiario.net\/portal\/#\/schema\/logo\/image\/","url":"https:\/\/www.eldiario.net\/portal\/wp-content\/uploads\/2023\/07\/logo_ED.jpg","contentUrl":"https:\/\/www.eldiario.net\/portal\/wp-content\/uploads\/2023\/07\/logo_ED.jpg","width":272,"height":52,"caption":"El Diario - Decano de la prensa nacional"},"image":{"@id":"https:\/\/www.eldiario.net\/portal\/#\/schema\/logo\/image\/"},"sameAs":["https:\/\/www.facebook.com\/eldiario.bolivia\/","https:\/\/x.com\/eldiario_net"]},{"@type":"Person","@id":"https:\/\/www.eldiario.net\/portal\/#\/schema\/person\/f46445640444750d7d753ccd04ae01b7","name":"Jeanette","image":{"@type":"ImageObject","inLanguage":"es","@id":"https:\/\/secure.gravatar.com\/avatar\/3ea2118a5f7dad2b7138b1187a6b7ee55f160b9968b66013c3a3ef39dd7e5798?s=96&d=mm&r=g","url":"https:\/\/secure.gravatar.com\/avatar\/3ea2118a5f7dad2b7138b1187a6b7ee55f160b9968b66013c3a3ef39dd7e5798?s=96&d=mm&r=g","contentUrl":"https:\/\/secure.gravatar.com\/avatar\/3ea2118a5f7dad2b7138b1187a6b7ee55f160b9968b66013c3a3ef39dd7e5798?s=96&d=mm&r=g","caption":"Jeanette"},"sameAs":["https:\/\/www.eldiario.net\/portal"],"url":"https:\/\/www.eldiario.net\/portal\/author\/jeanette\/"}]}},"_links":{"self":[{"href":"https:\/\/www.eldiario.net\/portal\/wp-json\/wp\/v2\/posts\/409000","targetHints":{"allow":["GET"]}}],"collection":[{"href":"https:\/\/www.eldiario.net\/portal\/wp-json\/wp\/v2\/posts"}],"about":[{"href":"https:\/\/www.eldiario.net\/portal\/wp-json\/wp\/v2\/types\/post"}],"author":[{"embeddable":true,"href":"https:\/\/www.eldiario.net\/portal\/wp-json\/wp\/v2\/users\/1"}],"replies":[{"embeddable":true,"href":"https:\/\/www.eldiario.net\/portal\/wp-json\/wp\/v2\/comments?post=409000"}],"version-history":[{"count":1,"href":"https:\/\/www.eldiario.net\/portal\/wp-json\/wp\/v2\/posts\/409000\/revisions"}],"predecessor-version":[{"id":409002,"href":"https:\/\/www.eldiario.net\/portal\/wp-json\/wp\/v2\/posts\/409000\/revisions\/409002"}],"wp:featuredmedia":[{"embeddable":true,"href":"https:\/\/www.eldiario.net\/portal\/wp-json\/wp\/v2\/media\/409001"}],"wp:attachment":[{"href":"https:\/\/www.eldiario.net\/portal\/wp-json\/wp\/v2\/media?parent=409000"}],"wp:term":[{"taxonomy":"category","embeddable":true,"href":"https:\/\/www.eldiario.net\/portal\/wp-json\/wp\/v2\/categories?post=409000"},{"taxonomy":"post_tag","embeddable":true,"href":"https:\/\/www.eldiario.net\/portal\/wp-json\/wp\/v2\/tags?post=409000"}],"curies":[{"name":"wp","href":"https:\/\/api.w.org\/{rel}","templated":true}]}}