{"id":408893,"date":"2026-07-01T19:47:37","date_gmt":"2026-07-01T23:47:37","guid":{"rendered":"https:\/\/www.eldiario.net\/portal\/?p=408893"},"modified":"2026-07-01T19:47:37","modified_gmt":"2026-07-01T23:47:37","slug":"bolivar-ficha-a-mr-dairon-asprilla-un-delantero-que-marca-diferencia-con-su-futbol-contundente","status":"publish","type":"post","link":"https:\/\/www.eldiario.net\/portal\/2026\/07\/01\/bolivar-ficha-a-mr-dairon-asprilla-un-delantero-que-marca-diferencia-con-su-futbol-contundente\/","title":{"rendered":"Bol\u00edvar ficha a \u201cMr\u201d Dairon Asprilla, un delantero que marca diferencia con su f\u00fatbol contundente"},"content":{"rendered":"<p>Prensa Bol\u00edvar<\/p>\n<p>Tuvo actuaciones memorables en los escenarios donde la presi\u00f3n pesa m\u00e1s. Dairon Asprilla est\u00e1 acostumbrado a marcar diferencia. Lo hizo en el f\u00fatbol colombiano y en la Major League Soccer. El atacante llega al Club Bol\u00edvar con una trayectoria que pocos futbolistas sudamericanos pueden exhibir. Despu\u00e9s de diez temporadas en Estados Unidos, el c\u00e9lebre \u201cMr. October\u201d aterriza en la Academia para aportar experiencia, jerarqu\u00eda y personalidad en la Copa Sudamericana y el campeonato boliviano.<\/p>\n<p>Dairon Estibens Asprilla Rivas naci\u00f3 el 25 de mayo de 1992 en Istmina, departamento del Choc\u00f3, Colombia. Se form\u00f3 en las divisiones menores de Atl\u00e9tico Nacional y dio el salto al profesionalismo con Alianza Petrolera. Sus destacadas actuaciones en Primera A llamaron la atenci\u00f3n de los visores de Portland Timbers, que identificaron en \u00e9l a un futbolista explosivo, capaz de desequilibrar por las bandas o desempe\u00f1arse como delantero. En diciembre de 2014 firm\u00f3 con el club de Oreg\u00f3n e inici\u00f3 la etapa m\u00e1s importante de su carrera.<\/p>\n<p>Durante una d\u00e9cada defendi\u00f3 la camiseta de Portland Timbers. Disput\u00f3 203 partidos oficiales, anot\u00f3 33 goles -registro que lo ubica entre los cinco m\u00e1ximos goleadores del club en la era de la MLS- y conquist\u00f3 la MLS Cup en 2015. Adem\u00e1s, fue protagonista en las campa\u00f1as que llevaron al equipo a disputar las finales de 2018 y 2021, consolid\u00e1ndose como uno de los referentes de la instituci\u00f3n.<\/p>\n<p>Su regreso a Atl\u00e9tico Nacional mantuvo esa l\u00ednea competitiva. Conquist\u00f3 la Liga Colombiana 2024-II y la Copa Colombia 2024, mientras que entre 2024 y 2026 disput\u00f3 97 encuentros oficiales, con un aporte de 13 goles y cinco asistencias, de acuerdo con los registros de scouting del Club Bol\u00edvar. Un recorrido que confirma su vigencia y refuerza un palmar\u00e9s construido en escenarios de m\u00e1xima exigencia.<\/p>\n<p>Bol\u00edvar incorpora a un delantero-extremo de 34 a\u00f1os con una madurez futbol\u00edstica poco habitual. En Estados Unidos fue bautizado por la afici\u00f3n como \u201cMr. October\u201d por su capacidad para aparecer en los momentos decisivos de la temporada y los playoffs. Entre sus actuaciones m\u00e1s recordadas figura un gol convertido en el minuto 93 que clasific\u00f3 a Portland Timbers a una final, reflejo de una personalidad que crece cuando el partido exige sangre fr\u00eda y determinaci\u00f3n.<\/p>\n<p>M\u00e1s all\u00e1 de sus estad\u00edsticas, Asprilla tambi\u00e9n dej\u00f3 huella por su liderazgo dentro del vestuario. Su incorporaci\u00f3n responde a la visi\u00f3n del presidente Marcelo Claure de construir un Bol\u00edvar cada vez m\u00e1s competitivo a nivel internacional. La apuesta es incorporar futbolistas con recorrido, mentalidad ganadora y experiencia en partidos de m\u00e1xima exigencia y fortalecer al club m\u00e1s grande, copero y laureado de Bolivia. (Foto Club Bol\u00edvar)<\/p>\n","protected":false},"excerpt":{"rendered":"<p>Prensa Bol\u00edvar Tuvo actuaciones memorables en los escenarios donde la presi\u00f3n pesa m\u00e1s. Dairon Asprilla est\u00e1 acostumbrado a marcar diferencia. Lo hizo en el f\u00fatbol colombiano y en la Major League Soccer. El atacante llega al Club Bol\u00edvar con una trayectoria que pocos futbolistas sudamericanos pueden exhibir. Despu\u00e9s de diez temporadas en Estados Unidos, el [&hellip;]<\/p>\n","protected":false},"author":3,"featured_media":408894,"comment_status":"closed","ping_status":"open","sticky":false,"template":"","format":"standard","meta":{"_acf_changed":false,"footnotes":""},"categories":[6],"tags":[],"class_list":["post-408893","post","type-post","status-publish","format-standard","has-post-thumbnail","category-deportes"],"acf":{"antetitulo":""},"yoast_head":"<!-- This site is optimized with the Yoast SEO plugin v28.4 - https:\/\/yoast.com\/product\/yoast-seo-wordpress\/ -->\n<title>Bol\u00edvar ficha a \u201cMr\u201d Dairon Asprilla, un delantero que marca diferencia con su f\u00fatbol contundente - El Diario - Bolivia<\/title>\n<meta name=\"robots\" content=\"index, follow, max-snippet:-1, max-image-preview:large, max-video-preview:-1\" \/>\n<link rel=\"canonical\" href=\"https:\/\/www.eldiario.net\/portal\/2026\/07\/01\/bolivar-ficha-a-mr-dairon-asprilla-un-delantero-que-marca-diferencia-con-su-futbol-contundente\/\" \/>\n<meta property=\"og:locale\" content=\"es_ES\" \/>\n<meta property=\"og:type\" content=\"article\" \/>\n<meta property=\"og:title\" content=\"Bol\u00edvar ficha a \u201cMr\u201d Dairon Asprilla, un delantero que marca diferencia con su f\u00fatbol contundente - El Diario - Bolivia\" \/>\n<meta property=\"og:description\" content=\"Prensa Bol\u00edvar Tuvo actuaciones memorables en los escenarios donde la presi\u00f3n pesa m\u00e1s. Dairon Asprilla est\u00e1 acostumbrado a marcar diferencia. Lo hizo en el f\u00fatbol colombiano y en la Major League Soccer. El atacante llega al Club Bol\u00edvar con una trayectoria que pocos futbolistas sudamericanos pueden exhibir. Despu\u00e9s de diez temporadas en Estados Unidos, el [&hellip;]\" \/>\n<meta property=\"og:url\" content=\"https:\/\/www.eldiario.net\/portal\/2026\/07\/01\/bolivar-ficha-a-mr-dairon-asprilla-un-delantero-que-marca-diferencia-con-su-futbol-contundente\/\" \/>\n<meta property=\"og:site_name\" content=\"El Diario - Bolivia\" \/>\n<meta property=\"article:publisher\" content=\"https:\/\/www.facebook.com\/eldiario.bolivia\/\" \/>\n<meta property=\"article:published_time\" content=\"2026-07-01T23:47:37+00:00\" \/>\n<meta property=\"og:image\" content=\"https:\/\/www.eldiario.net\/portal\/wp-content\/uploads\/2026\/07\/dairon-asprilla-vale.webp\" \/>\n\t<meta property=\"og:image:width\" content=\"1080\" \/>\n\t<meta property=\"og:image:height\" content=\"540\" \/>\n\t<meta property=\"og:image:type\" content=\"image\/webp\" \/>\n<meta name=\"author\" content=\"Jhonny Mollinedo\" \/>\n<meta name=\"twitter:card\" content=\"summary_large_image\" \/>\n<meta name=\"twitter:creator\" content=\"@eldiario_net\" \/>\n<meta name=\"twitter:site\" content=\"@eldiario_net\" \/>\n<meta name=\"twitter:label1\" content=\"Escrito por\" \/>\n\t<meta name=\"twitter:data1\" content=\"Jhonny Mollinedo\" \/>\n\t<meta name=\"twitter:label2\" content=\"Tiempo de lectura\" \/>\n\t<meta name=\"twitter:data2\" content=\"3 minutos\" \/>\n<script type=\"application\/ld+json\" class=\"yoast-schema-graph\">{\"@context\":\"https:\\\/\\\/schema.org\",\"@graph\":[{\"@type\":\"Article\",\"@id\":\"https:\\\/\\\/www.eldiario.net\\\/portal\\\/2026\\\/07\\\/01\\\/bolivar-ficha-a-mr-dairon-asprilla-un-delantero-que-marca-diferencia-con-su-futbol-contundente\\\/#article\",\"isPartOf\":{\"@id\":\"https:\\\/\\\/www.eldiario.net\\\/portal\\\/2026\\\/07\\\/01\\\/bolivar-ficha-a-mr-dairon-asprilla-un-delantero-que-marca-diferencia-con-su-futbol-contundente\\\/\"},\"author\":{\"name\":\"Jhonny Mollinedo\",\"@id\":\"https:\\\/\\\/www.eldiario.net\\\/portal\\\/#\\\/schema\\\/person\\\/32fc835272114c73407ecef86028a07e\"},\"headline\":\"Bol\u00edvar ficha a \u201cMr\u201d Dairon Asprilla, un delantero que marca diferencia con su f\u00fatbol contundente\",\"datePublished\":\"2026-07-01T23:47:37+00:00\",\"mainEntityOfPage\":{\"@id\":\"https:\\\/\\\/www.eldiario.net\\\/portal\\\/2026\\\/07\\\/01\\\/bolivar-ficha-a-mr-dairon-asprilla-un-delantero-que-marca-diferencia-con-su-futbol-contundente\\\/\"},\"wordCount\":478,\"publisher\":{\"@id\":\"https:\\\/\\\/www.eldiario.net\\\/portal\\\/#organization\"},\"image\":{\"@id\":\"https:\\\/\\\/www.eldiario.net\\\/portal\\\/2026\\\/07\\\/01\\\/bolivar-ficha-a-mr-dairon-asprilla-un-delantero-que-marca-diferencia-con-su-futbol-contundente\\\/#primaryimage\"},\"thumbnailUrl\":\"https:\\\/\\\/www.eldiario.net\\\/portal\\\/wp-content\\\/uploads\\\/2026\\\/07\\\/dairon-asprilla-vale.webp\",\"articleSection\":[\"Deportes\"],\"inLanguage\":\"es\"},{\"@type\":\"WebPage\",\"@id\":\"https:\\\/\\\/www.eldiario.net\\\/portal\\\/2026\\\/07\\\/01\\\/bolivar-ficha-a-mr-dairon-asprilla-un-delantero-que-marca-diferencia-con-su-futbol-contundente\\\/\",\"url\":\"https:\\\/\\\/www.eldiario.net\\\/portal\\\/2026\\\/07\\\/01\\\/bolivar-ficha-a-mr-dairon-asprilla-un-delantero-que-marca-diferencia-con-su-futbol-contundente\\\/\",\"name\":\"Bol\u00edvar ficha a \u201cMr\u201d Dairon Asprilla, un delantero que marca diferencia con su f\u00fatbol contundente - El Diario - Bolivia\",\"isPartOf\":{\"@id\":\"https:\\\/\\\/www.eldiario.net\\\/portal\\\/#website\"},\"primaryImageOfPage\":{\"@id\":\"https:\\\/\\\/www.eldiario.net\\\/portal\\\/2026\\\/07\\\/01\\\/bolivar-ficha-a-mr-dairon-asprilla-un-delantero-que-marca-diferencia-con-su-futbol-contundente\\\/#primaryimage\"},\"image\":{\"@id\":\"https:\\\/\\\/www.eldiario.net\\\/portal\\\/2026\\\/07\\\/01\\\/bolivar-ficha-a-mr-dairon-asprilla-un-delantero-que-marca-diferencia-con-su-futbol-contundente\\\/#primaryimage\"},\"thumbnailUrl\":\"https:\\\/\\\/www.eldiario.net\\\/portal\\\/wp-content\\\/uploads\\\/2026\\\/07\\\/dairon-asprilla-vale.webp\",\"datePublished\":\"2026-07-01T23:47:37+00:00\",\"breadcrumb\":{\"@id\":\"https:\\\/\\\/www.eldiario.net\\\/portal\\\/2026\\\/07\\\/01\\\/bolivar-ficha-a-mr-dairon-asprilla-un-delantero-que-marca-diferencia-con-su-futbol-contundente\\\/#breadcrumb\"},\"inLanguage\":\"es\",\"potentialAction\":[{\"@type\":\"ReadAction\",\"target\":[\"https:\\\/\\\/www.eldiario.net\\\/portal\\\/2026\\\/07\\\/01\\\/bolivar-ficha-a-mr-dairon-asprilla-un-delantero-que-marca-diferencia-con-su-futbol-contundente\\\/\"]}]},{\"@type\":\"ImageObject\",\"inLanguage\":\"es\",\"@id\":\"https:\\\/\\\/www.eldiario.net\\\/portal\\\/2026\\\/07\\\/01\\\/bolivar-ficha-a-mr-dairon-asprilla-un-delantero-que-marca-diferencia-con-su-futbol-contundente\\\/#primaryimage\",\"url\":\"https:\\\/\\\/www.eldiario.net\\\/portal\\\/wp-content\\\/uploads\\\/2026\\\/07\\\/dairon-asprilla-vale.webp\",\"contentUrl\":\"https:\\\/\\\/www.eldiario.net\\\/portal\\\/wp-content\\\/uploads\\\/2026\\\/07\\\/dairon-asprilla-vale.webp\",\"width\":1080,\"height\":540},{\"@type\":\"BreadcrumbList\",\"@id\":\"https:\\\/\\\/www.eldiario.net\\\/portal\\\/2026\\\/07\\\/01\\\/bolivar-ficha-a-mr-dairon-asprilla-un-delantero-que-marca-diferencia-con-su-futbol-contundente\\\/#breadcrumb\",\"itemListElement\":[{\"@type\":\"ListItem\",\"position\":1,\"name\":\"Portada\",\"item\":\"https:\\\/\\\/www.eldiario.net\\\/portal\\\/\"},{\"@type\":\"ListItem\",\"position\":2,\"name\":\"Bol\u00edvar ficha a \u201cMr\u201d Dairon Asprilla, un delantero que marca diferencia con su f\u00fatbol contundente\"}]},{\"@type\":\"WebSite\",\"@id\":\"https:\\\/\\\/www.eldiario.net\\\/portal\\\/#website\",\"url\":\"https:\\\/\\\/www.eldiario.net\\\/portal\\\/\",\"name\":\"El Diario - Decano de la prensa nacional\",\"description\":\"El Diario - Decano de la prensa nacional\",\"publisher\":{\"@id\":\"https:\\\/\\\/www.eldiario.net\\\/portal\\\/#organization\"},\"potentialAction\":[{\"@type\":\"SearchAction\",\"target\":{\"@type\":\"EntryPoint\",\"urlTemplate\":\"https:\\\/\\\/www.eldiario.net\\\/portal\\\/?s={search_term_string}\"},\"query-input\":{\"@type\":\"PropertyValueSpecification\",\"valueRequired\":true,\"valueName\":\"search_term_string\"}}],\"inLanguage\":\"es\"},{\"@type\":\"Organization\",\"@id\":\"https:\\\/\\\/www.eldiario.net\\\/portal\\\/#organization\",\"name\":\"El Diario - Decano de la prensa nacional\",\"url\":\"https:\\\/\\\/www.eldiario.net\\\/portal\\\/\",\"logo\":{\"@type\":\"ImageObject\",\"inLanguage\":\"es\",\"@id\":\"https:\\\/\\\/www.eldiario.net\\\/portal\\\/#\\\/schema\\\/logo\\\/image\\\/\",\"url\":\"https:\\\/\\\/www.eldiario.net\\\/portal\\\/wp-content\\\/uploads\\\/2023\\\/07\\\/logo_ED.jpg\",\"contentUrl\":\"https:\\\/\\\/www.eldiario.net\\\/portal\\\/wp-content\\\/uploads\\\/2023\\\/07\\\/logo_ED.jpg\",\"width\":272,\"height\":52,\"caption\":\"El Diario - Decano de la prensa nacional\"},\"image\":{\"@id\":\"https:\\\/\\\/www.eldiario.net\\\/portal\\\/#\\\/schema\\\/logo\\\/image\\\/\"},\"sameAs\":[\"https:\\\/\\\/www.facebook.com\\\/eldiario.bolivia\\\/\",\"https:\\\/\\\/x.com\\\/eldiario_net\"]},{\"@type\":\"Person\",\"@id\":\"https:\\\/\\\/www.eldiario.net\\\/portal\\\/#\\\/schema\\\/person\\\/32fc835272114c73407ecef86028a07e\",\"name\":\"Jhonny Mollinedo\",\"image\":{\"@type\":\"ImageObject\",\"inLanguage\":\"es\",\"@id\":\"https:\\\/\\\/secure.gravatar.com\\\/avatar\\\/3ea2118a5f7dad2b7138b1187a6b7ee55f160b9968b66013c3a3ef39dd7e5798?s=96&d=mm&r=g\",\"url\":\"https:\\\/\\\/secure.gravatar.com\\\/avatar\\\/3ea2118a5f7dad2b7138b1187a6b7ee55f160b9968b66013c3a3ef39dd7e5798?s=96&d=mm&r=g\",\"contentUrl\":\"https:\\\/\\\/secure.gravatar.com\\\/avatar\\\/3ea2118a5f7dad2b7138b1187a6b7ee55f160b9968b66013c3a3ef39dd7e5798?s=96&d=mm&r=g\",\"caption\":\"Jhonny Mollinedo\"},\"url\":\"https:\\\/\\\/www.eldiario.net\\\/portal\\\/author\\\/deportes\\\/\"}]}<\/script>\n<!-- \/ Yoast SEO plugin. -->","yoast_head_json":{"title":"Bol\u00edvar ficha a \u201cMr\u201d Dairon Asprilla, un delantero que marca diferencia con su f\u00fatbol contundente - El Diario - Bolivia","robots":{"index":"index","follow":"follow","max-snippet":"max-snippet:-1","max-image-preview":"max-image-preview:large","max-video-preview":"max-video-preview:-1"},"canonical":"https:\/\/www.eldiario.net\/portal\/2026\/07\/01\/bolivar-ficha-a-mr-dairon-asprilla-un-delantero-que-marca-diferencia-con-su-futbol-contundente\/","og_locale":"es_ES","og_type":"article","og_title":"Bol\u00edvar ficha a \u201cMr\u201d Dairon Asprilla, un delantero que marca diferencia con su f\u00fatbol contundente - El Diario - Bolivia","og_description":"Prensa Bol\u00edvar Tuvo actuaciones memorables en los escenarios donde la presi\u00f3n pesa m\u00e1s. Dairon Asprilla est\u00e1 acostumbrado a marcar diferencia. Lo hizo en el f\u00fatbol colombiano y en la Major League Soccer. El atacante llega al Club Bol\u00edvar con una trayectoria que pocos futbolistas sudamericanos pueden exhibir. Despu\u00e9s de diez temporadas en Estados Unidos, el [&hellip;]","og_url":"https:\/\/www.eldiario.net\/portal\/2026\/07\/01\/bolivar-ficha-a-mr-dairon-asprilla-un-delantero-que-marca-diferencia-con-su-futbol-contundente\/","og_site_name":"El Diario - Bolivia","article_publisher":"https:\/\/www.facebook.com\/eldiario.bolivia\/","article_published_time":"2026-07-01T23:47:37+00:00","og_image":[{"width":1080,"height":540,"url":"https:\/\/www.eldiario.net\/portal\/wp-content\/uploads\/2026\/07\/dairon-asprilla-vale.webp","type":"image\/webp"}],"author":"Jhonny Mollinedo","twitter_card":"summary_large_image","twitter_creator":"@eldiario_net","twitter_site":"@eldiario_net","twitter_misc":{"Escrito por":"Jhonny Mollinedo","Tiempo de lectura":"3 minutos"},"schema":{"@context":"https:\/\/schema.org","@graph":[{"@type":"Article","@id":"https:\/\/www.eldiario.net\/portal\/2026\/07\/01\/bolivar-ficha-a-mr-dairon-asprilla-un-delantero-que-marca-diferencia-con-su-futbol-contundente\/#article","isPartOf":{"@id":"https:\/\/www.eldiario.net\/portal\/2026\/07\/01\/bolivar-ficha-a-mr-dairon-asprilla-un-delantero-que-marca-diferencia-con-su-futbol-contundente\/"},"author":{"name":"Jhonny Mollinedo","@id":"https:\/\/www.eldiario.net\/portal\/#\/schema\/person\/32fc835272114c73407ecef86028a07e"},"headline":"Bol\u00edvar ficha a \u201cMr\u201d Dairon Asprilla, un delantero que marca diferencia con su f\u00fatbol contundente","datePublished":"2026-07-01T23:47:37+00:00","mainEntityOfPage":{"@id":"https:\/\/www.eldiario.net\/portal\/2026\/07\/01\/bolivar-ficha-a-mr-dairon-asprilla-un-delantero-que-marca-diferencia-con-su-futbol-contundente\/"},"wordCount":478,"publisher":{"@id":"https:\/\/www.eldiario.net\/portal\/#organization"},"image":{"@id":"https:\/\/www.eldiario.net\/portal\/2026\/07\/01\/bolivar-ficha-a-mr-dairon-asprilla-un-delantero-que-marca-diferencia-con-su-futbol-contundente\/#primaryimage"},"thumbnailUrl":"https:\/\/www.eldiario.net\/portal\/wp-content\/uploads\/2026\/07\/dairon-asprilla-vale.webp","articleSection":["Deportes"],"inLanguage":"es"},{"@type":"WebPage","@id":"https:\/\/www.eldiario.net\/portal\/2026\/07\/01\/bolivar-ficha-a-mr-dairon-asprilla-un-delantero-que-marca-diferencia-con-su-futbol-contundente\/","url":"https:\/\/www.eldiario.net\/portal\/2026\/07\/01\/bolivar-ficha-a-mr-dairon-asprilla-un-delantero-que-marca-diferencia-con-su-futbol-contundente\/","name":"Bol\u00edvar ficha a \u201cMr\u201d Dairon Asprilla, un delantero que marca diferencia con su f\u00fatbol contundente - El Diario - Bolivia","isPartOf":{"@id":"https:\/\/www.eldiario.net\/portal\/#website"},"primaryImageOfPage":{"@id":"https:\/\/www.eldiario.net\/portal\/2026\/07\/01\/bolivar-ficha-a-mr-dairon-asprilla-un-delantero-que-marca-diferencia-con-su-futbol-contundente\/#primaryimage"},"image":{"@id":"https:\/\/www.eldiario.net\/portal\/2026\/07\/01\/bolivar-ficha-a-mr-dairon-asprilla-un-delantero-que-marca-diferencia-con-su-futbol-contundente\/#primaryimage"},"thumbnailUrl":"https:\/\/www.eldiario.net\/portal\/wp-content\/uploads\/2026\/07\/dairon-asprilla-vale.webp","datePublished":"2026-07-01T23:47:37+00:00","breadcrumb":{"@id":"https:\/\/www.eldiario.net\/portal\/2026\/07\/01\/bolivar-ficha-a-mr-dairon-asprilla-un-delantero-que-marca-diferencia-con-su-futbol-contundente\/#breadcrumb"},"inLanguage":"es","potentialAction":[{"@type":"ReadAction","target":["https:\/\/www.eldiario.net\/portal\/2026\/07\/01\/bolivar-ficha-a-mr-dairon-asprilla-un-delantero-que-marca-diferencia-con-su-futbol-contundente\/"]}]},{"@type":"ImageObject","inLanguage":"es","@id":"https:\/\/www.eldiario.net\/portal\/2026\/07\/01\/bolivar-ficha-a-mr-dairon-asprilla-un-delantero-que-marca-diferencia-con-su-futbol-contundente\/#primaryimage","url":"https:\/\/www.eldiario.net\/portal\/wp-content\/uploads\/2026\/07\/dairon-asprilla-vale.webp","contentUrl":"https:\/\/www.eldiario.net\/portal\/wp-content\/uploads\/2026\/07\/dairon-asprilla-vale.webp","width":1080,"height":540},{"@type":"BreadcrumbList","@id":"https:\/\/www.eldiario.net\/portal\/2026\/07\/01\/bolivar-ficha-a-mr-dairon-asprilla-un-delantero-que-marca-diferencia-con-su-futbol-contundente\/#breadcrumb","itemListElement":[{"@type":"ListItem","position":1,"name":"Portada","item":"https:\/\/www.eldiario.net\/portal\/"},{"@type":"ListItem","position":2,"name":"Bol\u00edvar ficha a \u201cMr\u201d Dairon Asprilla, un delantero que marca diferencia con su f\u00fatbol contundente"}]},{"@type":"WebSite","@id":"https:\/\/www.eldiario.net\/portal\/#website","url":"https:\/\/www.eldiario.net\/portal\/","name":"El Diario - Decano de la prensa nacional","description":"El Diario - Decano de la prensa nacional","publisher":{"@id":"https:\/\/www.eldiario.net\/portal\/#organization"},"potentialAction":[{"@type":"SearchAction","target":{"@type":"EntryPoint","urlTemplate":"https:\/\/www.eldiario.net\/portal\/?s={search_term_string}"},"query-input":{"@type":"PropertyValueSpecification","valueRequired":true,"valueName":"search_term_string"}}],"inLanguage":"es"},{"@type":"Organization","@id":"https:\/\/www.eldiario.net\/portal\/#organization","name":"El Diario - Decano de la prensa nacional","url":"https:\/\/www.eldiario.net\/portal\/","logo":{"@type":"ImageObject","inLanguage":"es","@id":"https:\/\/www.eldiario.net\/portal\/#\/schema\/logo\/image\/","url":"https:\/\/www.eldiario.net\/portal\/wp-content\/uploads\/2023\/07\/logo_ED.jpg","contentUrl":"https:\/\/www.eldiario.net\/portal\/wp-content\/uploads\/2023\/07\/logo_ED.jpg","width":272,"height":52,"caption":"El Diario - Decano de la prensa nacional"},"image":{"@id":"https:\/\/www.eldiario.net\/portal\/#\/schema\/logo\/image\/"},"sameAs":["https:\/\/www.facebook.com\/eldiario.bolivia\/","https:\/\/x.com\/eldiario_net"]},{"@type":"Person","@id":"https:\/\/www.eldiario.net\/portal\/#\/schema\/person\/32fc835272114c73407ecef86028a07e","name":"Jhonny Mollinedo","image":{"@type":"ImageObject","inLanguage":"es","@id":"https:\/\/secure.gravatar.com\/avatar\/3ea2118a5f7dad2b7138b1187a6b7ee55f160b9968b66013c3a3ef39dd7e5798?s=96&d=mm&r=g","url":"https:\/\/secure.gravatar.com\/avatar\/3ea2118a5f7dad2b7138b1187a6b7ee55f160b9968b66013c3a3ef39dd7e5798?s=96&d=mm&r=g","contentUrl":"https:\/\/secure.gravatar.com\/avatar\/3ea2118a5f7dad2b7138b1187a6b7ee55f160b9968b66013c3a3ef39dd7e5798?s=96&d=mm&r=g","caption":"Jhonny Mollinedo"},"url":"https:\/\/www.eldiario.net\/portal\/author\/deportes\/"}]}},"_links":{"self":[{"href":"https:\/\/www.eldiario.net\/portal\/wp-json\/wp\/v2\/posts\/408893","targetHints":{"allow":["GET"]}}],"collection":[{"href":"https:\/\/www.eldiario.net\/portal\/wp-json\/wp\/v2\/posts"}],"about":[{"href":"https:\/\/www.eldiario.net\/portal\/wp-json\/wp\/v2\/types\/post"}],"author":[{"embeddable":true,"href":"https:\/\/www.eldiario.net\/portal\/wp-json\/wp\/v2\/users\/3"}],"replies":[{"embeddable":true,"href":"https:\/\/www.eldiario.net\/portal\/wp-json\/wp\/v2\/comments?post=408893"}],"version-history":[{"count":1,"href":"https:\/\/www.eldiario.net\/portal\/wp-json\/wp\/v2\/posts\/408893\/revisions"}],"predecessor-version":[{"id":408895,"href":"https:\/\/www.eldiario.net\/portal\/wp-json\/wp\/v2\/posts\/408893\/revisions\/408895"}],"wp:featuredmedia":[{"embeddable":true,"href":"https:\/\/www.eldiario.net\/portal\/wp-json\/wp\/v2\/media\/408894"}],"wp:attachment":[{"href":"https:\/\/www.eldiario.net\/portal\/wp-json\/wp\/v2\/media?parent=408893"}],"wp:term":[{"taxonomy":"category","embeddable":true,"href":"https:\/\/www.eldiario.net\/portal\/wp-json\/wp\/v2\/categories?post=408893"},{"taxonomy":"post_tag","embeddable":true,"href":"https:\/\/www.eldiario.net\/portal\/wp-json\/wp\/v2\/tags?post=408893"}],"curies":[{"name":"wp","href":"https:\/\/api.w.org\/{rel}","templated":true}]}}