{"id":408890,"date":"2026-07-01T19:08:45","date_gmt":"2026-07-01T23:08:45","guid":{"rendered":"https:\/\/www.eldiario.net\/portal\/?p=408890"},"modified":"2026-07-01T19:08:45","modified_gmt":"2026-07-01T23:08:45","slug":"precio-del-petroleo-se-desploma-a-su-minimo-en-cuatro-meses-1908","status":"publish","type":"post","link":"https:\/\/www.eldiario.net\/portal\/2026\/07\/01\/precio-del-petroleo-se-desploma-a-su-minimo-en-cuatro-meses-1908\/","title":{"rendered":"Precio del petr\u00f3leo se desploma a su m\u00ednimo en cuatro meses (19:08)"},"content":{"rendered":"<p>El barril de Brent cay\u00f3 a 71,57 d\u00f3lares y el WTI a 68,58, borrando todo el aumento de precio provocado por la guerra desde febrero.<\/p>\n<p data-path-to-node=\"1,1,0\">El desplome responde al optimismo por las negociaciones t\u00e9cnicas de desnuclearizaci\u00f3n en Doha (Qatar).<\/p>\n<p>Donald Trump calific\u00f3 las reuniones como \u00abmuy buenas\u00bb pese a los recientes choques militares.<\/p>\n<p data-path-to-node=\"1,2,0\">El tr\u00e1fico de buques petroleros en el estrat\u00e9gico estrecho de Ormuz comenz\u00f3 a normalizarse y a recuperar los flujos previos al conflicto.<\/p>\n<p data-path-to-node=\"1,3,0\">Analistas advierten que el flujo sigue por debajo de los niveles normales.<\/p>\n<p>Adem\u00e1s, las navieras mantendr\u00e1n la clasificaci\u00f3n del estrecho como \u00abzona de guerra\u00bb hasta el 9 de julio debido a que Ir\u00e1n busca cobrar tarifas de escolta. (Agencias)<\/p>\n","protected":false},"excerpt":{"rendered":"<p>El barril de Brent cay\u00f3 a 71,57 d\u00f3lares y el WTI a 68,58, borrando todo el aumento de precio provocado por la guerra desde febrero. El desplome responde al optimismo por las negociaciones t\u00e9cnicas de desnuclearizaci\u00f3n en Doha (Qatar). Donald Trump calific\u00f3 las reuniones como \u00abmuy buenas\u00bb pese a los recientes choques militares. El tr\u00e1fico [&hellip;]<\/p>\n","protected":false},"author":7,"featured_media":408891,"comment_status":"closed","ping_status":"open","sticky":false,"template":"","format":"standard","meta":{"_acf_changed":false,"footnotes":""},"categories":[51],"tags":[],"class_list":["post-408890","post","type-post","status-publish","format-standard","has-post-thumbnail","category-ultima-hora"],"acf":{"antetitulo":""},"yoast_head":"<!-- This site is optimized with the Yoast SEO plugin v28.4 - https:\/\/yoast.com\/product\/yoast-seo-wordpress\/ -->\n<title>Precio del petr\u00f3leo se desploma a su m\u00ednimo en cuatro meses (19:08) - El Diario - Bolivia<\/title>\n<meta name=\"robots\" content=\"index, follow, max-snippet:-1, max-image-preview:large, max-video-preview:-1\" \/>\n<link rel=\"canonical\" href=\"https:\/\/www.eldiario.net\/portal\/2026\/07\/01\/precio-del-petroleo-se-desploma-a-su-minimo-en-cuatro-meses-1908\/\" \/>\n<meta property=\"og:locale\" content=\"es_ES\" \/>\n<meta property=\"og:type\" content=\"article\" \/>\n<meta property=\"og:title\" content=\"Precio del petr\u00f3leo se desploma a su m\u00ednimo en cuatro meses (19:08) - El Diario - Bolivia\" \/>\n<meta property=\"og:description\" content=\"El barril de Brent cay\u00f3 a 71,57 d\u00f3lares y el WTI a 68,58, borrando todo el aumento de precio provocado por la guerra desde febrero. El desplome responde al optimismo por las negociaciones t\u00e9cnicas de desnuclearizaci\u00f3n en Doha (Qatar). Donald Trump calific\u00f3 las reuniones como \u00abmuy buenas\u00bb pese a los recientes choques militares. El tr\u00e1fico [&hellip;]\" \/>\n<meta property=\"og:url\" content=\"https:\/\/www.eldiario.net\/portal\/2026\/07\/01\/precio-del-petroleo-se-desploma-a-su-minimo-en-cuatro-meses-1908\/\" \/>\n<meta property=\"og:site_name\" content=\"El Diario - Bolivia\" \/>\n<meta property=\"article:publisher\" content=\"https:\/\/www.facebook.com\/eldiario.bolivia\/\" \/>\n<meta property=\"article:published_time\" content=\"2026-07-01T23:08:45+00:00\" \/>\n<meta property=\"og:image\" content=\"https:\/\/www.eldiario.net\/portal\/wp-content\/uploads\/2026\/07\/barriles-01.-copia.webp\" \/>\n\t<meta property=\"og:image:width\" content=\"520\" \/>\n\t<meta property=\"og:image:height\" content=\"352\" \/>\n\t<meta property=\"og:image:type\" content=\"image\/webp\" \/>\n<meta name=\"author\" content=\"Viviana Monrroy\" \/>\n<meta name=\"twitter:card\" content=\"summary_large_image\" \/>\n<meta name=\"twitter:creator\" content=\"@eldiario_net\" \/>\n<meta name=\"twitter:site\" content=\"@eldiario_net\" \/>\n<meta name=\"twitter:label1\" content=\"Escrito por\" \/>\n\t<meta name=\"twitter:data1\" content=\"Viviana Monrroy\" \/>\n\t<meta name=\"twitter:label2\" content=\"Tiempo de lectura\" \/>\n\t<meta name=\"twitter:data2\" content=\"1 minuto\" \/>\n<script type=\"application\/ld+json\" class=\"yoast-schema-graph\">{\"@context\":\"https:\\\/\\\/schema.org\",\"@graph\":[{\"@type\":\"Article\",\"@id\":\"https:\\\/\\\/www.eldiario.net\\\/portal\\\/2026\\\/07\\\/01\\\/precio-del-petroleo-se-desploma-a-su-minimo-en-cuatro-meses-1908\\\/#article\",\"isPartOf\":{\"@id\":\"https:\\\/\\\/www.eldiario.net\\\/portal\\\/2026\\\/07\\\/01\\\/precio-del-petroleo-se-desploma-a-su-minimo-en-cuatro-meses-1908\\\/\"},\"author\":{\"name\":\"Viviana Monrroy\",\"@id\":\"https:\\\/\\\/www.eldiario.net\\\/portal\\\/#\\\/schema\\\/person\\\/32cc89e801dfcbad3a54f91da7f2ea06\"},\"headline\":\"Precio del petr\u00f3leo se desploma a su m\u00ednimo en cuatro meses (19:08)\",\"datePublished\":\"2026-07-01T23:08:45+00:00\",\"mainEntityOfPage\":{\"@id\":\"https:\\\/\\\/www.eldiario.net\\\/portal\\\/2026\\\/07\\\/01\\\/precio-del-petroleo-se-desploma-a-su-minimo-en-cuatro-meses-1908\\\/\"},\"wordCount\":133,\"publisher\":{\"@id\":\"https:\\\/\\\/www.eldiario.net\\\/portal\\\/#organization\"},\"image\":{\"@id\":\"https:\\\/\\\/www.eldiario.net\\\/portal\\\/2026\\\/07\\\/01\\\/precio-del-petroleo-se-desploma-a-su-minimo-en-cuatro-meses-1908\\\/#primaryimage\"},\"thumbnailUrl\":\"https:\\\/\\\/www.eldiario.net\\\/portal\\\/wp-content\\\/uploads\\\/2026\\\/07\\\/barriles-01.-copia.webp\",\"articleSection\":[\"\u00daltima Hora\"],\"inLanguage\":\"es\"},{\"@type\":\"WebPage\",\"@id\":\"https:\\\/\\\/www.eldiario.net\\\/portal\\\/2026\\\/07\\\/01\\\/precio-del-petroleo-se-desploma-a-su-minimo-en-cuatro-meses-1908\\\/\",\"url\":\"https:\\\/\\\/www.eldiario.net\\\/portal\\\/2026\\\/07\\\/01\\\/precio-del-petroleo-se-desploma-a-su-minimo-en-cuatro-meses-1908\\\/\",\"name\":\"Precio del petr\u00f3leo se desploma a su m\u00ednimo en cuatro meses (19:08) - El Diario - Bolivia\",\"isPartOf\":{\"@id\":\"https:\\\/\\\/www.eldiario.net\\\/portal\\\/#website\"},\"primaryImageOfPage\":{\"@id\":\"https:\\\/\\\/www.eldiario.net\\\/portal\\\/2026\\\/07\\\/01\\\/precio-del-petroleo-se-desploma-a-su-minimo-en-cuatro-meses-1908\\\/#primaryimage\"},\"image\":{\"@id\":\"https:\\\/\\\/www.eldiario.net\\\/portal\\\/2026\\\/07\\\/01\\\/precio-del-petroleo-se-desploma-a-su-minimo-en-cuatro-meses-1908\\\/#primaryimage\"},\"thumbnailUrl\":\"https:\\\/\\\/www.eldiario.net\\\/portal\\\/wp-content\\\/uploads\\\/2026\\\/07\\\/barriles-01.-copia.webp\",\"datePublished\":\"2026-07-01T23:08:45+00:00\",\"breadcrumb\":{\"@id\":\"https:\\\/\\\/www.eldiario.net\\\/portal\\\/2026\\\/07\\\/01\\\/precio-del-petroleo-se-desploma-a-su-minimo-en-cuatro-meses-1908\\\/#breadcrumb\"},\"inLanguage\":\"es\",\"potentialAction\":[{\"@type\":\"ReadAction\",\"target\":[\"https:\\\/\\\/www.eldiario.net\\\/portal\\\/2026\\\/07\\\/01\\\/precio-del-petroleo-se-desploma-a-su-minimo-en-cuatro-meses-1908\\\/\"]}]},{\"@type\":\"ImageObject\",\"inLanguage\":\"es\",\"@id\":\"https:\\\/\\\/www.eldiario.net\\\/portal\\\/2026\\\/07\\\/01\\\/precio-del-petroleo-se-desploma-a-su-minimo-en-cuatro-meses-1908\\\/#primaryimage\",\"url\":\"https:\\\/\\\/www.eldiario.net\\\/portal\\\/wp-content\\\/uploads\\\/2026\\\/07\\\/barriles-01.-copia.webp\",\"contentUrl\":\"https:\\\/\\\/www.eldiario.net\\\/portal\\\/wp-content\\\/uploads\\\/2026\\\/07\\\/barriles-01.-copia.webp\",\"width\":520,\"height\":352,\"caption\":\"Imagen Referencial (RRSS)\"},{\"@type\":\"BreadcrumbList\",\"@id\":\"https:\\\/\\\/www.eldiario.net\\\/portal\\\/2026\\\/07\\\/01\\\/precio-del-petroleo-se-desploma-a-su-minimo-en-cuatro-meses-1908\\\/#breadcrumb\",\"itemListElement\":[{\"@type\":\"ListItem\",\"position\":1,\"name\":\"Portada\",\"item\":\"https:\\\/\\\/www.eldiario.net\\\/portal\\\/\"},{\"@type\":\"ListItem\",\"position\":2,\"name\":\"Precio del petr\u00f3leo se desploma a su m\u00ednimo en cuatro meses (19:08)\"}]},{\"@type\":\"WebSite\",\"@id\":\"https:\\\/\\\/www.eldiario.net\\\/portal\\\/#website\",\"url\":\"https:\\\/\\\/www.eldiario.net\\\/portal\\\/\",\"name\":\"El Diario - Decano de la prensa nacional\",\"description\":\"El Diario - Decano de la prensa nacional\",\"publisher\":{\"@id\":\"https:\\\/\\\/www.eldiario.net\\\/portal\\\/#organization\"},\"potentialAction\":[{\"@type\":\"SearchAction\",\"target\":{\"@type\":\"EntryPoint\",\"urlTemplate\":\"https:\\\/\\\/www.eldiario.net\\\/portal\\\/?s={search_term_string}\"},\"query-input\":{\"@type\":\"PropertyValueSpecification\",\"valueRequired\":true,\"valueName\":\"search_term_string\"}}],\"inLanguage\":\"es\"},{\"@type\":\"Organization\",\"@id\":\"https:\\\/\\\/www.eldiario.net\\\/portal\\\/#organization\",\"name\":\"El Diario - Decano de la prensa nacional\",\"url\":\"https:\\\/\\\/www.eldiario.net\\\/portal\\\/\",\"logo\":{\"@type\":\"ImageObject\",\"inLanguage\":\"es\",\"@id\":\"https:\\\/\\\/www.eldiario.net\\\/portal\\\/#\\\/schema\\\/logo\\\/image\\\/\",\"url\":\"https:\\\/\\\/www.eldiario.net\\\/portal\\\/wp-content\\\/uploads\\\/2023\\\/07\\\/logo_ED.jpg\",\"contentUrl\":\"https:\\\/\\\/www.eldiario.net\\\/portal\\\/wp-content\\\/uploads\\\/2023\\\/07\\\/logo_ED.jpg\",\"width\":272,\"height\":52,\"caption\":\"El Diario - Decano de la prensa nacional\"},\"image\":{\"@id\":\"https:\\\/\\\/www.eldiario.net\\\/portal\\\/#\\\/schema\\\/logo\\\/image\\\/\"},\"sameAs\":[\"https:\\\/\\\/www.facebook.com\\\/eldiario.bolivia\\\/\",\"https:\\\/\\\/x.com\\\/eldiario_net\"]},{\"@type\":\"Person\",\"@id\":\"https:\\\/\\\/www.eldiario.net\\\/portal\\\/#\\\/schema\\\/person\\\/32cc89e801dfcbad3a54f91da7f2ea06\",\"name\":\"Viviana Monrroy\",\"image\":{\"@type\":\"ImageObject\",\"inLanguage\":\"es\",\"@id\":\"https:\\\/\\\/secure.gravatar.com\\\/avatar\\\/dfd1611ed5600959a0e5a9754503b6c05d1dcf190010998e0363aee2ad98afca?s=96&d=mm&r=g\",\"url\":\"https:\\\/\\\/secure.gravatar.com\\\/avatar\\\/dfd1611ed5600959a0e5a9754503b6c05d1dcf190010998e0363aee2ad98afca?s=96&d=mm&r=g\",\"contentUrl\":\"https:\\\/\\\/secure.gravatar.com\\\/avatar\\\/dfd1611ed5600959a0e5a9754503b6c05d1dcf190010998e0363aee2ad98afca?s=96&d=mm&r=g\",\"caption\":\"Viviana Monrroy\"},\"sameAs\":[\"http:\\\/\\\/www.eldiario.net\"],\"url\":\"https:\\\/\\\/www.eldiario.net\\\/portal\\\/author\\\/vivianamonrroy\\\/\"}]}<\/script>\n<!-- \/ Yoast SEO plugin. -->","yoast_head_json":{"title":"Precio del petr\u00f3leo se desploma a su m\u00ednimo en cuatro meses (19:08) - El Diario - Bolivia","robots":{"index":"index","follow":"follow","max-snippet":"max-snippet:-1","max-image-preview":"max-image-preview:large","max-video-preview":"max-video-preview:-1"},"canonical":"https:\/\/www.eldiario.net\/portal\/2026\/07\/01\/precio-del-petroleo-se-desploma-a-su-minimo-en-cuatro-meses-1908\/","og_locale":"es_ES","og_type":"article","og_title":"Precio del petr\u00f3leo se desploma a su m\u00ednimo en cuatro meses (19:08) - El Diario - Bolivia","og_description":"El barril de Brent cay\u00f3 a 71,57 d\u00f3lares y el WTI a 68,58, borrando todo el aumento de precio provocado por la guerra desde febrero. El desplome responde al optimismo por las negociaciones t\u00e9cnicas de desnuclearizaci\u00f3n en Doha (Qatar). Donald Trump calific\u00f3 las reuniones como \u00abmuy buenas\u00bb pese a los recientes choques militares. El tr\u00e1fico [&hellip;]","og_url":"https:\/\/www.eldiario.net\/portal\/2026\/07\/01\/precio-del-petroleo-se-desploma-a-su-minimo-en-cuatro-meses-1908\/","og_site_name":"El Diario - Bolivia","article_publisher":"https:\/\/www.facebook.com\/eldiario.bolivia\/","article_published_time":"2026-07-01T23:08:45+00:00","og_image":[{"width":520,"height":352,"url":"https:\/\/www.eldiario.net\/portal\/wp-content\/uploads\/2026\/07\/barriles-01.-copia.webp","type":"image\/webp"}],"author":"Viviana Monrroy","twitter_card":"summary_large_image","twitter_creator":"@eldiario_net","twitter_site":"@eldiario_net","twitter_misc":{"Escrito por":"Viviana Monrroy","Tiempo de lectura":"1 minuto"},"schema":{"@context":"https:\/\/schema.org","@graph":[{"@type":"Article","@id":"https:\/\/www.eldiario.net\/portal\/2026\/07\/01\/precio-del-petroleo-se-desploma-a-su-minimo-en-cuatro-meses-1908\/#article","isPartOf":{"@id":"https:\/\/www.eldiario.net\/portal\/2026\/07\/01\/precio-del-petroleo-se-desploma-a-su-minimo-en-cuatro-meses-1908\/"},"author":{"name":"Viviana Monrroy","@id":"https:\/\/www.eldiario.net\/portal\/#\/schema\/person\/32cc89e801dfcbad3a54f91da7f2ea06"},"headline":"Precio del petr\u00f3leo se desploma a su m\u00ednimo en cuatro meses (19:08)","datePublished":"2026-07-01T23:08:45+00:00","mainEntityOfPage":{"@id":"https:\/\/www.eldiario.net\/portal\/2026\/07\/01\/precio-del-petroleo-se-desploma-a-su-minimo-en-cuatro-meses-1908\/"},"wordCount":133,"publisher":{"@id":"https:\/\/www.eldiario.net\/portal\/#organization"},"image":{"@id":"https:\/\/www.eldiario.net\/portal\/2026\/07\/01\/precio-del-petroleo-se-desploma-a-su-minimo-en-cuatro-meses-1908\/#primaryimage"},"thumbnailUrl":"https:\/\/www.eldiario.net\/portal\/wp-content\/uploads\/2026\/07\/barriles-01.-copia.webp","articleSection":["\u00daltima Hora"],"inLanguage":"es"},{"@type":"WebPage","@id":"https:\/\/www.eldiario.net\/portal\/2026\/07\/01\/precio-del-petroleo-se-desploma-a-su-minimo-en-cuatro-meses-1908\/","url":"https:\/\/www.eldiario.net\/portal\/2026\/07\/01\/precio-del-petroleo-se-desploma-a-su-minimo-en-cuatro-meses-1908\/","name":"Precio del petr\u00f3leo se desploma a su m\u00ednimo en cuatro meses (19:08) - El Diario - Bolivia","isPartOf":{"@id":"https:\/\/www.eldiario.net\/portal\/#website"},"primaryImageOfPage":{"@id":"https:\/\/www.eldiario.net\/portal\/2026\/07\/01\/precio-del-petroleo-se-desploma-a-su-minimo-en-cuatro-meses-1908\/#primaryimage"},"image":{"@id":"https:\/\/www.eldiario.net\/portal\/2026\/07\/01\/precio-del-petroleo-se-desploma-a-su-minimo-en-cuatro-meses-1908\/#primaryimage"},"thumbnailUrl":"https:\/\/www.eldiario.net\/portal\/wp-content\/uploads\/2026\/07\/barriles-01.-copia.webp","datePublished":"2026-07-01T23:08:45+00:00","breadcrumb":{"@id":"https:\/\/www.eldiario.net\/portal\/2026\/07\/01\/precio-del-petroleo-se-desploma-a-su-minimo-en-cuatro-meses-1908\/#breadcrumb"},"inLanguage":"es","potentialAction":[{"@type":"ReadAction","target":["https:\/\/www.eldiario.net\/portal\/2026\/07\/01\/precio-del-petroleo-se-desploma-a-su-minimo-en-cuatro-meses-1908\/"]}]},{"@type":"ImageObject","inLanguage":"es","@id":"https:\/\/www.eldiario.net\/portal\/2026\/07\/01\/precio-del-petroleo-se-desploma-a-su-minimo-en-cuatro-meses-1908\/#primaryimage","url":"https:\/\/www.eldiario.net\/portal\/wp-content\/uploads\/2026\/07\/barriles-01.-copia.webp","contentUrl":"https:\/\/www.eldiario.net\/portal\/wp-content\/uploads\/2026\/07\/barriles-01.-copia.webp","width":520,"height":352,"caption":"Imagen Referencial (RRSS)"},{"@type":"BreadcrumbList","@id":"https:\/\/www.eldiario.net\/portal\/2026\/07\/01\/precio-del-petroleo-se-desploma-a-su-minimo-en-cuatro-meses-1908\/#breadcrumb","itemListElement":[{"@type":"ListItem","position":1,"name":"Portada","item":"https:\/\/www.eldiario.net\/portal\/"},{"@type":"ListItem","position":2,"name":"Precio del petr\u00f3leo se desploma a su m\u00ednimo en cuatro meses (19:08)"}]},{"@type":"WebSite","@id":"https:\/\/www.eldiario.net\/portal\/#website","url":"https:\/\/www.eldiario.net\/portal\/","name":"El Diario - Decano de la prensa nacional","description":"El Diario - Decano de la prensa nacional","publisher":{"@id":"https:\/\/www.eldiario.net\/portal\/#organization"},"potentialAction":[{"@type":"SearchAction","target":{"@type":"EntryPoint","urlTemplate":"https:\/\/www.eldiario.net\/portal\/?s={search_term_string}"},"query-input":{"@type":"PropertyValueSpecification","valueRequired":true,"valueName":"search_term_string"}}],"inLanguage":"es"},{"@type":"Organization","@id":"https:\/\/www.eldiario.net\/portal\/#organization","name":"El Diario - Decano de la prensa nacional","url":"https:\/\/www.eldiario.net\/portal\/","logo":{"@type":"ImageObject","inLanguage":"es","@id":"https:\/\/www.eldiario.net\/portal\/#\/schema\/logo\/image\/","url":"https:\/\/www.eldiario.net\/portal\/wp-content\/uploads\/2023\/07\/logo_ED.jpg","contentUrl":"https:\/\/www.eldiario.net\/portal\/wp-content\/uploads\/2023\/07\/logo_ED.jpg","width":272,"height":52,"caption":"El Diario - Decano de la prensa nacional"},"image":{"@id":"https:\/\/www.eldiario.net\/portal\/#\/schema\/logo\/image\/"},"sameAs":["https:\/\/www.facebook.com\/eldiario.bolivia\/","https:\/\/x.com\/eldiario_net"]},{"@type":"Person","@id":"https:\/\/www.eldiario.net\/portal\/#\/schema\/person\/32cc89e801dfcbad3a54f91da7f2ea06","name":"Viviana Monrroy","image":{"@type":"ImageObject","inLanguage":"es","@id":"https:\/\/secure.gravatar.com\/avatar\/dfd1611ed5600959a0e5a9754503b6c05d1dcf190010998e0363aee2ad98afca?s=96&d=mm&r=g","url":"https:\/\/secure.gravatar.com\/avatar\/dfd1611ed5600959a0e5a9754503b6c05d1dcf190010998e0363aee2ad98afca?s=96&d=mm&r=g","contentUrl":"https:\/\/secure.gravatar.com\/avatar\/dfd1611ed5600959a0e5a9754503b6c05d1dcf190010998e0363aee2ad98afca?s=96&d=mm&r=g","caption":"Viviana Monrroy"},"sameAs":["http:\/\/www.eldiario.net"],"url":"https:\/\/www.eldiario.net\/portal\/author\/vivianamonrroy\/"}]}},"_links":{"self":[{"href":"https:\/\/www.eldiario.net\/portal\/wp-json\/wp\/v2\/posts\/408890","targetHints":{"allow":["GET"]}}],"collection":[{"href":"https:\/\/www.eldiario.net\/portal\/wp-json\/wp\/v2\/posts"}],"about":[{"href":"https:\/\/www.eldiario.net\/portal\/wp-json\/wp\/v2\/types\/post"}],"author":[{"embeddable":true,"href":"https:\/\/www.eldiario.net\/portal\/wp-json\/wp\/v2\/users\/7"}],"replies":[{"embeddable":true,"href":"https:\/\/www.eldiario.net\/portal\/wp-json\/wp\/v2\/comments?post=408890"}],"version-history":[{"count":1,"href":"https:\/\/www.eldiario.net\/portal\/wp-json\/wp\/v2\/posts\/408890\/revisions"}],"predecessor-version":[{"id":408892,"href":"https:\/\/www.eldiario.net\/portal\/wp-json\/wp\/v2\/posts\/408890\/revisions\/408892"}],"wp:featuredmedia":[{"embeddable":true,"href":"https:\/\/www.eldiario.net\/portal\/wp-json\/wp\/v2\/media\/408891"}],"wp:attachment":[{"href":"https:\/\/www.eldiario.net\/portal\/wp-json\/wp\/v2\/media?parent=408890"}],"wp:term":[{"taxonomy":"category","embeddable":true,"href":"https:\/\/www.eldiario.net\/portal\/wp-json\/wp\/v2\/categories?post=408890"},{"taxonomy":"post_tag","embeddable":true,"href":"https:\/\/www.eldiario.net\/portal\/wp-json\/wp\/v2\/tags?post=408890"}],"curies":[{"name":"wp","href":"https:\/\/api.w.org\/{rel}","templated":true}]}}