{"id":408883,"date":"2026-07-01T18:49:40","date_gmt":"2026-07-01T22:49:40","guid":{"rendered":"https:\/\/www.eldiario.net\/portal\/?p=408883"},"modified":"2026-07-01T18:49:40","modified_gmt":"2026-07-01T22:49:40","slug":"un-grupo-radical-provoca-un-nuevo-cisma-en-la-iglesia-catolica-1849","status":"publish","type":"post","link":"https:\/\/www.eldiario.net\/portal\/2026\/07\/01\/un-grupo-radical-provoca-un-nuevo-cisma-en-la-iglesia-catolica-1849\/","title":{"rendered":"Un grupo radical provoca un nuevo cisma en la Iglesia Cat\u00f3lica (18:49)"},"content":{"rendered":"<p>La Fraternidad Sacerdotal San P\u00edo X (FSSPX) consagr\u00f3 este mi\u00e9rcoles a cuatro nuevos obispos en Suiza sin la aprobaci\u00f3n del Vaticano, desafiando el llamado directo del Papa Le\u00f3n XIV.<\/p>\n<p data-path-to-node=\"1,1,0\">La ordenaci\u00f3n tradicionalista representa la peor escisi\u00f3n dentro de la Iglesia en d\u00e9cadas y reactiva un viejo conflicto surgido luego de las reformas de modernizaci\u00f3n del Concilio Vaticano II.<\/p>\n<p data-path-to-node=\"1,2,0\">La facci\u00f3n justific\u00f3 las consagraciones como un \u00abdeber sagrado\u00bb para defender la fe y afirm\u00f3 que cualquier castigo de Roma carecer\u00e1 de validez.<\/p>\n<p data-path-to-node=\"1,3,0\">Seg\u00fan el derecho can\u00f3nico, esta acci\u00f3n se considera un acto cism\u00e1tico que conlleva la excomuni\u00f3n autom\u00e1tica de todos los involucrados, lo que desata una grave crisis para el Papa en sus intentos por unificar a los sectores tradicionalistas.(Agencias)<\/p>\n","protected":false},"excerpt":{"rendered":"<p>La Fraternidad Sacerdotal San P\u00edo X (FSSPX) consagr\u00f3 este mi\u00e9rcoles a cuatro nuevos obispos en Suiza sin la aprobaci\u00f3n del Vaticano, desafiando el llamado directo del Papa Le\u00f3n XIV. La ordenaci\u00f3n tradicionalista representa la peor escisi\u00f3n dentro de la Iglesia en d\u00e9cadas y reactiva un viejo conflicto surgido luego de las reformas de modernizaci\u00f3n del [&hellip;]<\/p>\n","protected":false},"author":7,"featured_media":408884,"comment_status":"closed","ping_status":"open","sticky":false,"template":"","format":"standard","meta":{"_acf_changed":false,"footnotes":""},"categories":[51],"tags":[],"class_list":["post-408883","post","type-post","status-publish","format-standard","has-post-thumbnail","category-ultima-hora"],"acf":{"antetitulo":""},"yoast_head":"<!-- This site is optimized with the Yoast SEO plugin v28.4 - https:\/\/yoast.com\/product\/yoast-seo-wordpress\/ -->\n<title>Un grupo radical provoca un nuevo cisma en la Iglesia Cat\u00f3lica (18:49) - El Diario - Bolivia<\/title>\n<meta name=\"robots\" content=\"index, follow, max-snippet:-1, max-image-preview:large, max-video-preview:-1\" \/>\n<link rel=\"canonical\" href=\"https:\/\/www.eldiario.net\/portal\/2026\/07\/01\/un-grupo-radical-provoca-un-nuevo-cisma-en-la-iglesia-catolica-1849\/\" \/>\n<meta property=\"og:locale\" content=\"es_ES\" \/>\n<meta property=\"og:type\" content=\"article\" \/>\n<meta property=\"og:title\" content=\"Un grupo radical provoca un nuevo cisma en la Iglesia Cat\u00f3lica (18:49) - El Diario - Bolivia\" \/>\n<meta property=\"og:description\" content=\"La Fraternidad Sacerdotal San P\u00edo X (FSSPX) consagr\u00f3 este mi\u00e9rcoles a cuatro nuevos obispos en Suiza sin la aprobaci\u00f3n del Vaticano, desafiando el llamado directo del Papa Le\u00f3n XIV. La ordenaci\u00f3n tradicionalista representa la peor escisi\u00f3n dentro de la Iglesia en d\u00e9cadas y reactiva un viejo conflicto surgido luego de las reformas de modernizaci\u00f3n del [&hellip;]\" \/>\n<meta property=\"og:url\" content=\"https:\/\/www.eldiario.net\/portal\/2026\/07\/01\/un-grupo-radical-provoca-un-nuevo-cisma-en-la-iglesia-catolica-1849\/\" \/>\n<meta property=\"og:site_name\" content=\"El Diario - Bolivia\" \/>\n<meta property=\"article:publisher\" content=\"https:\/\/www.facebook.com\/eldiario.bolivia\/\" \/>\n<meta property=\"article:published_time\" content=\"2026-07-01T22:49:40+00:00\" \/>\n<meta property=\"og:image\" content=\"https:\/\/www.eldiario.net\/portal\/wp-content\/uploads\/2026\/07\/iglesia-01.07.26-copia.webp\" \/>\n\t<meta property=\"og:image:width\" content=\"600\" \/>\n\t<meta property=\"og:image:height\" content=\"455\" \/>\n\t<meta property=\"og:image:type\" content=\"image\/webp\" \/>\n<meta name=\"author\" content=\"Viviana Monrroy\" \/>\n<meta name=\"twitter:card\" content=\"summary_large_image\" \/>\n<meta name=\"twitter:creator\" content=\"@eldiario_net\" \/>\n<meta name=\"twitter:site\" content=\"@eldiario_net\" \/>\n<meta name=\"twitter:label1\" content=\"Escrito por\" \/>\n\t<meta name=\"twitter:data1\" content=\"Viviana Monrroy\" \/>\n\t<meta name=\"twitter:label2\" content=\"Tiempo de lectura\" \/>\n\t<meta name=\"twitter:data2\" content=\"1 minuto\" \/>\n<script type=\"application\/ld+json\" class=\"yoast-schema-graph\">{\"@context\":\"https:\\\/\\\/schema.org\",\"@graph\":[{\"@type\":\"Article\",\"@id\":\"https:\\\/\\\/www.eldiario.net\\\/portal\\\/2026\\\/07\\\/01\\\/un-grupo-radical-provoca-un-nuevo-cisma-en-la-iglesia-catolica-1849\\\/#article\",\"isPartOf\":{\"@id\":\"https:\\\/\\\/www.eldiario.net\\\/portal\\\/2026\\\/07\\\/01\\\/un-grupo-radical-provoca-un-nuevo-cisma-en-la-iglesia-catolica-1849\\\/\"},\"author\":{\"name\":\"Viviana Monrroy\",\"@id\":\"https:\\\/\\\/www.eldiario.net\\\/portal\\\/#\\\/schema\\\/person\\\/32cc89e801dfcbad3a54f91da7f2ea06\"},\"headline\":\"Un grupo radical provoca un nuevo cisma en la Iglesia Cat\u00f3lica (18:49)\",\"datePublished\":\"2026-07-01T22:49:40+00:00\",\"mainEntityOfPage\":{\"@id\":\"https:\\\/\\\/www.eldiario.net\\\/portal\\\/2026\\\/07\\\/01\\\/un-grupo-radical-provoca-un-nuevo-cisma-en-la-iglesia-catolica-1849\\\/\"},\"wordCount\":147,\"publisher\":{\"@id\":\"https:\\\/\\\/www.eldiario.net\\\/portal\\\/#organization\"},\"image\":{\"@id\":\"https:\\\/\\\/www.eldiario.net\\\/portal\\\/2026\\\/07\\\/01\\\/un-grupo-radical-provoca-un-nuevo-cisma-en-la-iglesia-catolica-1849\\\/#primaryimage\"},\"thumbnailUrl\":\"https:\\\/\\\/www.eldiario.net\\\/portal\\\/wp-content\\\/uploads\\\/2026\\\/07\\\/iglesia-01.07.26-copia.webp\",\"articleSection\":[\"\u00daltima Hora\"],\"inLanguage\":\"es\"},{\"@type\":\"WebPage\",\"@id\":\"https:\\\/\\\/www.eldiario.net\\\/portal\\\/2026\\\/07\\\/01\\\/un-grupo-radical-provoca-un-nuevo-cisma-en-la-iglesia-catolica-1849\\\/\",\"url\":\"https:\\\/\\\/www.eldiario.net\\\/portal\\\/2026\\\/07\\\/01\\\/un-grupo-radical-provoca-un-nuevo-cisma-en-la-iglesia-catolica-1849\\\/\",\"name\":\"Un grupo radical provoca un nuevo cisma en la Iglesia Cat\u00f3lica (18:49) - El Diario - Bolivia\",\"isPartOf\":{\"@id\":\"https:\\\/\\\/www.eldiario.net\\\/portal\\\/#website\"},\"primaryImageOfPage\":{\"@id\":\"https:\\\/\\\/www.eldiario.net\\\/portal\\\/2026\\\/07\\\/01\\\/un-grupo-radical-provoca-un-nuevo-cisma-en-la-iglesia-catolica-1849\\\/#primaryimage\"},\"image\":{\"@id\":\"https:\\\/\\\/www.eldiario.net\\\/portal\\\/2026\\\/07\\\/01\\\/un-grupo-radical-provoca-un-nuevo-cisma-en-la-iglesia-catolica-1849\\\/#primaryimage\"},\"thumbnailUrl\":\"https:\\\/\\\/www.eldiario.net\\\/portal\\\/wp-content\\\/uploads\\\/2026\\\/07\\\/iglesia-01.07.26-copia.webp\",\"datePublished\":\"2026-07-01T22:49:40+00:00\",\"breadcrumb\":{\"@id\":\"https:\\\/\\\/www.eldiario.net\\\/portal\\\/2026\\\/07\\\/01\\\/un-grupo-radical-provoca-un-nuevo-cisma-en-la-iglesia-catolica-1849\\\/#breadcrumb\"},\"inLanguage\":\"es\",\"potentialAction\":[{\"@type\":\"ReadAction\",\"target\":[\"https:\\\/\\\/www.eldiario.net\\\/portal\\\/2026\\\/07\\\/01\\\/un-grupo-radical-provoca-un-nuevo-cisma-en-la-iglesia-catolica-1849\\\/\"]}]},{\"@type\":\"ImageObject\",\"inLanguage\":\"es\",\"@id\":\"https:\\\/\\\/www.eldiario.net\\\/portal\\\/2026\\\/07\\\/01\\\/un-grupo-radical-provoca-un-nuevo-cisma-en-la-iglesia-catolica-1849\\\/#primaryimage\",\"url\":\"https:\\\/\\\/www.eldiario.net\\\/portal\\\/wp-content\\\/uploads\\\/2026\\\/07\\\/iglesia-01.07.26-copia.webp\",\"contentUrl\":\"https:\\\/\\\/www.eldiario.net\\\/portal\\\/wp-content\\\/uploads\\\/2026\\\/07\\\/iglesia-01.07.26-copia.webp\",\"width\":600,\"height\":455,\"caption\":\"Foto: RR.SS.\"},{\"@type\":\"BreadcrumbList\",\"@id\":\"https:\\\/\\\/www.eldiario.net\\\/portal\\\/2026\\\/07\\\/01\\\/un-grupo-radical-provoca-un-nuevo-cisma-en-la-iglesia-catolica-1849\\\/#breadcrumb\",\"itemListElement\":[{\"@type\":\"ListItem\",\"position\":1,\"name\":\"Portada\",\"item\":\"https:\\\/\\\/www.eldiario.net\\\/portal\\\/\"},{\"@type\":\"ListItem\",\"position\":2,\"name\":\"Un grupo radical provoca un nuevo cisma en la Iglesia Cat\u00f3lica (18:49)\"}]},{\"@type\":\"WebSite\",\"@id\":\"https:\\\/\\\/www.eldiario.net\\\/portal\\\/#website\",\"url\":\"https:\\\/\\\/www.eldiario.net\\\/portal\\\/\",\"name\":\"El Diario - Decano de la prensa nacional\",\"description\":\"El Diario - Decano de la prensa nacional\",\"publisher\":{\"@id\":\"https:\\\/\\\/www.eldiario.net\\\/portal\\\/#organization\"},\"potentialAction\":[{\"@type\":\"SearchAction\",\"target\":{\"@type\":\"EntryPoint\",\"urlTemplate\":\"https:\\\/\\\/www.eldiario.net\\\/portal\\\/?s={search_term_string}\"},\"query-input\":{\"@type\":\"PropertyValueSpecification\",\"valueRequired\":true,\"valueName\":\"search_term_string\"}}],\"inLanguage\":\"es\"},{\"@type\":\"Organization\",\"@id\":\"https:\\\/\\\/www.eldiario.net\\\/portal\\\/#organization\",\"name\":\"El Diario - Decano de la prensa nacional\",\"url\":\"https:\\\/\\\/www.eldiario.net\\\/portal\\\/\",\"logo\":{\"@type\":\"ImageObject\",\"inLanguage\":\"es\",\"@id\":\"https:\\\/\\\/www.eldiario.net\\\/portal\\\/#\\\/schema\\\/logo\\\/image\\\/\",\"url\":\"https:\\\/\\\/www.eldiario.net\\\/portal\\\/wp-content\\\/uploads\\\/2023\\\/07\\\/logo_ED.jpg\",\"contentUrl\":\"https:\\\/\\\/www.eldiario.net\\\/portal\\\/wp-content\\\/uploads\\\/2023\\\/07\\\/logo_ED.jpg\",\"width\":272,\"height\":52,\"caption\":\"El Diario - Decano de la prensa nacional\"},\"image\":{\"@id\":\"https:\\\/\\\/www.eldiario.net\\\/portal\\\/#\\\/schema\\\/logo\\\/image\\\/\"},\"sameAs\":[\"https:\\\/\\\/www.facebook.com\\\/eldiario.bolivia\\\/\",\"https:\\\/\\\/x.com\\\/eldiario_net\"]},{\"@type\":\"Person\",\"@id\":\"https:\\\/\\\/www.eldiario.net\\\/portal\\\/#\\\/schema\\\/person\\\/32cc89e801dfcbad3a54f91da7f2ea06\",\"name\":\"Viviana Monrroy\",\"image\":{\"@type\":\"ImageObject\",\"inLanguage\":\"es\",\"@id\":\"https:\\\/\\\/secure.gravatar.com\\\/avatar\\\/dfd1611ed5600959a0e5a9754503b6c05d1dcf190010998e0363aee2ad98afca?s=96&d=mm&r=g\",\"url\":\"https:\\\/\\\/secure.gravatar.com\\\/avatar\\\/dfd1611ed5600959a0e5a9754503b6c05d1dcf190010998e0363aee2ad98afca?s=96&d=mm&r=g\",\"contentUrl\":\"https:\\\/\\\/secure.gravatar.com\\\/avatar\\\/dfd1611ed5600959a0e5a9754503b6c05d1dcf190010998e0363aee2ad98afca?s=96&d=mm&r=g\",\"caption\":\"Viviana Monrroy\"},\"sameAs\":[\"http:\\\/\\\/www.eldiario.net\"],\"url\":\"https:\\\/\\\/www.eldiario.net\\\/portal\\\/author\\\/vivianamonrroy\\\/\"}]}<\/script>\n<!-- \/ Yoast SEO plugin. -->","yoast_head_json":{"title":"Un grupo radical provoca un nuevo cisma en la Iglesia Cat\u00f3lica (18:49) - El Diario - Bolivia","robots":{"index":"index","follow":"follow","max-snippet":"max-snippet:-1","max-image-preview":"max-image-preview:large","max-video-preview":"max-video-preview:-1"},"canonical":"https:\/\/www.eldiario.net\/portal\/2026\/07\/01\/un-grupo-radical-provoca-un-nuevo-cisma-en-la-iglesia-catolica-1849\/","og_locale":"es_ES","og_type":"article","og_title":"Un grupo radical provoca un nuevo cisma en la Iglesia Cat\u00f3lica (18:49) - El Diario - Bolivia","og_description":"La Fraternidad Sacerdotal San P\u00edo X (FSSPX) consagr\u00f3 este mi\u00e9rcoles a cuatro nuevos obispos en Suiza sin la aprobaci\u00f3n del Vaticano, desafiando el llamado directo del Papa Le\u00f3n XIV. La ordenaci\u00f3n tradicionalista representa la peor escisi\u00f3n dentro de la Iglesia en d\u00e9cadas y reactiva un viejo conflicto surgido luego de las reformas de modernizaci\u00f3n del [&hellip;]","og_url":"https:\/\/www.eldiario.net\/portal\/2026\/07\/01\/un-grupo-radical-provoca-un-nuevo-cisma-en-la-iglesia-catolica-1849\/","og_site_name":"El Diario - Bolivia","article_publisher":"https:\/\/www.facebook.com\/eldiario.bolivia\/","article_published_time":"2026-07-01T22:49:40+00:00","og_image":[{"width":600,"height":455,"url":"https:\/\/www.eldiario.net\/portal\/wp-content\/uploads\/2026\/07\/iglesia-01.07.26-copia.webp","type":"image\/webp"}],"author":"Viviana Monrroy","twitter_card":"summary_large_image","twitter_creator":"@eldiario_net","twitter_site":"@eldiario_net","twitter_misc":{"Escrito por":"Viviana Monrroy","Tiempo de lectura":"1 minuto"},"schema":{"@context":"https:\/\/schema.org","@graph":[{"@type":"Article","@id":"https:\/\/www.eldiario.net\/portal\/2026\/07\/01\/un-grupo-radical-provoca-un-nuevo-cisma-en-la-iglesia-catolica-1849\/#article","isPartOf":{"@id":"https:\/\/www.eldiario.net\/portal\/2026\/07\/01\/un-grupo-radical-provoca-un-nuevo-cisma-en-la-iglesia-catolica-1849\/"},"author":{"name":"Viviana Monrroy","@id":"https:\/\/www.eldiario.net\/portal\/#\/schema\/person\/32cc89e801dfcbad3a54f91da7f2ea06"},"headline":"Un grupo radical provoca un nuevo cisma en la Iglesia Cat\u00f3lica (18:49)","datePublished":"2026-07-01T22:49:40+00:00","mainEntityOfPage":{"@id":"https:\/\/www.eldiario.net\/portal\/2026\/07\/01\/un-grupo-radical-provoca-un-nuevo-cisma-en-la-iglesia-catolica-1849\/"},"wordCount":147,"publisher":{"@id":"https:\/\/www.eldiario.net\/portal\/#organization"},"image":{"@id":"https:\/\/www.eldiario.net\/portal\/2026\/07\/01\/un-grupo-radical-provoca-un-nuevo-cisma-en-la-iglesia-catolica-1849\/#primaryimage"},"thumbnailUrl":"https:\/\/www.eldiario.net\/portal\/wp-content\/uploads\/2026\/07\/iglesia-01.07.26-copia.webp","articleSection":["\u00daltima Hora"],"inLanguage":"es"},{"@type":"WebPage","@id":"https:\/\/www.eldiario.net\/portal\/2026\/07\/01\/un-grupo-radical-provoca-un-nuevo-cisma-en-la-iglesia-catolica-1849\/","url":"https:\/\/www.eldiario.net\/portal\/2026\/07\/01\/un-grupo-radical-provoca-un-nuevo-cisma-en-la-iglesia-catolica-1849\/","name":"Un grupo radical provoca un nuevo cisma en la Iglesia Cat\u00f3lica (18:49) - El Diario - Bolivia","isPartOf":{"@id":"https:\/\/www.eldiario.net\/portal\/#website"},"primaryImageOfPage":{"@id":"https:\/\/www.eldiario.net\/portal\/2026\/07\/01\/un-grupo-radical-provoca-un-nuevo-cisma-en-la-iglesia-catolica-1849\/#primaryimage"},"image":{"@id":"https:\/\/www.eldiario.net\/portal\/2026\/07\/01\/un-grupo-radical-provoca-un-nuevo-cisma-en-la-iglesia-catolica-1849\/#primaryimage"},"thumbnailUrl":"https:\/\/www.eldiario.net\/portal\/wp-content\/uploads\/2026\/07\/iglesia-01.07.26-copia.webp","datePublished":"2026-07-01T22:49:40+00:00","breadcrumb":{"@id":"https:\/\/www.eldiario.net\/portal\/2026\/07\/01\/un-grupo-radical-provoca-un-nuevo-cisma-en-la-iglesia-catolica-1849\/#breadcrumb"},"inLanguage":"es","potentialAction":[{"@type":"ReadAction","target":["https:\/\/www.eldiario.net\/portal\/2026\/07\/01\/un-grupo-radical-provoca-un-nuevo-cisma-en-la-iglesia-catolica-1849\/"]}]},{"@type":"ImageObject","inLanguage":"es","@id":"https:\/\/www.eldiario.net\/portal\/2026\/07\/01\/un-grupo-radical-provoca-un-nuevo-cisma-en-la-iglesia-catolica-1849\/#primaryimage","url":"https:\/\/www.eldiario.net\/portal\/wp-content\/uploads\/2026\/07\/iglesia-01.07.26-copia.webp","contentUrl":"https:\/\/www.eldiario.net\/portal\/wp-content\/uploads\/2026\/07\/iglesia-01.07.26-copia.webp","width":600,"height":455,"caption":"Foto: RR.SS."},{"@type":"BreadcrumbList","@id":"https:\/\/www.eldiario.net\/portal\/2026\/07\/01\/un-grupo-radical-provoca-un-nuevo-cisma-en-la-iglesia-catolica-1849\/#breadcrumb","itemListElement":[{"@type":"ListItem","position":1,"name":"Portada","item":"https:\/\/www.eldiario.net\/portal\/"},{"@type":"ListItem","position":2,"name":"Un grupo radical provoca un nuevo cisma en la Iglesia Cat\u00f3lica (18:49)"}]},{"@type":"WebSite","@id":"https:\/\/www.eldiario.net\/portal\/#website","url":"https:\/\/www.eldiario.net\/portal\/","name":"El Diario - Decano de la prensa nacional","description":"El Diario - Decano de la prensa nacional","publisher":{"@id":"https:\/\/www.eldiario.net\/portal\/#organization"},"potentialAction":[{"@type":"SearchAction","target":{"@type":"EntryPoint","urlTemplate":"https:\/\/www.eldiario.net\/portal\/?s={search_term_string}"},"query-input":{"@type":"PropertyValueSpecification","valueRequired":true,"valueName":"search_term_string"}}],"inLanguage":"es"},{"@type":"Organization","@id":"https:\/\/www.eldiario.net\/portal\/#organization","name":"El Diario - Decano de la prensa nacional","url":"https:\/\/www.eldiario.net\/portal\/","logo":{"@type":"ImageObject","inLanguage":"es","@id":"https:\/\/www.eldiario.net\/portal\/#\/schema\/logo\/image\/","url":"https:\/\/www.eldiario.net\/portal\/wp-content\/uploads\/2023\/07\/logo_ED.jpg","contentUrl":"https:\/\/www.eldiario.net\/portal\/wp-content\/uploads\/2023\/07\/logo_ED.jpg","width":272,"height":52,"caption":"El Diario - Decano de la prensa nacional"},"image":{"@id":"https:\/\/www.eldiario.net\/portal\/#\/schema\/logo\/image\/"},"sameAs":["https:\/\/www.facebook.com\/eldiario.bolivia\/","https:\/\/x.com\/eldiario_net"]},{"@type":"Person","@id":"https:\/\/www.eldiario.net\/portal\/#\/schema\/person\/32cc89e801dfcbad3a54f91da7f2ea06","name":"Viviana Monrroy","image":{"@type":"ImageObject","inLanguage":"es","@id":"https:\/\/secure.gravatar.com\/avatar\/dfd1611ed5600959a0e5a9754503b6c05d1dcf190010998e0363aee2ad98afca?s=96&d=mm&r=g","url":"https:\/\/secure.gravatar.com\/avatar\/dfd1611ed5600959a0e5a9754503b6c05d1dcf190010998e0363aee2ad98afca?s=96&d=mm&r=g","contentUrl":"https:\/\/secure.gravatar.com\/avatar\/dfd1611ed5600959a0e5a9754503b6c05d1dcf190010998e0363aee2ad98afca?s=96&d=mm&r=g","caption":"Viviana Monrroy"},"sameAs":["http:\/\/www.eldiario.net"],"url":"https:\/\/www.eldiario.net\/portal\/author\/vivianamonrroy\/"}]}},"_links":{"self":[{"href":"https:\/\/www.eldiario.net\/portal\/wp-json\/wp\/v2\/posts\/408883","targetHints":{"allow":["GET"]}}],"collection":[{"href":"https:\/\/www.eldiario.net\/portal\/wp-json\/wp\/v2\/posts"}],"about":[{"href":"https:\/\/www.eldiario.net\/portal\/wp-json\/wp\/v2\/types\/post"}],"author":[{"embeddable":true,"href":"https:\/\/www.eldiario.net\/portal\/wp-json\/wp\/v2\/users\/7"}],"replies":[{"embeddable":true,"href":"https:\/\/www.eldiario.net\/portal\/wp-json\/wp\/v2\/comments?post=408883"}],"version-history":[{"count":1,"href":"https:\/\/www.eldiario.net\/portal\/wp-json\/wp\/v2\/posts\/408883\/revisions"}],"predecessor-version":[{"id":408885,"href":"https:\/\/www.eldiario.net\/portal\/wp-json\/wp\/v2\/posts\/408883\/revisions\/408885"}],"wp:featuredmedia":[{"embeddable":true,"href":"https:\/\/www.eldiario.net\/portal\/wp-json\/wp\/v2\/media\/408884"}],"wp:attachment":[{"href":"https:\/\/www.eldiario.net\/portal\/wp-json\/wp\/v2\/media?parent=408883"}],"wp:term":[{"taxonomy":"category","embeddable":true,"href":"https:\/\/www.eldiario.net\/portal\/wp-json\/wp\/v2\/categories?post=408883"},{"taxonomy":"post_tag","embeddable":true,"href":"https:\/\/www.eldiario.net\/portal\/wp-json\/wp\/v2\/tags?post=408883"}],"curies":[{"name":"wp","href":"https:\/\/api.w.org\/{rel}","templated":true}]}}