{"id":408743,"date":"2026-07-01T09:13:54","date_gmt":"2026-07-01T13:13:54","guid":{"rendered":"https:\/\/www.eldiario.net\/portal\/?p=408743"},"modified":"2026-07-01T09:13:54","modified_gmt":"2026-07-01T13:13:54","slug":"fiestas-julias-la-paz-inicia-los-festejos-por-los-217-anos-de-su-gesta-libertaria-0913","status":"publish","type":"post","link":"https:\/\/www.eldiario.net\/portal\/2026\/07\/01\/fiestas-julias-la-paz-inicia-los-festejos-por-los-217-anos-de-su-gesta-libertaria-0913\/","title":{"rendered":"Fiestas Julias: La Paz inicia los festejos por los 217 a\u00f1os de su gesta libertaria (09:13)"},"content":{"rendered":"<p>Este mi\u00e9rcoles, la sede de Gobierno dio inicio oficial a las Fiestas Julias en conmemoraci\u00f3n de los 217 a\u00f1os de la gesta libertaria de 1809.<\/p>\n<p>La jornada inaugural arranc\u00f3 temprano con la tradicional Iza de la Bandera en la plaza Alonso de Mendoza por parte de la Alcald\u00eda y en la Plaza Murillo a cargo de la Gobernaci\u00f3n y con la presencia de autoridades nacionales.<\/p>\n<p>La agenda de este a\u00f1o, presentada por el alcalde de La Paz, C\u00e9sar Dockweiler, contempla m\u00e1s de 165 actividades culturales, gastron\u00f3micas, tur\u00edsticas y deportivas orientadas a la reactivaci\u00f3n econ\u00f3mica, la generaci\u00f3n de empleo y la atracci\u00f3n de inversiones para el municipio.<\/p>\n<p data-path-to-node=\"2\">La jornada inaugural arranc\u00f3 temprano con la tradicional Iza de la Bandera en la plaza Alonso de Mendoza.<\/p>\n<p>Sin embargo, a las 7 de la noche ser\u00e1 el lanzamiento oficial de la \u00abMarca Ciudad\u00bb y el encendido de una Tea en el renovado Parque Laikakota, una estrategia que busca proyectar a La Paz a nivel mundial como un destino tur\u00edstico competitivo.<\/p>\n<p>Entre los eventos m\u00e1s esperados del mes destacan la Serenata 3600, los recorridos patrimoniales por la calle Ja\u00e9n, el lanzamiento del \u00abMen\u00fa Collita\u00bb para reactivar los mercados y restaurantes, y una serie de ferias de innovaci\u00f3n y hackatones bajo el sello \u00abHecho en La Paz\u00bb.<\/p>\n","protected":false},"excerpt":{"rendered":"<p>Este mi\u00e9rcoles, la sede de Gobierno dio inicio oficial a las Fiestas Julias en conmemoraci\u00f3n de los 217 a\u00f1os de la gesta libertaria de 1809. La jornada inaugural arranc\u00f3 temprano con la tradicional Iza de la Bandera en la plaza Alonso de Mendoza por parte de la Alcald\u00eda y en la Plaza Murillo a cargo [&hellip;]<\/p>\n","protected":false},"author":7,"featured_media":408744,"comment_status":"closed","ping_status":"open","sticky":false,"template":"","format":"standard","meta":{"_acf_changed":false,"footnotes":""},"categories":[51],"tags":[],"class_list":["post-408743","post","type-post","status-publish","format-standard","has-post-thumbnail","category-ultima-hora"],"acf":{"antetitulo":""},"yoast_head":"<!-- This site is optimized with the Yoast SEO plugin v28.4 - https:\/\/yoast.com\/product\/yoast-seo-wordpress\/ -->\n<title>Fiestas Julias: La Paz inicia los festejos por los 217 a\u00f1os de su gesta libertaria (09:13) - El Diario - Bolivia<\/title>\n<meta name=\"robots\" content=\"index, follow, max-snippet:-1, max-image-preview:large, max-video-preview:-1\" \/>\n<link rel=\"canonical\" href=\"https:\/\/www.eldiario.net\/portal\/2026\/07\/01\/fiestas-julias-la-paz-inicia-los-festejos-por-los-217-anos-de-su-gesta-libertaria-0913\/\" \/>\n<meta property=\"og:locale\" content=\"es_ES\" \/>\n<meta property=\"og:type\" content=\"article\" \/>\n<meta property=\"og:title\" content=\"Fiestas Julias: La Paz inicia los festejos por los 217 a\u00f1os de su gesta libertaria (09:13) - El Diario - Bolivia\" \/>\n<meta property=\"og:description\" content=\"Este mi\u00e9rcoles, la sede de Gobierno dio inicio oficial a las Fiestas Julias en conmemoraci\u00f3n de los 217 a\u00f1os de la gesta libertaria de 1809. La jornada inaugural arranc\u00f3 temprano con la tradicional Iza de la Bandera en la plaza Alonso de Mendoza por parte de la Alcald\u00eda y en la Plaza Murillo a cargo [&hellip;]\" \/>\n<meta property=\"og:url\" content=\"https:\/\/www.eldiario.net\/portal\/2026\/07\/01\/fiestas-julias-la-paz-inicia-los-festejos-por-los-217-anos-de-su-gesta-libertaria-0913\/\" \/>\n<meta property=\"og:site_name\" content=\"El Diario - Bolivia\" \/>\n<meta property=\"article:publisher\" content=\"https:\/\/www.facebook.com\/eldiario.bolivia\/\" \/>\n<meta property=\"article:published_time\" content=\"2026-07-01T13:13:54+00:00\" \/>\n<meta property=\"og:image\" content=\"https:\/\/www.eldiario.net\/portal\/wp-content\/uploads\/2026\/07\/iza-de-bandera-01.07.26-copia.webp\" \/>\n\t<meta property=\"og:image:width\" content=\"413\" \/>\n\t<meta property=\"og:image:height\" content=\"600\" \/>\n\t<meta property=\"og:image:type\" content=\"image\/webp\" \/>\n<meta name=\"author\" content=\"Viviana Monrroy\" \/>\n<meta name=\"twitter:card\" content=\"summary_large_image\" \/>\n<meta name=\"twitter:creator\" content=\"@eldiario_net\" \/>\n<meta name=\"twitter:site\" content=\"@eldiario_net\" \/>\n<meta name=\"twitter:label1\" content=\"Escrito por\" \/>\n\t<meta name=\"twitter:data1\" content=\"Viviana Monrroy\" \/>\n\t<meta name=\"twitter:label2\" content=\"Tiempo de lectura\" \/>\n\t<meta name=\"twitter:data2\" content=\"2 minutos\" \/>\n<script type=\"application\/ld+json\" class=\"yoast-schema-graph\">{\"@context\":\"https:\\\/\\\/schema.org\",\"@graph\":[{\"@type\":\"Article\",\"@id\":\"https:\\\/\\\/www.eldiario.net\\\/portal\\\/2026\\\/07\\\/01\\\/fiestas-julias-la-paz-inicia-los-festejos-por-los-217-anos-de-su-gesta-libertaria-0913\\\/#article\",\"isPartOf\":{\"@id\":\"https:\\\/\\\/www.eldiario.net\\\/portal\\\/2026\\\/07\\\/01\\\/fiestas-julias-la-paz-inicia-los-festejos-por-los-217-anos-de-su-gesta-libertaria-0913\\\/\"},\"author\":{\"name\":\"Viviana Monrroy\",\"@id\":\"https:\\\/\\\/www.eldiario.net\\\/portal\\\/#\\\/schema\\\/person\\\/32cc89e801dfcbad3a54f91da7f2ea06\"},\"headline\":\"Fiestas Julias: La Paz inicia los festejos por los 217 a\u00f1os de su gesta libertaria (09:13)\",\"datePublished\":\"2026-07-01T13:13:54+00:00\",\"mainEntityOfPage\":{\"@id\":\"https:\\\/\\\/www.eldiario.net\\\/portal\\\/2026\\\/07\\\/01\\\/fiestas-julias-la-paz-inicia-los-festejos-por-los-217-anos-de-su-gesta-libertaria-0913\\\/\"},\"wordCount\":240,\"publisher\":{\"@id\":\"https:\\\/\\\/www.eldiario.net\\\/portal\\\/#organization\"},\"image\":{\"@id\":\"https:\\\/\\\/www.eldiario.net\\\/portal\\\/2026\\\/07\\\/01\\\/fiestas-julias-la-paz-inicia-los-festejos-por-los-217-anos-de-su-gesta-libertaria-0913\\\/#primaryimage\"},\"thumbnailUrl\":\"https:\\\/\\\/www.eldiario.net\\\/portal\\\/wp-content\\\/uploads\\\/2026\\\/07\\\/iza-de-bandera-01.07.26-copia.webp\",\"articleSection\":[\"\u00daltima Hora\"],\"inLanguage\":\"es\"},{\"@type\":\"WebPage\",\"@id\":\"https:\\\/\\\/www.eldiario.net\\\/portal\\\/2026\\\/07\\\/01\\\/fiestas-julias-la-paz-inicia-los-festejos-por-los-217-anos-de-su-gesta-libertaria-0913\\\/\",\"url\":\"https:\\\/\\\/www.eldiario.net\\\/portal\\\/2026\\\/07\\\/01\\\/fiestas-julias-la-paz-inicia-los-festejos-por-los-217-anos-de-su-gesta-libertaria-0913\\\/\",\"name\":\"Fiestas Julias: La Paz inicia los festejos por los 217 a\u00f1os de su gesta libertaria (09:13) - El Diario - Bolivia\",\"isPartOf\":{\"@id\":\"https:\\\/\\\/www.eldiario.net\\\/portal\\\/#website\"},\"primaryImageOfPage\":{\"@id\":\"https:\\\/\\\/www.eldiario.net\\\/portal\\\/2026\\\/07\\\/01\\\/fiestas-julias-la-paz-inicia-los-festejos-por-los-217-anos-de-su-gesta-libertaria-0913\\\/#primaryimage\"},\"image\":{\"@id\":\"https:\\\/\\\/www.eldiario.net\\\/portal\\\/2026\\\/07\\\/01\\\/fiestas-julias-la-paz-inicia-los-festejos-por-los-217-anos-de-su-gesta-libertaria-0913\\\/#primaryimage\"},\"thumbnailUrl\":\"https:\\\/\\\/www.eldiario.net\\\/portal\\\/wp-content\\\/uploads\\\/2026\\\/07\\\/iza-de-bandera-01.07.26-copia.webp\",\"datePublished\":\"2026-07-01T13:13:54+00:00\",\"breadcrumb\":{\"@id\":\"https:\\\/\\\/www.eldiario.net\\\/portal\\\/2026\\\/07\\\/01\\\/fiestas-julias-la-paz-inicia-los-festejos-por-los-217-anos-de-su-gesta-libertaria-0913\\\/#breadcrumb\"},\"inLanguage\":\"es\",\"potentialAction\":[{\"@type\":\"ReadAction\",\"target\":[\"https:\\\/\\\/www.eldiario.net\\\/portal\\\/2026\\\/07\\\/01\\\/fiestas-julias-la-paz-inicia-los-festejos-por-los-217-anos-de-su-gesta-libertaria-0913\\\/\"]}]},{\"@type\":\"ImageObject\",\"inLanguage\":\"es\",\"@id\":\"https:\\\/\\\/www.eldiario.net\\\/portal\\\/2026\\\/07\\\/01\\\/fiestas-julias-la-paz-inicia-los-festejos-por-los-217-anos-de-su-gesta-libertaria-0913\\\/#primaryimage\",\"url\":\"https:\\\/\\\/www.eldiario.net\\\/portal\\\/wp-content\\\/uploads\\\/2026\\\/07\\\/iza-de-bandera-01.07.26-copia.webp\",\"contentUrl\":\"https:\\\/\\\/www.eldiario.net\\\/portal\\\/wp-content\\\/uploads\\\/2026\\\/07\\\/iza-de-bandera-01.07.26-copia.webp\",\"width\":413,\"height\":600},{\"@type\":\"BreadcrumbList\",\"@id\":\"https:\\\/\\\/www.eldiario.net\\\/portal\\\/2026\\\/07\\\/01\\\/fiestas-julias-la-paz-inicia-los-festejos-por-los-217-anos-de-su-gesta-libertaria-0913\\\/#breadcrumb\",\"itemListElement\":[{\"@type\":\"ListItem\",\"position\":1,\"name\":\"Portada\",\"item\":\"https:\\\/\\\/www.eldiario.net\\\/portal\\\/\"},{\"@type\":\"ListItem\",\"position\":2,\"name\":\"Fiestas Julias: La Paz inicia los festejos por los 217 a\u00f1os de su gesta libertaria (09:13)\"}]},{\"@type\":\"WebSite\",\"@id\":\"https:\\\/\\\/www.eldiario.net\\\/portal\\\/#website\",\"url\":\"https:\\\/\\\/www.eldiario.net\\\/portal\\\/\",\"name\":\"El Diario - Decano de la prensa nacional\",\"description\":\"El Diario - Decano de la prensa nacional\",\"publisher\":{\"@id\":\"https:\\\/\\\/www.eldiario.net\\\/portal\\\/#organization\"},\"potentialAction\":[{\"@type\":\"SearchAction\",\"target\":{\"@type\":\"EntryPoint\",\"urlTemplate\":\"https:\\\/\\\/www.eldiario.net\\\/portal\\\/?s={search_term_string}\"},\"query-input\":{\"@type\":\"PropertyValueSpecification\",\"valueRequired\":true,\"valueName\":\"search_term_string\"}}],\"inLanguage\":\"es\"},{\"@type\":\"Organization\",\"@id\":\"https:\\\/\\\/www.eldiario.net\\\/portal\\\/#organization\",\"name\":\"El Diario - Decano de la prensa nacional\",\"url\":\"https:\\\/\\\/www.eldiario.net\\\/portal\\\/\",\"logo\":{\"@type\":\"ImageObject\",\"inLanguage\":\"es\",\"@id\":\"https:\\\/\\\/www.eldiario.net\\\/portal\\\/#\\\/schema\\\/logo\\\/image\\\/\",\"url\":\"https:\\\/\\\/www.eldiario.net\\\/portal\\\/wp-content\\\/uploads\\\/2023\\\/07\\\/logo_ED.jpg\",\"contentUrl\":\"https:\\\/\\\/www.eldiario.net\\\/portal\\\/wp-content\\\/uploads\\\/2023\\\/07\\\/logo_ED.jpg\",\"width\":272,\"height\":52,\"caption\":\"El Diario - Decano de la prensa nacional\"},\"image\":{\"@id\":\"https:\\\/\\\/www.eldiario.net\\\/portal\\\/#\\\/schema\\\/logo\\\/image\\\/\"},\"sameAs\":[\"https:\\\/\\\/www.facebook.com\\\/eldiario.bolivia\\\/\",\"https:\\\/\\\/x.com\\\/eldiario_net\"]},{\"@type\":\"Person\",\"@id\":\"https:\\\/\\\/www.eldiario.net\\\/portal\\\/#\\\/schema\\\/person\\\/32cc89e801dfcbad3a54f91da7f2ea06\",\"name\":\"Viviana Monrroy\",\"image\":{\"@type\":\"ImageObject\",\"inLanguage\":\"es\",\"@id\":\"https:\\\/\\\/secure.gravatar.com\\\/avatar\\\/dfd1611ed5600959a0e5a9754503b6c05d1dcf190010998e0363aee2ad98afca?s=96&d=mm&r=g\",\"url\":\"https:\\\/\\\/secure.gravatar.com\\\/avatar\\\/dfd1611ed5600959a0e5a9754503b6c05d1dcf190010998e0363aee2ad98afca?s=96&d=mm&r=g\",\"contentUrl\":\"https:\\\/\\\/secure.gravatar.com\\\/avatar\\\/dfd1611ed5600959a0e5a9754503b6c05d1dcf190010998e0363aee2ad98afca?s=96&d=mm&r=g\",\"caption\":\"Viviana Monrroy\"},\"sameAs\":[\"http:\\\/\\\/www.eldiario.net\"],\"url\":\"https:\\\/\\\/www.eldiario.net\\\/portal\\\/author\\\/vivianamonrroy\\\/\"}]}<\/script>\n<!-- \/ Yoast SEO plugin. -->","yoast_head_json":{"title":"Fiestas Julias: La Paz inicia los festejos por los 217 a\u00f1os de su gesta libertaria (09:13) - El Diario - Bolivia","robots":{"index":"index","follow":"follow","max-snippet":"max-snippet:-1","max-image-preview":"max-image-preview:large","max-video-preview":"max-video-preview:-1"},"canonical":"https:\/\/www.eldiario.net\/portal\/2026\/07\/01\/fiestas-julias-la-paz-inicia-los-festejos-por-los-217-anos-de-su-gesta-libertaria-0913\/","og_locale":"es_ES","og_type":"article","og_title":"Fiestas Julias: La Paz inicia los festejos por los 217 a\u00f1os de su gesta libertaria (09:13) - El Diario - Bolivia","og_description":"Este mi\u00e9rcoles, la sede de Gobierno dio inicio oficial a las Fiestas Julias en conmemoraci\u00f3n de los 217 a\u00f1os de la gesta libertaria de 1809. La jornada inaugural arranc\u00f3 temprano con la tradicional Iza de la Bandera en la plaza Alonso de Mendoza por parte de la Alcald\u00eda y en la Plaza Murillo a cargo [&hellip;]","og_url":"https:\/\/www.eldiario.net\/portal\/2026\/07\/01\/fiestas-julias-la-paz-inicia-los-festejos-por-los-217-anos-de-su-gesta-libertaria-0913\/","og_site_name":"El Diario - Bolivia","article_publisher":"https:\/\/www.facebook.com\/eldiario.bolivia\/","article_published_time":"2026-07-01T13:13:54+00:00","og_image":[{"width":413,"height":600,"url":"https:\/\/www.eldiario.net\/portal\/wp-content\/uploads\/2026\/07\/iza-de-bandera-01.07.26-copia.webp","type":"image\/webp"}],"author":"Viviana Monrroy","twitter_card":"summary_large_image","twitter_creator":"@eldiario_net","twitter_site":"@eldiario_net","twitter_misc":{"Escrito por":"Viviana Monrroy","Tiempo de lectura":"2 minutos"},"schema":{"@context":"https:\/\/schema.org","@graph":[{"@type":"Article","@id":"https:\/\/www.eldiario.net\/portal\/2026\/07\/01\/fiestas-julias-la-paz-inicia-los-festejos-por-los-217-anos-de-su-gesta-libertaria-0913\/#article","isPartOf":{"@id":"https:\/\/www.eldiario.net\/portal\/2026\/07\/01\/fiestas-julias-la-paz-inicia-los-festejos-por-los-217-anos-de-su-gesta-libertaria-0913\/"},"author":{"name":"Viviana Monrroy","@id":"https:\/\/www.eldiario.net\/portal\/#\/schema\/person\/32cc89e801dfcbad3a54f91da7f2ea06"},"headline":"Fiestas Julias: La Paz inicia los festejos por los 217 a\u00f1os de su gesta libertaria (09:13)","datePublished":"2026-07-01T13:13:54+00:00","mainEntityOfPage":{"@id":"https:\/\/www.eldiario.net\/portal\/2026\/07\/01\/fiestas-julias-la-paz-inicia-los-festejos-por-los-217-anos-de-su-gesta-libertaria-0913\/"},"wordCount":240,"publisher":{"@id":"https:\/\/www.eldiario.net\/portal\/#organization"},"image":{"@id":"https:\/\/www.eldiario.net\/portal\/2026\/07\/01\/fiestas-julias-la-paz-inicia-los-festejos-por-los-217-anos-de-su-gesta-libertaria-0913\/#primaryimage"},"thumbnailUrl":"https:\/\/www.eldiario.net\/portal\/wp-content\/uploads\/2026\/07\/iza-de-bandera-01.07.26-copia.webp","articleSection":["\u00daltima Hora"],"inLanguage":"es"},{"@type":"WebPage","@id":"https:\/\/www.eldiario.net\/portal\/2026\/07\/01\/fiestas-julias-la-paz-inicia-los-festejos-por-los-217-anos-de-su-gesta-libertaria-0913\/","url":"https:\/\/www.eldiario.net\/portal\/2026\/07\/01\/fiestas-julias-la-paz-inicia-los-festejos-por-los-217-anos-de-su-gesta-libertaria-0913\/","name":"Fiestas Julias: La Paz inicia los festejos por los 217 a\u00f1os de su gesta libertaria (09:13) - El Diario - Bolivia","isPartOf":{"@id":"https:\/\/www.eldiario.net\/portal\/#website"},"primaryImageOfPage":{"@id":"https:\/\/www.eldiario.net\/portal\/2026\/07\/01\/fiestas-julias-la-paz-inicia-los-festejos-por-los-217-anos-de-su-gesta-libertaria-0913\/#primaryimage"},"image":{"@id":"https:\/\/www.eldiario.net\/portal\/2026\/07\/01\/fiestas-julias-la-paz-inicia-los-festejos-por-los-217-anos-de-su-gesta-libertaria-0913\/#primaryimage"},"thumbnailUrl":"https:\/\/www.eldiario.net\/portal\/wp-content\/uploads\/2026\/07\/iza-de-bandera-01.07.26-copia.webp","datePublished":"2026-07-01T13:13:54+00:00","breadcrumb":{"@id":"https:\/\/www.eldiario.net\/portal\/2026\/07\/01\/fiestas-julias-la-paz-inicia-los-festejos-por-los-217-anos-de-su-gesta-libertaria-0913\/#breadcrumb"},"inLanguage":"es","potentialAction":[{"@type":"ReadAction","target":["https:\/\/www.eldiario.net\/portal\/2026\/07\/01\/fiestas-julias-la-paz-inicia-los-festejos-por-los-217-anos-de-su-gesta-libertaria-0913\/"]}]},{"@type":"ImageObject","inLanguage":"es","@id":"https:\/\/www.eldiario.net\/portal\/2026\/07\/01\/fiestas-julias-la-paz-inicia-los-festejos-por-los-217-anos-de-su-gesta-libertaria-0913\/#primaryimage","url":"https:\/\/www.eldiario.net\/portal\/wp-content\/uploads\/2026\/07\/iza-de-bandera-01.07.26-copia.webp","contentUrl":"https:\/\/www.eldiario.net\/portal\/wp-content\/uploads\/2026\/07\/iza-de-bandera-01.07.26-copia.webp","width":413,"height":600},{"@type":"BreadcrumbList","@id":"https:\/\/www.eldiario.net\/portal\/2026\/07\/01\/fiestas-julias-la-paz-inicia-los-festejos-por-los-217-anos-de-su-gesta-libertaria-0913\/#breadcrumb","itemListElement":[{"@type":"ListItem","position":1,"name":"Portada","item":"https:\/\/www.eldiario.net\/portal\/"},{"@type":"ListItem","position":2,"name":"Fiestas Julias: La Paz inicia los festejos por los 217 a\u00f1os de su gesta libertaria (09:13)"}]},{"@type":"WebSite","@id":"https:\/\/www.eldiario.net\/portal\/#website","url":"https:\/\/www.eldiario.net\/portal\/","name":"El Diario - Decano de la prensa nacional","description":"El Diario - Decano de la prensa nacional","publisher":{"@id":"https:\/\/www.eldiario.net\/portal\/#organization"},"potentialAction":[{"@type":"SearchAction","target":{"@type":"EntryPoint","urlTemplate":"https:\/\/www.eldiario.net\/portal\/?s={search_term_string}"},"query-input":{"@type":"PropertyValueSpecification","valueRequired":true,"valueName":"search_term_string"}}],"inLanguage":"es"},{"@type":"Organization","@id":"https:\/\/www.eldiario.net\/portal\/#organization","name":"El Diario - Decano de la prensa nacional","url":"https:\/\/www.eldiario.net\/portal\/","logo":{"@type":"ImageObject","inLanguage":"es","@id":"https:\/\/www.eldiario.net\/portal\/#\/schema\/logo\/image\/","url":"https:\/\/www.eldiario.net\/portal\/wp-content\/uploads\/2023\/07\/logo_ED.jpg","contentUrl":"https:\/\/www.eldiario.net\/portal\/wp-content\/uploads\/2023\/07\/logo_ED.jpg","width":272,"height":52,"caption":"El Diario - Decano de la prensa nacional"},"image":{"@id":"https:\/\/www.eldiario.net\/portal\/#\/schema\/logo\/image\/"},"sameAs":["https:\/\/www.facebook.com\/eldiario.bolivia\/","https:\/\/x.com\/eldiario_net"]},{"@type":"Person","@id":"https:\/\/www.eldiario.net\/portal\/#\/schema\/person\/32cc89e801dfcbad3a54f91da7f2ea06","name":"Viviana Monrroy","image":{"@type":"ImageObject","inLanguage":"es","@id":"https:\/\/secure.gravatar.com\/avatar\/dfd1611ed5600959a0e5a9754503b6c05d1dcf190010998e0363aee2ad98afca?s=96&d=mm&r=g","url":"https:\/\/secure.gravatar.com\/avatar\/dfd1611ed5600959a0e5a9754503b6c05d1dcf190010998e0363aee2ad98afca?s=96&d=mm&r=g","contentUrl":"https:\/\/secure.gravatar.com\/avatar\/dfd1611ed5600959a0e5a9754503b6c05d1dcf190010998e0363aee2ad98afca?s=96&d=mm&r=g","caption":"Viviana Monrroy"},"sameAs":["http:\/\/www.eldiario.net"],"url":"https:\/\/www.eldiario.net\/portal\/author\/vivianamonrroy\/"}]}},"_links":{"self":[{"href":"https:\/\/www.eldiario.net\/portal\/wp-json\/wp\/v2\/posts\/408743","targetHints":{"allow":["GET"]}}],"collection":[{"href":"https:\/\/www.eldiario.net\/portal\/wp-json\/wp\/v2\/posts"}],"about":[{"href":"https:\/\/www.eldiario.net\/portal\/wp-json\/wp\/v2\/types\/post"}],"author":[{"embeddable":true,"href":"https:\/\/www.eldiario.net\/portal\/wp-json\/wp\/v2\/users\/7"}],"replies":[{"embeddable":true,"href":"https:\/\/www.eldiario.net\/portal\/wp-json\/wp\/v2\/comments?post=408743"}],"version-history":[{"count":1,"href":"https:\/\/www.eldiario.net\/portal\/wp-json\/wp\/v2\/posts\/408743\/revisions"}],"predecessor-version":[{"id":408745,"href":"https:\/\/www.eldiario.net\/portal\/wp-json\/wp\/v2\/posts\/408743\/revisions\/408745"}],"wp:featuredmedia":[{"embeddable":true,"href":"https:\/\/www.eldiario.net\/portal\/wp-json\/wp\/v2\/media\/408744"}],"wp:attachment":[{"href":"https:\/\/www.eldiario.net\/portal\/wp-json\/wp\/v2\/media?parent=408743"}],"wp:term":[{"taxonomy":"category","embeddable":true,"href":"https:\/\/www.eldiario.net\/portal\/wp-json\/wp\/v2\/categories?post=408743"},{"taxonomy":"post_tag","embeddable":true,"href":"https:\/\/www.eldiario.net\/portal\/wp-json\/wp\/v2\/tags?post=408743"}],"curies":[{"name":"wp","href":"https:\/\/api.w.org\/{rel}","templated":true}]}}