{"id":408735,"date":"2026-07-01T07:05:08","date_gmt":"2026-07-01T11:05:08","guid":{"rendered":"https:\/\/www.eldiario.net\/portal\/?p=408735"},"modified":"2026-07-01T07:05:08","modified_gmt":"2026-07-01T11:05:08","slug":"el-dolar-despues-del-ajuste","status":"publish","type":"post","link":"https:\/\/www.eldiario.net\/portal\/2026\/07\/01\/el-dolar-despues-del-ajuste\/","title":{"rendered":"El d\u00f3lar despu\u00e9s del ajuste"},"content":{"rendered":"<p>Hay decisiones econ\u00f3micas que buscan resolver una urgencia y otras que anuncian el comienzo de una nueva etapa. La reciente flexibilizaci\u00f3n del mercado cambiario pertenece a la segunda categor\u00eda. No porque, por s\u00ed sola, vaya a resolver los problemas que enfrenta Bolivia, sino porque reconoce una realidad que el pa\u00eds ya no pod\u00eda seguir postergando.<br \/>\nDurante semanas, el d\u00f3lar ocup\u00f3 el centro de las conversaciones. Era inevitable. Cuando una familia descubre que el dinero ya no alcanza igual que antes; cuando un peque\u00f1o empresario no sabe cu\u00e1nto costar\u00e1 reponer su mercader\u00eda; cuando un productor duda de si podr\u00e1 financiar la pr\u00f3xima campa\u00f1a, el tipo de cambio deja de ser un concepto reservado para economistas y se convierte en una preocupaci\u00f3n cotidiana.<br \/>\nLa medida adoptada por el Gobierno tiene aspectos positivos. Un mercado cambiario con menos distorsiones puede reducir la incertidumbre, facilitar la planificaci\u00f3n y ofrecer se\u00f1ales m\u00e1s claras para quienes producen, exportan e invierten. Ninguna econom\u00eda funciona con normalidad cuando una misma moneda tiene varios precios y la incertidumbre termina reemplazando a las reglas.<br \/>\nPero tambi\u00e9n ser\u00eda un error pensar que el problema termina ah\u00ed. Como dice el viejo refr\u00e1n, no se puede tapar el sol con un dedo. Una decisi\u00f3n cambiaria puede ordenar el mercado; no puede crear, por s\u00ed sola, los d\u00f3lares que el pa\u00eds necesita. Esa tarea sigue dependiendo de la producci\u00f3n, las exportaciones, la inversi\u00f3n y la confianza.<br \/>\nLa econom\u00eda siempre termina haciendo las preguntas que la pol\u00edtica ya no puede seguir postergando.<br \/>\nLa pregunta de fondo ya no es cu\u00e1nto costar\u00e1 el d\u00f3lar dentro de algunos meses. La verdadera pregunta es de d\u00f3nde saldr\u00e1n las divisas que Bolivia necesitar\u00e1 para crecer durante la pr\u00f3xima d\u00e9cada.<br \/>\nEse es el debate que realmente importa.<br \/>\nDurante a\u00f1os vivimos apoyados en un ciclo econ\u00f3mico impulsado por los ingresos de la venta de hidrocarburos. Gracias a ese per\u00edodo fue posible sostener la estabilidad, financiar importaciones y acumular reservas. Sin embargo, las condiciones que hicieron posible esa etapa ya no son las mismas. No se trata de desconocer lo que ese ciclo signific\u00f3 para el pa\u00eds, sino de comprender que ninguna estrategia es permanente cuando cambia la realidad.<br \/>\nEl fil\u00f3sofo Jos\u00e9 Ortega y Gasset afirmaba: \u201cYo soy yo y mi circunstancia\u201d. Los pa\u00edses tambi\u00e9n tienen su circunstancia. Cuando las condiciones cambian, las decisiones p\u00fablicas deben cambiar con ellas. Insistir en respuestas dise\u00f1adas para otro momento solo prolongan los problemas.<br \/>\nLas consecuencias de este nuevo escenario no ser\u00e1n \u00fanicamente econ\u00f3micas. Tambi\u00e9n ser\u00e1n sociales y pol\u00edticas. Si la incertidumbre disminuye, las empresas recuperan la capacidad de invertir y las familias vuelven a planificar con mayor confianza, la econom\u00eda encontrar\u00e1 mejores condiciones para crecer. Si eso no ocurre, cualquier ajuste terminar\u00e1 siendo insuficiente.<br \/>\nGobernar tambi\u00e9n significa administrar expectativas. La ciudadan\u00eda necesita sentir que existe un rumbo. La confianza no nace de los discursos; se construye con decisiones coherentes, instituciones cre\u00edbles y reglas que permanezcan en el tiempo.<br \/>\nPor eso, la discusi\u00f3n no deber\u00eda concentrarse exclusivamente en el d\u00f3lar. El verdadero desaf\u00edo consiste en construir un nuevo ciclo econ\u00f3mico capaz de generar riqueza de manera sostenible.<br \/>\nEso significa producir m\u00e1s y exportar m\u00e1s. Significa transformar nuestros recursos naturales en productos con mayor valor agregado. Significa fortalecer la agroindustria, consolidar el turismo como una industria estrat\u00e9gica, impulsar la miner\u00eda responsable, apoyar el emprendimiento y abrir espacio a la tecnolog\u00eda, la econom\u00eda del conocimiento, la innovaci\u00f3n y las nuevas energ\u00edas que ya est\u00e1n redefiniendo la competitividad en el mundo.<br \/>\nExiste un dicho popular que resume bien este desaf\u00edo: primero hay que sembrar para despu\u00e9s cosechar. S\u00ed Bolivia quiere una econom\u00eda m\u00e1s fuerte, primero tendr\u00e1 que sembrar confianza, seguridad jur\u00eddica, inversi\u00f3n, educaci\u00f3n, productividad e innovaci\u00f3n. Ning\u00fan pa\u00eds obtiene resultados diferentes haciendo siempre lo mismo.<br \/>\nLa reciente flexibilizaci\u00f3n cambiaria puede convertirse en el comienzo de una nueva etapa. Pero su \u00e9xito depender\u00e1 menos del comportamiento del d\u00f3lar que de la capacidad de Bolivia para comprender que ha comenzado un cambio de ciclo y que ese cambio exige nuevas ideas, nuevos acuerdos y una visi\u00f3n de largo plazo.<br \/>\nBolivia tiene recursos, talento y una enorme capacidad para salir adelante. Lo que hoy est\u00e1 en an\u00e1lisis no es \u00fanicamente un tipo de cambio. Est\u00e1 en reflexi\u00f3n el tipo de pa\u00eds que queremos construir para las pr\u00f3ximas generaciones.<br \/>\nLas monedas cambian de precio. Los pa\u00edses cambian cuando cambian sus decisiones.<\/p>\n<p>El autor es analista pol\u00edtico y econ\u00f3mico. Ex Rector de la UMSA.<\/p>\n","protected":false},"excerpt":{"rendered":"<p>Hay decisiones econ\u00f3micas que buscan resolver una urgencia y otras que anuncian el comienzo de una nueva etapa. La reciente flexibilizaci\u00f3n del mercado cambiario pertenece a la segunda categor\u00eda. No porque, por s\u00ed sola, vaya a resolver los problemas que enfrenta Bolivia, sino porque reconoce una realidad que el pa\u00eds ya no pod\u00eda seguir postergando. [&hellip;]<\/p>\n","protected":false},"author":1,"featured_media":401912,"comment_status":"closed","ping_status":"open","sticky":false,"template":"","format":"standard","meta":{"_acf_changed":false,"footnotes":""},"categories":[9],"tags":[],"class_list":["post-408735","post","type-post","status-publish","format-standard","has-post-thumbnail","category-opinion"],"acf":{"antetitulo":""},"yoast_head":"<!-- This site is optimized with the Yoast SEO plugin v28.3 - https:\/\/yoast.com\/product\/yoast-seo-wordpress\/ -->\n<title>El d\u00f3lar despu\u00e9s del ajuste - El Diario - Bolivia<\/title>\n<meta name=\"robots\" content=\"index, follow, max-snippet:-1, max-image-preview:large, max-video-preview:-1\" \/>\n<link rel=\"canonical\" href=\"https:\/\/www.eldiario.net\/portal\/2026\/07\/01\/el-dolar-despues-del-ajuste\/\" \/>\n<meta property=\"og:locale\" content=\"es_ES\" \/>\n<meta property=\"og:type\" content=\"article\" \/>\n<meta property=\"og:title\" content=\"El d\u00f3lar despu\u00e9s del ajuste - El Diario - Bolivia\" \/>\n<meta property=\"og:description\" content=\"Hay decisiones econ\u00f3micas que buscan resolver una urgencia y otras que anuncian el comienzo de una nueva etapa. La reciente flexibilizaci\u00f3n del mercado cambiario pertenece a la segunda categor\u00eda. No porque, por s\u00ed sola, vaya a resolver los problemas que enfrenta Bolivia, sino porque reconoce una realidad que el pa\u00eds ya no pod\u00eda seguir postergando. [&hellip;]\" \/>\n<meta property=\"og:url\" content=\"https:\/\/www.eldiario.net\/portal\/2026\/07\/01\/el-dolar-despues-del-ajuste\/\" \/>\n<meta property=\"og:site_name\" content=\"El Diario - Bolivia\" \/>\n<meta property=\"article:publisher\" content=\"https:\/\/www.facebook.com\/eldiario.bolivia\/\" \/>\n<meta property=\"article:published_time\" content=\"2026-07-01T11:05:08+00:00\" \/>\n<meta property=\"og:image\" content=\"https:\/\/www.eldiario.net\/portal\/wp-content\/uploads\/2026\/06\/Oscar-Heredia-Vargas.webp\" \/>\n\t<meta property=\"og:image:width\" content=\"1200\" \/>\n\t<meta property=\"og:image:height\" content=\"628\" \/>\n\t<meta property=\"og:image:type\" content=\"image\/webp\" \/>\n<meta name=\"author\" content=\"Jeanette\" \/>\n<meta name=\"twitter:card\" content=\"summary_large_image\" \/>\n<meta name=\"twitter:creator\" content=\"@eldiario_net\" \/>\n<meta name=\"twitter:site\" content=\"@eldiario_net\" \/>\n<meta name=\"twitter:label1\" content=\"Escrito por\" \/>\n\t<meta name=\"twitter:data1\" content=\"Jeanette\" \/>\n\t<meta name=\"twitter:label2\" content=\"Tiempo de lectura\" \/>\n\t<meta name=\"twitter:data2\" content=\"4 minutos\" \/>\n<script type=\"application\/ld+json\" class=\"yoast-schema-graph\">{\"@context\":\"https:\\\/\\\/schema.org\",\"@graph\":[{\"@type\":\"Article\",\"@id\":\"https:\\\/\\\/www.eldiario.net\\\/portal\\\/2026\\\/07\\\/01\\\/el-dolar-despues-del-ajuste\\\/#article\",\"isPartOf\":{\"@id\":\"https:\\\/\\\/www.eldiario.net\\\/portal\\\/2026\\\/07\\\/01\\\/el-dolar-despues-del-ajuste\\\/\"},\"author\":{\"name\":\"Jeanette\",\"@id\":\"https:\\\/\\\/www.eldiario.net\\\/portal\\\/#\\\/schema\\\/person\\\/f46445640444750d7d753ccd04ae01b7\"},\"headline\":\"El d\u00f3lar despu\u00e9s del ajuste\",\"datePublished\":\"2026-07-01T11:05:08+00:00\",\"mainEntityOfPage\":{\"@id\":\"https:\\\/\\\/www.eldiario.net\\\/portal\\\/2026\\\/07\\\/01\\\/el-dolar-despues-del-ajuste\\\/\"},\"wordCount\":821,\"publisher\":{\"@id\":\"https:\\\/\\\/www.eldiario.net\\\/portal\\\/#organization\"},\"image\":{\"@id\":\"https:\\\/\\\/www.eldiario.net\\\/portal\\\/2026\\\/07\\\/01\\\/el-dolar-despues-del-ajuste\\\/#primaryimage\"},\"thumbnailUrl\":\"https:\\\/\\\/www.eldiario.net\\\/portal\\\/wp-content\\\/uploads\\\/2026\\\/06\\\/Oscar-Heredia-Vargas.webp\",\"articleSection\":[\"Opini\u00f3n\"],\"inLanguage\":\"es\"},{\"@type\":\"WebPage\",\"@id\":\"https:\\\/\\\/www.eldiario.net\\\/portal\\\/2026\\\/07\\\/01\\\/el-dolar-despues-del-ajuste\\\/\",\"url\":\"https:\\\/\\\/www.eldiario.net\\\/portal\\\/2026\\\/07\\\/01\\\/el-dolar-despues-del-ajuste\\\/\",\"name\":\"El d\u00f3lar despu\u00e9s del ajuste - El Diario - Bolivia\",\"isPartOf\":{\"@id\":\"https:\\\/\\\/www.eldiario.net\\\/portal\\\/#website\"},\"primaryImageOfPage\":{\"@id\":\"https:\\\/\\\/www.eldiario.net\\\/portal\\\/2026\\\/07\\\/01\\\/el-dolar-despues-del-ajuste\\\/#primaryimage\"},\"image\":{\"@id\":\"https:\\\/\\\/www.eldiario.net\\\/portal\\\/2026\\\/07\\\/01\\\/el-dolar-despues-del-ajuste\\\/#primaryimage\"},\"thumbnailUrl\":\"https:\\\/\\\/www.eldiario.net\\\/portal\\\/wp-content\\\/uploads\\\/2026\\\/06\\\/Oscar-Heredia-Vargas.webp\",\"datePublished\":\"2026-07-01T11:05:08+00:00\",\"breadcrumb\":{\"@id\":\"https:\\\/\\\/www.eldiario.net\\\/portal\\\/2026\\\/07\\\/01\\\/el-dolar-despues-del-ajuste\\\/#breadcrumb\"},\"inLanguage\":\"es\",\"potentialAction\":[{\"@type\":\"ReadAction\",\"target\":[\"https:\\\/\\\/www.eldiario.net\\\/portal\\\/2026\\\/07\\\/01\\\/el-dolar-despues-del-ajuste\\\/\"]}]},{\"@type\":\"ImageObject\",\"inLanguage\":\"es\",\"@id\":\"https:\\\/\\\/www.eldiario.net\\\/portal\\\/2026\\\/07\\\/01\\\/el-dolar-despues-del-ajuste\\\/#primaryimage\",\"url\":\"https:\\\/\\\/www.eldiario.net\\\/portal\\\/wp-content\\\/uploads\\\/2026\\\/06\\\/Oscar-Heredia-Vargas.webp\",\"contentUrl\":\"https:\\\/\\\/www.eldiario.net\\\/portal\\\/wp-content\\\/uploads\\\/2026\\\/06\\\/Oscar-Heredia-Vargas.webp\",\"width\":1200,\"height\":628,\"caption\":\"Oscar A. Heredia Vargas\"},{\"@type\":\"BreadcrumbList\",\"@id\":\"https:\\\/\\\/www.eldiario.net\\\/portal\\\/2026\\\/07\\\/01\\\/el-dolar-despues-del-ajuste\\\/#breadcrumb\",\"itemListElement\":[{\"@type\":\"ListItem\",\"position\":1,\"name\":\"Portada\",\"item\":\"https:\\\/\\\/www.eldiario.net\\\/portal\\\/\"},{\"@type\":\"ListItem\",\"position\":2,\"name\":\"El d\u00f3lar despu\u00e9s del ajuste\"}]},{\"@type\":\"WebSite\",\"@id\":\"https:\\\/\\\/www.eldiario.net\\\/portal\\\/#website\",\"url\":\"https:\\\/\\\/www.eldiario.net\\\/portal\\\/\",\"name\":\"El Diario - Decano de la prensa nacional\",\"description\":\"El Diario - Decano de la prensa nacional\",\"publisher\":{\"@id\":\"https:\\\/\\\/www.eldiario.net\\\/portal\\\/#organization\"},\"potentialAction\":[{\"@type\":\"SearchAction\",\"target\":{\"@type\":\"EntryPoint\",\"urlTemplate\":\"https:\\\/\\\/www.eldiario.net\\\/portal\\\/?s={search_term_string}\"},\"query-input\":{\"@type\":\"PropertyValueSpecification\",\"valueRequired\":true,\"valueName\":\"search_term_string\"}}],\"inLanguage\":\"es\"},{\"@type\":\"Organization\",\"@id\":\"https:\\\/\\\/www.eldiario.net\\\/portal\\\/#organization\",\"name\":\"El Diario - Decano de la prensa nacional\",\"url\":\"https:\\\/\\\/www.eldiario.net\\\/portal\\\/\",\"logo\":{\"@type\":\"ImageObject\",\"inLanguage\":\"es\",\"@id\":\"https:\\\/\\\/www.eldiario.net\\\/portal\\\/#\\\/schema\\\/logo\\\/image\\\/\",\"url\":\"https:\\\/\\\/www.eldiario.net\\\/portal\\\/wp-content\\\/uploads\\\/2023\\\/07\\\/logo_ED.jpg\",\"contentUrl\":\"https:\\\/\\\/www.eldiario.net\\\/portal\\\/wp-content\\\/uploads\\\/2023\\\/07\\\/logo_ED.jpg\",\"width\":272,\"height\":52,\"caption\":\"El Diario - Decano de la prensa nacional\"},\"image\":{\"@id\":\"https:\\\/\\\/www.eldiario.net\\\/portal\\\/#\\\/schema\\\/logo\\\/image\\\/\"},\"sameAs\":[\"https:\\\/\\\/www.facebook.com\\\/eldiario.bolivia\\\/\",\"https:\\\/\\\/x.com\\\/eldiario_net\"]},{\"@type\":\"Person\",\"@id\":\"https:\\\/\\\/www.eldiario.net\\\/portal\\\/#\\\/schema\\\/person\\\/f46445640444750d7d753ccd04ae01b7\",\"name\":\"Jeanette\",\"image\":{\"@type\":\"ImageObject\",\"inLanguage\":\"es\",\"@id\":\"https:\\\/\\\/secure.gravatar.com\\\/avatar\\\/3ea2118a5f7dad2b7138b1187a6b7ee55f160b9968b66013c3a3ef39dd7e5798?s=96&d=mm&r=g\",\"url\":\"https:\\\/\\\/secure.gravatar.com\\\/avatar\\\/3ea2118a5f7dad2b7138b1187a6b7ee55f160b9968b66013c3a3ef39dd7e5798?s=96&d=mm&r=g\",\"contentUrl\":\"https:\\\/\\\/secure.gravatar.com\\\/avatar\\\/3ea2118a5f7dad2b7138b1187a6b7ee55f160b9968b66013c3a3ef39dd7e5798?s=96&d=mm&r=g\",\"caption\":\"Jeanette\"},\"sameAs\":[\"https:\\\/\\\/www.eldiario.net\\\/portal\"],\"url\":\"https:\\\/\\\/www.eldiario.net\\\/portal\\\/author\\\/jeanette\\\/\"}]}<\/script>\n<!-- \/ Yoast SEO plugin. -->","yoast_head_json":{"title":"El d\u00f3lar despu\u00e9s del ajuste - El Diario - Bolivia","robots":{"index":"index","follow":"follow","max-snippet":"max-snippet:-1","max-image-preview":"max-image-preview:large","max-video-preview":"max-video-preview:-1"},"canonical":"https:\/\/www.eldiario.net\/portal\/2026\/07\/01\/el-dolar-despues-del-ajuste\/","og_locale":"es_ES","og_type":"article","og_title":"El d\u00f3lar despu\u00e9s del ajuste - El Diario - Bolivia","og_description":"Hay decisiones econ\u00f3micas que buscan resolver una urgencia y otras que anuncian el comienzo de una nueva etapa. La reciente flexibilizaci\u00f3n del mercado cambiario pertenece a la segunda categor\u00eda. No porque, por s\u00ed sola, vaya a resolver los problemas que enfrenta Bolivia, sino porque reconoce una realidad que el pa\u00eds ya no pod\u00eda seguir postergando. [&hellip;]","og_url":"https:\/\/www.eldiario.net\/portal\/2026\/07\/01\/el-dolar-despues-del-ajuste\/","og_site_name":"El Diario - Bolivia","article_publisher":"https:\/\/www.facebook.com\/eldiario.bolivia\/","article_published_time":"2026-07-01T11:05:08+00:00","og_image":[{"width":1200,"height":628,"url":"https:\/\/www.eldiario.net\/portal\/wp-content\/uploads\/2026\/06\/Oscar-Heredia-Vargas.webp","type":"image\/webp"}],"author":"Jeanette","twitter_card":"summary_large_image","twitter_creator":"@eldiario_net","twitter_site":"@eldiario_net","twitter_misc":{"Escrito por":"Jeanette","Tiempo de lectura":"4 minutos"},"schema":{"@context":"https:\/\/schema.org","@graph":[{"@type":"Article","@id":"https:\/\/www.eldiario.net\/portal\/2026\/07\/01\/el-dolar-despues-del-ajuste\/#article","isPartOf":{"@id":"https:\/\/www.eldiario.net\/portal\/2026\/07\/01\/el-dolar-despues-del-ajuste\/"},"author":{"name":"Jeanette","@id":"https:\/\/www.eldiario.net\/portal\/#\/schema\/person\/f46445640444750d7d753ccd04ae01b7"},"headline":"El d\u00f3lar despu\u00e9s del ajuste","datePublished":"2026-07-01T11:05:08+00:00","mainEntityOfPage":{"@id":"https:\/\/www.eldiario.net\/portal\/2026\/07\/01\/el-dolar-despues-del-ajuste\/"},"wordCount":821,"publisher":{"@id":"https:\/\/www.eldiario.net\/portal\/#organization"},"image":{"@id":"https:\/\/www.eldiario.net\/portal\/2026\/07\/01\/el-dolar-despues-del-ajuste\/#primaryimage"},"thumbnailUrl":"https:\/\/www.eldiario.net\/portal\/wp-content\/uploads\/2026\/06\/Oscar-Heredia-Vargas.webp","articleSection":["Opini\u00f3n"],"inLanguage":"es"},{"@type":"WebPage","@id":"https:\/\/www.eldiario.net\/portal\/2026\/07\/01\/el-dolar-despues-del-ajuste\/","url":"https:\/\/www.eldiario.net\/portal\/2026\/07\/01\/el-dolar-despues-del-ajuste\/","name":"El d\u00f3lar despu\u00e9s del ajuste - El Diario - Bolivia","isPartOf":{"@id":"https:\/\/www.eldiario.net\/portal\/#website"},"primaryImageOfPage":{"@id":"https:\/\/www.eldiario.net\/portal\/2026\/07\/01\/el-dolar-despues-del-ajuste\/#primaryimage"},"image":{"@id":"https:\/\/www.eldiario.net\/portal\/2026\/07\/01\/el-dolar-despues-del-ajuste\/#primaryimage"},"thumbnailUrl":"https:\/\/www.eldiario.net\/portal\/wp-content\/uploads\/2026\/06\/Oscar-Heredia-Vargas.webp","datePublished":"2026-07-01T11:05:08+00:00","breadcrumb":{"@id":"https:\/\/www.eldiario.net\/portal\/2026\/07\/01\/el-dolar-despues-del-ajuste\/#breadcrumb"},"inLanguage":"es","potentialAction":[{"@type":"ReadAction","target":["https:\/\/www.eldiario.net\/portal\/2026\/07\/01\/el-dolar-despues-del-ajuste\/"]}]},{"@type":"ImageObject","inLanguage":"es","@id":"https:\/\/www.eldiario.net\/portal\/2026\/07\/01\/el-dolar-despues-del-ajuste\/#primaryimage","url":"https:\/\/www.eldiario.net\/portal\/wp-content\/uploads\/2026\/06\/Oscar-Heredia-Vargas.webp","contentUrl":"https:\/\/www.eldiario.net\/portal\/wp-content\/uploads\/2026\/06\/Oscar-Heredia-Vargas.webp","width":1200,"height":628,"caption":"Oscar A. Heredia Vargas"},{"@type":"BreadcrumbList","@id":"https:\/\/www.eldiario.net\/portal\/2026\/07\/01\/el-dolar-despues-del-ajuste\/#breadcrumb","itemListElement":[{"@type":"ListItem","position":1,"name":"Portada","item":"https:\/\/www.eldiario.net\/portal\/"},{"@type":"ListItem","position":2,"name":"El d\u00f3lar despu\u00e9s del ajuste"}]},{"@type":"WebSite","@id":"https:\/\/www.eldiario.net\/portal\/#website","url":"https:\/\/www.eldiario.net\/portal\/","name":"El Diario - Decano de la prensa nacional","description":"El Diario - Decano de la prensa nacional","publisher":{"@id":"https:\/\/www.eldiario.net\/portal\/#organization"},"potentialAction":[{"@type":"SearchAction","target":{"@type":"EntryPoint","urlTemplate":"https:\/\/www.eldiario.net\/portal\/?s={search_term_string}"},"query-input":{"@type":"PropertyValueSpecification","valueRequired":true,"valueName":"search_term_string"}}],"inLanguage":"es"},{"@type":"Organization","@id":"https:\/\/www.eldiario.net\/portal\/#organization","name":"El Diario - Decano de la prensa nacional","url":"https:\/\/www.eldiario.net\/portal\/","logo":{"@type":"ImageObject","inLanguage":"es","@id":"https:\/\/www.eldiario.net\/portal\/#\/schema\/logo\/image\/","url":"https:\/\/www.eldiario.net\/portal\/wp-content\/uploads\/2023\/07\/logo_ED.jpg","contentUrl":"https:\/\/www.eldiario.net\/portal\/wp-content\/uploads\/2023\/07\/logo_ED.jpg","width":272,"height":52,"caption":"El Diario - Decano de la prensa nacional"},"image":{"@id":"https:\/\/www.eldiario.net\/portal\/#\/schema\/logo\/image\/"},"sameAs":["https:\/\/www.facebook.com\/eldiario.bolivia\/","https:\/\/x.com\/eldiario_net"]},{"@type":"Person","@id":"https:\/\/www.eldiario.net\/portal\/#\/schema\/person\/f46445640444750d7d753ccd04ae01b7","name":"Jeanette","image":{"@type":"ImageObject","inLanguage":"es","@id":"https:\/\/secure.gravatar.com\/avatar\/3ea2118a5f7dad2b7138b1187a6b7ee55f160b9968b66013c3a3ef39dd7e5798?s=96&d=mm&r=g","url":"https:\/\/secure.gravatar.com\/avatar\/3ea2118a5f7dad2b7138b1187a6b7ee55f160b9968b66013c3a3ef39dd7e5798?s=96&d=mm&r=g","contentUrl":"https:\/\/secure.gravatar.com\/avatar\/3ea2118a5f7dad2b7138b1187a6b7ee55f160b9968b66013c3a3ef39dd7e5798?s=96&d=mm&r=g","caption":"Jeanette"},"sameAs":["https:\/\/www.eldiario.net\/portal"],"url":"https:\/\/www.eldiario.net\/portal\/author\/jeanette\/"}]}},"_links":{"self":[{"href":"https:\/\/www.eldiario.net\/portal\/wp-json\/wp\/v2\/posts\/408735","targetHints":{"allow":["GET"]}}],"collection":[{"href":"https:\/\/www.eldiario.net\/portal\/wp-json\/wp\/v2\/posts"}],"about":[{"href":"https:\/\/www.eldiario.net\/portal\/wp-json\/wp\/v2\/types\/post"}],"author":[{"embeddable":true,"href":"https:\/\/www.eldiario.net\/portal\/wp-json\/wp\/v2\/users\/1"}],"replies":[{"embeddable":true,"href":"https:\/\/www.eldiario.net\/portal\/wp-json\/wp\/v2\/comments?post=408735"}],"version-history":[{"count":1,"href":"https:\/\/www.eldiario.net\/portal\/wp-json\/wp\/v2\/posts\/408735\/revisions"}],"predecessor-version":[{"id":408736,"href":"https:\/\/www.eldiario.net\/portal\/wp-json\/wp\/v2\/posts\/408735\/revisions\/408736"}],"wp:featuredmedia":[{"embeddable":true,"href":"https:\/\/www.eldiario.net\/portal\/wp-json\/wp\/v2\/media\/401912"}],"wp:attachment":[{"href":"https:\/\/www.eldiario.net\/portal\/wp-json\/wp\/v2\/media?parent=408735"}],"wp:term":[{"taxonomy":"category","embeddable":true,"href":"https:\/\/www.eldiario.net\/portal\/wp-json\/wp\/v2\/categories?post=408735"},{"taxonomy":"post_tag","embeddable":true,"href":"https:\/\/www.eldiario.net\/portal\/wp-json\/wp\/v2\/tags?post=408735"}],"curies":[{"name":"wp","href":"https:\/\/api.w.org\/{rel}","templated":true}]}}