{"id":408562,"date":"2026-07-01T00:11:11","date_gmt":"2026-07-01T04:11:11","guid":{"rendered":"https:\/\/www.eldiario.net\/portal\/?p=408562"},"modified":"2026-06-30T23:12:30","modified_gmt":"2026-07-01T03:12:30","slug":"xavier-gonzalez-gana-premio-ingram-olkin-de-stanford-university","status":"publish","type":"post","link":"https:\/\/www.eldiario.net\/portal\/2026\/07\/01\/xavier-gonzalez-gana-premio-ingram-olkin-de-stanford-university\/","title":{"rendered":"Xavier Gonz\u00e1lez gana premio  Ingram Olkin de Stanford University"},"content":{"rendered":"<p>En Palo Alto, California, el 14 de junio de 2026, el joven profesional Xavier Gonz\u00e1lez Smith se recibi\u00f3 como Doctor de Filosof\u00eda en Estad\u00edstica (PhD Statistics) de la Stanford University. Adem\u00e1s, su tesis de doctorado fue galardonada con el Premio Ingram Olkin a la Disertaci\u00f3n Interdisciplinaria, en reconocimiento de logros excepcionales de candidatos al doctorado en el \u00e1rea de la estad\u00edstica interdisciplinaria. El Director del Departamento, Dr Andrea Montanari, comparti\u00f3 estas palabras con el flamante nuevo doctor:<br \/>\n\u201cMe complace informarte que el profesorado de estad\u00edstica te ha seleccionado como ganador de este premio por demostrar c\u00f3mo amplias clases de modelos de espacio de estados \u2014considerados durante mucho tiempo como inherentemente secuenciales\u2014 pueden evaluarse eficientemente en paralelo, y por combinar una profunda visi\u00f3n te\u00f3rica con m\u00e9todos computacionales escalables, abriendo importantes nuevas direcciones en el aprendizaje autom\u00e1tico (\u201cmachine learning\u201d) y la computaci\u00f3n cient\u00edfica.\u201d Esta tesis de doctorado es un aporte importante para el desarrollo de la Inteligencia Artificial. Stanford University es el l\u00edder mundial en IA. Xavier Gonz\u00e1lez Smith es hijo de Javier Gonz\u00e1lez Sfeir y Natalya Marie Smith.<\/p>\n<div id='gallery-1' class='gallery galleryid-408562 gallery-columns-3 gallery-size-thumbnail'><figure class='gallery-item'>\n\t\t\t<div class='gallery-icon portrait'>\n\t\t\t\t<a href='https:\/\/www.eldiario.net\/portal\/2026\/07\/01\/xavier-gonzalez-gana-premio-ingram-olkin-de-stanford-university\/es-1\/'><img loading=\"lazy\" decoding=\"async\" width=\"150\" height=\"150\" src=\"https:\/\/www.eldiario.net\/portal\/wp-content\/uploads\/2026\/06\/ES-1-150x150.webp\" class=\"attachment-thumbnail size-thumbnail\" alt=\"\" aria-describedby=\"gallery-1-408563\" \/><\/a>\n\t\t\t<\/div>\n\t\t\t\t<figcaption class='wp-caption-text gallery-caption' id='gallery-1-408563'>\n\t\t\t\tDR. SCOTT LINDERMAN, DR. XAVIER GONZ\u00c1LEZ, \nDR. EMMANUEL  CANDES.\n\t\t\t\t<\/figcaption><\/figure><figure class='gallery-item'>\n\t\t\t<div class='gallery-icon portrait'>\n\t\t\t\t<a href='https:\/\/www.eldiario.net\/portal\/2026\/07\/01\/xavier-gonzalez-gana-premio-ingram-olkin-de-stanford-university\/es-2\/'><img loading=\"lazy\" decoding=\"async\" width=\"150\" height=\"150\" src=\"https:\/\/www.eldiario.net\/portal\/wp-content\/uploads\/2026\/06\/ES-2-150x150.webp\" class=\"attachment-thumbnail size-thumbnail\" alt=\"\" aria-describedby=\"gallery-1-408564\" \/><\/a>\n\t\t\t<\/div>\n\t\t\t\t<figcaption class='wp-caption-text gallery-caption' id='gallery-1-408564'>\n\t\t\t\tXAVIER GONZALEZ CON SU PADRINO FERNANDO GONZ\u00c1LEZ SFEIR; SU MADRE NATALYA, SU PADRE JAVIER, Y SU HERMANA NATASHA.\n\t\t\t\t<\/figcaption><\/figure><figure class='gallery-item'>\n\t\t\t<div class='gallery-icon landscape'>\n\t\t\t\t<a href='https:\/\/www.eldiario.net\/portal\/2026\/07\/01\/xavier-gonzalez-gana-premio-ingram-olkin-de-stanford-university\/es-3\/'><img loading=\"lazy\" decoding=\"async\" width=\"150\" height=\"150\" src=\"https:\/\/www.eldiario.net\/portal\/wp-content\/uploads\/2026\/06\/ES-3-150x150.webp\" class=\"attachment-thumbnail size-thumbnail\" alt=\"\" aria-describedby=\"gallery-1-408565\" \/><\/a>\n\t\t\t<\/div>\n\t\t\t\t<figcaption class='wp-caption-text gallery-caption' id='gallery-1-408565'>\n\t\t\t\tSTANFORD UNIVERSITY INGRAM OLKIN \nINTERDISCIPLINARY RESEARCH DISSERTATION AWARD.\n\t\t\t\t<\/figcaption><\/figure>\n\t\t<\/div>\n\n","protected":false},"excerpt":{"rendered":"<p>En Palo Alto, California, el 14 de junio de 2026, el joven profesional Xavier Gonz\u00e1lez Smith se recibi\u00f3 como Doctor de Filosof\u00eda en Estad\u00edstica (PhD Statistics) de la Stanford University. Adem\u00e1s, su tesis de doctorado fue galardonada con el Premio Ingram Olkin a la Disertaci\u00f3n Interdisciplinaria, en reconocimiento de logros excepcionales de candidatos al doctorado [&hellip;]<\/p>\n","protected":false},"author":1,"featured_media":408563,"comment_status":"closed","ping_status":"open","sticky":false,"template":"","format":"standard","meta":{"_acf_changed":false,"footnotes":""},"categories":[40],"tags":[],"class_list":["post-408562","post","type-post","status-publish","format-standard","has-post-thumbnail","category-sociales"],"acf":{"antetitulo":""},"yoast_head":"<!-- This site is optimized with the Yoast SEO plugin v28.4 - https:\/\/yoast.com\/product\/yoast-seo-wordpress\/ -->\n<title>Xavier Gonz\u00e1lez gana premio Ingram Olkin de Stanford University - El Diario - Bolivia<\/title>\n<meta name=\"robots\" content=\"index, follow, max-snippet:-1, max-image-preview:large, max-video-preview:-1\" \/>\n<link rel=\"canonical\" href=\"https:\/\/www.eldiario.net\/portal\/2026\/07\/01\/xavier-gonzalez-gana-premio-ingram-olkin-de-stanford-university\/\" \/>\n<meta property=\"og:locale\" content=\"es_ES\" \/>\n<meta property=\"og:type\" content=\"article\" \/>\n<meta property=\"og:title\" content=\"Xavier Gonz\u00e1lez gana premio Ingram Olkin de Stanford University - El Diario - Bolivia\" \/>\n<meta property=\"og:description\" content=\"En Palo Alto, California, el 14 de junio de 2026, el joven profesional Xavier Gonz\u00e1lez Smith se recibi\u00f3 como Doctor de Filosof\u00eda en Estad\u00edstica (PhD Statistics) de la Stanford University. Adem\u00e1s, su tesis de doctorado fue galardonada con el Premio Ingram Olkin a la Disertaci\u00f3n Interdisciplinaria, en reconocimiento de logros excepcionales de candidatos al doctorado [&hellip;]\" \/>\n<meta property=\"og:url\" content=\"https:\/\/www.eldiario.net\/portal\/2026\/07\/01\/xavier-gonzalez-gana-premio-ingram-olkin-de-stanford-university\/\" \/>\n<meta property=\"og:site_name\" content=\"El Diario - Bolivia\" \/>\n<meta property=\"article:publisher\" content=\"https:\/\/www.facebook.com\/eldiario.bolivia\/\" \/>\n<meta property=\"article:published_time\" content=\"2026-07-01T04:11:11+00:00\" \/>\n<meta property=\"og:image\" content=\"https:\/\/www.eldiario.net\/portal\/wp-content\/uploads\/2026\/06\/ES-1.webp\" \/>\n\t<meta property=\"og:image:width\" content=\"692\" \/>\n\t<meta property=\"og:image:height\" content=\"909\" \/>\n\t<meta property=\"og:image:type\" content=\"image\/webp\" \/>\n<meta name=\"author\" content=\"Jeanette\" \/>\n<meta name=\"twitter:card\" content=\"summary_large_image\" \/>\n<meta name=\"twitter:creator\" content=\"@eldiario_net\" \/>\n<meta name=\"twitter:site\" content=\"@eldiario_net\" \/>\n<meta name=\"twitter:label1\" content=\"Escrito por\" \/>\n\t<meta name=\"twitter:data1\" content=\"Jeanette\" \/>\n\t<meta name=\"twitter:label2\" content=\"Tiempo de lectura\" \/>\n\t<meta name=\"twitter:data2\" content=\"2 minutos\" \/>\n<script type=\"application\/ld+json\" class=\"yoast-schema-graph\">{\"@context\":\"https:\\\/\\\/schema.org\",\"@graph\":[{\"@type\":\"Article\",\"@id\":\"https:\\\/\\\/www.eldiario.net\\\/portal\\\/2026\\\/07\\\/01\\\/xavier-gonzalez-gana-premio-ingram-olkin-de-stanford-university\\\/#article\",\"isPartOf\":{\"@id\":\"https:\\\/\\\/www.eldiario.net\\\/portal\\\/2026\\\/07\\\/01\\\/xavier-gonzalez-gana-premio-ingram-olkin-de-stanford-university\\\/\"},\"author\":{\"name\":\"Jeanette\",\"@id\":\"https:\\\/\\\/www.eldiario.net\\\/portal\\\/#\\\/schema\\\/person\\\/2c57cf2b7a7ae032e449e4c9b1019eac\"},\"headline\":\"Xavier Gonz\u00e1lez gana premio Ingram Olkin de Stanford University\",\"datePublished\":\"2026-07-01T04:11:11+00:00\",\"mainEntityOfPage\":{\"@id\":\"https:\\\/\\\/www.eldiario.net\\\/portal\\\/2026\\\/07\\\/01\\\/xavier-gonzalez-gana-premio-ingram-olkin-de-stanford-university\\\/\"},\"wordCount\":204,\"publisher\":{\"@id\":\"https:\\\/\\\/www.eldiario.net\\\/portal\\\/#organization\"},\"image\":{\"@id\":\"https:\\\/\\\/www.eldiario.net\\\/portal\\\/2026\\\/07\\\/01\\\/xavier-gonzalez-gana-premio-ingram-olkin-de-stanford-university\\\/#primaryimage\"},\"thumbnailUrl\":\"https:\\\/\\\/www.eldiario.net\\\/portal\\\/wp-content\\\/uploads\\\/2026\\\/06\\\/ES-1.webp\",\"articleSection\":[\"Sociales\"],\"inLanguage\":\"es\"},{\"@type\":\"WebPage\",\"@id\":\"https:\\\/\\\/www.eldiario.net\\\/portal\\\/2026\\\/07\\\/01\\\/xavier-gonzalez-gana-premio-ingram-olkin-de-stanford-university\\\/\",\"url\":\"https:\\\/\\\/www.eldiario.net\\\/portal\\\/2026\\\/07\\\/01\\\/xavier-gonzalez-gana-premio-ingram-olkin-de-stanford-university\\\/\",\"name\":\"Xavier Gonz\u00e1lez gana premio Ingram Olkin de Stanford University - El Diario - Bolivia\",\"isPartOf\":{\"@id\":\"https:\\\/\\\/www.eldiario.net\\\/portal\\\/#website\"},\"primaryImageOfPage\":{\"@id\":\"https:\\\/\\\/www.eldiario.net\\\/portal\\\/2026\\\/07\\\/01\\\/xavier-gonzalez-gana-premio-ingram-olkin-de-stanford-university\\\/#primaryimage\"},\"image\":{\"@id\":\"https:\\\/\\\/www.eldiario.net\\\/portal\\\/2026\\\/07\\\/01\\\/xavier-gonzalez-gana-premio-ingram-olkin-de-stanford-university\\\/#primaryimage\"},\"thumbnailUrl\":\"https:\\\/\\\/www.eldiario.net\\\/portal\\\/wp-content\\\/uploads\\\/2026\\\/06\\\/ES-1.webp\",\"datePublished\":\"2026-07-01T04:11:11+00:00\",\"breadcrumb\":{\"@id\":\"https:\\\/\\\/www.eldiario.net\\\/portal\\\/2026\\\/07\\\/01\\\/xavier-gonzalez-gana-premio-ingram-olkin-de-stanford-university\\\/#breadcrumb\"},\"inLanguage\":\"es\",\"potentialAction\":[{\"@type\":\"ReadAction\",\"target\":[\"https:\\\/\\\/www.eldiario.net\\\/portal\\\/2026\\\/07\\\/01\\\/xavier-gonzalez-gana-premio-ingram-olkin-de-stanford-university\\\/\"]}]},{\"@type\":\"ImageObject\",\"inLanguage\":\"es\",\"@id\":\"https:\\\/\\\/www.eldiario.net\\\/portal\\\/2026\\\/07\\\/01\\\/xavier-gonzalez-gana-premio-ingram-olkin-de-stanford-university\\\/#primaryimage\",\"url\":\"https:\\\/\\\/www.eldiario.net\\\/portal\\\/wp-content\\\/uploads\\\/2026\\\/06\\\/ES-1.webp\",\"contentUrl\":\"https:\\\/\\\/www.eldiario.net\\\/portal\\\/wp-content\\\/uploads\\\/2026\\\/06\\\/ES-1.webp\",\"width\":692,\"height\":909,\"caption\":\"DR. SCOTT LINDERMAN, DR. XAVIER GONZ\u00c1LEZ, DR. EMMANUEL CANDES.\"},{\"@type\":\"BreadcrumbList\",\"@id\":\"https:\\\/\\\/www.eldiario.net\\\/portal\\\/2026\\\/07\\\/01\\\/xavier-gonzalez-gana-premio-ingram-olkin-de-stanford-university\\\/#breadcrumb\",\"itemListElement\":[{\"@type\":\"ListItem\",\"position\":1,\"name\":\"Portada\",\"item\":\"https:\\\/\\\/www.eldiario.net\\\/portal\\\/\"},{\"@type\":\"ListItem\",\"position\":2,\"name\":\"Xavier Gonz\u00e1lez gana premio Ingram Olkin de Stanford University\"}]},{\"@type\":\"WebSite\",\"@id\":\"https:\\\/\\\/www.eldiario.net\\\/portal\\\/#website\",\"url\":\"https:\\\/\\\/www.eldiario.net\\\/portal\\\/\",\"name\":\"El Diario - Decano de la prensa nacional\",\"description\":\"El Diario - Decano de la prensa nacional\",\"publisher\":{\"@id\":\"https:\\\/\\\/www.eldiario.net\\\/portal\\\/#organization\"},\"potentialAction\":[{\"@type\":\"SearchAction\",\"target\":{\"@type\":\"EntryPoint\",\"urlTemplate\":\"https:\\\/\\\/www.eldiario.net\\\/portal\\\/?s={search_term_string}\"},\"query-input\":{\"@type\":\"PropertyValueSpecification\",\"valueRequired\":true,\"valueName\":\"search_term_string\"}}],\"inLanguage\":\"es\"},{\"@type\":\"Organization\",\"@id\":\"https:\\\/\\\/www.eldiario.net\\\/portal\\\/#organization\",\"name\":\"El Diario - Decano de la prensa nacional\",\"url\":\"https:\\\/\\\/www.eldiario.net\\\/portal\\\/\",\"logo\":{\"@type\":\"ImageObject\",\"inLanguage\":\"es\",\"@id\":\"https:\\\/\\\/www.eldiario.net\\\/portal\\\/#\\\/schema\\\/logo\\\/image\\\/\",\"url\":\"https:\\\/\\\/www.eldiario.net\\\/portal\\\/wp-content\\\/uploads\\\/2023\\\/07\\\/logo_ED.jpg\",\"contentUrl\":\"https:\\\/\\\/www.eldiario.net\\\/portal\\\/wp-content\\\/uploads\\\/2023\\\/07\\\/logo_ED.jpg\",\"width\":272,\"height\":52,\"caption\":\"El Diario - Decano de la prensa nacional\"},\"image\":{\"@id\":\"https:\\\/\\\/www.eldiario.net\\\/portal\\\/#\\\/schema\\\/logo\\\/image\\\/\"},\"sameAs\":[\"https:\\\/\\\/www.facebook.com\\\/eldiario.bolivia\\\/\",\"https:\\\/\\\/x.com\\\/eldiario_net\"]},{\"@type\":\"Person\",\"@id\":\"https:\\\/\\\/www.eldiario.net\\\/portal\\\/#\\\/schema\\\/person\\\/2c57cf2b7a7ae032e449e4c9b1019eac\",\"name\":\"Jeanette\",\"image\":{\"@type\":\"ImageObject\",\"inLanguage\":\"es\",\"@id\":\"https:\\\/\\\/secure.gravatar.com\\\/avatar\\\/3ea2118a5f7dad2b7138b1187a6b7ee55f160b9968b66013c3a3ef39dd7e5798?s=96&d=mm&r=g\",\"url\":\"https:\\\/\\\/secure.gravatar.com\\\/avatar\\\/3ea2118a5f7dad2b7138b1187a6b7ee55f160b9968b66013c3a3ef39dd7e5798?s=96&d=mm&r=g\",\"contentUrl\":\"https:\\\/\\\/secure.gravatar.com\\\/avatar\\\/3ea2118a5f7dad2b7138b1187a6b7ee55f160b9968b66013c3a3ef39dd7e5798?s=96&d=mm&r=g\",\"caption\":\"Jeanette\"},\"sameAs\":[\"https:\\\/\\\/www.eldiario.net\\\/portal\"],\"url\":\"https:\\\/\\\/www.eldiario.net\\\/portal\\\/author\\\/jeanette\\\/\"}]}<\/script>\n<!-- \/ Yoast SEO plugin. -->","yoast_head_json":{"title":"Xavier Gonz\u00e1lez gana premio Ingram Olkin de Stanford University - El Diario - Bolivia","robots":{"index":"index","follow":"follow","max-snippet":"max-snippet:-1","max-image-preview":"max-image-preview:large","max-video-preview":"max-video-preview:-1"},"canonical":"https:\/\/www.eldiario.net\/portal\/2026\/07\/01\/xavier-gonzalez-gana-premio-ingram-olkin-de-stanford-university\/","og_locale":"es_ES","og_type":"article","og_title":"Xavier Gonz\u00e1lez gana premio Ingram Olkin de Stanford University - El Diario - Bolivia","og_description":"En Palo Alto, California, el 14 de junio de 2026, el joven profesional Xavier Gonz\u00e1lez Smith se recibi\u00f3 como Doctor de Filosof\u00eda en Estad\u00edstica (PhD Statistics) de la Stanford University. Adem\u00e1s, su tesis de doctorado fue galardonada con el Premio Ingram Olkin a la Disertaci\u00f3n Interdisciplinaria, en reconocimiento de logros excepcionales de candidatos al doctorado [&hellip;]","og_url":"https:\/\/www.eldiario.net\/portal\/2026\/07\/01\/xavier-gonzalez-gana-premio-ingram-olkin-de-stanford-university\/","og_site_name":"El Diario - Bolivia","article_publisher":"https:\/\/www.facebook.com\/eldiario.bolivia\/","article_published_time":"2026-07-01T04:11:11+00:00","og_image":[{"width":692,"height":909,"url":"https:\/\/www.eldiario.net\/portal\/wp-content\/uploads\/2026\/06\/ES-1.webp","type":"image\/webp"}],"author":"Jeanette","twitter_card":"summary_large_image","twitter_creator":"@eldiario_net","twitter_site":"@eldiario_net","twitter_misc":{"Escrito por":"Jeanette","Tiempo de lectura":"2 minutos"},"schema":{"@context":"https:\/\/schema.org","@graph":[{"@type":"Article","@id":"https:\/\/www.eldiario.net\/portal\/2026\/07\/01\/xavier-gonzalez-gana-premio-ingram-olkin-de-stanford-university\/#article","isPartOf":{"@id":"https:\/\/www.eldiario.net\/portal\/2026\/07\/01\/xavier-gonzalez-gana-premio-ingram-olkin-de-stanford-university\/"},"author":{"name":"Jeanette","@id":"https:\/\/www.eldiario.net\/portal\/#\/schema\/person\/2c57cf2b7a7ae032e449e4c9b1019eac"},"headline":"Xavier Gonz\u00e1lez gana premio Ingram Olkin de Stanford University","datePublished":"2026-07-01T04:11:11+00:00","mainEntityOfPage":{"@id":"https:\/\/www.eldiario.net\/portal\/2026\/07\/01\/xavier-gonzalez-gana-premio-ingram-olkin-de-stanford-university\/"},"wordCount":204,"publisher":{"@id":"https:\/\/www.eldiario.net\/portal\/#organization"},"image":{"@id":"https:\/\/www.eldiario.net\/portal\/2026\/07\/01\/xavier-gonzalez-gana-premio-ingram-olkin-de-stanford-university\/#primaryimage"},"thumbnailUrl":"https:\/\/www.eldiario.net\/portal\/wp-content\/uploads\/2026\/06\/ES-1.webp","articleSection":["Sociales"],"inLanguage":"es"},{"@type":"WebPage","@id":"https:\/\/www.eldiario.net\/portal\/2026\/07\/01\/xavier-gonzalez-gana-premio-ingram-olkin-de-stanford-university\/","url":"https:\/\/www.eldiario.net\/portal\/2026\/07\/01\/xavier-gonzalez-gana-premio-ingram-olkin-de-stanford-university\/","name":"Xavier Gonz\u00e1lez gana premio Ingram Olkin de Stanford University - El Diario - Bolivia","isPartOf":{"@id":"https:\/\/www.eldiario.net\/portal\/#website"},"primaryImageOfPage":{"@id":"https:\/\/www.eldiario.net\/portal\/2026\/07\/01\/xavier-gonzalez-gana-premio-ingram-olkin-de-stanford-university\/#primaryimage"},"image":{"@id":"https:\/\/www.eldiario.net\/portal\/2026\/07\/01\/xavier-gonzalez-gana-premio-ingram-olkin-de-stanford-university\/#primaryimage"},"thumbnailUrl":"https:\/\/www.eldiario.net\/portal\/wp-content\/uploads\/2026\/06\/ES-1.webp","datePublished":"2026-07-01T04:11:11+00:00","breadcrumb":{"@id":"https:\/\/www.eldiario.net\/portal\/2026\/07\/01\/xavier-gonzalez-gana-premio-ingram-olkin-de-stanford-university\/#breadcrumb"},"inLanguage":"es","potentialAction":[{"@type":"ReadAction","target":["https:\/\/www.eldiario.net\/portal\/2026\/07\/01\/xavier-gonzalez-gana-premio-ingram-olkin-de-stanford-university\/"]}]},{"@type":"ImageObject","inLanguage":"es","@id":"https:\/\/www.eldiario.net\/portal\/2026\/07\/01\/xavier-gonzalez-gana-premio-ingram-olkin-de-stanford-university\/#primaryimage","url":"https:\/\/www.eldiario.net\/portal\/wp-content\/uploads\/2026\/06\/ES-1.webp","contentUrl":"https:\/\/www.eldiario.net\/portal\/wp-content\/uploads\/2026\/06\/ES-1.webp","width":692,"height":909,"caption":"DR. SCOTT LINDERMAN, DR. XAVIER GONZ\u00c1LEZ, DR. EMMANUEL CANDES."},{"@type":"BreadcrumbList","@id":"https:\/\/www.eldiario.net\/portal\/2026\/07\/01\/xavier-gonzalez-gana-premio-ingram-olkin-de-stanford-university\/#breadcrumb","itemListElement":[{"@type":"ListItem","position":1,"name":"Portada","item":"https:\/\/www.eldiario.net\/portal\/"},{"@type":"ListItem","position":2,"name":"Xavier Gonz\u00e1lez gana premio Ingram Olkin de Stanford University"}]},{"@type":"WebSite","@id":"https:\/\/www.eldiario.net\/portal\/#website","url":"https:\/\/www.eldiario.net\/portal\/","name":"El Diario - Decano de la prensa nacional","description":"El Diario - Decano de la prensa nacional","publisher":{"@id":"https:\/\/www.eldiario.net\/portal\/#organization"},"potentialAction":[{"@type":"SearchAction","target":{"@type":"EntryPoint","urlTemplate":"https:\/\/www.eldiario.net\/portal\/?s={search_term_string}"},"query-input":{"@type":"PropertyValueSpecification","valueRequired":true,"valueName":"search_term_string"}}],"inLanguage":"es"},{"@type":"Organization","@id":"https:\/\/www.eldiario.net\/portal\/#organization","name":"El Diario - Decano de la prensa nacional","url":"https:\/\/www.eldiario.net\/portal\/","logo":{"@type":"ImageObject","inLanguage":"es","@id":"https:\/\/www.eldiario.net\/portal\/#\/schema\/logo\/image\/","url":"https:\/\/www.eldiario.net\/portal\/wp-content\/uploads\/2023\/07\/logo_ED.jpg","contentUrl":"https:\/\/www.eldiario.net\/portal\/wp-content\/uploads\/2023\/07\/logo_ED.jpg","width":272,"height":52,"caption":"El Diario - Decano de la prensa nacional"},"image":{"@id":"https:\/\/www.eldiario.net\/portal\/#\/schema\/logo\/image\/"},"sameAs":["https:\/\/www.facebook.com\/eldiario.bolivia\/","https:\/\/x.com\/eldiario_net"]},{"@type":"Person","@id":"https:\/\/www.eldiario.net\/portal\/#\/schema\/person\/2c57cf2b7a7ae032e449e4c9b1019eac","name":"Jeanette","image":{"@type":"ImageObject","inLanguage":"es","@id":"https:\/\/secure.gravatar.com\/avatar\/3ea2118a5f7dad2b7138b1187a6b7ee55f160b9968b66013c3a3ef39dd7e5798?s=96&d=mm&r=g","url":"https:\/\/secure.gravatar.com\/avatar\/3ea2118a5f7dad2b7138b1187a6b7ee55f160b9968b66013c3a3ef39dd7e5798?s=96&d=mm&r=g","contentUrl":"https:\/\/secure.gravatar.com\/avatar\/3ea2118a5f7dad2b7138b1187a6b7ee55f160b9968b66013c3a3ef39dd7e5798?s=96&d=mm&r=g","caption":"Jeanette"},"sameAs":["https:\/\/www.eldiario.net\/portal"],"url":"https:\/\/www.eldiario.net\/portal\/author\/jeanette\/"}]}},"_links":{"self":[{"href":"https:\/\/www.eldiario.net\/portal\/wp-json\/wp\/v2\/posts\/408562","targetHints":{"allow":["GET"]}}],"collection":[{"href":"https:\/\/www.eldiario.net\/portal\/wp-json\/wp\/v2\/posts"}],"about":[{"href":"https:\/\/www.eldiario.net\/portal\/wp-json\/wp\/v2\/types\/post"}],"author":[{"embeddable":true,"href":"https:\/\/www.eldiario.net\/portal\/wp-json\/wp\/v2\/users\/1"}],"replies":[{"embeddable":true,"href":"https:\/\/www.eldiario.net\/portal\/wp-json\/wp\/v2\/comments?post=408562"}],"version-history":[{"count":1,"href":"https:\/\/www.eldiario.net\/portal\/wp-json\/wp\/v2\/posts\/408562\/revisions"}],"predecessor-version":[{"id":408566,"href":"https:\/\/www.eldiario.net\/portal\/wp-json\/wp\/v2\/posts\/408562\/revisions\/408566"}],"wp:featuredmedia":[{"embeddable":true,"href":"https:\/\/www.eldiario.net\/portal\/wp-json\/wp\/v2\/media\/408563"}],"wp:attachment":[{"href":"https:\/\/www.eldiario.net\/portal\/wp-json\/wp\/v2\/media?parent=408562"}],"wp:term":[{"taxonomy":"category","embeddable":true,"href":"https:\/\/www.eldiario.net\/portal\/wp-json\/wp\/v2\/categories?post=408562"},{"taxonomy":"post_tag","embeddable":true,"href":"https:\/\/www.eldiario.net\/portal\/wp-json\/wp\/v2\/tags?post=408562"}],"curies":[{"name":"wp","href":"https:\/\/api.w.org\/{rel}","templated":true}]}}