{"id":408548,"date":"2026-07-01T00:07:49","date_gmt":"2026-07-01T04:07:49","guid":{"rendered":"https:\/\/www.eldiario.net\/portal\/?p=408548"},"modified":"2026-06-30T23:11:05","modified_gmt":"2026-07-01T03:11:05","slug":"mazda-llevo-la-esencia-de-japon-a-casacor-bolivia","status":"publish","type":"post","link":"https:\/\/www.eldiario.net\/portal\/2026\/07\/01\/mazda-llevo-la-esencia-de-japon-a-casacor-bolivia\/","title":{"rendered":"Mazda llev\u00f3 la esencia de Jap\u00f3n a CASACOR Bolivia"},"content":{"rendered":"<p>En el marco de CASACOR Bolivia 2026, Mazda \u2014representada en el pa\u00eds por Imcruz &#8211; Inchcape Bolivia\u2014 reuni\u00f3 a clientes e invitados especiales en una noche que traslad\u00f3 a los asistentes directamente a las ra\u00edces de la cultura japonesa. El encuentro sirvi\u00f3 para celebrar la presencia de la marca como veh\u00edculo oficial de la muestra, donde destac\u00f3 su espacio \u00abMazda Gallery Lounge\u00bb con la exhibici\u00f3n de la nueva vagoneta CX-60 H\u00edbrida Enchufable (PHEV).<br \/>\nLa velada inici\u00f3 con la bienvenida de Michelle Noriega Guti\u00e9rrez, gerente general de Imcruz &#8211; Inchcape Bolivia. Posteriormente, los invitados disfrutaron de dos experiencias simult\u00e1neas. Las damas participaron en un taller de Kintsugi \u2014el arte de reparar cer\u00e1mica con oro\u2014, mientras que de manera paralela se ofreci\u00f3 un maridaje gastron\u00f3mico inspirado en conceptos de ingenier\u00eda de la marca como SKYACTIV Technology y Jinba Ittai.<br \/>\nUno de los importantes momentos fue el saludo virtual de M\u00f3nica Argando\u00f1a, Brand Manager de Mazda Bolivia, quien envi\u00f3 un mensaje desde Jap\u00f3n destacando la conexi\u00f3n con la casa matriz. \u00abEn Mazda creemos que los mejores veh\u00edculos nacen cuando la ingenier\u00eda, el dise\u00f1o y las emociones trabajan en perfecta armon\u00eda. Esa misma filosof\u00eda fue la que buscamos transmitir como el veh\u00edculo oficial de CASACOR&#8230;\u00bb, resalt\u00f3 Argando\u00f1a.<br \/>\nEl cierre de la noche estuvo a cargo de Est\u00e9ban Soruco, director automotriz de Imcruz &#8211; Inchcape Bolivia, quien agradeci\u00f3 la confianza de los asistentes.<\/p>\n\r\n                <style type=\"text\/css\">\r\n                    \r\n                    #tdi_1  .td-doubleSlider-2 .td-item1 {\r\n                        background: url(https:\/\/www.eldiario.net\/portal\/wp-content\/uploads\/2026\/06\/Andrea-Forfori-Viviana-Sotomayor-Mariana-Yanez-y-Fabiola-Cremer-80x60.webp) 0 0 no-repeat;\r\n                    }\r\n                    #tdi_1  .td-doubleSlider-2 .td-item2 {\r\n                        background: url(https:\/\/www.eldiario.net\/portal\/wp-content\/uploads\/2026\/06\/Diego-Aponte-Gerente-de-Marketing-en-Imcruz-\u2013-Inchcape-Bolivia-y-Daniela-Mendez-80x60.webp) 0 0 no-repeat;\r\n                    }\r\n                    #tdi_1  .td-doubleSlider-2 .td-item3 {\r\n                        background: url(https:\/\/www.eldiario.net\/portal\/wp-content\/uploads\/2026\/06\/Espacio-Mazda-en-Casacor-80x60.webp) 0 0 no-repeat;\r\n                    }\r\n                    #tdi_1  .td-doubleSlider-2 .td-item4 {\r\n                        background: url(https:\/\/www.eldiario.net\/portal\/wp-content\/uploads\/2026\/06\/Esteban-Soruco-director-automotriz-Sebastian-Mendez-coordinar-de-marketing-Mazda-y-Quito-Velasco-80x60.webp) 0 0 no-repeat;\r\n                    }\r\n                    #tdi_1  .td-doubleSlider-2 .td-item5 {\r\n                        background: url(https:\/\/www.eldiario.net\/portal\/wp-content\/uploads\/2026\/06\/Graciela-Anglarill-Quito-Velasco-Maria-Ines-Carrasco-Sebastian-Putz-y-Natali-Justiniano-80x60.webp) 0 0 no-repeat;\r\n                    }\r\n                    #tdi_1  .td-doubleSlider-2 .td-item6 {\r\n                        background: url(https:\/\/www.eldiario.net\/portal\/wp-content\/uploads\/2026\/06\/Katya-Fuertes-Patricia-Barron-y-Graciela-Anglarill-80x60.webp) 0 0 no-repeat;\r\n                    }\r\n                    #tdi_1  .td-doubleSlider-2 .td-item7 {\r\n                        background: url(https:\/\/www.eldiario.net\/portal\/wp-content\/uploads\/2026\/06\/Luis-Yanez-gerente-de-asistencia-tecnica-Imcruz-Inchcape-Bolivia-80x60.webp) 0 0 no-repeat;\r\n                    }\r\n                    #tdi_1  .td-doubleSlider-2 .td-item8 {\r\n                        background: url(https:\/\/www.eldiario.net\/portal\/wp-content\/uploads\/2026\/06\/Michelle-Noriega-gerente-general-de-Imcruz-Inchcape-Bolivia-80x60.webp) 0 0 no-repeat;\r\n                    }\r\n                    #tdi_1  .td-doubleSlider-2 .td-item9 {\r\n                        background: url(https:\/\/www.eldiario.net\/portal\/wp-content\/uploads\/2026\/06\/Natali-Justiniano-maestra-de-ceremonia-80x60.webp) 0 0 no-repeat;\r\n                    }\r\n                    #tdi_1  .td-doubleSlider-2 .td-item10 {\r\n                        background: url(https:\/\/www.eldiario.net\/portal\/wp-content\/uploads\/2026\/06\/Sebastian-Putz-Michelle-Noriega-gerente-general-Imcruz-Inchcape-y-Natali-Justiniano-80x60.webp) 0 0 no-repeat;\r\n                    }\r\n                <\/style>\r\n\r\n                <div id=\"tdi_1\" class=\"td-gallery td-slide-on-2-columns\">\r\n                    <div class=\"post_td_gallery\">\r\n                        <div class=\"td-gallery-slide-top\">\r\n                           <div class=\"td-gallery-title\"><\/div>\r\n\r\n                            <div class=\"td-gallery-controls-wrapper\">\r\n                                <div class=\"td-gallery-slide-count\"><span class=\"td-gallery-slide-item-focus\">1<\/span> de 10<\/div>\r\n                                <div class=\"td-gallery-slide-prev-next-but\">\r\n                                    <i class = \"td-icon-left doubleSliderPrevButton\"><\/i>\r\n                                    <i class = \"td-icon-right doubleSliderNextButton\"><\/i>\r\n                                <\/div>\r\n                            <\/div>\r\n                        <\/div>\r\n\r\n                        <div class = \"td-doubleSlider-1 \">\r\n                            <div class = \"td-slider\">\r\n                                \r\n                    <div class = \"td-slide-item td-item1\">\r\n                        <figure class=\"td-slide-galery-figure td-slide-popup-gallery\">\r\n                            <a class=\"slide-gallery-image-link\" href=\"https:\/\/www.eldiario.net\/portal\/wp-content\/uploads\/2026\/06\/Andrea-Forfori-Viviana-Sotomayor-Mariana-Yanez-y-Fabiola-Cremer.webp\" title=\"Andrea-Forfori,-Viviana-Sotomayor,-Mariana-Ya\u00f1ez-y-Fabiola-Cremer\"  data-caption=\"ANDREA \nFORFORI, \nVIVIANA \nSOTOMAYOR, \nMARIANA Y\u00c1\u00d1EZ Y FABIOLA \nCREMER.\"  data-description=\"ANDREA \nFORFORI, \nVIVIANA \nSOTOMAYOR, \nMARIANA Y&Aacute;&Ntilde;EZ Y FABIOLA \nCREMER.\">\r\n                                <img decoding=\"async\" src=\"https:\/\/www.eldiario.net\/portal\/wp-content\/uploads\/2026\/06\/Andrea-Forfori-Viviana-Sotomayor-Mariana-Yanez-y-Fabiola-Cremer-630x420.webp\" srcset=\"https:\/\/www.eldiario.net\/portal\/wp-content\/uploads\/2026\/06\/Andrea-Forfori-Viviana-Sotomayor-Mariana-Yanez-y-Fabiola-Cremer-630x420.webp 630w, https:\/\/www.eldiario.net\/portal\/wp-content\/uploads\/2026\/06\/Andrea-Forfori-Viviana-Sotomayor-Mariana-Yanez-y-Fabiola-Cremer-300x200.webp 300w, https:\/\/www.eldiario.net\/portal\/wp-content\/uploads\/2026\/06\/Andrea-Forfori-Viviana-Sotomayor-Mariana-Yanez-y-Fabiola-Cremer-1024x683.webp 1024w, https:\/\/www.eldiario.net\/portal\/wp-content\/uploads\/2026\/06\/Andrea-Forfori-Viviana-Sotomayor-Mariana-Yanez-y-Fabiola-Cremer-768x512.webp 768w, https:\/\/www.eldiario.net\/portal\/wp-content\/uploads\/2026\/06\/Andrea-Forfori-Viviana-Sotomayor-Mariana-Yanez-y-Fabiola-Cremer-150x100.webp 150w, https:\/\/www.eldiario.net\/portal\/wp-content\/uploads\/2026\/06\/Andrea-Forfori-Viviana-Sotomayor-Mariana-Yanez-y-Fabiola-Cremer-696x464.webp 696w, https:\/\/www.eldiario.net\/portal\/wp-content\/uploads\/2026\/06\/Andrea-Forfori-Viviana-Sotomayor-Mariana-Yanez-y-Fabiola-Cremer-1068x712.webp 1068w, https:\/\/www.eldiario.net\/portal\/wp-content\/uploads\/2026\/06\/Andrea-Forfori-Viviana-Sotomayor-Mariana-Yanez-y-Fabiola-Cremer.webp 1200w\" sizes=\"(max-width: 630px) 100vw, 630px\" alt=\"\">\r\n                            <\/a>\r\n                            <figcaption class = \"td-slide-caption td-gallery-slide-content\"><div class = \"td-gallery-slide-copywrite\">ANDREA \nFORFORI, \nVIVIANA \nSOTOMAYOR, \nMARIANA Y\u00c1\u00d1EZ Y FABIOLA \nCREMER.<\/div><span>ANDREA \nFORFORI, \nVIVIANA \nSOTOMAYOR, \nMARIANA Y\u00c1\u00d1EZ Y FABIOLA \nCREMER.<\/span><\/figcaption>\r\n                        <\/figure>\r\n                    <\/div>\r\n                    <div class = \"td-slide-item td-item2\">\r\n                        <figure class=\"td-slide-galery-figure td-slide-popup-gallery\">\r\n                            <a class=\"slide-gallery-image-link\" href=\"https:\/\/www.eldiario.net\/portal\/wp-content\/uploads\/2026\/06\/Diego-Aponte-Gerente-de-Marketing-en-Imcruz-\u2013-Inchcape-Bolivia-y-Daniela-Mendez.webp\" title=\"Diego-Aponte---Gerente-de-Marketing-en-Imcruz-\u2013-Inchcape-Bolivia-y-Daniela-M\u00e9ndez\"  data-caption=\"DIEGO \nAPONTE,\n GERENTE DE MARKETING EN IMCRUZ \u2013 \nINCHCAPE \nBOLIVIA Y \nDANIELA M\u00c9NDEZ.\"  data-description=\"DIEGO \nAPONTE,\n GERENTE DE MARKETING EN IMCRUZ &ndash; \nINCHCAPE \nBOLIVIA Y \nDANIELA M&Eacute;NDEZ.\">\r\n                                <img decoding=\"async\" src=\"https:\/\/www.eldiario.net\/portal\/wp-content\/uploads\/2026\/06\/Diego-Aponte-Gerente-de-Marketing-en-Imcruz-\u2013-Inchcape-Bolivia-y-Daniela-Mendez-280x420.webp\" srcset=\"https:\/\/www.eldiario.net\/portal\/wp-content\/uploads\/2026\/06\/Diego-Aponte-Gerente-de-Marketing-en-Imcruz-\u2013-Inchcape-Bolivia-y-Daniela-Mendez-280x420.webp 280w, https:\/\/www.eldiario.net\/portal\/wp-content\/uploads\/2026\/06\/Diego-Aponte-Gerente-de-Marketing-en-Imcruz-\u2013-Inchcape-Bolivia-y-Daniela-Mendez-200x300.webp 200w, https:\/\/www.eldiario.net\/portal\/wp-content\/uploads\/2026\/06\/Diego-Aponte-Gerente-de-Marketing-en-Imcruz-\u2013-Inchcape-Bolivia-y-Daniela-Mendez-683x1024.webp 683w, https:\/\/www.eldiario.net\/portal\/wp-content\/uploads\/2026\/06\/Diego-Aponte-Gerente-de-Marketing-en-Imcruz-\u2013-Inchcape-Bolivia-y-Daniela-Mendez-768x1152.webp 768w, https:\/\/www.eldiario.net\/portal\/wp-content\/uploads\/2026\/06\/Diego-Aponte-Gerente-de-Marketing-en-Imcruz-\u2013-Inchcape-Bolivia-y-Daniela-Mendez-1024x1536.webp 1024w, https:\/\/www.eldiario.net\/portal\/wp-content\/uploads\/2026\/06\/Diego-Aponte-Gerente-de-Marketing-en-Imcruz-\u2013-Inchcape-Bolivia-y-Daniela-Mendez-150x225.webp 150w, https:\/\/www.eldiario.net\/portal\/wp-content\/uploads\/2026\/06\/Diego-Aponte-Gerente-de-Marketing-en-Imcruz-\u2013-Inchcape-Bolivia-y-Daniela-Mendez-300x450.webp 300w, https:\/\/www.eldiario.net\/portal\/wp-content\/uploads\/2026\/06\/Diego-Aponte-Gerente-de-Marketing-en-Imcruz-\u2013-Inchcape-Bolivia-y-Daniela-Mendez-696x1044.webp 696w, https:\/\/www.eldiario.net\/portal\/wp-content\/uploads\/2026\/06\/Diego-Aponte-Gerente-de-Marketing-en-Imcruz-\u2013-Inchcape-Bolivia-y-Daniela-Mendez-1068x1602.webp 1068w, https:\/\/www.eldiario.net\/portal\/wp-content\/uploads\/2026\/06\/Diego-Aponte-Gerente-de-Marketing-en-Imcruz-\u2013-Inchcape-Bolivia-y-Daniela-Mendez.webp 1200w\" sizes=\"(max-width: 280px) 100vw, 280px\" alt=\"\">\r\n                            <\/a>\r\n                            <figcaption class = \"td-slide-caption td-gallery-slide-content\"><div class = \"td-gallery-slide-copywrite\">DIEGO \nAPONTE,\n GERENTE DE MARKETING EN IMCRUZ \u2013 \nINCHCAPE \nBOLIVIA Y \nDANIELA M\u00c9NDEZ.<\/div><span>DIEGO \nAPONTE,\n GERENTE DE MARKETING EN IMCRUZ \u2013 \nINCHCAPE \nBOLIVIA Y \nDANIELA M\u00c9NDEZ.<\/span><\/figcaption>\r\n                        <\/figure>\r\n                    <\/div>\r\n                    <div class = \"td-slide-item td-item3\">\r\n                        <figure class=\"td-slide-galery-figure td-slide-popup-gallery\">\r\n                            <a class=\"slide-gallery-image-link\" href=\"https:\/\/www.eldiario.net\/portal\/wp-content\/uploads\/2026\/06\/Espacio-Mazda-en-Casacor.webp\" title=\"Espacio-Mazda-en-Casacor\"  data-caption=\"ESPACIO MAZDA EN CASACOR.\"  data-description=\"ESPACIO MAZDA EN CASACOR.\">\r\n                                <img decoding=\"async\" src=\"https:\/\/www.eldiario.net\/portal\/wp-content\/uploads\/2026\/06\/Espacio-Mazda-en-Casacor-630x420.webp\" srcset=\"https:\/\/www.eldiario.net\/portal\/wp-content\/uploads\/2026\/06\/Espacio-Mazda-en-Casacor-630x420.webp 630w, https:\/\/www.eldiario.net\/portal\/wp-content\/uploads\/2026\/06\/Espacio-Mazda-en-Casacor-300x200.webp 300w, https:\/\/www.eldiario.net\/portal\/wp-content\/uploads\/2026\/06\/Espacio-Mazda-en-Casacor-1024x683.webp 1024w, https:\/\/www.eldiario.net\/portal\/wp-content\/uploads\/2026\/06\/Espacio-Mazda-en-Casacor-768x512.webp 768w, https:\/\/www.eldiario.net\/portal\/wp-content\/uploads\/2026\/06\/Espacio-Mazda-en-Casacor-150x100.webp 150w, https:\/\/www.eldiario.net\/portal\/wp-content\/uploads\/2026\/06\/Espacio-Mazda-en-Casacor-696x464.webp 696w, https:\/\/www.eldiario.net\/portal\/wp-content\/uploads\/2026\/06\/Espacio-Mazda-en-Casacor-1068x712.webp 1068w, https:\/\/www.eldiario.net\/portal\/wp-content\/uploads\/2026\/06\/Espacio-Mazda-en-Casacor.webp 1200w\" sizes=\"(max-width: 630px) 100vw, 630px\" alt=\"\">\r\n                            <\/a>\r\n                            <figcaption class = \"td-slide-caption td-gallery-slide-content\"><div class = \"td-gallery-slide-copywrite\">ESPACIO MAZDA EN CASACOR.<\/div><span>ESPACIO MAZDA EN CASACOR.<\/span><\/figcaption>\r\n                        <\/figure>\r\n                    <\/div>\r\n                    <div class = \"td-slide-item td-item4\">\r\n                        <figure class=\"td-slide-galery-figure td-slide-popup-gallery\">\r\n                            <a class=\"slide-gallery-image-link\" href=\"https:\/\/www.eldiario.net\/portal\/wp-content\/uploads\/2026\/06\/Esteban-Soruco-director-automotriz-Sebastian-Mendez-coordinar-de-marketing-Mazda-y-Quito-Velasco.webp\" title=\"Esteban-Soruco,-director-automotriz,-Sebastian-M\u00e9ndez,-coordinar-de-marketing-Mazda-y-Quito-Velasco\"  data-caption=\"EST\u00c9BAN SORUCO, DIRECTOR\n AUTOMOTRIZ, SEBASTIAN M\u00c9NDEZ, COORDINAR DE MARKETING MAZDA Y QUITO VELASCO.\"  data-description=\"EST&Eacute;BAN SORUCO, DIRECTOR\n AUTOMOTRIZ, SEBASTIAN M&Eacute;NDEZ, COORDINAR DE MARKETING MAZDA Y QUITO VELASCO.\">\r\n                                <img decoding=\"async\" src=\"https:\/\/www.eldiario.net\/portal\/wp-content\/uploads\/2026\/06\/Esteban-Soruco-director-automotriz-Sebastian-Mendez-coordinar-de-marketing-Mazda-y-Quito-Velasco-280x420.webp\" srcset=\"https:\/\/www.eldiario.net\/portal\/wp-content\/uploads\/2026\/06\/Esteban-Soruco-director-automotriz-Sebastian-Mendez-coordinar-de-marketing-Mazda-y-Quito-Velasco-280x420.webp 280w, https:\/\/www.eldiario.net\/portal\/wp-content\/uploads\/2026\/06\/Esteban-Soruco-director-automotriz-Sebastian-Mendez-coordinar-de-marketing-Mazda-y-Quito-Velasco-200x300.webp 200w, https:\/\/www.eldiario.net\/portal\/wp-content\/uploads\/2026\/06\/Esteban-Soruco-director-automotriz-Sebastian-Mendez-coordinar-de-marketing-Mazda-y-Quito-Velasco-683x1024.webp 683w, https:\/\/www.eldiario.net\/portal\/wp-content\/uploads\/2026\/06\/Esteban-Soruco-director-automotriz-Sebastian-Mendez-coordinar-de-marketing-Mazda-y-Quito-Velasco-768x1152.webp 768w, https:\/\/www.eldiario.net\/portal\/wp-content\/uploads\/2026\/06\/Esteban-Soruco-director-automotriz-Sebastian-Mendez-coordinar-de-marketing-Mazda-y-Quito-Velasco-1024x1536.webp 1024w, https:\/\/www.eldiario.net\/portal\/wp-content\/uploads\/2026\/06\/Esteban-Soruco-director-automotriz-Sebastian-Mendez-coordinar-de-marketing-Mazda-y-Quito-Velasco-150x225.webp 150w, https:\/\/www.eldiario.net\/portal\/wp-content\/uploads\/2026\/06\/Esteban-Soruco-director-automotriz-Sebastian-Mendez-coordinar-de-marketing-Mazda-y-Quito-Velasco-300x450.webp 300w, https:\/\/www.eldiario.net\/portal\/wp-content\/uploads\/2026\/06\/Esteban-Soruco-director-automotriz-Sebastian-Mendez-coordinar-de-marketing-Mazda-y-Quito-Velasco-696x1044.webp 696w, https:\/\/www.eldiario.net\/portal\/wp-content\/uploads\/2026\/06\/Esteban-Soruco-director-automotriz-Sebastian-Mendez-coordinar-de-marketing-Mazda-y-Quito-Velasco-1068x1602.webp 1068w, https:\/\/www.eldiario.net\/portal\/wp-content\/uploads\/2026\/06\/Esteban-Soruco-director-automotriz-Sebastian-Mendez-coordinar-de-marketing-Mazda-y-Quito-Velasco.webp 1200w\" sizes=\"(max-width: 280px) 100vw, 280px\" alt=\"\">\r\n                            <\/a>\r\n                            <figcaption class = \"td-slide-caption td-gallery-slide-content\"><div class = \"td-gallery-slide-copywrite\">EST\u00c9BAN SORUCO, DIRECTOR\n AUTOMOTRIZ, SEBASTIAN M\u00c9NDEZ, COORDINAR DE MARKETING MAZDA Y QUITO VELASCO.<\/div><span>EST\u00c9BAN SORUCO, DIRECTOR\n AUTOMOTRIZ, SEBASTIAN M\u00c9NDEZ, COORDINAR DE MARKETING MAZDA Y QUITO VELASCO.<\/span><\/figcaption>\r\n                        <\/figure>\r\n                    <\/div>\r\n                    <div class = \"td-slide-item td-item5\">\r\n                        <figure class=\"td-slide-galery-figure td-slide-popup-gallery\">\r\n                            <a class=\"slide-gallery-image-link\" href=\"https:\/\/www.eldiario.net\/portal\/wp-content\/uploads\/2026\/06\/Graciela-Anglarill-Quito-Velasco-Maria-Ines-Carrasco-Sebastian-Putz-y-Natali-Justiniano.webp\" title=\"Graciela-Anglarill,-Quito-Velasco,-Mar\u00eda-In\u00e9s-Carrasco,-Sebastian-Putz-y-Natali-Justiniano\"  data-caption=\"GRACIELA ANGLARILL, QUITO VELASCO, MAR\u00cdA IN\u00c9S \nCARRASCO, SEBASTIAN PUTZ Y NATALI JUSTINIANO.\"  data-description=\"GRACIELA ANGLARILL, QUITO VELASCO, MAR&Iacute;A IN&Eacute;S \nCARRASCO, SEBASTIAN PUTZ Y NATALI JUSTINIANO.\">\r\n                                <img decoding=\"async\" src=\"https:\/\/www.eldiario.net\/portal\/wp-content\/uploads\/2026\/06\/Graciela-Anglarill-Quito-Velasco-Maria-Ines-Carrasco-Sebastian-Putz-y-Natali-Justiniano-630x420.webp\" srcset=\"https:\/\/www.eldiario.net\/portal\/wp-content\/uploads\/2026\/06\/Graciela-Anglarill-Quito-Velasco-Maria-Ines-Carrasco-Sebastian-Putz-y-Natali-Justiniano-630x420.webp 630w, https:\/\/www.eldiario.net\/portal\/wp-content\/uploads\/2026\/06\/Graciela-Anglarill-Quito-Velasco-Maria-Ines-Carrasco-Sebastian-Putz-y-Natali-Justiniano-300x200.webp 300w, https:\/\/www.eldiario.net\/portal\/wp-content\/uploads\/2026\/06\/Graciela-Anglarill-Quito-Velasco-Maria-Ines-Carrasco-Sebastian-Putz-y-Natali-Justiniano-1024x683.webp 1024w, https:\/\/www.eldiario.net\/portal\/wp-content\/uploads\/2026\/06\/Graciela-Anglarill-Quito-Velasco-Maria-Ines-Carrasco-Sebastian-Putz-y-Natali-Justiniano-768x512.webp 768w, https:\/\/www.eldiario.net\/portal\/wp-content\/uploads\/2026\/06\/Graciela-Anglarill-Quito-Velasco-Maria-Ines-Carrasco-Sebastian-Putz-y-Natali-Justiniano-150x100.webp 150w, https:\/\/www.eldiario.net\/portal\/wp-content\/uploads\/2026\/06\/Graciela-Anglarill-Quito-Velasco-Maria-Ines-Carrasco-Sebastian-Putz-y-Natali-Justiniano-696x464.webp 696w, https:\/\/www.eldiario.net\/portal\/wp-content\/uploads\/2026\/06\/Graciela-Anglarill-Quito-Velasco-Maria-Ines-Carrasco-Sebastian-Putz-y-Natali-Justiniano-1068x712.webp 1068w, https:\/\/www.eldiario.net\/portal\/wp-content\/uploads\/2026\/06\/Graciela-Anglarill-Quito-Velasco-Maria-Ines-Carrasco-Sebastian-Putz-y-Natali-Justiniano.webp 1200w\" sizes=\"(max-width: 630px) 100vw, 630px\" alt=\"\">\r\n                            <\/a>\r\n                            <figcaption class = \"td-slide-caption td-gallery-slide-content\"><div class = \"td-gallery-slide-copywrite\">GRACIELA ANGLARILL, QUITO VELASCO, MAR\u00cdA IN\u00c9S \nCARRASCO, SEBASTIAN PUTZ Y NATALI JUSTINIANO.<\/div><span>GRACIELA ANGLARILL, QUITO VELASCO, MAR\u00cdA IN\u00c9S \nCARRASCO, SEBASTIAN PUTZ Y NATALI JUSTINIANO.<\/span><\/figcaption>\r\n                        <\/figure>\r\n                    <\/div>\r\n                    <div class = \"td-slide-item td-item6\">\r\n                        <figure class=\"td-slide-galery-figure td-slide-popup-gallery\">\r\n                            <a class=\"slide-gallery-image-link\" href=\"https:\/\/www.eldiario.net\/portal\/wp-content\/uploads\/2026\/06\/Katya-Fuertes-Patricia-Barron-y-Graciela-Anglarill.webp\" title=\"Katya-Fuertes,-Patricia-Barr\u00f3n-y-Graciela-Anglarill\"  data-caption=\"KATYA FUERTES, PATRICIA BARR\u00d3N Y GRACIELA\n ANGLARILL\"  data-description=\"KATYA FUERTES, PATRICIA BARR&Oacute;N Y GRACIELA\n ANGLARILL\">\r\n                                <img decoding=\"async\" src=\"https:\/\/www.eldiario.net\/portal\/wp-content\/uploads\/2026\/06\/Katya-Fuertes-Patricia-Barron-y-Graciela-Anglarill-280x420.webp\" srcset=\"https:\/\/www.eldiario.net\/portal\/wp-content\/uploads\/2026\/06\/Katya-Fuertes-Patricia-Barron-y-Graciela-Anglarill-280x420.webp 280w, https:\/\/www.eldiario.net\/portal\/wp-content\/uploads\/2026\/06\/Katya-Fuertes-Patricia-Barron-y-Graciela-Anglarill-200x300.webp 200w, https:\/\/www.eldiario.net\/portal\/wp-content\/uploads\/2026\/06\/Katya-Fuertes-Patricia-Barron-y-Graciela-Anglarill-683x1024.webp 683w, https:\/\/www.eldiario.net\/portal\/wp-content\/uploads\/2026\/06\/Katya-Fuertes-Patricia-Barron-y-Graciela-Anglarill-768x1152.webp 768w, https:\/\/www.eldiario.net\/portal\/wp-content\/uploads\/2026\/06\/Katya-Fuertes-Patricia-Barron-y-Graciela-Anglarill-1024x1536.webp 1024w, https:\/\/www.eldiario.net\/portal\/wp-content\/uploads\/2026\/06\/Katya-Fuertes-Patricia-Barron-y-Graciela-Anglarill-150x225.webp 150w, https:\/\/www.eldiario.net\/portal\/wp-content\/uploads\/2026\/06\/Katya-Fuertes-Patricia-Barron-y-Graciela-Anglarill-300x450.webp 300w, https:\/\/www.eldiario.net\/portal\/wp-content\/uploads\/2026\/06\/Katya-Fuertes-Patricia-Barron-y-Graciela-Anglarill-696x1044.webp 696w, https:\/\/www.eldiario.net\/portal\/wp-content\/uploads\/2026\/06\/Katya-Fuertes-Patricia-Barron-y-Graciela-Anglarill-1068x1602.webp 1068w, https:\/\/www.eldiario.net\/portal\/wp-content\/uploads\/2026\/06\/Katya-Fuertes-Patricia-Barron-y-Graciela-Anglarill.webp 1200w\" sizes=\"(max-width: 280px) 100vw, 280px\" alt=\"\">\r\n                            <\/a>\r\n                            <figcaption class = \"td-slide-caption td-gallery-slide-content\"><div class = \"td-gallery-slide-copywrite\">KATYA FUERTES, PATRICIA BARR\u00d3N Y GRACIELA\n ANGLARILL<\/div><span>KATYA FUERTES, PATRICIA BARR\u00d3N Y GRACIELA\n ANGLARILL<\/span><\/figcaption>\r\n                        <\/figure>\r\n                    <\/div>\r\n                    <div class = \"td-slide-item td-item7\">\r\n                        <figure class=\"td-slide-galery-figure td-slide-popup-gallery\">\r\n                            <a class=\"slide-gallery-image-link\" href=\"https:\/\/www.eldiario.net\/portal\/wp-content\/uploads\/2026\/06\/Luis-Yanez-gerente-de-asistencia-tecnica-Imcruz-Inchcape-Bolivia.webp\" title=\"Luis-Ya\u00f1ez,-gerente-de-asistencia-t\u00e9cnica-Imcruz---Inchcape-Bolivia\"  data-caption=\"LUIS Y\u00c1\u00d1EZ, GERENTE DE ASISTENCIA T\u00c9CNICA IMCRUZ - INCHCAPE BOLIVIA.\"  data-description=\"LUIS Y&Aacute;&Ntilde;EZ, GERENTE DE ASISTENCIA T&Eacute;CNICA IMCRUZ - INCHCAPE BOLIVIA.\">\r\n                                <img decoding=\"async\" src=\"https:\/\/www.eldiario.net\/portal\/wp-content\/uploads\/2026\/06\/Luis-Yanez-gerente-de-asistencia-tecnica-Imcruz-Inchcape-Bolivia-630x420.webp\" srcset=\"https:\/\/www.eldiario.net\/portal\/wp-content\/uploads\/2026\/06\/Luis-Yanez-gerente-de-asistencia-tecnica-Imcruz-Inchcape-Bolivia-630x420.webp 630w, https:\/\/www.eldiario.net\/portal\/wp-content\/uploads\/2026\/06\/Luis-Yanez-gerente-de-asistencia-tecnica-Imcruz-Inchcape-Bolivia-300x200.webp 300w, https:\/\/www.eldiario.net\/portal\/wp-content\/uploads\/2026\/06\/Luis-Yanez-gerente-de-asistencia-tecnica-Imcruz-Inchcape-Bolivia-1024x683.webp 1024w, https:\/\/www.eldiario.net\/portal\/wp-content\/uploads\/2026\/06\/Luis-Yanez-gerente-de-asistencia-tecnica-Imcruz-Inchcape-Bolivia-768x512.webp 768w, https:\/\/www.eldiario.net\/portal\/wp-content\/uploads\/2026\/06\/Luis-Yanez-gerente-de-asistencia-tecnica-Imcruz-Inchcape-Bolivia-150x100.webp 150w, https:\/\/www.eldiario.net\/portal\/wp-content\/uploads\/2026\/06\/Luis-Yanez-gerente-de-asistencia-tecnica-Imcruz-Inchcape-Bolivia-696x464.webp 696w, https:\/\/www.eldiario.net\/portal\/wp-content\/uploads\/2026\/06\/Luis-Yanez-gerente-de-asistencia-tecnica-Imcruz-Inchcape-Bolivia-1068x712.webp 1068w, https:\/\/www.eldiario.net\/portal\/wp-content\/uploads\/2026\/06\/Luis-Yanez-gerente-de-asistencia-tecnica-Imcruz-Inchcape-Bolivia.webp 1200w\" sizes=\"(max-width: 630px) 100vw, 630px\" alt=\"\">\r\n                            <\/a>\r\n                            <figcaption class = \"td-slide-caption td-gallery-slide-content\"><div class = \"td-gallery-slide-copywrite\">LUIS Y\u00c1\u00d1EZ, GERENTE DE ASISTENCIA T\u00c9CNICA IMCRUZ - INCHCAPE BOLIVIA.<\/div><span>LUIS Y\u00c1\u00d1EZ, GERENTE DE ASISTENCIA T\u00c9CNICA IMCRUZ - INCHCAPE BOLIVIA.<\/span><\/figcaption>\r\n                        <\/figure>\r\n                    <\/div>\r\n                    <div class = \"td-slide-item td-item8\">\r\n                        <figure class=\"td-slide-galery-figure td-slide-popup-gallery\">\r\n                            <a class=\"slide-gallery-image-link\" href=\"https:\/\/www.eldiario.net\/portal\/wp-content\/uploads\/2026\/06\/Michelle-Noriega-gerente-general-de-Imcruz-Inchcape-Bolivia.webp\" title=\"Michelle-Noriega,-gerente-general-de-Imcruz---Inchcape-Bolivia\"  data-caption=\"MICHELLE NORIEGA, GERENTE GENERAL DE IMCRUZ - INCHCAPE BOLIVIA.\"  data-description=\"MICHELLE NORIEGA, GERENTE GENERAL DE IMCRUZ - INCHCAPE BOLIVIA.\">\r\n                                <img decoding=\"async\" src=\"https:\/\/www.eldiario.net\/portal\/wp-content\/uploads\/2026\/06\/Michelle-Noriega-gerente-general-de-Imcruz-Inchcape-Bolivia-630x420.webp\" srcset=\"https:\/\/www.eldiario.net\/portal\/wp-content\/uploads\/2026\/06\/Michelle-Noriega-gerente-general-de-Imcruz-Inchcape-Bolivia-630x420.webp 630w, https:\/\/www.eldiario.net\/portal\/wp-content\/uploads\/2026\/06\/Michelle-Noriega-gerente-general-de-Imcruz-Inchcape-Bolivia-300x200.webp 300w, https:\/\/www.eldiario.net\/portal\/wp-content\/uploads\/2026\/06\/Michelle-Noriega-gerente-general-de-Imcruz-Inchcape-Bolivia-1024x683.webp 1024w, https:\/\/www.eldiario.net\/portal\/wp-content\/uploads\/2026\/06\/Michelle-Noriega-gerente-general-de-Imcruz-Inchcape-Bolivia-768x512.webp 768w, https:\/\/www.eldiario.net\/portal\/wp-content\/uploads\/2026\/06\/Michelle-Noriega-gerente-general-de-Imcruz-Inchcape-Bolivia-150x100.webp 150w, https:\/\/www.eldiario.net\/portal\/wp-content\/uploads\/2026\/06\/Michelle-Noriega-gerente-general-de-Imcruz-Inchcape-Bolivia-696x464.webp 696w, https:\/\/www.eldiario.net\/portal\/wp-content\/uploads\/2026\/06\/Michelle-Noriega-gerente-general-de-Imcruz-Inchcape-Bolivia-1068x712.webp 1068w, https:\/\/www.eldiario.net\/portal\/wp-content\/uploads\/2026\/06\/Michelle-Noriega-gerente-general-de-Imcruz-Inchcape-Bolivia.webp 1200w\" sizes=\"(max-width: 630px) 100vw, 630px\" alt=\"\">\r\n                            <\/a>\r\n                            <figcaption class = \"td-slide-caption td-gallery-slide-content\"><div class = \"td-gallery-slide-copywrite\">MICHELLE NORIEGA, GERENTE GENERAL DE IMCRUZ - INCHCAPE BOLIVIA.<\/div><span>MICHELLE NORIEGA, GERENTE GENERAL DE IMCRUZ - INCHCAPE BOLIVIA.<\/span><\/figcaption>\r\n                        <\/figure>\r\n                    <\/div>\r\n                    <div class = \"td-slide-item td-item9\">\r\n                        <figure class=\"td-slide-galery-figure td-slide-popup-gallery\">\r\n                            <a class=\"slide-gallery-image-link\" href=\"https:\/\/www.eldiario.net\/portal\/wp-content\/uploads\/2026\/06\/Natali-Justiniano-maestra-de-ceremonia.webp\" title=\"Natali-Justiniano-(maestra-de-ceremonia)\"  data-caption=\"NATALI JUSTINIANO (MAESTRA DE CEREMONIA)\"  data-description=\"NATALI JUSTINIANO (MAESTRA DE CEREMONIA)\">\r\n                                <img decoding=\"async\" src=\"https:\/\/www.eldiario.net\/portal\/wp-content\/uploads\/2026\/06\/Natali-Justiniano-maestra-de-ceremonia-630x420.webp\" srcset=\"https:\/\/www.eldiario.net\/portal\/wp-content\/uploads\/2026\/06\/Natali-Justiniano-maestra-de-ceremonia-630x420.webp 630w, https:\/\/www.eldiario.net\/portal\/wp-content\/uploads\/2026\/06\/Natali-Justiniano-maestra-de-ceremonia-300x200.webp 300w, https:\/\/www.eldiario.net\/portal\/wp-content\/uploads\/2026\/06\/Natali-Justiniano-maestra-de-ceremonia-1024x683.webp 1024w, https:\/\/www.eldiario.net\/portal\/wp-content\/uploads\/2026\/06\/Natali-Justiniano-maestra-de-ceremonia-768x512.webp 768w, https:\/\/www.eldiario.net\/portal\/wp-content\/uploads\/2026\/06\/Natali-Justiniano-maestra-de-ceremonia-150x100.webp 150w, https:\/\/www.eldiario.net\/portal\/wp-content\/uploads\/2026\/06\/Natali-Justiniano-maestra-de-ceremonia-696x464.webp 696w, https:\/\/www.eldiario.net\/portal\/wp-content\/uploads\/2026\/06\/Natali-Justiniano-maestra-de-ceremonia-1068x712.webp 1068w, https:\/\/www.eldiario.net\/portal\/wp-content\/uploads\/2026\/06\/Natali-Justiniano-maestra-de-ceremonia.webp 1200w\" sizes=\"(max-width: 630px) 100vw, 630px\" alt=\"\">\r\n                            <\/a>\r\n                            <figcaption class = \"td-slide-caption td-gallery-slide-content\"><div class = \"td-gallery-slide-copywrite\">NATALI JUSTINIANO (MAESTRA DE CEREMONIA)<\/div><span>NATALI JUSTINIANO (MAESTRA DE CEREMONIA)<\/span><\/figcaption>\r\n                        <\/figure>\r\n                    <\/div>\r\n                    <div class = \"td-slide-item td-item10\">\r\n                        <figure class=\"td-slide-galery-figure td-slide-popup-gallery\">\r\n                            <a class=\"slide-gallery-image-link\" href=\"https:\/\/www.eldiario.net\/portal\/wp-content\/uploads\/2026\/06\/Sebastian-Putz-Michelle-Noriega-gerente-general-Imcruz-Inchcape-y-Natali-Justiniano.webp\" title=\"Sebastian-Putz,-Michelle-Noriega,-gerente-general-Imcruz-Inchcape-y-Natali-Justiniano\"  data-caption=\"SEBASTIAN PUTZ, MICHELLE NORIEGA, GERENTE  GENERAL IMCRUZ-INCHCAPE Y NATALI JUSTINIANO.\"  data-description=\"SEBASTIAN PUTZ, MICHELLE NORIEGA, GERENTE  GENERAL IMCRUZ-INCHCAPE Y NATALI JUSTINIANO.\">\r\n                                <img decoding=\"async\" src=\"https:\/\/www.eldiario.net\/portal\/wp-content\/uploads\/2026\/06\/Sebastian-Putz-Michelle-Noriega-gerente-general-Imcruz-Inchcape-y-Natali-Justiniano-630x420.webp\" srcset=\"https:\/\/www.eldiario.net\/portal\/wp-content\/uploads\/2026\/06\/Sebastian-Putz-Michelle-Noriega-gerente-general-Imcruz-Inchcape-y-Natali-Justiniano-630x420.webp 630w, https:\/\/www.eldiario.net\/portal\/wp-content\/uploads\/2026\/06\/Sebastian-Putz-Michelle-Noriega-gerente-general-Imcruz-Inchcape-y-Natali-Justiniano-300x200.webp 300w, https:\/\/www.eldiario.net\/portal\/wp-content\/uploads\/2026\/06\/Sebastian-Putz-Michelle-Noriega-gerente-general-Imcruz-Inchcape-y-Natali-Justiniano-1024x683.webp 1024w, https:\/\/www.eldiario.net\/portal\/wp-content\/uploads\/2026\/06\/Sebastian-Putz-Michelle-Noriega-gerente-general-Imcruz-Inchcape-y-Natali-Justiniano-768x512.webp 768w, https:\/\/www.eldiario.net\/portal\/wp-content\/uploads\/2026\/06\/Sebastian-Putz-Michelle-Noriega-gerente-general-Imcruz-Inchcape-y-Natali-Justiniano-150x100.webp 150w, https:\/\/www.eldiario.net\/portal\/wp-content\/uploads\/2026\/06\/Sebastian-Putz-Michelle-Noriega-gerente-general-Imcruz-Inchcape-y-Natali-Justiniano-696x464.webp 696w, https:\/\/www.eldiario.net\/portal\/wp-content\/uploads\/2026\/06\/Sebastian-Putz-Michelle-Noriega-gerente-general-Imcruz-Inchcape-y-Natali-Justiniano-1068x712.webp 1068w, https:\/\/www.eldiario.net\/portal\/wp-content\/uploads\/2026\/06\/Sebastian-Putz-Michelle-Noriega-gerente-general-Imcruz-Inchcape-y-Natali-Justiniano.webp 1200w\" sizes=\"(max-width: 630px) 100vw, 630px\" alt=\"\">\r\n                            <\/a>\r\n                            <figcaption class = \"td-slide-caption td-gallery-slide-content\"><div class = \"td-gallery-slide-copywrite\">SEBASTIAN PUTZ, MICHELLE NORIEGA, GERENTE  GENERAL IMCRUZ-INCHCAPE Y NATALI JUSTINIANO.<\/div><span>SEBASTIAN PUTZ, MICHELLE NORIEGA, GERENTE  GENERAL IMCRUZ-INCHCAPE Y NATALI JUSTINIANO.<\/span><\/figcaption>\r\n                        <\/figure>\r\n                    <\/div>\r\n                            <\/div>\r\n                        <\/div>\r\n\r\n                        <div class = \"td-doubleSlider-2\">\r\n                            <div class = \"td-slider\">\r\n                                \r\n                    <div class = \"td-button td-item1\">\r\n                        <div class = \"td-border\"><\/div>\r\n                    <\/div>\r\n                    <div class = \"td-button td-item2\">\r\n                        <div class = \"td-border\"><\/div>\r\n                    <\/div>\r\n                    <div class = \"td-button td-item3\">\r\n                        <div class = \"td-border\"><\/div>\r\n                    <\/div>\r\n                    <div class = \"td-button td-item4\">\r\n                        <div class = \"td-border\"><\/div>\r\n                    <\/div>\r\n                    <div class = \"td-button td-item5\">\r\n                        <div class = \"td-border\"><\/div>\r\n                    <\/div>\r\n                    <div class = \"td-button td-item6\">\r\n                        <div class = \"td-border\"><\/div>\r\n                    <\/div>\r\n                    <div class = \"td-button td-item7\">\r\n                        <div class = \"td-border\"><\/div>\r\n                    <\/div>\r\n                    <div class = \"td-button td-item8\">\r\n                        <div class = \"td-border\"><\/div>\r\n                    <\/div>\r\n                    <div class = \"td-button td-item9\">\r\n                        <div class = \"td-border\"><\/div>\r\n                    <\/div>\r\n                    <div class = \"td-button td-item10\">\r\n                        <div class = \"td-border\"><\/div>\r\n                    <\/div>\r\n                            <\/div>\r\n                        <\/div>\r\n\r\n                    <\/div>\r\n\r\n                <\/div>\r\n                \n","protected":false},"excerpt":{"rendered":"<p>En el marco de CASACOR Bolivia 2026, Mazda \u2014representada en el pa\u00eds por Imcruz &#8211; Inchcape Bolivia\u2014 reuni\u00f3 a clientes e invitados especiales en una noche que traslad\u00f3 a los asistentes directamente a las ra\u00edces de la cultura japonesa. El encuentro sirvi\u00f3 para celebrar la presencia de la marca como veh\u00edculo oficial de la muestra, [&hellip;]<\/p>\n","protected":false},"author":1,"featured_media":408559,"comment_status":"closed","ping_status":"open","sticky":false,"template":"","format":"standard","meta":{"_acf_changed":false,"footnotes":""},"categories":[40],"tags":[],"class_list":["post-408548","post","type-post","status-publish","format-standard","has-post-thumbnail","category-sociales"],"acf":{"antetitulo":""},"yoast_head":"<!-- This site is optimized with the Yoast SEO plugin v28.4 - https:\/\/yoast.com\/product\/yoast-seo-wordpress\/ -->\n<title>Mazda llev\u00f3 la esencia de Jap\u00f3n a CASACOR Bolivia - El Diario - Bolivia<\/title>\n<meta name=\"robots\" content=\"index, follow, max-snippet:-1, max-image-preview:large, max-video-preview:-1\" \/>\n<link rel=\"canonical\" href=\"https:\/\/www.eldiario.net\/portal\/2026\/07\/01\/mazda-llevo-la-esencia-de-japon-a-casacor-bolivia\/\" \/>\n<meta property=\"og:locale\" content=\"es_ES\" \/>\n<meta property=\"og:type\" content=\"article\" \/>\n<meta property=\"og:title\" content=\"Mazda llev\u00f3 la esencia de Jap\u00f3n a CASACOR Bolivia - El Diario - Bolivia\" \/>\n<meta property=\"og:description\" content=\"En el marco de CASACOR Bolivia 2026, Mazda \u2014representada en el pa\u00eds por Imcruz &#8211; Inchcape Bolivia\u2014 reuni\u00f3 a clientes e invitados especiales en una noche que traslad\u00f3 a los asistentes directamente a las ra\u00edces de la cultura japonesa. El encuentro sirvi\u00f3 para celebrar la presencia de la marca como veh\u00edculo oficial de la muestra, [&hellip;]\" \/>\n<meta property=\"og:url\" content=\"https:\/\/www.eldiario.net\/portal\/2026\/07\/01\/mazda-llevo-la-esencia-de-japon-a-casacor-bolivia\/\" \/>\n<meta property=\"og:site_name\" content=\"El Diario - Bolivia\" \/>\n<meta property=\"article:publisher\" content=\"https:\/\/www.facebook.com\/eldiario.bolivia\/\" \/>\n<meta property=\"article:published_time\" content=\"2026-07-01T04:07:49+00:00\" \/>\n<meta property=\"og:image\" content=\"https:\/\/www.eldiario.net\/portal\/wp-content\/uploads\/2026\/06\/Sebastian-Putz-Michelle-Noriega-gerente-general-Imcruz-Inchcape-y-Natali-Justiniano.webp\" \/>\n\t<meta property=\"og:image:width\" content=\"1200\" \/>\n\t<meta property=\"og:image:height\" content=\"800\" \/>\n\t<meta property=\"og:image:type\" content=\"image\/webp\" \/>\n<meta name=\"author\" content=\"Jeanette\" \/>\n<meta name=\"twitter:card\" content=\"summary_large_image\" \/>\n<meta name=\"twitter:creator\" content=\"@eldiario_net\" \/>\n<meta name=\"twitter:site\" content=\"@eldiario_net\" \/>\n<meta name=\"twitter:label1\" content=\"Escrito por\" \/>\n\t<meta name=\"twitter:data1\" content=\"Jeanette\" \/>\n\t<meta name=\"twitter:label2\" content=\"Tiempo de lectura\" \/>\n\t<meta name=\"twitter:data2\" content=\"2 minutos\" \/>\n<script type=\"application\/ld+json\" class=\"yoast-schema-graph\">{\"@context\":\"https:\\\/\\\/schema.org\",\"@graph\":[{\"@type\":\"Article\",\"@id\":\"https:\\\/\\\/www.eldiario.net\\\/portal\\\/2026\\\/07\\\/01\\\/mazda-llevo-la-esencia-de-japon-a-casacor-bolivia\\\/#article\",\"isPartOf\":{\"@id\":\"https:\\\/\\\/www.eldiario.net\\\/portal\\\/2026\\\/07\\\/01\\\/mazda-llevo-la-esencia-de-japon-a-casacor-bolivia\\\/\"},\"author\":{\"name\":\"Jeanette\",\"@id\":\"https:\\\/\\\/www.eldiario.net\\\/portal\\\/#\\\/schema\\\/person\\\/2c57cf2b7a7ae032e449e4c9b1019eac\"},\"headline\":\"Mazda llev\u00f3 la esencia de Jap\u00f3n a CASACOR Bolivia\",\"datePublished\":\"2026-07-01T04:07:49+00:00\",\"mainEntityOfPage\":{\"@id\":\"https:\\\/\\\/www.eldiario.net\\\/portal\\\/2026\\\/07\\\/01\\\/mazda-llevo-la-esencia-de-japon-a-casacor-bolivia\\\/\"},\"wordCount\":268,\"publisher\":{\"@id\":\"https:\\\/\\\/www.eldiario.net\\\/portal\\\/#organization\"},\"image\":{\"@id\":\"https:\\\/\\\/www.eldiario.net\\\/portal\\\/2026\\\/07\\\/01\\\/mazda-llevo-la-esencia-de-japon-a-casacor-bolivia\\\/#primaryimage\"},\"thumbnailUrl\":\"https:\\\/\\\/www.eldiario.net\\\/portal\\\/wp-content\\\/uploads\\\/2026\\\/06\\\/Sebastian-Putz-Michelle-Noriega-gerente-general-Imcruz-Inchcape-y-Natali-Justiniano.webp\",\"articleSection\":[\"Sociales\"],\"inLanguage\":\"es\"},{\"@type\":\"WebPage\",\"@id\":\"https:\\\/\\\/www.eldiario.net\\\/portal\\\/2026\\\/07\\\/01\\\/mazda-llevo-la-esencia-de-japon-a-casacor-bolivia\\\/\",\"url\":\"https:\\\/\\\/www.eldiario.net\\\/portal\\\/2026\\\/07\\\/01\\\/mazda-llevo-la-esencia-de-japon-a-casacor-bolivia\\\/\",\"name\":\"Mazda llev\u00f3 la esencia de Jap\u00f3n a CASACOR Bolivia - El Diario - Bolivia\",\"isPartOf\":{\"@id\":\"https:\\\/\\\/www.eldiario.net\\\/portal\\\/#website\"},\"primaryImageOfPage\":{\"@id\":\"https:\\\/\\\/www.eldiario.net\\\/portal\\\/2026\\\/07\\\/01\\\/mazda-llevo-la-esencia-de-japon-a-casacor-bolivia\\\/#primaryimage\"},\"image\":{\"@id\":\"https:\\\/\\\/www.eldiario.net\\\/portal\\\/2026\\\/07\\\/01\\\/mazda-llevo-la-esencia-de-japon-a-casacor-bolivia\\\/#primaryimage\"},\"thumbnailUrl\":\"https:\\\/\\\/www.eldiario.net\\\/portal\\\/wp-content\\\/uploads\\\/2026\\\/06\\\/Sebastian-Putz-Michelle-Noriega-gerente-general-Imcruz-Inchcape-y-Natali-Justiniano.webp\",\"datePublished\":\"2026-07-01T04:07:49+00:00\",\"breadcrumb\":{\"@id\":\"https:\\\/\\\/www.eldiario.net\\\/portal\\\/2026\\\/07\\\/01\\\/mazda-llevo-la-esencia-de-japon-a-casacor-bolivia\\\/#breadcrumb\"},\"inLanguage\":\"es\",\"potentialAction\":[{\"@type\":\"ReadAction\",\"target\":[\"https:\\\/\\\/www.eldiario.net\\\/portal\\\/2026\\\/07\\\/01\\\/mazda-llevo-la-esencia-de-japon-a-casacor-bolivia\\\/\"]}]},{\"@type\":\"ImageObject\",\"inLanguage\":\"es\",\"@id\":\"https:\\\/\\\/www.eldiario.net\\\/portal\\\/2026\\\/07\\\/01\\\/mazda-llevo-la-esencia-de-japon-a-casacor-bolivia\\\/#primaryimage\",\"url\":\"https:\\\/\\\/www.eldiario.net\\\/portal\\\/wp-content\\\/uploads\\\/2026\\\/06\\\/Sebastian-Putz-Michelle-Noriega-gerente-general-Imcruz-Inchcape-y-Natali-Justiniano.webp\",\"contentUrl\":\"https:\\\/\\\/www.eldiario.net\\\/portal\\\/wp-content\\\/uploads\\\/2026\\\/06\\\/Sebastian-Putz-Michelle-Noriega-gerente-general-Imcruz-Inchcape-y-Natali-Justiniano.webp\",\"width\":1200,\"height\":800,\"caption\":\"SEBASTIAN PUTZ, MICHELLE NORIEGA, GERENTE GENERAL IMCRUZ-INCHCAPE Y NATALI JUSTINIANO.\"},{\"@type\":\"BreadcrumbList\",\"@id\":\"https:\\\/\\\/www.eldiario.net\\\/portal\\\/2026\\\/07\\\/01\\\/mazda-llevo-la-esencia-de-japon-a-casacor-bolivia\\\/#breadcrumb\",\"itemListElement\":[{\"@type\":\"ListItem\",\"position\":1,\"name\":\"Portada\",\"item\":\"https:\\\/\\\/www.eldiario.net\\\/portal\\\/\"},{\"@type\":\"ListItem\",\"position\":2,\"name\":\"Mazda llev\u00f3 la esencia de Jap\u00f3n a CASACOR Bolivia\"}]},{\"@type\":\"WebSite\",\"@id\":\"https:\\\/\\\/www.eldiario.net\\\/portal\\\/#website\",\"url\":\"https:\\\/\\\/www.eldiario.net\\\/portal\\\/\",\"name\":\"El Diario - Decano de la prensa nacional\",\"description\":\"El Diario - Decano de la prensa nacional\",\"publisher\":{\"@id\":\"https:\\\/\\\/www.eldiario.net\\\/portal\\\/#organization\"},\"potentialAction\":[{\"@type\":\"SearchAction\",\"target\":{\"@type\":\"EntryPoint\",\"urlTemplate\":\"https:\\\/\\\/www.eldiario.net\\\/portal\\\/?s={search_term_string}\"},\"query-input\":{\"@type\":\"PropertyValueSpecification\",\"valueRequired\":true,\"valueName\":\"search_term_string\"}}],\"inLanguage\":\"es\"},{\"@type\":\"Organization\",\"@id\":\"https:\\\/\\\/www.eldiario.net\\\/portal\\\/#organization\",\"name\":\"El Diario - Decano de la prensa nacional\",\"url\":\"https:\\\/\\\/www.eldiario.net\\\/portal\\\/\",\"logo\":{\"@type\":\"ImageObject\",\"inLanguage\":\"es\",\"@id\":\"https:\\\/\\\/www.eldiario.net\\\/portal\\\/#\\\/schema\\\/logo\\\/image\\\/\",\"url\":\"https:\\\/\\\/www.eldiario.net\\\/portal\\\/wp-content\\\/uploads\\\/2023\\\/07\\\/logo_ED.jpg\",\"contentUrl\":\"https:\\\/\\\/www.eldiario.net\\\/portal\\\/wp-content\\\/uploads\\\/2023\\\/07\\\/logo_ED.jpg\",\"width\":272,\"height\":52,\"caption\":\"El Diario - Decano de la prensa nacional\"},\"image\":{\"@id\":\"https:\\\/\\\/www.eldiario.net\\\/portal\\\/#\\\/schema\\\/logo\\\/image\\\/\"},\"sameAs\":[\"https:\\\/\\\/www.facebook.com\\\/eldiario.bolivia\\\/\",\"https:\\\/\\\/x.com\\\/eldiario_net\"]},{\"@type\":\"Person\",\"@id\":\"https:\\\/\\\/www.eldiario.net\\\/portal\\\/#\\\/schema\\\/person\\\/2c57cf2b7a7ae032e449e4c9b1019eac\",\"name\":\"Jeanette\",\"image\":{\"@type\":\"ImageObject\",\"inLanguage\":\"es\",\"@id\":\"https:\\\/\\\/secure.gravatar.com\\\/avatar\\\/3ea2118a5f7dad2b7138b1187a6b7ee55f160b9968b66013c3a3ef39dd7e5798?s=96&d=mm&r=g\",\"url\":\"https:\\\/\\\/secure.gravatar.com\\\/avatar\\\/3ea2118a5f7dad2b7138b1187a6b7ee55f160b9968b66013c3a3ef39dd7e5798?s=96&d=mm&r=g\",\"contentUrl\":\"https:\\\/\\\/secure.gravatar.com\\\/avatar\\\/3ea2118a5f7dad2b7138b1187a6b7ee55f160b9968b66013c3a3ef39dd7e5798?s=96&d=mm&r=g\",\"caption\":\"Jeanette\"},\"sameAs\":[\"https:\\\/\\\/www.eldiario.net\\\/portal\"],\"url\":\"https:\\\/\\\/www.eldiario.net\\\/portal\\\/author\\\/jeanette\\\/\"}]}<\/script>\n<!-- \/ Yoast SEO plugin. -->","yoast_head_json":{"title":"Mazda llev\u00f3 la esencia de Jap\u00f3n a CASACOR Bolivia - El Diario - Bolivia","robots":{"index":"index","follow":"follow","max-snippet":"max-snippet:-1","max-image-preview":"max-image-preview:large","max-video-preview":"max-video-preview:-1"},"canonical":"https:\/\/www.eldiario.net\/portal\/2026\/07\/01\/mazda-llevo-la-esencia-de-japon-a-casacor-bolivia\/","og_locale":"es_ES","og_type":"article","og_title":"Mazda llev\u00f3 la esencia de Jap\u00f3n a CASACOR Bolivia - El Diario - Bolivia","og_description":"En el marco de CASACOR Bolivia 2026, Mazda \u2014representada en el pa\u00eds por Imcruz &#8211; Inchcape Bolivia\u2014 reuni\u00f3 a clientes e invitados especiales en una noche que traslad\u00f3 a los asistentes directamente a las ra\u00edces de la cultura japonesa. El encuentro sirvi\u00f3 para celebrar la presencia de la marca como veh\u00edculo oficial de la muestra, [&hellip;]","og_url":"https:\/\/www.eldiario.net\/portal\/2026\/07\/01\/mazda-llevo-la-esencia-de-japon-a-casacor-bolivia\/","og_site_name":"El Diario - Bolivia","article_publisher":"https:\/\/www.facebook.com\/eldiario.bolivia\/","article_published_time":"2026-07-01T04:07:49+00:00","og_image":[{"width":1200,"height":800,"url":"https:\/\/www.eldiario.net\/portal\/wp-content\/uploads\/2026\/06\/Sebastian-Putz-Michelle-Noriega-gerente-general-Imcruz-Inchcape-y-Natali-Justiniano.webp","type":"image\/webp"}],"author":"Jeanette","twitter_card":"summary_large_image","twitter_creator":"@eldiario_net","twitter_site":"@eldiario_net","twitter_misc":{"Escrito por":"Jeanette","Tiempo de lectura":"2 minutos"},"schema":{"@context":"https:\/\/schema.org","@graph":[{"@type":"Article","@id":"https:\/\/www.eldiario.net\/portal\/2026\/07\/01\/mazda-llevo-la-esencia-de-japon-a-casacor-bolivia\/#article","isPartOf":{"@id":"https:\/\/www.eldiario.net\/portal\/2026\/07\/01\/mazda-llevo-la-esencia-de-japon-a-casacor-bolivia\/"},"author":{"name":"Jeanette","@id":"https:\/\/www.eldiario.net\/portal\/#\/schema\/person\/2c57cf2b7a7ae032e449e4c9b1019eac"},"headline":"Mazda llev\u00f3 la esencia de Jap\u00f3n a CASACOR Bolivia","datePublished":"2026-07-01T04:07:49+00:00","mainEntityOfPage":{"@id":"https:\/\/www.eldiario.net\/portal\/2026\/07\/01\/mazda-llevo-la-esencia-de-japon-a-casacor-bolivia\/"},"wordCount":268,"publisher":{"@id":"https:\/\/www.eldiario.net\/portal\/#organization"},"image":{"@id":"https:\/\/www.eldiario.net\/portal\/2026\/07\/01\/mazda-llevo-la-esencia-de-japon-a-casacor-bolivia\/#primaryimage"},"thumbnailUrl":"https:\/\/www.eldiario.net\/portal\/wp-content\/uploads\/2026\/06\/Sebastian-Putz-Michelle-Noriega-gerente-general-Imcruz-Inchcape-y-Natali-Justiniano.webp","articleSection":["Sociales"],"inLanguage":"es"},{"@type":"WebPage","@id":"https:\/\/www.eldiario.net\/portal\/2026\/07\/01\/mazda-llevo-la-esencia-de-japon-a-casacor-bolivia\/","url":"https:\/\/www.eldiario.net\/portal\/2026\/07\/01\/mazda-llevo-la-esencia-de-japon-a-casacor-bolivia\/","name":"Mazda llev\u00f3 la esencia de Jap\u00f3n a CASACOR Bolivia - El Diario - Bolivia","isPartOf":{"@id":"https:\/\/www.eldiario.net\/portal\/#website"},"primaryImageOfPage":{"@id":"https:\/\/www.eldiario.net\/portal\/2026\/07\/01\/mazda-llevo-la-esencia-de-japon-a-casacor-bolivia\/#primaryimage"},"image":{"@id":"https:\/\/www.eldiario.net\/portal\/2026\/07\/01\/mazda-llevo-la-esencia-de-japon-a-casacor-bolivia\/#primaryimage"},"thumbnailUrl":"https:\/\/www.eldiario.net\/portal\/wp-content\/uploads\/2026\/06\/Sebastian-Putz-Michelle-Noriega-gerente-general-Imcruz-Inchcape-y-Natali-Justiniano.webp","datePublished":"2026-07-01T04:07:49+00:00","breadcrumb":{"@id":"https:\/\/www.eldiario.net\/portal\/2026\/07\/01\/mazda-llevo-la-esencia-de-japon-a-casacor-bolivia\/#breadcrumb"},"inLanguage":"es","potentialAction":[{"@type":"ReadAction","target":["https:\/\/www.eldiario.net\/portal\/2026\/07\/01\/mazda-llevo-la-esencia-de-japon-a-casacor-bolivia\/"]}]},{"@type":"ImageObject","inLanguage":"es","@id":"https:\/\/www.eldiario.net\/portal\/2026\/07\/01\/mazda-llevo-la-esencia-de-japon-a-casacor-bolivia\/#primaryimage","url":"https:\/\/www.eldiario.net\/portal\/wp-content\/uploads\/2026\/06\/Sebastian-Putz-Michelle-Noriega-gerente-general-Imcruz-Inchcape-y-Natali-Justiniano.webp","contentUrl":"https:\/\/www.eldiario.net\/portal\/wp-content\/uploads\/2026\/06\/Sebastian-Putz-Michelle-Noriega-gerente-general-Imcruz-Inchcape-y-Natali-Justiniano.webp","width":1200,"height":800,"caption":"SEBASTIAN PUTZ, MICHELLE NORIEGA, GERENTE GENERAL IMCRUZ-INCHCAPE Y NATALI JUSTINIANO."},{"@type":"BreadcrumbList","@id":"https:\/\/www.eldiario.net\/portal\/2026\/07\/01\/mazda-llevo-la-esencia-de-japon-a-casacor-bolivia\/#breadcrumb","itemListElement":[{"@type":"ListItem","position":1,"name":"Portada","item":"https:\/\/www.eldiario.net\/portal\/"},{"@type":"ListItem","position":2,"name":"Mazda llev\u00f3 la esencia de Jap\u00f3n a CASACOR Bolivia"}]},{"@type":"WebSite","@id":"https:\/\/www.eldiario.net\/portal\/#website","url":"https:\/\/www.eldiario.net\/portal\/","name":"El Diario - Decano de la prensa nacional","description":"El Diario - Decano de la prensa nacional","publisher":{"@id":"https:\/\/www.eldiario.net\/portal\/#organization"},"potentialAction":[{"@type":"SearchAction","target":{"@type":"EntryPoint","urlTemplate":"https:\/\/www.eldiario.net\/portal\/?s={search_term_string}"},"query-input":{"@type":"PropertyValueSpecification","valueRequired":true,"valueName":"search_term_string"}}],"inLanguage":"es"},{"@type":"Organization","@id":"https:\/\/www.eldiario.net\/portal\/#organization","name":"El Diario - Decano de la prensa nacional","url":"https:\/\/www.eldiario.net\/portal\/","logo":{"@type":"ImageObject","inLanguage":"es","@id":"https:\/\/www.eldiario.net\/portal\/#\/schema\/logo\/image\/","url":"https:\/\/www.eldiario.net\/portal\/wp-content\/uploads\/2023\/07\/logo_ED.jpg","contentUrl":"https:\/\/www.eldiario.net\/portal\/wp-content\/uploads\/2023\/07\/logo_ED.jpg","width":272,"height":52,"caption":"El Diario - Decano de la prensa nacional"},"image":{"@id":"https:\/\/www.eldiario.net\/portal\/#\/schema\/logo\/image\/"},"sameAs":["https:\/\/www.facebook.com\/eldiario.bolivia\/","https:\/\/x.com\/eldiario_net"]},{"@type":"Person","@id":"https:\/\/www.eldiario.net\/portal\/#\/schema\/person\/2c57cf2b7a7ae032e449e4c9b1019eac","name":"Jeanette","image":{"@type":"ImageObject","inLanguage":"es","@id":"https:\/\/secure.gravatar.com\/avatar\/3ea2118a5f7dad2b7138b1187a6b7ee55f160b9968b66013c3a3ef39dd7e5798?s=96&d=mm&r=g","url":"https:\/\/secure.gravatar.com\/avatar\/3ea2118a5f7dad2b7138b1187a6b7ee55f160b9968b66013c3a3ef39dd7e5798?s=96&d=mm&r=g","contentUrl":"https:\/\/secure.gravatar.com\/avatar\/3ea2118a5f7dad2b7138b1187a6b7ee55f160b9968b66013c3a3ef39dd7e5798?s=96&d=mm&r=g","caption":"Jeanette"},"sameAs":["https:\/\/www.eldiario.net\/portal"],"url":"https:\/\/www.eldiario.net\/portal\/author\/jeanette\/"}]}},"_links":{"self":[{"href":"https:\/\/www.eldiario.net\/portal\/wp-json\/wp\/v2\/posts\/408548","targetHints":{"allow":["GET"]}}],"collection":[{"href":"https:\/\/www.eldiario.net\/portal\/wp-json\/wp\/v2\/posts"}],"about":[{"href":"https:\/\/www.eldiario.net\/portal\/wp-json\/wp\/v2\/types\/post"}],"author":[{"embeddable":true,"href":"https:\/\/www.eldiario.net\/portal\/wp-json\/wp\/v2\/users\/1"}],"replies":[{"embeddable":true,"href":"https:\/\/www.eldiario.net\/portal\/wp-json\/wp\/v2\/comments?post=408548"}],"version-history":[{"count":1,"href":"https:\/\/www.eldiario.net\/portal\/wp-json\/wp\/v2\/posts\/408548\/revisions"}],"predecessor-version":[{"id":408561,"href":"https:\/\/www.eldiario.net\/portal\/wp-json\/wp\/v2\/posts\/408548\/revisions\/408561"}],"wp:featuredmedia":[{"embeddable":true,"href":"https:\/\/www.eldiario.net\/portal\/wp-json\/wp\/v2\/media\/408559"}],"wp:attachment":[{"href":"https:\/\/www.eldiario.net\/portal\/wp-json\/wp\/v2\/media?parent=408548"}],"wp:term":[{"taxonomy":"category","embeddable":true,"href":"https:\/\/www.eldiario.net\/portal\/wp-json\/wp\/v2\/categories?post=408548"},{"taxonomy":"post_tag","embeddable":true,"href":"https:\/\/www.eldiario.net\/portal\/wp-json\/wp\/v2\/tags?post=408548"}],"curies":[{"name":"wp","href":"https:\/\/api.w.org\/{rel}","templated":true}]}}