{"id":408547,"date":"2026-06-30T23:08:51","date_gmt":"2026-07-01T03:08:51","guid":{"rendered":"https:\/\/www.eldiario.net\/portal\/?p=408547"},"modified":"2026-06-30T23:08:51","modified_gmt":"2026-07-01T03:08:51","slug":"lionel-messi-y-kylian-mbappe-lideran-la-pelea-por-la-bota-de-oro","status":"publish","type":"post","link":"https:\/\/www.eldiario.net\/portal\/2026\/06\/30\/lionel-messi-y-kylian-mbappe-lideran-la-pelea-por-la-bota-de-oro\/","title":{"rendered":"Lionel Messi y Kylian Mbapp\u00e9 lideran la pelea por la Bota de Oro"},"content":{"rendered":"<p>FIFA<\/p>\n<p>Contin\u00faa la ronda de dieciseisavos de final y sigue siendo una pelea de astros. Ahora mismo lideran la carrera por la Bota de Oro adidas, que distingue al m\u00e1ximo goleador de la Copa Mundial de la FIFA 2026, Lionel Messi y Kylian Mbapp\u00e9 con seis tantos cada uno.<\/p>\n<p>El argentino, que participa en su sexta Copa Mundial de la FIFA, anot\u00f3 un triplete en la victoria de la selecci\u00f3n campeona por 3-0 sobre Argelia , rival del Grupo J, en el Estadio de Kansas City, igualando as\u00ed a Miroslav Klose como m\u00e1ximo goleador hist\u00f3rico del torneo. En el segundo encuentro, le hizo dos a Austria, super\u00f3 al alem\u00e1n y qued\u00f3 en la cima de esta tabla, con cinco. Y en el tercero, contra Jordania, hizo uno m\u00e1s de tiro libre.<\/p>\n<p>Mbapp\u00e9, por su parte, lleva tres dobletes en la competici\u00f3n, con Irak, Senegal y Suecia como v\u00edctimas de la voracidad del galo.<\/p>\n<p>Haaland, despu\u00e9s de su gol contra Costa de Marfil en diecise\u00edsavos, suma cinco y les persigue en la tabla. En la primera fase marc\u00f3 cuatro, a pesar de jugar solo dos encuentros.<\/p>\n<p>Detr\u00e1s de Messi y Haaland aparecen otras figuras de esta edici\u00f3n, entre ellas Ousmane Demb\u00e9l\u00e9 (que meti\u00f3 un hat-trick contra Noruega) y Vinicius Jr con cuatro.<\/p>\n<p>La Bota de Oro se otorgar\u00e1 al jugador que marque m\u00e1s goles en la fase final del torneo. Si dos o m\u00e1s jugadores marcan el mismo n\u00famero de goles, ser\u00e1 determinante el n\u00famero de asistencias (seg\u00fan lo determinen los miembros del Grupo de Estudio T\u00e9cnico de la FIFA).<\/p>\n<p>Si dos o m\u00e1s jugadores siguen empatados tras tener en cuenta el n\u00famero de asistencias, se tendr\u00e1 en cuenta el total de minutos jugados en el torneo, y el jugador que haya disputado menos minutos ocupar\u00e1 el primer puesto. (Foto FIFA)<\/p>\n<p>&nbsp;<\/p>\n","protected":false},"excerpt":{"rendered":"<p>FIFA Contin\u00faa la ronda de dieciseisavos de final y sigue siendo una pelea de astros. Ahora mismo lideran la carrera por la Bota de Oro adidas, que distingue al m\u00e1ximo goleador de la Copa Mundial de la FIFA 2026, Lionel Messi y Kylian Mbapp\u00e9 con seis tantos cada uno. El argentino, que participa en su [&hellip;]<\/p>\n","protected":false},"author":3,"featured_media":408555,"comment_status":"closed","ping_status":"open","sticky":false,"template":"","format":"standard","meta":{"_acf_changed":false,"footnotes":""},"categories":[6],"tags":[],"class_list":["post-408547","post","type-post","status-publish","format-standard","has-post-thumbnail","category-deportes"],"acf":{"antetitulo":""},"yoast_head":"<!-- This site is optimized with the Yoast SEO plugin v28.4 - https:\/\/yoast.com\/product\/yoast-seo-wordpress\/ -->\n<title>Lionel Messi y Kylian Mbapp\u00e9 lideran la pelea por la Bota de Oro - El Diario - Bolivia<\/title>\n<meta name=\"robots\" content=\"index, follow, max-snippet:-1, max-image-preview:large, max-video-preview:-1\" \/>\n<link rel=\"canonical\" href=\"https:\/\/www.eldiario.net\/portal\/2026\/06\/30\/lionel-messi-y-kylian-mbappe-lideran-la-pelea-por-la-bota-de-oro\/\" \/>\n<meta property=\"og:locale\" content=\"es_ES\" \/>\n<meta property=\"og:type\" content=\"article\" \/>\n<meta property=\"og:title\" content=\"Lionel Messi y Kylian Mbapp\u00e9 lideran la pelea por la Bota de Oro - El Diario - Bolivia\" \/>\n<meta property=\"og:description\" content=\"FIFA Contin\u00faa la ronda de dieciseisavos de final y sigue siendo una pelea de astros. Ahora mismo lideran la carrera por la Bota de Oro adidas, que distingue al m\u00e1ximo goleador de la Copa Mundial de la FIFA 2026, Lionel Messi y Kylian Mbapp\u00e9 con seis tantos cada uno. El argentino, que participa en su [&hellip;]\" \/>\n<meta property=\"og:url\" content=\"https:\/\/www.eldiario.net\/portal\/2026\/06\/30\/lionel-messi-y-kylian-mbappe-lideran-la-pelea-por-la-bota-de-oro\/\" \/>\n<meta property=\"og:site_name\" content=\"El Diario - Bolivia\" \/>\n<meta property=\"article:publisher\" content=\"https:\/\/www.facebook.com\/eldiario.bolivia\/\" \/>\n<meta property=\"article:published_time\" content=\"2026-07-01T03:08:51+00:00\" \/>\n<meta property=\"og:image\" content=\"https:\/\/www.eldiario.net\/portal\/wp-content\/uploads\/2026\/06\/kyliannnn-vale.webp\" \/>\n\t<meta property=\"og:image:width\" content=\"1080\" \/>\n\t<meta property=\"og:image:height\" content=\"720\" \/>\n\t<meta property=\"og:image:type\" content=\"image\/webp\" \/>\n<meta name=\"author\" content=\"Jhonny Mollinedo\" \/>\n<meta name=\"twitter:card\" content=\"summary_large_image\" \/>\n<meta name=\"twitter:creator\" content=\"@eldiario_net\" \/>\n<meta name=\"twitter:site\" content=\"@eldiario_net\" \/>\n<meta name=\"twitter:label1\" content=\"Escrito por\" \/>\n\t<meta name=\"twitter:data1\" content=\"Jhonny Mollinedo\" \/>\n\t<meta name=\"twitter:label2\" content=\"Tiempo de lectura\" \/>\n\t<meta name=\"twitter:data2\" content=\"2 minutos\" \/>\n<script type=\"application\/ld+json\" class=\"yoast-schema-graph\">{\"@context\":\"https:\\\/\\\/schema.org\",\"@graph\":[{\"@type\":\"Article\",\"@id\":\"https:\\\/\\\/www.eldiario.net\\\/portal\\\/2026\\\/06\\\/30\\\/lionel-messi-y-kylian-mbappe-lideran-la-pelea-por-la-bota-de-oro\\\/#article\",\"isPartOf\":{\"@id\":\"https:\\\/\\\/www.eldiario.net\\\/portal\\\/2026\\\/06\\\/30\\\/lionel-messi-y-kylian-mbappe-lideran-la-pelea-por-la-bota-de-oro\\\/\"},\"author\":{\"name\":\"Jhonny Mollinedo\",\"@id\":\"https:\\\/\\\/www.eldiario.net\\\/portal\\\/#\\\/schema\\\/person\\\/32fc835272114c73407ecef86028a07e\"},\"headline\":\"Lionel Messi y Kylian Mbapp\u00e9 lideran la pelea por la Bota de Oro\",\"datePublished\":\"2026-07-01T03:08:51+00:00\",\"mainEntityOfPage\":{\"@id\":\"https:\\\/\\\/www.eldiario.net\\\/portal\\\/2026\\\/06\\\/30\\\/lionel-messi-y-kylian-mbappe-lideran-la-pelea-por-la-bota-de-oro\\\/\"},\"wordCount\":334,\"publisher\":{\"@id\":\"https:\\\/\\\/www.eldiario.net\\\/portal\\\/#organization\"},\"image\":{\"@id\":\"https:\\\/\\\/www.eldiario.net\\\/portal\\\/2026\\\/06\\\/30\\\/lionel-messi-y-kylian-mbappe-lideran-la-pelea-por-la-bota-de-oro\\\/#primaryimage\"},\"thumbnailUrl\":\"https:\\\/\\\/www.eldiario.net\\\/portal\\\/wp-content\\\/uploads\\\/2026\\\/06\\\/kyliannnn-vale.webp\",\"articleSection\":[\"Deportes\"],\"inLanguage\":\"es\"},{\"@type\":\"WebPage\",\"@id\":\"https:\\\/\\\/www.eldiario.net\\\/portal\\\/2026\\\/06\\\/30\\\/lionel-messi-y-kylian-mbappe-lideran-la-pelea-por-la-bota-de-oro\\\/\",\"url\":\"https:\\\/\\\/www.eldiario.net\\\/portal\\\/2026\\\/06\\\/30\\\/lionel-messi-y-kylian-mbappe-lideran-la-pelea-por-la-bota-de-oro\\\/\",\"name\":\"Lionel Messi y Kylian Mbapp\u00e9 lideran la pelea por la Bota de Oro - El Diario - Bolivia\",\"isPartOf\":{\"@id\":\"https:\\\/\\\/www.eldiario.net\\\/portal\\\/#website\"},\"primaryImageOfPage\":{\"@id\":\"https:\\\/\\\/www.eldiario.net\\\/portal\\\/2026\\\/06\\\/30\\\/lionel-messi-y-kylian-mbappe-lideran-la-pelea-por-la-bota-de-oro\\\/#primaryimage\"},\"image\":{\"@id\":\"https:\\\/\\\/www.eldiario.net\\\/portal\\\/2026\\\/06\\\/30\\\/lionel-messi-y-kylian-mbappe-lideran-la-pelea-por-la-bota-de-oro\\\/#primaryimage\"},\"thumbnailUrl\":\"https:\\\/\\\/www.eldiario.net\\\/portal\\\/wp-content\\\/uploads\\\/2026\\\/06\\\/kyliannnn-vale.webp\",\"datePublished\":\"2026-07-01T03:08:51+00:00\",\"breadcrumb\":{\"@id\":\"https:\\\/\\\/www.eldiario.net\\\/portal\\\/2026\\\/06\\\/30\\\/lionel-messi-y-kylian-mbappe-lideran-la-pelea-por-la-bota-de-oro\\\/#breadcrumb\"},\"inLanguage\":\"es\",\"potentialAction\":[{\"@type\":\"ReadAction\",\"target\":[\"https:\\\/\\\/www.eldiario.net\\\/portal\\\/2026\\\/06\\\/30\\\/lionel-messi-y-kylian-mbappe-lideran-la-pelea-por-la-bota-de-oro\\\/\"]}]},{\"@type\":\"ImageObject\",\"inLanguage\":\"es\",\"@id\":\"https:\\\/\\\/www.eldiario.net\\\/portal\\\/2026\\\/06\\\/30\\\/lionel-messi-y-kylian-mbappe-lideran-la-pelea-por-la-bota-de-oro\\\/#primaryimage\",\"url\":\"https:\\\/\\\/www.eldiario.net\\\/portal\\\/wp-content\\\/uploads\\\/2026\\\/06\\\/kyliannnn-vale.webp\",\"contentUrl\":\"https:\\\/\\\/www.eldiario.net\\\/portal\\\/wp-content\\\/uploads\\\/2026\\\/06\\\/kyliannnn-vale.webp\",\"width\":1080,\"height\":720},{\"@type\":\"BreadcrumbList\",\"@id\":\"https:\\\/\\\/www.eldiario.net\\\/portal\\\/2026\\\/06\\\/30\\\/lionel-messi-y-kylian-mbappe-lideran-la-pelea-por-la-bota-de-oro\\\/#breadcrumb\",\"itemListElement\":[{\"@type\":\"ListItem\",\"position\":1,\"name\":\"Portada\",\"item\":\"https:\\\/\\\/www.eldiario.net\\\/portal\\\/\"},{\"@type\":\"ListItem\",\"position\":2,\"name\":\"Lionel Messi y Kylian Mbapp\u00e9 lideran la pelea por la Bota de Oro\"}]},{\"@type\":\"WebSite\",\"@id\":\"https:\\\/\\\/www.eldiario.net\\\/portal\\\/#website\",\"url\":\"https:\\\/\\\/www.eldiario.net\\\/portal\\\/\",\"name\":\"El Diario - Decano de la prensa nacional\",\"description\":\"El Diario - Decano de la prensa nacional\",\"publisher\":{\"@id\":\"https:\\\/\\\/www.eldiario.net\\\/portal\\\/#organization\"},\"potentialAction\":[{\"@type\":\"SearchAction\",\"target\":{\"@type\":\"EntryPoint\",\"urlTemplate\":\"https:\\\/\\\/www.eldiario.net\\\/portal\\\/?s={search_term_string}\"},\"query-input\":{\"@type\":\"PropertyValueSpecification\",\"valueRequired\":true,\"valueName\":\"search_term_string\"}}],\"inLanguage\":\"es\"},{\"@type\":\"Organization\",\"@id\":\"https:\\\/\\\/www.eldiario.net\\\/portal\\\/#organization\",\"name\":\"El Diario - Decano de la prensa nacional\",\"url\":\"https:\\\/\\\/www.eldiario.net\\\/portal\\\/\",\"logo\":{\"@type\":\"ImageObject\",\"inLanguage\":\"es\",\"@id\":\"https:\\\/\\\/www.eldiario.net\\\/portal\\\/#\\\/schema\\\/logo\\\/image\\\/\",\"url\":\"https:\\\/\\\/www.eldiario.net\\\/portal\\\/wp-content\\\/uploads\\\/2023\\\/07\\\/logo_ED.jpg\",\"contentUrl\":\"https:\\\/\\\/www.eldiario.net\\\/portal\\\/wp-content\\\/uploads\\\/2023\\\/07\\\/logo_ED.jpg\",\"width\":272,\"height\":52,\"caption\":\"El Diario - Decano de la prensa nacional\"},\"image\":{\"@id\":\"https:\\\/\\\/www.eldiario.net\\\/portal\\\/#\\\/schema\\\/logo\\\/image\\\/\"},\"sameAs\":[\"https:\\\/\\\/www.facebook.com\\\/eldiario.bolivia\\\/\",\"https:\\\/\\\/x.com\\\/eldiario_net\"]},{\"@type\":\"Person\",\"@id\":\"https:\\\/\\\/www.eldiario.net\\\/portal\\\/#\\\/schema\\\/person\\\/32fc835272114c73407ecef86028a07e\",\"name\":\"Jhonny Mollinedo\",\"image\":{\"@type\":\"ImageObject\",\"inLanguage\":\"es\",\"@id\":\"https:\\\/\\\/secure.gravatar.com\\\/avatar\\\/3ea2118a5f7dad2b7138b1187a6b7ee55f160b9968b66013c3a3ef39dd7e5798?s=96&d=mm&r=g\",\"url\":\"https:\\\/\\\/secure.gravatar.com\\\/avatar\\\/3ea2118a5f7dad2b7138b1187a6b7ee55f160b9968b66013c3a3ef39dd7e5798?s=96&d=mm&r=g\",\"contentUrl\":\"https:\\\/\\\/secure.gravatar.com\\\/avatar\\\/3ea2118a5f7dad2b7138b1187a6b7ee55f160b9968b66013c3a3ef39dd7e5798?s=96&d=mm&r=g\",\"caption\":\"Jhonny Mollinedo\"},\"url\":\"https:\\\/\\\/www.eldiario.net\\\/portal\\\/author\\\/deportes\\\/\"}]}<\/script>\n<!-- \/ Yoast SEO plugin. -->","yoast_head_json":{"title":"Lionel Messi y Kylian Mbapp\u00e9 lideran la pelea por la Bota de Oro - El Diario - Bolivia","robots":{"index":"index","follow":"follow","max-snippet":"max-snippet:-1","max-image-preview":"max-image-preview:large","max-video-preview":"max-video-preview:-1"},"canonical":"https:\/\/www.eldiario.net\/portal\/2026\/06\/30\/lionel-messi-y-kylian-mbappe-lideran-la-pelea-por-la-bota-de-oro\/","og_locale":"es_ES","og_type":"article","og_title":"Lionel Messi y Kylian Mbapp\u00e9 lideran la pelea por la Bota de Oro - El Diario - Bolivia","og_description":"FIFA Contin\u00faa la ronda de dieciseisavos de final y sigue siendo una pelea de astros. Ahora mismo lideran la carrera por la Bota de Oro adidas, que distingue al m\u00e1ximo goleador de la Copa Mundial de la FIFA 2026, Lionel Messi y Kylian Mbapp\u00e9 con seis tantos cada uno. El argentino, que participa en su [&hellip;]","og_url":"https:\/\/www.eldiario.net\/portal\/2026\/06\/30\/lionel-messi-y-kylian-mbappe-lideran-la-pelea-por-la-bota-de-oro\/","og_site_name":"El Diario - Bolivia","article_publisher":"https:\/\/www.facebook.com\/eldiario.bolivia\/","article_published_time":"2026-07-01T03:08:51+00:00","og_image":[{"width":1080,"height":720,"url":"https:\/\/www.eldiario.net\/portal\/wp-content\/uploads\/2026\/06\/kyliannnn-vale.webp","type":"image\/webp"}],"author":"Jhonny Mollinedo","twitter_card":"summary_large_image","twitter_creator":"@eldiario_net","twitter_site":"@eldiario_net","twitter_misc":{"Escrito por":"Jhonny Mollinedo","Tiempo de lectura":"2 minutos"},"schema":{"@context":"https:\/\/schema.org","@graph":[{"@type":"Article","@id":"https:\/\/www.eldiario.net\/portal\/2026\/06\/30\/lionel-messi-y-kylian-mbappe-lideran-la-pelea-por-la-bota-de-oro\/#article","isPartOf":{"@id":"https:\/\/www.eldiario.net\/portal\/2026\/06\/30\/lionel-messi-y-kylian-mbappe-lideran-la-pelea-por-la-bota-de-oro\/"},"author":{"name":"Jhonny Mollinedo","@id":"https:\/\/www.eldiario.net\/portal\/#\/schema\/person\/32fc835272114c73407ecef86028a07e"},"headline":"Lionel Messi y Kylian Mbapp\u00e9 lideran la pelea por la Bota de Oro","datePublished":"2026-07-01T03:08:51+00:00","mainEntityOfPage":{"@id":"https:\/\/www.eldiario.net\/portal\/2026\/06\/30\/lionel-messi-y-kylian-mbappe-lideran-la-pelea-por-la-bota-de-oro\/"},"wordCount":334,"publisher":{"@id":"https:\/\/www.eldiario.net\/portal\/#organization"},"image":{"@id":"https:\/\/www.eldiario.net\/portal\/2026\/06\/30\/lionel-messi-y-kylian-mbappe-lideran-la-pelea-por-la-bota-de-oro\/#primaryimage"},"thumbnailUrl":"https:\/\/www.eldiario.net\/portal\/wp-content\/uploads\/2026\/06\/kyliannnn-vale.webp","articleSection":["Deportes"],"inLanguage":"es"},{"@type":"WebPage","@id":"https:\/\/www.eldiario.net\/portal\/2026\/06\/30\/lionel-messi-y-kylian-mbappe-lideran-la-pelea-por-la-bota-de-oro\/","url":"https:\/\/www.eldiario.net\/portal\/2026\/06\/30\/lionel-messi-y-kylian-mbappe-lideran-la-pelea-por-la-bota-de-oro\/","name":"Lionel Messi y Kylian Mbapp\u00e9 lideran la pelea por la Bota de Oro - El Diario - Bolivia","isPartOf":{"@id":"https:\/\/www.eldiario.net\/portal\/#website"},"primaryImageOfPage":{"@id":"https:\/\/www.eldiario.net\/portal\/2026\/06\/30\/lionel-messi-y-kylian-mbappe-lideran-la-pelea-por-la-bota-de-oro\/#primaryimage"},"image":{"@id":"https:\/\/www.eldiario.net\/portal\/2026\/06\/30\/lionel-messi-y-kylian-mbappe-lideran-la-pelea-por-la-bota-de-oro\/#primaryimage"},"thumbnailUrl":"https:\/\/www.eldiario.net\/portal\/wp-content\/uploads\/2026\/06\/kyliannnn-vale.webp","datePublished":"2026-07-01T03:08:51+00:00","breadcrumb":{"@id":"https:\/\/www.eldiario.net\/portal\/2026\/06\/30\/lionel-messi-y-kylian-mbappe-lideran-la-pelea-por-la-bota-de-oro\/#breadcrumb"},"inLanguage":"es","potentialAction":[{"@type":"ReadAction","target":["https:\/\/www.eldiario.net\/portal\/2026\/06\/30\/lionel-messi-y-kylian-mbappe-lideran-la-pelea-por-la-bota-de-oro\/"]}]},{"@type":"ImageObject","inLanguage":"es","@id":"https:\/\/www.eldiario.net\/portal\/2026\/06\/30\/lionel-messi-y-kylian-mbappe-lideran-la-pelea-por-la-bota-de-oro\/#primaryimage","url":"https:\/\/www.eldiario.net\/portal\/wp-content\/uploads\/2026\/06\/kyliannnn-vale.webp","contentUrl":"https:\/\/www.eldiario.net\/portal\/wp-content\/uploads\/2026\/06\/kyliannnn-vale.webp","width":1080,"height":720},{"@type":"BreadcrumbList","@id":"https:\/\/www.eldiario.net\/portal\/2026\/06\/30\/lionel-messi-y-kylian-mbappe-lideran-la-pelea-por-la-bota-de-oro\/#breadcrumb","itemListElement":[{"@type":"ListItem","position":1,"name":"Portada","item":"https:\/\/www.eldiario.net\/portal\/"},{"@type":"ListItem","position":2,"name":"Lionel Messi y Kylian Mbapp\u00e9 lideran la pelea por la Bota de Oro"}]},{"@type":"WebSite","@id":"https:\/\/www.eldiario.net\/portal\/#website","url":"https:\/\/www.eldiario.net\/portal\/","name":"El Diario - Decano de la prensa nacional","description":"El Diario - Decano de la prensa nacional","publisher":{"@id":"https:\/\/www.eldiario.net\/portal\/#organization"},"potentialAction":[{"@type":"SearchAction","target":{"@type":"EntryPoint","urlTemplate":"https:\/\/www.eldiario.net\/portal\/?s={search_term_string}"},"query-input":{"@type":"PropertyValueSpecification","valueRequired":true,"valueName":"search_term_string"}}],"inLanguage":"es"},{"@type":"Organization","@id":"https:\/\/www.eldiario.net\/portal\/#organization","name":"El Diario - Decano de la prensa nacional","url":"https:\/\/www.eldiario.net\/portal\/","logo":{"@type":"ImageObject","inLanguage":"es","@id":"https:\/\/www.eldiario.net\/portal\/#\/schema\/logo\/image\/","url":"https:\/\/www.eldiario.net\/portal\/wp-content\/uploads\/2023\/07\/logo_ED.jpg","contentUrl":"https:\/\/www.eldiario.net\/portal\/wp-content\/uploads\/2023\/07\/logo_ED.jpg","width":272,"height":52,"caption":"El Diario - Decano de la prensa nacional"},"image":{"@id":"https:\/\/www.eldiario.net\/portal\/#\/schema\/logo\/image\/"},"sameAs":["https:\/\/www.facebook.com\/eldiario.bolivia\/","https:\/\/x.com\/eldiario_net"]},{"@type":"Person","@id":"https:\/\/www.eldiario.net\/portal\/#\/schema\/person\/32fc835272114c73407ecef86028a07e","name":"Jhonny Mollinedo","image":{"@type":"ImageObject","inLanguage":"es","@id":"https:\/\/secure.gravatar.com\/avatar\/3ea2118a5f7dad2b7138b1187a6b7ee55f160b9968b66013c3a3ef39dd7e5798?s=96&d=mm&r=g","url":"https:\/\/secure.gravatar.com\/avatar\/3ea2118a5f7dad2b7138b1187a6b7ee55f160b9968b66013c3a3ef39dd7e5798?s=96&d=mm&r=g","contentUrl":"https:\/\/secure.gravatar.com\/avatar\/3ea2118a5f7dad2b7138b1187a6b7ee55f160b9968b66013c3a3ef39dd7e5798?s=96&d=mm&r=g","caption":"Jhonny Mollinedo"},"url":"https:\/\/www.eldiario.net\/portal\/author\/deportes\/"}]}},"_links":{"self":[{"href":"https:\/\/www.eldiario.net\/portal\/wp-json\/wp\/v2\/posts\/408547","targetHints":{"allow":["GET"]}}],"collection":[{"href":"https:\/\/www.eldiario.net\/portal\/wp-json\/wp\/v2\/posts"}],"about":[{"href":"https:\/\/www.eldiario.net\/portal\/wp-json\/wp\/v2\/types\/post"}],"author":[{"embeddable":true,"href":"https:\/\/www.eldiario.net\/portal\/wp-json\/wp\/v2\/users\/3"}],"replies":[{"embeddable":true,"href":"https:\/\/www.eldiario.net\/portal\/wp-json\/wp\/v2\/comments?post=408547"}],"version-history":[{"count":1,"href":"https:\/\/www.eldiario.net\/portal\/wp-json\/wp\/v2\/posts\/408547\/revisions"}],"predecessor-version":[{"id":408560,"href":"https:\/\/www.eldiario.net\/portal\/wp-json\/wp\/v2\/posts\/408547\/revisions\/408560"}],"wp:featuredmedia":[{"embeddable":true,"href":"https:\/\/www.eldiario.net\/portal\/wp-json\/wp\/v2\/media\/408555"}],"wp:attachment":[{"href":"https:\/\/www.eldiario.net\/portal\/wp-json\/wp\/v2\/media?parent=408547"}],"wp:term":[{"taxonomy":"category","embeddable":true,"href":"https:\/\/www.eldiario.net\/portal\/wp-json\/wp\/v2\/categories?post=408547"},{"taxonomy":"post_tag","embeddable":true,"href":"https:\/\/www.eldiario.net\/portal\/wp-json\/wp\/v2\/tags?post=408547"}],"curies":[{"name":"wp","href":"https:\/\/api.w.org\/{rel}","templated":true}]}}