{"id":408544,"date":"2026-06-30T19:42:44","date_gmt":"2026-06-30T23:42:44","guid":{"rendered":"https:\/\/www.eldiario.net\/portal\/?p=408544"},"modified":"2026-06-30T19:42:44","modified_gmt":"2026-06-30T23:42:44","slug":"mortal-incendio-forestal-en-grecia-deja-dos-muertos-y-un-nino-desaparecido-1942","status":"publish","type":"post","link":"https:\/\/www.eldiario.net\/portal\/2026\/06\/30\/mortal-incendio-forestal-en-grecia-deja-dos-muertos-y-un-nino-desaparecido-1942\/","title":{"rendered":"Mortal incendio forestal en Grecia deja dos muertos y un ni\u00f1o desaparecido (19:42)"},"content":{"rendered":"<p>Un incendio forestal fuera de control al norte de Grecia ha cobrado la vida de dos personas y obligado a evacuar de emergencia el pueblo de Liti, a unos 15 kil\u00f3metros de Tesal\u00f3nica.<\/p>\n<p>Las autoridades hallaron el cuerpo de un hombre en una zona calcinada y un segundo cad\u00e1ver dentro de una vivienda boscosa, desde donde tambi\u00e9n rescataron a una mujer con quemaduras graves.<\/p>\n<p>Un ni\u00f1o de 12 a\u00f1os, hijo de las v\u00edctimas, permanece desaparecido en medio del siniestro.<\/p>\n<p data-path-to-node=\"2\">M\u00e1s de 100 bomberos, decenas de camiones y siete aeronaves combaten un frente de fuego de 5 kil\u00f3metros de longitud que avanza r\u00e1pidamente hacia la localidad vecina de Melissochori.<\/p>\n<p>Las labores de contenci\u00f3n se ven severamente obstaculizadas por fuertes vientos y condiciones de extrema sequ\u00eda que azotan la regi\u00f3n, la cual ya se encontraba bajo alerta m\u00e1xima por alto riesgo de incendios. (Agencias)<\/p>\n","protected":false},"excerpt":{"rendered":"<p>Un incendio forestal fuera de control al norte de Grecia ha cobrado la vida de dos personas y obligado a evacuar de emergencia el pueblo de Liti, a unos 15 kil\u00f3metros de Tesal\u00f3nica. Las autoridades hallaron el cuerpo de un hombre en una zona calcinada y un segundo cad\u00e1ver dentro de una vivienda boscosa, desde [&hellip;]<\/p>\n","protected":false},"author":7,"featured_media":408545,"comment_status":"closed","ping_status":"open","sticky":false,"template":"","format":"standard","meta":{"_acf_changed":false,"footnotes":""},"categories":[51],"tags":[],"class_list":["post-408544","post","type-post","status-publish","format-standard","has-post-thumbnail","category-ultima-hora"],"acf":{"antetitulo":""},"yoast_head":"<!-- This site is optimized with the Yoast SEO plugin v28.4 - https:\/\/yoast.com\/product\/yoast-seo-wordpress\/ -->\n<title>Mortal incendio forestal en Grecia deja dos muertos y un ni\u00f1o desaparecido (19:42) - El Diario - Bolivia<\/title>\n<meta name=\"robots\" content=\"index, follow, max-snippet:-1, max-image-preview:large, max-video-preview:-1\" \/>\n<link rel=\"canonical\" href=\"https:\/\/www.eldiario.net\/portal\/2026\/06\/30\/mortal-incendio-forestal-en-grecia-deja-dos-muertos-y-un-nino-desaparecido-1942\/\" \/>\n<meta property=\"og:locale\" content=\"es_ES\" \/>\n<meta property=\"og:type\" content=\"article\" \/>\n<meta property=\"og:title\" content=\"Mortal incendio forestal en Grecia deja dos muertos y un ni\u00f1o desaparecido (19:42) - El Diario - Bolivia\" \/>\n<meta property=\"og:description\" content=\"Un incendio forestal fuera de control al norte de Grecia ha cobrado la vida de dos personas y obligado a evacuar de emergencia el pueblo de Liti, a unos 15 kil\u00f3metros de Tesal\u00f3nica. Las autoridades hallaron el cuerpo de un hombre en una zona calcinada y un segundo cad\u00e1ver dentro de una vivienda boscosa, desde [&hellip;]\" \/>\n<meta property=\"og:url\" content=\"https:\/\/www.eldiario.net\/portal\/2026\/06\/30\/mortal-incendio-forestal-en-grecia-deja-dos-muertos-y-un-nino-desaparecido-1942\/\" \/>\n<meta property=\"og:site_name\" content=\"El Diario - Bolivia\" \/>\n<meta property=\"article:publisher\" content=\"https:\/\/www.facebook.com\/eldiario.bolivia\/\" \/>\n<meta property=\"article:published_time\" content=\"2026-06-30T23:42:44+00:00\" \/>\n<meta property=\"og:image\" content=\"https:\/\/www.eldiario.net\/portal\/wp-content\/uploads\/2026\/06\/incendio-grecia-30.06.26-copia.webp\" \/>\n\t<meta property=\"og:image:width\" content=\"500\" \/>\n\t<meta property=\"og:image:height\" content=\"520\" \/>\n\t<meta property=\"og:image:type\" content=\"image\/webp\" \/>\n<meta name=\"author\" content=\"Viviana Monrroy\" \/>\n<meta name=\"twitter:card\" content=\"summary_large_image\" \/>\n<meta name=\"twitter:creator\" content=\"@eldiario_net\" \/>\n<meta name=\"twitter:site\" content=\"@eldiario_net\" \/>\n<meta name=\"twitter:label1\" content=\"Escrito por\" \/>\n\t<meta name=\"twitter:data1\" content=\"Viviana Monrroy\" \/>\n\t<meta name=\"twitter:label2\" content=\"Tiempo de lectura\" \/>\n\t<meta name=\"twitter:data2\" content=\"1 minuto\" \/>\n<script type=\"application\/ld+json\" class=\"yoast-schema-graph\">{\"@context\":\"https:\\\/\\\/schema.org\",\"@graph\":[{\"@type\":\"Article\",\"@id\":\"https:\\\/\\\/www.eldiario.net\\\/portal\\\/2026\\\/06\\\/30\\\/mortal-incendio-forestal-en-grecia-deja-dos-muertos-y-un-nino-desaparecido-1942\\\/#article\",\"isPartOf\":{\"@id\":\"https:\\\/\\\/www.eldiario.net\\\/portal\\\/2026\\\/06\\\/30\\\/mortal-incendio-forestal-en-grecia-deja-dos-muertos-y-un-nino-desaparecido-1942\\\/\"},\"author\":{\"name\":\"Viviana Monrroy\",\"@id\":\"https:\\\/\\\/www.eldiario.net\\\/portal\\\/#\\\/schema\\\/person\\\/32cc89e801dfcbad3a54f91da7f2ea06\"},\"headline\":\"Mortal incendio forestal en Grecia deja dos muertos y un ni\u00f1o desaparecido (19:42)\",\"datePublished\":\"2026-06-30T23:42:44+00:00\",\"mainEntityOfPage\":{\"@id\":\"https:\\\/\\\/www.eldiario.net\\\/portal\\\/2026\\\/06\\\/30\\\/mortal-incendio-forestal-en-grecia-deja-dos-muertos-y-un-nino-desaparecido-1942\\\/\"},\"wordCount\":165,\"publisher\":{\"@id\":\"https:\\\/\\\/www.eldiario.net\\\/portal\\\/#organization\"},\"image\":{\"@id\":\"https:\\\/\\\/www.eldiario.net\\\/portal\\\/2026\\\/06\\\/30\\\/mortal-incendio-forestal-en-grecia-deja-dos-muertos-y-un-nino-desaparecido-1942\\\/#primaryimage\"},\"thumbnailUrl\":\"https:\\\/\\\/www.eldiario.net\\\/portal\\\/wp-content\\\/uploads\\\/2026\\\/06\\\/incendio-grecia-30.06.26-copia.webp\",\"articleSection\":[\"\u00daltima Hora\"],\"inLanguage\":\"es\"},{\"@type\":\"WebPage\",\"@id\":\"https:\\\/\\\/www.eldiario.net\\\/portal\\\/2026\\\/06\\\/30\\\/mortal-incendio-forestal-en-grecia-deja-dos-muertos-y-un-nino-desaparecido-1942\\\/\",\"url\":\"https:\\\/\\\/www.eldiario.net\\\/portal\\\/2026\\\/06\\\/30\\\/mortal-incendio-forestal-en-grecia-deja-dos-muertos-y-un-nino-desaparecido-1942\\\/\",\"name\":\"Mortal incendio forestal en Grecia deja dos muertos y un ni\u00f1o desaparecido (19:42) - El Diario - Bolivia\",\"isPartOf\":{\"@id\":\"https:\\\/\\\/www.eldiario.net\\\/portal\\\/#website\"},\"primaryImageOfPage\":{\"@id\":\"https:\\\/\\\/www.eldiario.net\\\/portal\\\/2026\\\/06\\\/30\\\/mortal-incendio-forestal-en-grecia-deja-dos-muertos-y-un-nino-desaparecido-1942\\\/#primaryimage\"},\"image\":{\"@id\":\"https:\\\/\\\/www.eldiario.net\\\/portal\\\/2026\\\/06\\\/30\\\/mortal-incendio-forestal-en-grecia-deja-dos-muertos-y-un-nino-desaparecido-1942\\\/#primaryimage\"},\"thumbnailUrl\":\"https:\\\/\\\/www.eldiario.net\\\/portal\\\/wp-content\\\/uploads\\\/2026\\\/06\\\/incendio-grecia-30.06.26-copia.webp\",\"datePublished\":\"2026-06-30T23:42:44+00:00\",\"breadcrumb\":{\"@id\":\"https:\\\/\\\/www.eldiario.net\\\/portal\\\/2026\\\/06\\\/30\\\/mortal-incendio-forestal-en-grecia-deja-dos-muertos-y-un-nino-desaparecido-1942\\\/#breadcrumb\"},\"inLanguage\":\"es\",\"potentialAction\":[{\"@type\":\"ReadAction\",\"target\":[\"https:\\\/\\\/www.eldiario.net\\\/portal\\\/2026\\\/06\\\/30\\\/mortal-incendio-forestal-en-grecia-deja-dos-muertos-y-un-nino-desaparecido-1942\\\/\"]}]},{\"@type\":\"ImageObject\",\"inLanguage\":\"es\",\"@id\":\"https:\\\/\\\/www.eldiario.net\\\/portal\\\/2026\\\/06\\\/30\\\/mortal-incendio-forestal-en-grecia-deja-dos-muertos-y-un-nino-desaparecido-1942\\\/#primaryimage\",\"url\":\"https:\\\/\\\/www.eldiario.net\\\/portal\\\/wp-content\\\/uploads\\\/2026\\\/06\\\/incendio-grecia-30.06.26-copia.webp\",\"contentUrl\":\"https:\\\/\\\/www.eldiario.net\\\/portal\\\/wp-content\\\/uploads\\\/2026\\\/06\\\/incendio-grecia-30.06.26-copia.webp\",\"width\":500,\"height\":520,\"caption\":\"Foto: Captura de video\"},{\"@type\":\"BreadcrumbList\",\"@id\":\"https:\\\/\\\/www.eldiario.net\\\/portal\\\/2026\\\/06\\\/30\\\/mortal-incendio-forestal-en-grecia-deja-dos-muertos-y-un-nino-desaparecido-1942\\\/#breadcrumb\",\"itemListElement\":[{\"@type\":\"ListItem\",\"position\":1,\"name\":\"Portada\",\"item\":\"https:\\\/\\\/www.eldiario.net\\\/portal\\\/\"},{\"@type\":\"ListItem\",\"position\":2,\"name\":\"Mortal incendio forestal en Grecia deja dos muertos y un ni\u00f1o desaparecido (19:42)\"}]},{\"@type\":\"WebSite\",\"@id\":\"https:\\\/\\\/www.eldiario.net\\\/portal\\\/#website\",\"url\":\"https:\\\/\\\/www.eldiario.net\\\/portal\\\/\",\"name\":\"El Diario - Decano de la prensa nacional\",\"description\":\"El Diario - Decano de la prensa nacional\",\"publisher\":{\"@id\":\"https:\\\/\\\/www.eldiario.net\\\/portal\\\/#organization\"},\"potentialAction\":[{\"@type\":\"SearchAction\",\"target\":{\"@type\":\"EntryPoint\",\"urlTemplate\":\"https:\\\/\\\/www.eldiario.net\\\/portal\\\/?s={search_term_string}\"},\"query-input\":{\"@type\":\"PropertyValueSpecification\",\"valueRequired\":true,\"valueName\":\"search_term_string\"}}],\"inLanguage\":\"es\"},{\"@type\":\"Organization\",\"@id\":\"https:\\\/\\\/www.eldiario.net\\\/portal\\\/#organization\",\"name\":\"El Diario - Decano de la prensa nacional\",\"url\":\"https:\\\/\\\/www.eldiario.net\\\/portal\\\/\",\"logo\":{\"@type\":\"ImageObject\",\"inLanguage\":\"es\",\"@id\":\"https:\\\/\\\/www.eldiario.net\\\/portal\\\/#\\\/schema\\\/logo\\\/image\\\/\",\"url\":\"https:\\\/\\\/www.eldiario.net\\\/portal\\\/wp-content\\\/uploads\\\/2023\\\/07\\\/logo_ED.jpg\",\"contentUrl\":\"https:\\\/\\\/www.eldiario.net\\\/portal\\\/wp-content\\\/uploads\\\/2023\\\/07\\\/logo_ED.jpg\",\"width\":272,\"height\":52,\"caption\":\"El Diario - Decano de la prensa nacional\"},\"image\":{\"@id\":\"https:\\\/\\\/www.eldiario.net\\\/portal\\\/#\\\/schema\\\/logo\\\/image\\\/\"},\"sameAs\":[\"https:\\\/\\\/www.facebook.com\\\/eldiario.bolivia\\\/\",\"https:\\\/\\\/x.com\\\/eldiario_net\"]},{\"@type\":\"Person\",\"@id\":\"https:\\\/\\\/www.eldiario.net\\\/portal\\\/#\\\/schema\\\/person\\\/32cc89e801dfcbad3a54f91da7f2ea06\",\"name\":\"Viviana Monrroy\",\"image\":{\"@type\":\"ImageObject\",\"inLanguage\":\"es\",\"@id\":\"https:\\\/\\\/secure.gravatar.com\\\/avatar\\\/dfd1611ed5600959a0e5a9754503b6c05d1dcf190010998e0363aee2ad98afca?s=96&d=mm&r=g\",\"url\":\"https:\\\/\\\/secure.gravatar.com\\\/avatar\\\/dfd1611ed5600959a0e5a9754503b6c05d1dcf190010998e0363aee2ad98afca?s=96&d=mm&r=g\",\"contentUrl\":\"https:\\\/\\\/secure.gravatar.com\\\/avatar\\\/dfd1611ed5600959a0e5a9754503b6c05d1dcf190010998e0363aee2ad98afca?s=96&d=mm&r=g\",\"caption\":\"Viviana Monrroy\"},\"sameAs\":[\"http:\\\/\\\/www.eldiario.net\"],\"url\":\"https:\\\/\\\/www.eldiario.net\\\/portal\\\/author\\\/vivianamonrroy\\\/\"}]}<\/script>\n<!-- \/ Yoast SEO plugin. -->","yoast_head_json":{"title":"Mortal incendio forestal en Grecia deja dos muertos y un ni\u00f1o desaparecido (19:42) - El Diario - Bolivia","robots":{"index":"index","follow":"follow","max-snippet":"max-snippet:-1","max-image-preview":"max-image-preview:large","max-video-preview":"max-video-preview:-1"},"canonical":"https:\/\/www.eldiario.net\/portal\/2026\/06\/30\/mortal-incendio-forestal-en-grecia-deja-dos-muertos-y-un-nino-desaparecido-1942\/","og_locale":"es_ES","og_type":"article","og_title":"Mortal incendio forestal en Grecia deja dos muertos y un ni\u00f1o desaparecido (19:42) - El Diario - Bolivia","og_description":"Un incendio forestal fuera de control al norte de Grecia ha cobrado la vida de dos personas y obligado a evacuar de emergencia el pueblo de Liti, a unos 15 kil\u00f3metros de Tesal\u00f3nica. Las autoridades hallaron el cuerpo de un hombre en una zona calcinada y un segundo cad\u00e1ver dentro de una vivienda boscosa, desde [&hellip;]","og_url":"https:\/\/www.eldiario.net\/portal\/2026\/06\/30\/mortal-incendio-forestal-en-grecia-deja-dos-muertos-y-un-nino-desaparecido-1942\/","og_site_name":"El Diario - Bolivia","article_publisher":"https:\/\/www.facebook.com\/eldiario.bolivia\/","article_published_time":"2026-06-30T23:42:44+00:00","og_image":[{"width":500,"height":520,"url":"https:\/\/www.eldiario.net\/portal\/wp-content\/uploads\/2026\/06\/incendio-grecia-30.06.26-copia.webp","type":"image\/webp"}],"author":"Viviana Monrroy","twitter_card":"summary_large_image","twitter_creator":"@eldiario_net","twitter_site":"@eldiario_net","twitter_misc":{"Escrito por":"Viviana Monrroy","Tiempo de lectura":"1 minuto"},"schema":{"@context":"https:\/\/schema.org","@graph":[{"@type":"Article","@id":"https:\/\/www.eldiario.net\/portal\/2026\/06\/30\/mortal-incendio-forestal-en-grecia-deja-dos-muertos-y-un-nino-desaparecido-1942\/#article","isPartOf":{"@id":"https:\/\/www.eldiario.net\/portal\/2026\/06\/30\/mortal-incendio-forestal-en-grecia-deja-dos-muertos-y-un-nino-desaparecido-1942\/"},"author":{"name":"Viviana Monrroy","@id":"https:\/\/www.eldiario.net\/portal\/#\/schema\/person\/32cc89e801dfcbad3a54f91da7f2ea06"},"headline":"Mortal incendio forestal en Grecia deja dos muertos y un ni\u00f1o desaparecido (19:42)","datePublished":"2026-06-30T23:42:44+00:00","mainEntityOfPage":{"@id":"https:\/\/www.eldiario.net\/portal\/2026\/06\/30\/mortal-incendio-forestal-en-grecia-deja-dos-muertos-y-un-nino-desaparecido-1942\/"},"wordCount":165,"publisher":{"@id":"https:\/\/www.eldiario.net\/portal\/#organization"},"image":{"@id":"https:\/\/www.eldiario.net\/portal\/2026\/06\/30\/mortal-incendio-forestal-en-grecia-deja-dos-muertos-y-un-nino-desaparecido-1942\/#primaryimage"},"thumbnailUrl":"https:\/\/www.eldiario.net\/portal\/wp-content\/uploads\/2026\/06\/incendio-grecia-30.06.26-copia.webp","articleSection":["\u00daltima Hora"],"inLanguage":"es"},{"@type":"WebPage","@id":"https:\/\/www.eldiario.net\/portal\/2026\/06\/30\/mortal-incendio-forestal-en-grecia-deja-dos-muertos-y-un-nino-desaparecido-1942\/","url":"https:\/\/www.eldiario.net\/portal\/2026\/06\/30\/mortal-incendio-forestal-en-grecia-deja-dos-muertos-y-un-nino-desaparecido-1942\/","name":"Mortal incendio forestal en Grecia deja dos muertos y un ni\u00f1o desaparecido (19:42) - El Diario - Bolivia","isPartOf":{"@id":"https:\/\/www.eldiario.net\/portal\/#website"},"primaryImageOfPage":{"@id":"https:\/\/www.eldiario.net\/portal\/2026\/06\/30\/mortal-incendio-forestal-en-grecia-deja-dos-muertos-y-un-nino-desaparecido-1942\/#primaryimage"},"image":{"@id":"https:\/\/www.eldiario.net\/portal\/2026\/06\/30\/mortal-incendio-forestal-en-grecia-deja-dos-muertos-y-un-nino-desaparecido-1942\/#primaryimage"},"thumbnailUrl":"https:\/\/www.eldiario.net\/portal\/wp-content\/uploads\/2026\/06\/incendio-grecia-30.06.26-copia.webp","datePublished":"2026-06-30T23:42:44+00:00","breadcrumb":{"@id":"https:\/\/www.eldiario.net\/portal\/2026\/06\/30\/mortal-incendio-forestal-en-grecia-deja-dos-muertos-y-un-nino-desaparecido-1942\/#breadcrumb"},"inLanguage":"es","potentialAction":[{"@type":"ReadAction","target":["https:\/\/www.eldiario.net\/portal\/2026\/06\/30\/mortal-incendio-forestal-en-grecia-deja-dos-muertos-y-un-nino-desaparecido-1942\/"]}]},{"@type":"ImageObject","inLanguage":"es","@id":"https:\/\/www.eldiario.net\/portal\/2026\/06\/30\/mortal-incendio-forestal-en-grecia-deja-dos-muertos-y-un-nino-desaparecido-1942\/#primaryimage","url":"https:\/\/www.eldiario.net\/portal\/wp-content\/uploads\/2026\/06\/incendio-grecia-30.06.26-copia.webp","contentUrl":"https:\/\/www.eldiario.net\/portal\/wp-content\/uploads\/2026\/06\/incendio-grecia-30.06.26-copia.webp","width":500,"height":520,"caption":"Foto: Captura de video"},{"@type":"BreadcrumbList","@id":"https:\/\/www.eldiario.net\/portal\/2026\/06\/30\/mortal-incendio-forestal-en-grecia-deja-dos-muertos-y-un-nino-desaparecido-1942\/#breadcrumb","itemListElement":[{"@type":"ListItem","position":1,"name":"Portada","item":"https:\/\/www.eldiario.net\/portal\/"},{"@type":"ListItem","position":2,"name":"Mortal incendio forestal en Grecia deja dos muertos y un ni\u00f1o desaparecido (19:42)"}]},{"@type":"WebSite","@id":"https:\/\/www.eldiario.net\/portal\/#website","url":"https:\/\/www.eldiario.net\/portal\/","name":"El Diario - Decano de la prensa nacional","description":"El Diario - Decano de la prensa nacional","publisher":{"@id":"https:\/\/www.eldiario.net\/portal\/#organization"},"potentialAction":[{"@type":"SearchAction","target":{"@type":"EntryPoint","urlTemplate":"https:\/\/www.eldiario.net\/portal\/?s={search_term_string}"},"query-input":{"@type":"PropertyValueSpecification","valueRequired":true,"valueName":"search_term_string"}}],"inLanguage":"es"},{"@type":"Organization","@id":"https:\/\/www.eldiario.net\/portal\/#organization","name":"El Diario - Decano de la prensa nacional","url":"https:\/\/www.eldiario.net\/portal\/","logo":{"@type":"ImageObject","inLanguage":"es","@id":"https:\/\/www.eldiario.net\/portal\/#\/schema\/logo\/image\/","url":"https:\/\/www.eldiario.net\/portal\/wp-content\/uploads\/2023\/07\/logo_ED.jpg","contentUrl":"https:\/\/www.eldiario.net\/portal\/wp-content\/uploads\/2023\/07\/logo_ED.jpg","width":272,"height":52,"caption":"El Diario - Decano de la prensa nacional"},"image":{"@id":"https:\/\/www.eldiario.net\/portal\/#\/schema\/logo\/image\/"},"sameAs":["https:\/\/www.facebook.com\/eldiario.bolivia\/","https:\/\/x.com\/eldiario_net"]},{"@type":"Person","@id":"https:\/\/www.eldiario.net\/portal\/#\/schema\/person\/32cc89e801dfcbad3a54f91da7f2ea06","name":"Viviana Monrroy","image":{"@type":"ImageObject","inLanguage":"es","@id":"https:\/\/secure.gravatar.com\/avatar\/dfd1611ed5600959a0e5a9754503b6c05d1dcf190010998e0363aee2ad98afca?s=96&d=mm&r=g","url":"https:\/\/secure.gravatar.com\/avatar\/dfd1611ed5600959a0e5a9754503b6c05d1dcf190010998e0363aee2ad98afca?s=96&d=mm&r=g","contentUrl":"https:\/\/secure.gravatar.com\/avatar\/dfd1611ed5600959a0e5a9754503b6c05d1dcf190010998e0363aee2ad98afca?s=96&d=mm&r=g","caption":"Viviana Monrroy"},"sameAs":["http:\/\/www.eldiario.net"],"url":"https:\/\/www.eldiario.net\/portal\/author\/vivianamonrroy\/"}]}},"_links":{"self":[{"href":"https:\/\/www.eldiario.net\/portal\/wp-json\/wp\/v2\/posts\/408544","targetHints":{"allow":["GET"]}}],"collection":[{"href":"https:\/\/www.eldiario.net\/portal\/wp-json\/wp\/v2\/posts"}],"about":[{"href":"https:\/\/www.eldiario.net\/portal\/wp-json\/wp\/v2\/types\/post"}],"author":[{"embeddable":true,"href":"https:\/\/www.eldiario.net\/portal\/wp-json\/wp\/v2\/users\/7"}],"replies":[{"embeddable":true,"href":"https:\/\/www.eldiario.net\/portal\/wp-json\/wp\/v2\/comments?post=408544"}],"version-history":[{"count":1,"href":"https:\/\/www.eldiario.net\/portal\/wp-json\/wp\/v2\/posts\/408544\/revisions"}],"predecessor-version":[{"id":408546,"href":"https:\/\/www.eldiario.net\/portal\/wp-json\/wp\/v2\/posts\/408544\/revisions\/408546"}],"wp:featuredmedia":[{"embeddable":true,"href":"https:\/\/www.eldiario.net\/portal\/wp-json\/wp\/v2\/media\/408545"}],"wp:attachment":[{"href":"https:\/\/www.eldiario.net\/portal\/wp-json\/wp\/v2\/media?parent=408544"}],"wp:term":[{"taxonomy":"category","embeddable":true,"href":"https:\/\/www.eldiario.net\/portal\/wp-json\/wp\/v2\/categories?post=408544"},{"taxonomy":"post_tag","embeddable":true,"href":"https:\/\/www.eldiario.net\/portal\/wp-json\/wp\/v2\/tags?post=408544"}],"curies":[{"name":"wp","href":"https:\/\/api.w.org\/{rel}","templated":true}]}}