{"id":408540,"date":"2026-06-30T19:31:19","date_gmt":"2026-06-30T23:31:19","guid":{"rendered":"https:\/\/www.eldiario.net\/portal\/?p=408540"},"modified":"2026-06-30T19:31:19","modified_gmt":"2026-06-30T23:31:19","slug":"israel-explosion-de-un-coche-bomba-por-violencia-de-bandas-1932","status":"publish","type":"post","link":"https:\/\/www.eldiario.net\/portal\/2026\/06\/30\/israel-explosion-de-un-coche-bomba-por-violencia-de-bandas-1932\/","title":{"rendered":"Israel: explosi\u00f3n de un coche bomba por violencia de bandas (19:32)"},"content":{"rendered":"<p>Un hombre, identificado como Rabee Abu Haikal, muri\u00f3 este martes despu\u00e9s de la explosi\u00f3n del coche bomba en el que viajaba en una concurrida calle de Haifa, al norte de Israel.<\/p>\n<p>Aunque el suceso ocurre en un contexto de fragilidad por el alto el fuego con el L\u00edbano y los choques armados entre Israel y Hezbol\u00e1, la polic\u00eda israel\u00ed atribuy\u00f3 el ataque a la violencia de bandas dentro de la comunidad \u00e1rabe del pa\u00eds, confirmando los antecedentes penales de la v\u00edctima.<\/p>\n<p data-path-to-node=\"2\">El servicio de emergencias Magen David Adom declar\u00f3 al individuo muerto en el lugar luego de quedar el veh\u00edculo completamente envuelto en llamas.<\/p>\n<p>Este ataque se suma a una reciente ola de violencia criminal en territorio israel\u00ed, que incluye otros dos atentados con coche bomba perpetrados el pasado domingo con saldo de un fallecido y dos heridos, adem\u00e1s de tres muertes adicionales bajo la misma modalidad a principios de mes. (Agencias)<\/p>\n","protected":false},"excerpt":{"rendered":"<p>Un hombre, identificado como Rabee Abu Haikal, muri\u00f3 este martes despu\u00e9s de la explosi\u00f3n del coche bomba en el que viajaba en una concurrida calle de Haifa, al norte de Israel. Aunque el suceso ocurre en un contexto de fragilidad por el alto el fuego con el L\u00edbano y los choques armados entre Israel y [&hellip;]<\/p>\n","protected":false},"author":7,"featured_media":408541,"comment_status":"closed","ping_status":"open","sticky":false,"template":"","format":"standard","meta":{"_acf_changed":false,"footnotes":""},"categories":[51],"tags":[],"class_list":["post-408540","post","type-post","status-publish","format-standard","has-post-thumbnail","category-ultima-hora"],"acf":{"antetitulo":""},"yoast_head":"<!-- This site is optimized with the Yoast SEO plugin v28.4 - https:\/\/yoast.com\/product\/yoast-seo-wordpress\/ -->\n<title>Israel: explosi\u00f3n de un coche bomba por violencia de bandas (19:32) - El Diario - Bolivia<\/title>\n<meta name=\"robots\" content=\"index, follow, max-snippet:-1, max-image-preview:large, max-video-preview:-1\" \/>\n<link rel=\"canonical\" href=\"https:\/\/www.eldiario.net\/portal\/2026\/06\/30\/israel-explosion-de-un-coche-bomba-por-violencia-de-bandas-1932\/\" \/>\n<meta property=\"og:locale\" content=\"es_ES\" \/>\n<meta property=\"og:type\" content=\"article\" \/>\n<meta property=\"og:title\" content=\"Israel: explosi\u00f3n de un coche bomba por violencia de bandas (19:32) - El Diario - Bolivia\" \/>\n<meta property=\"og:description\" content=\"Un hombre, identificado como Rabee Abu Haikal, muri\u00f3 este martes despu\u00e9s de la explosi\u00f3n del coche bomba en el que viajaba en una concurrida calle de Haifa, al norte de Israel. Aunque el suceso ocurre en un contexto de fragilidad por el alto el fuego con el L\u00edbano y los choques armados entre Israel y [&hellip;]\" \/>\n<meta property=\"og:url\" content=\"https:\/\/www.eldiario.net\/portal\/2026\/06\/30\/israel-explosion-de-un-coche-bomba-por-violencia-de-bandas-1932\/\" \/>\n<meta property=\"og:site_name\" content=\"El Diario - Bolivia\" \/>\n<meta property=\"article:publisher\" content=\"https:\/\/www.facebook.com\/eldiario.bolivia\/\" \/>\n<meta property=\"article:published_time\" content=\"2026-06-30T23:31:19+00:00\" \/>\n<meta property=\"og:image\" content=\"https:\/\/www.eldiario.net\/portal\/wp-content\/uploads\/2026\/06\/israel-atentado-30.06.26-copia.webp\" \/>\n\t<meta property=\"og:image:width\" content=\"489\" \/>\n\t<meta property=\"og:image:height\" content=\"600\" \/>\n\t<meta property=\"og:image:type\" content=\"image\/webp\" \/>\n<meta name=\"author\" content=\"Viviana Monrroy\" \/>\n<meta name=\"twitter:card\" content=\"summary_large_image\" \/>\n<meta name=\"twitter:creator\" content=\"@eldiario_net\" \/>\n<meta name=\"twitter:site\" content=\"@eldiario_net\" \/>\n<meta name=\"twitter:label1\" content=\"Escrito por\" \/>\n\t<meta name=\"twitter:data1\" content=\"Viviana Monrroy\" \/>\n\t<meta name=\"twitter:label2\" content=\"Tiempo de lectura\" \/>\n\t<meta name=\"twitter:data2\" content=\"1 minuto\" \/>\n<script type=\"application\/ld+json\" class=\"yoast-schema-graph\">{\"@context\":\"https:\\\/\\\/schema.org\",\"@graph\":[{\"@type\":\"Article\",\"@id\":\"https:\\\/\\\/www.eldiario.net\\\/portal\\\/2026\\\/06\\\/30\\\/israel-explosion-de-un-coche-bomba-por-violencia-de-bandas-1932\\\/#article\",\"isPartOf\":{\"@id\":\"https:\\\/\\\/www.eldiario.net\\\/portal\\\/2026\\\/06\\\/30\\\/israel-explosion-de-un-coche-bomba-por-violencia-de-bandas-1932\\\/\"},\"author\":{\"name\":\"Viviana Monrroy\",\"@id\":\"https:\\\/\\\/www.eldiario.net\\\/portal\\\/#\\\/schema\\\/person\\\/32cc89e801dfcbad3a54f91da7f2ea06\"},\"headline\":\"Israel: explosi\u00f3n de un coche bomba por violencia de bandas (19:32)\",\"datePublished\":\"2026-06-30T23:31:19+00:00\",\"mainEntityOfPage\":{\"@id\":\"https:\\\/\\\/www.eldiario.net\\\/portal\\\/2026\\\/06\\\/30\\\/israel-explosion-de-un-coche-bomba-por-violencia-de-bandas-1932\\\/\"},\"wordCount\":171,\"publisher\":{\"@id\":\"https:\\\/\\\/www.eldiario.net\\\/portal\\\/#organization\"},\"image\":{\"@id\":\"https:\\\/\\\/www.eldiario.net\\\/portal\\\/2026\\\/06\\\/30\\\/israel-explosion-de-un-coche-bomba-por-violencia-de-bandas-1932\\\/#primaryimage\"},\"thumbnailUrl\":\"https:\\\/\\\/www.eldiario.net\\\/portal\\\/wp-content\\\/uploads\\\/2026\\\/06\\\/israel-atentado-30.06.26-copia.webp\",\"articleSection\":[\"\u00daltima Hora\"],\"inLanguage\":\"es\"},{\"@type\":\"WebPage\",\"@id\":\"https:\\\/\\\/www.eldiario.net\\\/portal\\\/2026\\\/06\\\/30\\\/israel-explosion-de-un-coche-bomba-por-violencia-de-bandas-1932\\\/\",\"url\":\"https:\\\/\\\/www.eldiario.net\\\/portal\\\/2026\\\/06\\\/30\\\/israel-explosion-de-un-coche-bomba-por-violencia-de-bandas-1932\\\/\",\"name\":\"Israel: explosi\u00f3n de un coche bomba por violencia de bandas (19:32) - El Diario - Bolivia\",\"isPartOf\":{\"@id\":\"https:\\\/\\\/www.eldiario.net\\\/portal\\\/#website\"},\"primaryImageOfPage\":{\"@id\":\"https:\\\/\\\/www.eldiario.net\\\/portal\\\/2026\\\/06\\\/30\\\/israel-explosion-de-un-coche-bomba-por-violencia-de-bandas-1932\\\/#primaryimage\"},\"image\":{\"@id\":\"https:\\\/\\\/www.eldiario.net\\\/portal\\\/2026\\\/06\\\/30\\\/israel-explosion-de-un-coche-bomba-por-violencia-de-bandas-1932\\\/#primaryimage\"},\"thumbnailUrl\":\"https:\\\/\\\/www.eldiario.net\\\/portal\\\/wp-content\\\/uploads\\\/2026\\\/06\\\/israel-atentado-30.06.26-copia.webp\",\"datePublished\":\"2026-06-30T23:31:19+00:00\",\"breadcrumb\":{\"@id\":\"https:\\\/\\\/www.eldiario.net\\\/portal\\\/2026\\\/06\\\/30\\\/israel-explosion-de-un-coche-bomba-por-violencia-de-bandas-1932\\\/#breadcrumb\"},\"inLanguage\":\"es\",\"potentialAction\":[{\"@type\":\"ReadAction\",\"target\":[\"https:\\\/\\\/www.eldiario.net\\\/portal\\\/2026\\\/06\\\/30\\\/israel-explosion-de-un-coche-bomba-por-violencia-de-bandas-1932\\\/\"]}]},{\"@type\":\"ImageObject\",\"inLanguage\":\"es\",\"@id\":\"https:\\\/\\\/www.eldiario.net\\\/portal\\\/2026\\\/06\\\/30\\\/israel-explosion-de-un-coche-bomba-por-violencia-de-bandas-1932\\\/#primaryimage\",\"url\":\"https:\\\/\\\/www.eldiario.net\\\/portal\\\/wp-content\\\/uploads\\\/2026\\\/06\\\/israel-atentado-30.06.26-copia.webp\",\"contentUrl\":\"https:\\\/\\\/www.eldiario.net\\\/portal\\\/wp-content\\\/uploads\\\/2026\\\/06\\\/israel-atentado-30.06.26-copia.webp\",\"width\":489,\"height\":600,\"caption\":\"Foto: RR.SS.\"},{\"@type\":\"BreadcrumbList\",\"@id\":\"https:\\\/\\\/www.eldiario.net\\\/portal\\\/2026\\\/06\\\/30\\\/israel-explosion-de-un-coche-bomba-por-violencia-de-bandas-1932\\\/#breadcrumb\",\"itemListElement\":[{\"@type\":\"ListItem\",\"position\":1,\"name\":\"Portada\",\"item\":\"https:\\\/\\\/www.eldiario.net\\\/portal\\\/\"},{\"@type\":\"ListItem\",\"position\":2,\"name\":\"Israel: explosi\u00f3n de un coche bomba por violencia de bandas (19:32)\"}]},{\"@type\":\"WebSite\",\"@id\":\"https:\\\/\\\/www.eldiario.net\\\/portal\\\/#website\",\"url\":\"https:\\\/\\\/www.eldiario.net\\\/portal\\\/\",\"name\":\"El Diario - Decano de la prensa nacional\",\"description\":\"El Diario - Decano de la prensa nacional\",\"publisher\":{\"@id\":\"https:\\\/\\\/www.eldiario.net\\\/portal\\\/#organization\"},\"potentialAction\":[{\"@type\":\"SearchAction\",\"target\":{\"@type\":\"EntryPoint\",\"urlTemplate\":\"https:\\\/\\\/www.eldiario.net\\\/portal\\\/?s={search_term_string}\"},\"query-input\":{\"@type\":\"PropertyValueSpecification\",\"valueRequired\":true,\"valueName\":\"search_term_string\"}}],\"inLanguage\":\"es\"},{\"@type\":\"Organization\",\"@id\":\"https:\\\/\\\/www.eldiario.net\\\/portal\\\/#organization\",\"name\":\"El Diario - Decano de la prensa nacional\",\"url\":\"https:\\\/\\\/www.eldiario.net\\\/portal\\\/\",\"logo\":{\"@type\":\"ImageObject\",\"inLanguage\":\"es\",\"@id\":\"https:\\\/\\\/www.eldiario.net\\\/portal\\\/#\\\/schema\\\/logo\\\/image\\\/\",\"url\":\"https:\\\/\\\/www.eldiario.net\\\/portal\\\/wp-content\\\/uploads\\\/2023\\\/07\\\/logo_ED.jpg\",\"contentUrl\":\"https:\\\/\\\/www.eldiario.net\\\/portal\\\/wp-content\\\/uploads\\\/2023\\\/07\\\/logo_ED.jpg\",\"width\":272,\"height\":52,\"caption\":\"El Diario - Decano de la prensa nacional\"},\"image\":{\"@id\":\"https:\\\/\\\/www.eldiario.net\\\/portal\\\/#\\\/schema\\\/logo\\\/image\\\/\"},\"sameAs\":[\"https:\\\/\\\/www.facebook.com\\\/eldiario.bolivia\\\/\",\"https:\\\/\\\/x.com\\\/eldiario_net\"]},{\"@type\":\"Person\",\"@id\":\"https:\\\/\\\/www.eldiario.net\\\/portal\\\/#\\\/schema\\\/person\\\/32cc89e801dfcbad3a54f91da7f2ea06\",\"name\":\"Viviana Monrroy\",\"image\":{\"@type\":\"ImageObject\",\"inLanguage\":\"es\",\"@id\":\"https:\\\/\\\/secure.gravatar.com\\\/avatar\\\/dfd1611ed5600959a0e5a9754503b6c05d1dcf190010998e0363aee2ad98afca?s=96&d=mm&r=g\",\"url\":\"https:\\\/\\\/secure.gravatar.com\\\/avatar\\\/dfd1611ed5600959a0e5a9754503b6c05d1dcf190010998e0363aee2ad98afca?s=96&d=mm&r=g\",\"contentUrl\":\"https:\\\/\\\/secure.gravatar.com\\\/avatar\\\/dfd1611ed5600959a0e5a9754503b6c05d1dcf190010998e0363aee2ad98afca?s=96&d=mm&r=g\",\"caption\":\"Viviana Monrroy\"},\"sameAs\":[\"http:\\\/\\\/www.eldiario.net\"],\"url\":\"https:\\\/\\\/www.eldiario.net\\\/portal\\\/author\\\/vivianamonrroy\\\/\"}]}<\/script>\n<!-- \/ Yoast SEO plugin. -->","yoast_head_json":{"title":"Israel: explosi\u00f3n de un coche bomba por violencia de bandas (19:32) - El Diario - Bolivia","robots":{"index":"index","follow":"follow","max-snippet":"max-snippet:-1","max-image-preview":"max-image-preview:large","max-video-preview":"max-video-preview:-1"},"canonical":"https:\/\/www.eldiario.net\/portal\/2026\/06\/30\/israel-explosion-de-un-coche-bomba-por-violencia-de-bandas-1932\/","og_locale":"es_ES","og_type":"article","og_title":"Israel: explosi\u00f3n de un coche bomba por violencia de bandas (19:32) - El Diario - Bolivia","og_description":"Un hombre, identificado como Rabee Abu Haikal, muri\u00f3 este martes despu\u00e9s de la explosi\u00f3n del coche bomba en el que viajaba en una concurrida calle de Haifa, al norte de Israel. Aunque el suceso ocurre en un contexto de fragilidad por el alto el fuego con el L\u00edbano y los choques armados entre Israel y [&hellip;]","og_url":"https:\/\/www.eldiario.net\/portal\/2026\/06\/30\/israel-explosion-de-un-coche-bomba-por-violencia-de-bandas-1932\/","og_site_name":"El Diario - Bolivia","article_publisher":"https:\/\/www.facebook.com\/eldiario.bolivia\/","article_published_time":"2026-06-30T23:31:19+00:00","og_image":[{"width":489,"height":600,"url":"https:\/\/www.eldiario.net\/portal\/wp-content\/uploads\/2026\/06\/israel-atentado-30.06.26-copia.webp","type":"image\/webp"}],"author":"Viviana Monrroy","twitter_card":"summary_large_image","twitter_creator":"@eldiario_net","twitter_site":"@eldiario_net","twitter_misc":{"Escrito por":"Viviana Monrroy","Tiempo de lectura":"1 minuto"},"schema":{"@context":"https:\/\/schema.org","@graph":[{"@type":"Article","@id":"https:\/\/www.eldiario.net\/portal\/2026\/06\/30\/israel-explosion-de-un-coche-bomba-por-violencia-de-bandas-1932\/#article","isPartOf":{"@id":"https:\/\/www.eldiario.net\/portal\/2026\/06\/30\/israel-explosion-de-un-coche-bomba-por-violencia-de-bandas-1932\/"},"author":{"name":"Viviana Monrroy","@id":"https:\/\/www.eldiario.net\/portal\/#\/schema\/person\/32cc89e801dfcbad3a54f91da7f2ea06"},"headline":"Israel: explosi\u00f3n de un coche bomba por violencia de bandas (19:32)","datePublished":"2026-06-30T23:31:19+00:00","mainEntityOfPage":{"@id":"https:\/\/www.eldiario.net\/portal\/2026\/06\/30\/israel-explosion-de-un-coche-bomba-por-violencia-de-bandas-1932\/"},"wordCount":171,"publisher":{"@id":"https:\/\/www.eldiario.net\/portal\/#organization"},"image":{"@id":"https:\/\/www.eldiario.net\/portal\/2026\/06\/30\/israel-explosion-de-un-coche-bomba-por-violencia-de-bandas-1932\/#primaryimage"},"thumbnailUrl":"https:\/\/www.eldiario.net\/portal\/wp-content\/uploads\/2026\/06\/israel-atentado-30.06.26-copia.webp","articleSection":["\u00daltima Hora"],"inLanguage":"es"},{"@type":"WebPage","@id":"https:\/\/www.eldiario.net\/portal\/2026\/06\/30\/israel-explosion-de-un-coche-bomba-por-violencia-de-bandas-1932\/","url":"https:\/\/www.eldiario.net\/portal\/2026\/06\/30\/israel-explosion-de-un-coche-bomba-por-violencia-de-bandas-1932\/","name":"Israel: explosi\u00f3n de un coche bomba por violencia de bandas (19:32) - El Diario - Bolivia","isPartOf":{"@id":"https:\/\/www.eldiario.net\/portal\/#website"},"primaryImageOfPage":{"@id":"https:\/\/www.eldiario.net\/portal\/2026\/06\/30\/israel-explosion-de-un-coche-bomba-por-violencia-de-bandas-1932\/#primaryimage"},"image":{"@id":"https:\/\/www.eldiario.net\/portal\/2026\/06\/30\/israel-explosion-de-un-coche-bomba-por-violencia-de-bandas-1932\/#primaryimage"},"thumbnailUrl":"https:\/\/www.eldiario.net\/portal\/wp-content\/uploads\/2026\/06\/israel-atentado-30.06.26-copia.webp","datePublished":"2026-06-30T23:31:19+00:00","breadcrumb":{"@id":"https:\/\/www.eldiario.net\/portal\/2026\/06\/30\/israel-explosion-de-un-coche-bomba-por-violencia-de-bandas-1932\/#breadcrumb"},"inLanguage":"es","potentialAction":[{"@type":"ReadAction","target":["https:\/\/www.eldiario.net\/portal\/2026\/06\/30\/israel-explosion-de-un-coche-bomba-por-violencia-de-bandas-1932\/"]}]},{"@type":"ImageObject","inLanguage":"es","@id":"https:\/\/www.eldiario.net\/portal\/2026\/06\/30\/israel-explosion-de-un-coche-bomba-por-violencia-de-bandas-1932\/#primaryimage","url":"https:\/\/www.eldiario.net\/portal\/wp-content\/uploads\/2026\/06\/israel-atentado-30.06.26-copia.webp","contentUrl":"https:\/\/www.eldiario.net\/portal\/wp-content\/uploads\/2026\/06\/israel-atentado-30.06.26-copia.webp","width":489,"height":600,"caption":"Foto: RR.SS."},{"@type":"BreadcrumbList","@id":"https:\/\/www.eldiario.net\/portal\/2026\/06\/30\/israel-explosion-de-un-coche-bomba-por-violencia-de-bandas-1932\/#breadcrumb","itemListElement":[{"@type":"ListItem","position":1,"name":"Portada","item":"https:\/\/www.eldiario.net\/portal\/"},{"@type":"ListItem","position":2,"name":"Israel: explosi\u00f3n de un coche bomba por violencia de bandas (19:32)"}]},{"@type":"WebSite","@id":"https:\/\/www.eldiario.net\/portal\/#website","url":"https:\/\/www.eldiario.net\/portal\/","name":"El Diario - Decano de la prensa nacional","description":"El Diario - Decano de la prensa nacional","publisher":{"@id":"https:\/\/www.eldiario.net\/portal\/#organization"},"potentialAction":[{"@type":"SearchAction","target":{"@type":"EntryPoint","urlTemplate":"https:\/\/www.eldiario.net\/portal\/?s={search_term_string}"},"query-input":{"@type":"PropertyValueSpecification","valueRequired":true,"valueName":"search_term_string"}}],"inLanguage":"es"},{"@type":"Organization","@id":"https:\/\/www.eldiario.net\/portal\/#organization","name":"El Diario - Decano de la prensa nacional","url":"https:\/\/www.eldiario.net\/portal\/","logo":{"@type":"ImageObject","inLanguage":"es","@id":"https:\/\/www.eldiario.net\/portal\/#\/schema\/logo\/image\/","url":"https:\/\/www.eldiario.net\/portal\/wp-content\/uploads\/2023\/07\/logo_ED.jpg","contentUrl":"https:\/\/www.eldiario.net\/portal\/wp-content\/uploads\/2023\/07\/logo_ED.jpg","width":272,"height":52,"caption":"El Diario - Decano de la prensa nacional"},"image":{"@id":"https:\/\/www.eldiario.net\/portal\/#\/schema\/logo\/image\/"},"sameAs":["https:\/\/www.facebook.com\/eldiario.bolivia\/","https:\/\/x.com\/eldiario_net"]},{"@type":"Person","@id":"https:\/\/www.eldiario.net\/portal\/#\/schema\/person\/32cc89e801dfcbad3a54f91da7f2ea06","name":"Viviana Monrroy","image":{"@type":"ImageObject","inLanguage":"es","@id":"https:\/\/secure.gravatar.com\/avatar\/dfd1611ed5600959a0e5a9754503b6c05d1dcf190010998e0363aee2ad98afca?s=96&d=mm&r=g","url":"https:\/\/secure.gravatar.com\/avatar\/dfd1611ed5600959a0e5a9754503b6c05d1dcf190010998e0363aee2ad98afca?s=96&d=mm&r=g","contentUrl":"https:\/\/secure.gravatar.com\/avatar\/dfd1611ed5600959a0e5a9754503b6c05d1dcf190010998e0363aee2ad98afca?s=96&d=mm&r=g","caption":"Viviana Monrroy"},"sameAs":["http:\/\/www.eldiario.net"],"url":"https:\/\/www.eldiario.net\/portal\/author\/vivianamonrroy\/"}]}},"_links":{"self":[{"href":"https:\/\/www.eldiario.net\/portal\/wp-json\/wp\/v2\/posts\/408540","targetHints":{"allow":["GET"]}}],"collection":[{"href":"https:\/\/www.eldiario.net\/portal\/wp-json\/wp\/v2\/posts"}],"about":[{"href":"https:\/\/www.eldiario.net\/portal\/wp-json\/wp\/v2\/types\/post"}],"author":[{"embeddable":true,"href":"https:\/\/www.eldiario.net\/portal\/wp-json\/wp\/v2\/users\/7"}],"replies":[{"embeddable":true,"href":"https:\/\/www.eldiario.net\/portal\/wp-json\/wp\/v2\/comments?post=408540"}],"version-history":[{"count":1,"href":"https:\/\/www.eldiario.net\/portal\/wp-json\/wp\/v2\/posts\/408540\/revisions"}],"predecessor-version":[{"id":408542,"href":"https:\/\/www.eldiario.net\/portal\/wp-json\/wp\/v2\/posts\/408540\/revisions\/408542"}],"wp:featuredmedia":[{"embeddable":true,"href":"https:\/\/www.eldiario.net\/portal\/wp-json\/wp\/v2\/media\/408541"}],"wp:attachment":[{"href":"https:\/\/www.eldiario.net\/portal\/wp-json\/wp\/v2\/media?parent=408540"}],"wp:term":[{"taxonomy":"category","embeddable":true,"href":"https:\/\/www.eldiario.net\/portal\/wp-json\/wp\/v2\/categories?post=408540"},{"taxonomy":"post_tag","embeddable":true,"href":"https:\/\/www.eldiario.net\/portal\/wp-json\/wp\/v2\/tags?post=408540"}],"curies":[{"name":"wp","href":"https:\/\/api.w.org\/{rel}","templated":true}]}}