{"id":407879,"date":"2026-06-28T10:14:16","date_gmt":"2026-06-28T14:14:16","guid":{"rendered":"https:\/\/www.eldiario.net\/portal\/?p=407879"},"modified":"2026-06-29T08:39:02","modified_gmt":"2026-06-29T12:39:02","slug":"harry-kane-hace-historia-al-igual-que-lionel-messi-y-rd-congo","status":"publish","type":"post","link":"https:\/\/www.eldiario.net\/portal\/2026\/06\/28\/harry-kane-hace-historia-al-igual-que-lionel-messi-y-rd-congo\/","title":{"rendered":"Harry Kane hace historia al igual que Lionel Messi y RD Congo"},"content":{"rendered":"<p>FIFA<\/p>\n<p>El s\u00e1bado fue el d\u00eda en que Harry Kane hizo historia con Inglaterra y Jude Bellingham brill\u00f3 bajo la lluvia del Estadio New York New Jersey.<\/p>\n<p>Kane marc\u00f3 de cabeza su und\u00e9cimo gol en la Copa Mundial de la FIFA\u2122 para superar a Gary Lineker como el m\u00e1ximo goleador de Inglaterra en la historia del torneo, en la victoria de los Three Lions sobre Panam\u00e1, impulsada por una actuaci\u00f3n sobresaliente de Bellingham.<\/p>\n<p>En el otro partido, Croacia pas\u00f3 un enorme susto ante Ghana, pero encontr\u00f3 el gol del triunfo en los minutos finales gracias a Nikola Vla\u0161i\u0107 para superar a los Black Stars y quedarse con el segundo lugar del grupo. Pese a la derrota, Ghana avanz\u00f3 a los dieciseisavos de final como uno de los ocho mejores terceros lugares.<\/p>\n<p>El duelo entre Colombia y Portugal en Miami era uno de los m\u00e1s esperados de la fase de grupos y estuvo a la altura de las expectativas, aunque termin\u00f3 con un empate sin goles. Mientras tanto, la Rep\u00fablica Democr\u00e1tica del Congo cerr\u00f3 la actividad del Grupo K con una vibrante victoria sobre Uzbekist\u00e1n y tambi\u00e9n asegur\u00f3 su lugar entre los ocho mejores terceros del torneo.<\/p>\n<p>Messi, por su parte, guard\u00f3 lo mejor para la final y marc\u00f3 su 19\u00ba gol en una Copa Mundial, ampliando a\u00fan m\u00e1s el r\u00e9cord que desarroll\u00f3 en este torneo, al convertir un tiro libre en la victoria de Argentina sobre Jordania. El otro partido del Grupo J, entre Argelia y Austria, fue un aut\u00e9ntico sube y baja que termin\u00f3 en un entretenido empate 3-3. (Foto AFA)<\/p>\n<p>&nbsp;<\/p>\n","protected":false},"excerpt":{"rendered":"<p>FIFA El s\u00e1bado fue el d\u00eda en que Harry Kane hizo historia con Inglaterra y Jude Bellingham brill\u00f3 bajo la lluvia del Estadio New York New Jersey. Kane marc\u00f3 de cabeza su und\u00e9cimo gol en la Copa Mundial de la FIFA\u2122 para superar a Gary Lineker como el m\u00e1ximo goleador de Inglaterra en la historia [&hellip;]<\/p>\n","protected":false},"author":3,"featured_media":407880,"comment_status":"closed","ping_status":"open","sticky":false,"template":"","format":"standard","meta":{"_acf_changed":false,"footnotes":""},"categories":[6],"tags":[],"class_list":["post-407879","post","type-post","status-publish","format-standard","has-post-thumbnail","category-deportes"],"acf":{"antetitulo":""},"yoast_head":"<!-- This site is optimized with the Yoast SEO plugin v28.3 - https:\/\/yoast.com\/product\/yoast-seo-wordpress\/ -->\n<title>Harry Kane hace historia al igual que Lionel Messi y RD Congo - El Diario - Bolivia<\/title>\n<meta name=\"robots\" content=\"index, follow, max-snippet:-1, max-image-preview:large, max-video-preview:-1\" \/>\n<link rel=\"canonical\" href=\"https:\/\/www.eldiario.net\/portal\/2026\/06\/28\/harry-kane-hace-historia-al-igual-que-lionel-messi-y-rd-congo\/\" \/>\n<meta property=\"og:locale\" content=\"es_ES\" \/>\n<meta property=\"og:type\" content=\"article\" \/>\n<meta property=\"og:title\" content=\"Harry Kane hace historia al igual que Lionel Messi y RD Congo - El Diario - Bolivia\" \/>\n<meta property=\"og:description\" content=\"FIFA El s\u00e1bado fue el d\u00eda en que Harry Kane hizo historia con Inglaterra y Jude Bellingham brill\u00f3 bajo la lluvia del Estadio New York New Jersey. Kane marc\u00f3 de cabeza su und\u00e9cimo gol en la Copa Mundial de la FIFA\u2122 para superar a Gary Lineker como el m\u00e1ximo goleador de Inglaterra en la historia [&hellip;]\" \/>\n<meta property=\"og:url\" content=\"https:\/\/www.eldiario.net\/portal\/2026\/06\/28\/harry-kane-hace-historia-al-igual-que-lionel-messi-y-rd-congo\/\" \/>\n<meta property=\"og:site_name\" content=\"El Diario - Bolivia\" \/>\n<meta property=\"article:publisher\" content=\"https:\/\/www.facebook.com\/eldiario.bolivia\/\" \/>\n<meta property=\"article:published_time\" content=\"2026-06-28T14:14:16+00:00\" \/>\n<meta property=\"article:modified_time\" content=\"2026-06-29T12:39:02+00:00\" \/>\n<meta property=\"og:image\" content=\"https:\/\/www.eldiario.net\/portal\/wp-content\/uploads\/2026\/06\/messi-tiro-libre-vale.webp\" \/>\n\t<meta property=\"og:image:width\" content=\"1080\" \/>\n\t<meta property=\"og:image:height\" content=\"648\" \/>\n\t<meta property=\"og:image:type\" content=\"image\/webp\" \/>\n<meta name=\"author\" content=\"Jhonny Mollinedo\" \/>\n<meta name=\"twitter:card\" content=\"summary_large_image\" \/>\n<meta name=\"twitter:creator\" content=\"@eldiario_net\" \/>\n<meta name=\"twitter:site\" content=\"@eldiario_net\" \/>\n<meta name=\"twitter:label1\" content=\"Escrito por\" \/>\n\t<meta name=\"twitter:data1\" content=\"Jhonny Mollinedo\" \/>\n\t<meta name=\"twitter:label2\" content=\"Tiempo de lectura\" \/>\n\t<meta name=\"twitter:data2\" content=\"2 minutos\" \/>\n<script type=\"application\/ld+json\" class=\"yoast-schema-graph\">{\"@context\":\"https:\\\/\\\/schema.org\",\"@graph\":[{\"@type\":\"Article\",\"@id\":\"https:\\\/\\\/www.eldiario.net\\\/portal\\\/2026\\\/06\\\/28\\\/harry-kane-hace-historia-al-igual-que-lionel-messi-y-rd-congo\\\/#article\",\"isPartOf\":{\"@id\":\"https:\\\/\\\/www.eldiario.net\\\/portal\\\/2026\\\/06\\\/28\\\/harry-kane-hace-historia-al-igual-que-lionel-messi-y-rd-congo\\\/\"},\"author\":{\"name\":\"Jhonny Mollinedo\",\"@id\":\"https:\\\/\\\/www.eldiario.net\\\/portal\\\/#\\\/schema\\\/person\\\/4827a631df9f245a7e27ab829ae89ae3\"},\"headline\":\"Harry Kane hace historia al igual que Lionel Messi y RD Congo\",\"datePublished\":\"2026-06-28T14:14:16+00:00\",\"dateModified\":\"2026-06-29T12:39:02+00:00\",\"mainEntityOfPage\":{\"@id\":\"https:\\\/\\\/www.eldiario.net\\\/portal\\\/2026\\\/06\\\/28\\\/harry-kane-hace-historia-al-igual-que-lionel-messi-y-rd-congo\\\/\"},\"wordCount\":289,\"publisher\":{\"@id\":\"https:\\\/\\\/www.eldiario.net\\\/portal\\\/#organization\"},\"image\":{\"@id\":\"https:\\\/\\\/www.eldiario.net\\\/portal\\\/2026\\\/06\\\/28\\\/harry-kane-hace-historia-al-igual-que-lionel-messi-y-rd-congo\\\/#primaryimage\"},\"thumbnailUrl\":\"https:\\\/\\\/www.eldiario.net\\\/portal\\\/wp-content\\\/uploads\\\/2026\\\/06\\\/messi-tiro-libre-vale.webp\",\"articleSection\":[\"Deportes\"],\"inLanguage\":\"es\"},{\"@type\":\"WebPage\",\"@id\":\"https:\\\/\\\/www.eldiario.net\\\/portal\\\/2026\\\/06\\\/28\\\/harry-kane-hace-historia-al-igual-que-lionel-messi-y-rd-congo\\\/\",\"url\":\"https:\\\/\\\/www.eldiario.net\\\/portal\\\/2026\\\/06\\\/28\\\/harry-kane-hace-historia-al-igual-que-lionel-messi-y-rd-congo\\\/\",\"name\":\"Harry Kane hace historia al igual que Lionel Messi y RD Congo - El Diario - Bolivia\",\"isPartOf\":{\"@id\":\"https:\\\/\\\/www.eldiario.net\\\/portal\\\/#website\"},\"primaryImageOfPage\":{\"@id\":\"https:\\\/\\\/www.eldiario.net\\\/portal\\\/2026\\\/06\\\/28\\\/harry-kane-hace-historia-al-igual-que-lionel-messi-y-rd-congo\\\/#primaryimage\"},\"image\":{\"@id\":\"https:\\\/\\\/www.eldiario.net\\\/portal\\\/2026\\\/06\\\/28\\\/harry-kane-hace-historia-al-igual-que-lionel-messi-y-rd-congo\\\/#primaryimage\"},\"thumbnailUrl\":\"https:\\\/\\\/www.eldiario.net\\\/portal\\\/wp-content\\\/uploads\\\/2026\\\/06\\\/messi-tiro-libre-vale.webp\",\"datePublished\":\"2026-06-28T14:14:16+00:00\",\"dateModified\":\"2026-06-29T12:39:02+00:00\",\"breadcrumb\":{\"@id\":\"https:\\\/\\\/www.eldiario.net\\\/portal\\\/2026\\\/06\\\/28\\\/harry-kane-hace-historia-al-igual-que-lionel-messi-y-rd-congo\\\/#breadcrumb\"},\"inLanguage\":\"es\",\"potentialAction\":[{\"@type\":\"ReadAction\",\"target\":[\"https:\\\/\\\/www.eldiario.net\\\/portal\\\/2026\\\/06\\\/28\\\/harry-kane-hace-historia-al-igual-que-lionel-messi-y-rd-congo\\\/\"]}]},{\"@type\":\"ImageObject\",\"inLanguage\":\"es\",\"@id\":\"https:\\\/\\\/www.eldiario.net\\\/portal\\\/2026\\\/06\\\/28\\\/harry-kane-hace-historia-al-igual-que-lionel-messi-y-rd-congo\\\/#primaryimage\",\"url\":\"https:\\\/\\\/www.eldiario.net\\\/portal\\\/wp-content\\\/uploads\\\/2026\\\/06\\\/messi-tiro-libre-vale.webp\",\"contentUrl\":\"https:\\\/\\\/www.eldiario.net\\\/portal\\\/wp-content\\\/uploads\\\/2026\\\/06\\\/messi-tiro-libre-vale.webp\",\"width\":1080,\"height\":648},{\"@type\":\"BreadcrumbList\",\"@id\":\"https:\\\/\\\/www.eldiario.net\\\/portal\\\/2026\\\/06\\\/28\\\/harry-kane-hace-historia-al-igual-que-lionel-messi-y-rd-congo\\\/#breadcrumb\",\"itemListElement\":[{\"@type\":\"ListItem\",\"position\":1,\"name\":\"Portada\",\"item\":\"https:\\\/\\\/www.eldiario.net\\\/portal\\\/\"},{\"@type\":\"ListItem\",\"position\":2,\"name\":\"Harry Kane hace historia al igual que Lionel Messi y RD Congo\"}]},{\"@type\":\"WebSite\",\"@id\":\"https:\\\/\\\/www.eldiario.net\\\/portal\\\/#website\",\"url\":\"https:\\\/\\\/www.eldiario.net\\\/portal\\\/\",\"name\":\"El Diario - Decano de la prensa nacional\",\"description\":\"El Diario - Decano de la prensa nacional\",\"publisher\":{\"@id\":\"https:\\\/\\\/www.eldiario.net\\\/portal\\\/#organization\"},\"potentialAction\":[{\"@type\":\"SearchAction\",\"target\":{\"@type\":\"EntryPoint\",\"urlTemplate\":\"https:\\\/\\\/www.eldiario.net\\\/portal\\\/?s={search_term_string}\"},\"query-input\":{\"@type\":\"PropertyValueSpecification\",\"valueRequired\":true,\"valueName\":\"search_term_string\"}}],\"inLanguage\":\"es\"},{\"@type\":\"Organization\",\"@id\":\"https:\\\/\\\/www.eldiario.net\\\/portal\\\/#organization\",\"name\":\"El Diario - Decano de la prensa nacional\",\"url\":\"https:\\\/\\\/www.eldiario.net\\\/portal\\\/\",\"logo\":{\"@type\":\"ImageObject\",\"inLanguage\":\"es\",\"@id\":\"https:\\\/\\\/www.eldiario.net\\\/portal\\\/#\\\/schema\\\/logo\\\/image\\\/\",\"url\":\"https:\\\/\\\/www.eldiario.net\\\/portal\\\/wp-content\\\/uploads\\\/2023\\\/07\\\/logo_ED.jpg\",\"contentUrl\":\"https:\\\/\\\/www.eldiario.net\\\/portal\\\/wp-content\\\/uploads\\\/2023\\\/07\\\/logo_ED.jpg\",\"width\":272,\"height\":52,\"caption\":\"El Diario - Decano de la prensa nacional\"},\"image\":{\"@id\":\"https:\\\/\\\/www.eldiario.net\\\/portal\\\/#\\\/schema\\\/logo\\\/image\\\/\"},\"sameAs\":[\"https:\\\/\\\/www.facebook.com\\\/eldiario.bolivia\\\/\",\"https:\\\/\\\/x.com\\\/eldiario_net\"]},{\"@type\":\"Person\",\"@id\":\"https:\\\/\\\/www.eldiario.net\\\/portal\\\/#\\\/schema\\\/person\\\/4827a631df9f245a7e27ab829ae89ae3\",\"name\":\"Jhonny Mollinedo\",\"image\":{\"@type\":\"ImageObject\",\"inLanguage\":\"es\",\"@id\":\"https:\\\/\\\/secure.gravatar.com\\\/avatar\\\/3ea2118a5f7dad2b7138b1187a6b7ee55f160b9968b66013c3a3ef39dd7e5798?s=96&d=mm&r=g\",\"url\":\"https:\\\/\\\/secure.gravatar.com\\\/avatar\\\/3ea2118a5f7dad2b7138b1187a6b7ee55f160b9968b66013c3a3ef39dd7e5798?s=96&d=mm&r=g\",\"contentUrl\":\"https:\\\/\\\/secure.gravatar.com\\\/avatar\\\/3ea2118a5f7dad2b7138b1187a6b7ee55f160b9968b66013c3a3ef39dd7e5798?s=96&d=mm&r=g\",\"caption\":\"Jhonny Mollinedo\"},\"url\":\"https:\\\/\\\/www.eldiario.net\\\/portal\\\/author\\\/deportes\\\/\"}]}<\/script>\n<!-- \/ Yoast SEO plugin. -->","yoast_head_json":{"title":"Harry Kane hace historia al igual que Lionel Messi y RD Congo - El Diario - Bolivia","robots":{"index":"index","follow":"follow","max-snippet":"max-snippet:-1","max-image-preview":"max-image-preview:large","max-video-preview":"max-video-preview:-1"},"canonical":"https:\/\/www.eldiario.net\/portal\/2026\/06\/28\/harry-kane-hace-historia-al-igual-que-lionel-messi-y-rd-congo\/","og_locale":"es_ES","og_type":"article","og_title":"Harry Kane hace historia al igual que Lionel Messi y RD Congo - El Diario - Bolivia","og_description":"FIFA El s\u00e1bado fue el d\u00eda en que Harry Kane hizo historia con Inglaterra y Jude Bellingham brill\u00f3 bajo la lluvia del Estadio New York New Jersey. Kane marc\u00f3 de cabeza su und\u00e9cimo gol en la Copa Mundial de la FIFA\u2122 para superar a Gary Lineker como el m\u00e1ximo goleador de Inglaterra en la historia [&hellip;]","og_url":"https:\/\/www.eldiario.net\/portal\/2026\/06\/28\/harry-kane-hace-historia-al-igual-que-lionel-messi-y-rd-congo\/","og_site_name":"El Diario - Bolivia","article_publisher":"https:\/\/www.facebook.com\/eldiario.bolivia\/","article_published_time":"2026-06-28T14:14:16+00:00","article_modified_time":"2026-06-29T12:39:02+00:00","og_image":[{"width":1080,"height":648,"url":"https:\/\/www.eldiario.net\/portal\/wp-content\/uploads\/2026\/06\/messi-tiro-libre-vale.webp","type":"image\/webp"}],"author":"Jhonny Mollinedo","twitter_card":"summary_large_image","twitter_creator":"@eldiario_net","twitter_site":"@eldiario_net","twitter_misc":{"Escrito por":"Jhonny Mollinedo","Tiempo de lectura":"2 minutos"},"schema":{"@context":"https:\/\/schema.org","@graph":[{"@type":"Article","@id":"https:\/\/www.eldiario.net\/portal\/2026\/06\/28\/harry-kane-hace-historia-al-igual-que-lionel-messi-y-rd-congo\/#article","isPartOf":{"@id":"https:\/\/www.eldiario.net\/portal\/2026\/06\/28\/harry-kane-hace-historia-al-igual-que-lionel-messi-y-rd-congo\/"},"author":{"name":"Jhonny Mollinedo","@id":"https:\/\/www.eldiario.net\/portal\/#\/schema\/person\/4827a631df9f245a7e27ab829ae89ae3"},"headline":"Harry Kane hace historia al igual que Lionel Messi y RD Congo","datePublished":"2026-06-28T14:14:16+00:00","dateModified":"2026-06-29T12:39:02+00:00","mainEntityOfPage":{"@id":"https:\/\/www.eldiario.net\/portal\/2026\/06\/28\/harry-kane-hace-historia-al-igual-que-lionel-messi-y-rd-congo\/"},"wordCount":289,"publisher":{"@id":"https:\/\/www.eldiario.net\/portal\/#organization"},"image":{"@id":"https:\/\/www.eldiario.net\/portal\/2026\/06\/28\/harry-kane-hace-historia-al-igual-que-lionel-messi-y-rd-congo\/#primaryimage"},"thumbnailUrl":"https:\/\/www.eldiario.net\/portal\/wp-content\/uploads\/2026\/06\/messi-tiro-libre-vale.webp","articleSection":["Deportes"],"inLanguage":"es"},{"@type":"WebPage","@id":"https:\/\/www.eldiario.net\/portal\/2026\/06\/28\/harry-kane-hace-historia-al-igual-que-lionel-messi-y-rd-congo\/","url":"https:\/\/www.eldiario.net\/portal\/2026\/06\/28\/harry-kane-hace-historia-al-igual-que-lionel-messi-y-rd-congo\/","name":"Harry Kane hace historia al igual que Lionel Messi y RD Congo - El Diario - Bolivia","isPartOf":{"@id":"https:\/\/www.eldiario.net\/portal\/#website"},"primaryImageOfPage":{"@id":"https:\/\/www.eldiario.net\/portal\/2026\/06\/28\/harry-kane-hace-historia-al-igual-que-lionel-messi-y-rd-congo\/#primaryimage"},"image":{"@id":"https:\/\/www.eldiario.net\/portal\/2026\/06\/28\/harry-kane-hace-historia-al-igual-que-lionel-messi-y-rd-congo\/#primaryimage"},"thumbnailUrl":"https:\/\/www.eldiario.net\/portal\/wp-content\/uploads\/2026\/06\/messi-tiro-libre-vale.webp","datePublished":"2026-06-28T14:14:16+00:00","dateModified":"2026-06-29T12:39:02+00:00","breadcrumb":{"@id":"https:\/\/www.eldiario.net\/portal\/2026\/06\/28\/harry-kane-hace-historia-al-igual-que-lionel-messi-y-rd-congo\/#breadcrumb"},"inLanguage":"es","potentialAction":[{"@type":"ReadAction","target":["https:\/\/www.eldiario.net\/portal\/2026\/06\/28\/harry-kane-hace-historia-al-igual-que-lionel-messi-y-rd-congo\/"]}]},{"@type":"ImageObject","inLanguage":"es","@id":"https:\/\/www.eldiario.net\/portal\/2026\/06\/28\/harry-kane-hace-historia-al-igual-que-lionel-messi-y-rd-congo\/#primaryimage","url":"https:\/\/www.eldiario.net\/portal\/wp-content\/uploads\/2026\/06\/messi-tiro-libre-vale.webp","contentUrl":"https:\/\/www.eldiario.net\/portal\/wp-content\/uploads\/2026\/06\/messi-tiro-libre-vale.webp","width":1080,"height":648},{"@type":"BreadcrumbList","@id":"https:\/\/www.eldiario.net\/portal\/2026\/06\/28\/harry-kane-hace-historia-al-igual-que-lionel-messi-y-rd-congo\/#breadcrumb","itemListElement":[{"@type":"ListItem","position":1,"name":"Portada","item":"https:\/\/www.eldiario.net\/portal\/"},{"@type":"ListItem","position":2,"name":"Harry Kane hace historia al igual que Lionel Messi y RD Congo"}]},{"@type":"WebSite","@id":"https:\/\/www.eldiario.net\/portal\/#website","url":"https:\/\/www.eldiario.net\/portal\/","name":"El Diario - Decano de la prensa nacional","description":"El Diario - Decano de la prensa nacional","publisher":{"@id":"https:\/\/www.eldiario.net\/portal\/#organization"},"potentialAction":[{"@type":"SearchAction","target":{"@type":"EntryPoint","urlTemplate":"https:\/\/www.eldiario.net\/portal\/?s={search_term_string}"},"query-input":{"@type":"PropertyValueSpecification","valueRequired":true,"valueName":"search_term_string"}}],"inLanguage":"es"},{"@type":"Organization","@id":"https:\/\/www.eldiario.net\/portal\/#organization","name":"El Diario - Decano de la prensa nacional","url":"https:\/\/www.eldiario.net\/portal\/","logo":{"@type":"ImageObject","inLanguage":"es","@id":"https:\/\/www.eldiario.net\/portal\/#\/schema\/logo\/image\/","url":"https:\/\/www.eldiario.net\/portal\/wp-content\/uploads\/2023\/07\/logo_ED.jpg","contentUrl":"https:\/\/www.eldiario.net\/portal\/wp-content\/uploads\/2023\/07\/logo_ED.jpg","width":272,"height":52,"caption":"El Diario - Decano de la prensa nacional"},"image":{"@id":"https:\/\/www.eldiario.net\/portal\/#\/schema\/logo\/image\/"},"sameAs":["https:\/\/www.facebook.com\/eldiario.bolivia\/","https:\/\/x.com\/eldiario_net"]},{"@type":"Person","@id":"https:\/\/www.eldiario.net\/portal\/#\/schema\/person\/4827a631df9f245a7e27ab829ae89ae3","name":"Jhonny Mollinedo","image":{"@type":"ImageObject","inLanguage":"es","@id":"https:\/\/secure.gravatar.com\/avatar\/3ea2118a5f7dad2b7138b1187a6b7ee55f160b9968b66013c3a3ef39dd7e5798?s=96&d=mm&r=g","url":"https:\/\/secure.gravatar.com\/avatar\/3ea2118a5f7dad2b7138b1187a6b7ee55f160b9968b66013c3a3ef39dd7e5798?s=96&d=mm&r=g","contentUrl":"https:\/\/secure.gravatar.com\/avatar\/3ea2118a5f7dad2b7138b1187a6b7ee55f160b9968b66013c3a3ef39dd7e5798?s=96&d=mm&r=g","caption":"Jhonny Mollinedo"},"url":"https:\/\/www.eldiario.net\/portal\/author\/deportes\/"}]}},"_links":{"self":[{"href":"https:\/\/www.eldiario.net\/portal\/wp-json\/wp\/v2\/posts\/407879","targetHints":{"allow":["GET"]}}],"collection":[{"href":"https:\/\/www.eldiario.net\/portal\/wp-json\/wp\/v2\/posts"}],"about":[{"href":"https:\/\/www.eldiario.net\/portal\/wp-json\/wp\/v2\/types\/post"}],"author":[{"embeddable":true,"href":"https:\/\/www.eldiario.net\/portal\/wp-json\/wp\/v2\/users\/3"}],"replies":[{"embeddable":true,"href":"https:\/\/www.eldiario.net\/portal\/wp-json\/wp\/v2\/comments?post=407879"}],"version-history":[{"count":1,"href":"https:\/\/www.eldiario.net\/portal\/wp-json\/wp\/v2\/posts\/407879\/revisions"}],"predecessor-version":[{"id":407881,"href":"https:\/\/www.eldiario.net\/portal\/wp-json\/wp\/v2\/posts\/407879\/revisions\/407881"}],"wp:featuredmedia":[{"embeddable":true,"href":"https:\/\/www.eldiario.net\/portal\/wp-json\/wp\/v2\/media\/407880"}],"wp:attachment":[{"href":"https:\/\/www.eldiario.net\/portal\/wp-json\/wp\/v2\/media?parent=407879"}],"wp:term":[{"taxonomy":"category","embeddable":true,"href":"https:\/\/www.eldiario.net\/portal\/wp-json\/wp\/v2\/categories?post=407879"},{"taxonomy":"post_tag","embeddable":true,"href":"https:\/\/www.eldiario.net\/portal\/wp-json\/wp\/v2\/tags?post=407879"}],"curies":[{"name":"wp","href":"https:\/\/api.w.org\/{rel}","templated":true}]}}