{"id":407865,"date":"2026-06-28T08:34:05","date_gmt":"2026-06-28T12:34:05","guid":{"rendered":"https:\/\/www.eldiario.net\/portal\/?p=407865"},"modified":"2026-06-28T08:34:05","modified_gmt":"2026-06-28T12:34:05","slug":"vivir-del-arte-combinando-economia-y-creatividad","status":"publish","type":"post","link":"https:\/\/www.eldiario.net\/portal\/2026\/06\/28\/vivir-del-arte-combinando-economia-y-creatividad\/","title":{"rendered":"Vivir del arte combinando   econom\u00eda y creatividad"},"content":{"rendered":"<p><em>En el mundo corporativo, tener una idea innovadora es solo el diez por ciento del trabajo. El noventa por ciento restante es la disciplina para construir tu modelo de negocio y no rendirte. La creatividad te da el mapa, pero la disciplina te hace caminar hacia el tesoro\u00a0 <\/em><\/p>\n<p><strong>\u00a0<\/strong><\/p>\n<p><strong><em>Miguel Sequeiros, escritor entrevistado en el canal Youtube EDI TV BOLIVIA<\/em><\/strong><\/p>\n<p><strong><em>\u00a0<\/em><\/strong><\/p>\n<p>\u200bDe profesi\u00f3n soy Administrador de Empresas, de pasi\u00f3n, soy escritor. Nacido en Colquiri. Me apasiona explorar los rincones m\u00e1s profundos de la mente humana a trav\u00e9s de la literatura fant\u00e1stica. Puede parecer una contradicci\u00f3n, pero en cada una de mis p\u00e1ginas aplico la misma regla de oro que sostiene a cualquier negocio exitoso: <strong>la creatividad;<\/strong> no es un concepto abstracto ni un capricho art\u00edstico; es una herramienta de supervivencia, adaptaci\u00f3n y crecimiento comercial.<\/p>\n<p>\u200b<strong>El verdadero motor de la econom\u00eda moderna<\/strong><\/p>\n<p>\u200bDurante siglos, el \u00e9xito empresarial se midi\u00f3 por la optimizaci\u00f3n de procesos mec\u00e1nicos. Sin embargo, en un panorama actual donde las tareas operativas se automatizan con ayuda de la inteligencia artificial, el verdadero valor a\u00f1adido radica en la capacidad de imaginar lo que a\u00fan no existe. <strong>La econom\u00eda de la creatividad<\/strong> concibe el pensamiento original y la propiedad intelectual como los activos m\u00e1s valiosos de cualquier organizaci\u00f3n. Quien no aprende a imaginar de ni\u00f1o, dif\u00edcilmente sabr\u00e1 c\u00f3mo innovar de adulto.<\/p>\n<p>\u200b<strong>El desplome del pensamiento divergente<\/strong><\/p>\n<p>\u200bNo nacemos carentes de creatividad, la perdemos en el camino. Este desplome es el resultado de un sistema tradicional basado en el pensamiento convergente, donde al castigar los errores se elimina el incentivo para experimentar. El miedo al fracaso, que es el mayor freno para la innovaci\u00f3n, es un h\u00e1bito que aprendemos al cambiar el juego libre por la rigidez metodol\u00f3gica.<\/p>\n<p>\u200b<strong>Del juego infantil a las habilidades empresariales.<\/strong><\/p>\n<p>\u200bComo escritor que explora las emociones humanas, s\u00e9 que el miedo a lo desconocido ha sido el mayor motor de la evoluci\u00f3n. El ni\u00f1o que aprende a resolver problemas jugando; en el futuro, cuando se enfrente a un bloqueo de caminos, no se paralizar\u00e1 frente al <strong>monstruo<\/strong>; inventar\u00e1 una salida que el mercado tradicional ni siquiera hab\u00eda contemplado, tal como lo demostraron muchos emprendedores resilientes durante la pandemia.<\/p>\n<p>\u200b<strong>Emprendimientos exitosos.<\/strong><\/p>\n<p>\u200bCuando la imaginaci\u00f3n infantil se preserva, se transforma en disrupci\u00f3n. Siempre busco impactar a mis lectores haciendo que afloren sus emociones. En los negocios la regla es la misma: una empresa no puede permitirse ser indiferente. En Bolivia, el p\u00fablico est\u00e1 cansado de consumir lo mismo de siempre, de ver a los <strong>mismos dinosaurios<\/strong> <strong>corporativos<\/strong> ofreciendo servicios grises y sin alma. No vendas solo caf\u00e9, vende un refugio para una buena charla o leer un buen libro. Los negocios exitosos imitan la naturaleza del juego: espacios seguros libres de monstruos para crear ideas audaces que rompan el molde.<\/p>\n<p>\u200b<strong>Los tres pilares fundamentales<\/strong><\/p>\n<p>\u200bPara transformar la imaginaci\u00f3n en riqueza tangible dentro de nuestro entorno, necesitamos activar un sistema basado en tres pilares fundamentales:<\/p>\n<p>\u200b<strong>La familia:<\/strong> Crear espacios que sustituyan el consumo pasivo de pantallas por la creaci\u00f3n activa y la curiosidad pura.<\/p>\n<p>\u200b<strong>La educaci\u00f3n:<\/strong> Migrar hacia modelos activos y un enfoque\u00a0 donde las artes alimenten a la ciencia. Al igual que hice en mi obra <strong>Mientras cae la lluvia<\/strong>, narrando el mundo desde los ojos de un perro de la calle en un ejercicio de empat\u00eda, el empresario innovador debe caminar las calles de Cochabamba, empatizar con la gente y dise\u00f1ar soluciones a medida.<\/p>\n<p>\u200b<strong>La empresa:<\/strong> Debe entender que nuestro mercado es como el Salar de Uyuni: un terreno inmenso, deslumbrante y lleno de riquezas ocultas en la econom\u00eda naranja que la industria tradicional hoy ignora por falta de visi\u00f3n.<\/p>\n<p>\u200b<strong>La creatividad como activo estrat\u00e9gico de las empresas.<\/strong><\/p>\n<p>\u200bEs necesario comprender que la econom\u00eda de la creatividad no se sostiene \u00fanicamente de buenas ideas; requiere un esfuerzo administrativo riguroso y una disciplina inquebrantable. La conexi\u00f3n que he logrado con mi p\u00fablico lector es fruto de mis viajes constantes por el pa\u00eds para participar en ferias, de mirar a los lectores a los ojos y de escribir todos los d\u00edas.<\/p>\n<p>En el mundo corporativo, tener una idea innovadora es solo el diez por ciento del trabajo. El noventa por ciento restante es la disciplina para construir tu modelo de negocio y no rendirte. La creatividad te da el mapa, pero la disciplina te hace caminar hacia el tesoro.<\/p>\n<p>\u200bEl activo m\u00e1s valioso de tu empresa no est\u00e1 guardado en tus cuentas bancarias, est\u00e1 en la curiosidad y la imaginaci\u00f3n que logres despertar en ti mismo y en tu equipo de trabajo. Nunca pierdas esa capacidad infantil de ver oportunidades brillantes donde otros solo ven monstruos debajo de su cama.<\/p>\n<p>En el programa ECONOM\u00cdA y EMPRESA del canal Youtube EDI TV BOLIVIA se encuentra la entrevista con Miguel Sequeiros en los que este artista tambi\u00e9n hace referencia a la econom\u00eda de otras actividades art\u00edsticas.<\/p>\n\r\n                <style type=\"text\/css\">\r\n                    \r\n                    #tdi_1  .td-doubleSlider-2 .td-item1 {\r\n                        background: url(https:\/\/www.eldiario.net\/portal\/wp-content\/uploads\/2026\/06\/Libro-4-80x60.webp) 0 0 no-repeat;\r\n                    }\r\n                    #tdi_1  .td-doubleSlider-2 .td-item2 {\r\n                        background: url(https:\/\/www.eldiario.net\/portal\/wp-content\/uploads\/2026\/06\/Foto-Sequeiros--80x60.webp) 0 0 no-repeat;\r\n                    }\r\n                    #tdi_1  .td-doubleSlider-2 .td-item3 {\r\n                        background: url(https:\/\/www.eldiario.net\/portal\/wp-content\/uploads\/2026\/06\/Libro-1-80x60.webp) 0 0 no-repeat;\r\n                    }\r\n                    #tdi_1  .td-doubleSlider-2 .td-item4 {\r\n                        background: url(https:\/\/www.eldiario.net\/portal\/wp-content\/uploads\/2026\/06\/Libro-2-80x60.webp) 0 0 no-repeat;\r\n                    }\r\n                    #tdi_1  .td-doubleSlider-2 .td-item5 {\r\n                        background: url(https:\/\/www.eldiario.net\/portal\/wp-content\/uploads\/2026\/06\/Libro-3-80x60.webp) 0 0 no-repeat;\r\n                    }\r\n                <\/style>\r\n\r\n                <div id=\"tdi_1\" class=\"td-gallery td-slide-on-2-columns\">\r\n                    <div class=\"post_td_gallery\">\r\n                        <div class=\"td-gallery-slide-top\">\r\n                           <div class=\"td-gallery-title\"><\/div>\r\n\r\n                            <div class=\"td-gallery-controls-wrapper\">\r\n                                <div class=\"td-gallery-slide-count\"><span class=\"td-gallery-slide-item-focus\">1<\/span> de 5<\/div>\r\n                                <div class=\"td-gallery-slide-prev-next-but\">\r\n                                    <i class = \"td-icon-left doubleSliderPrevButton\"><\/i>\r\n                                    <i class = \"td-icon-right doubleSliderNextButton\"><\/i>\r\n                                <\/div>\r\n                            <\/div>\r\n                        <\/div>\r\n\r\n                        <div class = \"td-doubleSlider-1 \">\r\n                            <div class = \"td-slider\">\r\n                                \r\n                    <div class = \"td-slide-item td-item1\">\r\n                        <figure class=\"td-slide-galery-figure td-slide-popup-gallery\">\r\n                            <a class=\"slide-gallery-image-link\" href=\"https:\/\/www.eldiario.net\/portal\/wp-content\/uploads\/2026\/06\/Libro-4.webp\" title=\"Libro 4\"  data-caption=\"\"  data-description=\"\">\r\n                                <img decoding=\"async\" src=\"https:\/\/www.eldiario.net\/portal\/wp-content\/uploads\/2026\/06\/Libro-4-315x420.webp\" srcset=\"https:\/\/www.eldiario.net\/portal\/wp-content\/uploads\/2026\/06\/Libro-4-315x420.webp 315w, https:\/\/www.eldiario.net\/portal\/wp-content\/uploads\/2026\/06\/Libro-4-225x300.webp 225w, https:\/\/www.eldiario.net\/portal\/wp-content\/uploads\/2026\/06\/Libro-4-768x1024.webp 768w, https:\/\/www.eldiario.net\/portal\/wp-content\/uploads\/2026\/06\/Libro-4-1152x1536.webp 1152w, https:\/\/www.eldiario.net\/portal\/wp-content\/uploads\/2026\/06\/Libro-4-150x200.webp 150w, https:\/\/www.eldiario.net\/portal\/wp-content\/uploads\/2026\/06\/Libro-4-300x400.webp 300w, https:\/\/www.eldiario.net\/portal\/wp-content\/uploads\/2026\/06\/Libro-4-696x928.webp 696w, https:\/\/www.eldiario.net\/portal\/wp-content\/uploads\/2026\/06\/Libro-4-1068x1424.webp 1068w, https:\/\/www.eldiario.net\/portal\/wp-content\/uploads\/2026\/06\/Libro-4.webp 1200w\" sizes=\"(max-width: 315px) 100vw, 315px\" alt=\"\">\r\n                            <\/a>\r\n                            \r\n                        <\/figure>\r\n                    <\/div>\r\n                    <div class = \"td-slide-item td-item2\">\r\n                        <figure class=\"td-slide-galery-figure td-slide-popup-gallery\">\r\n                            <a class=\"slide-gallery-image-link\" href=\"https:\/\/www.eldiario.net\/portal\/wp-content\/uploads\/2026\/06\/Foto-Sequeiros-.webp\" title=\"Foto Sequeiros-\"  data-caption=\"\"  data-description=\"\">\r\n                                <img decoding=\"async\" src=\"https:\/\/www.eldiario.net\/portal\/wp-content\/uploads\/2026\/06\/Foto-Sequeiros--315x420.webp\" srcset=\"https:\/\/www.eldiario.net\/portal\/wp-content\/uploads\/2026\/06\/Foto-Sequeiros--315x420.webp 315w, https:\/\/www.eldiario.net\/portal\/wp-content\/uploads\/2026\/06\/Foto-Sequeiros--225x300.webp 225w, https:\/\/www.eldiario.net\/portal\/wp-content\/uploads\/2026\/06\/Foto-Sequeiros--768x1024.webp 768w, https:\/\/www.eldiario.net\/portal\/wp-content\/uploads\/2026\/06\/Foto-Sequeiros--1152x1536.webp 1152w, https:\/\/www.eldiario.net\/portal\/wp-content\/uploads\/2026\/06\/Foto-Sequeiros--150x200.webp 150w, https:\/\/www.eldiario.net\/portal\/wp-content\/uploads\/2026\/06\/Foto-Sequeiros--300x400.webp 300w, https:\/\/www.eldiario.net\/portal\/wp-content\/uploads\/2026\/06\/Foto-Sequeiros--696x928.webp 696w, https:\/\/www.eldiario.net\/portal\/wp-content\/uploads\/2026\/06\/Foto-Sequeiros--1068x1424.webp 1068w, https:\/\/www.eldiario.net\/portal\/wp-content\/uploads\/2026\/06\/Foto-Sequeiros-.webp 1200w\" sizes=\"(max-width: 315px) 100vw, 315px\" alt=\"\">\r\n                            <\/a>\r\n                            \r\n                        <\/figure>\r\n                    <\/div>\r\n                    <div class = \"td-slide-item td-item3\">\r\n                        <figure class=\"td-slide-galery-figure td-slide-popup-gallery\">\r\n                            <a class=\"slide-gallery-image-link\" href=\"https:\/\/www.eldiario.net\/portal\/wp-content\/uploads\/2026\/06\/Libro-1.webp\" title=\"Libro 1\"  data-caption=\"\"  data-description=\"\">\r\n                                <img decoding=\"async\" src=\"https:\/\/www.eldiario.net\/portal\/wp-content\/uploads\/2026\/06\/Libro-1-315x420.webp\" srcset=\"https:\/\/www.eldiario.net\/portal\/wp-content\/uploads\/2026\/06\/Libro-1-315x420.webp 315w, https:\/\/www.eldiario.net\/portal\/wp-content\/uploads\/2026\/06\/Libro-1-225x300.webp 225w, https:\/\/www.eldiario.net\/portal\/wp-content\/uploads\/2026\/06\/Libro-1-768x1024.webp 768w, https:\/\/www.eldiario.net\/portal\/wp-content\/uploads\/2026\/06\/Libro-1-1152x1536.webp 1152w, https:\/\/www.eldiario.net\/portal\/wp-content\/uploads\/2026\/06\/Libro-1-150x200.webp 150w, https:\/\/www.eldiario.net\/portal\/wp-content\/uploads\/2026\/06\/Libro-1-300x400.webp 300w, https:\/\/www.eldiario.net\/portal\/wp-content\/uploads\/2026\/06\/Libro-1-696x928.webp 696w, https:\/\/www.eldiario.net\/portal\/wp-content\/uploads\/2026\/06\/Libro-1-1068x1424.webp 1068w, https:\/\/www.eldiario.net\/portal\/wp-content\/uploads\/2026\/06\/Libro-1.webp 1200w\" sizes=\"(max-width: 315px) 100vw, 315px\" alt=\"\">\r\n                            <\/a>\r\n                            \r\n                        <\/figure>\r\n                    <\/div>\r\n                    <div class = \"td-slide-item td-item4\">\r\n                        <figure class=\"td-slide-galery-figure td-slide-popup-gallery\">\r\n                            <a class=\"slide-gallery-image-link\" href=\"https:\/\/www.eldiario.net\/portal\/wp-content\/uploads\/2026\/06\/Libro-2.webp\" title=\"Libro 2\"  data-caption=\"\"  data-description=\"\">\r\n                                <img decoding=\"async\" src=\"https:\/\/www.eldiario.net\/portal\/wp-content\/uploads\/2026\/06\/Libro-2-291x420.webp\" srcset=\"https:\/\/www.eldiario.net\/portal\/wp-content\/uploads\/2026\/06\/Libro-2-291x420.webp 291w, https:\/\/www.eldiario.net\/portal\/wp-content\/uploads\/2026\/06\/Libro-2-208x300.webp 208w, https:\/\/www.eldiario.net\/portal\/wp-content\/uploads\/2026\/06\/Libro-2-708x1024.webp 708w, https:\/\/www.eldiario.net\/portal\/wp-content\/uploads\/2026\/06\/Libro-2-768x1110.webp 768w, https:\/\/www.eldiario.net\/portal\/wp-content\/uploads\/2026\/06\/Libro-2-1063x1536.webp 1063w, https:\/\/www.eldiario.net\/portal\/wp-content\/uploads\/2026\/06\/Libro-2-150x217.webp 150w, https:\/\/www.eldiario.net\/portal\/wp-content\/uploads\/2026\/06\/Libro-2-300x434.webp 300w, https:\/\/www.eldiario.net\/portal\/wp-content\/uploads\/2026\/06\/Libro-2-696x1006.webp 696w, https:\/\/www.eldiario.net\/portal\/wp-content\/uploads\/2026\/06\/Libro-2-1068x1544.webp 1068w, https:\/\/www.eldiario.net\/portal\/wp-content\/uploads\/2026\/06\/Libro-2.webp 1107w\" sizes=\"(max-width: 291px) 100vw, 291px\" alt=\"\">\r\n                            <\/a>\r\n                            \r\n                        <\/figure>\r\n                    <\/div>\r\n                    <div class = \"td-slide-item td-item5\">\r\n                        <figure class=\"td-slide-galery-figure td-slide-popup-gallery\">\r\n                            <a class=\"slide-gallery-image-link\" href=\"https:\/\/www.eldiario.net\/portal\/wp-content\/uploads\/2026\/06\/Libro-3.webp\" title=\"Libro 3\"  data-caption=\"\"  data-description=\"\">\r\n                                <img decoding=\"async\" src=\"https:\/\/www.eldiario.net\/portal\/wp-content\/uploads\/2026\/06\/Libro-3-315x420.webp\" srcset=\"https:\/\/www.eldiario.net\/portal\/wp-content\/uploads\/2026\/06\/Libro-3-315x420.webp 315w, https:\/\/www.eldiario.net\/portal\/wp-content\/uploads\/2026\/06\/Libro-3-225x300.webp 225w, https:\/\/www.eldiario.net\/portal\/wp-content\/uploads\/2026\/06\/Libro-3-768x1024.webp 768w, https:\/\/www.eldiario.net\/portal\/wp-content\/uploads\/2026\/06\/Libro-3-1152x1536.webp 1152w, https:\/\/www.eldiario.net\/portal\/wp-content\/uploads\/2026\/06\/Libro-3-150x200.webp 150w, https:\/\/www.eldiario.net\/portal\/wp-content\/uploads\/2026\/06\/Libro-3-300x400.webp 300w, https:\/\/www.eldiario.net\/portal\/wp-content\/uploads\/2026\/06\/Libro-3-696x928.webp 696w, https:\/\/www.eldiario.net\/portal\/wp-content\/uploads\/2026\/06\/Libro-3-1068x1424.webp 1068w, https:\/\/www.eldiario.net\/portal\/wp-content\/uploads\/2026\/06\/Libro-3.webp 1200w\" sizes=\"(max-width: 315px) 100vw, 315px\" alt=\"\">\r\n                            <\/a>\r\n                            \r\n                        <\/figure>\r\n                    <\/div>\r\n                            <\/div>\r\n                        <\/div>\r\n\r\n                        <div class = \"td-doubleSlider-2\">\r\n                            <div class = \"td-slider\">\r\n                                \r\n                    <div class = \"td-button td-item1\">\r\n                        <div class = \"td-border\"><\/div>\r\n                    <\/div>\r\n                    <div class = \"td-button td-item2\">\r\n                        <div class = \"td-border\"><\/div>\r\n                    <\/div>\r\n                    <div class = \"td-button td-item3\">\r\n                        <div class = \"td-border\"><\/div>\r\n                    <\/div>\r\n                    <div class = \"td-button td-item4\">\r\n                        <div class = \"td-border\"><\/div>\r\n                    <\/div>\r\n                    <div class = \"td-button td-item5\">\r\n                        <div class = \"td-border\"><\/div>\r\n                    <\/div>\r\n                            <\/div>\r\n                        <\/div>\r\n\r\n                    <\/div>\r\n\r\n                <\/div>\r\n                \n","protected":false},"excerpt":{"rendered":"<p>En el mundo corporativo, tener una idea innovadora es solo el diez por ciento del trabajo. El noventa por ciento restante es la disciplina para construir tu modelo de negocio y no rendirte. La creatividad te da el mapa, pero la disciplina te hace caminar hacia el tesoro\u00a0 \u00a0 Miguel Sequeiros, escritor entrevistado en el [&hellip;]<\/p>\n","protected":false},"author":1,"featured_media":407867,"comment_status":"closed","ping_status":"open","sticky":false,"template":"","format":"standard","meta":{"_acf_changed":false,"footnotes":""},"categories":[7],"tags":[],"class_list":["post-407865","post","type-post","status-publish","format-standard","has-post-thumbnail","category-economia"],"acf":{"antetitulo":""},"yoast_head":"<!-- This site is optimized with the Yoast SEO plugin v28.3 - https:\/\/yoast.com\/product\/yoast-seo-wordpress\/ -->\n<title>Vivir del arte combinando  econom\u00eda y creatividad - El Diario - Bolivia<\/title>\n<meta name=\"robots\" content=\"index, follow, max-snippet:-1, max-image-preview:large, max-video-preview:-1\" \/>\n<link rel=\"canonical\" href=\"https:\/\/www.eldiario.net\/portal\/2026\/06\/28\/vivir-del-arte-combinando-economia-y-creatividad\/\" \/>\n<meta property=\"og:locale\" content=\"es_ES\" \/>\n<meta property=\"og:type\" content=\"article\" \/>\n<meta property=\"og:title\" content=\"Vivir del arte combinando  econom\u00eda y creatividad - El Diario - Bolivia\" \/>\n<meta property=\"og:description\" content=\"En el mundo corporativo, tener una idea innovadora es solo el diez por ciento del trabajo. El noventa por ciento restante es la disciplina para construir tu modelo de negocio y no rendirte. La creatividad te da el mapa, pero la disciplina te hace caminar hacia el tesoro\u00a0 \u00a0 Miguel Sequeiros, escritor entrevistado en el [&hellip;]\" \/>\n<meta property=\"og:url\" content=\"https:\/\/www.eldiario.net\/portal\/2026\/06\/28\/vivir-del-arte-combinando-economia-y-creatividad\/\" \/>\n<meta property=\"og:site_name\" content=\"El Diario - Bolivia\" \/>\n<meta property=\"article:publisher\" content=\"https:\/\/www.facebook.com\/eldiario.bolivia\/\" \/>\n<meta property=\"article:published_time\" content=\"2026-06-28T12:34:05+00:00\" \/>\n<meta property=\"og:image\" content=\"https:\/\/www.eldiario.net\/portal\/wp-content\/uploads\/2026\/06\/Foto-Sequeiros-.webp\" \/>\n\t<meta property=\"og:image:width\" content=\"1200\" \/>\n\t<meta property=\"og:image:height\" content=\"1600\" \/>\n\t<meta property=\"og:image:type\" content=\"image\/webp\" \/>\n<meta name=\"author\" content=\"Jeanette\" \/>\n<meta name=\"twitter:card\" content=\"summary_large_image\" \/>\n<meta name=\"twitter:creator\" content=\"@eldiario_net\" \/>\n<meta name=\"twitter:site\" content=\"@eldiario_net\" \/>\n<meta name=\"twitter:label1\" content=\"Escrito por\" \/>\n\t<meta name=\"twitter:data1\" content=\"Jeanette\" \/>\n\t<meta name=\"twitter:label2\" content=\"Tiempo de lectura\" \/>\n\t<meta name=\"twitter:data2\" content=\"4 minutos\" \/>\n<script type=\"application\/ld+json\" class=\"yoast-schema-graph\">{\"@context\":\"https:\\\/\\\/schema.org\",\"@graph\":[{\"@type\":\"Article\",\"@id\":\"https:\\\/\\\/www.eldiario.net\\\/portal\\\/2026\\\/06\\\/28\\\/vivir-del-arte-combinando-economia-y-creatividad\\\/#article\",\"isPartOf\":{\"@id\":\"https:\\\/\\\/www.eldiario.net\\\/portal\\\/2026\\\/06\\\/28\\\/vivir-del-arte-combinando-economia-y-creatividad\\\/\"},\"author\":{\"name\":\"Jeanette\",\"@id\":\"https:\\\/\\\/www.eldiario.net\\\/portal\\\/#\\\/schema\\\/person\\\/f46445640444750d7d753ccd04ae01b7\"},\"headline\":\"Vivir del arte combinando econom\u00eda y creatividad\",\"datePublished\":\"2026-06-28T12:34:05+00:00\",\"mainEntityOfPage\":{\"@id\":\"https:\\\/\\\/www.eldiario.net\\\/portal\\\/2026\\\/06\\\/28\\\/vivir-del-arte-combinando-economia-y-creatividad\\\/\"},\"wordCount\":868,\"publisher\":{\"@id\":\"https:\\\/\\\/www.eldiario.net\\\/portal\\\/#organization\"},\"image\":{\"@id\":\"https:\\\/\\\/www.eldiario.net\\\/portal\\\/2026\\\/06\\\/28\\\/vivir-del-arte-combinando-economia-y-creatividad\\\/#primaryimage\"},\"thumbnailUrl\":\"https:\\\/\\\/www.eldiario.net\\\/portal\\\/wp-content\\\/uploads\\\/2026\\\/06\\\/Foto-Sequeiros-.webp\",\"articleSection\":[\"Econom\u00eda\"],\"inLanguage\":\"es\"},{\"@type\":\"WebPage\",\"@id\":\"https:\\\/\\\/www.eldiario.net\\\/portal\\\/2026\\\/06\\\/28\\\/vivir-del-arte-combinando-economia-y-creatividad\\\/\",\"url\":\"https:\\\/\\\/www.eldiario.net\\\/portal\\\/2026\\\/06\\\/28\\\/vivir-del-arte-combinando-economia-y-creatividad\\\/\",\"name\":\"Vivir del arte combinando econom\u00eda y creatividad - El Diario - Bolivia\",\"isPartOf\":{\"@id\":\"https:\\\/\\\/www.eldiario.net\\\/portal\\\/#website\"},\"primaryImageOfPage\":{\"@id\":\"https:\\\/\\\/www.eldiario.net\\\/portal\\\/2026\\\/06\\\/28\\\/vivir-del-arte-combinando-economia-y-creatividad\\\/#primaryimage\"},\"image\":{\"@id\":\"https:\\\/\\\/www.eldiario.net\\\/portal\\\/2026\\\/06\\\/28\\\/vivir-del-arte-combinando-economia-y-creatividad\\\/#primaryimage\"},\"thumbnailUrl\":\"https:\\\/\\\/www.eldiario.net\\\/portal\\\/wp-content\\\/uploads\\\/2026\\\/06\\\/Foto-Sequeiros-.webp\",\"datePublished\":\"2026-06-28T12:34:05+00:00\",\"breadcrumb\":{\"@id\":\"https:\\\/\\\/www.eldiario.net\\\/portal\\\/2026\\\/06\\\/28\\\/vivir-del-arte-combinando-economia-y-creatividad\\\/#breadcrumb\"},\"inLanguage\":\"es\",\"potentialAction\":[{\"@type\":\"ReadAction\",\"target\":[\"https:\\\/\\\/www.eldiario.net\\\/portal\\\/2026\\\/06\\\/28\\\/vivir-del-arte-combinando-economia-y-creatividad\\\/\"]}]},{\"@type\":\"ImageObject\",\"inLanguage\":\"es\",\"@id\":\"https:\\\/\\\/www.eldiario.net\\\/portal\\\/2026\\\/06\\\/28\\\/vivir-del-arte-combinando-economia-y-creatividad\\\/#primaryimage\",\"url\":\"https:\\\/\\\/www.eldiario.net\\\/portal\\\/wp-content\\\/uploads\\\/2026\\\/06\\\/Foto-Sequeiros-.webp\",\"contentUrl\":\"https:\\\/\\\/www.eldiario.net\\\/portal\\\/wp-content\\\/uploads\\\/2026\\\/06\\\/Foto-Sequeiros-.webp\",\"width\":1200,\"height\":1600},{\"@type\":\"BreadcrumbList\",\"@id\":\"https:\\\/\\\/www.eldiario.net\\\/portal\\\/2026\\\/06\\\/28\\\/vivir-del-arte-combinando-economia-y-creatividad\\\/#breadcrumb\",\"itemListElement\":[{\"@type\":\"ListItem\",\"position\":1,\"name\":\"Portada\",\"item\":\"https:\\\/\\\/www.eldiario.net\\\/portal\\\/\"},{\"@type\":\"ListItem\",\"position\":2,\"name\":\"Vivir del arte combinando econom\u00eda y creatividad\"}]},{\"@type\":\"WebSite\",\"@id\":\"https:\\\/\\\/www.eldiario.net\\\/portal\\\/#website\",\"url\":\"https:\\\/\\\/www.eldiario.net\\\/portal\\\/\",\"name\":\"El Diario - Decano de la prensa nacional\",\"description\":\"El Diario - Decano de la prensa nacional\",\"publisher\":{\"@id\":\"https:\\\/\\\/www.eldiario.net\\\/portal\\\/#organization\"},\"potentialAction\":[{\"@type\":\"SearchAction\",\"target\":{\"@type\":\"EntryPoint\",\"urlTemplate\":\"https:\\\/\\\/www.eldiario.net\\\/portal\\\/?s={search_term_string}\"},\"query-input\":{\"@type\":\"PropertyValueSpecification\",\"valueRequired\":true,\"valueName\":\"search_term_string\"}}],\"inLanguage\":\"es\"},{\"@type\":\"Organization\",\"@id\":\"https:\\\/\\\/www.eldiario.net\\\/portal\\\/#organization\",\"name\":\"El Diario - Decano de la prensa nacional\",\"url\":\"https:\\\/\\\/www.eldiario.net\\\/portal\\\/\",\"logo\":{\"@type\":\"ImageObject\",\"inLanguage\":\"es\",\"@id\":\"https:\\\/\\\/www.eldiario.net\\\/portal\\\/#\\\/schema\\\/logo\\\/image\\\/\",\"url\":\"https:\\\/\\\/www.eldiario.net\\\/portal\\\/wp-content\\\/uploads\\\/2023\\\/07\\\/logo_ED.jpg\",\"contentUrl\":\"https:\\\/\\\/www.eldiario.net\\\/portal\\\/wp-content\\\/uploads\\\/2023\\\/07\\\/logo_ED.jpg\",\"width\":272,\"height\":52,\"caption\":\"El Diario - Decano de la prensa nacional\"},\"image\":{\"@id\":\"https:\\\/\\\/www.eldiario.net\\\/portal\\\/#\\\/schema\\\/logo\\\/image\\\/\"},\"sameAs\":[\"https:\\\/\\\/www.facebook.com\\\/eldiario.bolivia\\\/\",\"https:\\\/\\\/x.com\\\/eldiario_net\"]},{\"@type\":\"Person\",\"@id\":\"https:\\\/\\\/www.eldiario.net\\\/portal\\\/#\\\/schema\\\/person\\\/f46445640444750d7d753ccd04ae01b7\",\"name\":\"Jeanette\",\"image\":{\"@type\":\"ImageObject\",\"inLanguage\":\"es\",\"@id\":\"https:\\\/\\\/secure.gravatar.com\\\/avatar\\\/3ea2118a5f7dad2b7138b1187a6b7ee55f160b9968b66013c3a3ef39dd7e5798?s=96&d=mm&r=g\",\"url\":\"https:\\\/\\\/secure.gravatar.com\\\/avatar\\\/3ea2118a5f7dad2b7138b1187a6b7ee55f160b9968b66013c3a3ef39dd7e5798?s=96&d=mm&r=g\",\"contentUrl\":\"https:\\\/\\\/secure.gravatar.com\\\/avatar\\\/3ea2118a5f7dad2b7138b1187a6b7ee55f160b9968b66013c3a3ef39dd7e5798?s=96&d=mm&r=g\",\"caption\":\"Jeanette\"},\"sameAs\":[\"https:\\\/\\\/www.eldiario.net\\\/portal\"],\"url\":\"https:\\\/\\\/www.eldiario.net\\\/portal\\\/author\\\/jeanette\\\/\"}]}<\/script>\n<!-- \/ Yoast SEO plugin. -->","yoast_head_json":{"title":"Vivir del arte combinando  econom\u00eda y creatividad - El Diario - Bolivia","robots":{"index":"index","follow":"follow","max-snippet":"max-snippet:-1","max-image-preview":"max-image-preview:large","max-video-preview":"max-video-preview:-1"},"canonical":"https:\/\/www.eldiario.net\/portal\/2026\/06\/28\/vivir-del-arte-combinando-economia-y-creatividad\/","og_locale":"es_ES","og_type":"article","og_title":"Vivir del arte combinando  econom\u00eda y creatividad - El Diario - Bolivia","og_description":"En el mundo corporativo, tener una idea innovadora es solo el diez por ciento del trabajo. El noventa por ciento restante es la disciplina para construir tu modelo de negocio y no rendirte. La creatividad te da el mapa, pero la disciplina te hace caminar hacia el tesoro\u00a0 \u00a0 Miguel Sequeiros, escritor entrevistado en el [&hellip;]","og_url":"https:\/\/www.eldiario.net\/portal\/2026\/06\/28\/vivir-del-arte-combinando-economia-y-creatividad\/","og_site_name":"El Diario - Bolivia","article_publisher":"https:\/\/www.facebook.com\/eldiario.bolivia\/","article_published_time":"2026-06-28T12:34:05+00:00","og_image":[{"width":1200,"height":1600,"url":"https:\/\/www.eldiario.net\/portal\/wp-content\/uploads\/2026\/06\/Foto-Sequeiros-.webp","type":"image\/webp"}],"author":"Jeanette","twitter_card":"summary_large_image","twitter_creator":"@eldiario_net","twitter_site":"@eldiario_net","twitter_misc":{"Escrito por":"Jeanette","Tiempo de lectura":"4 minutos"},"schema":{"@context":"https:\/\/schema.org","@graph":[{"@type":"Article","@id":"https:\/\/www.eldiario.net\/portal\/2026\/06\/28\/vivir-del-arte-combinando-economia-y-creatividad\/#article","isPartOf":{"@id":"https:\/\/www.eldiario.net\/portal\/2026\/06\/28\/vivir-del-arte-combinando-economia-y-creatividad\/"},"author":{"name":"Jeanette","@id":"https:\/\/www.eldiario.net\/portal\/#\/schema\/person\/f46445640444750d7d753ccd04ae01b7"},"headline":"Vivir del arte combinando econom\u00eda y creatividad","datePublished":"2026-06-28T12:34:05+00:00","mainEntityOfPage":{"@id":"https:\/\/www.eldiario.net\/portal\/2026\/06\/28\/vivir-del-arte-combinando-economia-y-creatividad\/"},"wordCount":868,"publisher":{"@id":"https:\/\/www.eldiario.net\/portal\/#organization"},"image":{"@id":"https:\/\/www.eldiario.net\/portal\/2026\/06\/28\/vivir-del-arte-combinando-economia-y-creatividad\/#primaryimage"},"thumbnailUrl":"https:\/\/www.eldiario.net\/portal\/wp-content\/uploads\/2026\/06\/Foto-Sequeiros-.webp","articleSection":["Econom\u00eda"],"inLanguage":"es"},{"@type":"WebPage","@id":"https:\/\/www.eldiario.net\/portal\/2026\/06\/28\/vivir-del-arte-combinando-economia-y-creatividad\/","url":"https:\/\/www.eldiario.net\/portal\/2026\/06\/28\/vivir-del-arte-combinando-economia-y-creatividad\/","name":"Vivir del arte combinando econom\u00eda y creatividad - El Diario - Bolivia","isPartOf":{"@id":"https:\/\/www.eldiario.net\/portal\/#website"},"primaryImageOfPage":{"@id":"https:\/\/www.eldiario.net\/portal\/2026\/06\/28\/vivir-del-arte-combinando-economia-y-creatividad\/#primaryimage"},"image":{"@id":"https:\/\/www.eldiario.net\/portal\/2026\/06\/28\/vivir-del-arte-combinando-economia-y-creatividad\/#primaryimage"},"thumbnailUrl":"https:\/\/www.eldiario.net\/portal\/wp-content\/uploads\/2026\/06\/Foto-Sequeiros-.webp","datePublished":"2026-06-28T12:34:05+00:00","breadcrumb":{"@id":"https:\/\/www.eldiario.net\/portal\/2026\/06\/28\/vivir-del-arte-combinando-economia-y-creatividad\/#breadcrumb"},"inLanguage":"es","potentialAction":[{"@type":"ReadAction","target":["https:\/\/www.eldiario.net\/portal\/2026\/06\/28\/vivir-del-arte-combinando-economia-y-creatividad\/"]}]},{"@type":"ImageObject","inLanguage":"es","@id":"https:\/\/www.eldiario.net\/portal\/2026\/06\/28\/vivir-del-arte-combinando-economia-y-creatividad\/#primaryimage","url":"https:\/\/www.eldiario.net\/portal\/wp-content\/uploads\/2026\/06\/Foto-Sequeiros-.webp","contentUrl":"https:\/\/www.eldiario.net\/portal\/wp-content\/uploads\/2026\/06\/Foto-Sequeiros-.webp","width":1200,"height":1600},{"@type":"BreadcrumbList","@id":"https:\/\/www.eldiario.net\/portal\/2026\/06\/28\/vivir-del-arte-combinando-economia-y-creatividad\/#breadcrumb","itemListElement":[{"@type":"ListItem","position":1,"name":"Portada","item":"https:\/\/www.eldiario.net\/portal\/"},{"@type":"ListItem","position":2,"name":"Vivir del arte combinando econom\u00eda y creatividad"}]},{"@type":"WebSite","@id":"https:\/\/www.eldiario.net\/portal\/#website","url":"https:\/\/www.eldiario.net\/portal\/","name":"El Diario - Decano de la prensa nacional","description":"El Diario - Decano de la prensa nacional","publisher":{"@id":"https:\/\/www.eldiario.net\/portal\/#organization"},"potentialAction":[{"@type":"SearchAction","target":{"@type":"EntryPoint","urlTemplate":"https:\/\/www.eldiario.net\/portal\/?s={search_term_string}"},"query-input":{"@type":"PropertyValueSpecification","valueRequired":true,"valueName":"search_term_string"}}],"inLanguage":"es"},{"@type":"Organization","@id":"https:\/\/www.eldiario.net\/portal\/#organization","name":"El Diario - Decano de la prensa nacional","url":"https:\/\/www.eldiario.net\/portal\/","logo":{"@type":"ImageObject","inLanguage":"es","@id":"https:\/\/www.eldiario.net\/portal\/#\/schema\/logo\/image\/","url":"https:\/\/www.eldiario.net\/portal\/wp-content\/uploads\/2023\/07\/logo_ED.jpg","contentUrl":"https:\/\/www.eldiario.net\/portal\/wp-content\/uploads\/2023\/07\/logo_ED.jpg","width":272,"height":52,"caption":"El Diario - Decano de la prensa nacional"},"image":{"@id":"https:\/\/www.eldiario.net\/portal\/#\/schema\/logo\/image\/"},"sameAs":["https:\/\/www.facebook.com\/eldiario.bolivia\/","https:\/\/x.com\/eldiario_net"]},{"@type":"Person","@id":"https:\/\/www.eldiario.net\/portal\/#\/schema\/person\/f46445640444750d7d753ccd04ae01b7","name":"Jeanette","image":{"@type":"ImageObject","inLanguage":"es","@id":"https:\/\/secure.gravatar.com\/avatar\/3ea2118a5f7dad2b7138b1187a6b7ee55f160b9968b66013c3a3ef39dd7e5798?s=96&d=mm&r=g","url":"https:\/\/secure.gravatar.com\/avatar\/3ea2118a5f7dad2b7138b1187a6b7ee55f160b9968b66013c3a3ef39dd7e5798?s=96&d=mm&r=g","contentUrl":"https:\/\/secure.gravatar.com\/avatar\/3ea2118a5f7dad2b7138b1187a6b7ee55f160b9968b66013c3a3ef39dd7e5798?s=96&d=mm&r=g","caption":"Jeanette"},"sameAs":["https:\/\/www.eldiario.net\/portal"],"url":"https:\/\/www.eldiario.net\/portal\/author\/jeanette\/"}]}},"_links":{"self":[{"href":"https:\/\/www.eldiario.net\/portal\/wp-json\/wp\/v2\/posts\/407865","targetHints":{"allow":["GET"]}}],"collection":[{"href":"https:\/\/www.eldiario.net\/portal\/wp-json\/wp\/v2\/posts"}],"about":[{"href":"https:\/\/www.eldiario.net\/portal\/wp-json\/wp\/v2\/types\/post"}],"author":[{"embeddable":true,"href":"https:\/\/www.eldiario.net\/portal\/wp-json\/wp\/v2\/users\/1"}],"replies":[{"embeddable":true,"href":"https:\/\/www.eldiario.net\/portal\/wp-json\/wp\/v2\/comments?post=407865"}],"version-history":[{"count":1,"href":"https:\/\/www.eldiario.net\/portal\/wp-json\/wp\/v2\/posts\/407865\/revisions"}],"predecessor-version":[{"id":407871,"href":"https:\/\/www.eldiario.net\/portal\/wp-json\/wp\/v2\/posts\/407865\/revisions\/407871"}],"wp:featuredmedia":[{"embeddable":true,"href":"https:\/\/www.eldiario.net\/portal\/wp-json\/wp\/v2\/media\/407867"}],"wp:attachment":[{"href":"https:\/\/www.eldiario.net\/portal\/wp-json\/wp\/v2\/media?parent=407865"}],"wp:term":[{"taxonomy":"category","embeddable":true,"href":"https:\/\/www.eldiario.net\/portal\/wp-json\/wp\/v2\/categories?post=407865"},{"taxonomy":"post_tag","embeddable":true,"href":"https:\/\/www.eldiario.net\/portal\/wp-json\/wp\/v2\/tags?post=407865"}],"curies":[{"name":"wp","href":"https:\/\/api.w.org\/{rel}","templated":true}]}}