{"id":407794,"date":"2026-06-28T08:12:16","date_gmt":"2026-06-28T12:12:16","guid":{"rendered":"https:\/\/www.eldiario.net\/portal\/?p=407794"},"modified":"2026-06-28T08:12:36","modified_gmt":"2026-06-28T12:12:36","slug":"toy-story-5-se-convierte-en-la-pelicula-mas-vista-de-2026-en-america-latina-en-su-fin-de-semana-de-estreno","status":"publish","type":"post","link":"https:\/\/www.eldiario.net\/portal\/2026\/06\/28\/toy-story-5-se-convierte-en-la-pelicula-mas-vista-de-2026-en-america-latina-en-su-fin-de-semana-de-estreno\/","title":{"rendered":"TOY STORY 5 SE CONVIERTE EN LA PEL\u00cdCULA M\u00c1S VISTA DE 2026 EN AM\u00c9RICA LATINA EN SU FIN DE SEMANA DE ESTRENO"},"content":{"rendered":"<p>LA QUINTA ENTREGA DE LA IC\u00d3NICA SAGA DE DISNEY Y PIXAR REAFIRMA EL LEGADO DE UNA DE LAS FRANQUICIAS CINEMATOGR\u00c1FICAS M\u00c1S QUERIDAS Y EXITOSAS<\/p>\n<p>Treinta y un a\u00f1os despu\u00e9s de revolucionar la animaci\u00f3n y presentar al mundo a Woody y Buzz Lightyear, TOY STORY contin\u00faa haciendo historia con el estreno de TOY STORY 5. Durante su primer fin de semana en cartelera, la pel\u00edcula se convirti\u00f3 en el estreno m\u00e1s exitoso de 2026 al registrar una taquilla de $53.8 millones de d\u00f3lares y convocar a m\u00e1s de 10 millones de espectadores en toda la regi\u00f3n, incluyendo las funciones de preestreno del mi\u00e9rcoles. <\/p>\n<p>El desempe\u00f1o de TOY STORY 5 reafirma la vigencia de una historia que, a lo largo de tres d\u00e9cadas, se consolid\u00f3 como una de las m\u00e1s exitosas y queridas del entretenimiento. En conjunto, las pel\u00edculas de TOY STORY han recaudado m\u00e1s de US$3.000 millones en la taquilla mundial. Adem\u00e1s, TOY STORY cuenta con m\u00e1s de 2.000 millones de horas reproducidas a nivel mundial en Disney+. A\u00f1o tras a\u00f1o, las pel\u00edculas de la saga figuran de manera constante entre las 20 m\u00e1s vistas de la plataforma, demostrando su capacidad para seguir siendo disfrutadas por nuevas generaciones y por quienes crecieron con las aventuras de Woody, Buzz Lightyear y sus amigos.<\/p>\n<p>La presencia de TOY STORY se extiende mucho m\u00e1s all\u00e1 de la pantalla. La franquicia genera m\u00e1s de US$1.000 millones anuales en ventas de retail a nivel mundial a trav\u00e9s de productos de consumo, videojuegos y publicaciones, mientras que su legado musical acumula m\u00e1s de 1.800 millones de reproducciones en plataformas de streaming. Adem\u00e1s, tiene presencia en los parques de Disney alrededor del mundo, con cuatro \u00e1reas tem\u00e1ticas, 19 atracciones, dos hoteles y una amplia oferta de entretenimiento y experiencias para los fans.<br \/>\n A lo largo de m\u00e1s de 30 a\u00f1os, TOY STORY, de Disney y Pixar, ha acompa\u00f1ado a distintas generaciones, trascendiendo el cine para convertirse en un fen\u00f3meno cultural y consolidarse como una de las franquicias m\u00e1s influyentes y reconocidas de la industria del entretenimiento.<\/p>\n","protected":false},"excerpt":{"rendered":"<p>LA QUINTA ENTREGA DE LA IC\u00d3NICA SAGA DE DISNEY Y PIXAR REAFIRMA EL LEGADO DE UNA DE LAS FRANQUICIAS CINEMATOGR\u00c1FICAS M\u00c1S QUERIDAS Y EXITOSAS Treinta y un a\u00f1os despu\u00e9s de revolucionar la animaci\u00f3n y presentar al mundo a Woody y Buzz Lightyear, TOY STORY contin\u00faa haciendo historia con el estreno de TOY STORY 5. Durante [&hellip;]<\/p>\n","protected":false},"author":1,"featured_media":407795,"comment_status":"closed","ping_status":"open","sticky":false,"template":"","format":"standard","meta":{"_acf_changed":false,"footnotes":""},"categories":[45],"tags":[],"class_list":["post-407794","post","type-post","status-publish","format-standard","has-post-thumbnail","category-cine-mundo"],"acf":{"antetitulo":""},"yoast_head":"<!-- This site is optimized with the Yoast SEO plugin v28.4 - https:\/\/yoast.com\/product\/yoast-seo-wordpress\/ -->\n<title>TOY STORY 5 SE CONVIERTE EN LA PEL\u00cdCULA M\u00c1S VISTA DE 2026 EN AM\u00c9RICA LATINA EN SU FIN DE SEMANA DE ESTRENO - El Diario - Bolivia<\/title>\n<meta name=\"robots\" content=\"index, follow, max-snippet:-1, max-image-preview:large, max-video-preview:-1\" \/>\n<link rel=\"canonical\" href=\"https:\/\/www.eldiario.net\/portal\/2026\/06\/28\/toy-story-5-se-convierte-en-la-pelicula-mas-vista-de-2026-en-america-latina-en-su-fin-de-semana-de-estreno\/\" \/>\n<meta property=\"og:locale\" content=\"es_ES\" \/>\n<meta property=\"og:type\" content=\"article\" \/>\n<meta property=\"og:title\" content=\"TOY STORY 5 SE CONVIERTE EN LA PEL\u00cdCULA M\u00c1S VISTA DE 2026 EN AM\u00c9RICA LATINA EN SU FIN DE SEMANA DE ESTRENO - El Diario - Bolivia\" \/>\n<meta property=\"og:description\" content=\"LA QUINTA ENTREGA DE LA IC\u00d3NICA SAGA DE DISNEY Y PIXAR REAFIRMA EL LEGADO DE UNA DE LAS FRANQUICIAS CINEMATOGR\u00c1FICAS M\u00c1S QUERIDAS Y EXITOSAS Treinta y un a\u00f1os despu\u00e9s de revolucionar la animaci\u00f3n y presentar al mundo a Woody y Buzz Lightyear, TOY STORY contin\u00faa haciendo historia con el estreno de TOY STORY 5. Durante [&hellip;]\" \/>\n<meta property=\"og:url\" content=\"https:\/\/www.eldiario.net\/portal\/2026\/06\/28\/toy-story-5-se-convierte-en-la-pelicula-mas-vista-de-2026-en-america-latina-en-su-fin-de-semana-de-estreno\/\" \/>\n<meta property=\"og:site_name\" content=\"El Diario - Bolivia\" \/>\n<meta property=\"article:publisher\" content=\"https:\/\/www.facebook.com\/eldiario.bolivia\/\" \/>\n<meta property=\"article:published_time\" content=\"2026-06-28T12:12:16+00:00\" \/>\n<meta property=\"article:modified_time\" content=\"2026-06-28T12:12:36+00:00\" \/>\n<meta property=\"og:image\" content=\"https:\/\/www.eldiario.net\/portal\/wp-content\/uploads\/2026\/06\/TOY-STORY-5-SE-CONVIERTE-EN-LA-PELICULA-MAS-VISTA-DE-2026-EN-AMERICA-LATINA-EN-SU-FIN-DE-SEMANA-DE-ESTRENO-copia.webp\" \/>\n\t<meta property=\"og:image:width\" content=\"1080\" \/>\n\t<meta property=\"og:image:height\" content=\"565\" \/>\n\t<meta property=\"og:image:type\" content=\"image\/webp\" \/>\n<meta name=\"author\" content=\"Jeanette\" \/>\n<meta name=\"twitter:card\" content=\"summary_large_image\" \/>\n<meta name=\"twitter:creator\" content=\"@eldiario_net\" \/>\n<meta name=\"twitter:site\" content=\"@eldiario_net\" \/>\n<meta name=\"twitter:label1\" content=\"Escrito por\" \/>\n\t<meta name=\"twitter:data1\" content=\"Jeanette\" \/>\n\t<meta name=\"twitter:label2\" content=\"Tiempo de lectura\" \/>\n\t<meta name=\"twitter:data2\" content=\"2 minutos\" \/>\n<script type=\"application\/ld+json\" class=\"yoast-schema-graph\">{\"@context\":\"https:\\\/\\\/schema.org\",\"@graph\":[{\"@type\":\"Article\",\"@id\":\"https:\\\/\\\/www.eldiario.net\\\/portal\\\/2026\\\/06\\\/28\\\/toy-story-5-se-convierte-en-la-pelicula-mas-vista-de-2026-en-america-latina-en-su-fin-de-semana-de-estreno\\\/#article\",\"isPartOf\":{\"@id\":\"https:\\\/\\\/www.eldiario.net\\\/portal\\\/2026\\\/06\\\/28\\\/toy-story-5-se-convierte-en-la-pelicula-mas-vista-de-2026-en-america-latina-en-su-fin-de-semana-de-estreno\\\/\"},\"author\":{\"name\":\"Jeanette\",\"@id\":\"https:\\\/\\\/www.eldiario.net\\\/portal\\\/#\\\/schema\\\/person\\\/2c57cf2b7a7ae032e449e4c9b1019eac\"},\"headline\":\"TOY STORY 5 SE CONVIERTE EN LA PEL\u00cdCULA M\u00c1S VISTA DE 2026 EN AM\u00c9RICA LATINA EN SU FIN DE SEMANA DE ESTRENO\",\"datePublished\":\"2026-06-28T12:12:16+00:00\",\"dateModified\":\"2026-06-28T12:12:36+00:00\",\"mainEntityOfPage\":{\"@id\":\"https:\\\/\\\/www.eldiario.net\\\/portal\\\/2026\\\/06\\\/28\\\/toy-story-5-se-convierte-en-la-pelicula-mas-vista-de-2026-en-america-latina-en-su-fin-de-semana-de-estreno\\\/\"},\"wordCount\":386,\"publisher\":{\"@id\":\"https:\\\/\\\/www.eldiario.net\\\/portal\\\/#organization\"},\"image\":{\"@id\":\"https:\\\/\\\/www.eldiario.net\\\/portal\\\/2026\\\/06\\\/28\\\/toy-story-5-se-convierte-en-la-pelicula-mas-vista-de-2026-en-america-latina-en-su-fin-de-semana-de-estreno\\\/#primaryimage\"},\"thumbnailUrl\":\"https:\\\/\\\/www.eldiario.net\\\/portal\\\/wp-content\\\/uploads\\\/2026\\\/06\\\/TOY-STORY-5-SE-CONVIERTE-EN-LA-PELICULA-MAS-VISTA-DE-2026-EN-AMERICA-LATINA-EN-SU-FIN-DE-SEMANA-DE-ESTRENO-copia.webp\",\"articleSection\":[\"Cine Mundo\"],\"inLanguage\":\"es\"},{\"@type\":\"WebPage\",\"@id\":\"https:\\\/\\\/www.eldiario.net\\\/portal\\\/2026\\\/06\\\/28\\\/toy-story-5-se-convierte-en-la-pelicula-mas-vista-de-2026-en-america-latina-en-su-fin-de-semana-de-estreno\\\/\",\"url\":\"https:\\\/\\\/www.eldiario.net\\\/portal\\\/2026\\\/06\\\/28\\\/toy-story-5-se-convierte-en-la-pelicula-mas-vista-de-2026-en-america-latina-en-su-fin-de-semana-de-estreno\\\/\",\"name\":\"TOY STORY 5 SE CONVIERTE EN LA PEL\u00cdCULA M\u00c1S VISTA DE 2026 EN AM\u00c9RICA LATINA EN SU FIN DE SEMANA DE ESTRENO - El Diario - Bolivia\",\"isPartOf\":{\"@id\":\"https:\\\/\\\/www.eldiario.net\\\/portal\\\/#website\"},\"primaryImageOfPage\":{\"@id\":\"https:\\\/\\\/www.eldiario.net\\\/portal\\\/2026\\\/06\\\/28\\\/toy-story-5-se-convierte-en-la-pelicula-mas-vista-de-2026-en-america-latina-en-su-fin-de-semana-de-estreno\\\/#primaryimage\"},\"image\":{\"@id\":\"https:\\\/\\\/www.eldiario.net\\\/portal\\\/2026\\\/06\\\/28\\\/toy-story-5-se-convierte-en-la-pelicula-mas-vista-de-2026-en-america-latina-en-su-fin-de-semana-de-estreno\\\/#primaryimage\"},\"thumbnailUrl\":\"https:\\\/\\\/www.eldiario.net\\\/portal\\\/wp-content\\\/uploads\\\/2026\\\/06\\\/TOY-STORY-5-SE-CONVIERTE-EN-LA-PELICULA-MAS-VISTA-DE-2026-EN-AMERICA-LATINA-EN-SU-FIN-DE-SEMANA-DE-ESTRENO-copia.webp\",\"datePublished\":\"2026-06-28T12:12:16+00:00\",\"dateModified\":\"2026-06-28T12:12:36+00:00\",\"breadcrumb\":{\"@id\":\"https:\\\/\\\/www.eldiario.net\\\/portal\\\/2026\\\/06\\\/28\\\/toy-story-5-se-convierte-en-la-pelicula-mas-vista-de-2026-en-america-latina-en-su-fin-de-semana-de-estreno\\\/#breadcrumb\"},\"inLanguage\":\"es\",\"potentialAction\":[{\"@type\":\"ReadAction\",\"target\":[\"https:\\\/\\\/www.eldiario.net\\\/portal\\\/2026\\\/06\\\/28\\\/toy-story-5-se-convierte-en-la-pelicula-mas-vista-de-2026-en-america-latina-en-su-fin-de-semana-de-estreno\\\/\"]}]},{\"@type\":\"ImageObject\",\"inLanguage\":\"es\",\"@id\":\"https:\\\/\\\/www.eldiario.net\\\/portal\\\/2026\\\/06\\\/28\\\/toy-story-5-se-convierte-en-la-pelicula-mas-vista-de-2026-en-america-latina-en-su-fin-de-semana-de-estreno\\\/#primaryimage\",\"url\":\"https:\\\/\\\/www.eldiario.net\\\/portal\\\/wp-content\\\/uploads\\\/2026\\\/06\\\/TOY-STORY-5-SE-CONVIERTE-EN-LA-PELICULA-MAS-VISTA-DE-2026-EN-AMERICA-LATINA-EN-SU-FIN-DE-SEMANA-DE-ESTRENO-copia.webp\",\"contentUrl\":\"https:\\\/\\\/www.eldiario.net\\\/portal\\\/wp-content\\\/uploads\\\/2026\\\/06\\\/TOY-STORY-5-SE-CONVIERTE-EN-LA-PELICULA-MAS-VISTA-DE-2026-EN-AMERICA-LATINA-EN-SU-FIN-DE-SEMANA-DE-ESTRENO-copia.webp\",\"width\":1080,\"height\":565},{\"@type\":\"BreadcrumbList\",\"@id\":\"https:\\\/\\\/www.eldiario.net\\\/portal\\\/2026\\\/06\\\/28\\\/toy-story-5-se-convierte-en-la-pelicula-mas-vista-de-2026-en-america-latina-en-su-fin-de-semana-de-estreno\\\/#breadcrumb\",\"itemListElement\":[{\"@type\":\"ListItem\",\"position\":1,\"name\":\"Portada\",\"item\":\"https:\\\/\\\/www.eldiario.net\\\/portal\\\/\"},{\"@type\":\"ListItem\",\"position\":2,\"name\":\"TOY STORY 5 SE CONVIERTE EN LA PEL\u00cdCULA M\u00c1S VISTA DE 2026 EN AM\u00c9RICA LATINA EN SU FIN DE SEMANA DE ESTRENO\"}]},{\"@type\":\"WebSite\",\"@id\":\"https:\\\/\\\/www.eldiario.net\\\/portal\\\/#website\",\"url\":\"https:\\\/\\\/www.eldiario.net\\\/portal\\\/\",\"name\":\"El Diario - Decano de la prensa nacional\",\"description\":\"El Diario - Decano de la prensa nacional\",\"publisher\":{\"@id\":\"https:\\\/\\\/www.eldiario.net\\\/portal\\\/#organization\"},\"potentialAction\":[{\"@type\":\"SearchAction\",\"target\":{\"@type\":\"EntryPoint\",\"urlTemplate\":\"https:\\\/\\\/www.eldiario.net\\\/portal\\\/?s={search_term_string}\"},\"query-input\":{\"@type\":\"PropertyValueSpecification\",\"valueRequired\":true,\"valueName\":\"search_term_string\"}}],\"inLanguage\":\"es\"},{\"@type\":\"Organization\",\"@id\":\"https:\\\/\\\/www.eldiario.net\\\/portal\\\/#organization\",\"name\":\"El Diario - Decano de la prensa nacional\",\"url\":\"https:\\\/\\\/www.eldiario.net\\\/portal\\\/\",\"logo\":{\"@type\":\"ImageObject\",\"inLanguage\":\"es\",\"@id\":\"https:\\\/\\\/www.eldiario.net\\\/portal\\\/#\\\/schema\\\/logo\\\/image\\\/\",\"url\":\"https:\\\/\\\/www.eldiario.net\\\/portal\\\/wp-content\\\/uploads\\\/2023\\\/07\\\/logo_ED.jpg\",\"contentUrl\":\"https:\\\/\\\/www.eldiario.net\\\/portal\\\/wp-content\\\/uploads\\\/2023\\\/07\\\/logo_ED.jpg\",\"width\":272,\"height\":52,\"caption\":\"El Diario - Decano de la prensa nacional\"},\"image\":{\"@id\":\"https:\\\/\\\/www.eldiario.net\\\/portal\\\/#\\\/schema\\\/logo\\\/image\\\/\"},\"sameAs\":[\"https:\\\/\\\/www.facebook.com\\\/eldiario.bolivia\\\/\",\"https:\\\/\\\/x.com\\\/eldiario_net\"]},{\"@type\":\"Person\",\"@id\":\"https:\\\/\\\/www.eldiario.net\\\/portal\\\/#\\\/schema\\\/person\\\/2c57cf2b7a7ae032e449e4c9b1019eac\",\"name\":\"Jeanette\",\"image\":{\"@type\":\"ImageObject\",\"inLanguage\":\"es\",\"@id\":\"https:\\\/\\\/secure.gravatar.com\\\/avatar\\\/3ea2118a5f7dad2b7138b1187a6b7ee55f160b9968b66013c3a3ef39dd7e5798?s=96&d=mm&r=g\",\"url\":\"https:\\\/\\\/secure.gravatar.com\\\/avatar\\\/3ea2118a5f7dad2b7138b1187a6b7ee55f160b9968b66013c3a3ef39dd7e5798?s=96&d=mm&r=g\",\"contentUrl\":\"https:\\\/\\\/secure.gravatar.com\\\/avatar\\\/3ea2118a5f7dad2b7138b1187a6b7ee55f160b9968b66013c3a3ef39dd7e5798?s=96&d=mm&r=g\",\"caption\":\"Jeanette\"},\"sameAs\":[\"https:\\\/\\\/www.eldiario.net\\\/portal\"],\"url\":\"https:\\\/\\\/www.eldiario.net\\\/portal\\\/author\\\/jeanette\\\/\"}]}<\/script>\n<!-- \/ Yoast SEO plugin. -->","yoast_head_json":{"title":"TOY STORY 5 SE CONVIERTE EN LA PEL\u00cdCULA M\u00c1S VISTA DE 2026 EN AM\u00c9RICA LATINA EN SU FIN DE SEMANA DE ESTRENO - El Diario - Bolivia","robots":{"index":"index","follow":"follow","max-snippet":"max-snippet:-1","max-image-preview":"max-image-preview:large","max-video-preview":"max-video-preview:-1"},"canonical":"https:\/\/www.eldiario.net\/portal\/2026\/06\/28\/toy-story-5-se-convierte-en-la-pelicula-mas-vista-de-2026-en-america-latina-en-su-fin-de-semana-de-estreno\/","og_locale":"es_ES","og_type":"article","og_title":"TOY STORY 5 SE CONVIERTE EN LA PEL\u00cdCULA M\u00c1S VISTA DE 2026 EN AM\u00c9RICA LATINA EN SU FIN DE SEMANA DE ESTRENO - El Diario - Bolivia","og_description":"LA QUINTA ENTREGA DE LA IC\u00d3NICA SAGA DE DISNEY Y PIXAR REAFIRMA EL LEGADO DE UNA DE LAS FRANQUICIAS CINEMATOGR\u00c1FICAS M\u00c1S QUERIDAS Y EXITOSAS Treinta y un a\u00f1os despu\u00e9s de revolucionar la animaci\u00f3n y presentar al mundo a Woody y Buzz Lightyear, TOY STORY contin\u00faa haciendo historia con el estreno de TOY STORY 5. Durante [&hellip;]","og_url":"https:\/\/www.eldiario.net\/portal\/2026\/06\/28\/toy-story-5-se-convierte-en-la-pelicula-mas-vista-de-2026-en-america-latina-en-su-fin-de-semana-de-estreno\/","og_site_name":"El Diario - Bolivia","article_publisher":"https:\/\/www.facebook.com\/eldiario.bolivia\/","article_published_time":"2026-06-28T12:12:16+00:00","article_modified_time":"2026-06-28T12:12:36+00:00","og_image":[{"width":1080,"height":565,"url":"https:\/\/www.eldiario.net\/portal\/wp-content\/uploads\/2026\/06\/TOY-STORY-5-SE-CONVIERTE-EN-LA-PELICULA-MAS-VISTA-DE-2026-EN-AMERICA-LATINA-EN-SU-FIN-DE-SEMANA-DE-ESTRENO-copia.webp","type":"image\/webp"}],"author":"Jeanette","twitter_card":"summary_large_image","twitter_creator":"@eldiario_net","twitter_site":"@eldiario_net","twitter_misc":{"Escrito por":"Jeanette","Tiempo de lectura":"2 minutos"},"schema":{"@context":"https:\/\/schema.org","@graph":[{"@type":"Article","@id":"https:\/\/www.eldiario.net\/portal\/2026\/06\/28\/toy-story-5-se-convierte-en-la-pelicula-mas-vista-de-2026-en-america-latina-en-su-fin-de-semana-de-estreno\/#article","isPartOf":{"@id":"https:\/\/www.eldiario.net\/portal\/2026\/06\/28\/toy-story-5-se-convierte-en-la-pelicula-mas-vista-de-2026-en-america-latina-en-su-fin-de-semana-de-estreno\/"},"author":{"name":"Jeanette","@id":"https:\/\/www.eldiario.net\/portal\/#\/schema\/person\/2c57cf2b7a7ae032e449e4c9b1019eac"},"headline":"TOY STORY 5 SE CONVIERTE EN LA PEL\u00cdCULA M\u00c1S VISTA DE 2026 EN AM\u00c9RICA LATINA EN SU FIN DE SEMANA DE ESTRENO","datePublished":"2026-06-28T12:12:16+00:00","dateModified":"2026-06-28T12:12:36+00:00","mainEntityOfPage":{"@id":"https:\/\/www.eldiario.net\/portal\/2026\/06\/28\/toy-story-5-se-convierte-en-la-pelicula-mas-vista-de-2026-en-america-latina-en-su-fin-de-semana-de-estreno\/"},"wordCount":386,"publisher":{"@id":"https:\/\/www.eldiario.net\/portal\/#organization"},"image":{"@id":"https:\/\/www.eldiario.net\/portal\/2026\/06\/28\/toy-story-5-se-convierte-en-la-pelicula-mas-vista-de-2026-en-america-latina-en-su-fin-de-semana-de-estreno\/#primaryimage"},"thumbnailUrl":"https:\/\/www.eldiario.net\/portal\/wp-content\/uploads\/2026\/06\/TOY-STORY-5-SE-CONVIERTE-EN-LA-PELICULA-MAS-VISTA-DE-2026-EN-AMERICA-LATINA-EN-SU-FIN-DE-SEMANA-DE-ESTRENO-copia.webp","articleSection":["Cine Mundo"],"inLanguage":"es"},{"@type":"WebPage","@id":"https:\/\/www.eldiario.net\/portal\/2026\/06\/28\/toy-story-5-se-convierte-en-la-pelicula-mas-vista-de-2026-en-america-latina-en-su-fin-de-semana-de-estreno\/","url":"https:\/\/www.eldiario.net\/portal\/2026\/06\/28\/toy-story-5-se-convierte-en-la-pelicula-mas-vista-de-2026-en-america-latina-en-su-fin-de-semana-de-estreno\/","name":"TOY STORY 5 SE CONVIERTE EN LA PEL\u00cdCULA M\u00c1S VISTA DE 2026 EN AM\u00c9RICA LATINA EN SU FIN DE SEMANA DE ESTRENO - El Diario - Bolivia","isPartOf":{"@id":"https:\/\/www.eldiario.net\/portal\/#website"},"primaryImageOfPage":{"@id":"https:\/\/www.eldiario.net\/portal\/2026\/06\/28\/toy-story-5-se-convierte-en-la-pelicula-mas-vista-de-2026-en-america-latina-en-su-fin-de-semana-de-estreno\/#primaryimage"},"image":{"@id":"https:\/\/www.eldiario.net\/portal\/2026\/06\/28\/toy-story-5-se-convierte-en-la-pelicula-mas-vista-de-2026-en-america-latina-en-su-fin-de-semana-de-estreno\/#primaryimage"},"thumbnailUrl":"https:\/\/www.eldiario.net\/portal\/wp-content\/uploads\/2026\/06\/TOY-STORY-5-SE-CONVIERTE-EN-LA-PELICULA-MAS-VISTA-DE-2026-EN-AMERICA-LATINA-EN-SU-FIN-DE-SEMANA-DE-ESTRENO-copia.webp","datePublished":"2026-06-28T12:12:16+00:00","dateModified":"2026-06-28T12:12:36+00:00","breadcrumb":{"@id":"https:\/\/www.eldiario.net\/portal\/2026\/06\/28\/toy-story-5-se-convierte-en-la-pelicula-mas-vista-de-2026-en-america-latina-en-su-fin-de-semana-de-estreno\/#breadcrumb"},"inLanguage":"es","potentialAction":[{"@type":"ReadAction","target":["https:\/\/www.eldiario.net\/portal\/2026\/06\/28\/toy-story-5-se-convierte-en-la-pelicula-mas-vista-de-2026-en-america-latina-en-su-fin-de-semana-de-estreno\/"]}]},{"@type":"ImageObject","inLanguage":"es","@id":"https:\/\/www.eldiario.net\/portal\/2026\/06\/28\/toy-story-5-se-convierte-en-la-pelicula-mas-vista-de-2026-en-america-latina-en-su-fin-de-semana-de-estreno\/#primaryimage","url":"https:\/\/www.eldiario.net\/portal\/wp-content\/uploads\/2026\/06\/TOY-STORY-5-SE-CONVIERTE-EN-LA-PELICULA-MAS-VISTA-DE-2026-EN-AMERICA-LATINA-EN-SU-FIN-DE-SEMANA-DE-ESTRENO-copia.webp","contentUrl":"https:\/\/www.eldiario.net\/portal\/wp-content\/uploads\/2026\/06\/TOY-STORY-5-SE-CONVIERTE-EN-LA-PELICULA-MAS-VISTA-DE-2026-EN-AMERICA-LATINA-EN-SU-FIN-DE-SEMANA-DE-ESTRENO-copia.webp","width":1080,"height":565},{"@type":"BreadcrumbList","@id":"https:\/\/www.eldiario.net\/portal\/2026\/06\/28\/toy-story-5-se-convierte-en-la-pelicula-mas-vista-de-2026-en-america-latina-en-su-fin-de-semana-de-estreno\/#breadcrumb","itemListElement":[{"@type":"ListItem","position":1,"name":"Portada","item":"https:\/\/www.eldiario.net\/portal\/"},{"@type":"ListItem","position":2,"name":"TOY STORY 5 SE CONVIERTE EN LA PEL\u00cdCULA M\u00c1S VISTA DE 2026 EN AM\u00c9RICA LATINA EN SU FIN DE SEMANA DE ESTRENO"}]},{"@type":"WebSite","@id":"https:\/\/www.eldiario.net\/portal\/#website","url":"https:\/\/www.eldiario.net\/portal\/","name":"El Diario - Decano de la prensa nacional","description":"El Diario - Decano de la prensa nacional","publisher":{"@id":"https:\/\/www.eldiario.net\/portal\/#organization"},"potentialAction":[{"@type":"SearchAction","target":{"@type":"EntryPoint","urlTemplate":"https:\/\/www.eldiario.net\/portal\/?s={search_term_string}"},"query-input":{"@type":"PropertyValueSpecification","valueRequired":true,"valueName":"search_term_string"}}],"inLanguage":"es"},{"@type":"Organization","@id":"https:\/\/www.eldiario.net\/portal\/#organization","name":"El Diario - Decano de la prensa nacional","url":"https:\/\/www.eldiario.net\/portal\/","logo":{"@type":"ImageObject","inLanguage":"es","@id":"https:\/\/www.eldiario.net\/portal\/#\/schema\/logo\/image\/","url":"https:\/\/www.eldiario.net\/portal\/wp-content\/uploads\/2023\/07\/logo_ED.jpg","contentUrl":"https:\/\/www.eldiario.net\/portal\/wp-content\/uploads\/2023\/07\/logo_ED.jpg","width":272,"height":52,"caption":"El Diario - Decano de la prensa nacional"},"image":{"@id":"https:\/\/www.eldiario.net\/portal\/#\/schema\/logo\/image\/"},"sameAs":["https:\/\/www.facebook.com\/eldiario.bolivia\/","https:\/\/x.com\/eldiario_net"]},{"@type":"Person","@id":"https:\/\/www.eldiario.net\/portal\/#\/schema\/person\/2c57cf2b7a7ae032e449e4c9b1019eac","name":"Jeanette","image":{"@type":"ImageObject","inLanguage":"es","@id":"https:\/\/secure.gravatar.com\/avatar\/3ea2118a5f7dad2b7138b1187a6b7ee55f160b9968b66013c3a3ef39dd7e5798?s=96&d=mm&r=g","url":"https:\/\/secure.gravatar.com\/avatar\/3ea2118a5f7dad2b7138b1187a6b7ee55f160b9968b66013c3a3ef39dd7e5798?s=96&d=mm&r=g","contentUrl":"https:\/\/secure.gravatar.com\/avatar\/3ea2118a5f7dad2b7138b1187a6b7ee55f160b9968b66013c3a3ef39dd7e5798?s=96&d=mm&r=g","caption":"Jeanette"},"sameAs":["https:\/\/www.eldiario.net\/portal"],"url":"https:\/\/www.eldiario.net\/portal\/author\/jeanette\/"}]}},"_links":{"self":[{"href":"https:\/\/www.eldiario.net\/portal\/wp-json\/wp\/v2\/posts\/407794","targetHints":{"allow":["GET"]}}],"collection":[{"href":"https:\/\/www.eldiario.net\/portal\/wp-json\/wp\/v2\/posts"}],"about":[{"href":"https:\/\/www.eldiario.net\/portal\/wp-json\/wp\/v2\/types\/post"}],"author":[{"embeddable":true,"href":"https:\/\/www.eldiario.net\/portal\/wp-json\/wp\/v2\/users\/1"}],"replies":[{"embeddable":true,"href":"https:\/\/www.eldiario.net\/portal\/wp-json\/wp\/v2\/comments?post=407794"}],"version-history":[{"count":2,"href":"https:\/\/www.eldiario.net\/portal\/wp-json\/wp\/v2\/posts\/407794\/revisions"}],"predecessor-version":[{"id":407797,"href":"https:\/\/www.eldiario.net\/portal\/wp-json\/wp\/v2\/posts\/407794\/revisions\/407797"}],"wp:featuredmedia":[{"embeddable":true,"href":"https:\/\/www.eldiario.net\/portal\/wp-json\/wp\/v2\/media\/407795"}],"wp:attachment":[{"href":"https:\/\/www.eldiario.net\/portal\/wp-json\/wp\/v2\/media?parent=407794"}],"wp:term":[{"taxonomy":"category","embeddable":true,"href":"https:\/\/www.eldiario.net\/portal\/wp-json\/wp\/v2\/categories?post=407794"},{"taxonomy":"post_tag","embeddable":true,"href":"https:\/\/www.eldiario.net\/portal\/wp-json\/wp\/v2\/tags?post=407794"}],"curies":[{"name":"wp","href":"https:\/\/api.w.org\/{rel}","templated":true}]}}