{"id":407651,"date":"2026-06-28T07:07:03","date_gmt":"2026-06-28T11:07:03","guid":{"rendered":"https:\/\/www.eldiario.net\/portal\/?p=407651"},"modified":"2026-06-28T07:07:03","modified_gmt":"2026-06-28T11:07:03","slug":"autos-y-motos-electricos-cuadruplican-sus-ventas","status":"publish","type":"post","link":"https:\/\/www.eldiario.net\/portal\/2026\/06\/28\/autos-y-motos-electricos-cuadruplican-sus-ventas\/","title":{"rendered":"Autos y motos el\u00e9ctricos  cuadruplican sus ventas"},"content":{"rendered":"<p>El aumento del precio de la gasolina, su dudosa calidad y las largas filas que se debe hacer para conseguir este combustible, problema de todo este a\u00f1o, ha tenido un directo en la venta de veh\u00edculos el\u00e9ctricos en las importadoras, mientras que la adquisici\u00f3n de motorizados a gasolina se redujo al m\u00ednimo.<br \/>\nMarcas como BYD, ION TT, Hyptec HT, de procedencia china y tambi\u00e9n los veh\u00edculos ensamblados en Bolivia Quantum, aceleraron sus ventas e incluso en algunos distribuidores no quedan unidades, por lo que se tiene que hacer compras a futuro y con reserva.<br \/>\nEste fen\u00f3meno tambi\u00e9n alcanz\u00f3 a las motocicletas y triciclos el\u00e9ctricos, los cuales son utilizados comercialmente para el servicio de pedidos, y los triciclos para transportar mercader\u00eda.<br \/>\nEl asesor Alejandro Rojas explic\u00f3 algunas caracter\u00edsticas del veh\u00edculo ION UT: 100% el\u00e9ctrico con una autonom\u00eda de 420 km y una altura de 18 cm, caracter\u00edstica importante para las calles pace\u00f1as llenas de rompemuelles y pendientes.<\/p>\n<p>EL PRECIO<br \/>\nEl autom\u00f3vil se destaca por su dise\u00f1o minimalista, una pantalla de 13 pulgadas, c\u00e1mara 360 climatizaci\u00f3n autom\u00e1tica, cuatro airbags y un interior amplio que brinda la sensaci\u00f3n de viajar en una vagoneta, tiene una potencia equivalente a un motor 2.0 y puede subir sin problema las pendientes de la ciudad, el tiempo de carga completa es de aproximadamente 10 horas y puede conectarse a una toma corriente convencional.<br \/>\nEn la zona de Calacoto, el ejecutivo V\u00edctor V\u00e1zquez, de Auto Ofertas, explic\u00f3 que los precios de estos veh\u00edculos oscilan entre 180.000 y 335.000 bolivianos, dependiendo de la marca y el modelo, entre las marcas m\u00e1s solicitadas mencionaron a BDY, GAC, ION, Deepal y Best\u00fan, todas con servicio postventa y garant\u00eda de hasta 5 a\u00f1os.<br \/>\nPor su parte, Zhang Bo, representante de la empresa TORO EV, inform\u00f3 que sus motos el\u00e9ctricas ya se utilizan tanto en La Paz como en El Alto, los Yungas y zonas rurales, pues tienen modelos adaptados para las pendientes de la ciudad y ofrecen autonom\u00edas de hasta 100 km y 150 km en terreno plano.<br \/>\nLos precios van desde 17.000 hasta 37.000 bolivianos, mientras que los triciclos el\u00e9ctricos se comercializan entre 29.000 y 35.000 bolivianos, entre sus clientes hay amas de casas, productores, emprendedores y trabajadores que utilizan las motos para actividades comerciales y de transporte.<\/p>\n<p>&nbsp;<\/p>\n","protected":false},"excerpt":{"rendered":"<p>El aumento del precio de la gasolina, su dudosa calidad y las largas filas que se debe hacer para conseguir este combustible, problema de todo este a\u00f1o, ha tenido un directo en la venta de veh\u00edculos el\u00e9ctricos en las importadoras, mientras que la adquisici\u00f3n de motorizados a gasolina se redujo al m\u00ednimo. Marcas como BYD, [&hellip;]<\/p>\n","protected":false},"author":1,"featured_media":407652,"comment_status":"closed","ping_status":"open","sticky":false,"template":"","format":"standard","meta":{"_acf_changed":false,"footnotes":""},"categories":[15],"tags":[],"class_list":["post-407651","post","type-post","status-publish","format-standard","has-post-thumbnail","category-portada"],"acf":{"antetitulo":"Econom\u00eda y Empresa"},"yoast_head":"<!-- This site is optimized with the Yoast SEO plugin v28.3 - https:\/\/yoast.com\/product\/yoast-seo-wordpress\/ -->\n<title>Autos y motos el\u00e9ctricos cuadruplican sus ventas - El Diario - Bolivia<\/title>\n<meta name=\"robots\" content=\"index, follow, max-snippet:-1, max-image-preview:large, max-video-preview:-1\" \/>\n<link rel=\"canonical\" href=\"https:\/\/www.eldiario.net\/portal\/2026\/06\/28\/autos-y-motos-electricos-cuadruplican-sus-ventas\/\" \/>\n<meta property=\"og:locale\" content=\"es_ES\" \/>\n<meta property=\"og:type\" content=\"article\" \/>\n<meta property=\"og:title\" content=\"Autos y motos el\u00e9ctricos cuadruplican sus ventas - El Diario - Bolivia\" \/>\n<meta property=\"og:description\" content=\"El aumento del precio de la gasolina, su dudosa calidad y las largas filas que se debe hacer para conseguir este combustible, problema de todo este a\u00f1o, ha tenido un directo en la venta de veh\u00edculos el\u00e9ctricos en las importadoras, mientras que la adquisici\u00f3n de motorizados a gasolina se redujo al m\u00ednimo. Marcas como BYD, [&hellip;]\" \/>\n<meta property=\"og:url\" content=\"https:\/\/www.eldiario.net\/portal\/2026\/06\/28\/autos-y-motos-electricos-cuadruplican-sus-ventas\/\" \/>\n<meta property=\"og:site_name\" content=\"El Diario - Bolivia\" \/>\n<meta property=\"article:publisher\" content=\"https:\/\/www.facebook.com\/eldiario.bolivia\/\" \/>\n<meta property=\"article:published_time\" content=\"2026-06-28T11:07:03+00:00\" \/>\n<meta property=\"og:image\" content=\"https:\/\/www.eldiario.net\/portal\/wp-content\/uploads\/2026\/06\/auto-electrico-EyE-10-cm-x-7.webp\" \/>\n\t<meta property=\"og:image:width\" content=\"1280\" \/>\n\t<meta property=\"og:image:height\" content=\"600\" \/>\n\t<meta property=\"og:image:type\" content=\"image\/webp\" \/>\n<meta name=\"author\" content=\"Jeanette\" \/>\n<meta name=\"twitter:card\" content=\"summary_large_image\" \/>\n<meta name=\"twitter:creator\" content=\"@eldiario_net\" \/>\n<meta name=\"twitter:site\" content=\"@eldiario_net\" \/>\n<meta name=\"twitter:label1\" content=\"Escrito por\" \/>\n\t<meta name=\"twitter:data1\" content=\"Jeanette\" \/>\n\t<meta name=\"twitter:label2\" content=\"Tiempo de lectura\" \/>\n\t<meta name=\"twitter:data2\" content=\"2 minutos\" \/>\n<script type=\"application\/ld+json\" class=\"yoast-schema-graph\">{\"@context\":\"https:\\\/\\\/schema.org\",\"@graph\":[{\"@type\":\"Article\",\"@id\":\"https:\\\/\\\/www.eldiario.net\\\/portal\\\/2026\\\/06\\\/28\\\/autos-y-motos-electricos-cuadruplican-sus-ventas\\\/#article\",\"isPartOf\":{\"@id\":\"https:\\\/\\\/www.eldiario.net\\\/portal\\\/2026\\\/06\\\/28\\\/autos-y-motos-electricos-cuadruplican-sus-ventas\\\/\"},\"author\":{\"name\":\"Jeanette\",\"@id\":\"https:\\\/\\\/www.eldiario.net\\\/portal\\\/#\\\/schema\\\/person\\\/f46445640444750d7d753ccd04ae01b7\"},\"headline\":\"Autos y motos el\u00e9ctricos cuadruplican sus ventas\",\"datePublished\":\"2026-06-28T11:07:03+00:00\",\"mainEntityOfPage\":{\"@id\":\"https:\\\/\\\/www.eldiario.net\\\/portal\\\/2026\\\/06\\\/28\\\/autos-y-motos-electricos-cuadruplican-sus-ventas\\\/\"},\"wordCount\":403,\"publisher\":{\"@id\":\"https:\\\/\\\/www.eldiario.net\\\/portal\\\/#organization\"},\"image\":{\"@id\":\"https:\\\/\\\/www.eldiario.net\\\/portal\\\/2026\\\/06\\\/28\\\/autos-y-motos-electricos-cuadruplican-sus-ventas\\\/#primaryimage\"},\"thumbnailUrl\":\"https:\\\/\\\/www.eldiario.net\\\/portal\\\/wp-content\\\/uploads\\\/2026\\\/06\\\/auto-electrico-EyE-10-cm-x-7.webp\",\"articleSection\":[\"Portada\"],\"inLanguage\":\"es\"},{\"@type\":\"WebPage\",\"@id\":\"https:\\\/\\\/www.eldiario.net\\\/portal\\\/2026\\\/06\\\/28\\\/autos-y-motos-electricos-cuadruplican-sus-ventas\\\/\",\"url\":\"https:\\\/\\\/www.eldiario.net\\\/portal\\\/2026\\\/06\\\/28\\\/autos-y-motos-electricos-cuadruplican-sus-ventas\\\/\",\"name\":\"Autos y motos el\u00e9ctricos cuadruplican sus ventas - El Diario - Bolivia\",\"isPartOf\":{\"@id\":\"https:\\\/\\\/www.eldiario.net\\\/portal\\\/#website\"},\"primaryImageOfPage\":{\"@id\":\"https:\\\/\\\/www.eldiario.net\\\/portal\\\/2026\\\/06\\\/28\\\/autos-y-motos-electricos-cuadruplican-sus-ventas\\\/#primaryimage\"},\"image\":{\"@id\":\"https:\\\/\\\/www.eldiario.net\\\/portal\\\/2026\\\/06\\\/28\\\/autos-y-motos-electricos-cuadruplican-sus-ventas\\\/#primaryimage\"},\"thumbnailUrl\":\"https:\\\/\\\/www.eldiario.net\\\/portal\\\/wp-content\\\/uploads\\\/2026\\\/06\\\/auto-electrico-EyE-10-cm-x-7.webp\",\"datePublished\":\"2026-06-28T11:07:03+00:00\",\"breadcrumb\":{\"@id\":\"https:\\\/\\\/www.eldiario.net\\\/portal\\\/2026\\\/06\\\/28\\\/autos-y-motos-electricos-cuadruplican-sus-ventas\\\/#breadcrumb\"},\"inLanguage\":\"es\",\"potentialAction\":[{\"@type\":\"ReadAction\",\"target\":[\"https:\\\/\\\/www.eldiario.net\\\/portal\\\/2026\\\/06\\\/28\\\/autos-y-motos-electricos-cuadruplican-sus-ventas\\\/\"]}]},{\"@type\":\"ImageObject\",\"inLanguage\":\"es\",\"@id\":\"https:\\\/\\\/www.eldiario.net\\\/portal\\\/2026\\\/06\\\/28\\\/autos-y-motos-electricos-cuadruplican-sus-ventas\\\/#primaryimage\",\"url\":\"https:\\\/\\\/www.eldiario.net\\\/portal\\\/wp-content\\\/uploads\\\/2026\\\/06\\\/auto-electrico-EyE-10-cm-x-7.webp\",\"contentUrl\":\"https:\\\/\\\/www.eldiario.net\\\/portal\\\/wp-content\\\/uploads\\\/2026\\\/06\\\/auto-electrico-EyE-10-cm-x-7.webp\",\"width\":1280,\"height\":600,\"caption\":\"Veh\u00edculo el\u00e9ctrico\"},{\"@type\":\"BreadcrumbList\",\"@id\":\"https:\\\/\\\/www.eldiario.net\\\/portal\\\/2026\\\/06\\\/28\\\/autos-y-motos-electricos-cuadruplican-sus-ventas\\\/#breadcrumb\",\"itemListElement\":[{\"@type\":\"ListItem\",\"position\":1,\"name\":\"Portada\",\"item\":\"https:\\\/\\\/www.eldiario.net\\\/portal\\\/\"},{\"@type\":\"ListItem\",\"position\":2,\"name\":\"Autos y motos el\u00e9ctricos cuadruplican sus ventas\"}]},{\"@type\":\"WebSite\",\"@id\":\"https:\\\/\\\/www.eldiario.net\\\/portal\\\/#website\",\"url\":\"https:\\\/\\\/www.eldiario.net\\\/portal\\\/\",\"name\":\"El Diario - Decano de la prensa nacional\",\"description\":\"El Diario - Decano de la prensa nacional\",\"publisher\":{\"@id\":\"https:\\\/\\\/www.eldiario.net\\\/portal\\\/#organization\"},\"potentialAction\":[{\"@type\":\"SearchAction\",\"target\":{\"@type\":\"EntryPoint\",\"urlTemplate\":\"https:\\\/\\\/www.eldiario.net\\\/portal\\\/?s={search_term_string}\"},\"query-input\":{\"@type\":\"PropertyValueSpecification\",\"valueRequired\":true,\"valueName\":\"search_term_string\"}}],\"inLanguage\":\"es\"},{\"@type\":\"Organization\",\"@id\":\"https:\\\/\\\/www.eldiario.net\\\/portal\\\/#organization\",\"name\":\"El Diario - Decano de la prensa nacional\",\"url\":\"https:\\\/\\\/www.eldiario.net\\\/portal\\\/\",\"logo\":{\"@type\":\"ImageObject\",\"inLanguage\":\"es\",\"@id\":\"https:\\\/\\\/www.eldiario.net\\\/portal\\\/#\\\/schema\\\/logo\\\/image\\\/\",\"url\":\"https:\\\/\\\/www.eldiario.net\\\/portal\\\/wp-content\\\/uploads\\\/2023\\\/07\\\/logo_ED.jpg\",\"contentUrl\":\"https:\\\/\\\/www.eldiario.net\\\/portal\\\/wp-content\\\/uploads\\\/2023\\\/07\\\/logo_ED.jpg\",\"width\":272,\"height\":52,\"caption\":\"El Diario - Decano de la prensa nacional\"},\"image\":{\"@id\":\"https:\\\/\\\/www.eldiario.net\\\/portal\\\/#\\\/schema\\\/logo\\\/image\\\/\"},\"sameAs\":[\"https:\\\/\\\/www.facebook.com\\\/eldiario.bolivia\\\/\",\"https:\\\/\\\/x.com\\\/eldiario_net\"]},{\"@type\":\"Person\",\"@id\":\"https:\\\/\\\/www.eldiario.net\\\/portal\\\/#\\\/schema\\\/person\\\/f46445640444750d7d753ccd04ae01b7\",\"name\":\"Jeanette\",\"image\":{\"@type\":\"ImageObject\",\"inLanguage\":\"es\",\"@id\":\"https:\\\/\\\/secure.gravatar.com\\\/avatar\\\/3ea2118a5f7dad2b7138b1187a6b7ee55f160b9968b66013c3a3ef39dd7e5798?s=96&d=mm&r=g\",\"url\":\"https:\\\/\\\/secure.gravatar.com\\\/avatar\\\/3ea2118a5f7dad2b7138b1187a6b7ee55f160b9968b66013c3a3ef39dd7e5798?s=96&d=mm&r=g\",\"contentUrl\":\"https:\\\/\\\/secure.gravatar.com\\\/avatar\\\/3ea2118a5f7dad2b7138b1187a6b7ee55f160b9968b66013c3a3ef39dd7e5798?s=96&d=mm&r=g\",\"caption\":\"Jeanette\"},\"sameAs\":[\"https:\\\/\\\/www.eldiario.net\\\/portal\"],\"url\":\"https:\\\/\\\/www.eldiario.net\\\/portal\\\/author\\\/jeanette\\\/\"}]}<\/script>\n<!-- \/ Yoast SEO plugin. -->","yoast_head_json":{"title":"Autos y motos el\u00e9ctricos cuadruplican sus ventas - El Diario - Bolivia","robots":{"index":"index","follow":"follow","max-snippet":"max-snippet:-1","max-image-preview":"max-image-preview:large","max-video-preview":"max-video-preview:-1"},"canonical":"https:\/\/www.eldiario.net\/portal\/2026\/06\/28\/autos-y-motos-electricos-cuadruplican-sus-ventas\/","og_locale":"es_ES","og_type":"article","og_title":"Autos y motos el\u00e9ctricos cuadruplican sus ventas - El Diario - Bolivia","og_description":"El aumento del precio de la gasolina, su dudosa calidad y las largas filas que se debe hacer para conseguir este combustible, problema de todo este a\u00f1o, ha tenido un directo en la venta de veh\u00edculos el\u00e9ctricos en las importadoras, mientras que la adquisici\u00f3n de motorizados a gasolina se redujo al m\u00ednimo. Marcas como BYD, [&hellip;]","og_url":"https:\/\/www.eldiario.net\/portal\/2026\/06\/28\/autos-y-motos-electricos-cuadruplican-sus-ventas\/","og_site_name":"El Diario - Bolivia","article_publisher":"https:\/\/www.facebook.com\/eldiario.bolivia\/","article_published_time":"2026-06-28T11:07:03+00:00","og_image":[{"width":1280,"height":600,"url":"https:\/\/www.eldiario.net\/portal\/wp-content\/uploads\/2026\/06\/auto-electrico-EyE-10-cm-x-7.webp","type":"image\/webp"}],"author":"Jeanette","twitter_card":"summary_large_image","twitter_creator":"@eldiario_net","twitter_site":"@eldiario_net","twitter_misc":{"Escrito por":"Jeanette","Tiempo de lectura":"2 minutos"},"schema":{"@context":"https:\/\/schema.org","@graph":[{"@type":"Article","@id":"https:\/\/www.eldiario.net\/portal\/2026\/06\/28\/autos-y-motos-electricos-cuadruplican-sus-ventas\/#article","isPartOf":{"@id":"https:\/\/www.eldiario.net\/portal\/2026\/06\/28\/autos-y-motos-electricos-cuadruplican-sus-ventas\/"},"author":{"name":"Jeanette","@id":"https:\/\/www.eldiario.net\/portal\/#\/schema\/person\/f46445640444750d7d753ccd04ae01b7"},"headline":"Autos y motos el\u00e9ctricos cuadruplican sus ventas","datePublished":"2026-06-28T11:07:03+00:00","mainEntityOfPage":{"@id":"https:\/\/www.eldiario.net\/portal\/2026\/06\/28\/autos-y-motos-electricos-cuadruplican-sus-ventas\/"},"wordCount":403,"publisher":{"@id":"https:\/\/www.eldiario.net\/portal\/#organization"},"image":{"@id":"https:\/\/www.eldiario.net\/portal\/2026\/06\/28\/autos-y-motos-electricos-cuadruplican-sus-ventas\/#primaryimage"},"thumbnailUrl":"https:\/\/www.eldiario.net\/portal\/wp-content\/uploads\/2026\/06\/auto-electrico-EyE-10-cm-x-7.webp","articleSection":["Portada"],"inLanguage":"es"},{"@type":"WebPage","@id":"https:\/\/www.eldiario.net\/portal\/2026\/06\/28\/autos-y-motos-electricos-cuadruplican-sus-ventas\/","url":"https:\/\/www.eldiario.net\/portal\/2026\/06\/28\/autos-y-motos-electricos-cuadruplican-sus-ventas\/","name":"Autos y motos el\u00e9ctricos cuadruplican sus ventas - El Diario - Bolivia","isPartOf":{"@id":"https:\/\/www.eldiario.net\/portal\/#website"},"primaryImageOfPage":{"@id":"https:\/\/www.eldiario.net\/portal\/2026\/06\/28\/autos-y-motos-electricos-cuadruplican-sus-ventas\/#primaryimage"},"image":{"@id":"https:\/\/www.eldiario.net\/portal\/2026\/06\/28\/autos-y-motos-electricos-cuadruplican-sus-ventas\/#primaryimage"},"thumbnailUrl":"https:\/\/www.eldiario.net\/portal\/wp-content\/uploads\/2026\/06\/auto-electrico-EyE-10-cm-x-7.webp","datePublished":"2026-06-28T11:07:03+00:00","breadcrumb":{"@id":"https:\/\/www.eldiario.net\/portal\/2026\/06\/28\/autos-y-motos-electricos-cuadruplican-sus-ventas\/#breadcrumb"},"inLanguage":"es","potentialAction":[{"@type":"ReadAction","target":["https:\/\/www.eldiario.net\/portal\/2026\/06\/28\/autos-y-motos-electricos-cuadruplican-sus-ventas\/"]}]},{"@type":"ImageObject","inLanguage":"es","@id":"https:\/\/www.eldiario.net\/portal\/2026\/06\/28\/autos-y-motos-electricos-cuadruplican-sus-ventas\/#primaryimage","url":"https:\/\/www.eldiario.net\/portal\/wp-content\/uploads\/2026\/06\/auto-electrico-EyE-10-cm-x-7.webp","contentUrl":"https:\/\/www.eldiario.net\/portal\/wp-content\/uploads\/2026\/06\/auto-electrico-EyE-10-cm-x-7.webp","width":1280,"height":600,"caption":"Veh\u00edculo el\u00e9ctrico"},{"@type":"BreadcrumbList","@id":"https:\/\/www.eldiario.net\/portal\/2026\/06\/28\/autos-y-motos-electricos-cuadruplican-sus-ventas\/#breadcrumb","itemListElement":[{"@type":"ListItem","position":1,"name":"Portada","item":"https:\/\/www.eldiario.net\/portal\/"},{"@type":"ListItem","position":2,"name":"Autos y motos el\u00e9ctricos cuadruplican sus ventas"}]},{"@type":"WebSite","@id":"https:\/\/www.eldiario.net\/portal\/#website","url":"https:\/\/www.eldiario.net\/portal\/","name":"El Diario - Decano de la prensa nacional","description":"El Diario - Decano de la prensa nacional","publisher":{"@id":"https:\/\/www.eldiario.net\/portal\/#organization"},"potentialAction":[{"@type":"SearchAction","target":{"@type":"EntryPoint","urlTemplate":"https:\/\/www.eldiario.net\/portal\/?s={search_term_string}"},"query-input":{"@type":"PropertyValueSpecification","valueRequired":true,"valueName":"search_term_string"}}],"inLanguage":"es"},{"@type":"Organization","@id":"https:\/\/www.eldiario.net\/portal\/#organization","name":"El Diario - Decano de la prensa nacional","url":"https:\/\/www.eldiario.net\/portal\/","logo":{"@type":"ImageObject","inLanguage":"es","@id":"https:\/\/www.eldiario.net\/portal\/#\/schema\/logo\/image\/","url":"https:\/\/www.eldiario.net\/portal\/wp-content\/uploads\/2023\/07\/logo_ED.jpg","contentUrl":"https:\/\/www.eldiario.net\/portal\/wp-content\/uploads\/2023\/07\/logo_ED.jpg","width":272,"height":52,"caption":"El Diario - Decano de la prensa nacional"},"image":{"@id":"https:\/\/www.eldiario.net\/portal\/#\/schema\/logo\/image\/"},"sameAs":["https:\/\/www.facebook.com\/eldiario.bolivia\/","https:\/\/x.com\/eldiario_net"]},{"@type":"Person","@id":"https:\/\/www.eldiario.net\/portal\/#\/schema\/person\/f46445640444750d7d753ccd04ae01b7","name":"Jeanette","image":{"@type":"ImageObject","inLanguage":"es","@id":"https:\/\/secure.gravatar.com\/avatar\/3ea2118a5f7dad2b7138b1187a6b7ee55f160b9968b66013c3a3ef39dd7e5798?s=96&d=mm&r=g","url":"https:\/\/secure.gravatar.com\/avatar\/3ea2118a5f7dad2b7138b1187a6b7ee55f160b9968b66013c3a3ef39dd7e5798?s=96&d=mm&r=g","contentUrl":"https:\/\/secure.gravatar.com\/avatar\/3ea2118a5f7dad2b7138b1187a6b7ee55f160b9968b66013c3a3ef39dd7e5798?s=96&d=mm&r=g","caption":"Jeanette"},"sameAs":["https:\/\/www.eldiario.net\/portal"],"url":"https:\/\/www.eldiario.net\/portal\/author\/jeanette\/"}]}},"_links":{"self":[{"href":"https:\/\/www.eldiario.net\/portal\/wp-json\/wp\/v2\/posts\/407651","targetHints":{"allow":["GET"]}}],"collection":[{"href":"https:\/\/www.eldiario.net\/portal\/wp-json\/wp\/v2\/posts"}],"about":[{"href":"https:\/\/www.eldiario.net\/portal\/wp-json\/wp\/v2\/types\/post"}],"author":[{"embeddable":true,"href":"https:\/\/www.eldiario.net\/portal\/wp-json\/wp\/v2\/users\/1"}],"replies":[{"embeddable":true,"href":"https:\/\/www.eldiario.net\/portal\/wp-json\/wp\/v2\/comments?post=407651"}],"version-history":[{"count":1,"href":"https:\/\/www.eldiario.net\/portal\/wp-json\/wp\/v2\/posts\/407651\/revisions"}],"predecessor-version":[{"id":407653,"href":"https:\/\/www.eldiario.net\/portal\/wp-json\/wp\/v2\/posts\/407651\/revisions\/407653"}],"wp:featuredmedia":[{"embeddable":true,"href":"https:\/\/www.eldiario.net\/portal\/wp-json\/wp\/v2\/media\/407652"}],"wp:attachment":[{"href":"https:\/\/www.eldiario.net\/portal\/wp-json\/wp\/v2\/media?parent=407651"}],"wp:term":[{"taxonomy":"category","embeddable":true,"href":"https:\/\/www.eldiario.net\/portal\/wp-json\/wp\/v2\/categories?post=407651"},{"taxonomy":"post_tag","embeddable":true,"href":"https:\/\/www.eldiario.net\/portal\/wp-json\/wp\/v2\/tags?post=407651"}],"curies":[{"name":"wp","href":"https:\/\/api.w.org\/{rel}","templated":true}]}}