{"id":407648,"date":"2026-06-28T07:06:20","date_gmt":"2026-06-28T11:06:20","guid":{"rendered":"https:\/\/www.eldiario.net\/portal\/?p=407648"},"modified":"2026-06-28T07:06:20","modified_gmt":"2026-06-28T11:06:20","slug":"defensa-reporta-normalidad-con-patrullajes-reforzados","status":"publish","type":"post","link":"https:\/\/www.eldiario.net\/portal\/2026\/06\/28\/defensa-reporta-normalidad-con-patrullajes-reforzados\/","title":{"rendered":"Defensa reporta normalidad con patrullajes reforzados"},"content":{"rendered":"<p class=\"v1MsoNormal\">A una semana del inicio del Estado de Excepci\u00f3n y cinco d\u00edas de la liberaci\u00f3n de las carreteras, el ministro de Defensa, Ernesto Justiniano, inform\u00f3 ayer que se registra normalidad y los patrullajes fueron reforzados.<\/p>\n<p class=\"v1MsoNormal\">\u00abHoy es 27 de junio ya son cinco d\u00edas, desde el 22 de junio, que no tenemos bloqueos en el pa\u00eds, este es un nuevo orden que se da de tranquilidad, de normalidad en todo el territorio nacional\u00bb, afirm\u00f3 en conferencia de prensa.<\/p>\n<p class=\"v1MsoNormal\">Justiniano, el ministro de Gobierno, Marco Antonio Oviedo, y representantes del Comit\u00e9 C\u00edvico Pro Santa Cruz se reunieron ayer para conversar sobre los resultados del Estado de Excepci\u00f3n tras los m\u00e1s de 50 d\u00edas de bloqueos, entre otros temas.<\/p>\n<p class=\"v1MsoNormal\">\u00abEstamos reforzando el control y el patrullaje sobre las \u00e1reas sensibles del Estado\u00bb, indic\u00f3.<\/p>\n<p class=\"v1MsoNormal\">Remarc\u00f3 que, con esta medida, la finalidad es proteger a la gente, a las instituciones del Estado, a los aeropuertos y a los centros de distribuci\u00f3n de combustible.<\/p>\n<p class=\"v1MsoNormal\">\u00abNuestro presidente (Rodrigo Paz) tambi\u00e9n ha sido informado al respecto porque justamente hubo una direcci\u00f3n de que no haya ning\u00fan tipo de relajamiento y m\u00e1s bien todo lo contrario que reforcemos las \u00e1reas\u00bb, dijo.<\/p>\n<p class=\"v1MsoNormal\">El Ministerio de Defensa inform\u00f3 mediante sus redes sociales que las diferentes unidades del Ej\u00e9rcito y la Polic\u00eda Militar intensificaron los patrullajes, tanto diurnos como nocturnos, en las principales ciudades del pa\u00eds con el fin de preservar la paz social, el orden p\u00fablico y la libre transitabilidad, luego de m\u00e1s de 50 d\u00edas de bloqueos. (Abi)<\/p>\n<p class=\"v1MsoNormal\">\n","protected":false},"excerpt":{"rendered":"<p>A una semana del inicio del Estado de Excepci\u00f3n y cinco d\u00edas de la liberaci\u00f3n de las carreteras, el ministro de Defensa, Ernesto Justiniano, inform\u00f3 ayer que se registra normalidad y los patrullajes fueron reforzados. \u00abHoy es 27 de junio ya son cinco d\u00edas, desde el 22 de junio, que no tenemos bloqueos en el [&hellip;]<\/p>\n","protected":false},"author":1,"featured_media":407649,"comment_status":"closed","ping_status":"open","sticky":false,"template":"","format":"standard","meta":{"_acf_changed":false,"footnotes":""},"categories":[15],"tags":[],"class_list":["post-407648","post","type-post","status-publish","format-standard","has-post-thumbnail","category-portada"],"acf":{"antetitulo":"A una semana del estado de excepci\u00f3n"},"yoast_head":"<!-- This site is optimized with the Yoast SEO plugin v28.3 - https:\/\/yoast.com\/product\/yoast-seo-wordpress\/ -->\n<title>Defensa reporta normalidad con patrullajes reforzados - El Diario - Bolivia<\/title>\n<meta name=\"robots\" content=\"index, follow, max-snippet:-1, max-image-preview:large, max-video-preview:-1\" \/>\n<link rel=\"canonical\" href=\"https:\/\/www.eldiario.net\/portal\/2026\/06\/28\/defensa-reporta-normalidad-con-patrullajes-reforzados\/\" \/>\n<meta property=\"og:locale\" content=\"es_ES\" \/>\n<meta property=\"og:type\" content=\"article\" \/>\n<meta property=\"og:title\" content=\"Defensa reporta normalidad con patrullajes reforzados - El Diario - Bolivia\" \/>\n<meta property=\"og:description\" content=\"A una semana del inicio del Estado de Excepci\u00f3n y cinco d\u00edas de la liberaci\u00f3n de las carreteras, el ministro de Defensa, Ernesto Justiniano, inform\u00f3 ayer que se registra normalidad y los patrullajes fueron reforzados. \u00abHoy es 27 de junio ya son cinco d\u00edas, desde el 22 de junio, que no tenemos bloqueos en el [&hellip;]\" \/>\n<meta property=\"og:url\" content=\"https:\/\/www.eldiario.net\/portal\/2026\/06\/28\/defensa-reporta-normalidad-con-patrullajes-reforzados\/\" \/>\n<meta property=\"og:site_name\" content=\"El Diario - Bolivia\" \/>\n<meta property=\"article:publisher\" content=\"https:\/\/www.facebook.com\/eldiario.bolivia\/\" \/>\n<meta property=\"article:published_time\" content=\"2026-06-28T11:06:20+00:00\" \/>\n<meta property=\"og:image\" content=\"https:\/\/www.eldiario.net\/portal\/wp-content\/uploads\/2026\/06\/Patrullaje-Min.-Defensa-10-cm-x-7.webp\" \/>\n\t<meta property=\"og:image:width\" content=\"1229\" \/>\n\t<meta property=\"og:image:height\" content=\"922\" \/>\n\t<meta property=\"og:image:type\" content=\"image\/webp\" \/>\n<meta name=\"author\" content=\"Jeanette\" \/>\n<meta name=\"twitter:card\" content=\"summary_large_image\" \/>\n<meta name=\"twitter:creator\" content=\"@eldiario_net\" \/>\n<meta name=\"twitter:site\" content=\"@eldiario_net\" \/>\n<meta name=\"twitter:label1\" content=\"Escrito por\" \/>\n\t<meta name=\"twitter:data1\" content=\"Jeanette\" \/>\n\t<meta name=\"twitter:label2\" content=\"Tiempo de lectura\" \/>\n\t<meta name=\"twitter:data2\" content=\"2 minutos\" \/>\n<script type=\"application\/ld+json\" class=\"yoast-schema-graph\">{\"@context\":\"https:\\\/\\\/schema.org\",\"@graph\":[{\"@type\":\"Article\",\"@id\":\"https:\\\/\\\/www.eldiario.net\\\/portal\\\/2026\\\/06\\\/28\\\/defensa-reporta-normalidad-con-patrullajes-reforzados\\\/#article\",\"isPartOf\":{\"@id\":\"https:\\\/\\\/www.eldiario.net\\\/portal\\\/2026\\\/06\\\/28\\\/defensa-reporta-normalidad-con-patrullajes-reforzados\\\/\"},\"author\":{\"name\":\"Jeanette\",\"@id\":\"https:\\\/\\\/www.eldiario.net\\\/portal\\\/#\\\/schema\\\/person\\\/f46445640444750d7d753ccd04ae01b7\"},\"headline\":\"Defensa reporta normalidad con patrullajes reforzados\",\"datePublished\":\"2026-06-28T11:06:20+00:00\",\"mainEntityOfPage\":{\"@id\":\"https:\\\/\\\/www.eldiario.net\\\/portal\\\/2026\\\/06\\\/28\\\/defensa-reporta-normalidad-con-patrullajes-reforzados\\\/\"},\"wordCount\":271,\"publisher\":{\"@id\":\"https:\\\/\\\/www.eldiario.net\\\/portal\\\/#organization\"},\"image\":{\"@id\":\"https:\\\/\\\/www.eldiario.net\\\/portal\\\/2026\\\/06\\\/28\\\/defensa-reporta-normalidad-con-patrullajes-reforzados\\\/#primaryimage\"},\"thumbnailUrl\":\"https:\\\/\\\/www.eldiario.net\\\/portal\\\/wp-content\\\/uploads\\\/2026\\\/06\\\/Patrullaje-Min.-Defensa-10-cm-x-7.webp\",\"articleSection\":[\"Portada\"],\"inLanguage\":\"es\"},{\"@type\":\"WebPage\",\"@id\":\"https:\\\/\\\/www.eldiario.net\\\/portal\\\/2026\\\/06\\\/28\\\/defensa-reporta-normalidad-con-patrullajes-reforzados\\\/\",\"url\":\"https:\\\/\\\/www.eldiario.net\\\/portal\\\/2026\\\/06\\\/28\\\/defensa-reporta-normalidad-con-patrullajes-reforzados\\\/\",\"name\":\"Defensa reporta normalidad con patrullajes reforzados - El Diario - Bolivia\",\"isPartOf\":{\"@id\":\"https:\\\/\\\/www.eldiario.net\\\/portal\\\/#website\"},\"primaryImageOfPage\":{\"@id\":\"https:\\\/\\\/www.eldiario.net\\\/portal\\\/2026\\\/06\\\/28\\\/defensa-reporta-normalidad-con-patrullajes-reforzados\\\/#primaryimage\"},\"image\":{\"@id\":\"https:\\\/\\\/www.eldiario.net\\\/portal\\\/2026\\\/06\\\/28\\\/defensa-reporta-normalidad-con-patrullajes-reforzados\\\/#primaryimage\"},\"thumbnailUrl\":\"https:\\\/\\\/www.eldiario.net\\\/portal\\\/wp-content\\\/uploads\\\/2026\\\/06\\\/Patrullaje-Min.-Defensa-10-cm-x-7.webp\",\"datePublished\":\"2026-06-28T11:06:20+00:00\",\"breadcrumb\":{\"@id\":\"https:\\\/\\\/www.eldiario.net\\\/portal\\\/2026\\\/06\\\/28\\\/defensa-reporta-normalidad-con-patrullajes-reforzados\\\/#breadcrumb\"},\"inLanguage\":\"es\",\"potentialAction\":[{\"@type\":\"ReadAction\",\"target\":[\"https:\\\/\\\/www.eldiario.net\\\/portal\\\/2026\\\/06\\\/28\\\/defensa-reporta-normalidad-con-patrullajes-reforzados\\\/\"]}]},{\"@type\":\"ImageObject\",\"inLanguage\":\"es\",\"@id\":\"https:\\\/\\\/www.eldiario.net\\\/portal\\\/2026\\\/06\\\/28\\\/defensa-reporta-normalidad-con-patrullajes-reforzados\\\/#primaryimage\",\"url\":\"https:\\\/\\\/www.eldiario.net\\\/portal\\\/wp-content\\\/uploads\\\/2026\\\/06\\\/Patrullaje-Min.-Defensa-10-cm-x-7.webp\",\"contentUrl\":\"https:\\\/\\\/www.eldiario.net\\\/portal\\\/wp-content\\\/uploads\\\/2026\\\/06\\\/Patrullaje-Min.-Defensa-10-cm-x-7.webp\",\"width\":1229,\"height\":922},{\"@type\":\"BreadcrumbList\",\"@id\":\"https:\\\/\\\/www.eldiario.net\\\/portal\\\/2026\\\/06\\\/28\\\/defensa-reporta-normalidad-con-patrullajes-reforzados\\\/#breadcrumb\",\"itemListElement\":[{\"@type\":\"ListItem\",\"position\":1,\"name\":\"Portada\",\"item\":\"https:\\\/\\\/www.eldiario.net\\\/portal\\\/\"},{\"@type\":\"ListItem\",\"position\":2,\"name\":\"Defensa reporta normalidad con patrullajes reforzados\"}]},{\"@type\":\"WebSite\",\"@id\":\"https:\\\/\\\/www.eldiario.net\\\/portal\\\/#website\",\"url\":\"https:\\\/\\\/www.eldiario.net\\\/portal\\\/\",\"name\":\"El Diario - Decano de la prensa nacional\",\"description\":\"El Diario - Decano de la prensa nacional\",\"publisher\":{\"@id\":\"https:\\\/\\\/www.eldiario.net\\\/portal\\\/#organization\"},\"potentialAction\":[{\"@type\":\"SearchAction\",\"target\":{\"@type\":\"EntryPoint\",\"urlTemplate\":\"https:\\\/\\\/www.eldiario.net\\\/portal\\\/?s={search_term_string}\"},\"query-input\":{\"@type\":\"PropertyValueSpecification\",\"valueRequired\":true,\"valueName\":\"search_term_string\"}}],\"inLanguage\":\"es\"},{\"@type\":\"Organization\",\"@id\":\"https:\\\/\\\/www.eldiario.net\\\/portal\\\/#organization\",\"name\":\"El Diario - Decano de la prensa nacional\",\"url\":\"https:\\\/\\\/www.eldiario.net\\\/portal\\\/\",\"logo\":{\"@type\":\"ImageObject\",\"inLanguage\":\"es\",\"@id\":\"https:\\\/\\\/www.eldiario.net\\\/portal\\\/#\\\/schema\\\/logo\\\/image\\\/\",\"url\":\"https:\\\/\\\/www.eldiario.net\\\/portal\\\/wp-content\\\/uploads\\\/2023\\\/07\\\/logo_ED.jpg\",\"contentUrl\":\"https:\\\/\\\/www.eldiario.net\\\/portal\\\/wp-content\\\/uploads\\\/2023\\\/07\\\/logo_ED.jpg\",\"width\":272,\"height\":52,\"caption\":\"El Diario - Decano de la prensa nacional\"},\"image\":{\"@id\":\"https:\\\/\\\/www.eldiario.net\\\/portal\\\/#\\\/schema\\\/logo\\\/image\\\/\"},\"sameAs\":[\"https:\\\/\\\/www.facebook.com\\\/eldiario.bolivia\\\/\",\"https:\\\/\\\/x.com\\\/eldiario_net\"]},{\"@type\":\"Person\",\"@id\":\"https:\\\/\\\/www.eldiario.net\\\/portal\\\/#\\\/schema\\\/person\\\/f46445640444750d7d753ccd04ae01b7\",\"name\":\"Jeanette\",\"image\":{\"@type\":\"ImageObject\",\"inLanguage\":\"es\",\"@id\":\"https:\\\/\\\/secure.gravatar.com\\\/avatar\\\/3ea2118a5f7dad2b7138b1187a6b7ee55f160b9968b66013c3a3ef39dd7e5798?s=96&d=mm&r=g\",\"url\":\"https:\\\/\\\/secure.gravatar.com\\\/avatar\\\/3ea2118a5f7dad2b7138b1187a6b7ee55f160b9968b66013c3a3ef39dd7e5798?s=96&d=mm&r=g\",\"contentUrl\":\"https:\\\/\\\/secure.gravatar.com\\\/avatar\\\/3ea2118a5f7dad2b7138b1187a6b7ee55f160b9968b66013c3a3ef39dd7e5798?s=96&d=mm&r=g\",\"caption\":\"Jeanette\"},\"sameAs\":[\"https:\\\/\\\/www.eldiario.net\\\/portal\"],\"url\":\"https:\\\/\\\/www.eldiario.net\\\/portal\\\/author\\\/jeanette\\\/\"}]}<\/script>\n<!-- \/ Yoast SEO plugin. -->","yoast_head_json":{"title":"Defensa reporta normalidad con patrullajes reforzados - El Diario - Bolivia","robots":{"index":"index","follow":"follow","max-snippet":"max-snippet:-1","max-image-preview":"max-image-preview:large","max-video-preview":"max-video-preview:-1"},"canonical":"https:\/\/www.eldiario.net\/portal\/2026\/06\/28\/defensa-reporta-normalidad-con-patrullajes-reforzados\/","og_locale":"es_ES","og_type":"article","og_title":"Defensa reporta normalidad con patrullajes reforzados - El Diario - Bolivia","og_description":"A una semana del inicio del Estado de Excepci\u00f3n y cinco d\u00edas de la liberaci\u00f3n de las carreteras, el ministro de Defensa, Ernesto Justiniano, inform\u00f3 ayer que se registra normalidad y los patrullajes fueron reforzados. \u00abHoy es 27 de junio ya son cinco d\u00edas, desde el 22 de junio, que no tenemos bloqueos en el [&hellip;]","og_url":"https:\/\/www.eldiario.net\/portal\/2026\/06\/28\/defensa-reporta-normalidad-con-patrullajes-reforzados\/","og_site_name":"El Diario - Bolivia","article_publisher":"https:\/\/www.facebook.com\/eldiario.bolivia\/","article_published_time":"2026-06-28T11:06:20+00:00","og_image":[{"width":1229,"height":922,"url":"https:\/\/www.eldiario.net\/portal\/wp-content\/uploads\/2026\/06\/Patrullaje-Min.-Defensa-10-cm-x-7.webp","type":"image\/webp"}],"author":"Jeanette","twitter_card":"summary_large_image","twitter_creator":"@eldiario_net","twitter_site":"@eldiario_net","twitter_misc":{"Escrito por":"Jeanette","Tiempo de lectura":"2 minutos"},"schema":{"@context":"https:\/\/schema.org","@graph":[{"@type":"Article","@id":"https:\/\/www.eldiario.net\/portal\/2026\/06\/28\/defensa-reporta-normalidad-con-patrullajes-reforzados\/#article","isPartOf":{"@id":"https:\/\/www.eldiario.net\/portal\/2026\/06\/28\/defensa-reporta-normalidad-con-patrullajes-reforzados\/"},"author":{"name":"Jeanette","@id":"https:\/\/www.eldiario.net\/portal\/#\/schema\/person\/f46445640444750d7d753ccd04ae01b7"},"headline":"Defensa reporta normalidad con patrullajes reforzados","datePublished":"2026-06-28T11:06:20+00:00","mainEntityOfPage":{"@id":"https:\/\/www.eldiario.net\/portal\/2026\/06\/28\/defensa-reporta-normalidad-con-patrullajes-reforzados\/"},"wordCount":271,"publisher":{"@id":"https:\/\/www.eldiario.net\/portal\/#organization"},"image":{"@id":"https:\/\/www.eldiario.net\/portal\/2026\/06\/28\/defensa-reporta-normalidad-con-patrullajes-reforzados\/#primaryimage"},"thumbnailUrl":"https:\/\/www.eldiario.net\/portal\/wp-content\/uploads\/2026\/06\/Patrullaje-Min.-Defensa-10-cm-x-7.webp","articleSection":["Portada"],"inLanguage":"es"},{"@type":"WebPage","@id":"https:\/\/www.eldiario.net\/portal\/2026\/06\/28\/defensa-reporta-normalidad-con-patrullajes-reforzados\/","url":"https:\/\/www.eldiario.net\/portal\/2026\/06\/28\/defensa-reporta-normalidad-con-patrullajes-reforzados\/","name":"Defensa reporta normalidad con patrullajes reforzados - El Diario - Bolivia","isPartOf":{"@id":"https:\/\/www.eldiario.net\/portal\/#website"},"primaryImageOfPage":{"@id":"https:\/\/www.eldiario.net\/portal\/2026\/06\/28\/defensa-reporta-normalidad-con-patrullajes-reforzados\/#primaryimage"},"image":{"@id":"https:\/\/www.eldiario.net\/portal\/2026\/06\/28\/defensa-reporta-normalidad-con-patrullajes-reforzados\/#primaryimage"},"thumbnailUrl":"https:\/\/www.eldiario.net\/portal\/wp-content\/uploads\/2026\/06\/Patrullaje-Min.-Defensa-10-cm-x-7.webp","datePublished":"2026-06-28T11:06:20+00:00","breadcrumb":{"@id":"https:\/\/www.eldiario.net\/portal\/2026\/06\/28\/defensa-reporta-normalidad-con-patrullajes-reforzados\/#breadcrumb"},"inLanguage":"es","potentialAction":[{"@type":"ReadAction","target":["https:\/\/www.eldiario.net\/portal\/2026\/06\/28\/defensa-reporta-normalidad-con-patrullajes-reforzados\/"]}]},{"@type":"ImageObject","inLanguage":"es","@id":"https:\/\/www.eldiario.net\/portal\/2026\/06\/28\/defensa-reporta-normalidad-con-patrullajes-reforzados\/#primaryimage","url":"https:\/\/www.eldiario.net\/portal\/wp-content\/uploads\/2026\/06\/Patrullaje-Min.-Defensa-10-cm-x-7.webp","contentUrl":"https:\/\/www.eldiario.net\/portal\/wp-content\/uploads\/2026\/06\/Patrullaje-Min.-Defensa-10-cm-x-7.webp","width":1229,"height":922},{"@type":"BreadcrumbList","@id":"https:\/\/www.eldiario.net\/portal\/2026\/06\/28\/defensa-reporta-normalidad-con-patrullajes-reforzados\/#breadcrumb","itemListElement":[{"@type":"ListItem","position":1,"name":"Portada","item":"https:\/\/www.eldiario.net\/portal\/"},{"@type":"ListItem","position":2,"name":"Defensa reporta normalidad con patrullajes reforzados"}]},{"@type":"WebSite","@id":"https:\/\/www.eldiario.net\/portal\/#website","url":"https:\/\/www.eldiario.net\/portal\/","name":"El Diario - Decano de la prensa nacional","description":"El Diario - Decano de la prensa nacional","publisher":{"@id":"https:\/\/www.eldiario.net\/portal\/#organization"},"potentialAction":[{"@type":"SearchAction","target":{"@type":"EntryPoint","urlTemplate":"https:\/\/www.eldiario.net\/portal\/?s={search_term_string}"},"query-input":{"@type":"PropertyValueSpecification","valueRequired":true,"valueName":"search_term_string"}}],"inLanguage":"es"},{"@type":"Organization","@id":"https:\/\/www.eldiario.net\/portal\/#organization","name":"El Diario - Decano de la prensa nacional","url":"https:\/\/www.eldiario.net\/portal\/","logo":{"@type":"ImageObject","inLanguage":"es","@id":"https:\/\/www.eldiario.net\/portal\/#\/schema\/logo\/image\/","url":"https:\/\/www.eldiario.net\/portal\/wp-content\/uploads\/2023\/07\/logo_ED.jpg","contentUrl":"https:\/\/www.eldiario.net\/portal\/wp-content\/uploads\/2023\/07\/logo_ED.jpg","width":272,"height":52,"caption":"El Diario - Decano de la prensa nacional"},"image":{"@id":"https:\/\/www.eldiario.net\/portal\/#\/schema\/logo\/image\/"},"sameAs":["https:\/\/www.facebook.com\/eldiario.bolivia\/","https:\/\/x.com\/eldiario_net"]},{"@type":"Person","@id":"https:\/\/www.eldiario.net\/portal\/#\/schema\/person\/f46445640444750d7d753ccd04ae01b7","name":"Jeanette","image":{"@type":"ImageObject","inLanguage":"es","@id":"https:\/\/secure.gravatar.com\/avatar\/3ea2118a5f7dad2b7138b1187a6b7ee55f160b9968b66013c3a3ef39dd7e5798?s=96&d=mm&r=g","url":"https:\/\/secure.gravatar.com\/avatar\/3ea2118a5f7dad2b7138b1187a6b7ee55f160b9968b66013c3a3ef39dd7e5798?s=96&d=mm&r=g","contentUrl":"https:\/\/secure.gravatar.com\/avatar\/3ea2118a5f7dad2b7138b1187a6b7ee55f160b9968b66013c3a3ef39dd7e5798?s=96&d=mm&r=g","caption":"Jeanette"},"sameAs":["https:\/\/www.eldiario.net\/portal"],"url":"https:\/\/www.eldiario.net\/portal\/author\/jeanette\/"}]}},"_links":{"self":[{"href":"https:\/\/www.eldiario.net\/portal\/wp-json\/wp\/v2\/posts\/407648","targetHints":{"allow":["GET"]}}],"collection":[{"href":"https:\/\/www.eldiario.net\/portal\/wp-json\/wp\/v2\/posts"}],"about":[{"href":"https:\/\/www.eldiario.net\/portal\/wp-json\/wp\/v2\/types\/post"}],"author":[{"embeddable":true,"href":"https:\/\/www.eldiario.net\/portal\/wp-json\/wp\/v2\/users\/1"}],"replies":[{"embeddable":true,"href":"https:\/\/www.eldiario.net\/portal\/wp-json\/wp\/v2\/comments?post=407648"}],"version-history":[{"count":1,"href":"https:\/\/www.eldiario.net\/portal\/wp-json\/wp\/v2\/posts\/407648\/revisions"}],"predecessor-version":[{"id":407650,"href":"https:\/\/www.eldiario.net\/portal\/wp-json\/wp\/v2\/posts\/407648\/revisions\/407650"}],"wp:featuredmedia":[{"embeddable":true,"href":"https:\/\/www.eldiario.net\/portal\/wp-json\/wp\/v2\/media\/407649"}],"wp:attachment":[{"href":"https:\/\/www.eldiario.net\/portal\/wp-json\/wp\/v2\/media?parent=407648"}],"wp:term":[{"taxonomy":"category","embeddable":true,"href":"https:\/\/www.eldiario.net\/portal\/wp-json\/wp\/v2\/categories?post=407648"},{"taxonomy":"post_tag","embeddable":true,"href":"https:\/\/www.eldiario.net\/portal\/wp-json\/wp\/v2\/tags?post=407648"}],"curies":[{"name":"wp","href":"https:\/\/api.w.org\/{rel}","templated":true}]}}