{"id":407140,"date":"2026-06-26T00:24:00","date_gmt":"2026-06-26T04:24:00","guid":{"rendered":"https:\/\/www.eldiario.net\/portal\/?p=407140"},"modified":"2026-06-25T23:24:37","modified_gmt":"2026-06-26T03:24:37","slug":"minions-monstruos-universo-de-illumination","status":"publish","type":"post","link":"https:\/\/www.eldiario.net\/portal\/2026\/06\/26\/minions-monstruos-universo-de-illumination\/","title":{"rendered":"\u201cMinions &#038; Monstruos\u201d, universo de Illumination"},"content":{"rendered":"<p>Tras el \u00e9xito mundial en taquilla de la comedia m\u00e1s divertida de 2024, Mi Villano Favorito 4, Illumination expande su universo con un nuevo cap\u00edtulo en la franquicia animada global m\u00e1s grande de la historia: Minions &amp; Monstruos.<br \/>\nLa pel\u00edcula nos transporta a la d\u00e9cada de 1920 para contar una historia tan disparatada como divertida. En esta ocasi\u00f3n, los Minions llegan a Hollywood con el sue\u00f1o de convertirse en estrellas de cine. Sin embargo, una serie de accidentes, malentendidos y decisiones cuestionables los llevar\u00e1 a perderlo todo y a desencadenar una amenaza monstruosa que pondr\u00e1 en riesgo al mundo entero.<br \/>\nLo que comienza como una aventura llena de fama y diversi\u00f3n pronto se transforma en una misi\u00f3n para salvar al planeta del caos que ellos mismos ayudaron a provocar, dando paso a una producci\u00f3n cargada de humor f\u00edsico, situaciones absurdas y nuevos personajes.<br \/>\nMinions &amp; Monstruos es dirigida por Pierre Coffin, nominado al Premio de la Academia y director de las tres primeras pel\u00edculas de Mi Villano Favorito, y la primera pel\u00edcula de los Minions. Coffin tambi\u00e9n ha dado voz a los Minions desde su debut en 2010. La pel\u00edcula es escrita por Brian Lynch (Minions, La vida secreta de tus mascotas) y Pierre Coffin, adem\u00e1s es producida por Chris Meledandri, fundador y director ejecutivo de Illumination, nominado al Premio de la Academia, y por Bill Ryan (productor ejecutivo de Super Mario Bros).<br \/>\nM\u00e1s de diez a\u00f1os despu\u00e9s de su creaci\u00f3n, los Minions se han convertido en los personajes animados m\u00e1s ic\u00f3nicos de su generaci\u00f3n. Reconocidos y queridos a nivel mundial por fan\u00e1ticos de todas las edades, han impulsado a Mi Villano Favorito y Minions de Illumination a una taquilla global de m\u00e1s de 5.6 mil millones de d\u00f3lares.<br \/>\n\u201cLos Minions tienen un atractivo inmediato y universal. Son expresivos, impulsivos, profundamente leales y casi siempre est\u00e1n a un malentendido de provocar un desastre. Aunque no hablen un idioma convencional, logran conectar con el p\u00fablico a trav\u00e9s del humor, el movimiento y su inconfundible personalidad\u201d, indica Sandra Cortez, gerente de marketing de Andes Films, distribuidora de la cinta en Bolivia.<br \/>\nEntre las novedades de esta producci\u00f3n destacan las voces en espa\u00f1ol de Abelito, emergente creador de contenido mexicano que interpreta a Goomy, una misteriosa criatura verde que aparenta ser aliada de los Minions, pero que esconde oscuros planes para la Tierra. Tambi\u00e9n participan el comediante Carlos Ballarta como un visitante espacial y el reconocido periodista deportivo Alberto Lati en el papel de un productor de cine.<br \/>\nCon 90 minutos de aventura, humor y entretenimiento para toda la familia, Minions &amp; Monstruos promete conquistar a chicos y grandes este 1 de julio.<\/p>\n","protected":false},"excerpt":{"rendered":"<p>Tras el \u00e9xito mundial en taquilla de la comedia m\u00e1s divertida de 2024, Mi Villano Favorito 4, Illumination expande su universo con un nuevo cap\u00edtulo en la franquicia animada global m\u00e1s grande de la historia: Minions &amp; Monstruos. La pel\u00edcula nos transporta a la d\u00e9cada de 1920 para contar una historia tan disparatada como divertida. [&hellip;]<\/p>\n","protected":false},"author":1,"featured_media":407141,"comment_status":"closed","ping_status":"open","sticky":false,"template":"","format":"standard","meta":{"_acf_changed":false,"footnotes":""},"categories":[8],"tags":[],"class_list":["post-407140","post","type-post","status-publish","format-standard","has-post-thumbnail","category-cultural"],"acf":{"antetitulo":"Estreno"},"yoast_head":"<!-- This site is optimized with the Yoast SEO plugin v28.4 - https:\/\/yoast.com\/product\/yoast-seo-wordpress\/ -->\n<title>\u201cMinions &amp; Monstruos\u201d, universo de Illumination - El Diario - Bolivia<\/title>\n<meta name=\"robots\" content=\"index, follow, max-snippet:-1, max-image-preview:large, max-video-preview:-1\" \/>\n<link rel=\"canonical\" href=\"https:\/\/www.eldiario.net\/portal\/2026\/06\/26\/minions-monstruos-universo-de-illumination\/\" \/>\n<meta property=\"og:locale\" content=\"es_ES\" \/>\n<meta property=\"og:type\" content=\"article\" \/>\n<meta property=\"og:title\" content=\"\u201cMinions &amp; Monstruos\u201d, universo de Illumination - El Diario - Bolivia\" \/>\n<meta property=\"og:description\" content=\"Tras el \u00e9xito mundial en taquilla de la comedia m\u00e1s divertida de 2024, Mi Villano Favorito 4, Illumination expande su universo con un nuevo cap\u00edtulo en la franquicia animada global m\u00e1s grande de la historia: Minions &amp; Monstruos. La pel\u00edcula nos transporta a la d\u00e9cada de 1920 para contar una historia tan disparatada como divertida. [&hellip;]\" \/>\n<meta property=\"og:url\" content=\"https:\/\/www.eldiario.net\/portal\/2026\/06\/26\/minions-monstruos-universo-de-illumination\/\" \/>\n<meta property=\"og:site_name\" content=\"El Diario - Bolivia\" \/>\n<meta property=\"article:publisher\" content=\"https:\/\/www.facebook.com\/eldiario.bolivia\/\" \/>\n<meta property=\"article:published_time\" content=\"2026-06-26T04:24:00+00:00\" \/>\n<meta property=\"og:image\" content=\"https:\/\/www.eldiario.net\/portal\/wp-content\/uploads\/2026\/06\/MINIONS.webp\" \/>\n\t<meta property=\"og:image:width\" content=\"1352\" \/>\n\t<meta property=\"og:image:height\" content=\"872\" \/>\n\t<meta property=\"og:image:type\" content=\"image\/webp\" \/>\n<meta name=\"author\" content=\"Jeanette\" \/>\n<meta name=\"twitter:card\" content=\"summary_large_image\" \/>\n<meta name=\"twitter:creator\" content=\"@eldiario_net\" \/>\n<meta name=\"twitter:site\" content=\"@eldiario_net\" \/>\n<meta name=\"twitter:label1\" content=\"Escrito por\" \/>\n\t<meta name=\"twitter:data1\" content=\"Jeanette\" \/>\n\t<meta name=\"twitter:label2\" content=\"Tiempo de lectura\" \/>\n\t<meta name=\"twitter:data2\" content=\"3 minutos\" \/>\n<script type=\"application\/ld+json\" class=\"yoast-schema-graph\">{\"@context\":\"https:\\\/\\\/schema.org\",\"@graph\":[{\"@type\":\"Article\",\"@id\":\"https:\\\/\\\/www.eldiario.net\\\/portal\\\/2026\\\/06\\\/26\\\/minions-monstruos-universo-de-illumination\\\/#article\",\"isPartOf\":{\"@id\":\"https:\\\/\\\/www.eldiario.net\\\/portal\\\/2026\\\/06\\\/26\\\/minions-monstruos-universo-de-illumination\\\/\"},\"author\":{\"name\":\"Jeanette\",\"@id\":\"https:\\\/\\\/www.eldiario.net\\\/portal\\\/#\\\/schema\\\/person\\\/2c57cf2b7a7ae032e449e4c9b1019eac\"},\"headline\":\"\u201cMinions &#038; Monstruos\u201d, universo de Illumination\",\"datePublished\":\"2026-06-26T04:24:00+00:00\",\"mainEntityOfPage\":{\"@id\":\"https:\\\/\\\/www.eldiario.net\\\/portal\\\/2026\\\/06\\\/26\\\/minions-monstruos-universo-de-illumination\\\/\"},\"wordCount\":470,\"publisher\":{\"@id\":\"https:\\\/\\\/www.eldiario.net\\\/portal\\\/#organization\"},\"image\":{\"@id\":\"https:\\\/\\\/www.eldiario.net\\\/portal\\\/2026\\\/06\\\/26\\\/minions-monstruos-universo-de-illumination\\\/#primaryimage\"},\"thumbnailUrl\":\"https:\\\/\\\/www.eldiario.net\\\/portal\\\/wp-content\\\/uploads\\\/2026\\\/06\\\/MINIONS.webp\",\"articleSection\":[\"Cultural\"],\"inLanguage\":\"es\"},{\"@type\":\"WebPage\",\"@id\":\"https:\\\/\\\/www.eldiario.net\\\/portal\\\/2026\\\/06\\\/26\\\/minions-monstruos-universo-de-illumination\\\/\",\"url\":\"https:\\\/\\\/www.eldiario.net\\\/portal\\\/2026\\\/06\\\/26\\\/minions-monstruos-universo-de-illumination\\\/\",\"name\":\"\u201cMinions & Monstruos\u201d, universo de Illumination - El Diario - Bolivia\",\"isPartOf\":{\"@id\":\"https:\\\/\\\/www.eldiario.net\\\/portal\\\/#website\"},\"primaryImageOfPage\":{\"@id\":\"https:\\\/\\\/www.eldiario.net\\\/portal\\\/2026\\\/06\\\/26\\\/minions-monstruos-universo-de-illumination\\\/#primaryimage\"},\"image\":{\"@id\":\"https:\\\/\\\/www.eldiario.net\\\/portal\\\/2026\\\/06\\\/26\\\/minions-monstruos-universo-de-illumination\\\/#primaryimage\"},\"thumbnailUrl\":\"https:\\\/\\\/www.eldiario.net\\\/portal\\\/wp-content\\\/uploads\\\/2026\\\/06\\\/MINIONS.webp\",\"datePublished\":\"2026-06-26T04:24:00+00:00\",\"breadcrumb\":{\"@id\":\"https:\\\/\\\/www.eldiario.net\\\/portal\\\/2026\\\/06\\\/26\\\/minions-monstruos-universo-de-illumination\\\/#breadcrumb\"},\"inLanguage\":\"es\",\"potentialAction\":[{\"@type\":\"ReadAction\",\"target\":[\"https:\\\/\\\/www.eldiario.net\\\/portal\\\/2026\\\/06\\\/26\\\/minions-monstruos-universo-de-illumination\\\/\"]}]},{\"@type\":\"ImageObject\",\"inLanguage\":\"es\",\"@id\":\"https:\\\/\\\/www.eldiario.net\\\/portal\\\/2026\\\/06\\\/26\\\/minions-monstruos-universo-de-illumination\\\/#primaryimage\",\"url\":\"https:\\\/\\\/www.eldiario.net\\\/portal\\\/wp-content\\\/uploads\\\/2026\\\/06\\\/MINIONS.webp\",\"contentUrl\":\"https:\\\/\\\/www.eldiario.net\\\/portal\\\/wp-content\\\/uploads\\\/2026\\\/06\\\/MINIONS.webp\",\"width\":1352,\"height\":872,\"caption\":\"MINIONS, QUE REGRESA A LA PANTALLA GRANDE CON NUEVAS AVENTURAS Y SU CARACTER\u00cdSTICO HUMOR.\"},{\"@type\":\"BreadcrumbList\",\"@id\":\"https:\\\/\\\/www.eldiario.net\\\/portal\\\/2026\\\/06\\\/26\\\/minions-monstruos-universo-de-illumination\\\/#breadcrumb\",\"itemListElement\":[{\"@type\":\"ListItem\",\"position\":1,\"name\":\"Portada\",\"item\":\"https:\\\/\\\/www.eldiario.net\\\/portal\\\/\"},{\"@type\":\"ListItem\",\"position\":2,\"name\":\"\u201cMinions &#038; Monstruos\u201d, universo de Illumination\"}]},{\"@type\":\"WebSite\",\"@id\":\"https:\\\/\\\/www.eldiario.net\\\/portal\\\/#website\",\"url\":\"https:\\\/\\\/www.eldiario.net\\\/portal\\\/\",\"name\":\"El Diario - Decano de la prensa nacional\",\"description\":\"El Diario - Decano de la prensa nacional\",\"publisher\":{\"@id\":\"https:\\\/\\\/www.eldiario.net\\\/portal\\\/#organization\"},\"potentialAction\":[{\"@type\":\"SearchAction\",\"target\":{\"@type\":\"EntryPoint\",\"urlTemplate\":\"https:\\\/\\\/www.eldiario.net\\\/portal\\\/?s={search_term_string}\"},\"query-input\":{\"@type\":\"PropertyValueSpecification\",\"valueRequired\":true,\"valueName\":\"search_term_string\"}}],\"inLanguage\":\"es\"},{\"@type\":\"Organization\",\"@id\":\"https:\\\/\\\/www.eldiario.net\\\/portal\\\/#organization\",\"name\":\"El Diario - Decano de la prensa nacional\",\"url\":\"https:\\\/\\\/www.eldiario.net\\\/portal\\\/\",\"logo\":{\"@type\":\"ImageObject\",\"inLanguage\":\"es\",\"@id\":\"https:\\\/\\\/www.eldiario.net\\\/portal\\\/#\\\/schema\\\/logo\\\/image\\\/\",\"url\":\"https:\\\/\\\/www.eldiario.net\\\/portal\\\/wp-content\\\/uploads\\\/2023\\\/07\\\/logo_ED.jpg\",\"contentUrl\":\"https:\\\/\\\/www.eldiario.net\\\/portal\\\/wp-content\\\/uploads\\\/2023\\\/07\\\/logo_ED.jpg\",\"width\":272,\"height\":52,\"caption\":\"El Diario - Decano de la prensa nacional\"},\"image\":{\"@id\":\"https:\\\/\\\/www.eldiario.net\\\/portal\\\/#\\\/schema\\\/logo\\\/image\\\/\"},\"sameAs\":[\"https:\\\/\\\/www.facebook.com\\\/eldiario.bolivia\\\/\",\"https:\\\/\\\/x.com\\\/eldiario_net\"]},{\"@type\":\"Person\",\"@id\":\"https:\\\/\\\/www.eldiario.net\\\/portal\\\/#\\\/schema\\\/person\\\/2c57cf2b7a7ae032e449e4c9b1019eac\",\"name\":\"Jeanette\",\"image\":{\"@type\":\"ImageObject\",\"inLanguage\":\"es\",\"@id\":\"https:\\\/\\\/secure.gravatar.com\\\/avatar\\\/3ea2118a5f7dad2b7138b1187a6b7ee55f160b9968b66013c3a3ef39dd7e5798?s=96&d=mm&r=g\",\"url\":\"https:\\\/\\\/secure.gravatar.com\\\/avatar\\\/3ea2118a5f7dad2b7138b1187a6b7ee55f160b9968b66013c3a3ef39dd7e5798?s=96&d=mm&r=g\",\"contentUrl\":\"https:\\\/\\\/secure.gravatar.com\\\/avatar\\\/3ea2118a5f7dad2b7138b1187a6b7ee55f160b9968b66013c3a3ef39dd7e5798?s=96&d=mm&r=g\",\"caption\":\"Jeanette\"},\"sameAs\":[\"https:\\\/\\\/www.eldiario.net\\\/portal\"],\"url\":\"https:\\\/\\\/www.eldiario.net\\\/portal\\\/author\\\/jeanette\\\/\"}]}<\/script>\n<!-- \/ Yoast SEO plugin. -->","yoast_head_json":{"title":"\u201cMinions & Monstruos\u201d, universo de Illumination - El Diario - Bolivia","robots":{"index":"index","follow":"follow","max-snippet":"max-snippet:-1","max-image-preview":"max-image-preview:large","max-video-preview":"max-video-preview:-1"},"canonical":"https:\/\/www.eldiario.net\/portal\/2026\/06\/26\/minions-monstruos-universo-de-illumination\/","og_locale":"es_ES","og_type":"article","og_title":"\u201cMinions & Monstruos\u201d, universo de Illumination - El Diario - Bolivia","og_description":"Tras el \u00e9xito mundial en taquilla de la comedia m\u00e1s divertida de 2024, Mi Villano Favorito 4, Illumination expande su universo con un nuevo cap\u00edtulo en la franquicia animada global m\u00e1s grande de la historia: Minions &amp; Monstruos. La pel\u00edcula nos transporta a la d\u00e9cada de 1920 para contar una historia tan disparatada como divertida. [&hellip;]","og_url":"https:\/\/www.eldiario.net\/portal\/2026\/06\/26\/minions-monstruos-universo-de-illumination\/","og_site_name":"El Diario - Bolivia","article_publisher":"https:\/\/www.facebook.com\/eldiario.bolivia\/","article_published_time":"2026-06-26T04:24:00+00:00","og_image":[{"width":1352,"height":872,"url":"https:\/\/www.eldiario.net\/portal\/wp-content\/uploads\/2026\/06\/MINIONS.webp","type":"image\/webp"}],"author":"Jeanette","twitter_card":"summary_large_image","twitter_creator":"@eldiario_net","twitter_site":"@eldiario_net","twitter_misc":{"Escrito por":"Jeanette","Tiempo de lectura":"3 minutos"},"schema":{"@context":"https:\/\/schema.org","@graph":[{"@type":"Article","@id":"https:\/\/www.eldiario.net\/portal\/2026\/06\/26\/minions-monstruos-universo-de-illumination\/#article","isPartOf":{"@id":"https:\/\/www.eldiario.net\/portal\/2026\/06\/26\/minions-monstruos-universo-de-illumination\/"},"author":{"name":"Jeanette","@id":"https:\/\/www.eldiario.net\/portal\/#\/schema\/person\/2c57cf2b7a7ae032e449e4c9b1019eac"},"headline":"\u201cMinions &#038; Monstruos\u201d, universo de Illumination","datePublished":"2026-06-26T04:24:00+00:00","mainEntityOfPage":{"@id":"https:\/\/www.eldiario.net\/portal\/2026\/06\/26\/minions-monstruos-universo-de-illumination\/"},"wordCount":470,"publisher":{"@id":"https:\/\/www.eldiario.net\/portal\/#organization"},"image":{"@id":"https:\/\/www.eldiario.net\/portal\/2026\/06\/26\/minions-monstruos-universo-de-illumination\/#primaryimage"},"thumbnailUrl":"https:\/\/www.eldiario.net\/portal\/wp-content\/uploads\/2026\/06\/MINIONS.webp","articleSection":["Cultural"],"inLanguage":"es"},{"@type":"WebPage","@id":"https:\/\/www.eldiario.net\/portal\/2026\/06\/26\/minions-monstruos-universo-de-illumination\/","url":"https:\/\/www.eldiario.net\/portal\/2026\/06\/26\/minions-monstruos-universo-de-illumination\/","name":"\u201cMinions & Monstruos\u201d, universo de Illumination - El Diario - Bolivia","isPartOf":{"@id":"https:\/\/www.eldiario.net\/portal\/#website"},"primaryImageOfPage":{"@id":"https:\/\/www.eldiario.net\/portal\/2026\/06\/26\/minions-monstruos-universo-de-illumination\/#primaryimage"},"image":{"@id":"https:\/\/www.eldiario.net\/portal\/2026\/06\/26\/minions-monstruos-universo-de-illumination\/#primaryimage"},"thumbnailUrl":"https:\/\/www.eldiario.net\/portal\/wp-content\/uploads\/2026\/06\/MINIONS.webp","datePublished":"2026-06-26T04:24:00+00:00","breadcrumb":{"@id":"https:\/\/www.eldiario.net\/portal\/2026\/06\/26\/minions-monstruos-universo-de-illumination\/#breadcrumb"},"inLanguage":"es","potentialAction":[{"@type":"ReadAction","target":["https:\/\/www.eldiario.net\/portal\/2026\/06\/26\/minions-monstruos-universo-de-illumination\/"]}]},{"@type":"ImageObject","inLanguage":"es","@id":"https:\/\/www.eldiario.net\/portal\/2026\/06\/26\/minions-monstruos-universo-de-illumination\/#primaryimage","url":"https:\/\/www.eldiario.net\/portal\/wp-content\/uploads\/2026\/06\/MINIONS.webp","contentUrl":"https:\/\/www.eldiario.net\/portal\/wp-content\/uploads\/2026\/06\/MINIONS.webp","width":1352,"height":872,"caption":"MINIONS, QUE REGRESA A LA PANTALLA GRANDE CON NUEVAS AVENTURAS Y SU CARACTER\u00cdSTICO HUMOR."},{"@type":"BreadcrumbList","@id":"https:\/\/www.eldiario.net\/portal\/2026\/06\/26\/minions-monstruos-universo-de-illumination\/#breadcrumb","itemListElement":[{"@type":"ListItem","position":1,"name":"Portada","item":"https:\/\/www.eldiario.net\/portal\/"},{"@type":"ListItem","position":2,"name":"\u201cMinions &#038; Monstruos\u201d, universo de Illumination"}]},{"@type":"WebSite","@id":"https:\/\/www.eldiario.net\/portal\/#website","url":"https:\/\/www.eldiario.net\/portal\/","name":"El Diario - Decano de la prensa nacional","description":"El Diario - Decano de la prensa nacional","publisher":{"@id":"https:\/\/www.eldiario.net\/portal\/#organization"},"potentialAction":[{"@type":"SearchAction","target":{"@type":"EntryPoint","urlTemplate":"https:\/\/www.eldiario.net\/portal\/?s={search_term_string}"},"query-input":{"@type":"PropertyValueSpecification","valueRequired":true,"valueName":"search_term_string"}}],"inLanguage":"es"},{"@type":"Organization","@id":"https:\/\/www.eldiario.net\/portal\/#organization","name":"El Diario - Decano de la prensa nacional","url":"https:\/\/www.eldiario.net\/portal\/","logo":{"@type":"ImageObject","inLanguage":"es","@id":"https:\/\/www.eldiario.net\/portal\/#\/schema\/logo\/image\/","url":"https:\/\/www.eldiario.net\/portal\/wp-content\/uploads\/2023\/07\/logo_ED.jpg","contentUrl":"https:\/\/www.eldiario.net\/portal\/wp-content\/uploads\/2023\/07\/logo_ED.jpg","width":272,"height":52,"caption":"El Diario - Decano de la prensa nacional"},"image":{"@id":"https:\/\/www.eldiario.net\/portal\/#\/schema\/logo\/image\/"},"sameAs":["https:\/\/www.facebook.com\/eldiario.bolivia\/","https:\/\/x.com\/eldiario_net"]},{"@type":"Person","@id":"https:\/\/www.eldiario.net\/portal\/#\/schema\/person\/2c57cf2b7a7ae032e449e4c9b1019eac","name":"Jeanette","image":{"@type":"ImageObject","inLanguage":"es","@id":"https:\/\/secure.gravatar.com\/avatar\/3ea2118a5f7dad2b7138b1187a6b7ee55f160b9968b66013c3a3ef39dd7e5798?s=96&d=mm&r=g","url":"https:\/\/secure.gravatar.com\/avatar\/3ea2118a5f7dad2b7138b1187a6b7ee55f160b9968b66013c3a3ef39dd7e5798?s=96&d=mm&r=g","contentUrl":"https:\/\/secure.gravatar.com\/avatar\/3ea2118a5f7dad2b7138b1187a6b7ee55f160b9968b66013c3a3ef39dd7e5798?s=96&d=mm&r=g","caption":"Jeanette"},"sameAs":["https:\/\/www.eldiario.net\/portal"],"url":"https:\/\/www.eldiario.net\/portal\/author\/jeanette\/"}]}},"_links":{"self":[{"href":"https:\/\/www.eldiario.net\/portal\/wp-json\/wp\/v2\/posts\/407140","targetHints":{"allow":["GET"]}}],"collection":[{"href":"https:\/\/www.eldiario.net\/portal\/wp-json\/wp\/v2\/posts"}],"about":[{"href":"https:\/\/www.eldiario.net\/portal\/wp-json\/wp\/v2\/types\/post"}],"author":[{"embeddable":true,"href":"https:\/\/www.eldiario.net\/portal\/wp-json\/wp\/v2\/users\/1"}],"replies":[{"embeddable":true,"href":"https:\/\/www.eldiario.net\/portal\/wp-json\/wp\/v2\/comments?post=407140"}],"version-history":[{"count":1,"href":"https:\/\/www.eldiario.net\/portal\/wp-json\/wp\/v2\/posts\/407140\/revisions"}],"predecessor-version":[{"id":407142,"href":"https:\/\/www.eldiario.net\/portal\/wp-json\/wp\/v2\/posts\/407140\/revisions\/407142"}],"wp:featuredmedia":[{"embeddable":true,"href":"https:\/\/www.eldiario.net\/portal\/wp-json\/wp\/v2\/media\/407141"}],"wp:attachment":[{"href":"https:\/\/www.eldiario.net\/portal\/wp-json\/wp\/v2\/media?parent=407140"}],"wp:term":[{"taxonomy":"category","embeddable":true,"href":"https:\/\/www.eldiario.net\/portal\/wp-json\/wp\/v2\/categories?post=407140"},{"taxonomy":"post_tag","embeddable":true,"href":"https:\/\/www.eldiario.net\/portal\/wp-json\/wp\/v2\/tags?post=407140"}],"curies":[{"name":"wp","href":"https:\/\/api.w.org\/{rel}","templated":true}]}}