{"id":407138,"date":"2026-06-26T00:22:36","date_gmt":"2026-06-26T04:22:36","guid":{"rendered":"https:\/\/www.eldiario.net\/portal\/?p=407138"},"modified":"2026-06-25T23:23:35","modified_gmt":"2026-06-26T03:23:35","slug":"horoscopo-wm-800","status":"publish","type":"post","link":"https:\/\/www.eldiario.net\/portal\/2026\/06\/26\/horoscopo-wm-800\/","title":{"rendered":"Hor\u00f3scopo WM"},"content":{"rendered":"<p>A nuestros lectores: Betty B. Mercado, sobrina y colaboradora del fallecido astr\u00f3logo Walter Mercado, contin\u00faa su legado escribiendo el hor\u00f3scopo del d\u00eda.<br \/>\nAries\u200b<br \/>\n(20 de marzo &#8211; 18 de abril)<br \/>\nHoy sentir\u00e1s una liberaci\u00f3n emocional al dejar atr\u00e1s cargas que llevas por a\u00f1os sobre tus hombros a nivel personal. Aprovecha para reconectar con tu familia y tomar un merecido descanso tanto mental como f\u00edsico. Tu energ\u00eda se renueva con cada gesto de gratitud hacia la energ\u00eda Universal que cada d\u00eda se manifiesta a tu favor. N\u00fameros de suerte: 18, 33, 48.<br \/>\nTauro\u200b<br \/>\n(19 de abril &#8211; 19 de mayo)<br \/>\nEl esp\u00edritu entusiasta te envuelve desde temprano y te impulsa a planificar con anticipaci\u00f3n todas tus actividades. Las compras y esos peque\u00f1os detalles para tus seres queridos te llenan de alegr\u00eda, pero recuerda no descuidar tu cuenta de banco o tus ahorros al querer dar m\u00e1s de lo que puedes o debes. Da en la medida de lo que tienes. N\u00fameros de suerte: 9, 11, 22.<br \/>\nG\u00e9minis\u200b<br \/>\n(20 de mayo &#8211; 19 de junio)<br \/>\nEl amor y la conexi\u00f3n est\u00e1n en el aire. Tu pareja o personas cercanas te acompa\u00f1an en cada paso, y tu energ\u00eda positiva los contagia. Separa tiempo para compartir y disfrutar con tus buenos compa\u00f1eros de trabajo como con tu familia. No necesariamente tienes que salirte de tu rutina. Ten presente que el tiempo de calidad, aunque poco, vale oro. N\u00fameros de suerte: 28, 32, 43.<br \/>\nC\u00e1ncer\u200b<br \/>\n(20 de junio &#8211; 21 de julio)<br \/>\nEntras en un periodo del a\u00f1o en que la nostalgia y la emoci\u00f3n te invaden al reunirte con tus seres queridos. Participar\u00e1s en actividades familiares que tocar\u00e1n tu coraz\u00f3n. No olvides equilibrar tus emociones con tus responsabilidades. Agradece cada momento que pases junto a tus seres queridos. \u00a1Disfr\u00fatalos! N\u00fameros de suerte: 3, 19, 24.<br \/>\nLeo\u200b<br \/>\n(22 de julio &#8211; 21 de agosto)<br \/>\nTu cuerpo y mente te piden una pausa. Aunque el trabajo sigue presente, hoy es un buen d\u00eda para priorizar el descanso. Evita tomar decisiones dr\u00e1sticas y enf\u00f3cate en tu bienestar, ante todo. Ten presente que, si t\u00fa est\u00e1s bien, todo se ir\u00e1 alineando a tu favor y por consiguiente a favor de aquellos que comparten tu diario vivir. N\u00fameros de suerte: 26, 34, 50.<br \/>\nVirgo\u200b<br \/>\n(22 de agosto &#8211; 21 de sept.)<br \/>\nTu creatividad est\u00e1 en su punto m\u00e1s alto y te sentir\u00e1s deseoso de salir para divertirte. Tienes muchas amistades con las que puedes compartir. Sin embargo, evita lugares concurridos que puedan alterar tu paz interior. Explora nuevos lugares. N\u00fameros de suerte: 7, 15, 23.<br \/>\nLibra\u200b<br \/>\n(22 de sept. &#8211; 22 de oct.)<br \/>\nTe conviertes en el anfitri\u00f3n perfecto. Administrar\u00e1s mejor tu tiempo y buscar\u00e1s dar con cada detalle al preparar tu hogar para recibir a otros. Tu armon\u00eda interior se refleja en tu entorno y los que compartan contigo de seguro se sentir\u00e1n muy a gusto. Dar amor, mucho amor, ser\u00e1 tu mayor prioridad. N\u00fameros de suerte: 25, 31, 49.<br \/>\nEscorpio\u200b<br \/>\n(23 de oct. &#8211; 20 de nov.)<br \/>\nOrgan\u00edzate, Escorpio, ya que el trabajo ocupa gran parte de tu d\u00eda y podr\u00edas sentirte tentado a sobrecargarte. Busca el equilibrio para evitar tensiones con tu pareja o familia. Tu esfuerzo ser\u00e1 recompensado, aunque tome alg\u00fan tiempo para que puedas disfrutar de los beneficios que te has ganado con tu profesionalismo. N\u00fameros de suerte: 21, 36, 42.<br \/>\nSagitario\u200b<br \/>\n(21 de nov. &#8211; 20 de dic.)<br \/>\nLa posposici\u00f3n puede pasarte factura. Hoy es clave que organices tus tareas para as\u00ed evitar el estr\u00e9s. Usa tu energ\u00eda para avanzar con entusiasmo y no dejar todo para el final. Aquello que adelantes te dejar\u00e1 tiempo extra para disfrutar con tus seres queridos. Ponte al d\u00eda lo m\u00e1s que puedas y luego lo agradecer\u00e1s. N\u00fameros de suerte: 2,10, 16.<br \/>\nCapricornio\u200b<br \/>\n(21 de dic. &#8211; 18 de ene.)<br \/>\nLa responsabilidad te gu\u00eda, pero tambi\u00e9n es momento de abrirte a nuevas metas. Hoy puedes sembrar intenciones que florecer\u00e1n hasta fin de a\u00f1o. S\u00e9 paciente y constante en aquello que deseas para ti. Cuida de tu salud, ponla en primer lugar. Evita los excesos, pero sobre todo procura distraerte y evitar el estr\u00e9s. N\u00fameros de suerte: 18, 29, 44.<br \/>\nAcuario\u200b<br \/>\n(19 de ene. &#8211; 17 de feb.)<br \/>\nDisfruta de tu hogar y de los tuyos el fin de semana. Tu mente vuela hacia el futuro. Es un d\u00eda ideal para escribir tus prioridades y visualizar lo que deseas lograr. La claridad que obtengas hoy ser\u00e1 tu br\u00fajula los pr\u00f3ximos d\u00edas. No lo dejes para despu\u00e9s, el momento es ahora. N\u00fameros de suerte: 6,14, 22.<br \/>\nPiscis\u200b<br \/>\n(18 de feb. &#8211; 19 de marzo)<br \/>\nEso que sospechas, podr\u00eda ser verdad, Piscis. Las emociones est\u00e1n a flor de piel, pero tambi\u00e9n tu intuici\u00f3n. Hoy puedes tener revelaciones importantes si te das espacio para la introspecci\u00f3n. Investiga, busca, pregunta, aseg\u00farate y luego presta atenci\u00f3n a tu voz interior y fluye con compasi\u00f3n, amor y seguridad. N\u00fameros de suerte: 27, 33, 41.<\/p>\n","protected":false},"excerpt":{"rendered":"<p>A nuestros lectores: Betty B. Mercado, sobrina y colaboradora del fallecido astr\u00f3logo Walter Mercado, contin\u00faa su legado escribiendo el hor\u00f3scopo del d\u00eda. Aries\u200b (20 de marzo &#8211; 18 de abril) Hoy sentir\u00e1s una liberaci\u00f3n emocional al dejar atr\u00e1s cargas que llevas por a\u00f1os sobre tus hombros a nivel personal. Aprovecha para reconectar con tu familia [&hellip;]<\/p>\n","protected":false},"author":1,"featured_media":161083,"comment_status":"closed","ping_status":"open","sticky":false,"template":"","format":"standard","meta":{"_acf_changed":false,"footnotes":""},"categories":[8],"tags":[],"class_list":["post-407138","post","type-post","status-publish","format-standard","has-post-thumbnail","category-cultural"],"acf":{"antetitulo":""},"yoast_head":"<!-- This site is optimized with the Yoast SEO plugin v28.4 - https:\/\/yoast.com\/product\/yoast-seo-wordpress\/ -->\n<title>Hor\u00f3scopo WM - El Diario - Bolivia<\/title>\n<meta name=\"robots\" content=\"index, follow, max-snippet:-1, max-image-preview:large, max-video-preview:-1\" \/>\n<link rel=\"canonical\" href=\"https:\/\/www.eldiario.net\/portal\/2026\/06\/26\/horoscopo-wm-800\/\" \/>\n<meta property=\"og:locale\" content=\"es_ES\" \/>\n<meta property=\"og:type\" content=\"article\" \/>\n<meta property=\"og:title\" content=\"Hor\u00f3scopo WM - El Diario - Bolivia\" \/>\n<meta property=\"og:description\" content=\"A nuestros lectores: Betty B. Mercado, sobrina y colaboradora del fallecido astr\u00f3logo Walter Mercado, contin\u00faa su legado escribiendo el hor\u00f3scopo del d\u00eda. Aries\u200b (20 de marzo &#8211; 18 de abril) Hoy sentir\u00e1s una liberaci\u00f3n emocional al dejar atr\u00e1s cargas que llevas por a\u00f1os sobre tus hombros a nivel personal. Aprovecha para reconectar con tu familia [&hellip;]\" \/>\n<meta property=\"og:url\" content=\"https:\/\/www.eldiario.net\/portal\/2026\/06\/26\/horoscopo-wm-800\/\" \/>\n<meta property=\"og:site_name\" content=\"El Diario - Bolivia\" \/>\n<meta property=\"article:publisher\" content=\"https:\/\/www.facebook.com\/eldiario.bolivia\/\" \/>\n<meta property=\"article:published_time\" content=\"2026-06-26T04:22:36+00:00\" \/>\n<meta property=\"og:image\" content=\"https:\/\/www.eldiario.net\/portal\/wp-content\/uploads\/2023\/06\/CANCER.jpg\" \/>\n\t<meta property=\"og:image:width\" content=\"1200\" \/>\n\t<meta property=\"og:image:height\" content=\"675\" \/>\n\t<meta property=\"og:image:type\" content=\"image\/jpeg\" \/>\n<meta name=\"author\" content=\"Jeanette\" \/>\n<meta name=\"twitter:card\" content=\"summary_large_image\" \/>\n<meta name=\"twitter:creator\" content=\"@eldiario_net\" \/>\n<meta name=\"twitter:site\" content=\"@eldiario_net\" \/>\n<meta name=\"twitter:label1\" content=\"Escrito por\" \/>\n\t<meta name=\"twitter:data1\" content=\"Jeanette\" \/>\n\t<meta name=\"twitter:label2\" content=\"Tiempo de lectura\" \/>\n\t<meta name=\"twitter:data2\" content=\"4 minutos\" \/>\n<script type=\"application\/ld+json\" class=\"yoast-schema-graph\">{\"@context\":\"https:\\\/\\\/schema.org\",\"@graph\":[{\"@type\":\"Article\",\"@id\":\"https:\\\/\\\/www.eldiario.net\\\/portal\\\/2026\\\/06\\\/26\\\/horoscopo-wm-800\\\/#article\",\"isPartOf\":{\"@id\":\"https:\\\/\\\/www.eldiario.net\\\/portal\\\/2026\\\/06\\\/26\\\/horoscopo-wm-800\\\/\"},\"author\":{\"name\":\"Jeanette\",\"@id\":\"https:\\\/\\\/www.eldiario.net\\\/portal\\\/#\\\/schema\\\/person\\\/2c57cf2b7a7ae032e449e4c9b1019eac\"},\"headline\":\"Hor\u00f3scopo WM\",\"datePublished\":\"2026-06-26T04:22:36+00:00\",\"mainEntityOfPage\":{\"@id\":\"https:\\\/\\\/www.eldiario.net\\\/portal\\\/2026\\\/06\\\/26\\\/horoscopo-wm-800\\\/\"},\"wordCount\":846,\"publisher\":{\"@id\":\"https:\\\/\\\/www.eldiario.net\\\/portal\\\/#organization\"},\"image\":{\"@id\":\"https:\\\/\\\/www.eldiario.net\\\/portal\\\/2026\\\/06\\\/26\\\/horoscopo-wm-800\\\/#primaryimage\"},\"thumbnailUrl\":\"https:\\\/\\\/www.eldiario.net\\\/portal\\\/wp-content\\\/uploads\\\/2023\\\/06\\\/CANCER.jpg\",\"articleSection\":[\"Cultural\"],\"inLanguage\":\"es\"},{\"@type\":\"WebPage\",\"@id\":\"https:\\\/\\\/www.eldiario.net\\\/portal\\\/2026\\\/06\\\/26\\\/horoscopo-wm-800\\\/\",\"url\":\"https:\\\/\\\/www.eldiario.net\\\/portal\\\/2026\\\/06\\\/26\\\/horoscopo-wm-800\\\/\",\"name\":\"Hor\u00f3scopo WM - El Diario - Bolivia\",\"isPartOf\":{\"@id\":\"https:\\\/\\\/www.eldiario.net\\\/portal\\\/#website\"},\"primaryImageOfPage\":{\"@id\":\"https:\\\/\\\/www.eldiario.net\\\/portal\\\/2026\\\/06\\\/26\\\/horoscopo-wm-800\\\/#primaryimage\"},\"image\":{\"@id\":\"https:\\\/\\\/www.eldiario.net\\\/portal\\\/2026\\\/06\\\/26\\\/horoscopo-wm-800\\\/#primaryimage\"},\"thumbnailUrl\":\"https:\\\/\\\/www.eldiario.net\\\/portal\\\/wp-content\\\/uploads\\\/2023\\\/06\\\/CANCER.jpg\",\"datePublished\":\"2026-06-26T04:22:36+00:00\",\"breadcrumb\":{\"@id\":\"https:\\\/\\\/www.eldiario.net\\\/portal\\\/2026\\\/06\\\/26\\\/horoscopo-wm-800\\\/#breadcrumb\"},\"inLanguage\":\"es\",\"potentialAction\":[{\"@type\":\"ReadAction\",\"target\":[\"https:\\\/\\\/www.eldiario.net\\\/portal\\\/2026\\\/06\\\/26\\\/horoscopo-wm-800\\\/\"]}]},{\"@type\":\"ImageObject\",\"inLanguage\":\"es\",\"@id\":\"https:\\\/\\\/www.eldiario.net\\\/portal\\\/2026\\\/06\\\/26\\\/horoscopo-wm-800\\\/#primaryimage\",\"url\":\"https:\\\/\\\/www.eldiario.net\\\/portal\\\/wp-content\\\/uploads\\\/2023\\\/06\\\/CANCER.jpg\",\"contentUrl\":\"https:\\\/\\\/www.eldiario.net\\\/portal\\\/wp-content\\\/uploads\\\/2023\\\/06\\\/CANCER.jpg\",\"width\":1200,\"height\":675},{\"@type\":\"BreadcrumbList\",\"@id\":\"https:\\\/\\\/www.eldiario.net\\\/portal\\\/2026\\\/06\\\/26\\\/horoscopo-wm-800\\\/#breadcrumb\",\"itemListElement\":[{\"@type\":\"ListItem\",\"position\":1,\"name\":\"Portada\",\"item\":\"https:\\\/\\\/www.eldiario.net\\\/portal\\\/\"},{\"@type\":\"ListItem\",\"position\":2,\"name\":\"Hor\u00f3scopo WM\"}]},{\"@type\":\"WebSite\",\"@id\":\"https:\\\/\\\/www.eldiario.net\\\/portal\\\/#website\",\"url\":\"https:\\\/\\\/www.eldiario.net\\\/portal\\\/\",\"name\":\"El Diario - Decano de la prensa nacional\",\"description\":\"El Diario - Decano de la prensa nacional\",\"publisher\":{\"@id\":\"https:\\\/\\\/www.eldiario.net\\\/portal\\\/#organization\"},\"potentialAction\":[{\"@type\":\"SearchAction\",\"target\":{\"@type\":\"EntryPoint\",\"urlTemplate\":\"https:\\\/\\\/www.eldiario.net\\\/portal\\\/?s={search_term_string}\"},\"query-input\":{\"@type\":\"PropertyValueSpecification\",\"valueRequired\":true,\"valueName\":\"search_term_string\"}}],\"inLanguage\":\"es\"},{\"@type\":\"Organization\",\"@id\":\"https:\\\/\\\/www.eldiario.net\\\/portal\\\/#organization\",\"name\":\"El Diario - Decano de la prensa nacional\",\"url\":\"https:\\\/\\\/www.eldiario.net\\\/portal\\\/\",\"logo\":{\"@type\":\"ImageObject\",\"inLanguage\":\"es\",\"@id\":\"https:\\\/\\\/www.eldiario.net\\\/portal\\\/#\\\/schema\\\/logo\\\/image\\\/\",\"url\":\"https:\\\/\\\/www.eldiario.net\\\/portal\\\/wp-content\\\/uploads\\\/2023\\\/07\\\/logo_ED.jpg\",\"contentUrl\":\"https:\\\/\\\/www.eldiario.net\\\/portal\\\/wp-content\\\/uploads\\\/2023\\\/07\\\/logo_ED.jpg\",\"width\":272,\"height\":52,\"caption\":\"El Diario - Decano de la prensa nacional\"},\"image\":{\"@id\":\"https:\\\/\\\/www.eldiario.net\\\/portal\\\/#\\\/schema\\\/logo\\\/image\\\/\"},\"sameAs\":[\"https:\\\/\\\/www.facebook.com\\\/eldiario.bolivia\\\/\",\"https:\\\/\\\/x.com\\\/eldiario_net\"]},{\"@type\":\"Person\",\"@id\":\"https:\\\/\\\/www.eldiario.net\\\/portal\\\/#\\\/schema\\\/person\\\/2c57cf2b7a7ae032e449e4c9b1019eac\",\"name\":\"Jeanette\",\"image\":{\"@type\":\"ImageObject\",\"inLanguage\":\"es\",\"@id\":\"https:\\\/\\\/secure.gravatar.com\\\/avatar\\\/3ea2118a5f7dad2b7138b1187a6b7ee55f160b9968b66013c3a3ef39dd7e5798?s=96&d=mm&r=g\",\"url\":\"https:\\\/\\\/secure.gravatar.com\\\/avatar\\\/3ea2118a5f7dad2b7138b1187a6b7ee55f160b9968b66013c3a3ef39dd7e5798?s=96&d=mm&r=g\",\"contentUrl\":\"https:\\\/\\\/secure.gravatar.com\\\/avatar\\\/3ea2118a5f7dad2b7138b1187a6b7ee55f160b9968b66013c3a3ef39dd7e5798?s=96&d=mm&r=g\",\"caption\":\"Jeanette\"},\"sameAs\":[\"https:\\\/\\\/www.eldiario.net\\\/portal\"],\"url\":\"https:\\\/\\\/www.eldiario.net\\\/portal\\\/author\\\/jeanette\\\/\"}]}<\/script>\n<!-- \/ Yoast SEO plugin. -->","yoast_head_json":{"title":"Hor\u00f3scopo WM - El Diario - Bolivia","robots":{"index":"index","follow":"follow","max-snippet":"max-snippet:-1","max-image-preview":"max-image-preview:large","max-video-preview":"max-video-preview:-1"},"canonical":"https:\/\/www.eldiario.net\/portal\/2026\/06\/26\/horoscopo-wm-800\/","og_locale":"es_ES","og_type":"article","og_title":"Hor\u00f3scopo WM - El Diario - Bolivia","og_description":"A nuestros lectores: Betty B. Mercado, sobrina y colaboradora del fallecido astr\u00f3logo Walter Mercado, contin\u00faa su legado escribiendo el hor\u00f3scopo del d\u00eda. Aries\u200b (20 de marzo &#8211; 18 de abril) Hoy sentir\u00e1s una liberaci\u00f3n emocional al dejar atr\u00e1s cargas que llevas por a\u00f1os sobre tus hombros a nivel personal. Aprovecha para reconectar con tu familia [&hellip;]","og_url":"https:\/\/www.eldiario.net\/portal\/2026\/06\/26\/horoscopo-wm-800\/","og_site_name":"El Diario - Bolivia","article_publisher":"https:\/\/www.facebook.com\/eldiario.bolivia\/","article_published_time":"2026-06-26T04:22:36+00:00","og_image":[{"width":1200,"height":675,"url":"https:\/\/www.eldiario.net\/portal\/wp-content\/uploads\/2023\/06\/CANCER.jpg","type":"image\/jpeg"}],"author":"Jeanette","twitter_card":"summary_large_image","twitter_creator":"@eldiario_net","twitter_site":"@eldiario_net","twitter_misc":{"Escrito por":"Jeanette","Tiempo de lectura":"4 minutos"},"schema":{"@context":"https:\/\/schema.org","@graph":[{"@type":"Article","@id":"https:\/\/www.eldiario.net\/portal\/2026\/06\/26\/horoscopo-wm-800\/#article","isPartOf":{"@id":"https:\/\/www.eldiario.net\/portal\/2026\/06\/26\/horoscopo-wm-800\/"},"author":{"name":"Jeanette","@id":"https:\/\/www.eldiario.net\/portal\/#\/schema\/person\/2c57cf2b7a7ae032e449e4c9b1019eac"},"headline":"Hor\u00f3scopo WM","datePublished":"2026-06-26T04:22:36+00:00","mainEntityOfPage":{"@id":"https:\/\/www.eldiario.net\/portal\/2026\/06\/26\/horoscopo-wm-800\/"},"wordCount":846,"publisher":{"@id":"https:\/\/www.eldiario.net\/portal\/#organization"},"image":{"@id":"https:\/\/www.eldiario.net\/portal\/2026\/06\/26\/horoscopo-wm-800\/#primaryimage"},"thumbnailUrl":"https:\/\/www.eldiario.net\/portal\/wp-content\/uploads\/2023\/06\/CANCER.jpg","articleSection":["Cultural"],"inLanguage":"es"},{"@type":"WebPage","@id":"https:\/\/www.eldiario.net\/portal\/2026\/06\/26\/horoscopo-wm-800\/","url":"https:\/\/www.eldiario.net\/portal\/2026\/06\/26\/horoscopo-wm-800\/","name":"Hor\u00f3scopo WM - El Diario - Bolivia","isPartOf":{"@id":"https:\/\/www.eldiario.net\/portal\/#website"},"primaryImageOfPage":{"@id":"https:\/\/www.eldiario.net\/portal\/2026\/06\/26\/horoscopo-wm-800\/#primaryimage"},"image":{"@id":"https:\/\/www.eldiario.net\/portal\/2026\/06\/26\/horoscopo-wm-800\/#primaryimage"},"thumbnailUrl":"https:\/\/www.eldiario.net\/portal\/wp-content\/uploads\/2023\/06\/CANCER.jpg","datePublished":"2026-06-26T04:22:36+00:00","breadcrumb":{"@id":"https:\/\/www.eldiario.net\/portal\/2026\/06\/26\/horoscopo-wm-800\/#breadcrumb"},"inLanguage":"es","potentialAction":[{"@type":"ReadAction","target":["https:\/\/www.eldiario.net\/portal\/2026\/06\/26\/horoscopo-wm-800\/"]}]},{"@type":"ImageObject","inLanguage":"es","@id":"https:\/\/www.eldiario.net\/portal\/2026\/06\/26\/horoscopo-wm-800\/#primaryimage","url":"https:\/\/www.eldiario.net\/portal\/wp-content\/uploads\/2023\/06\/CANCER.jpg","contentUrl":"https:\/\/www.eldiario.net\/portal\/wp-content\/uploads\/2023\/06\/CANCER.jpg","width":1200,"height":675},{"@type":"BreadcrumbList","@id":"https:\/\/www.eldiario.net\/portal\/2026\/06\/26\/horoscopo-wm-800\/#breadcrumb","itemListElement":[{"@type":"ListItem","position":1,"name":"Portada","item":"https:\/\/www.eldiario.net\/portal\/"},{"@type":"ListItem","position":2,"name":"Hor\u00f3scopo WM"}]},{"@type":"WebSite","@id":"https:\/\/www.eldiario.net\/portal\/#website","url":"https:\/\/www.eldiario.net\/portal\/","name":"El Diario - Decano de la prensa nacional","description":"El Diario - Decano de la prensa nacional","publisher":{"@id":"https:\/\/www.eldiario.net\/portal\/#organization"},"potentialAction":[{"@type":"SearchAction","target":{"@type":"EntryPoint","urlTemplate":"https:\/\/www.eldiario.net\/portal\/?s={search_term_string}"},"query-input":{"@type":"PropertyValueSpecification","valueRequired":true,"valueName":"search_term_string"}}],"inLanguage":"es"},{"@type":"Organization","@id":"https:\/\/www.eldiario.net\/portal\/#organization","name":"El Diario - Decano de la prensa nacional","url":"https:\/\/www.eldiario.net\/portal\/","logo":{"@type":"ImageObject","inLanguage":"es","@id":"https:\/\/www.eldiario.net\/portal\/#\/schema\/logo\/image\/","url":"https:\/\/www.eldiario.net\/portal\/wp-content\/uploads\/2023\/07\/logo_ED.jpg","contentUrl":"https:\/\/www.eldiario.net\/portal\/wp-content\/uploads\/2023\/07\/logo_ED.jpg","width":272,"height":52,"caption":"El Diario - Decano de la prensa nacional"},"image":{"@id":"https:\/\/www.eldiario.net\/portal\/#\/schema\/logo\/image\/"},"sameAs":["https:\/\/www.facebook.com\/eldiario.bolivia\/","https:\/\/x.com\/eldiario_net"]},{"@type":"Person","@id":"https:\/\/www.eldiario.net\/portal\/#\/schema\/person\/2c57cf2b7a7ae032e449e4c9b1019eac","name":"Jeanette","image":{"@type":"ImageObject","inLanguage":"es","@id":"https:\/\/secure.gravatar.com\/avatar\/3ea2118a5f7dad2b7138b1187a6b7ee55f160b9968b66013c3a3ef39dd7e5798?s=96&d=mm&r=g","url":"https:\/\/secure.gravatar.com\/avatar\/3ea2118a5f7dad2b7138b1187a6b7ee55f160b9968b66013c3a3ef39dd7e5798?s=96&d=mm&r=g","contentUrl":"https:\/\/secure.gravatar.com\/avatar\/3ea2118a5f7dad2b7138b1187a6b7ee55f160b9968b66013c3a3ef39dd7e5798?s=96&d=mm&r=g","caption":"Jeanette"},"sameAs":["https:\/\/www.eldiario.net\/portal"],"url":"https:\/\/www.eldiario.net\/portal\/author\/jeanette\/"}]}},"_links":{"self":[{"href":"https:\/\/www.eldiario.net\/portal\/wp-json\/wp\/v2\/posts\/407138","targetHints":{"allow":["GET"]}}],"collection":[{"href":"https:\/\/www.eldiario.net\/portal\/wp-json\/wp\/v2\/posts"}],"about":[{"href":"https:\/\/www.eldiario.net\/portal\/wp-json\/wp\/v2\/types\/post"}],"author":[{"embeddable":true,"href":"https:\/\/www.eldiario.net\/portal\/wp-json\/wp\/v2\/users\/1"}],"replies":[{"embeddable":true,"href":"https:\/\/www.eldiario.net\/portal\/wp-json\/wp\/v2\/comments?post=407138"}],"version-history":[{"count":1,"href":"https:\/\/www.eldiario.net\/portal\/wp-json\/wp\/v2\/posts\/407138\/revisions"}],"predecessor-version":[{"id":407139,"href":"https:\/\/www.eldiario.net\/portal\/wp-json\/wp\/v2\/posts\/407138\/revisions\/407139"}],"wp:featuredmedia":[{"embeddable":true,"href":"https:\/\/www.eldiario.net\/portal\/wp-json\/wp\/v2\/media\/161083"}],"wp:attachment":[{"href":"https:\/\/www.eldiario.net\/portal\/wp-json\/wp\/v2\/media?parent=407138"}],"wp:term":[{"taxonomy":"category","embeddable":true,"href":"https:\/\/www.eldiario.net\/portal\/wp-json\/wp\/v2\/categories?post=407138"},{"taxonomy":"post_tag","embeddable":true,"href":"https:\/\/www.eldiario.net\/portal\/wp-json\/wp\/v2\/tags?post=407138"}],"curies":[{"name":"wp","href":"https:\/\/api.w.org\/{rel}","templated":true}]}}