{"id":407098,"date":"2026-06-26T00:45:57","date_gmt":"2026-06-26T04:45:57","guid":{"rendered":"https:\/\/www.eldiario.net\/portal\/?p=407098"},"modified":"2026-06-25T22:47:29","modified_gmt":"2026-06-26T02:47:29","slug":"fiscal-alerta-que-proteccion-a-victimas-no-puede-ser-tardia","status":"publish","type":"post","link":"https:\/\/www.eldiario.net\/portal\/2026\/06\/26\/fiscal-alerta-que-proteccion-a-victimas-no-puede-ser-tardia\/","title":{"rendered":"Fiscal alerta que protecci\u00f3n a v\u00edctimas no puede ser tard\u00eda"},"content":{"rendered":"<p>El Fiscal General del Estado, Roger Mariaca Montenegro, advirti\u00f3 que la protecci\u00f3n a v\u00edctimas de violencia no puede depender de respuestas tard\u00edas ni de criterios aislados, durante la inauguraci\u00f3n en Santa Cruz del Encuentro Nacional de Fiscales Coordinadores de las Fiscal\u00edas Especializadas en Raz\u00f3n de G\u00e9nero.<\/p>\n<p>La autoridad sostuvo que la atenci\u00f3n de estos casos debe ser uniforme en todo el pa\u00eds y no estar sujeta a esfuerzos individuales o interpretaciones distintas entre regiones. En su criterio, la falta de coordinaci\u00f3n puede afectar directamente la efectividad de la respuesta institucional frente a situaciones de violencia.<\/p>\n<p>Mariaca remarc\u00f3 que las medidas de protecci\u00f3n son un elemento clave dentro del sistema de atenci\u00f3n, ya que pueden evitar que una v\u00edctima quede expuesta a nuevos hechos de agresi\u00f3n. En ese sentido, se\u00f1al\u00f3 que estas decisiones deben aplicarse con oportunidad y no como simples tr\u00e1mites dentro del proceso.<\/p>\n<p>En el acto de inauguraci\u00f3n, el Fiscal General tambi\u00e9n destac\u00f3 la implementaci\u00f3n de la Gu\u00eda de Medidas de Protecci\u00f3n para Ni\u00f1as, Ni\u00f1os y Adolescentes, Mujeres y Personas en Situaci\u00f3n de Vulnerabilidad que sufran violencia, como una herramienta destinada a ordenar y estandarizar la actuaci\u00f3n fiscal en todo el pa\u00eds.<\/p>\n<p>El Encuentro Nacional re\u00fane a fiscales de materia de las Fiscal\u00edas Especializadas en Raz\u00f3n de G\u00e9nero de todo el pa\u00eds, con el objetivo de optimizar la gesti\u00f3n de causas de violencia, revisar procedimientos y consolidar una respuesta m\u00e1s eficiente, uniforme y oportuna para las v\u00edctimas.<\/p>\n<p>De acuerdo con la informaci\u00f3n institucional, durante las jornadas de trabajo las y los fiscales analizar\u00e1n experiencias, identificar\u00e1n dificultades en la atenci\u00f3n de casos y propondr\u00e1n soluciones para fortalecer la gesti\u00f3n fiscal en materia de violencia.<\/p>\n<p>Asimismo, el evento busca mejorar los procedimientos de investigaci\u00f3n, unificar criterios de direcci\u00f3n funcional y contribuir a la reducci\u00f3n de la carga procesal, con el fin de elevar la calidad de las investigaciones y la respuesta institucional en todo el territorio nacional.<\/p>\n<p>Mariaca destac\u00f3 adem\u00e1s que, pese a las distintas realidades de cada departamento, la obligaci\u00f3n institucional es garantizar una respuesta seria, eficaz y oportuna a todas las v\u00edctimas, sin importar el lugar donde se presente la denuncia.<\/p>\n<p>Seg\u00fan la nota de prensa de la entidad a la inauguraci\u00f3n asistieron la viceministra de Igualdad de Oportunidades, Descolonizaci\u00f3n y Despatriarcalizaci\u00f3n, Jessica Echeverr\u00eda Bravo; el fiscal departamental de Santa Cruz, Alberto Zeballos; la fiscal superior en raz\u00f3n de g\u00e9nero, Alejandra Rocha Villarroel; la presidenta de la Asamblea Legislativa Departamental de Santa Cruz, Mar\u00eda Ren\u00e9 \u00c1lvarez, adem\u00e1s de autoridades departamentales y municipales. (EL DIARIO, Unitel)<\/p>\n","protected":false},"excerpt":{"rendered":"<p>El Fiscal General del Estado, Roger Mariaca Montenegro, advirti\u00f3 que la protecci\u00f3n a v\u00edctimas de violencia no puede depender de respuestas tard\u00edas ni de criterios aislados, durante la inauguraci\u00f3n en Santa Cruz del Encuentro Nacional de Fiscales Coordinadores de las Fiscal\u00edas Especializadas en Raz\u00f3n de G\u00e9nero. La autoridad sostuvo que la atenci\u00f3n de estos casos [&hellip;]<\/p>\n","protected":false},"author":1,"featured_media":407099,"comment_status":"closed","ping_status":"open","sticky":false,"template":"","format":"standard","meta":{"_acf_changed":false,"footnotes":""},"categories":[39],"tags":[],"class_list":["post-407098","post","type-post","status-publish","format-standard","has-post-thumbnail","category-sociedad"],"acf":{"antetitulo":"Santa Cruz"},"yoast_head":"<!-- This site is optimized with the Yoast SEO plugin v28.4 - https:\/\/yoast.com\/product\/yoast-seo-wordpress\/ -->\n<title>Fiscal alerta que protecci\u00f3n a v\u00edctimas no puede ser tard\u00eda - El Diario - Bolivia<\/title>\n<meta name=\"robots\" content=\"index, follow, max-snippet:-1, max-image-preview:large, max-video-preview:-1\" \/>\n<link rel=\"canonical\" href=\"https:\/\/www.eldiario.net\/portal\/2026\/06\/26\/fiscal-alerta-que-proteccion-a-victimas-no-puede-ser-tardia\/\" \/>\n<meta property=\"og:locale\" content=\"es_ES\" \/>\n<meta property=\"og:type\" content=\"article\" \/>\n<meta property=\"og:title\" content=\"Fiscal alerta que protecci\u00f3n a v\u00edctimas no puede ser tard\u00eda - El Diario - Bolivia\" \/>\n<meta property=\"og:description\" content=\"El Fiscal General del Estado, Roger Mariaca Montenegro, advirti\u00f3 que la protecci\u00f3n a v\u00edctimas de violencia no puede depender de respuestas tard\u00edas ni de criterios aislados, durante la inauguraci\u00f3n en Santa Cruz del Encuentro Nacional de Fiscales Coordinadores de las Fiscal\u00edas Especializadas en Raz\u00f3n de G\u00e9nero. La autoridad sostuvo que la atenci\u00f3n de estos casos [&hellip;]\" \/>\n<meta property=\"og:url\" content=\"https:\/\/www.eldiario.net\/portal\/2026\/06\/26\/fiscal-alerta-que-proteccion-a-victimas-no-puede-ser-tardia\/\" \/>\n<meta property=\"og:site_name\" content=\"El Diario - Bolivia\" \/>\n<meta property=\"article:publisher\" content=\"https:\/\/www.facebook.com\/eldiario.bolivia\/\" \/>\n<meta property=\"article:published_time\" content=\"2026-06-26T04:45:57+00:00\" \/>\n<meta property=\"og:image\" content=\"https:\/\/www.eldiario.net\/portal\/wp-content\/uploads\/2026\/06\/26-FIS.webp\" \/>\n\t<meta property=\"og:image:width\" content=\"1440\" \/>\n\t<meta property=\"og:image:height\" content=\"1080\" \/>\n\t<meta property=\"og:image:type\" content=\"image\/webp\" \/>\n<meta name=\"author\" content=\"Jeanette\" \/>\n<meta name=\"twitter:card\" content=\"summary_large_image\" \/>\n<meta name=\"twitter:creator\" content=\"@eldiario_net\" \/>\n<meta name=\"twitter:site\" content=\"@eldiario_net\" \/>\n<meta name=\"twitter:label1\" content=\"Escrito por\" \/>\n\t<meta name=\"twitter:data1\" content=\"Jeanette\" \/>\n\t<meta name=\"twitter:label2\" content=\"Tiempo de lectura\" \/>\n\t<meta name=\"twitter:data2\" content=\"3 minutos\" \/>\n<script type=\"application\/ld+json\" class=\"yoast-schema-graph\">{\"@context\":\"https:\\\/\\\/schema.org\",\"@graph\":[{\"@type\":\"Article\",\"@id\":\"https:\\\/\\\/www.eldiario.net\\\/portal\\\/2026\\\/06\\\/26\\\/fiscal-alerta-que-proteccion-a-victimas-no-puede-ser-tardia\\\/#article\",\"isPartOf\":{\"@id\":\"https:\\\/\\\/www.eldiario.net\\\/portal\\\/2026\\\/06\\\/26\\\/fiscal-alerta-que-proteccion-a-victimas-no-puede-ser-tardia\\\/\"},\"author\":{\"name\":\"Jeanette\",\"@id\":\"https:\\\/\\\/www.eldiario.net\\\/portal\\\/#\\\/schema\\\/person\\\/2c57cf2b7a7ae032e449e4c9b1019eac\"},\"headline\":\"Fiscal alerta que protecci\u00f3n a v\u00edctimas no puede ser tard\u00eda\",\"datePublished\":\"2026-06-26T04:45:57+00:00\",\"mainEntityOfPage\":{\"@id\":\"https:\\\/\\\/www.eldiario.net\\\/portal\\\/2026\\\/06\\\/26\\\/fiscal-alerta-que-proteccion-a-victimas-no-puede-ser-tardia\\\/\"},\"wordCount\":484,\"publisher\":{\"@id\":\"https:\\\/\\\/www.eldiario.net\\\/portal\\\/#organization\"},\"image\":{\"@id\":\"https:\\\/\\\/www.eldiario.net\\\/portal\\\/2026\\\/06\\\/26\\\/fiscal-alerta-que-proteccion-a-victimas-no-puede-ser-tardia\\\/#primaryimage\"},\"thumbnailUrl\":\"https:\\\/\\\/www.eldiario.net\\\/portal\\\/wp-content\\\/uploads\\\/2026\\\/06\\\/26-FIS.webp\",\"articleSection\":[\"Sociedad - Seguridad\"],\"inLanguage\":\"es\"},{\"@type\":\"WebPage\",\"@id\":\"https:\\\/\\\/www.eldiario.net\\\/portal\\\/2026\\\/06\\\/26\\\/fiscal-alerta-que-proteccion-a-victimas-no-puede-ser-tardia\\\/\",\"url\":\"https:\\\/\\\/www.eldiario.net\\\/portal\\\/2026\\\/06\\\/26\\\/fiscal-alerta-que-proteccion-a-victimas-no-puede-ser-tardia\\\/\",\"name\":\"Fiscal alerta que protecci\u00f3n a v\u00edctimas no puede ser tard\u00eda - El Diario - Bolivia\",\"isPartOf\":{\"@id\":\"https:\\\/\\\/www.eldiario.net\\\/portal\\\/#website\"},\"primaryImageOfPage\":{\"@id\":\"https:\\\/\\\/www.eldiario.net\\\/portal\\\/2026\\\/06\\\/26\\\/fiscal-alerta-que-proteccion-a-victimas-no-puede-ser-tardia\\\/#primaryimage\"},\"image\":{\"@id\":\"https:\\\/\\\/www.eldiario.net\\\/portal\\\/2026\\\/06\\\/26\\\/fiscal-alerta-que-proteccion-a-victimas-no-puede-ser-tardia\\\/#primaryimage\"},\"thumbnailUrl\":\"https:\\\/\\\/www.eldiario.net\\\/portal\\\/wp-content\\\/uploads\\\/2026\\\/06\\\/26-FIS.webp\",\"datePublished\":\"2026-06-26T04:45:57+00:00\",\"breadcrumb\":{\"@id\":\"https:\\\/\\\/www.eldiario.net\\\/portal\\\/2026\\\/06\\\/26\\\/fiscal-alerta-que-proteccion-a-victimas-no-puede-ser-tardia\\\/#breadcrumb\"},\"inLanguage\":\"es\",\"potentialAction\":[{\"@type\":\"ReadAction\",\"target\":[\"https:\\\/\\\/www.eldiario.net\\\/portal\\\/2026\\\/06\\\/26\\\/fiscal-alerta-que-proteccion-a-victimas-no-puede-ser-tardia\\\/\"]}]},{\"@type\":\"ImageObject\",\"inLanguage\":\"es\",\"@id\":\"https:\\\/\\\/www.eldiario.net\\\/portal\\\/2026\\\/06\\\/26\\\/fiscal-alerta-que-proteccion-a-victimas-no-puede-ser-tardia\\\/#primaryimage\",\"url\":\"https:\\\/\\\/www.eldiario.net\\\/portal\\\/wp-content\\\/uploads\\\/2026\\\/06\\\/26-FIS.webp\",\"contentUrl\":\"https:\\\/\\\/www.eldiario.net\\\/portal\\\/wp-content\\\/uploads\\\/2026\\\/06\\\/26-FIS.webp\",\"width\":1440,\"height\":1080,\"caption\":\"Mariaca en la inauguraci\u00f3n del Encuentro Nacional de Fiscales Coordinadores de las Fiscal\u00edas Especializadas en Raz\u00f3n de G\u00e9nero. Cr\u00e9dito de foto: FGE\"},{\"@type\":\"BreadcrumbList\",\"@id\":\"https:\\\/\\\/www.eldiario.net\\\/portal\\\/2026\\\/06\\\/26\\\/fiscal-alerta-que-proteccion-a-victimas-no-puede-ser-tardia\\\/#breadcrumb\",\"itemListElement\":[{\"@type\":\"ListItem\",\"position\":1,\"name\":\"Portada\",\"item\":\"https:\\\/\\\/www.eldiario.net\\\/portal\\\/\"},{\"@type\":\"ListItem\",\"position\":2,\"name\":\"Fiscal alerta que protecci\u00f3n a v\u00edctimas no puede ser tard\u00eda\"}]},{\"@type\":\"WebSite\",\"@id\":\"https:\\\/\\\/www.eldiario.net\\\/portal\\\/#website\",\"url\":\"https:\\\/\\\/www.eldiario.net\\\/portal\\\/\",\"name\":\"El Diario - Decano de la prensa nacional\",\"description\":\"El Diario - Decano de la prensa nacional\",\"publisher\":{\"@id\":\"https:\\\/\\\/www.eldiario.net\\\/portal\\\/#organization\"},\"potentialAction\":[{\"@type\":\"SearchAction\",\"target\":{\"@type\":\"EntryPoint\",\"urlTemplate\":\"https:\\\/\\\/www.eldiario.net\\\/portal\\\/?s={search_term_string}\"},\"query-input\":{\"@type\":\"PropertyValueSpecification\",\"valueRequired\":true,\"valueName\":\"search_term_string\"}}],\"inLanguage\":\"es\"},{\"@type\":\"Organization\",\"@id\":\"https:\\\/\\\/www.eldiario.net\\\/portal\\\/#organization\",\"name\":\"El Diario - Decano de la prensa nacional\",\"url\":\"https:\\\/\\\/www.eldiario.net\\\/portal\\\/\",\"logo\":{\"@type\":\"ImageObject\",\"inLanguage\":\"es\",\"@id\":\"https:\\\/\\\/www.eldiario.net\\\/portal\\\/#\\\/schema\\\/logo\\\/image\\\/\",\"url\":\"https:\\\/\\\/www.eldiario.net\\\/portal\\\/wp-content\\\/uploads\\\/2023\\\/07\\\/logo_ED.jpg\",\"contentUrl\":\"https:\\\/\\\/www.eldiario.net\\\/portal\\\/wp-content\\\/uploads\\\/2023\\\/07\\\/logo_ED.jpg\",\"width\":272,\"height\":52,\"caption\":\"El Diario - Decano de la prensa nacional\"},\"image\":{\"@id\":\"https:\\\/\\\/www.eldiario.net\\\/portal\\\/#\\\/schema\\\/logo\\\/image\\\/\"},\"sameAs\":[\"https:\\\/\\\/www.facebook.com\\\/eldiario.bolivia\\\/\",\"https:\\\/\\\/x.com\\\/eldiario_net\"]},{\"@type\":\"Person\",\"@id\":\"https:\\\/\\\/www.eldiario.net\\\/portal\\\/#\\\/schema\\\/person\\\/2c57cf2b7a7ae032e449e4c9b1019eac\",\"name\":\"Jeanette\",\"image\":{\"@type\":\"ImageObject\",\"inLanguage\":\"es\",\"@id\":\"https:\\\/\\\/secure.gravatar.com\\\/avatar\\\/3ea2118a5f7dad2b7138b1187a6b7ee55f160b9968b66013c3a3ef39dd7e5798?s=96&d=mm&r=g\",\"url\":\"https:\\\/\\\/secure.gravatar.com\\\/avatar\\\/3ea2118a5f7dad2b7138b1187a6b7ee55f160b9968b66013c3a3ef39dd7e5798?s=96&d=mm&r=g\",\"contentUrl\":\"https:\\\/\\\/secure.gravatar.com\\\/avatar\\\/3ea2118a5f7dad2b7138b1187a6b7ee55f160b9968b66013c3a3ef39dd7e5798?s=96&d=mm&r=g\",\"caption\":\"Jeanette\"},\"sameAs\":[\"https:\\\/\\\/www.eldiario.net\\\/portal\"],\"url\":\"https:\\\/\\\/www.eldiario.net\\\/portal\\\/author\\\/jeanette\\\/\"}]}<\/script>\n<!-- \/ Yoast SEO plugin. -->","yoast_head_json":{"title":"Fiscal alerta que protecci\u00f3n a v\u00edctimas no puede ser tard\u00eda - El Diario - Bolivia","robots":{"index":"index","follow":"follow","max-snippet":"max-snippet:-1","max-image-preview":"max-image-preview:large","max-video-preview":"max-video-preview:-1"},"canonical":"https:\/\/www.eldiario.net\/portal\/2026\/06\/26\/fiscal-alerta-que-proteccion-a-victimas-no-puede-ser-tardia\/","og_locale":"es_ES","og_type":"article","og_title":"Fiscal alerta que protecci\u00f3n a v\u00edctimas no puede ser tard\u00eda - El Diario - Bolivia","og_description":"El Fiscal General del Estado, Roger Mariaca Montenegro, advirti\u00f3 que la protecci\u00f3n a v\u00edctimas de violencia no puede depender de respuestas tard\u00edas ni de criterios aislados, durante la inauguraci\u00f3n en Santa Cruz del Encuentro Nacional de Fiscales Coordinadores de las Fiscal\u00edas Especializadas en Raz\u00f3n de G\u00e9nero. La autoridad sostuvo que la atenci\u00f3n de estos casos [&hellip;]","og_url":"https:\/\/www.eldiario.net\/portal\/2026\/06\/26\/fiscal-alerta-que-proteccion-a-victimas-no-puede-ser-tardia\/","og_site_name":"El Diario - Bolivia","article_publisher":"https:\/\/www.facebook.com\/eldiario.bolivia\/","article_published_time":"2026-06-26T04:45:57+00:00","og_image":[{"width":1440,"height":1080,"url":"https:\/\/www.eldiario.net\/portal\/wp-content\/uploads\/2026\/06\/26-FIS.webp","type":"image\/webp"}],"author":"Jeanette","twitter_card":"summary_large_image","twitter_creator":"@eldiario_net","twitter_site":"@eldiario_net","twitter_misc":{"Escrito por":"Jeanette","Tiempo de lectura":"3 minutos"},"schema":{"@context":"https:\/\/schema.org","@graph":[{"@type":"Article","@id":"https:\/\/www.eldiario.net\/portal\/2026\/06\/26\/fiscal-alerta-que-proteccion-a-victimas-no-puede-ser-tardia\/#article","isPartOf":{"@id":"https:\/\/www.eldiario.net\/portal\/2026\/06\/26\/fiscal-alerta-que-proteccion-a-victimas-no-puede-ser-tardia\/"},"author":{"name":"Jeanette","@id":"https:\/\/www.eldiario.net\/portal\/#\/schema\/person\/2c57cf2b7a7ae032e449e4c9b1019eac"},"headline":"Fiscal alerta que protecci\u00f3n a v\u00edctimas no puede ser tard\u00eda","datePublished":"2026-06-26T04:45:57+00:00","mainEntityOfPage":{"@id":"https:\/\/www.eldiario.net\/portal\/2026\/06\/26\/fiscal-alerta-que-proteccion-a-victimas-no-puede-ser-tardia\/"},"wordCount":484,"publisher":{"@id":"https:\/\/www.eldiario.net\/portal\/#organization"},"image":{"@id":"https:\/\/www.eldiario.net\/portal\/2026\/06\/26\/fiscal-alerta-que-proteccion-a-victimas-no-puede-ser-tardia\/#primaryimage"},"thumbnailUrl":"https:\/\/www.eldiario.net\/portal\/wp-content\/uploads\/2026\/06\/26-FIS.webp","articleSection":["Sociedad - Seguridad"],"inLanguage":"es"},{"@type":"WebPage","@id":"https:\/\/www.eldiario.net\/portal\/2026\/06\/26\/fiscal-alerta-que-proteccion-a-victimas-no-puede-ser-tardia\/","url":"https:\/\/www.eldiario.net\/portal\/2026\/06\/26\/fiscal-alerta-que-proteccion-a-victimas-no-puede-ser-tardia\/","name":"Fiscal alerta que protecci\u00f3n a v\u00edctimas no puede ser tard\u00eda - El Diario - Bolivia","isPartOf":{"@id":"https:\/\/www.eldiario.net\/portal\/#website"},"primaryImageOfPage":{"@id":"https:\/\/www.eldiario.net\/portal\/2026\/06\/26\/fiscal-alerta-que-proteccion-a-victimas-no-puede-ser-tardia\/#primaryimage"},"image":{"@id":"https:\/\/www.eldiario.net\/portal\/2026\/06\/26\/fiscal-alerta-que-proteccion-a-victimas-no-puede-ser-tardia\/#primaryimage"},"thumbnailUrl":"https:\/\/www.eldiario.net\/portal\/wp-content\/uploads\/2026\/06\/26-FIS.webp","datePublished":"2026-06-26T04:45:57+00:00","breadcrumb":{"@id":"https:\/\/www.eldiario.net\/portal\/2026\/06\/26\/fiscal-alerta-que-proteccion-a-victimas-no-puede-ser-tardia\/#breadcrumb"},"inLanguage":"es","potentialAction":[{"@type":"ReadAction","target":["https:\/\/www.eldiario.net\/portal\/2026\/06\/26\/fiscal-alerta-que-proteccion-a-victimas-no-puede-ser-tardia\/"]}]},{"@type":"ImageObject","inLanguage":"es","@id":"https:\/\/www.eldiario.net\/portal\/2026\/06\/26\/fiscal-alerta-que-proteccion-a-victimas-no-puede-ser-tardia\/#primaryimage","url":"https:\/\/www.eldiario.net\/portal\/wp-content\/uploads\/2026\/06\/26-FIS.webp","contentUrl":"https:\/\/www.eldiario.net\/portal\/wp-content\/uploads\/2026\/06\/26-FIS.webp","width":1440,"height":1080,"caption":"Mariaca en la inauguraci\u00f3n del Encuentro Nacional de Fiscales Coordinadores de las Fiscal\u00edas Especializadas en Raz\u00f3n de G\u00e9nero. Cr\u00e9dito de foto: FGE"},{"@type":"BreadcrumbList","@id":"https:\/\/www.eldiario.net\/portal\/2026\/06\/26\/fiscal-alerta-que-proteccion-a-victimas-no-puede-ser-tardia\/#breadcrumb","itemListElement":[{"@type":"ListItem","position":1,"name":"Portada","item":"https:\/\/www.eldiario.net\/portal\/"},{"@type":"ListItem","position":2,"name":"Fiscal alerta que protecci\u00f3n a v\u00edctimas no puede ser tard\u00eda"}]},{"@type":"WebSite","@id":"https:\/\/www.eldiario.net\/portal\/#website","url":"https:\/\/www.eldiario.net\/portal\/","name":"El Diario - Decano de la prensa nacional","description":"El Diario - Decano de la prensa nacional","publisher":{"@id":"https:\/\/www.eldiario.net\/portal\/#organization"},"potentialAction":[{"@type":"SearchAction","target":{"@type":"EntryPoint","urlTemplate":"https:\/\/www.eldiario.net\/portal\/?s={search_term_string}"},"query-input":{"@type":"PropertyValueSpecification","valueRequired":true,"valueName":"search_term_string"}}],"inLanguage":"es"},{"@type":"Organization","@id":"https:\/\/www.eldiario.net\/portal\/#organization","name":"El Diario - Decano de la prensa nacional","url":"https:\/\/www.eldiario.net\/portal\/","logo":{"@type":"ImageObject","inLanguage":"es","@id":"https:\/\/www.eldiario.net\/portal\/#\/schema\/logo\/image\/","url":"https:\/\/www.eldiario.net\/portal\/wp-content\/uploads\/2023\/07\/logo_ED.jpg","contentUrl":"https:\/\/www.eldiario.net\/portal\/wp-content\/uploads\/2023\/07\/logo_ED.jpg","width":272,"height":52,"caption":"El Diario - Decano de la prensa nacional"},"image":{"@id":"https:\/\/www.eldiario.net\/portal\/#\/schema\/logo\/image\/"},"sameAs":["https:\/\/www.facebook.com\/eldiario.bolivia\/","https:\/\/x.com\/eldiario_net"]},{"@type":"Person","@id":"https:\/\/www.eldiario.net\/portal\/#\/schema\/person\/2c57cf2b7a7ae032e449e4c9b1019eac","name":"Jeanette","image":{"@type":"ImageObject","inLanguage":"es","@id":"https:\/\/secure.gravatar.com\/avatar\/3ea2118a5f7dad2b7138b1187a6b7ee55f160b9968b66013c3a3ef39dd7e5798?s=96&d=mm&r=g","url":"https:\/\/secure.gravatar.com\/avatar\/3ea2118a5f7dad2b7138b1187a6b7ee55f160b9968b66013c3a3ef39dd7e5798?s=96&d=mm&r=g","contentUrl":"https:\/\/secure.gravatar.com\/avatar\/3ea2118a5f7dad2b7138b1187a6b7ee55f160b9968b66013c3a3ef39dd7e5798?s=96&d=mm&r=g","caption":"Jeanette"},"sameAs":["https:\/\/www.eldiario.net\/portal"],"url":"https:\/\/www.eldiario.net\/portal\/author\/jeanette\/"}]}},"_links":{"self":[{"href":"https:\/\/www.eldiario.net\/portal\/wp-json\/wp\/v2\/posts\/407098","targetHints":{"allow":["GET"]}}],"collection":[{"href":"https:\/\/www.eldiario.net\/portal\/wp-json\/wp\/v2\/posts"}],"about":[{"href":"https:\/\/www.eldiario.net\/portal\/wp-json\/wp\/v2\/types\/post"}],"author":[{"embeddable":true,"href":"https:\/\/www.eldiario.net\/portal\/wp-json\/wp\/v2\/users\/1"}],"replies":[{"embeddable":true,"href":"https:\/\/www.eldiario.net\/portal\/wp-json\/wp\/v2\/comments?post=407098"}],"version-history":[{"count":1,"href":"https:\/\/www.eldiario.net\/portal\/wp-json\/wp\/v2\/posts\/407098\/revisions"}],"predecessor-version":[{"id":407100,"href":"https:\/\/www.eldiario.net\/portal\/wp-json\/wp\/v2\/posts\/407098\/revisions\/407100"}],"wp:featuredmedia":[{"embeddable":true,"href":"https:\/\/www.eldiario.net\/portal\/wp-json\/wp\/v2\/media\/407099"}],"wp:attachment":[{"href":"https:\/\/www.eldiario.net\/portal\/wp-json\/wp\/v2\/media?parent=407098"}],"wp:term":[{"taxonomy":"category","embeddable":true,"href":"https:\/\/www.eldiario.net\/portal\/wp-json\/wp\/v2\/categories?post=407098"},{"taxonomy":"post_tag","embeddable":true,"href":"https:\/\/www.eldiario.net\/portal\/wp-json\/wp\/v2\/tags?post=407098"}],"curies":[{"name":"wp","href":"https:\/\/api.w.org\/{rel}","templated":true}]}}