{"id":407094,"date":"2026-06-26T00:43:06","date_gmt":"2026-06-26T04:43:06","guid":{"rendered":"https:\/\/www.eldiario.net\/portal\/?p=407094"},"modified":"2026-06-25T22:44:05","modified_gmt":"2026-06-26T02:44:05","slug":"exposicion-a-dispositivos-digitales-educacion-o-simple-sobreexposicion-7","status":"publish","type":"post","link":"https:\/\/www.eldiario.net\/portal\/2026\/06\/26\/exposicion-a-dispositivos-digitales-educacion-o-simple-sobreexposicion-7\/","title":{"rendered":"Exposici\u00f3n a dispositivos digitales Educaci\u00f3n o simple sobreexposici\u00f3n"},"content":{"rendered":"<p><strong>Por. Lic. H\u00e9ctor Molina<\/strong><\/p>\n<p>&nbsp;<\/p>\n<p><strong>Recordemos que\u2026<\/strong><\/p>\n<p>&nbsp;<\/p>\n<p>La comprensi\u00f3n del cerebro humano en la era contempor\u00e1nea exige un an\u00e1lisis profundo de c\u00f3mo los entornos artificiales modifican la arquitectura neuronal. La exposici\u00f3n a dispositivos digitales se define como el proceso de interacci\u00f3n sensorial, cognitiva y motriz entre un individuo y una interfaz electr\u00f3nica (smartphones, tablets, computadoras o consolas). Desde la biolog\u00eda celular y las neurociencias, esta interacci\u00f3n no es un acto pasivo; es un bombardeo de est\u00edmulos que activa circuitos espec\u00edficos y puede reconfigurar la sinapsis mediante la neuroplasticidad.<\/p>\n<p>&nbsp;<\/p>\n<p>La exposici\u00f3n a entornos digitales se ha convertido en un eje central de la vida de los adolescentes, influyendo de manera directa en su desarrollo cognitivo, emocional y social. Desde la perspectiva de las neurociencias y la psicolog\u00eda educativa, este fen\u00f3meno presenta una dualidad compleja que impacta la plasticidad cerebral, es decir, la capacidad del cerebro para adaptarse y reorganizarse seg\u00fan las experiencias vividas.<\/p>\n<p>&nbsp;<\/p>\n<p><strong>C\u00f3mo se manejan los int\u00e9rvalos para una adecuada exposici\u00f3n digital<\/strong><\/p>\n<p>&nbsp;<\/p>\n<p>El cerebro adolescente es una de las estructuras m\u00e1s complejas, fascinantes y en plena remodelaci\u00f3n del planeta Tierra. No es un cerebro adulto peque\u00f1o; es un sistema en plena \u201cactualizaci\u00f3n de software y hardware\u201d. Durante esta etapa, la corteza prefrontal, la zona encargada de frenar los impulsos, planificar el futuro y medir los riesgos, atraviesa una poda sin\u00e1ptica masiva, eliminando lo que no usa y optimizando sus conexiones. En mitad de este delicado proceso de arquitectura cerebral, aparece un rival hiperestimulante: el entorno digital. Las pantallas no son herramientas neutrales; son entornos dise\u00f1ados para competir agresivamente por la atenci\u00f3n humana. Por ello, la gesti\u00f3n del tiempo frente a los dispositivos mediante intervalos cient\u00edficos no es un simple consejo de convivencia, sino una estrategia de supervivencia neurobiol\u00f3gica.<\/p>\n<p>&nbsp;<\/p>\n<p><strong>La trampa del desplazamiento infinito y la qu\u00edmica del deseo<\/strong><\/p>\n<p>&nbsp;<\/p>\n<p>El principal desaf\u00edo de la exposici\u00f3n digital continua radica en c\u00f3mo hackea el sistema de recompensa cerebral. Cada notificaci\u00f3n, like o video corto en el despliegue de la pantalla act\u00faa como un est\u00edmulo de recompensa intermitente. Desde la perspectiva de las neurociencias, este mecanismo imita el dise\u00f1o de las m\u00e1quinas tragamonedas: el cerebro no sabe exactamente cu\u00e1ndo recibir\u00e1 el pr\u00f3ximo est\u00edmulo gratificante, lo que desencadena pulsos constantes de dopamina, el neurotransmisor de la anticipaci\u00f3n y el deseo.<\/p>\n<p>&nbsp;<\/p>\n<p>Al no contar con una corteza prefrontal completamente madura capaz de poner l\u00edmites biol\u00f3gicos, el usuario adolescente entra en un estado de vigilancia digital constante. Mantener la atenci\u00f3n dividida o saltar de una aplicaci\u00f3n a otra genera el fen\u00f3meno de la alternancia cognitiva. La psicolog\u00eda educativa ha demostrado que esta falsa multitarea fragmenta la memoria de trabajo y eleva los niveles de cortisol, la hormona del estr\u00e9s. La consecuencia directa es un agotamiento invisible: el cerebro trabaja el doble para procesar la mitad, impidiendo que los aprendizajes y las experiencias se consoliden en la memoria a largo plazo.<\/p>\n<p>&nbsp;<\/p>\n<p><strong>Bloques de enfoque &#8211; La ciencia del descanso anal\u00f3gico<\/strong><\/p>\n<p>&nbsp;<\/p>\n<p>Para contrarrestar la fatiga cognitiva, la pedagog\u00eda moderna y la neuroeducaci\u00f3n proponen estructurar la jornada mediante intervalos de enfoque y recuperaci\u00f3n neurocognitiva. El dise\u00f1o \u00f3ptimo basado en la resistencia cerebral sugiere bloques de 45 a 50 minutos de actividad digital concentrada, seguidos de 10 a 15 minutos de desconexi\u00f3n anal\u00f3gica total.<\/p>\n<p>&nbsp;<\/p>\n<p>Este intervalo de descanso libre de pantallas es el \u00fanico momento en que el cerebro puede activar la \u201cred neuronal por defecto\u201d. Lejos de ser un tiempo perdido, este estado de aparente aburrimiento o divagaci\u00f3n mental es el espacio biol\u00f3gico donde las redes neuronales procesan la informaci\u00f3n, conectan conceptos dispersos y detonan la creatividad profunda. El cerebro necesita el silencio digital para poder crear ideas propias en lugar de solo consumir las ajenas.<\/p>\n<p>&nbsp;<\/p>\n<p>Superar un umbral de 4 horas diarias de exposici\u00f3n digital recreativa altera la dosis-respuesta del bienestar, correlacion\u00e1ndose de forma directa con picos de ansiedad, aislamiento y sintomatolog\u00eda depresiva en la poblaci\u00f3n juvenil.<\/p>\n<p>&nbsp;<\/p>\n<p><strong>La dimensi\u00f3n social y el gran l\u00edmite del ritmo circadiano<\/strong><\/p>\n<p>&nbsp;<\/p>\n<p>La psicolog\u00eda social advierte que el uso desmedido de pantallas desplaza las interacciones cara a cara y la actividad f\u00edsica, dos pilares cr\u00edticos para el desarrollo de la identidad y la regulaci\u00f3n emocional. El ser humano necesita la lectura de microexpresiones y la sincron\u00eda social en el mundo real para desarrollar una empat\u00eda s\u00f3lida, algo que los algoritmos no pueden replicar.<\/p>\n<p>&nbsp;<\/p>\n<p>Sin embargo, el intervalo m\u00e1s cr\u00edtico y que la ciencia declara como no negociable ocurre durante la transici\u00f3n hacia el descanso nocturno. La luz azul de onda corta emitida por los tel\u00e9fonos inteligentes impacta directamente en las c\u00e9lulas ganglionares de la retina, enviando una se\u00f1al err\u00f3nea al hipot\u00e1lamo: le hace creer al cuerpo que a\u00fan es de d\u00eda. Esto frena de inmediato la producci\u00f3n de melatonina, la hormona responsable de iniciar el ciclo del sue\u00f1o.<\/p>\n<p>&nbsp;<\/p>\n<p>Cortar el intervalo de desconexi\u00f3n nocturna altera las fases de sue\u00f1o profundo y la fase REM (Movimiento Ocular R\u00e1pido). Es justamente en estas etapas donde el cerebro adolescente realiza la limpieza de toxinas metab\u00f3licas, equilibra las cargas emocionales del d\u00eda y fija los conocimientos adquiridos. La comunidad cient\u00edfica coincide en una regla de oro: se requiere un intervalo m\u00ednimo de 60 minutos de desconexi\u00f3n total antes de cerrar los ojos, manteniendo los dispositivos fuera del dormitorio.<\/p>\n<p>&nbsp;<\/p>\n<p><strong>Dise\u00f1ar un ecosistema de bienestar<\/strong><\/p>\n<p>&nbsp;<\/p>\n<p>El objetivo de la ciencia y la psicolog\u00eda educativa no es la prohibici\u00f3n de la tecnolog\u00eda, la cual ofrece plataformas de aprendizaje y conexi\u00f3n comunitaria invaluables, sino la transici\u00f3n hacia la autonom\u00eda digital. Estructurar el d\u00eda con intervalos claros permite que la tecnolog\u00eda act\u00fae como un amplificador del potencial humano y no como un secuestrador de la atenci\u00f3n. Al final del d\u00eda, dominar los tiempos de exposici\u00f3n es la mejor herramienta para que el cerebro adolescente tome el control de su propio desarrollo, protegiendo su salud mental y potenciando su capacidad de transformar el mundo.<\/p>\n\r\n                <style type=\"text\/css\">\r\n                    \r\n                    #tdi_1  .td-doubleSlider-2 .td-item1 {\r\n                        background: url(https:\/\/www.eldiario.net\/portal\/wp-content\/uploads\/2026\/06\/Socio-Exposicion-digital-80x60.webp) 0 0 no-repeat;\r\n                    }\r\n                    #tdi_1  .td-doubleSlider-2 .td-item2 {\r\n                        background: url(https:\/\/www.eldiario.net\/portal\/wp-content\/uploads\/2026\/06\/Socio-Limites-del-ritmo-circadiano-80x60.webp) 0 0 no-repeat;\r\n                    }\r\n                <\/style>\r\n\r\n                <div id=\"tdi_1\" class=\"td-gallery td-slide-on-2-columns\">\r\n                    <div class=\"post_td_gallery\">\r\n                        <div class=\"td-gallery-slide-top\">\r\n                           <div class=\"td-gallery-title\"><\/div>\r\n\r\n                            <div class=\"td-gallery-controls-wrapper\">\r\n                                <div class=\"td-gallery-slide-count\"><span class=\"td-gallery-slide-item-focus\">1<\/span> de 2<\/div>\r\n                                <div class=\"td-gallery-slide-prev-next-but\">\r\n                                    <i class = \"td-icon-left doubleSliderPrevButton\"><\/i>\r\n                                    <i class = \"td-icon-right doubleSliderNextButton\"><\/i>\r\n                                <\/div>\r\n                            <\/div>\r\n                        <\/div>\r\n\r\n                        <div class = \"td-doubleSlider-1 \">\r\n                            <div class = \"td-slider\">\r\n                                \r\n                    <div class = \"td-slide-item td-item1\">\r\n                        <figure class=\"td-slide-galery-figure td-slide-popup-gallery\">\r\n                            <a class=\"slide-gallery-image-link\" href=\"https:\/\/www.eldiario.net\/portal\/wp-content\/uploads\/2026\/06\/Socio-Exposicion-digital.webp\" title=\"Socio - Exposici\u00f3n digital\"  data-caption=\"\"  data-description=\"\">\r\n                                <img decoding=\"async\" src=\"https:\/\/www.eldiario.net\/portal\/wp-content\/uploads\/2026\/06\/Socio-Exposicion-digital.webp\" srcset=\"https:\/\/www.eldiario.net\/portal\/wp-content\/uploads\/2026\/06\/Socio-Exposicion-digital.webp 762w, https:\/\/www.eldiario.net\/portal\/wp-content\/uploads\/2026\/06\/Socio-Exposicion-digital-300x157.webp 300w, https:\/\/www.eldiario.net\/portal\/wp-content\/uploads\/2026\/06\/Socio-Exposicion-digital-150x79.webp 150w, https:\/\/www.eldiario.net\/portal\/wp-content\/uploads\/2026\/06\/Socio-Exposicion-digital-696x365.webp 696w\" sizes=\"(max-width: 762px) 100vw, 762px\" alt=\"\">\r\n                            <\/a>\r\n                            \r\n                        <\/figure>\r\n                    <\/div>\r\n                    <div class = \"td-slide-item td-item2\">\r\n                        <figure class=\"td-slide-galery-figure td-slide-popup-gallery\">\r\n                            <a class=\"slide-gallery-image-link\" href=\"https:\/\/www.eldiario.net\/portal\/wp-content\/uploads\/2026\/06\/Socio-Limites-del-ritmo-circadiano.webp\" title=\"Socio - L\u00edmites del ritmo circadiano\"  data-caption=\"\"  data-description=\"\">\r\n                                <img decoding=\"async\" src=\"https:\/\/www.eldiario.net\/portal\/wp-content\/uploads\/2026\/06\/Socio-Limites-del-ritmo-circadiano-452x420.webp\" srcset=\"https:\/\/www.eldiario.net\/portal\/wp-content\/uploads\/2026\/06\/Socio-Limites-del-ritmo-circadiano-452x420.webp 452w, https:\/\/www.eldiario.net\/portal\/wp-content\/uploads\/2026\/06\/Socio-Limites-del-ritmo-circadiano-300x279.webp 300w, https:\/\/www.eldiario.net\/portal\/wp-content\/uploads\/2026\/06\/Socio-Limites-del-ritmo-circadiano-150x139.webp 150w, https:\/\/www.eldiario.net\/portal\/wp-content\/uploads\/2026\/06\/Socio-Limites-del-ritmo-circadiano.webp 549w\" sizes=\"(max-width: 452px) 100vw, 452px\" alt=\"\">\r\n                            <\/a>\r\n                            \r\n                        <\/figure>\r\n                    <\/div>\r\n                            <\/div>\r\n                        <\/div>\r\n\r\n                        <div class = \"td-doubleSlider-2\">\r\n                            <div class = \"td-slider\">\r\n                                \r\n                    <div class = \"td-button td-item1\">\r\n                        <div class = \"td-border\"><\/div>\r\n                    <\/div>\r\n                    <div class = \"td-button td-item2\">\r\n                        <div class = \"td-border\"><\/div>\r\n                    <\/div>\r\n                            <\/div>\r\n                        <\/div>\r\n\r\n                    <\/div>\r\n\r\n                <\/div>\r\n                \n","protected":false},"excerpt":{"rendered":"<p>Por. Lic. H\u00e9ctor Molina &nbsp; Recordemos que\u2026 &nbsp; La comprensi\u00f3n del cerebro humano en la era contempor\u00e1nea exige un an\u00e1lisis profundo de c\u00f3mo los entornos artificiales modifican la arquitectura neuronal. La exposici\u00f3n a dispositivos digitales se define como el proceso de interacci\u00f3n sensorial, cognitiva y motriz entre un individuo y una interfaz electr\u00f3nica (smartphones, tablets, [&hellip;]<\/p>\n","protected":false},"author":1,"featured_media":407095,"comment_status":"closed","ping_status":"open","sticky":false,"template":"","format":"standard","meta":{"_acf_changed":false,"footnotes":""},"categories":[43],"tags":[],"class_list":["post-407094","post","type-post","status-publish","format-standard","has-post-thumbnail","category-nuevos-horizontes"],"acf":{"antetitulo":"S\u00e9ptima Parte"},"yoast_head":"<!-- This site is optimized with the Yoast SEO plugin v28.4 - https:\/\/yoast.com\/product\/yoast-seo-wordpress\/ -->\n<title>Exposici\u00f3n a dispositivos digitales Educaci\u00f3n o simple sobreexposici\u00f3n - El Diario - Bolivia<\/title>\n<meta name=\"robots\" content=\"index, follow, max-snippet:-1, max-image-preview:large, max-video-preview:-1\" \/>\n<link rel=\"canonical\" href=\"https:\/\/www.eldiario.net\/portal\/2026\/06\/26\/exposicion-a-dispositivos-digitales-educacion-o-simple-sobreexposicion-7\/\" \/>\n<meta property=\"og:locale\" content=\"es_ES\" \/>\n<meta property=\"og:type\" content=\"article\" \/>\n<meta property=\"og:title\" content=\"Exposici\u00f3n a dispositivos digitales Educaci\u00f3n o simple sobreexposici\u00f3n - El Diario - Bolivia\" \/>\n<meta property=\"og:description\" content=\"Por. Lic. H\u00e9ctor Molina &nbsp; Recordemos que\u2026 &nbsp; La comprensi\u00f3n del cerebro humano en la era contempor\u00e1nea exige un an\u00e1lisis profundo de c\u00f3mo los entornos artificiales modifican la arquitectura neuronal. La exposici\u00f3n a dispositivos digitales se define como el proceso de interacci\u00f3n sensorial, cognitiva y motriz entre un individuo y una interfaz electr\u00f3nica (smartphones, tablets, [&hellip;]\" \/>\n<meta property=\"og:url\" content=\"https:\/\/www.eldiario.net\/portal\/2026\/06\/26\/exposicion-a-dispositivos-digitales-educacion-o-simple-sobreexposicion-7\/\" \/>\n<meta property=\"og:site_name\" content=\"El Diario - Bolivia\" \/>\n<meta property=\"article:publisher\" content=\"https:\/\/www.facebook.com\/eldiario.bolivia\/\" \/>\n<meta property=\"article:published_time\" content=\"2026-06-26T04:43:06+00:00\" \/>\n<meta property=\"og:image\" content=\"https:\/\/www.eldiario.net\/portal\/wp-content\/uploads\/2026\/06\/Socio-Exposicion-digital.webp\" \/>\n\t<meta property=\"og:image:width\" content=\"762\" \/>\n\t<meta property=\"og:image:height\" content=\"400\" \/>\n\t<meta property=\"og:image:type\" content=\"image\/webp\" \/>\n<meta name=\"author\" content=\"Jeanette\" \/>\n<meta name=\"twitter:card\" content=\"summary_large_image\" \/>\n<meta name=\"twitter:creator\" content=\"@eldiario_net\" \/>\n<meta name=\"twitter:site\" content=\"@eldiario_net\" \/>\n<meta name=\"twitter:label1\" content=\"Escrito por\" \/>\n\t<meta name=\"twitter:data1\" content=\"Jeanette\" \/>\n\t<meta name=\"twitter:label2\" content=\"Tiempo de lectura\" \/>\n\t<meta name=\"twitter:data2\" content=\"5 minutos\" \/>\n<script type=\"application\/ld+json\" class=\"yoast-schema-graph\">{\"@context\":\"https:\\\/\\\/schema.org\",\"@graph\":[{\"@type\":\"Article\",\"@id\":\"https:\\\/\\\/www.eldiario.net\\\/portal\\\/2026\\\/06\\\/26\\\/exposicion-a-dispositivos-digitales-educacion-o-simple-sobreexposicion-7\\\/#article\",\"isPartOf\":{\"@id\":\"https:\\\/\\\/www.eldiario.net\\\/portal\\\/2026\\\/06\\\/26\\\/exposicion-a-dispositivos-digitales-educacion-o-simple-sobreexposicion-7\\\/\"},\"author\":{\"name\":\"Jeanette\",\"@id\":\"https:\\\/\\\/www.eldiario.net\\\/portal\\\/#\\\/schema\\\/person\\\/2c57cf2b7a7ae032e449e4c9b1019eac\"},\"headline\":\"Exposici\u00f3n a dispositivos digitales Educaci\u00f3n o simple sobreexposici\u00f3n\",\"datePublished\":\"2026-06-26T04:43:06+00:00\",\"mainEntityOfPage\":{\"@id\":\"https:\\\/\\\/www.eldiario.net\\\/portal\\\/2026\\\/06\\\/26\\\/exposicion-a-dispositivos-digitales-educacion-o-simple-sobreexposicion-7\\\/\"},\"wordCount\":1096,\"publisher\":{\"@id\":\"https:\\\/\\\/www.eldiario.net\\\/portal\\\/#organization\"},\"image\":{\"@id\":\"https:\\\/\\\/www.eldiario.net\\\/portal\\\/2026\\\/06\\\/26\\\/exposicion-a-dispositivos-digitales-educacion-o-simple-sobreexposicion-7\\\/#primaryimage\"},\"thumbnailUrl\":\"https:\\\/\\\/www.eldiario.net\\\/portal\\\/wp-content\\\/uploads\\\/2026\\\/06\\\/Socio-Exposicion-digital.webp\",\"articleSection\":[\"Nuevos Horizontes\"],\"inLanguage\":\"es\"},{\"@type\":\"WebPage\",\"@id\":\"https:\\\/\\\/www.eldiario.net\\\/portal\\\/2026\\\/06\\\/26\\\/exposicion-a-dispositivos-digitales-educacion-o-simple-sobreexposicion-7\\\/\",\"url\":\"https:\\\/\\\/www.eldiario.net\\\/portal\\\/2026\\\/06\\\/26\\\/exposicion-a-dispositivos-digitales-educacion-o-simple-sobreexposicion-7\\\/\",\"name\":\"Exposici\u00f3n a dispositivos digitales Educaci\u00f3n o simple sobreexposici\u00f3n - El Diario - Bolivia\",\"isPartOf\":{\"@id\":\"https:\\\/\\\/www.eldiario.net\\\/portal\\\/#website\"},\"primaryImageOfPage\":{\"@id\":\"https:\\\/\\\/www.eldiario.net\\\/portal\\\/2026\\\/06\\\/26\\\/exposicion-a-dispositivos-digitales-educacion-o-simple-sobreexposicion-7\\\/#primaryimage\"},\"image\":{\"@id\":\"https:\\\/\\\/www.eldiario.net\\\/portal\\\/2026\\\/06\\\/26\\\/exposicion-a-dispositivos-digitales-educacion-o-simple-sobreexposicion-7\\\/#primaryimage\"},\"thumbnailUrl\":\"https:\\\/\\\/www.eldiario.net\\\/portal\\\/wp-content\\\/uploads\\\/2026\\\/06\\\/Socio-Exposicion-digital.webp\",\"datePublished\":\"2026-06-26T04:43:06+00:00\",\"breadcrumb\":{\"@id\":\"https:\\\/\\\/www.eldiario.net\\\/portal\\\/2026\\\/06\\\/26\\\/exposicion-a-dispositivos-digitales-educacion-o-simple-sobreexposicion-7\\\/#breadcrumb\"},\"inLanguage\":\"es\",\"potentialAction\":[{\"@type\":\"ReadAction\",\"target\":[\"https:\\\/\\\/www.eldiario.net\\\/portal\\\/2026\\\/06\\\/26\\\/exposicion-a-dispositivos-digitales-educacion-o-simple-sobreexposicion-7\\\/\"]}]},{\"@type\":\"ImageObject\",\"inLanguage\":\"es\",\"@id\":\"https:\\\/\\\/www.eldiario.net\\\/portal\\\/2026\\\/06\\\/26\\\/exposicion-a-dispositivos-digitales-educacion-o-simple-sobreexposicion-7\\\/#primaryimage\",\"url\":\"https:\\\/\\\/www.eldiario.net\\\/portal\\\/wp-content\\\/uploads\\\/2026\\\/06\\\/Socio-Exposicion-digital.webp\",\"contentUrl\":\"https:\\\/\\\/www.eldiario.net\\\/portal\\\/wp-content\\\/uploads\\\/2026\\\/06\\\/Socio-Exposicion-digital.webp\",\"width\":762,\"height\":400},{\"@type\":\"BreadcrumbList\",\"@id\":\"https:\\\/\\\/www.eldiario.net\\\/portal\\\/2026\\\/06\\\/26\\\/exposicion-a-dispositivos-digitales-educacion-o-simple-sobreexposicion-7\\\/#breadcrumb\",\"itemListElement\":[{\"@type\":\"ListItem\",\"position\":1,\"name\":\"Portada\",\"item\":\"https:\\\/\\\/www.eldiario.net\\\/portal\\\/\"},{\"@type\":\"ListItem\",\"position\":2,\"name\":\"Exposici\u00f3n a dispositivos digitales Educaci\u00f3n o simple sobreexposici\u00f3n\"}]},{\"@type\":\"WebSite\",\"@id\":\"https:\\\/\\\/www.eldiario.net\\\/portal\\\/#website\",\"url\":\"https:\\\/\\\/www.eldiario.net\\\/portal\\\/\",\"name\":\"El Diario - Decano de la prensa nacional\",\"description\":\"El Diario - Decano de la prensa nacional\",\"publisher\":{\"@id\":\"https:\\\/\\\/www.eldiario.net\\\/portal\\\/#organization\"},\"potentialAction\":[{\"@type\":\"SearchAction\",\"target\":{\"@type\":\"EntryPoint\",\"urlTemplate\":\"https:\\\/\\\/www.eldiario.net\\\/portal\\\/?s={search_term_string}\"},\"query-input\":{\"@type\":\"PropertyValueSpecification\",\"valueRequired\":true,\"valueName\":\"search_term_string\"}}],\"inLanguage\":\"es\"},{\"@type\":\"Organization\",\"@id\":\"https:\\\/\\\/www.eldiario.net\\\/portal\\\/#organization\",\"name\":\"El Diario - Decano de la prensa nacional\",\"url\":\"https:\\\/\\\/www.eldiario.net\\\/portal\\\/\",\"logo\":{\"@type\":\"ImageObject\",\"inLanguage\":\"es\",\"@id\":\"https:\\\/\\\/www.eldiario.net\\\/portal\\\/#\\\/schema\\\/logo\\\/image\\\/\",\"url\":\"https:\\\/\\\/www.eldiario.net\\\/portal\\\/wp-content\\\/uploads\\\/2023\\\/07\\\/logo_ED.jpg\",\"contentUrl\":\"https:\\\/\\\/www.eldiario.net\\\/portal\\\/wp-content\\\/uploads\\\/2023\\\/07\\\/logo_ED.jpg\",\"width\":272,\"height\":52,\"caption\":\"El Diario - Decano de la prensa nacional\"},\"image\":{\"@id\":\"https:\\\/\\\/www.eldiario.net\\\/portal\\\/#\\\/schema\\\/logo\\\/image\\\/\"},\"sameAs\":[\"https:\\\/\\\/www.facebook.com\\\/eldiario.bolivia\\\/\",\"https:\\\/\\\/x.com\\\/eldiario_net\"]},{\"@type\":\"Person\",\"@id\":\"https:\\\/\\\/www.eldiario.net\\\/portal\\\/#\\\/schema\\\/person\\\/2c57cf2b7a7ae032e449e4c9b1019eac\",\"name\":\"Jeanette\",\"image\":{\"@type\":\"ImageObject\",\"inLanguage\":\"es\",\"@id\":\"https:\\\/\\\/secure.gravatar.com\\\/avatar\\\/3ea2118a5f7dad2b7138b1187a6b7ee55f160b9968b66013c3a3ef39dd7e5798?s=96&d=mm&r=g\",\"url\":\"https:\\\/\\\/secure.gravatar.com\\\/avatar\\\/3ea2118a5f7dad2b7138b1187a6b7ee55f160b9968b66013c3a3ef39dd7e5798?s=96&d=mm&r=g\",\"contentUrl\":\"https:\\\/\\\/secure.gravatar.com\\\/avatar\\\/3ea2118a5f7dad2b7138b1187a6b7ee55f160b9968b66013c3a3ef39dd7e5798?s=96&d=mm&r=g\",\"caption\":\"Jeanette\"},\"sameAs\":[\"https:\\\/\\\/www.eldiario.net\\\/portal\"],\"url\":\"https:\\\/\\\/www.eldiario.net\\\/portal\\\/author\\\/jeanette\\\/\"}]}<\/script>\n<!-- \/ Yoast SEO plugin. -->","yoast_head_json":{"title":"Exposici\u00f3n a dispositivos digitales Educaci\u00f3n o simple sobreexposici\u00f3n - El Diario - Bolivia","robots":{"index":"index","follow":"follow","max-snippet":"max-snippet:-1","max-image-preview":"max-image-preview:large","max-video-preview":"max-video-preview:-1"},"canonical":"https:\/\/www.eldiario.net\/portal\/2026\/06\/26\/exposicion-a-dispositivos-digitales-educacion-o-simple-sobreexposicion-7\/","og_locale":"es_ES","og_type":"article","og_title":"Exposici\u00f3n a dispositivos digitales Educaci\u00f3n o simple sobreexposici\u00f3n - El Diario - Bolivia","og_description":"Por. Lic. H\u00e9ctor Molina &nbsp; Recordemos que\u2026 &nbsp; La comprensi\u00f3n del cerebro humano en la era contempor\u00e1nea exige un an\u00e1lisis profundo de c\u00f3mo los entornos artificiales modifican la arquitectura neuronal. La exposici\u00f3n a dispositivos digitales se define como el proceso de interacci\u00f3n sensorial, cognitiva y motriz entre un individuo y una interfaz electr\u00f3nica (smartphones, tablets, [&hellip;]","og_url":"https:\/\/www.eldiario.net\/portal\/2026\/06\/26\/exposicion-a-dispositivos-digitales-educacion-o-simple-sobreexposicion-7\/","og_site_name":"El Diario - Bolivia","article_publisher":"https:\/\/www.facebook.com\/eldiario.bolivia\/","article_published_time":"2026-06-26T04:43:06+00:00","og_image":[{"width":762,"height":400,"url":"https:\/\/www.eldiario.net\/portal\/wp-content\/uploads\/2026\/06\/Socio-Exposicion-digital.webp","type":"image\/webp"}],"author":"Jeanette","twitter_card":"summary_large_image","twitter_creator":"@eldiario_net","twitter_site":"@eldiario_net","twitter_misc":{"Escrito por":"Jeanette","Tiempo de lectura":"5 minutos"},"schema":{"@context":"https:\/\/schema.org","@graph":[{"@type":"Article","@id":"https:\/\/www.eldiario.net\/portal\/2026\/06\/26\/exposicion-a-dispositivos-digitales-educacion-o-simple-sobreexposicion-7\/#article","isPartOf":{"@id":"https:\/\/www.eldiario.net\/portal\/2026\/06\/26\/exposicion-a-dispositivos-digitales-educacion-o-simple-sobreexposicion-7\/"},"author":{"name":"Jeanette","@id":"https:\/\/www.eldiario.net\/portal\/#\/schema\/person\/2c57cf2b7a7ae032e449e4c9b1019eac"},"headline":"Exposici\u00f3n a dispositivos digitales Educaci\u00f3n o simple sobreexposici\u00f3n","datePublished":"2026-06-26T04:43:06+00:00","mainEntityOfPage":{"@id":"https:\/\/www.eldiario.net\/portal\/2026\/06\/26\/exposicion-a-dispositivos-digitales-educacion-o-simple-sobreexposicion-7\/"},"wordCount":1096,"publisher":{"@id":"https:\/\/www.eldiario.net\/portal\/#organization"},"image":{"@id":"https:\/\/www.eldiario.net\/portal\/2026\/06\/26\/exposicion-a-dispositivos-digitales-educacion-o-simple-sobreexposicion-7\/#primaryimage"},"thumbnailUrl":"https:\/\/www.eldiario.net\/portal\/wp-content\/uploads\/2026\/06\/Socio-Exposicion-digital.webp","articleSection":["Nuevos Horizontes"],"inLanguage":"es"},{"@type":"WebPage","@id":"https:\/\/www.eldiario.net\/portal\/2026\/06\/26\/exposicion-a-dispositivos-digitales-educacion-o-simple-sobreexposicion-7\/","url":"https:\/\/www.eldiario.net\/portal\/2026\/06\/26\/exposicion-a-dispositivos-digitales-educacion-o-simple-sobreexposicion-7\/","name":"Exposici\u00f3n a dispositivos digitales Educaci\u00f3n o simple sobreexposici\u00f3n - El Diario - Bolivia","isPartOf":{"@id":"https:\/\/www.eldiario.net\/portal\/#website"},"primaryImageOfPage":{"@id":"https:\/\/www.eldiario.net\/portal\/2026\/06\/26\/exposicion-a-dispositivos-digitales-educacion-o-simple-sobreexposicion-7\/#primaryimage"},"image":{"@id":"https:\/\/www.eldiario.net\/portal\/2026\/06\/26\/exposicion-a-dispositivos-digitales-educacion-o-simple-sobreexposicion-7\/#primaryimage"},"thumbnailUrl":"https:\/\/www.eldiario.net\/portal\/wp-content\/uploads\/2026\/06\/Socio-Exposicion-digital.webp","datePublished":"2026-06-26T04:43:06+00:00","breadcrumb":{"@id":"https:\/\/www.eldiario.net\/portal\/2026\/06\/26\/exposicion-a-dispositivos-digitales-educacion-o-simple-sobreexposicion-7\/#breadcrumb"},"inLanguage":"es","potentialAction":[{"@type":"ReadAction","target":["https:\/\/www.eldiario.net\/portal\/2026\/06\/26\/exposicion-a-dispositivos-digitales-educacion-o-simple-sobreexposicion-7\/"]}]},{"@type":"ImageObject","inLanguage":"es","@id":"https:\/\/www.eldiario.net\/portal\/2026\/06\/26\/exposicion-a-dispositivos-digitales-educacion-o-simple-sobreexposicion-7\/#primaryimage","url":"https:\/\/www.eldiario.net\/portal\/wp-content\/uploads\/2026\/06\/Socio-Exposicion-digital.webp","contentUrl":"https:\/\/www.eldiario.net\/portal\/wp-content\/uploads\/2026\/06\/Socio-Exposicion-digital.webp","width":762,"height":400},{"@type":"BreadcrumbList","@id":"https:\/\/www.eldiario.net\/portal\/2026\/06\/26\/exposicion-a-dispositivos-digitales-educacion-o-simple-sobreexposicion-7\/#breadcrumb","itemListElement":[{"@type":"ListItem","position":1,"name":"Portada","item":"https:\/\/www.eldiario.net\/portal\/"},{"@type":"ListItem","position":2,"name":"Exposici\u00f3n a dispositivos digitales Educaci\u00f3n o simple sobreexposici\u00f3n"}]},{"@type":"WebSite","@id":"https:\/\/www.eldiario.net\/portal\/#website","url":"https:\/\/www.eldiario.net\/portal\/","name":"El Diario - Decano de la prensa nacional","description":"El Diario - Decano de la prensa nacional","publisher":{"@id":"https:\/\/www.eldiario.net\/portal\/#organization"},"potentialAction":[{"@type":"SearchAction","target":{"@type":"EntryPoint","urlTemplate":"https:\/\/www.eldiario.net\/portal\/?s={search_term_string}"},"query-input":{"@type":"PropertyValueSpecification","valueRequired":true,"valueName":"search_term_string"}}],"inLanguage":"es"},{"@type":"Organization","@id":"https:\/\/www.eldiario.net\/portal\/#organization","name":"El Diario - Decano de la prensa nacional","url":"https:\/\/www.eldiario.net\/portal\/","logo":{"@type":"ImageObject","inLanguage":"es","@id":"https:\/\/www.eldiario.net\/portal\/#\/schema\/logo\/image\/","url":"https:\/\/www.eldiario.net\/portal\/wp-content\/uploads\/2023\/07\/logo_ED.jpg","contentUrl":"https:\/\/www.eldiario.net\/portal\/wp-content\/uploads\/2023\/07\/logo_ED.jpg","width":272,"height":52,"caption":"El Diario - Decano de la prensa nacional"},"image":{"@id":"https:\/\/www.eldiario.net\/portal\/#\/schema\/logo\/image\/"},"sameAs":["https:\/\/www.facebook.com\/eldiario.bolivia\/","https:\/\/x.com\/eldiario_net"]},{"@type":"Person","@id":"https:\/\/www.eldiario.net\/portal\/#\/schema\/person\/2c57cf2b7a7ae032e449e4c9b1019eac","name":"Jeanette","image":{"@type":"ImageObject","inLanguage":"es","@id":"https:\/\/secure.gravatar.com\/avatar\/3ea2118a5f7dad2b7138b1187a6b7ee55f160b9968b66013c3a3ef39dd7e5798?s=96&d=mm&r=g","url":"https:\/\/secure.gravatar.com\/avatar\/3ea2118a5f7dad2b7138b1187a6b7ee55f160b9968b66013c3a3ef39dd7e5798?s=96&d=mm&r=g","contentUrl":"https:\/\/secure.gravatar.com\/avatar\/3ea2118a5f7dad2b7138b1187a6b7ee55f160b9968b66013c3a3ef39dd7e5798?s=96&d=mm&r=g","caption":"Jeanette"},"sameAs":["https:\/\/www.eldiario.net\/portal"],"url":"https:\/\/www.eldiario.net\/portal\/author\/jeanette\/"}]}},"_links":{"self":[{"href":"https:\/\/www.eldiario.net\/portal\/wp-json\/wp\/v2\/posts\/407094","targetHints":{"allow":["GET"]}}],"collection":[{"href":"https:\/\/www.eldiario.net\/portal\/wp-json\/wp\/v2\/posts"}],"about":[{"href":"https:\/\/www.eldiario.net\/portal\/wp-json\/wp\/v2\/types\/post"}],"author":[{"embeddable":true,"href":"https:\/\/www.eldiario.net\/portal\/wp-json\/wp\/v2\/users\/1"}],"replies":[{"embeddable":true,"href":"https:\/\/www.eldiario.net\/portal\/wp-json\/wp\/v2\/comments?post=407094"}],"version-history":[{"count":1,"href":"https:\/\/www.eldiario.net\/portal\/wp-json\/wp\/v2\/posts\/407094\/revisions"}],"predecessor-version":[{"id":407097,"href":"https:\/\/www.eldiario.net\/portal\/wp-json\/wp\/v2\/posts\/407094\/revisions\/407097"}],"wp:featuredmedia":[{"embeddable":true,"href":"https:\/\/www.eldiario.net\/portal\/wp-json\/wp\/v2\/media\/407095"}],"wp:attachment":[{"href":"https:\/\/www.eldiario.net\/portal\/wp-json\/wp\/v2\/media?parent=407094"}],"wp:term":[{"taxonomy":"category","embeddable":true,"href":"https:\/\/www.eldiario.net\/portal\/wp-json\/wp\/v2\/categories?post=407094"},{"taxonomy":"post_tag","embeddable":true,"href":"https:\/\/www.eldiario.net\/portal\/wp-json\/wp\/v2\/tags?post=407094"}],"curies":[{"name":"wp","href":"https:\/\/api.w.org\/{rel}","templated":true}]}}