{"id":407089,"date":"2026-06-26T00:41:18","date_gmt":"2026-06-26T04:41:18","guid":{"rendered":"https:\/\/www.eldiario.net\/portal\/?p=407089"},"modified":"2026-06-25T22:42:25","modified_gmt":"2026-06-26T02:42:25","slug":"argumentacion-y-debate-el-poder-de-la-persuasion-4","status":"publish","type":"post","link":"https:\/\/www.eldiario.net\/portal\/2026\/06\/26\/argumentacion-y-debate-el-poder-de-la-persuasion-4\/","title":{"rendered":"Argumentaci\u00f3n y debate El poder de la persuasi\u00f3n"},"content":{"rendered":"<p><strong>Por. Lic. H\u00e9ctor Molina<\/strong><\/p>\n<p>&nbsp;<\/p>\n<p><strong>\u00bfQu\u00e9 es la contraargumentaci\u00f3n?<\/strong><\/p>\n<p>&nbsp;<\/p>\n<p>La contraargumentaci\u00f3n es la br\u00fajula del pensamiento cr\u00edtico. Es una t\u00e9cnica avanzada de redacci\u00f3n y oratoria que consiste en identificar un argumento opuesto a la postura propia para analizarlo, desarmarlo con l\u00f3gica y demostrar por qu\u00e9 la tesis principal sigue siendo la m\u00e1s s\u00f3lida. No se trata de iniciar una discusi\u00f3n vac\u00eda; se trata de construir puentes de razonamiento donde las ideas se ponen a prueba y solo las mejores sobreviven.<\/p>\n<p>&nbsp;<\/p>\n<p>A continuaci\u00f3n, se presenta una gu\u00eda detallada y estructurada para dominar este arte, basada en la psicolog\u00eda cognitiva y la pragm\u00e1tica del lenguaje.<\/p>\n<p>&nbsp;<\/p>\n<p><strong>Los pilares de la contraargumentaci\u00f3n<\/strong><\/p>\n<p>&nbsp;<\/p>\n<p>Para que una contraargumentaci\u00f3n sea acad\u00e9micamente v\u00e1lida y persuasiva, debe apoyarse en tres procesos de la neurociencia cognitiva y la psicolog\u00eda social.<\/p>\n<p>&nbsp;<\/p>\n<ul>\n<li><strong>La escucha activa y empat\u00eda cognitiva.<\/strong> Antes de refutar, el cerebro debe procesar con precisi\u00f3n el argumento del oponente. Comprender la perspectiva ajena activa la corteza prefrontal, permitiendo mapear los puntos d\u00e9biles del rival sin dejarse llevar por respuestas emocionales (sesgo de confirmaci\u00f3n).<\/li>\n<\/ul>\n<p>&nbsp;<\/p>\n<ul>\n<li><strong>La desmitificaci\u00f3n l\u00f3gica.<\/strong> Consiste en encontrar los fallos en la estructura del argumento contrario. Esto incluye detectar datos desactualizados, generalizaciones apresuradas o contradicciones internas.<\/li>\n<\/ul>\n<p>&nbsp;<\/p>\n<ul>\n<li><strong>La reafirmaci\u00f3n de la tesis.<\/strong> El paso final no es solo destruir el argumento ajeno, sino usar esos mismos escombros para fortalecer la postura propia, demostrando que la hip\u00f3tesis inicial resiste incluso los ataques m\u00e1s duros.<\/li>\n<\/ul>\n<p>&nbsp;<\/p>\n<p><strong>Estructura de un contraargumento perfecto<\/strong><\/p>\n<p>&nbsp;<\/p>\n<p>En la redacci\u00f3n acad\u00e9mica y la oratoria profesional, un contraargumento no se lanza al azar; sigue una secuencia l\u00f3gica impecable. Esta estructura tripartita garantiza la claridad y el impacto.<\/p>\n<p>&nbsp;<\/p>\n<ol>\n<li><strong> Paso 1. Validar al oponente &#8211; La concesi\u00f3n o reconocimiento<\/strong><\/li>\n<\/ol>\n<p>&nbsp;<\/p>\n<p>Se presenta el argumento contrario de manera honesta y respetuosa. Esto demuestra madurez intelectual y desarma la actitud defensiva del interlocutor. Se suelen usar conectores como. \u00abEs cierto que&#8230;\u00bb, \u00abSi bien se afirma que&#8230;\u00bb o \u00abMuchos autores sostienen que&#8230;\u00bb.<\/p>\n<p>&nbsp;<\/p>\n<ol start=\"2\">\n<li><strong> Paso 2. Introducir la objeci\u00f3n &#8211; La refutaci\u00f3n o giro l\u00f3gico<\/strong><\/li>\n<\/ol>\n<p>&nbsp;<\/p>\n<p>Aqu\u00ed se introduce el quiebre del argumento contrario utilizando evidencia cient\u00edfica, estad\u00edsticas o l\u00f3gica pura. Es el momento de mostrar la debilidad de la otra postura con conectores de oposici\u00f3n. \u00abSin embargo, la evidencia demuestra&#8230;\u00bb, \u00abNo obstante, este an\u00e1lisis pasa por alto que&#8230;\u00bb.<\/p>\n<p>&nbsp;<\/p>\n<ol start=\"3\">\n<li><strong> Paso 3. Consolidar la postura &#8211; La conclusi\u00f3n persuasiva<\/strong><\/li>\n<\/ol>\n<p>&nbsp;<\/p>\n<p>Se cierra el ciclo explicando por qu\u00e9, tras analizar esa objeci\u00f3n, la postura original de la investigaci\u00f3n o del discurso es la correcta y la m\u00e1s beneficiosa.<\/p>\n<p>&nbsp;<\/p>\n<p><strong>El valor del contraargumento en el desarrollo humano<\/strong><\/p>\n<p>&nbsp;<\/p>\n<p>Aprender a contraargumentar transforma la mente de los j\u00f3venes de formas extraordinarias.<\/p>\n<p>&nbsp;<\/p>\n<ul>\n<li><strong>Desarrolla el criterio propio.<\/strong> Evita que las personas sean manipuladas por noticias falsas (fake news) o discursos populistas, ya que ense\u00f1a a cuestionar lo que se lee y se escucha.<\/li>\n<\/ul>\n<p>&nbsp;<\/p>\n<ul>\n<li><strong>Fortalece la inteligencia emocional.<\/strong> Al obligar al individuo a analizar la postura de otros sin enojarse, se fomenta la tolerancia y la autorregulaci\u00f3n emocional.<\/li>\n<\/ul>\n<p>&nbsp;<\/p>\n<ul>\n<li><strong>Eleva el estatus acad\u00e9mico.<\/strong> Los ensayos que incluyen contraargumentos demuestran una investigaci\u00f3n profunda y son los que obtienen las calificaciones m\u00e1s altas en el \u00e1mbito universitario.<\/li>\n<\/ul>\n<p>&nbsp;<\/p>\n<p>Dominar la contraargumentaci\u00f3n es, en \u00faltima instancia, poseer la llave de la persuasi\u00f3n. Es la herramienta que permite a los nuevos l\u00edderes y acad\u00e9micos defender sus verdades no con gritos, sino con el peso imbatible de la raz\u00f3n.<\/p>\n<p>&nbsp;<\/p>\n<p><strong>Estrategias persuasivas de contraargumentaci\u00f3n<\/strong><\/p>\n<p>&nbsp;<\/p>\n<p>Existen diferentes maneras de abordar un argumento contrario seg\u00fan el enfoque del debate o del ensayo acad\u00e9mico. Las tres estrategias m\u00e1s eficientes, explicadas a trav\u00e9s de su aplicaci\u00f3n pr\u00e1ctica, son:<\/p>\n<p>&nbsp;<\/p>\n<ul>\n<li><strong>Denegaci\u00f3n de hechos &#8211; Refutaci\u00f3n f\u00e1ctica.<\/strong> Consiste en demostrar con datos objetivos, estad\u00edsticas o evidencia cient\u00edfica que la premisa del oponente es simplemente falsa o est\u00e1 desactualizada.<\/li>\n<\/ul>\n<p>&nbsp;<\/p>\n<p>Por ejemplo si se afirma que la tecnolog\u00eda a\u00edsla a los j\u00f3venes, la neurociencia y la psicolog\u00eda social demuestran que las plataformas digitales facilitan la creaci\u00f3n de redes de apoyo y el desarrollo de comunidades de aprendizaje colaborativo.<\/p>\n<p>&nbsp;<\/p>\n<ul>\n<li><strong>Inversi\u00f3n del argumento &#8211; Efecto Boomerang.<\/strong> Esta t\u00e9cnica de la oratoria avanzada consiste en tomar la misma raz\u00f3n que da el oponente y demostrar que, en realidad, apoya la postura propia.<\/li>\n<\/ul>\n<p>&nbsp;<\/p>\n<p>Por ejemplo si se argumenta que los videojuegos demandan demasiado tiempo y enfoque, es precisamente esa atenci\u00f3n sostenida la que promueve la plasticidad cerebral, mejorando la toma de decisiones r\u00e1pidas bajo presi\u00f3n y la resoluci\u00f3n de problemas complejos.<\/p>\n<p>&nbsp;<\/p>\n<ul>\n<li><strong>Reducci\u00f3n al absurdo.<\/strong> Consiste en llevar el argumento del contrario a su consecuencia l\u00f3gica m\u00e1s extrema para demostrar que carece de sentido pr\u00e1ctico o viabilidad.<\/li>\n<\/ul>\n<p>&nbsp;<\/p>\n<p>Por ejemplo si se propone prohibir el uso de pantallas en los institutos para evitar la distracci\u00f3n escolar, bajo esa misma l\u00f3gica tendr\u00edan que prohibirse las ventanas, los apuntes en papel o los l\u00e1pices, dado que cualquier objeto o est\u00edmulo ambiental posee el potencial de ser un distractor.<\/p>\n<p>&nbsp;<\/p>\n<p>El cerebro humano se siente naturalmente atra\u00eddo por las narrativas en conflicto. Cuando se incluye un contraargumento en un ensayo o discurso, la atenci\u00f3n del receptor aumenta significativamente, ya que el cerebro procesa la situaci\u00f3n como la resoluci\u00f3n de un problema o un misterio.<\/p>\n<p>&nbsp;<\/p>\n<p><strong>El impacto de la contraargumentaci\u00f3n en el cerebro<\/strong><\/p>\n<p>&nbsp;<\/p>\n<p>Desde la perspectiva del desarrollo humano, dominar esta t\u00e9cnica genera un impacto directo en la arquitectura cerebral durante la adolescencia. El cerebro en esta etapa posee una alta plasticidad, lo que significa que est\u00e1 especialmente dise\u00f1ado para cablear nuevas conexiones cognitivas.<\/p>\n<p>&nbsp;<\/p>\n<p>Al ejercitar la contraargumentaci\u00f3n, se estimula directamente la corteza prefrontal dorsalateral. Esta regi\u00f3n es la encargada de las funciones ejecutivas superiores. la planificaci\u00f3n, la inhibici\u00f3n de respuestas impulsivas y el pensamiento abstracto. En lugar de reaccionar de forma puramente emocional (activando la am\u00edgdala), el estudiante aprende a pausar, procesar y estructurar una r\u00e9plica l\u00f3gica. Esto no solo mejora el rendimiento en la redacci\u00f3n acad\u00e9mica o los debates, sino que sienta las bases de una inteligencia emocional s\u00f3lida y un pensamiento cr\u00edtico inmune a la manipulaci\u00f3n de la informaci\u00f3n.<\/p>\n\r\n                <style type=\"text\/css\">\r\n                    \r\n                    #tdi_1  .td-doubleSlider-2 .td-item1 {\r\n                        background: url(https:\/\/www.eldiario.net\/portal\/wp-content\/uploads\/2026\/06\/Len-Persuasion-1-80x60.webp) 0 0 no-repeat;\r\n                    }\r\n                    #tdi_1  .td-doubleSlider-2 .td-item2 {\r\n                        background: url(https:\/\/www.eldiario.net\/portal\/wp-content\/uploads\/2026\/06\/Len-Denegacion-de-hechos-80x60.webp) 0 0 no-repeat;\r\n                    }\r\n                    #tdi_1  .td-doubleSlider-2 .td-item3 {\r\n                        background: url(https:\/\/www.eldiario.net\/portal\/wp-content\/uploads\/2026\/06\/Len-Empatia-cognitiva-80x60.webp) 0 0 no-repeat;\r\n                    }\r\n                <\/style>\r\n\r\n                <div id=\"tdi_1\" class=\"td-gallery td-slide-on-2-columns\">\r\n                    <div class=\"post_td_gallery\">\r\n                        <div class=\"td-gallery-slide-top\">\r\n                           <div class=\"td-gallery-title\"><\/div>\r\n\r\n                            <div class=\"td-gallery-controls-wrapper\">\r\n                                <div class=\"td-gallery-slide-count\"><span class=\"td-gallery-slide-item-focus\">1<\/span> de 3<\/div>\r\n                                <div class=\"td-gallery-slide-prev-next-but\">\r\n                                    <i class = \"td-icon-left doubleSliderPrevButton\"><\/i>\r\n                                    <i class = \"td-icon-right doubleSliderNextButton\"><\/i>\r\n                                <\/div>\r\n                            <\/div>\r\n                        <\/div>\r\n\r\n                        <div class = \"td-doubleSlider-1 \">\r\n                            <div class = \"td-slider\">\r\n                                \r\n                    <div class = \"td-slide-item td-item1\">\r\n                        <figure class=\"td-slide-galery-figure td-slide-popup-gallery\">\r\n                            <a class=\"slide-gallery-image-link\" href=\"https:\/\/www.eldiario.net\/portal\/wp-content\/uploads\/2026\/06\/Len-Persuasion-1.webp\" title=\"Len - Persuasi\u00f3n\"  data-caption=\"\"  data-description=\"\">\r\n                                <img decoding=\"async\" src=\"https:\/\/www.eldiario.net\/portal\/wp-content\/uploads\/2026\/06\/Len-Persuasion-1.webp\" srcset=\"https:\/\/www.eldiario.net\/portal\/wp-content\/uploads\/2026\/06\/Len-Persuasion-1.webp 251w, https:\/\/www.eldiario.net\/portal\/wp-content\/uploads\/2026\/06\/Len-Persuasion-1-235x300.webp 235w, https:\/\/www.eldiario.net\/portal\/wp-content\/uploads\/2026\/06\/Len-Persuasion-1-150x191.webp 150w\" sizes=\"(max-width: 251px) 100vw, 251px\" alt=\"\">\r\n                            <\/a>\r\n                            \r\n                        <\/figure>\r\n                    <\/div>\r\n                    <div class = \"td-slide-item td-item2\">\r\n                        <figure class=\"td-slide-galery-figure td-slide-popup-gallery\">\r\n                            <a class=\"slide-gallery-image-link\" href=\"https:\/\/www.eldiario.net\/portal\/wp-content\/uploads\/2026\/06\/Len-Denegacion-de-hechos.webp\" title=\"Len - Denegaci\u00f3n de hechos\"  data-caption=\"\"  data-description=\"\">\r\n                                <img decoding=\"async\" src=\"https:\/\/www.eldiario.net\/portal\/wp-content\/uploads\/2026\/06\/Len-Denegacion-de-hechos-524x420.webp\" srcset=\"https:\/\/www.eldiario.net\/portal\/wp-content\/uploads\/2026\/06\/Len-Denegacion-de-hechos-524x420.webp 524w, https:\/\/www.eldiario.net\/portal\/wp-content\/uploads\/2026\/06\/Len-Denegacion-de-hechos-300x241.webp 300w, https:\/\/www.eldiario.net\/portal\/wp-content\/uploads\/2026\/06\/Len-Denegacion-de-hechos-1024x821.webp 1024w, https:\/\/www.eldiario.net\/portal\/wp-content\/uploads\/2026\/06\/Len-Denegacion-de-hechos-768x616.webp 768w, https:\/\/www.eldiario.net\/portal\/wp-content\/uploads\/2026\/06\/Len-Denegacion-de-hechos-1536x1232.webp 1536w, https:\/\/www.eldiario.net\/portal\/wp-content\/uploads\/2026\/06\/Len-Denegacion-de-hechos-150x120.webp 150w, https:\/\/www.eldiario.net\/portal\/wp-content\/uploads\/2026\/06\/Len-Denegacion-de-hechos-696x558.webp 696w, https:\/\/www.eldiario.net\/portal\/wp-content\/uploads\/2026\/06\/Len-Denegacion-de-hechos-1068x856.webp 1068w, https:\/\/www.eldiario.net\/portal\/wp-content\/uploads\/2026\/06\/Len-Denegacion-de-hechos.webp 1600w\" sizes=\"(max-width: 524px) 100vw, 524px\" alt=\"\">\r\n                            <\/a>\r\n                            \r\n                        <\/figure>\r\n                    <\/div>\r\n                    <div class = \"td-slide-item td-item3\">\r\n                        <figure class=\"td-slide-galery-figure td-slide-popup-gallery\">\r\n                            <a class=\"slide-gallery-image-link\" href=\"https:\/\/www.eldiario.net\/portal\/wp-content\/uploads\/2026\/06\/Len-Empatia-cognitiva.webp\" title=\"Len - Empat\u00eda cognitiva\"  data-caption=\"\"  data-description=\"\">\r\n                                <img decoding=\"async\" src=\"https:\/\/www.eldiario.net\/portal\/wp-content\/uploads\/2026\/06\/Len-Empatia-cognitiva.webp\" srcset=\"https:\/\/www.eldiario.net\/portal\/wp-content\/uploads\/2026\/06\/Len-Empatia-cognitiva.webp 708w, https:\/\/www.eldiario.net\/portal\/wp-content\/uploads\/2026\/06\/Len-Empatia-cognitiva-300x153.webp 300w, https:\/\/www.eldiario.net\/portal\/wp-content\/uploads\/2026\/06\/Len-Empatia-cognitiva-150x76.webp 150w, https:\/\/www.eldiario.net\/portal\/wp-content\/uploads\/2026\/06\/Len-Empatia-cognitiva-696x354.webp 696w\" sizes=\"(max-width: 708px) 100vw, 708px\" alt=\"\">\r\n                            <\/a>\r\n                            \r\n                        <\/figure>\r\n                    <\/div>\r\n                            <\/div>\r\n                        <\/div>\r\n\r\n                        <div class = \"td-doubleSlider-2\">\r\n                            <div class = \"td-slider\">\r\n                                \r\n                    <div class = \"td-button td-item1\">\r\n                        <div class = \"td-border\"><\/div>\r\n                    <\/div>\r\n                    <div class = \"td-button td-item2\">\r\n                        <div class = \"td-border\"><\/div>\r\n                    <\/div>\r\n                    <div class = \"td-button td-item3\">\r\n                        <div class = \"td-border\"><\/div>\r\n                    <\/div>\r\n                            <\/div>\r\n                        <\/div>\r\n\r\n                    <\/div>\r\n\r\n                <\/div>\r\n                \n","protected":false},"excerpt":{"rendered":"<p>Por. Lic. H\u00e9ctor Molina &nbsp; \u00bfQu\u00e9 es la contraargumentaci\u00f3n? &nbsp; La contraargumentaci\u00f3n es la br\u00fajula del pensamiento cr\u00edtico. Es una t\u00e9cnica avanzada de redacci\u00f3n y oratoria que consiste en identificar un argumento opuesto a la postura propia para analizarlo, desarmarlo con l\u00f3gica y demostrar por qu\u00e9 la tesis principal sigue siendo la m\u00e1s s\u00f3lida. No [&hellip;]<\/p>\n","protected":false},"author":1,"featured_media":407091,"comment_status":"closed","ping_status":"open","sticky":false,"template":"","format":"standard","meta":{"_acf_changed":false,"footnotes":""},"categories":[43],"tags":[],"class_list":["post-407089","post","type-post","status-publish","format-standard","has-post-thumbnail","category-nuevos-horizontes"],"acf":{"antetitulo":""},"yoast_head":"<!-- This site is optimized with the Yoast SEO plugin v28.4 - https:\/\/yoast.com\/product\/yoast-seo-wordpress\/ -->\n<title>Argumentaci\u00f3n y debate El poder de la persuasi\u00f3n - El Diario - Bolivia<\/title>\n<meta name=\"robots\" content=\"index, follow, max-snippet:-1, max-image-preview:large, max-video-preview:-1\" \/>\n<link rel=\"canonical\" href=\"https:\/\/www.eldiario.net\/portal\/2026\/06\/26\/argumentacion-y-debate-el-poder-de-la-persuasion-4\/\" \/>\n<meta property=\"og:locale\" content=\"es_ES\" \/>\n<meta property=\"og:type\" content=\"article\" \/>\n<meta property=\"og:title\" content=\"Argumentaci\u00f3n y debate El poder de la persuasi\u00f3n - El Diario - Bolivia\" \/>\n<meta property=\"og:description\" content=\"Por. Lic. H\u00e9ctor Molina &nbsp; \u00bfQu\u00e9 es la contraargumentaci\u00f3n? &nbsp; La contraargumentaci\u00f3n es la br\u00fajula del pensamiento cr\u00edtico. Es una t\u00e9cnica avanzada de redacci\u00f3n y oratoria que consiste en identificar un argumento opuesto a la postura propia para analizarlo, desarmarlo con l\u00f3gica y demostrar por qu\u00e9 la tesis principal sigue siendo la m\u00e1s s\u00f3lida. No [&hellip;]\" \/>\n<meta property=\"og:url\" content=\"https:\/\/www.eldiario.net\/portal\/2026\/06\/26\/argumentacion-y-debate-el-poder-de-la-persuasion-4\/\" \/>\n<meta property=\"og:site_name\" content=\"El Diario - Bolivia\" \/>\n<meta property=\"article:publisher\" content=\"https:\/\/www.facebook.com\/eldiario.bolivia\/\" \/>\n<meta property=\"article:published_time\" content=\"2026-06-26T04:41:18+00:00\" \/>\n<meta property=\"og:image\" content=\"https:\/\/www.eldiario.net\/portal\/wp-content\/uploads\/2026\/06\/Len-Denegacion-de-hechos.webp\" \/>\n\t<meta property=\"og:image:width\" content=\"1600\" \/>\n\t<meta property=\"og:image:height\" content=\"1283\" \/>\n\t<meta property=\"og:image:type\" content=\"image\/webp\" \/>\n<meta name=\"author\" content=\"Jeanette\" \/>\n<meta name=\"twitter:card\" content=\"summary_large_image\" \/>\n<meta name=\"twitter:creator\" content=\"@eldiario_net\" \/>\n<meta name=\"twitter:site\" content=\"@eldiario_net\" \/>\n<meta name=\"twitter:label1\" content=\"Escrito por\" \/>\n\t<meta name=\"twitter:data1\" content=\"Jeanette\" \/>\n\t<meta name=\"twitter:label2\" content=\"Tiempo de lectura\" \/>\n\t<meta name=\"twitter:data2\" content=\"5 minutos\" \/>\n<script type=\"application\/ld+json\" class=\"yoast-schema-graph\">{\"@context\":\"https:\\\/\\\/schema.org\",\"@graph\":[{\"@type\":\"Article\",\"@id\":\"https:\\\/\\\/www.eldiario.net\\\/portal\\\/2026\\\/06\\\/26\\\/argumentacion-y-debate-el-poder-de-la-persuasion-4\\\/#article\",\"isPartOf\":{\"@id\":\"https:\\\/\\\/www.eldiario.net\\\/portal\\\/2026\\\/06\\\/26\\\/argumentacion-y-debate-el-poder-de-la-persuasion-4\\\/\"},\"author\":{\"name\":\"Jeanette\",\"@id\":\"https:\\\/\\\/www.eldiario.net\\\/portal\\\/#\\\/schema\\\/person\\\/2c57cf2b7a7ae032e449e4c9b1019eac\"},\"headline\":\"Argumentaci\u00f3n y debate El poder de la persuasi\u00f3n\",\"datePublished\":\"2026-06-26T04:41:18+00:00\",\"mainEntityOfPage\":{\"@id\":\"https:\\\/\\\/www.eldiario.net\\\/portal\\\/2026\\\/06\\\/26\\\/argumentacion-y-debate-el-poder-de-la-persuasion-4\\\/\"},\"wordCount\":1125,\"publisher\":{\"@id\":\"https:\\\/\\\/www.eldiario.net\\\/portal\\\/#organization\"},\"image\":{\"@id\":\"https:\\\/\\\/www.eldiario.net\\\/portal\\\/2026\\\/06\\\/26\\\/argumentacion-y-debate-el-poder-de-la-persuasion-4\\\/#primaryimage\"},\"thumbnailUrl\":\"https:\\\/\\\/www.eldiario.net\\\/portal\\\/wp-content\\\/uploads\\\/2026\\\/06\\\/Len-Denegacion-de-hechos.webp\",\"articleSection\":[\"Nuevos Horizontes\"],\"inLanguage\":\"es\"},{\"@type\":\"WebPage\",\"@id\":\"https:\\\/\\\/www.eldiario.net\\\/portal\\\/2026\\\/06\\\/26\\\/argumentacion-y-debate-el-poder-de-la-persuasion-4\\\/\",\"url\":\"https:\\\/\\\/www.eldiario.net\\\/portal\\\/2026\\\/06\\\/26\\\/argumentacion-y-debate-el-poder-de-la-persuasion-4\\\/\",\"name\":\"Argumentaci\u00f3n y debate El poder de la persuasi\u00f3n - El Diario - Bolivia\",\"isPartOf\":{\"@id\":\"https:\\\/\\\/www.eldiario.net\\\/portal\\\/#website\"},\"primaryImageOfPage\":{\"@id\":\"https:\\\/\\\/www.eldiario.net\\\/portal\\\/2026\\\/06\\\/26\\\/argumentacion-y-debate-el-poder-de-la-persuasion-4\\\/#primaryimage\"},\"image\":{\"@id\":\"https:\\\/\\\/www.eldiario.net\\\/portal\\\/2026\\\/06\\\/26\\\/argumentacion-y-debate-el-poder-de-la-persuasion-4\\\/#primaryimage\"},\"thumbnailUrl\":\"https:\\\/\\\/www.eldiario.net\\\/portal\\\/wp-content\\\/uploads\\\/2026\\\/06\\\/Len-Denegacion-de-hechos.webp\",\"datePublished\":\"2026-06-26T04:41:18+00:00\",\"breadcrumb\":{\"@id\":\"https:\\\/\\\/www.eldiario.net\\\/portal\\\/2026\\\/06\\\/26\\\/argumentacion-y-debate-el-poder-de-la-persuasion-4\\\/#breadcrumb\"},\"inLanguage\":\"es\",\"potentialAction\":[{\"@type\":\"ReadAction\",\"target\":[\"https:\\\/\\\/www.eldiario.net\\\/portal\\\/2026\\\/06\\\/26\\\/argumentacion-y-debate-el-poder-de-la-persuasion-4\\\/\"]}]},{\"@type\":\"ImageObject\",\"inLanguage\":\"es\",\"@id\":\"https:\\\/\\\/www.eldiario.net\\\/portal\\\/2026\\\/06\\\/26\\\/argumentacion-y-debate-el-poder-de-la-persuasion-4\\\/#primaryimage\",\"url\":\"https:\\\/\\\/www.eldiario.net\\\/portal\\\/wp-content\\\/uploads\\\/2026\\\/06\\\/Len-Denegacion-de-hechos.webp\",\"contentUrl\":\"https:\\\/\\\/www.eldiario.net\\\/portal\\\/wp-content\\\/uploads\\\/2026\\\/06\\\/Len-Denegacion-de-hechos.webp\",\"width\":1600,\"height\":1283},{\"@type\":\"BreadcrumbList\",\"@id\":\"https:\\\/\\\/www.eldiario.net\\\/portal\\\/2026\\\/06\\\/26\\\/argumentacion-y-debate-el-poder-de-la-persuasion-4\\\/#breadcrumb\",\"itemListElement\":[{\"@type\":\"ListItem\",\"position\":1,\"name\":\"Portada\",\"item\":\"https:\\\/\\\/www.eldiario.net\\\/portal\\\/\"},{\"@type\":\"ListItem\",\"position\":2,\"name\":\"Argumentaci\u00f3n y debate El poder de la persuasi\u00f3n\"}]},{\"@type\":\"WebSite\",\"@id\":\"https:\\\/\\\/www.eldiario.net\\\/portal\\\/#website\",\"url\":\"https:\\\/\\\/www.eldiario.net\\\/portal\\\/\",\"name\":\"El Diario - Decano de la prensa nacional\",\"description\":\"El Diario - Decano de la prensa nacional\",\"publisher\":{\"@id\":\"https:\\\/\\\/www.eldiario.net\\\/portal\\\/#organization\"},\"potentialAction\":[{\"@type\":\"SearchAction\",\"target\":{\"@type\":\"EntryPoint\",\"urlTemplate\":\"https:\\\/\\\/www.eldiario.net\\\/portal\\\/?s={search_term_string}\"},\"query-input\":{\"@type\":\"PropertyValueSpecification\",\"valueRequired\":true,\"valueName\":\"search_term_string\"}}],\"inLanguage\":\"es\"},{\"@type\":\"Organization\",\"@id\":\"https:\\\/\\\/www.eldiario.net\\\/portal\\\/#organization\",\"name\":\"El Diario - Decano de la prensa nacional\",\"url\":\"https:\\\/\\\/www.eldiario.net\\\/portal\\\/\",\"logo\":{\"@type\":\"ImageObject\",\"inLanguage\":\"es\",\"@id\":\"https:\\\/\\\/www.eldiario.net\\\/portal\\\/#\\\/schema\\\/logo\\\/image\\\/\",\"url\":\"https:\\\/\\\/www.eldiario.net\\\/portal\\\/wp-content\\\/uploads\\\/2023\\\/07\\\/logo_ED.jpg\",\"contentUrl\":\"https:\\\/\\\/www.eldiario.net\\\/portal\\\/wp-content\\\/uploads\\\/2023\\\/07\\\/logo_ED.jpg\",\"width\":272,\"height\":52,\"caption\":\"El Diario - Decano de la prensa nacional\"},\"image\":{\"@id\":\"https:\\\/\\\/www.eldiario.net\\\/portal\\\/#\\\/schema\\\/logo\\\/image\\\/\"},\"sameAs\":[\"https:\\\/\\\/www.facebook.com\\\/eldiario.bolivia\\\/\",\"https:\\\/\\\/x.com\\\/eldiario_net\"]},{\"@type\":\"Person\",\"@id\":\"https:\\\/\\\/www.eldiario.net\\\/portal\\\/#\\\/schema\\\/person\\\/2c57cf2b7a7ae032e449e4c9b1019eac\",\"name\":\"Jeanette\",\"image\":{\"@type\":\"ImageObject\",\"inLanguage\":\"es\",\"@id\":\"https:\\\/\\\/secure.gravatar.com\\\/avatar\\\/3ea2118a5f7dad2b7138b1187a6b7ee55f160b9968b66013c3a3ef39dd7e5798?s=96&d=mm&r=g\",\"url\":\"https:\\\/\\\/secure.gravatar.com\\\/avatar\\\/3ea2118a5f7dad2b7138b1187a6b7ee55f160b9968b66013c3a3ef39dd7e5798?s=96&d=mm&r=g\",\"contentUrl\":\"https:\\\/\\\/secure.gravatar.com\\\/avatar\\\/3ea2118a5f7dad2b7138b1187a6b7ee55f160b9968b66013c3a3ef39dd7e5798?s=96&d=mm&r=g\",\"caption\":\"Jeanette\"},\"sameAs\":[\"https:\\\/\\\/www.eldiario.net\\\/portal\"],\"url\":\"https:\\\/\\\/www.eldiario.net\\\/portal\\\/author\\\/jeanette\\\/\"}]}<\/script>\n<!-- \/ Yoast SEO plugin. -->","yoast_head_json":{"title":"Argumentaci\u00f3n y debate El poder de la persuasi\u00f3n - El Diario - Bolivia","robots":{"index":"index","follow":"follow","max-snippet":"max-snippet:-1","max-image-preview":"max-image-preview:large","max-video-preview":"max-video-preview:-1"},"canonical":"https:\/\/www.eldiario.net\/portal\/2026\/06\/26\/argumentacion-y-debate-el-poder-de-la-persuasion-4\/","og_locale":"es_ES","og_type":"article","og_title":"Argumentaci\u00f3n y debate El poder de la persuasi\u00f3n - El Diario - Bolivia","og_description":"Por. Lic. H\u00e9ctor Molina &nbsp; \u00bfQu\u00e9 es la contraargumentaci\u00f3n? &nbsp; La contraargumentaci\u00f3n es la br\u00fajula del pensamiento cr\u00edtico. Es una t\u00e9cnica avanzada de redacci\u00f3n y oratoria que consiste en identificar un argumento opuesto a la postura propia para analizarlo, desarmarlo con l\u00f3gica y demostrar por qu\u00e9 la tesis principal sigue siendo la m\u00e1s s\u00f3lida. No [&hellip;]","og_url":"https:\/\/www.eldiario.net\/portal\/2026\/06\/26\/argumentacion-y-debate-el-poder-de-la-persuasion-4\/","og_site_name":"El Diario - Bolivia","article_publisher":"https:\/\/www.facebook.com\/eldiario.bolivia\/","article_published_time":"2026-06-26T04:41:18+00:00","og_image":[{"width":1600,"height":1283,"url":"https:\/\/www.eldiario.net\/portal\/wp-content\/uploads\/2026\/06\/Len-Denegacion-de-hechos.webp","type":"image\/webp"}],"author":"Jeanette","twitter_card":"summary_large_image","twitter_creator":"@eldiario_net","twitter_site":"@eldiario_net","twitter_misc":{"Escrito por":"Jeanette","Tiempo de lectura":"5 minutos"},"schema":{"@context":"https:\/\/schema.org","@graph":[{"@type":"Article","@id":"https:\/\/www.eldiario.net\/portal\/2026\/06\/26\/argumentacion-y-debate-el-poder-de-la-persuasion-4\/#article","isPartOf":{"@id":"https:\/\/www.eldiario.net\/portal\/2026\/06\/26\/argumentacion-y-debate-el-poder-de-la-persuasion-4\/"},"author":{"name":"Jeanette","@id":"https:\/\/www.eldiario.net\/portal\/#\/schema\/person\/2c57cf2b7a7ae032e449e4c9b1019eac"},"headline":"Argumentaci\u00f3n y debate El poder de la persuasi\u00f3n","datePublished":"2026-06-26T04:41:18+00:00","mainEntityOfPage":{"@id":"https:\/\/www.eldiario.net\/portal\/2026\/06\/26\/argumentacion-y-debate-el-poder-de-la-persuasion-4\/"},"wordCount":1125,"publisher":{"@id":"https:\/\/www.eldiario.net\/portal\/#organization"},"image":{"@id":"https:\/\/www.eldiario.net\/portal\/2026\/06\/26\/argumentacion-y-debate-el-poder-de-la-persuasion-4\/#primaryimage"},"thumbnailUrl":"https:\/\/www.eldiario.net\/portal\/wp-content\/uploads\/2026\/06\/Len-Denegacion-de-hechos.webp","articleSection":["Nuevos Horizontes"],"inLanguage":"es"},{"@type":"WebPage","@id":"https:\/\/www.eldiario.net\/portal\/2026\/06\/26\/argumentacion-y-debate-el-poder-de-la-persuasion-4\/","url":"https:\/\/www.eldiario.net\/portal\/2026\/06\/26\/argumentacion-y-debate-el-poder-de-la-persuasion-4\/","name":"Argumentaci\u00f3n y debate El poder de la persuasi\u00f3n - El Diario - Bolivia","isPartOf":{"@id":"https:\/\/www.eldiario.net\/portal\/#website"},"primaryImageOfPage":{"@id":"https:\/\/www.eldiario.net\/portal\/2026\/06\/26\/argumentacion-y-debate-el-poder-de-la-persuasion-4\/#primaryimage"},"image":{"@id":"https:\/\/www.eldiario.net\/portal\/2026\/06\/26\/argumentacion-y-debate-el-poder-de-la-persuasion-4\/#primaryimage"},"thumbnailUrl":"https:\/\/www.eldiario.net\/portal\/wp-content\/uploads\/2026\/06\/Len-Denegacion-de-hechos.webp","datePublished":"2026-06-26T04:41:18+00:00","breadcrumb":{"@id":"https:\/\/www.eldiario.net\/portal\/2026\/06\/26\/argumentacion-y-debate-el-poder-de-la-persuasion-4\/#breadcrumb"},"inLanguage":"es","potentialAction":[{"@type":"ReadAction","target":["https:\/\/www.eldiario.net\/portal\/2026\/06\/26\/argumentacion-y-debate-el-poder-de-la-persuasion-4\/"]}]},{"@type":"ImageObject","inLanguage":"es","@id":"https:\/\/www.eldiario.net\/portal\/2026\/06\/26\/argumentacion-y-debate-el-poder-de-la-persuasion-4\/#primaryimage","url":"https:\/\/www.eldiario.net\/portal\/wp-content\/uploads\/2026\/06\/Len-Denegacion-de-hechos.webp","contentUrl":"https:\/\/www.eldiario.net\/portal\/wp-content\/uploads\/2026\/06\/Len-Denegacion-de-hechos.webp","width":1600,"height":1283},{"@type":"BreadcrumbList","@id":"https:\/\/www.eldiario.net\/portal\/2026\/06\/26\/argumentacion-y-debate-el-poder-de-la-persuasion-4\/#breadcrumb","itemListElement":[{"@type":"ListItem","position":1,"name":"Portada","item":"https:\/\/www.eldiario.net\/portal\/"},{"@type":"ListItem","position":2,"name":"Argumentaci\u00f3n y debate El poder de la persuasi\u00f3n"}]},{"@type":"WebSite","@id":"https:\/\/www.eldiario.net\/portal\/#website","url":"https:\/\/www.eldiario.net\/portal\/","name":"El Diario - Decano de la prensa nacional","description":"El Diario - Decano de la prensa nacional","publisher":{"@id":"https:\/\/www.eldiario.net\/portal\/#organization"},"potentialAction":[{"@type":"SearchAction","target":{"@type":"EntryPoint","urlTemplate":"https:\/\/www.eldiario.net\/portal\/?s={search_term_string}"},"query-input":{"@type":"PropertyValueSpecification","valueRequired":true,"valueName":"search_term_string"}}],"inLanguage":"es"},{"@type":"Organization","@id":"https:\/\/www.eldiario.net\/portal\/#organization","name":"El Diario - Decano de la prensa nacional","url":"https:\/\/www.eldiario.net\/portal\/","logo":{"@type":"ImageObject","inLanguage":"es","@id":"https:\/\/www.eldiario.net\/portal\/#\/schema\/logo\/image\/","url":"https:\/\/www.eldiario.net\/portal\/wp-content\/uploads\/2023\/07\/logo_ED.jpg","contentUrl":"https:\/\/www.eldiario.net\/portal\/wp-content\/uploads\/2023\/07\/logo_ED.jpg","width":272,"height":52,"caption":"El Diario - Decano de la prensa nacional"},"image":{"@id":"https:\/\/www.eldiario.net\/portal\/#\/schema\/logo\/image\/"},"sameAs":["https:\/\/www.facebook.com\/eldiario.bolivia\/","https:\/\/x.com\/eldiario_net"]},{"@type":"Person","@id":"https:\/\/www.eldiario.net\/portal\/#\/schema\/person\/2c57cf2b7a7ae032e449e4c9b1019eac","name":"Jeanette","image":{"@type":"ImageObject","inLanguage":"es","@id":"https:\/\/secure.gravatar.com\/avatar\/3ea2118a5f7dad2b7138b1187a6b7ee55f160b9968b66013c3a3ef39dd7e5798?s=96&d=mm&r=g","url":"https:\/\/secure.gravatar.com\/avatar\/3ea2118a5f7dad2b7138b1187a6b7ee55f160b9968b66013c3a3ef39dd7e5798?s=96&d=mm&r=g","contentUrl":"https:\/\/secure.gravatar.com\/avatar\/3ea2118a5f7dad2b7138b1187a6b7ee55f160b9968b66013c3a3ef39dd7e5798?s=96&d=mm&r=g","caption":"Jeanette"},"sameAs":["https:\/\/www.eldiario.net\/portal"],"url":"https:\/\/www.eldiario.net\/portal\/author\/jeanette\/"}]}},"_links":{"self":[{"href":"https:\/\/www.eldiario.net\/portal\/wp-json\/wp\/v2\/posts\/407089","targetHints":{"allow":["GET"]}}],"collection":[{"href":"https:\/\/www.eldiario.net\/portal\/wp-json\/wp\/v2\/posts"}],"about":[{"href":"https:\/\/www.eldiario.net\/portal\/wp-json\/wp\/v2\/types\/post"}],"author":[{"embeddable":true,"href":"https:\/\/www.eldiario.net\/portal\/wp-json\/wp\/v2\/users\/1"}],"replies":[{"embeddable":true,"href":"https:\/\/www.eldiario.net\/portal\/wp-json\/wp\/v2\/comments?post=407089"}],"version-history":[{"count":1,"href":"https:\/\/www.eldiario.net\/portal\/wp-json\/wp\/v2\/posts\/407089\/revisions"}],"predecessor-version":[{"id":407093,"href":"https:\/\/www.eldiario.net\/portal\/wp-json\/wp\/v2\/posts\/407089\/revisions\/407093"}],"wp:featuredmedia":[{"embeddable":true,"href":"https:\/\/www.eldiario.net\/portal\/wp-json\/wp\/v2\/media\/407091"}],"wp:attachment":[{"href":"https:\/\/www.eldiario.net\/portal\/wp-json\/wp\/v2\/media?parent=407089"}],"wp:term":[{"taxonomy":"category","embeddable":true,"href":"https:\/\/www.eldiario.net\/portal\/wp-json\/wp\/v2\/categories?post=407089"},{"taxonomy":"post_tag","embeddable":true,"href":"https:\/\/www.eldiario.net\/portal\/wp-json\/wp\/v2\/tags?post=407089"}],"curies":[{"name":"wp","href":"https:\/\/api.w.org\/{rel}","templated":true}]}}