{"id":407014,"date":"2026-06-25T17:28:25","date_gmt":"2026-06-25T21:28:25","guid":{"rendered":"https:\/\/www.eldiario.net\/portal\/?p=407014"},"modified":"2026-06-25T17:28:25","modified_gmt":"2026-06-25T21:28:25","slug":"bolivia-baila-con-el-rey-del-pop-homenajes-a-michael-jackson-este-jueves-1726","status":"publish","type":"post","link":"https:\/\/www.eldiario.net\/portal\/2026\/06\/25\/bolivia-baila-con-el-rey-del-pop-homenajes-a-michael-jackson-este-jueves-1726\/","title":{"rendered":"Bolivia baila con el Rey del Pop! Homenajes a Michael Jackson este jueves (17:26)"},"content":{"rendered":"<p>A 17 a\u00f1os de la partida de Michael Jackson, fans bolivianos se congregan hoy en diferentes ciudades del pa\u00eds para celebrar el legado del \u201cRey del Pop\u201d con m\u00fasica, baile y un gesto global de unidad.<\/p>\n<p>En La Paz, el principal evento es organizado por Mi Telef\u00e9rico. La cita es a partir de las 17:00 horas en la Estaci\u00f3n Prado &#8211; L\u00ednea Celeste (Plaza Camacho \/ Calle Camacho).<\/p>\n<p>Los asistentes podr\u00e1n disfrutar de m\u00fasica, coreograf\u00edas y el programa especial \u201cDo Re Mi Telef\u00e9rico\u201d dedicado al artista.<\/p>\n<p>En Cochabamba, los fan\u00e1ticos se reunir\u00e1n en la Plaza de las Banderas desde las 17:00 horas, con el momento central previsto para las 17:26, cuando se reproducir\u00e1 simult\u00e1neamente la canci\u00f3n \u201cHeal the World\u201d como parte del homenaje mundial \u201cHeal the World Project\u201d.<\/p>\n<p>Este gesto busca unir a fans de todo el mundo en un mismo minuto para recordar el mensaje de paz y amor que dej\u00f3 Michael Jackson a trav\u00e9s de su m\u00fasica.<\/p>\n","protected":false},"excerpt":{"rendered":"<p>A 17 a\u00f1os de la partida de Michael Jackson, fans bolivianos se congregan hoy en diferentes ciudades del pa\u00eds para celebrar el legado del \u201cRey del Pop\u201d con m\u00fasica, baile y un gesto global de unidad. En La Paz, el principal evento es organizado por Mi Telef\u00e9rico. La cita es a partir de las 17:00 [&hellip;]<\/p>\n","protected":false},"author":7,"featured_media":407015,"comment_status":"closed","ping_status":"open","sticky":false,"template":"","format":"standard","meta":{"_acf_changed":false,"footnotes":""},"categories":[51],"tags":[],"class_list":["post-407014","post","type-post","status-publish","format-standard","has-post-thumbnail","category-ultima-hora"],"acf":{"antetitulo":""},"yoast_head":"<!-- This site is optimized with the Yoast SEO plugin v28.3 - https:\/\/yoast.com\/product\/yoast-seo-wordpress\/ -->\n<title>Bolivia baila con el Rey del Pop! Homenajes a Michael Jackson este jueves (17:26) - El Diario - Bolivia<\/title>\n<meta name=\"robots\" content=\"index, follow, max-snippet:-1, max-image-preview:large, max-video-preview:-1\" \/>\n<link rel=\"canonical\" href=\"https:\/\/www.eldiario.net\/portal\/2026\/06\/25\/bolivia-baila-con-el-rey-del-pop-homenajes-a-michael-jackson-este-jueves-1726\/\" \/>\n<meta property=\"og:locale\" content=\"es_ES\" \/>\n<meta property=\"og:type\" content=\"article\" \/>\n<meta property=\"og:title\" content=\"Bolivia baila con el Rey del Pop! Homenajes a Michael Jackson este jueves (17:26) - El Diario - Bolivia\" \/>\n<meta property=\"og:description\" content=\"A 17 a\u00f1os de la partida de Michael Jackson, fans bolivianos se congregan hoy en diferentes ciudades del pa\u00eds para celebrar el legado del \u201cRey del Pop\u201d con m\u00fasica, baile y un gesto global de unidad. En La Paz, el principal evento es organizado por Mi Telef\u00e9rico. La cita es a partir de las 17:00 [&hellip;]\" \/>\n<meta property=\"og:url\" content=\"https:\/\/www.eldiario.net\/portal\/2026\/06\/25\/bolivia-baila-con-el-rey-del-pop-homenajes-a-michael-jackson-este-jueves-1726\/\" \/>\n<meta property=\"og:site_name\" content=\"El Diario - Bolivia\" \/>\n<meta property=\"article:publisher\" content=\"https:\/\/www.facebook.com\/eldiario.bolivia\/\" \/>\n<meta property=\"article:published_time\" content=\"2026-06-25T21:28:25+00:00\" \/>\n<meta property=\"og:image\" content=\"https:\/\/www.eldiario.net\/portal\/wp-content\/uploads\/2026\/06\/111-25.06-copia.webp\" \/>\n\t<meta property=\"og:image:width\" content=\"520\" \/>\n\t<meta property=\"og:image:height\" content=\"521\" \/>\n\t<meta property=\"og:image:type\" content=\"image\/webp\" \/>\n<meta name=\"author\" content=\"Viviana Monrroy\" \/>\n<meta name=\"twitter:card\" content=\"summary_large_image\" \/>\n<meta name=\"twitter:creator\" content=\"@eldiario_net\" \/>\n<meta name=\"twitter:site\" content=\"@eldiario_net\" \/>\n<meta name=\"twitter:label1\" content=\"Escrito por\" \/>\n\t<meta name=\"twitter:data1\" content=\"Viviana Monrroy\" \/>\n\t<meta name=\"twitter:label2\" content=\"Tiempo de lectura\" \/>\n\t<meta name=\"twitter:data2\" content=\"1 minuto\" \/>\n<script type=\"application\/ld+json\" class=\"yoast-schema-graph\">{\"@context\":\"https:\\\/\\\/schema.org\",\"@graph\":[{\"@type\":\"Article\",\"@id\":\"https:\\\/\\\/www.eldiario.net\\\/portal\\\/2026\\\/06\\\/25\\\/bolivia-baila-con-el-rey-del-pop-homenajes-a-michael-jackson-este-jueves-1726\\\/#article\",\"isPartOf\":{\"@id\":\"https:\\\/\\\/www.eldiario.net\\\/portal\\\/2026\\\/06\\\/25\\\/bolivia-baila-con-el-rey-del-pop-homenajes-a-michael-jackson-este-jueves-1726\\\/\"},\"author\":{\"name\":\"Viviana Monrroy\",\"@id\":\"https:\\\/\\\/www.eldiario.net\\\/portal\\\/#\\\/schema\\\/person\\\/ba370d92d160f4d3574381f6d9b78fab\"},\"headline\":\"Bolivia baila con el Rey del Pop! Homenajes a Michael Jackson este jueves (17:26)\",\"datePublished\":\"2026-06-25T21:28:25+00:00\",\"mainEntityOfPage\":{\"@id\":\"https:\\\/\\\/www.eldiario.net\\\/portal\\\/2026\\\/06\\\/25\\\/bolivia-baila-con-el-rey-del-pop-homenajes-a-michael-jackson-este-jueves-1726\\\/\"},\"wordCount\":183,\"publisher\":{\"@id\":\"https:\\\/\\\/www.eldiario.net\\\/portal\\\/#organization\"},\"image\":{\"@id\":\"https:\\\/\\\/www.eldiario.net\\\/portal\\\/2026\\\/06\\\/25\\\/bolivia-baila-con-el-rey-del-pop-homenajes-a-michael-jackson-este-jueves-1726\\\/#primaryimage\"},\"thumbnailUrl\":\"https:\\\/\\\/www.eldiario.net\\\/portal\\\/wp-content\\\/uploads\\\/2026\\\/06\\\/111-25.06-copia.webp\",\"articleSection\":[\"\u00daltima Hora\"],\"inLanguage\":\"es\"},{\"@type\":\"WebPage\",\"@id\":\"https:\\\/\\\/www.eldiario.net\\\/portal\\\/2026\\\/06\\\/25\\\/bolivia-baila-con-el-rey-del-pop-homenajes-a-michael-jackson-este-jueves-1726\\\/\",\"url\":\"https:\\\/\\\/www.eldiario.net\\\/portal\\\/2026\\\/06\\\/25\\\/bolivia-baila-con-el-rey-del-pop-homenajes-a-michael-jackson-este-jueves-1726\\\/\",\"name\":\"Bolivia baila con el Rey del Pop! Homenajes a Michael Jackson este jueves (17:26) - El Diario - Bolivia\",\"isPartOf\":{\"@id\":\"https:\\\/\\\/www.eldiario.net\\\/portal\\\/#website\"},\"primaryImageOfPage\":{\"@id\":\"https:\\\/\\\/www.eldiario.net\\\/portal\\\/2026\\\/06\\\/25\\\/bolivia-baila-con-el-rey-del-pop-homenajes-a-michael-jackson-este-jueves-1726\\\/#primaryimage\"},\"image\":{\"@id\":\"https:\\\/\\\/www.eldiario.net\\\/portal\\\/2026\\\/06\\\/25\\\/bolivia-baila-con-el-rey-del-pop-homenajes-a-michael-jackson-este-jueves-1726\\\/#primaryimage\"},\"thumbnailUrl\":\"https:\\\/\\\/www.eldiario.net\\\/portal\\\/wp-content\\\/uploads\\\/2026\\\/06\\\/111-25.06-copia.webp\",\"datePublished\":\"2026-06-25T21:28:25+00:00\",\"breadcrumb\":{\"@id\":\"https:\\\/\\\/www.eldiario.net\\\/portal\\\/2026\\\/06\\\/25\\\/bolivia-baila-con-el-rey-del-pop-homenajes-a-michael-jackson-este-jueves-1726\\\/#breadcrumb\"},\"inLanguage\":\"es\",\"potentialAction\":[{\"@type\":\"ReadAction\",\"target\":[\"https:\\\/\\\/www.eldiario.net\\\/portal\\\/2026\\\/06\\\/25\\\/bolivia-baila-con-el-rey-del-pop-homenajes-a-michael-jackson-este-jueves-1726\\\/\"]}]},{\"@type\":\"ImageObject\",\"inLanguage\":\"es\",\"@id\":\"https:\\\/\\\/www.eldiario.net\\\/portal\\\/2026\\\/06\\\/25\\\/bolivia-baila-con-el-rey-del-pop-homenajes-a-michael-jackson-este-jueves-1726\\\/#primaryimage\",\"url\":\"https:\\\/\\\/www.eldiario.net\\\/portal\\\/wp-content\\\/uploads\\\/2026\\\/06\\\/111-25.06-copia.webp\",\"contentUrl\":\"https:\\\/\\\/www.eldiario.net\\\/portal\\\/wp-content\\\/uploads\\\/2026\\\/06\\\/111-25.06-copia.webp\",\"width\":520,\"height\":521},{\"@type\":\"BreadcrumbList\",\"@id\":\"https:\\\/\\\/www.eldiario.net\\\/portal\\\/2026\\\/06\\\/25\\\/bolivia-baila-con-el-rey-del-pop-homenajes-a-michael-jackson-este-jueves-1726\\\/#breadcrumb\",\"itemListElement\":[{\"@type\":\"ListItem\",\"position\":1,\"name\":\"Portada\",\"item\":\"https:\\\/\\\/www.eldiario.net\\\/portal\\\/\"},{\"@type\":\"ListItem\",\"position\":2,\"name\":\"Bolivia baila con el Rey del Pop! Homenajes a Michael Jackson este jueves (17:26)\"}]},{\"@type\":\"WebSite\",\"@id\":\"https:\\\/\\\/www.eldiario.net\\\/portal\\\/#website\",\"url\":\"https:\\\/\\\/www.eldiario.net\\\/portal\\\/\",\"name\":\"El Diario - Decano de la prensa nacional\",\"description\":\"El Diario - Decano de la prensa nacional\",\"publisher\":{\"@id\":\"https:\\\/\\\/www.eldiario.net\\\/portal\\\/#organization\"},\"potentialAction\":[{\"@type\":\"SearchAction\",\"target\":{\"@type\":\"EntryPoint\",\"urlTemplate\":\"https:\\\/\\\/www.eldiario.net\\\/portal\\\/?s={search_term_string}\"},\"query-input\":{\"@type\":\"PropertyValueSpecification\",\"valueRequired\":true,\"valueName\":\"search_term_string\"}}],\"inLanguage\":\"es\"},{\"@type\":\"Organization\",\"@id\":\"https:\\\/\\\/www.eldiario.net\\\/portal\\\/#organization\",\"name\":\"El Diario - Decano de la prensa nacional\",\"url\":\"https:\\\/\\\/www.eldiario.net\\\/portal\\\/\",\"logo\":{\"@type\":\"ImageObject\",\"inLanguage\":\"es\",\"@id\":\"https:\\\/\\\/www.eldiario.net\\\/portal\\\/#\\\/schema\\\/logo\\\/image\\\/\",\"url\":\"https:\\\/\\\/www.eldiario.net\\\/portal\\\/wp-content\\\/uploads\\\/2023\\\/07\\\/logo_ED.jpg\",\"contentUrl\":\"https:\\\/\\\/www.eldiario.net\\\/portal\\\/wp-content\\\/uploads\\\/2023\\\/07\\\/logo_ED.jpg\",\"width\":272,\"height\":52,\"caption\":\"El Diario - Decano de la prensa nacional\"},\"image\":{\"@id\":\"https:\\\/\\\/www.eldiario.net\\\/portal\\\/#\\\/schema\\\/logo\\\/image\\\/\"},\"sameAs\":[\"https:\\\/\\\/www.facebook.com\\\/eldiario.bolivia\\\/\",\"https:\\\/\\\/x.com\\\/eldiario_net\"]},{\"@type\":\"Person\",\"@id\":\"https:\\\/\\\/www.eldiario.net\\\/portal\\\/#\\\/schema\\\/person\\\/ba370d92d160f4d3574381f6d9b78fab\",\"name\":\"Viviana Monrroy\",\"image\":{\"@type\":\"ImageObject\",\"inLanguage\":\"es\",\"@id\":\"https:\\\/\\\/secure.gravatar.com\\\/avatar\\\/dfd1611ed5600959a0e5a9754503b6c05d1dcf190010998e0363aee2ad98afca?s=96&d=mm&r=g\",\"url\":\"https:\\\/\\\/secure.gravatar.com\\\/avatar\\\/dfd1611ed5600959a0e5a9754503b6c05d1dcf190010998e0363aee2ad98afca?s=96&d=mm&r=g\",\"contentUrl\":\"https:\\\/\\\/secure.gravatar.com\\\/avatar\\\/dfd1611ed5600959a0e5a9754503b6c05d1dcf190010998e0363aee2ad98afca?s=96&d=mm&r=g\",\"caption\":\"Viviana Monrroy\"},\"sameAs\":[\"http:\\\/\\\/www.eldiario.net\"],\"url\":\"https:\\\/\\\/www.eldiario.net\\\/portal\\\/author\\\/vivianamonrroy\\\/\"}]}<\/script>\n<!-- \/ Yoast SEO plugin. -->","yoast_head_json":{"title":"Bolivia baila con el Rey del Pop! Homenajes a Michael Jackson este jueves (17:26) - El Diario - Bolivia","robots":{"index":"index","follow":"follow","max-snippet":"max-snippet:-1","max-image-preview":"max-image-preview:large","max-video-preview":"max-video-preview:-1"},"canonical":"https:\/\/www.eldiario.net\/portal\/2026\/06\/25\/bolivia-baila-con-el-rey-del-pop-homenajes-a-michael-jackson-este-jueves-1726\/","og_locale":"es_ES","og_type":"article","og_title":"Bolivia baila con el Rey del Pop! Homenajes a Michael Jackson este jueves (17:26) - El Diario - Bolivia","og_description":"A 17 a\u00f1os de la partida de Michael Jackson, fans bolivianos se congregan hoy en diferentes ciudades del pa\u00eds para celebrar el legado del \u201cRey del Pop\u201d con m\u00fasica, baile y un gesto global de unidad. En La Paz, el principal evento es organizado por Mi Telef\u00e9rico. La cita es a partir de las 17:00 [&hellip;]","og_url":"https:\/\/www.eldiario.net\/portal\/2026\/06\/25\/bolivia-baila-con-el-rey-del-pop-homenajes-a-michael-jackson-este-jueves-1726\/","og_site_name":"El Diario - Bolivia","article_publisher":"https:\/\/www.facebook.com\/eldiario.bolivia\/","article_published_time":"2026-06-25T21:28:25+00:00","og_image":[{"width":520,"height":521,"url":"https:\/\/www.eldiario.net\/portal\/wp-content\/uploads\/2026\/06\/111-25.06-copia.webp","type":"image\/webp"}],"author":"Viviana Monrroy","twitter_card":"summary_large_image","twitter_creator":"@eldiario_net","twitter_site":"@eldiario_net","twitter_misc":{"Escrito por":"Viviana Monrroy","Tiempo de lectura":"1 minuto"},"schema":{"@context":"https:\/\/schema.org","@graph":[{"@type":"Article","@id":"https:\/\/www.eldiario.net\/portal\/2026\/06\/25\/bolivia-baila-con-el-rey-del-pop-homenajes-a-michael-jackson-este-jueves-1726\/#article","isPartOf":{"@id":"https:\/\/www.eldiario.net\/portal\/2026\/06\/25\/bolivia-baila-con-el-rey-del-pop-homenajes-a-michael-jackson-este-jueves-1726\/"},"author":{"name":"Viviana Monrroy","@id":"https:\/\/www.eldiario.net\/portal\/#\/schema\/person\/ba370d92d160f4d3574381f6d9b78fab"},"headline":"Bolivia baila con el Rey del Pop! Homenajes a Michael Jackson este jueves (17:26)","datePublished":"2026-06-25T21:28:25+00:00","mainEntityOfPage":{"@id":"https:\/\/www.eldiario.net\/portal\/2026\/06\/25\/bolivia-baila-con-el-rey-del-pop-homenajes-a-michael-jackson-este-jueves-1726\/"},"wordCount":183,"publisher":{"@id":"https:\/\/www.eldiario.net\/portal\/#organization"},"image":{"@id":"https:\/\/www.eldiario.net\/portal\/2026\/06\/25\/bolivia-baila-con-el-rey-del-pop-homenajes-a-michael-jackson-este-jueves-1726\/#primaryimage"},"thumbnailUrl":"https:\/\/www.eldiario.net\/portal\/wp-content\/uploads\/2026\/06\/111-25.06-copia.webp","articleSection":["\u00daltima Hora"],"inLanguage":"es"},{"@type":"WebPage","@id":"https:\/\/www.eldiario.net\/portal\/2026\/06\/25\/bolivia-baila-con-el-rey-del-pop-homenajes-a-michael-jackson-este-jueves-1726\/","url":"https:\/\/www.eldiario.net\/portal\/2026\/06\/25\/bolivia-baila-con-el-rey-del-pop-homenajes-a-michael-jackson-este-jueves-1726\/","name":"Bolivia baila con el Rey del Pop! Homenajes a Michael Jackson este jueves (17:26) - El Diario - Bolivia","isPartOf":{"@id":"https:\/\/www.eldiario.net\/portal\/#website"},"primaryImageOfPage":{"@id":"https:\/\/www.eldiario.net\/portal\/2026\/06\/25\/bolivia-baila-con-el-rey-del-pop-homenajes-a-michael-jackson-este-jueves-1726\/#primaryimage"},"image":{"@id":"https:\/\/www.eldiario.net\/portal\/2026\/06\/25\/bolivia-baila-con-el-rey-del-pop-homenajes-a-michael-jackson-este-jueves-1726\/#primaryimage"},"thumbnailUrl":"https:\/\/www.eldiario.net\/portal\/wp-content\/uploads\/2026\/06\/111-25.06-copia.webp","datePublished":"2026-06-25T21:28:25+00:00","breadcrumb":{"@id":"https:\/\/www.eldiario.net\/portal\/2026\/06\/25\/bolivia-baila-con-el-rey-del-pop-homenajes-a-michael-jackson-este-jueves-1726\/#breadcrumb"},"inLanguage":"es","potentialAction":[{"@type":"ReadAction","target":["https:\/\/www.eldiario.net\/portal\/2026\/06\/25\/bolivia-baila-con-el-rey-del-pop-homenajes-a-michael-jackson-este-jueves-1726\/"]}]},{"@type":"ImageObject","inLanguage":"es","@id":"https:\/\/www.eldiario.net\/portal\/2026\/06\/25\/bolivia-baila-con-el-rey-del-pop-homenajes-a-michael-jackson-este-jueves-1726\/#primaryimage","url":"https:\/\/www.eldiario.net\/portal\/wp-content\/uploads\/2026\/06\/111-25.06-copia.webp","contentUrl":"https:\/\/www.eldiario.net\/portal\/wp-content\/uploads\/2026\/06\/111-25.06-copia.webp","width":520,"height":521},{"@type":"BreadcrumbList","@id":"https:\/\/www.eldiario.net\/portal\/2026\/06\/25\/bolivia-baila-con-el-rey-del-pop-homenajes-a-michael-jackson-este-jueves-1726\/#breadcrumb","itemListElement":[{"@type":"ListItem","position":1,"name":"Portada","item":"https:\/\/www.eldiario.net\/portal\/"},{"@type":"ListItem","position":2,"name":"Bolivia baila con el Rey del Pop! Homenajes a Michael Jackson este jueves (17:26)"}]},{"@type":"WebSite","@id":"https:\/\/www.eldiario.net\/portal\/#website","url":"https:\/\/www.eldiario.net\/portal\/","name":"El Diario - Decano de la prensa nacional","description":"El Diario - Decano de la prensa nacional","publisher":{"@id":"https:\/\/www.eldiario.net\/portal\/#organization"},"potentialAction":[{"@type":"SearchAction","target":{"@type":"EntryPoint","urlTemplate":"https:\/\/www.eldiario.net\/portal\/?s={search_term_string}"},"query-input":{"@type":"PropertyValueSpecification","valueRequired":true,"valueName":"search_term_string"}}],"inLanguage":"es"},{"@type":"Organization","@id":"https:\/\/www.eldiario.net\/portal\/#organization","name":"El Diario - Decano de la prensa nacional","url":"https:\/\/www.eldiario.net\/portal\/","logo":{"@type":"ImageObject","inLanguage":"es","@id":"https:\/\/www.eldiario.net\/portal\/#\/schema\/logo\/image\/","url":"https:\/\/www.eldiario.net\/portal\/wp-content\/uploads\/2023\/07\/logo_ED.jpg","contentUrl":"https:\/\/www.eldiario.net\/portal\/wp-content\/uploads\/2023\/07\/logo_ED.jpg","width":272,"height":52,"caption":"El Diario - Decano de la prensa nacional"},"image":{"@id":"https:\/\/www.eldiario.net\/portal\/#\/schema\/logo\/image\/"},"sameAs":["https:\/\/www.facebook.com\/eldiario.bolivia\/","https:\/\/x.com\/eldiario_net"]},{"@type":"Person","@id":"https:\/\/www.eldiario.net\/portal\/#\/schema\/person\/ba370d92d160f4d3574381f6d9b78fab","name":"Viviana Monrroy","image":{"@type":"ImageObject","inLanguage":"es","@id":"https:\/\/secure.gravatar.com\/avatar\/dfd1611ed5600959a0e5a9754503b6c05d1dcf190010998e0363aee2ad98afca?s=96&d=mm&r=g","url":"https:\/\/secure.gravatar.com\/avatar\/dfd1611ed5600959a0e5a9754503b6c05d1dcf190010998e0363aee2ad98afca?s=96&d=mm&r=g","contentUrl":"https:\/\/secure.gravatar.com\/avatar\/dfd1611ed5600959a0e5a9754503b6c05d1dcf190010998e0363aee2ad98afca?s=96&d=mm&r=g","caption":"Viviana Monrroy"},"sameAs":["http:\/\/www.eldiario.net"],"url":"https:\/\/www.eldiario.net\/portal\/author\/vivianamonrroy\/"}]}},"_links":{"self":[{"href":"https:\/\/www.eldiario.net\/portal\/wp-json\/wp\/v2\/posts\/407014","targetHints":{"allow":["GET"]}}],"collection":[{"href":"https:\/\/www.eldiario.net\/portal\/wp-json\/wp\/v2\/posts"}],"about":[{"href":"https:\/\/www.eldiario.net\/portal\/wp-json\/wp\/v2\/types\/post"}],"author":[{"embeddable":true,"href":"https:\/\/www.eldiario.net\/portal\/wp-json\/wp\/v2\/users\/7"}],"replies":[{"embeddable":true,"href":"https:\/\/www.eldiario.net\/portal\/wp-json\/wp\/v2\/comments?post=407014"}],"version-history":[{"count":1,"href":"https:\/\/www.eldiario.net\/portal\/wp-json\/wp\/v2\/posts\/407014\/revisions"}],"predecessor-version":[{"id":407016,"href":"https:\/\/www.eldiario.net\/portal\/wp-json\/wp\/v2\/posts\/407014\/revisions\/407016"}],"wp:featuredmedia":[{"embeddable":true,"href":"https:\/\/www.eldiario.net\/portal\/wp-json\/wp\/v2\/media\/407015"}],"wp:attachment":[{"href":"https:\/\/www.eldiario.net\/portal\/wp-json\/wp\/v2\/media?parent=407014"}],"wp:term":[{"taxonomy":"category","embeddable":true,"href":"https:\/\/www.eldiario.net\/portal\/wp-json\/wp\/v2\/categories?post=407014"},{"taxonomy":"post_tag","embeddable":true,"href":"https:\/\/www.eldiario.net\/portal\/wp-json\/wp\/v2\/tags?post=407014"}],"curies":[{"name":"wp","href":"https:\/\/api.w.org\/{rel}","templated":true}]}}