{"id":407010,"date":"2026-06-25T17:22:47","date_gmt":"2026-06-25T21:22:47","guid":{"rendered":"https:\/\/www.eldiario.net\/portal\/?p=407010"},"modified":"2026-06-25T17:22:47","modified_gmt":"2026-06-25T21:22:47","slug":"cocaleros-expulsan-a-umopar-y-reactivan-el-bloqueo-en-el-reten-de-el-castillo","status":"publish","type":"post","link":"https:\/\/www.eldiario.net\/portal\/2026\/06\/25\/cocaleros-expulsan-a-umopar-y-reactivan-el-bloqueo-en-el-reten-de-el-castillo\/","title":{"rendered":"Cocaleros expulsan a Umopar y reactivan el bloqueo en el ret\u00e9n de El Castillo"},"content":{"rendered":"<p>Luego de 50 d\u00edas de bloqueos que paralizaron al pa\u00eds, la tensi\u00f3n se reactiv\u00f3 en el Tr\u00f3pico de Cochabamba.<\/p>\n<p>Cocaleros evistas expulsaron a las fuerzas de Umopar y volvieron a apoderarse del ret\u00e9n de El Castillo, instalando inmediatamente un bloqueo que impide el paso de veh\u00edculos y personas en este punto fundamental.<\/p>\n<p>El conflicto estall\u00f3 pocas horas despu\u00e9s de que los uniformados regresaran al puesto de control antidrogas debido a m\u00e1s de un mes de ausencia.<\/p>\n<p>La presencia policial provoc\u00f3 la reacci\u00f3n inmediata de los sectores movilizados, quienes cercaron el lugar detonando petardos y forzaron el repliegue de los efectivos hacia Chimor\u00e9 para evitar un enfrentamiento, consolidando el cierre de esta ruta importante.<\/p>\n","protected":false},"excerpt":{"rendered":"<p>Luego de 50 d\u00edas de bloqueos que paralizaron al pa\u00eds, la tensi\u00f3n se reactiv\u00f3 en el Tr\u00f3pico de Cochabamba. Cocaleros evistas expulsaron a las fuerzas de Umopar y volvieron a apoderarse del ret\u00e9n de El Castillo, instalando inmediatamente un bloqueo que impide el paso de veh\u00edculos y personas en este punto fundamental. El conflicto estall\u00f3 [&hellip;]<\/p>\n","protected":false},"author":7,"featured_media":407011,"comment_status":"closed","ping_status":"open","sticky":false,"template":"","format":"standard","meta":{"_acf_changed":false,"footnotes":""},"categories":[51],"tags":[],"class_list":["post-407010","post","type-post","status-publish","format-standard","has-post-thumbnail","category-ultima-hora"],"acf":{"antetitulo":""},"yoast_head":"<!-- This site is optimized with the Yoast SEO plugin v28.3 - https:\/\/yoast.com\/product\/yoast-seo-wordpress\/ -->\n<title>Cocaleros expulsan a Umopar y reactivan el bloqueo en el ret\u00e9n de El Castillo - El Diario - Bolivia<\/title>\n<meta name=\"robots\" content=\"index, follow, max-snippet:-1, max-image-preview:large, max-video-preview:-1\" \/>\n<link rel=\"canonical\" href=\"https:\/\/www.eldiario.net\/portal\/2026\/06\/25\/cocaleros-expulsan-a-umopar-y-reactivan-el-bloqueo-en-el-reten-de-el-castillo\/\" \/>\n<meta property=\"og:locale\" content=\"es_ES\" \/>\n<meta property=\"og:type\" content=\"article\" \/>\n<meta property=\"og:title\" content=\"Cocaleros expulsan a Umopar y reactivan el bloqueo en el ret\u00e9n de El Castillo - El Diario - Bolivia\" \/>\n<meta property=\"og:description\" content=\"Luego de 50 d\u00edas de bloqueos que paralizaron al pa\u00eds, la tensi\u00f3n se reactiv\u00f3 en el Tr\u00f3pico de Cochabamba. Cocaleros evistas expulsaron a las fuerzas de Umopar y volvieron a apoderarse del ret\u00e9n de El Castillo, instalando inmediatamente un bloqueo que impide el paso de veh\u00edculos y personas en este punto fundamental. El conflicto estall\u00f3 [&hellip;]\" \/>\n<meta property=\"og:url\" content=\"https:\/\/www.eldiario.net\/portal\/2026\/06\/25\/cocaleros-expulsan-a-umopar-y-reactivan-el-bloqueo-en-el-reten-de-el-castillo\/\" \/>\n<meta property=\"og:site_name\" content=\"El Diario - Bolivia\" \/>\n<meta property=\"article:publisher\" content=\"https:\/\/www.facebook.com\/eldiario.bolivia\/\" \/>\n<meta property=\"article:published_time\" content=\"2026-06-25T21:22:47+00:00\" \/>\n<meta property=\"og:image\" content=\"https:\/\/www.eldiario.net\/portal\/wp-content\/uploads\/2026\/06\/cocaleros-25.06.26-copia.webp\" \/>\n\t<meta property=\"og:image:width\" content=\"520\" \/>\n\t<meta property=\"og:image:height\" content=\"419\" \/>\n\t<meta property=\"og:image:type\" content=\"image\/webp\" \/>\n<meta name=\"author\" content=\"Viviana Monrroy\" \/>\n<meta name=\"twitter:card\" content=\"summary_large_image\" \/>\n<meta name=\"twitter:creator\" content=\"@eldiario_net\" \/>\n<meta name=\"twitter:site\" content=\"@eldiario_net\" \/>\n<meta name=\"twitter:label1\" content=\"Escrito por\" \/>\n\t<meta name=\"twitter:data1\" content=\"Viviana Monrroy\" \/>\n\t<meta name=\"twitter:label2\" content=\"Tiempo de lectura\" \/>\n\t<meta name=\"twitter:data2\" content=\"1 minuto\" \/>\n<script type=\"application\/ld+json\" class=\"yoast-schema-graph\">{\"@context\":\"https:\\\/\\\/schema.org\",\"@graph\":[{\"@type\":\"Article\",\"@id\":\"https:\\\/\\\/www.eldiario.net\\\/portal\\\/2026\\\/06\\\/25\\\/cocaleros-expulsan-a-umopar-y-reactivan-el-bloqueo-en-el-reten-de-el-castillo\\\/#article\",\"isPartOf\":{\"@id\":\"https:\\\/\\\/www.eldiario.net\\\/portal\\\/2026\\\/06\\\/25\\\/cocaleros-expulsan-a-umopar-y-reactivan-el-bloqueo-en-el-reten-de-el-castillo\\\/\"},\"author\":{\"name\":\"Viviana Monrroy\",\"@id\":\"https:\\\/\\\/www.eldiario.net\\\/portal\\\/#\\\/schema\\\/person\\\/ba370d92d160f4d3574381f6d9b78fab\"},\"headline\":\"Cocaleros expulsan a Umopar y reactivan el bloqueo en el ret\u00e9n de El Castillo\",\"datePublished\":\"2026-06-25T21:22:47+00:00\",\"mainEntityOfPage\":{\"@id\":\"https:\\\/\\\/www.eldiario.net\\\/portal\\\/2026\\\/06\\\/25\\\/cocaleros-expulsan-a-umopar-y-reactivan-el-bloqueo-en-el-reten-de-el-castillo\\\/\"},\"wordCount\":136,\"publisher\":{\"@id\":\"https:\\\/\\\/www.eldiario.net\\\/portal\\\/#organization\"},\"image\":{\"@id\":\"https:\\\/\\\/www.eldiario.net\\\/portal\\\/2026\\\/06\\\/25\\\/cocaleros-expulsan-a-umopar-y-reactivan-el-bloqueo-en-el-reten-de-el-castillo\\\/#primaryimage\"},\"thumbnailUrl\":\"https:\\\/\\\/www.eldiario.net\\\/portal\\\/wp-content\\\/uploads\\\/2026\\\/06\\\/cocaleros-25.06.26-copia.webp\",\"articleSection\":[\"\u00daltima Hora\"],\"inLanguage\":\"es\"},{\"@type\":\"WebPage\",\"@id\":\"https:\\\/\\\/www.eldiario.net\\\/portal\\\/2026\\\/06\\\/25\\\/cocaleros-expulsan-a-umopar-y-reactivan-el-bloqueo-en-el-reten-de-el-castillo\\\/\",\"url\":\"https:\\\/\\\/www.eldiario.net\\\/portal\\\/2026\\\/06\\\/25\\\/cocaleros-expulsan-a-umopar-y-reactivan-el-bloqueo-en-el-reten-de-el-castillo\\\/\",\"name\":\"Cocaleros expulsan a Umopar y reactivan el bloqueo en el ret\u00e9n de El Castillo - El Diario - Bolivia\",\"isPartOf\":{\"@id\":\"https:\\\/\\\/www.eldiario.net\\\/portal\\\/#website\"},\"primaryImageOfPage\":{\"@id\":\"https:\\\/\\\/www.eldiario.net\\\/portal\\\/2026\\\/06\\\/25\\\/cocaleros-expulsan-a-umopar-y-reactivan-el-bloqueo-en-el-reten-de-el-castillo\\\/#primaryimage\"},\"image\":{\"@id\":\"https:\\\/\\\/www.eldiario.net\\\/portal\\\/2026\\\/06\\\/25\\\/cocaleros-expulsan-a-umopar-y-reactivan-el-bloqueo-en-el-reten-de-el-castillo\\\/#primaryimage\"},\"thumbnailUrl\":\"https:\\\/\\\/www.eldiario.net\\\/portal\\\/wp-content\\\/uploads\\\/2026\\\/06\\\/cocaleros-25.06.26-copia.webp\",\"datePublished\":\"2026-06-25T21:22:47+00:00\",\"breadcrumb\":{\"@id\":\"https:\\\/\\\/www.eldiario.net\\\/portal\\\/2026\\\/06\\\/25\\\/cocaleros-expulsan-a-umopar-y-reactivan-el-bloqueo-en-el-reten-de-el-castillo\\\/#breadcrumb\"},\"inLanguage\":\"es\",\"potentialAction\":[{\"@type\":\"ReadAction\",\"target\":[\"https:\\\/\\\/www.eldiario.net\\\/portal\\\/2026\\\/06\\\/25\\\/cocaleros-expulsan-a-umopar-y-reactivan-el-bloqueo-en-el-reten-de-el-castillo\\\/\"]}]},{\"@type\":\"ImageObject\",\"inLanguage\":\"es\",\"@id\":\"https:\\\/\\\/www.eldiario.net\\\/portal\\\/2026\\\/06\\\/25\\\/cocaleros-expulsan-a-umopar-y-reactivan-el-bloqueo-en-el-reten-de-el-castillo\\\/#primaryimage\",\"url\":\"https:\\\/\\\/www.eldiario.net\\\/portal\\\/wp-content\\\/uploads\\\/2026\\\/06\\\/cocaleros-25.06.26-copia.webp\",\"contentUrl\":\"https:\\\/\\\/www.eldiario.net\\\/portal\\\/wp-content\\\/uploads\\\/2026\\\/06\\\/cocaleros-25.06.26-copia.webp\",\"width\":520,\"height\":419,\"caption\":\"Foto: RR.SS.\"},{\"@type\":\"BreadcrumbList\",\"@id\":\"https:\\\/\\\/www.eldiario.net\\\/portal\\\/2026\\\/06\\\/25\\\/cocaleros-expulsan-a-umopar-y-reactivan-el-bloqueo-en-el-reten-de-el-castillo\\\/#breadcrumb\",\"itemListElement\":[{\"@type\":\"ListItem\",\"position\":1,\"name\":\"Portada\",\"item\":\"https:\\\/\\\/www.eldiario.net\\\/portal\\\/\"},{\"@type\":\"ListItem\",\"position\":2,\"name\":\"Cocaleros expulsan a Umopar y reactivan el bloqueo en el ret\u00e9n de El Castillo\"}]},{\"@type\":\"WebSite\",\"@id\":\"https:\\\/\\\/www.eldiario.net\\\/portal\\\/#website\",\"url\":\"https:\\\/\\\/www.eldiario.net\\\/portal\\\/\",\"name\":\"El Diario - Decano de la prensa nacional\",\"description\":\"El Diario - Decano de la prensa nacional\",\"publisher\":{\"@id\":\"https:\\\/\\\/www.eldiario.net\\\/portal\\\/#organization\"},\"potentialAction\":[{\"@type\":\"SearchAction\",\"target\":{\"@type\":\"EntryPoint\",\"urlTemplate\":\"https:\\\/\\\/www.eldiario.net\\\/portal\\\/?s={search_term_string}\"},\"query-input\":{\"@type\":\"PropertyValueSpecification\",\"valueRequired\":true,\"valueName\":\"search_term_string\"}}],\"inLanguage\":\"es\"},{\"@type\":\"Organization\",\"@id\":\"https:\\\/\\\/www.eldiario.net\\\/portal\\\/#organization\",\"name\":\"El Diario - Decano de la prensa nacional\",\"url\":\"https:\\\/\\\/www.eldiario.net\\\/portal\\\/\",\"logo\":{\"@type\":\"ImageObject\",\"inLanguage\":\"es\",\"@id\":\"https:\\\/\\\/www.eldiario.net\\\/portal\\\/#\\\/schema\\\/logo\\\/image\\\/\",\"url\":\"https:\\\/\\\/www.eldiario.net\\\/portal\\\/wp-content\\\/uploads\\\/2023\\\/07\\\/logo_ED.jpg\",\"contentUrl\":\"https:\\\/\\\/www.eldiario.net\\\/portal\\\/wp-content\\\/uploads\\\/2023\\\/07\\\/logo_ED.jpg\",\"width\":272,\"height\":52,\"caption\":\"El Diario - Decano de la prensa nacional\"},\"image\":{\"@id\":\"https:\\\/\\\/www.eldiario.net\\\/portal\\\/#\\\/schema\\\/logo\\\/image\\\/\"},\"sameAs\":[\"https:\\\/\\\/www.facebook.com\\\/eldiario.bolivia\\\/\",\"https:\\\/\\\/x.com\\\/eldiario_net\"]},{\"@type\":\"Person\",\"@id\":\"https:\\\/\\\/www.eldiario.net\\\/portal\\\/#\\\/schema\\\/person\\\/ba370d92d160f4d3574381f6d9b78fab\",\"name\":\"Viviana Monrroy\",\"image\":{\"@type\":\"ImageObject\",\"inLanguage\":\"es\",\"@id\":\"https:\\\/\\\/secure.gravatar.com\\\/avatar\\\/dfd1611ed5600959a0e5a9754503b6c05d1dcf190010998e0363aee2ad98afca?s=96&d=mm&r=g\",\"url\":\"https:\\\/\\\/secure.gravatar.com\\\/avatar\\\/dfd1611ed5600959a0e5a9754503b6c05d1dcf190010998e0363aee2ad98afca?s=96&d=mm&r=g\",\"contentUrl\":\"https:\\\/\\\/secure.gravatar.com\\\/avatar\\\/dfd1611ed5600959a0e5a9754503b6c05d1dcf190010998e0363aee2ad98afca?s=96&d=mm&r=g\",\"caption\":\"Viviana Monrroy\"},\"sameAs\":[\"http:\\\/\\\/www.eldiario.net\"],\"url\":\"https:\\\/\\\/www.eldiario.net\\\/portal\\\/author\\\/vivianamonrroy\\\/\"}]}<\/script>\n<!-- \/ Yoast SEO plugin. -->","yoast_head_json":{"title":"Cocaleros expulsan a Umopar y reactivan el bloqueo en el ret\u00e9n de El Castillo - El Diario - Bolivia","robots":{"index":"index","follow":"follow","max-snippet":"max-snippet:-1","max-image-preview":"max-image-preview:large","max-video-preview":"max-video-preview:-1"},"canonical":"https:\/\/www.eldiario.net\/portal\/2026\/06\/25\/cocaleros-expulsan-a-umopar-y-reactivan-el-bloqueo-en-el-reten-de-el-castillo\/","og_locale":"es_ES","og_type":"article","og_title":"Cocaleros expulsan a Umopar y reactivan el bloqueo en el ret\u00e9n de El Castillo - El Diario - Bolivia","og_description":"Luego de 50 d\u00edas de bloqueos que paralizaron al pa\u00eds, la tensi\u00f3n se reactiv\u00f3 en el Tr\u00f3pico de Cochabamba. Cocaleros evistas expulsaron a las fuerzas de Umopar y volvieron a apoderarse del ret\u00e9n de El Castillo, instalando inmediatamente un bloqueo que impide el paso de veh\u00edculos y personas en este punto fundamental. El conflicto estall\u00f3 [&hellip;]","og_url":"https:\/\/www.eldiario.net\/portal\/2026\/06\/25\/cocaleros-expulsan-a-umopar-y-reactivan-el-bloqueo-en-el-reten-de-el-castillo\/","og_site_name":"El Diario - Bolivia","article_publisher":"https:\/\/www.facebook.com\/eldiario.bolivia\/","article_published_time":"2026-06-25T21:22:47+00:00","og_image":[{"width":520,"height":419,"url":"https:\/\/www.eldiario.net\/portal\/wp-content\/uploads\/2026\/06\/cocaleros-25.06.26-copia.webp","type":"image\/webp"}],"author":"Viviana Monrroy","twitter_card":"summary_large_image","twitter_creator":"@eldiario_net","twitter_site":"@eldiario_net","twitter_misc":{"Escrito por":"Viviana Monrroy","Tiempo de lectura":"1 minuto"},"schema":{"@context":"https:\/\/schema.org","@graph":[{"@type":"Article","@id":"https:\/\/www.eldiario.net\/portal\/2026\/06\/25\/cocaleros-expulsan-a-umopar-y-reactivan-el-bloqueo-en-el-reten-de-el-castillo\/#article","isPartOf":{"@id":"https:\/\/www.eldiario.net\/portal\/2026\/06\/25\/cocaleros-expulsan-a-umopar-y-reactivan-el-bloqueo-en-el-reten-de-el-castillo\/"},"author":{"name":"Viviana Monrroy","@id":"https:\/\/www.eldiario.net\/portal\/#\/schema\/person\/ba370d92d160f4d3574381f6d9b78fab"},"headline":"Cocaleros expulsan a Umopar y reactivan el bloqueo en el ret\u00e9n de El Castillo","datePublished":"2026-06-25T21:22:47+00:00","mainEntityOfPage":{"@id":"https:\/\/www.eldiario.net\/portal\/2026\/06\/25\/cocaleros-expulsan-a-umopar-y-reactivan-el-bloqueo-en-el-reten-de-el-castillo\/"},"wordCount":136,"publisher":{"@id":"https:\/\/www.eldiario.net\/portal\/#organization"},"image":{"@id":"https:\/\/www.eldiario.net\/portal\/2026\/06\/25\/cocaleros-expulsan-a-umopar-y-reactivan-el-bloqueo-en-el-reten-de-el-castillo\/#primaryimage"},"thumbnailUrl":"https:\/\/www.eldiario.net\/portal\/wp-content\/uploads\/2026\/06\/cocaleros-25.06.26-copia.webp","articleSection":["\u00daltima Hora"],"inLanguage":"es"},{"@type":"WebPage","@id":"https:\/\/www.eldiario.net\/portal\/2026\/06\/25\/cocaleros-expulsan-a-umopar-y-reactivan-el-bloqueo-en-el-reten-de-el-castillo\/","url":"https:\/\/www.eldiario.net\/portal\/2026\/06\/25\/cocaleros-expulsan-a-umopar-y-reactivan-el-bloqueo-en-el-reten-de-el-castillo\/","name":"Cocaleros expulsan a Umopar y reactivan el bloqueo en el ret\u00e9n de El Castillo - El Diario - Bolivia","isPartOf":{"@id":"https:\/\/www.eldiario.net\/portal\/#website"},"primaryImageOfPage":{"@id":"https:\/\/www.eldiario.net\/portal\/2026\/06\/25\/cocaleros-expulsan-a-umopar-y-reactivan-el-bloqueo-en-el-reten-de-el-castillo\/#primaryimage"},"image":{"@id":"https:\/\/www.eldiario.net\/portal\/2026\/06\/25\/cocaleros-expulsan-a-umopar-y-reactivan-el-bloqueo-en-el-reten-de-el-castillo\/#primaryimage"},"thumbnailUrl":"https:\/\/www.eldiario.net\/portal\/wp-content\/uploads\/2026\/06\/cocaleros-25.06.26-copia.webp","datePublished":"2026-06-25T21:22:47+00:00","breadcrumb":{"@id":"https:\/\/www.eldiario.net\/portal\/2026\/06\/25\/cocaleros-expulsan-a-umopar-y-reactivan-el-bloqueo-en-el-reten-de-el-castillo\/#breadcrumb"},"inLanguage":"es","potentialAction":[{"@type":"ReadAction","target":["https:\/\/www.eldiario.net\/portal\/2026\/06\/25\/cocaleros-expulsan-a-umopar-y-reactivan-el-bloqueo-en-el-reten-de-el-castillo\/"]}]},{"@type":"ImageObject","inLanguage":"es","@id":"https:\/\/www.eldiario.net\/portal\/2026\/06\/25\/cocaleros-expulsan-a-umopar-y-reactivan-el-bloqueo-en-el-reten-de-el-castillo\/#primaryimage","url":"https:\/\/www.eldiario.net\/portal\/wp-content\/uploads\/2026\/06\/cocaleros-25.06.26-copia.webp","contentUrl":"https:\/\/www.eldiario.net\/portal\/wp-content\/uploads\/2026\/06\/cocaleros-25.06.26-copia.webp","width":520,"height":419,"caption":"Foto: RR.SS."},{"@type":"BreadcrumbList","@id":"https:\/\/www.eldiario.net\/portal\/2026\/06\/25\/cocaleros-expulsan-a-umopar-y-reactivan-el-bloqueo-en-el-reten-de-el-castillo\/#breadcrumb","itemListElement":[{"@type":"ListItem","position":1,"name":"Portada","item":"https:\/\/www.eldiario.net\/portal\/"},{"@type":"ListItem","position":2,"name":"Cocaleros expulsan a Umopar y reactivan el bloqueo en el ret\u00e9n de El Castillo"}]},{"@type":"WebSite","@id":"https:\/\/www.eldiario.net\/portal\/#website","url":"https:\/\/www.eldiario.net\/portal\/","name":"El Diario - Decano de la prensa nacional","description":"El Diario - Decano de la prensa nacional","publisher":{"@id":"https:\/\/www.eldiario.net\/portal\/#organization"},"potentialAction":[{"@type":"SearchAction","target":{"@type":"EntryPoint","urlTemplate":"https:\/\/www.eldiario.net\/portal\/?s={search_term_string}"},"query-input":{"@type":"PropertyValueSpecification","valueRequired":true,"valueName":"search_term_string"}}],"inLanguage":"es"},{"@type":"Organization","@id":"https:\/\/www.eldiario.net\/portal\/#organization","name":"El Diario - Decano de la prensa nacional","url":"https:\/\/www.eldiario.net\/portal\/","logo":{"@type":"ImageObject","inLanguage":"es","@id":"https:\/\/www.eldiario.net\/portal\/#\/schema\/logo\/image\/","url":"https:\/\/www.eldiario.net\/portal\/wp-content\/uploads\/2023\/07\/logo_ED.jpg","contentUrl":"https:\/\/www.eldiario.net\/portal\/wp-content\/uploads\/2023\/07\/logo_ED.jpg","width":272,"height":52,"caption":"El Diario - Decano de la prensa nacional"},"image":{"@id":"https:\/\/www.eldiario.net\/portal\/#\/schema\/logo\/image\/"},"sameAs":["https:\/\/www.facebook.com\/eldiario.bolivia\/","https:\/\/x.com\/eldiario_net"]},{"@type":"Person","@id":"https:\/\/www.eldiario.net\/portal\/#\/schema\/person\/ba370d92d160f4d3574381f6d9b78fab","name":"Viviana Monrroy","image":{"@type":"ImageObject","inLanguage":"es","@id":"https:\/\/secure.gravatar.com\/avatar\/dfd1611ed5600959a0e5a9754503b6c05d1dcf190010998e0363aee2ad98afca?s=96&d=mm&r=g","url":"https:\/\/secure.gravatar.com\/avatar\/dfd1611ed5600959a0e5a9754503b6c05d1dcf190010998e0363aee2ad98afca?s=96&d=mm&r=g","contentUrl":"https:\/\/secure.gravatar.com\/avatar\/dfd1611ed5600959a0e5a9754503b6c05d1dcf190010998e0363aee2ad98afca?s=96&d=mm&r=g","caption":"Viviana Monrroy"},"sameAs":["http:\/\/www.eldiario.net"],"url":"https:\/\/www.eldiario.net\/portal\/author\/vivianamonrroy\/"}]}},"_links":{"self":[{"href":"https:\/\/www.eldiario.net\/portal\/wp-json\/wp\/v2\/posts\/407010","targetHints":{"allow":["GET"]}}],"collection":[{"href":"https:\/\/www.eldiario.net\/portal\/wp-json\/wp\/v2\/posts"}],"about":[{"href":"https:\/\/www.eldiario.net\/portal\/wp-json\/wp\/v2\/types\/post"}],"author":[{"embeddable":true,"href":"https:\/\/www.eldiario.net\/portal\/wp-json\/wp\/v2\/users\/7"}],"replies":[{"embeddable":true,"href":"https:\/\/www.eldiario.net\/portal\/wp-json\/wp\/v2\/comments?post=407010"}],"version-history":[{"count":1,"href":"https:\/\/www.eldiario.net\/portal\/wp-json\/wp\/v2\/posts\/407010\/revisions"}],"predecessor-version":[{"id":407012,"href":"https:\/\/www.eldiario.net\/portal\/wp-json\/wp\/v2\/posts\/407010\/revisions\/407012"}],"wp:featuredmedia":[{"embeddable":true,"href":"https:\/\/www.eldiario.net\/portal\/wp-json\/wp\/v2\/media\/407011"}],"wp:attachment":[{"href":"https:\/\/www.eldiario.net\/portal\/wp-json\/wp\/v2\/media?parent=407010"}],"wp:term":[{"taxonomy":"category","embeddable":true,"href":"https:\/\/www.eldiario.net\/portal\/wp-json\/wp\/v2\/categories?post=407010"},{"taxonomy":"post_tag","embeddable":true,"href":"https:\/\/www.eldiario.net\/portal\/wp-json\/wp\/v2\/tags?post=407010"}],"curies":[{"name":"wp","href":"https:\/\/api.w.org\/{rel}","templated":true}]}}