{"id":406924,"date":"2026-06-25T09:29:37","date_gmt":"2026-06-25T13:29:37","guid":{"rendered":"https:\/\/www.eldiario.net\/portal\/?p=406924"},"modified":"2026-06-25T09:36:49","modified_gmt":"2026-06-25T13:36:49","slug":"impuestos-nacionales-entra-en-vigencia-la-condonacion-y-regularizacion-de-deudas-impositivas-0926","status":"publish","type":"post","link":"https:\/\/www.eldiario.net\/portal\/2026\/06\/25\/impuestos-nacionales-entra-en-vigencia-la-condonacion-y-regularizacion-de-deudas-impositivas-0926\/","title":{"rendered":"Impuestos Nacionales: Entra en vigencia la condonaci\u00f3n y regularizaci\u00f3n de deudas impositivas (09:26)"},"content":{"rendered":"<p>Este jueves entra en vigencia el programa de alivio tributario dispuesto por la Ley 1733, dise\u00f1ado para que cerca de 425 mil contribuyentes regularicen o extingan sus deudas con el Servicio de Impuestos Nacionales (SIN).<\/p>\n<p>La normativa establece un plazo de 120 d\u00edas para acogerse a los beneficios y contempla el levantamiento progresivo de retenciones de cuentas bancarias y anotaciones de bienes en coordinaci\u00f3n con la ASFI.<\/p>\n<p data-path-to-node=\"2\"><strong data-path-to-node=\"2\" data-index-in-node=\"0\">Las Dos Modalidades para Acceder:<\/strong><\/p>\n<ul>\n<li data-path-to-node=\"3,0,0\"><strong data-path-to-node=\"3,0,0\" data-index-in-node=\"0\">Condonaci\u00f3n (Eliminaci\u00f3n total de la deuda, intereses y multas):<\/strong>\n<ul>\n<li data-path-to-node=\"3,0,1,0,0\">Aplica a deudas anteriores a enero de 2018 (menores a Bs 10 millones).<\/li>\n<li data-path-to-node=\"3,0,1,1,0\">Incluye todas las deudas de la gesti\u00f3n 2020, sin l\u00edmite de monto.<\/li>\n<li data-path-to-node=\"3,0,1,2,0\">El proceso ser\u00e1 mayormente autom\u00e1tico a trav\u00e9s de la Oficina Virtual Tributaria, abarcando incluso casos en ejecuci\u00f3n coactiva (siempre que no haya remate).<\/li>\n<\/ul>\n<\/li>\n<li data-path-to-node=\"3,1,0\"><strong data-path-to-node=\"3,1,0\" data-index-in-node=\"0\">Regularizaci\u00f3n (Facilidades de pago):<\/strong>\n<ul>\n<li data-path-to-node=\"3,1,1,0,0\">Aplica a las deudas de las gestiones 2018, 2019, 2021, 2022, 2023, 2024 y 2025 (y deudas pre-2018 mayores a Bs 10 millones).<\/li>\n<li data-path-to-node=\"3,1,1,1,0\">Permite pagos al contado con descuentos o planes de pago de hasta 36 cuotas.<\/li>\n<li data-path-to-node=\"3,1,1,2,0\">Se flexibilizan los requisitos: ahora solo se pide un <strong data-path-to-node=\"3,1,1,2,0\" data-index-in-node=\"54\">5% de pago inicial<\/strong> y <strong data-path-to-node=\"3,1,1,2,0\" data-index-in-node=\"75\">5% de garant\u00eda<\/strong> (frente al 15% y 20% que se exig\u00eda anteriormente).<\/li>\n<\/ul>\n<\/li>\n<\/ul>\n<p>V\u00eda BTV<\/p>\n","protected":false},"excerpt":{"rendered":"<p>Este jueves entra en vigencia el programa de alivio tributario dispuesto por la Ley 1733, dise\u00f1ado para que cerca de 425 mil contribuyentes regularicen o extingan sus deudas con el Servicio de Impuestos Nacionales (SIN). La normativa establece un plazo de 120 d\u00edas para acogerse a los beneficios y contempla el levantamiento progresivo de retenciones [&hellip;]<\/p>\n","protected":false},"author":7,"featured_media":406925,"comment_status":"closed","ping_status":"open","sticky":false,"template":"","format":"standard","meta":{"_acf_changed":false,"footnotes":""},"categories":[51],"tags":[],"class_list":["post-406924","post","type-post","status-publish","format-standard","has-post-thumbnail","category-ultima-hora"],"acf":{"antetitulo":""},"yoast_head":"<!-- This site is optimized with the Yoast SEO plugin v28.3 - https:\/\/yoast.com\/product\/yoast-seo-wordpress\/ -->\n<title>Impuestos Nacionales: Entra en vigencia la condonaci\u00f3n y regularizaci\u00f3n de deudas impositivas (09:26) - El Diario - Bolivia<\/title>\n<meta name=\"robots\" content=\"index, follow, max-snippet:-1, max-image-preview:large, max-video-preview:-1\" \/>\n<link rel=\"canonical\" href=\"https:\/\/www.eldiario.net\/portal\/2026\/06\/25\/impuestos-nacionales-entra-en-vigencia-la-condonacion-y-regularizacion-de-deudas-impositivas-0926\/\" \/>\n<meta property=\"og:locale\" content=\"es_ES\" \/>\n<meta property=\"og:type\" content=\"article\" \/>\n<meta property=\"og:title\" content=\"Impuestos Nacionales: Entra en vigencia la condonaci\u00f3n y regularizaci\u00f3n de deudas impositivas (09:26) - El Diario - Bolivia\" \/>\n<meta property=\"og:description\" content=\"Este jueves entra en vigencia el programa de alivio tributario dispuesto por la Ley 1733, dise\u00f1ado para que cerca de 425 mil contribuyentes regularicen o extingan sus deudas con el Servicio de Impuestos Nacionales (SIN). La normativa establece un plazo de 120 d\u00edas para acogerse a los beneficios y contempla el levantamiento progresivo de retenciones [&hellip;]\" \/>\n<meta property=\"og:url\" content=\"https:\/\/www.eldiario.net\/portal\/2026\/06\/25\/impuestos-nacionales-entra-en-vigencia-la-condonacion-y-regularizacion-de-deudas-impositivas-0926\/\" \/>\n<meta property=\"og:site_name\" content=\"El Diario - Bolivia\" \/>\n<meta property=\"article:publisher\" content=\"https:\/\/www.facebook.com\/eldiario.bolivia\/\" \/>\n<meta property=\"article:published_time\" content=\"2026-06-25T13:29:37+00:00\" \/>\n<meta property=\"article:modified_time\" content=\"2026-06-25T13:36:49+00:00\" \/>\n<meta property=\"og:image\" content=\"https:\/\/www.eldiario.net\/portal\/wp-content\/uploads\/2026\/06\/impuestos-25.06.26-copia.webp\" \/>\n\t<meta property=\"og:image:width\" content=\"520\" \/>\n\t<meta property=\"og:image:height\" content=\"367\" \/>\n\t<meta property=\"og:image:type\" content=\"image\/webp\" \/>\n<meta name=\"author\" content=\"Viviana Monrroy\" \/>\n<meta name=\"twitter:card\" content=\"summary_large_image\" \/>\n<meta name=\"twitter:creator\" content=\"@eldiario_net\" \/>\n<meta name=\"twitter:site\" content=\"@eldiario_net\" \/>\n<meta name=\"twitter:label1\" content=\"Escrito por\" \/>\n\t<meta name=\"twitter:data1\" content=\"Viviana Monrroy\" \/>\n\t<meta name=\"twitter:label2\" content=\"Tiempo de lectura\" \/>\n\t<meta name=\"twitter:data2\" content=\"2 minutos\" \/>\n<script type=\"application\/ld+json\" class=\"yoast-schema-graph\">{\"@context\":\"https:\\\/\\\/schema.org\",\"@graph\":[{\"@type\":\"Article\",\"@id\":\"https:\\\/\\\/www.eldiario.net\\\/portal\\\/2026\\\/06\\\/25\\\/impuestos-nacionales-entra-en-vigencia-la-condonacion-y-regularizacion-de-deudas-impositivas-0926\\\/#article\",\"isPartOf\":{\"@id\":\"https:\\\/\\\/www.eldiario.net\\\/portal\\\/2026\\\/06\\\/25\\\/impuestos-nacionales-entra-en-vigencia-la-condonacion-y-regularizacion-de-deudas-impositivas-0926\\\/\"},\"author\":{\"name\":\"Viviana Monrroy\",\"@id\":\"https:\\\/\\\/www.eldiario.net\\\/portal\\\/#\\\/schema\\\/person\\\/ba370d92d160f4d3574381f6d9b78fab\"},\"headline\":\"Impuestos Nacionales: Entra en vigencia la condonaci\u00f3n y regularizaci\u00f3n de deudas impositivas (09:26)\",\"datePublished\":\"2026-06-25T13:29:37+00:00\",\"dateModified\":\"2026-06-25T13:36:49+00:00\",\"mainEntityOfPage\":{\"@id\":\"https:\\\/\\\/www.eldiario.net\\\/portal\\\/2026\\\/06\\\/25\\\/impuestos-nacionales-entra-en-vigencia-la-condonacion-y-regularizacion-de-deudas-impositivas-0926\\\/\"},\"wordCount\":207,\"publisher\":{\"@id\":\"https:\\\/\\\/www.eldiario.net\\\/portal\\\/#organization\"},\"image\":{\"@id\":\"https:\\\/\\\/www.eldiario.net\\\/portal\\\/2026\\\/06\\\/25\\\/impuestos-nacionales-entra-en-vigencia-la-condonacion-y-regularizacion-de-deudas-impositivas-0926\\\/#primaryimage\"},\"thumbnailUrl\":\"https:\\\/\\\/www.eldiario.net\\\/portal\\\/wp-content\\\/uploads\\\/2026\\\/06\\\/impuestos-25.06.26-copia.webp\",\"articleSection\":[\"\u00daltima Hora\"],\"inLanguage\":\"es\"},{\"@type\":\"WebPage\",\"@id\":\"https:\\\/\\\/www.eldiario.net\\\/portal\\\/2026\\\/06\\\/25\\\/impuestos-nacionales-entra-en-vigencia-la-condonacion-y-regularizacion-de-deudas-impositivas-0926\\\/\",\"url\":\"https:\\\/\\\/www.eldiario.net\\\/portal\\\/2026\\\/06\\\/25\\\/impuestos-nacionales-entra-en-vigencia-la-condonacion-y-regularizacion-de-deudas-impositivas-0926\\\/\",\"name\":\"Impuestos Nacionales: Entra en vigencia la condonaci\u00f3n y regularizaci\u00f3n de deudas impositivas (09:26) - El Diario - Bolivia\",\"isPartOf\":{\"@id\":\"https:\\\/\\\/www.eldiario.net\\\/portal\\\/#website\"},\"primaryImageOfPage\":{\"@id\":\"https:\\\/\\\/www.eldiario.net\\\/portal\\\/2026\\\/06\\\/25\\\/impuestos-nacionales-entra-en-vigencia-la-condonacion-y-regularizacion-de-deudas-impositivas-0926\\\/#primaryimage\"},\"image\":{\"@id\":\"https:\\\/\\\/www.eldiario.net\\\/portal\\\/2026\\\/06\\\/25\\\/impuestos-nacionales-entra-en-vigencia-la-condonacion-y-regularizacion-de-deudas-impositivas-0926\\\/#primaryimage\"},\"thumbnailUrl\":\"https:\\\/\\\/www.eldiario.net\\\/portal\\\/wp-content\\\/uploads\\\/2026\\\/06\\\/impuestos-25.06.26-copia.webp\",\"datePublished\":\"2026-06-25T13:29:37+00:00\",\"dateModified\":\"2026-06-25T13:36:49+00:00\",\"breadcrumb\":{\"@id\":\"https:\\\/\\\/www.eldiario.net\\\/portal\\\/2026\\\/06\\\/25\\\/impuestos-nacionales-entra-en-vigencia-la-condonacion-y-regularizacion-de-deudas-impositivas-0926\\\/#breadcrumb\"},\"inLanguage\":\"es\",\"potentialAction\":[{\"@type\":\"ReadAction\",\"target\":[\"https:\\\/\\\/www.eldiario.net\\\/portal\\\/2026\\\/06\\\/25\\\/impuestos-nacionales-entra-en-vigencia-la-condonacion-y-regularizacion-de-deudas-impositivas-0926\\\/\"]}]},{\"@type\":\"ImageObject\",\"inLanguage\":\"es\",\"@id\":\"https:\\\/\\\/www.eldiario.net\\\/portal\\\/2026\\\/06\\\/25\\\/impuestos-nacionales-entra-en-vigencia-la-condonacion-y-regularizacion-de-deudas-impositivas-0926\\\/#primaryimage\",\"url\":\"https:\\\/\\\/www.eldiario.net\\\/portal\\\/wp-content\\\/uploads\\\/2026\\\/06\\\/impuestos-25.06.26-copia.webp\",\"contentUrl\":\"https:\\\/\\\/www.eldiario.net\\\/portal\\\/wp-content\\\/uploads\\\/2026\\\/06\\\/impuestos-25.06.26-copia.webp\",\"width\":520,\"height\":367},{\"@type\":\"BreadcrumbList\",\"@id\":\"https:\\\/\\\/www.eldiario.net\\\/portal\\\/2026\\\/06\\\/25\\\/impuestos-nacionales-entra-en-vigencia-la-condonacion-y-regularizacion-de-deudas-impositivas-0926\\\/#breadcrumb\",\"itemListElement\":[{\"@type\":\"ListItem\",\"position\":1,\"name\":\"Portada\",\"item\":\"https:\\\/\\\/www.eldiario.net\\\/portal\\\/\"},{\"@type\":\"ListItem\",\"position\":2,\"name\":\"Impuestos Nacionales: Entra en vigencia la condonaci\u00f3n y regularizaci\u00f3n de deudas impositivas (09:26)\"}]},{\"@type\":\"WebSite\",\"@id\":\"https:\\\/\\\/www.eldiario.net\\\/portal\\\/#website\",\"url\":\"https:\\\/\\\/www.eldiario.net\\\/portal\\\/\",\"name\":\"El Diario - Decano de la prensa nacional\",\"description\":\"El Diario - Decano de la prensa nacional\",\"publisher\":{\"@id\":\"https:\\\/\\\/www.eldiario.net\\\/portal\\\/#organization\"},\"potentialAction\":[{\"@type\":\"SearchAction\",\"target\":{\"@type\":\"EntryPoint\",\"urlTemplate\":\"https:\\\/\\\/www.eldiario.net\\\/portal\\\/?s={search_term_string}\"},\"query-input\":{\"@type\":\"PropertyValueSpecification\",\"valueRequired\":true,\"valueName\":\"search_term_string\"}}],\"inLanguage\":\"es\"},{\"@type\":\"Organization\",\"@id\":\"https:\\\/\\\/www.eldiario.net\\\/portal\\\/#organization\",\"name\":\"El Diario - Decano de la prensa nacional\",\"url\":\"https:\\\/\\\/www.eldiario.net\\\/portal\\\/\",\"logo\":{\"@type\":\"ImageObject\",\"inLanguage\":\"es\",\"@id\":\"https:\\\/\\\/www.eldiario.net\\\/portal\\\/#\\\/schema\\\/logo\\\/image\\\/\",\"url\":\"https:\\\/\\\/www.eldiario.net\\\/portal\\\/wp-content\\\/uploads\\\/2023\\\/07\\\/logo_ED.jpg\",\"contentUrl\":\"https:\\\/\\\/www.eldiario.net\\\/portal\\\/wp-content\\\/uploads\\\/2023\\\/07\\\/logo_ED.jpg\",\"width\":272,\"height\":52,\"caption\":\"El Diario - Decano de la prensa nacional\"},\"image\":{\"@id\":\"https:\\\/\\\/www.eldiario.net\\\/portal\\\/#\\\/schema\\\/logo\\\/image\\\/\"},\"sameAs\":[\"https:\\\/\\\/www.facebook.com\\\/eldiario.bolivia\\\/\",\"https:\\\/\\\/x.com\\\/eldiario_net\"]},{\"@type\":\"Person\",\"@id\":\"https:\\\/\\\/www.eldiario.net\\\/portal\\\/#\\\/schema\\\/person\\\/ba370d92d160f4d3574381f6d9b78fab\",\"name\":\"Viviana Monrroy\",\"image\":{\"@type\":\"ImageObject\",\"inLanguage\":\"es\",\"@id\":\"https:\\\/\\\/secure.gravatar.com\\\/avatar\\\/dfd1611ed5600959a0e5a9754503b6c05d1dcf190010998e0363aee2ad98afca?s=96&d=mm&r=g\",\"url\":\"https:\\\/\\\/secure.gravatar.com\\\/avatar\\\/dfd1611ed5600959a0e5a9754503b6c05d1dcf190010998e0363aee2ad98afca?s=96&d=mm&r=g\",\"contentUrl\":\"https:\\\/\\\/secure.gravatar.com\\\/avatar\\\/dfd1611ed5600959a0e5a9754503b6c05d1dcf190010998e0363aee2ad98afca?s=96&d=mm&r=g\",\"caption\":\"Viviana Monrroy\"},\"sameAs\":[\"http:\\\/\\\/www.eldiario.net\"],\"url\":\"https:\\\/\\\/www.eldiario.net\\\/portal\\\/author\\\/vivianamonrroy\\\/\"}]}<\/script>\n<!-- \/ Yoast SEO plugin. -->","yoast_head_json":{"title":"Impuestos Nacionales: Entra en vigencia la condonaci\u00f3n y regularizaci\u00f3n de deudas impositivas (09:26) - El Diario - Bolivia","robots":{"index":"index","follow":"follow","max-snippet":"max-snippet:-1","max-image-preview":"max-image-preview:large","max-video-preview":"max-video-preview:-1"},"canonical":"https:\/\/www.eldiario.net\/portal\/2026\/06\/25\/impuestos-nacionales-entra-en-vigencia-la-condonacion-y-regularizacion-de-deudas-impositivas-0926\/","og_locale":"es_ES","og_type":"article","og_title":"Impuestos Nacionales: Entra en vigencia la condonaci\u00f3n y regularizaci\u00f3n de deudas impositivas (09:26) - El Diario - Bolivia","og_description":"Este jueves entra en vigencia el programa de alivio tributario dispuesto por la Ley 1733, dise\u00f1ado para que cerca de 425 mil contribuyentes regularicen o extingan sus deudas con el Servicio de Impuestos Nacionales (SIN). La normativa establece un plazo de 120 d\u00edas para acogerse a los beneficios y contempla el levantamiento progresivo de retenciones [&hellip;]","og_url":"https:\/\/www.eldiario.net\/portal\/2026\/06\/25\/impuestos-nacionales-entra-en-vigencia-la-condonacion-y-regularizacion-de-deudas-impositivas-0926\/","og_site_name":"El Diario - Bolivia","article_publisher":"https:\/\/www.facebook.com\/eldiario.bolivia\/","article_published_time":"2026-06-25T13:29:37+00:00","article_modified_time":"2026-06-25T13:36:49+00:00","og_image":[{"width":520,"height":367,"url":"https:\/\/www.eldiario.net\/portal\/wp-content\/uploads\/2026\/06\/impuestos-25.06.26-copia.webp","type":"image\/webp"}],"author":"Viviana Monrroy","twitter_card":"summary_large_image","twitter_creator":"@eldiario_net","twitter_site":"@eldiario_net","twitter_misc":{"Escrito por":"Viviana Monrroy","Tiempo de lectura":"2 minutos"},"schema":{"@context":"https:\/\/schema.org","@graph":[{"@type":"Article","@id":"https:\/\/www.eldiario.net\/portal\/2026\/06\/25\/impuestos-nacionales-entra-en-vigencia-la-condonacion-y-regularizacion-de-deudas-impositivas-0926\/#article","isPartOf":{"@id":"https:\/\/www.eldiario.net\/portal\/2026\/06\/25\/impuestos-nacionales-entra-en-vigencia-la-condonacion-y-regularizacion-de-deudas-impositivas-0926\/"},"author":{"name":"Viviana Monrroy","@id":"https:\/\/www.eldiario.net\/portal\/#\/schema\/person\/ba370d92d160f4d3574381f6d9b78fab"},"headline":"Impuestos Nacionales: Entra en vigencia la condonaci\u00f3n y regularizaci\u00f3n de deudas impositivas (09:26)","datePublished":"2026-06-25T13:29:37+00:00","dateModified":"2026-06-25T13:36:49+00:00","mainEntityOfPage":{"@id":"https:\/\/www.eldiario.net\/portal\/2026\/06\/25\/impuestos-nacionales-entra-en-vigencia-la-condonacion-y-regularizacion-de-deudas-impositivas-0926\/"},"wordCount":207,"publisher":{"@id":"https:\/\/www.eldiario.net\/portal\/#organization"},"image":{"@id":"https:\/\/www.eldiario.net\/portal\/2026\/06\/25\/impuestos-nacionales-entra-en-vigencia-la-condonacion-y-regularizacion-de-deudas-impositivas-0926\/#primaryimage"},"thumbnailUrl":"https:\/\/www.eldiario.net\/portal\/wp-content\/uploads\/2026\/06\/impuestos-25.06.26-copia.webp","articleSection":["\u00daltima Hora"],"inLanguage":"es"},{"@type":"WebPage","@id":"https:\/\/www.eldiario.net\/portal\/2026\/06\/25\/impuestos-nacionales-entra-en-vigencia-la-condonacion-y-regularizacion-de-deudas-impositivas-0926\/","url":"https:\/\/www.eldiario.net\/portal\/2026\/06\/25\/impuestos-nacionales-entra-en-vigencia-la-condonacion-y-regularizacion-de-deudas-impositivas-0926\/","name":"Impuestos Nacionales: Entra en vigencia la condonaci\u00f3n y regularizaci\u00f3n de deudas impositivas (09:26) - El Diario - Bolivia","isPartOf":{"@id":"https:\/\/www.eldiario.net\/portal\/#website"},"primaryImageOfPage":{"@id":"https:\/\/www.eldiario.net\/portal\/2026\/06\/25\/impuestos-nacionales-entra-en-vigencia-la-condonacion-y-regularizacion-de-deudas-impositivas-0926\/#primaryimage"},"image":{"@id":"https:\/\/www.eldiario.net\/portal\/2026\/06\/25\/impuestos-nacionales-entra-en-vigencia-la-condonacion-y-regularizacion-de-deudas-impositivas-0926\/#primaryimage"},"thumbnailUrl":"https:\/\/www.eldiario.net\/portal\/wp-content\/uploads\/2026\/06\/impuestos-25.06.26-copia.webp","datePublished":"2026-06-25T13:29:37+00:00","dateModified":"2026-06-25T13:36:49+00:00","breadcrumb":{"@id":"https:\/\/www.eldiario.net\/portal\/2026\/06\/25\/impuestos-nacionales-entra-en-vigencia-la-condonacion-y-regularizacion-de-deudas-impositivas-0926\/#breadcrumb"},"inLanguage":"es","potentialAction":[{"@type":"ReadAction","target":["https:\/\/www.eldiario.net\/portal\/2026\/06\/25\/impuestos-nacionales-entra-en-vigencia-la-condonacion-y-regularizacion-de-deudas-impositivas-0926\/"]}]},{"@type":"ImageObject","inLanguage":"es","@id":"https:\/\/www.eldiario.net\/portal\/2026\/06\/25\/impuestos-nacionales-entra-en-vigencia-la-condonacion-y-regularizacion-de-deudas-impositivas-0926\/#primaryimage","url":"https:\/\/www.eldiario.net\/portal\/wp-content\/uploads\/2026\/06\/impuestos-25.06.26-copia.webp","contentUrl":"https:\/\/www.eldiario.net\/portal\/wp-content\/uploads\/2026\/06\/impuestos-25.06.26-copia.webp","width":520,"height":367},{"@type":"BreadcrumbList","@id":"https:\/\/www.eldiario.net\/portal\/2026\/06\/25\/impuestos-nacionales-entra-en-vigencia-la-condonacion-y-regularizacion-de-deudas-impositivas-0926\/#breadcrumb","itemListElement":[{"@type":"ListItem","position":1,"name":"Portada","item":"https:\/\/www.eldiario.net\/portal\/"},{"@type":"ListItem","position":2,"name":"Impuestos Nacionales: Entra en vigencia la condonaci\u00f3n y regularizaci\u00f3n de deudas impositivas (09:26)"}]},{"@type":"WebSite","@id":"https:\/\/www.eldiario.net\/portal\/#website","url":"https:\/\/www.eldiario.net\/portal\/","name":"El Diario - Decano de la prensa nacional","description":"El Diario - Decano de la prensa nacional","publisher":{"@id":"https:\/\/www.eldiario.net\/portal\/#organization"},"potentialAction":[{"@type":"SearchAction","target":{"@type":"EntryPoint","urlTemplate":"https:\/\/www.eldiario.net\/portal\/?s={search_term_string}"},"query-input":{"@type":"PropertyValueSpecification","valueRequired":true,"valueName":"search_term_string"}}],"inLanguage":"es"},{"@type":"Organization","@id":"https:\/\/www.eldiario.net\/portal\/#organization","name":"El Diario - Decano de la prensa nacional","url":"https:\/\/www.eldiario.net\/portal\/","logo":{"@type":"ImageObject","inLanguage":"es","@id":"https:\/\/www.eldiario.net\/portal\/#\/schema\/logo\/image\/","url":"https:\/\/www.eldiario.net\/portal\/wp-content\/uploads\/2023\/07\/logo_ED.jpg","contentUrl":"https:\/\/www.eldiario.net\/portal\/wp-content\/uploads\/2023\/07\/logo_ED.jpg","width":272,"height":52,"caption":"El Diario - Decano de la prensa nacional"},"image":{"@id":"https:\/\/www.eldiario.net\/portal\/#\/schema\/logo\/image\/"},"sameAs":["https:\/\/www.facebook.com\/eldiario.bolivia\/","https:\/\/x.com\/eldiario_net"]},{"@type":"Person","@id":"https:\/\/www.eldiario.net\/portal\/#\/schema\/person\/ba370d92d160f4d3574381f6d9b78fab","name":"Viviana Monrroy","image":{"@type":"ImageObject","inLanguage":"es","@id":"https:\/\/secure.gravatar.com\/avatar\/dfd1611ed5600959a0e5a9754503b6c05d1dcf190010998e0363aee2ad98afca?s=96&d=mm&r=g","url":"https:\/\/secure.gravatar.com\/avatar\/dfd1611ed5600959a0e5a9754503b6c05d1dcf190010998e0363aee2ad98afca?s=96&d=mm&r=g","contentUrl":"https:\/\/secure.gravatar.com\/avatar\/dfd1611ed5600959a0e5a9754503b6c05d1dcf190010998e0363aee2ad98afca?s=96&d=mm&r=g","caption":"Viviana Monrroy"},"sameAs":["http:\/\/www.eldiario.net"],"url":"https:\/\/www.eldiario.net\/portal\/author\/vivianamonrroy\/"}]}},"_links":{"self":[{"href":"https:\/\/www.eldiario.net\/portal\/wp-json\/wp\/v2\/posts\/406924","targetHints":{"allow":["GET"]}}],"collection":[{"href":"https:\/\/www.eldiario.net\/portal\/wp-json\/wp\/v2\/posts"}],"about":[{"href":"https:\/\/www.eldiario.net\/portal\/wp-json\/wp\/v2\/types\/post"}],"author":[{"embeddable":true,"href":"https:\/\/www.eldiario.net\/portal\/wp-json\/wp\/v2\/users\/7"}],"replies":[{"embeddable":true,"href":"https:\/\/www.eldiario.net\/portal\/wp-json\/wp\/v2\/comments?post=406924"}],"version-history":[{"count":4,"href":"https:\/\/www.eldiario.net\/portal\/wp-json\/wp\/v2\/posts\/406924\/revisions"}],"predecessor-version":[{"id":406930,"href":"https:\/\/www.eldiario.net\/portal\/wp-json\/wp\/v2\/posts\/406924\/revisions\/406930"}],"wp:featuredmedia":[{"embeddable":true,"href":"https:\/\/www.eldiario.net\/portal\/wp-json\/wp\/v2\/media\/406925"}],"wp:attachment":[{"href":"https:\/\/www.eldiario.net\/portal\/wp-json\/wp\/v2\/media?parent=406924"}],"wp:term":[{"taxonomy":"category","embeddable":true,"href":"https:\/\/www.eldiario.net\/portal\/wp-json\/wp\/v2\/categories?post=406924"},{"taxonomy":"post_tag","embeddable":true,"href":"https:\/\/www.eldiario.net\/portal\/wp-json\/wp\/v2\/tags?post=406924"}],"curies":[{"name":"wp","href":"https:\/\/api.w.org\/{rel}","templated":true}]}}