{"id":406918,"date":"2026-06-25T07:31:28","date_gmt":"2026-06-25T11:31:28","guid":{"rendered":"https:\/\/www.eldiario.net\/portal\/?p=406918"},"modified":"2026-06-25T07:31:28","modified_gmt":"2026-06-25T11:31:28","slug":"ola-de-calor-provoca-alertas-sanitarias-de-londres-a-milan-2","status":"publish","type":"post","link":"https:\/\/www.eldiario.net\/portal\/2026\/06\/25\/ola-de-calor-provoca-alertas-sanitarias-de-londres-a-milan-2\/","title":{"rendered":"Ola de calor provoca alertas  sanitarias de Londres a Mil\u00e1n"},"content":{"rendered":"<p>Las autoridades brit\u00e1nicas advirtieron a la poblaci\u00f3n en amplias zonas del Reino Unido que las altas temperaturas supondr\u00edan un riesgo para la vida ayer, mientras una \u201cc\u00fapula de calor\u201d sobre Europa occidental causaba condiciones extremas en el continente.<\/p>\n<p>La alerta \u201croja por salud ante el calor\u201d para gran parte del centro y el sur de Inglaterra, as\u00ed como para Gales, es apenas la segunda advertencia de este tipo emitida por las autoridades brit\u00e1nicas. La primera fue en julio de 2022, cuando las temperaturas superaron los 40 grados Celsius (104 grados Fahrenheit).<\/p>\n<p>Las autoridades en Francia, Italia y Espa\u00f1a tambi\u00e9n emitieron advertencias sobre los riesgos del calor extremo para decenas de millones de personas.<\/p>\n<p>Reino Unido se prepara para las temperaturas m\u00e1s altas registradas en junio, despu\u00e9s de que la agencia meteorol\u00f3gica, la Met Office, pronosticara una m\u00e1xima de 38 \u00baC en el sur de Inglaterra. Las temperaturas alcanzaron 34,6 \u00baC el martes en Wisely, al suroeste de Londres.<\/p>\n<p>\u201cLas alertas rojas se reservan para los eventos m\u00e1s graves y esperamos impactos severos y significativos de esta ola de calor, con efectos en la salud probables para muchos, incluso m\u00e1s all\u00e1 de quienes normalmente son m\u00e1s vulnerables al calor\u201d, se\u00f1al\u00f3 Mark Sidaway, subdirector de pron\u00f3sticos de la Met Office.<\/p>\n<p>Algunas escuelas en Inglaterra cerraron debido al calor y se cancelaron muchos servicios de tren, mientras se instaba a los pasajeros a evitar los desplazamientos no esenciales en las zonas cubiertas por la alerta roja.<\/p>\n<p>Network Rail, que opera la red ferroviaria brit\u00e1nica, advirti\u00f3 de una \u201cdisrupci\u00f3n significativa\u201d en toda Inglaterra y Gales, al imponer restricciones de velocidad para minimizar el riesgo de problemas relacionados con el calor, como v\u00edas deformadas y tendidos el\u00e9ctricos combados.<\/p>\n<p>Eurostar indic\u00f3 que cancel\u00f3 cuatro trenes previstos entre Londres y Par\u00eds ayer y este jueves \u201cdebido a las condiciones meteorol\u00f3gicas adversas previstas\u201d.<\/p>\n<p>Francia registr\u00f3 su d\u00eda m\u00e1s caluroso el martes, lo que llev\u00f3 a la torre Eiffel y al museo del Louvre a restringir los horarios de visita, mientras se alteraban los horarios escolares y de transporte.<\/p>\n<p>El r\u00e9cord de 29,8 \u00baC (85,6 \u00baF) del indicador t\u00e9rmico nacional de Francia, un promedio de temperaturas medidas en 30 estaciones meteorol\u00f3gicas, fue apenas el m\u00e1s reciente de una serie de m\u00e1ximos nunca antes registrados que se acumuladon en el pa\u00eds m\u00e1s grande de Europa.<\/p>\n<p>El Ministerio italiano de Salud emiti\u00f3 alertas rojas para 16 ciudades ayer, con grandes urbes como Roma, Mil\u00e1n, Florencia y Tur\u00edn afectadas. La alerta roja se\u00f1ala condiciones de emergencia que pueden afectar no s\u00f3lo a las personas vulnerables, sino tambi\u00e9n a adultos sanos.<\/p>\n<p>Las temperaturas podr\u00edan alcanzar m\u00e1ximas de 41 \u00baC (105 \u00baF) en Florencia y 38 \u00baC (104 \u00baF) en Mil\u00e1n, mientras que se prev\u00e9 que Roma y N\u00e1poles se mantengan por debajo de 36 \u00baC (96,8 \u00baF).<\/p>\n<p>El aviso por calor en Reino Unido sigue vigente hasta hoy jueves, con temperaturas nocturnas que se mantienen muy por encima del promedio.<\/p>\n<p>Hace tanto calor en la tradicional sede de la democracia brit\u00e1nica que se permitir\u00e1 a los periodistas varones que cubren el Parlamento quitarse las chaquetas en la tribuna de prensa de la C\u00e1mara de los Comunes ayer.<\/p>\n<p>\u201cSi creen que ya hace calor, bueno, todav\u00eda no han visto nada\u201d, coment\u00f3 el meteor\u00f3logo del Met Office Alex Burkill ayer.(Independent)<\/p>\n","protected":false},"excerpt":{"rendered":"<p>Las autoridades brit\u00e1nicas advirtieron a la poblaci\u00f3n en amplias zonas del Reino Unido que las altas temperaturas supondr\u00edan un riesgo para la vida ayer, mientras una \u201cc\u00fapula de calor\u201d sobre Europa occidental causaba condiciones extremas en el continente. La alerta \u201croja por salud ante el calor\u201d para gran parte del centro y el sur de [&hellip;]<\/p>\n","protected":false},"author":1,"featured_media":406919,"comment_status":"closed","ping_status":"open","sticky":false,"template":"","format":"standard","meta":{"_acf_changed":false,"footnotes":""},"categories":[3],"tags":[],"class_list":["post-406918","post","type-post","status-publish","format-standard","has-post-thumbnail","category-internacional"],"acf":{"antetitulo":""},"yoast_head":"<!-- This site is optimized with the Yoast SEO plugin v28.4 - https:\/\/yoast.com\/product\/yoast-seo-wordpress\/ -->\n<title>Ola de calor provoca alertas sanitarias de Londres a Mil\u00e1n - El Diario - Bolivia<\/title>\n<meta name=\"robots\" content=\"index, follow, max-snippet:-1, max-image-preview:large, max-video-preview:-1\" \/>\n<link rel=\"canonical\" href=\"https:\/\/www.eldiario.net\/portal\/2026\/06\/25\/ola-de-calor-provoca-alertas-sanitarias-de-londres-a-milan-2\/\" \/>\n<meta property=\"og:locale\" content=\"es_ES\" \/>\n<meta property=\"og:type\" content=\"article\" \/>\n<meta property=\"og:title\" content=\"Ola de calor provoca alertas sanitarias de Londres a Mil\u00e1n - El Diario - Bolivia\" \/>\n<meta property=\"og:description\" content=\"Las autoridades brit\u00e1nicas advirtieron a la poblaci\u00f3n en amplias zonas del Reino Unido que las altas temperaturas supondr\u00edan un riesgo para la vida ayer, mientras una \u201cc\u00fapula de calor\u201d sobre Europa occidental causaba condiciones extremas en el continente. La alerta \u201croja por salud ante el calor\u201d para gran parte del centro y el sur de [&hellip;]\" \/>\n<meta property=\"og:url\" content=\"https:\/\/www.eldiario.net\/portal\/2026\/06\/25\/ola-de-calor-provoca-alertas-sanitarias-de-londres-a-milan-2\/\" \/>\n<meta property=\"og:site_name\" content=\"El Diario - Bolivia\" \/>\n<meta property=\"article:publisher\" content=\"https:\/\/www.facebook.com\/eldiario.bolivia\/\" \/>\n<meta property=\"article:published_time\" content=\"2026-06-25T11:31:28+00:00\" \/>\n<meta property=\"og:image\" content=\"https:\/\/www.eldiario.net\/portal\/wp-content\/uploads\/2026\/06\/CALOR-AP.webp\" \/>\n\t<meta property=\"og:image:width\" content=\"1250\" \/>\n\t<meta property=\"og:image:height\" content=\"833\" \/>\n\t<meta property=\"og:image:type\" content=\"image\/webp\" \/>\n<meta name=\"author\" content=\"Jeanette\" \/>\n<meta name=\"twitter:card\" content=\"summary_large_image\" \/>\n<meta name=\"twitter:creator\" content=\"@eldiario_net\" \/>\n<meta name=\"twitter:site\" content=\"@eldiario_net\" \/>\n<meta name=\"twitter:label1\" content=\"Escrito por\" \/>\n\t<meta name=\"twitter:data1\" content=\"Jeanette\" \/>\n\t<meta name=\"twitter:label2\" content=\"Tiempo de lectura\" \/>\n\t<meta name=\"twitter:data2\" content=\"3 minutos\" \/>\n<script type=\"application\/ld+json\" class=\"yoast-schema-graph\">{\"@context\":\"https:\\\/\\\/schema.org\",\"@graph\":[{\"@type\":\"Article\",\"@id\":\"https:\\\/\\\/www.eldiario.net\\\/portal\\\/2026\\\/06\\\/25\\\/ola-de-calor-provoca-alertas-sanitarias-de-londres-a-milan-2\\\/#article\",\"isPartOf\":{\"@id\":\"https:\\\/\\\/www.eldiario.net\\\/portal\\\/2026\\\/06\\\/25\\\/ola-de-calor-provoca-alertas-sanitarias-de-londres-a-milan-2\\\/\"},\"author\":{\"name\":\"Jeanette\",\"@id\":\"https:\\\/\\\/www.eldiario.net\\\/portal\\\/#\\\/schema\\\/person\\\/f46445640444750d7d753ccd04ae01b7\"},\"headline\":\"Ola de calor provoca alertas sanitarias de Londres a Mil\u00e1n\",\"datePublished\":\"2026-06-25T11:31:28+00:00\",\"mainEntityOfPage\":{\"@id\":\"https:\\\/\\\/www.eldiario.net\\\/portal\\\/2026\\\/06\\\/25\\\/ola-de-calor-provoca-alertas-sanitarias-de-londres-a-milan-2\\\/\"},\"wordCount\":586,\"publisher\":{\"@id\":\"https:\\\/\\\/www.eldiario.net\\\/portal\\\/#organization\"},\"image\":{\"@id\":\"https:\\\/\\\/www.eldiario.net\\\/portal\\\/2026\\\/06\\\/25\\\/ola-de-calor-provoca-alertas-sanitarias-de-londres-a-milan-2\\\/#primaryimage\"},\"thumbnailUrl\":\"https:\\\/\\\/www.eldiario.net\\\/portal\\\/wp-content\\\/uploads\\\/2026\\\/06\\\/CALOR-AP.webp\",\"articleSection\":[\"Internacional\"],\"inLanguage\":\"es\"},{\"@type\":\"WebPage\",\"@id\":\"https:\\\/\\\/www.eldiario.net\\\/portal\\\/2026\\\/06\\\/25\\\/ola-de-calor-provoca-alertas-sanitarias-de-londres-a-milan-2\\\/\",\"url\":\"https:\\\/\\\/www.eldiario.net\\\/portal\\\/2026\\\/06\\\/25\\\/ola-de-calor-provoca-alertas-sanitarias-de-londres-a-milan-2\\\/\",\"name\":\"Ola de calor provoca alertas sanitarias de Londres a Mil\u00e1n - El Diario - Bolivia\",\"isPartOf\":{\"@id\":\"https:\\\/\\\/www.eldiario.net\\\/portal\\\/#website\"},\"primaryImageOfPage\":{\"@id\":\"https:\\\/\\\/www.eldiario.net\\\/portal\\\/2026\\\/06\\\/25\\\/ola-de-calor-provoca-alertas-sanitarias-de-londres-a-milan-2\\\/#primaryimage\"},\"image\":{\"@id\":\"https:\\\/\\\/www.eldiario.net\\\/portal\\\/2026\\\/06\\\/25\\\/ola-de-calor-provoca-alertas-sanitarias-de-londres-a-milan-2\\\/#primaryimage\"},\"thumbnailUrl\":\"https:\\\/\\\/www.eldiario.net\\\/portal\\\/wp-content\\\/uploads\\\/2026\\\/06\\\/CALOR-AP.webp\",\"datePublished\":\"2026-06-25T11:31:28+00:00\",\"breadcrumb\":{\"@id\":\"https:\\\/\\\/www.eldiario.net\\\/portal\\\/2026\\\/06\\\/25\\\/ola-de-calor-provoca-alertas-sanitarias-de-londres-a-milan-2\\\/#breadcrumb\"},\"inLanguage\":\"es\",\"potentialAction\":[{\"@type\":\"ReadAction\",\"target\":[\"https:\\\/\\\/www.eldiario.net\\\/portal\\\/2026\\\/06\\\/25\\\/ola-de-calor-provoca-alertas-sanitarias-de-londres-a-milan-2\\\/\"]}]},{\"@type\":\"ImageObject\",\"inLanguage\":\"es\",\"@id\":\"https:\\\/\\\/www.eldiario.net\\\/portal\\\/2026\\\/06\\\/25\\\/ola-de-calor-provoca-alertas-sanitarias-de-londres-a-milan-2\\\/#primaryimage\",\"url\":\"https:\\\/\\\/www.eldiario.net\\\/portal\\\/wp-content\\\/uploads\\\/2026\\\/06\\\/CALOR-AP.webp\",\"contentUrl\":\"https:\\\/\\\/www.eldiario.net\\\/portal\\\/wp-content\\\/uploads\\\/2026\\\/06\\\/CALOR-AP.webp\",\"width\":1250,\"height\":833,\"caption\":\"Las autoridades brit\u00e1nicas advierten a poblaci\u00f3n sobre la ola de calor. CREDITO: AP\"},{\"@type\":\"BreadcrumbList\",\"@id\":\"https:\\\/\\\/www.eldiario.net\\\/portal\\\/2026\\\/06\\\/25\\\/ola-de-calor-provoca-alertas-sanitarias-de-londres-a-milan-2\\\/#breadcrumb\",\"itemListElement\":[{\"@type\":\"ListItem\",\"position\":1,\"name\":\"Portada\",\"item\":\"https:\\\/\\\/www.eldiario.net\\\/portal\\\/\"},{\"@type\":\"ListItem\",\"position\":2,\"name\":\"Ola de calor provoca alertas sanitarias de Londres a Mil\u00e1n\"}]},{\"@type\":\"WebSite\",\"@id\":\"https:\\\/\\\/www.eldiario.net\\\/portal\\\/#website\",\"url\":\"https:\\\/\\\/www.eldiario.net\\\/portal\\\/\",\"name\":\"El Diario - Decano de la prensa nacional\",\"description\":\"El Diario - Decano de la prensa nacional\",\"publisher\":{\"@id\":\"https:\\\/\\\/www.eldiario.net\\\/portal\\\/#organization\"},\"potentialAction\":[{\"@type\":\"SearchAction\",\"target\":{\"@type\":\"EntryPoint\",\"urlTemplate\":\"https:\\\/\\\/www.eldiario.net\\\/portal\\\/?s={search_term_string}\"},\"query-input\":{\"@type\":\"PropertyValueSpecification\",\"valueRequired\":true,\"valueName\":\"search_term_string\"}}],\"inLanguage\":\"es\"},{\"@type\":\"Organization\",\"@id\":\"https:\\\/\\\/www.eldiario.net\\\/portal\\\/#organization\",\"name\":\"El Diario - Decano de la prensa nacional\",\"url\":\"https:\\\/\\\/www.eldiario.net\\\/portal\\\/\",\"logo\":{\"@type\":\"ImageObject\",\"inLanguage\":\"es\",\"@id\":\"https:\\\/\\\/www.eldiario.net\\\/portal\\\/#\\\/schema\\\/logo\\\/image\\\/\",\"url\":\"https:\\\/\\\/www.eldiario.net\\\/portal\\\/wp-content\\\/uploads\\\/2023\\\/07\\\/logo_ED.jpg\",\"contentUrl\":\"https:\\\/\\\/www.eldiario.net\\\/portal\\\/wp-content\\\/uploads\\\/2023\\\/07\\\/logo_ED.jpg\",\"width\":272,\"height\":52,\"caption\":\"El Diario - Decano de la prensa nacional\"},\"image\":{\"@id\":\"https:\\\/\\\/www.eldiario.net\\\/portal\\\/#\\\/schema\\\/logo\\\/image\\\/\"},\"sameAs\":[\"https:\\\/\\\/www.facebook.com\\\/eldiario.bolivia\\\/\",\"https:\\\/\\\/x.com\\\/eldiario_net\"]},{\"@type\":\"Person\",\"@id\":\"https:\\\/\\\/www.eldiario.net\\\/portal\\\/#\\\/schema\\\/person\\\/f46445640444750d7d753ccd04ae01b7\",\"name\":\"Jeanette\",\"image\":{\"@type\":\"ImageObject\",\"inLanguage\":\"es\",\"@id\":\"https:\\\/\\\/secure.gravatar.com\\\/avatar\\\/3ea2118a5f7dad2b7138b1187a6b7ee55f160b9968b66013c3a3ef39dd7e5798?s=96&d=mm&r=g\",\"url\":\"https:\\\/\\\/secure.gravatar.com\\\/avatar\\\/3ea2118a5f7dad2b7138b1187a6b7ee55f160b9968b66013c3a3ef39dd7e5798?s=96&d=mm&r=g\",\"contentUrl\":\"https:\\\/\\\/secure.gravatar.com\\\/avatar\\\/3ea2118a5f7dad2b7138b1187a6b7ee55f160b9968b66013c3a3ef39dd7e5798?s=96&d=mm&r=g\",\"caption\":\"Jeanette\"},\"sameAs\":[\"https:\\\/\\\/www.eldiario.net\\\/portal\"],\"url\":\"https:\\\/\\\/www.eldiario.net\\\/portal\\\/author\\\/jeanette\\\/\"}]}<\/script>\n<!-- \/ Yoast SEO plugin. -->","yoast_head_json":{"title":"Ola de calor provoca alertas sanitarias de Londres a Mil\u00e1n - El Diario - Bolivia","robots":{"index":"index","follow":"follow","max-snippet":"max-snippet:-1","max-image-preview":"max-image-preview:large","max-video-preview":"max-video-preview:-1"},"canonical":"https:\/\/www.eldiario.net\/portal\/2026\/06\/25\/ola-de-calor-provoca-alertas-sanitarias-de-londres-a-milan-2\/","og_locale":"es_ES","og_type":"article","og_title":"Ola de calor provoca alertas sanitarias de Londres a Mil\u00e1n - El Diario - Bolivia","og_description":"Las autoridades brit\u00e1nicas advirtieron a la poblaci\u00f3n en amplias zonas del Reino Unido que las altas temperaturas supondr\u00edan un riesgo para la vida ayer, mientras una \u201cc\u00fapula de calor\u201d sobre Europa occidental causaba condiciones extremas en el continente. La alerta \u201croja por salud ante el calor\u201d para gran parte del centro y el sur de [&hellip;]","og_url":"https:\/\/www.eldiario.net\/portal\/2026\/06\/25\/ola-de-calor-provoca-alertas-sanitarias-de-londres-a-milan-2\/","og_site_name":"El Diario - Bolivia","article_publisher":"https:\/\/www.facebook.com\/eldiario.bolivia\/","article_published_time":"2026-06-25T11:31:28+00:00","og_image":[{"width":1250,"height":833,"url":"https:\/\/www.eldiario.net\/portal\/wp-content\/uploads\/2026\/06\/CALOR-AP.webp","type":"image\/webp"}],"author":"Jeanette","twitter_card":"summary_large_image","twitter_creator":"@eldiario_net","twitter_site":"@eldiario_net","twitter_misc":{"Escrito por":"Jeanette","Tiempo de lectura":"3 minutos"},"schema":{"@context":"https:\/\/schema.org","@graph":[{"@type":"Article","@id":"https:\/\/www.eldiario.net\/portal\/2026\/06\/25\/ola-de-calor-provoca-alertas-sanitarias-de-londres-a-milan-2\/#article","isPartOf":{"@id":"https:\/\/www.eldiario.net\/portal\/2026\/06\/25\/ola-de-calor-provoca-alertas-sanitarias-de-londres-a-milan-2\/"},"author":{"name":"Jeanette","@id":"https:\/\/www.eldiario.net\/portal\/#\/schema\/person\/f46445640444750d7d753ccd04ae01b7"},"headline":"Ola de calor provoca alertas sanitarias de Londres a Mil\u00e1n","datePublished":"2026-06-25T11:31:28+00:00","mainEntityOfPage":{"@id":"https:\/\/www.eldiario.net\/portal\/2026\/06\/25\/ola-de-calor-provoca-alertas-sanitarias-de-londres-a-milan-2\/"},"wordCount":586,"publisher":{"@id":"https:\/\/www.eldiario.net\/portal\/#organization"},"image":{"@id":"https:\/\/www.eldiario.net\/portal\/2026\/06\/25\/ola-de-calor-provoca-alertas-sanitarias-de-londres-a-milan-2\/#primaryimage"},"thumbnailUrl":"https:\/\/www.eldiario.net\/portal\/wp-content\/uploads\/2026\/06\/CALOR-AP.webp","articleSection":["Internacional"],"inLanguage":"es"},{"@type":"WebPage","@id":"https:\/\/www.eldiario.net\/portal\/2026\/06\/25\/ola-de-calor-provoca-alertas-sanitarias-de-londres-a-milan-2\/","url":"https:\/\/www.eldiario.net\/portal\/2026\/06\/25\/ola-de-calor-provoca-alertas-sanitarias-de-londres-a-milan-2\/","name":"Ola de calor provoca alertas sanitarias de Londres a Mil\u00e1n - El Diario - Bolivia","isPartOf":{"@id":"https:\/\/www.eldiario.net\/portal\/#website"},"primaryImageOfPage":{"@id":"https:\/\/www.eldiario.net\/portal\/2026\/06\/25\/ola-de-calor-provoca-alertas-sanitarias-de-londres-a-milan-2\/#primaryimage"},"image":{"@id":"https:\/\/www.eldiario.net\/portal\/2026\/06\/25\/ola-de-calor-provoca-alertas-sanitarias-de-londres-a-milan-2\/#primaryimage"},"thumbnailUrl":"https:\/\/www.eldiario.net\/portal\/wp-content\/uploads\/2026\/06\/CALOR-AP.webp","datePublished":"2026-06-25T11:31:28+00:00","breadcrumb":{"@id":"https:\/\/www.eldiario.net\/portal\/2026\/06\/25\/ola-de-calor-provoca-alertas-sanitarias-de-londres-a-milan-2\/#breadcrumb"},"inLanguage":"es","potentialAction":[{"@type":"ReadAction","target":["https:\/\/www.eldiario.net\/portal\/2026\/06\/25\/ola-de-calor-provoca-alertas-sanitarias-de-londres-a-milan-2\/"]}]},{"@type":"ImageObject","inLanguage":"es","@id":"https:\/\/www.eldiario.net\/portal\/2026\/06\/25\/ola-de-calor-provoca-alertas-sanitarias-de-londres-a-milan-2\/#primaryimage","url":"https:\/\/www.eldiario.net\/portal\/wp-content\/uploads\/2026\/06\/CALOR-AP.webp","contentUrl":"https:\/\/www.eldiario.net\/portal\/wp-content\/uploads\/2026\/06\/CALOR-AP.webp","width":1250,"height":833,"caption":"Las autoridades brit\u00e1nicas advierten a poblaci\u00f3n sobre la ola de calor. CREDITO: AP"},{"@type":"BreadcrumbList","@id":"https:\/\/www.eldiario.net\/portal\/2026\/06\/25\/ola-de-calor-provoca-alertas-sanitarias-de-londres-a-milan-2\/#breadcrumb","itemListElement":[{"@type":"ListItem","position":1,"name":"Portada","item":"https:\/\/www.eldiario.net\/portal\/"},{"@type":"ListItem","position":2,"name":"Ola de calor provoca alertas sanitarias de Londres a Mil\u00e1n"}]},{"@type":"WebSite","@id":"https:\/\/www.eldiario.net\/portal\/#website","url":"https:\/\/www.eldiario.net\/portal\/","name":"El Diario - Decano de la prensa nacional","description":"El Diario - Decano de la prensa nacional","publisher":{"@id":"https:\/\/www.eldiario.net\/portal\/#organization"},"potentialAction":[{"@type":"SearchAction","target":{"@type":"EntryPoint","urlTemplate":"https:\/\/www.eldiario.net\/portal\/?s={search_term_string}"},"query-input":{"@type":"PropertyValueSpecification","valueRequired":true,"valueName":"search_term_string"}}],"inLanguage":"es"},{"@type":"Organization","@id":"https:\/\/www.eldiario.net\/portal\/#organization","name":"El Diario - Decano de la prensa nacional","url":"https:\/\/www.eldiario.net\/portal\/","logo":{"@type":"ImageObject","inLanguage":"es","@id":"https:\/\/www.eldiario.net\/portal\/#\/schema\/logo\/image\/","url":"https:\/\/www.eldiario.net\/portal\/wp-content\/uploads\/2023\/07\/logo_ED.jpg","contentUrl":"https:\/\/www.eldiario.net\/portal\/wp-content\/uploads\/2023\/07\/logo_ED.jpg","width":272,"height":52,"caption":"El Diario - Decano de la prensa nacional"},"image":{"@id":"https:\/\/www.eldiario.net\/portal\/#\/schema\/logo\/image\/"},"sameAs":["https:\/\/www.facebook.com\/eldiario.bolivia\/","https:\/\/x.com\/eldiario_net"]},{"@type":"Person","@id":"https:\/\/www.eldiario.net\/portal\/#\/schema\/person\/f46445640444750d7d753ccd04ae01b7","name":"Jeanette","image":{"@type":"ImageObject","inLanguage":"es","@id":"https:\/\/secure.gravatar.com\/avatar\/3ea2118a5f7dad2b7138b1187a6b7ee55f160b9968b66013c3a3ef39dd7e5798?s=96&d=mm&r=g","url":"https:\/\/secure.gravatar.com\/avatar\/3ea2118a5f7dad2b7138b1187a6b7ee55f160b9968b66013c3a3ef39dd7e5798?s=96&d=mm&r=g","contentUrl":"https:\/\/secure.gravatar.com\/avatar\/3ea2118a5f7dad2b7138b1187a6b7ee55f160b9968b66013c3a3ef39dd7e5798?s=96&d=mm&r=g","caption":"Jeanette"},"sameAs":["https:\/\/www.eldiario.net\/portal"],"url":"https:\/\/www.eldiario.net\/portal\/author\/jeanette\/"}]}},"_links":{"self":[{"href":"https:\/\/www.eldiario.net\/portal\/wp-json\/wp\/v2\/posts\/406918","targetHints":{"allow":["GET"]}}],"collection":[{"href":"https:\/\/www.eldiario.net\/portal\/wp-json\/wp\/v2\/posts"}],"about":[{"href":"https:\/\/www.eldiario.net\/portal\/wp-json\/wp\/v2\/types\/post"}],"author":[{"embeddable":true,"href":"https:\/\/www.eldiario.net\/portal\/wp-json\/wp\/v2\/users\/1"}],"replies":[{"embeddable":true,"href":"https:\/\/www.eldiario.net\/portal\/wp-json\/wp\/v2\/comments?post=406918"}],"version-history":[{"count":1,"href":"https:\/\/www.eldiario.net\/portal\/wp-json\/wp\/v2\/posts\/406918\/revisions"}],"predecessor-version":[{"id":406920,"href":"https:\/\/www.eldiario.net\/portal\/wp-json\/wp\/v2\/posts\/406918\/revisions\/406920"}],"wp:featuredmedia":[{"embeddable":true,"href":"https:\/\/www.eldiario.net\/portal\/wp-json\/wp\/v2\/media\/406919"}],"wp:attachment":[{"href":"https:\/\/www.eldiario.net\/portal\/wp-json\/wp\/v2\/media?parent=406918"}],"wp:term":[{"taxonomy":"category","embeddable":true,"href":"https:\/\/www.eldiario.net\/portal\/wp-json\/wp\/v2\/categories?post=406918"},{"taxonomy":"post_tag","embeddable":true,"href":"https:\/\/www.eldiario.net\/portal\/wp-json\/wp\/v2\/tags?post=406918"}],"curies":[{"name":"wp","href":"https:\/\/api.w.org\/{rel}","templated":true}]}}