{"id":406909,"date":"2026-06-25T07:29:53","date_gmt":"2026-06-25T11:29:53","guid":{"rendered":"https:\/\/www.eldiario.net\/portal\/?p=406909"},"modified":"2026-06-25T07:29:53","modified_gmt":"2026-06-25T11:29:53","slug":"militares-recuperan-motocicletas-robadas-y-decomisan-municiones","status":"publish","type":"post","link":"https:\/\/www.eldiario.net\/portal\/2026\/06\/25\/militares-recuperan-motocicletas-robadas-y-decomisan-municiones\/","title":{"rendered":"Militares recuperan motocicletas robadas y decomisan municiones"},"content":{"rendered":"<p>Miembros de las Fuerzas Armadas ejecutaron una operaci\u00f3n militar en el sector Ci\u00e9naga Grande, ubicado en el cant\u00f3n Tosagua, provincia de Manab\u00ed. La intervenci\u00f3n planificada tuvo como motivaci\u00f3n principal combatir las actividades il\u00edcitas y fortalecer la tranquilidad ciudadana, logrando como resultado la recuperaci\u00f3n de dos motocicletas reportadas como robadas y el decomiso de 15 municiones calibre 9 mil\u00edmetros.<\/p>\n<p>Este procedimiento se activ\u00f3 de forma oportuna tras recibir informaci\u00f3n estrat\u00e9gica procesada por la instituci\u00f3n. El despliegue de los uniformados permiti\u00f3 asegurar el per\u00edmetro de manera r\u00e1pida, evitando que las evidencias fueran trasladadas a otros puntos de la provincia o utilizadas en actos delictivos.<\/p>\n<p>&nbsp;<\/p>\n<p>COLABORACI\u00d3N<\/p>\n<p>De acuerdo con el reporte de la informaci\u00f3n oficial, las acciones y los resultados obtenidos fueron posibles gracias a las denuncias realizadas por habitantes del cant\u00f3n Tosagua. Los ciudadanos, al notar movimientos sospechosos en la zona, decidieron alertar al personal militar para que se tomen las medidas preventivas correspondientes, demostrando el impacto del trabajo conjunto.<\/p>\n<p>Una vez concluido el registro del \u00e1rea, las evidencias encontradas, entre las que constan las motocicletas de procedencia il\u00edcita y las municiones de arma de fuego, fueron fijadas y entregadas a las autoridades competentes. Esto se realiz\u00f3 con la finalidad de iniciar los procedimientos legales y las investigaciones que establece la ley.<\/p>\n<p>&nbsp;<\/p>\n<p>IMPACTO Y PERCEPCI\u00d3N<\/p>\n<p>La instituci\u00f3n militar destac\u00f3 la importancia de la colaboraci\u00f3n ciudadana en los procesos de seguridad e insisti\u00f3 en que las denuncias pueden realizarse de manera an\u00f3nima a trav\u00e9s de la l\u00ednea 131. Este canal telef\u00f3nico busca proteger la identidad de las personas que facilitan datos clave para desarticular amenazas en sus respectivos barrios o comunidades rurales.<\/p>\n<p>Pese a los resultados positivos del operativo, habitantes de la zona reconocen que el temor por la inseguridad sigue presente en su cotidianidad. Rosa Z., habitante de Tosagua, se\u00f1al\u00f3 que la comunidad espera que este tipo de acciones contin\u00faen de forma regular. \u00abNos sentimos m\u00e1s tranquilos cuando vemos presencia militar, pero a\u00fan existe preocupaci\u00f3n por los hechos delictivos que se registran\u00bb, expres\u00f3 la ciudadana.<\/p>\n<p>&nbsp;<\/p>\n<p>CONTROLES EN MANAB\u00cd<\/p>\n<p>De igual manera, Jos\u00e9 M., habitante de Tosagua, se\u00f1al\u00f3 que muchas familias permanecen alerta ante la posibilidad de nuevos actos delictivos que vulneren su tranquilidad. \u00abHay temor entre los habitantes, especialmente por los robos. Esperamos que las autoridades mantengan los controles para garantizar la seguridad\u00bb, manifest\u00f3 el residente, reflejando el sentir de los vecinos del sector.<\/p>\n<p>Ante estas peticiones, las Fuerzas Armadas informaron que mantendr\u00e1n operativos permanentes en distintos sectores de la provincia de Manab\u00ed. El objetivo institucional de la entidad radica en recuperar bienes, prevenir incidentes violentos y reforzar la seguridad ciudadana de manera constante en todo el territorio manabita.(El Diario Ecuador)<\/p>\n<p>&nbsp;<\/p>\n","protected":false},"excerpt":{"rendered":"<p>Miembros de las Fuerzas Armadas ejecutaron una operaci\u00f3n militar en el sector Ci\u00e9naga Grande, ubicado en el cant\u00f3n Tosagua, provincia de Manab\u00ed. La intervenci\u00f3n planificada tuvo como motivaci\u00f3n principal combatir las actividades il\u00edcitas y fortalecer la tranquilidad ciudadana, logrando como resultado la recuperaci\u00f3n de dos motocicletas reportadas como robadas y el decomiso de 15 municiones [&hellip;]<\/p>\n","protected":false},"author":1,"featured_media":406910,"comment_status":"closed","ping_status":"open","sticky":false,"template":"","format":"standard","meta":{"_acf_changed":false,"footnotes":""},"categories":[3],"tags":[],"class_list":["post-406909","post","type-post","status-publish","format-standard","has-post-thumbnail","category-internacional"],"acf":{"antetitulo":"Ecuador"},"yoast_head":"<!-- This site is optimized with the Yoast SEO plugin v28.4 - https:\/\/yoast.com\/product\/yoast-seo-wordpress\/ -->\n<title>Militares recuperan motocicletas robadas y decomisan municiones - El Diario - Bolivia<\/title>\n<meta name=\"robots\" content=\"index, follow, max-snippet:-1, max-image-preview:large, max-video-preview:-1\" \/>\n<link rel=\"canonical\" href=\"https:\/\/www.eldiario.net\/portal\/2026\/06\/25\/militares-recuperan-motocicletas-robadas-y-decomisan-municiones\/\" \/>\n<meta property=\"og:locale\" content=\"es_ES\" \/>\n<meta property=\"og:type\" content=\"article\" \/>\n<meta property=\"og:title\" content=\"Militares recuperan motocicletas robadas y decomisan municiones - El Diario - Bolivia\" \/>\n<meta property=\"og:description\" content=\"Miembros de las Fuerzas Armadas ejecutaron una operaci\u00f3n militar en el sector Ci\u00e9naga Grande, ubicado en el cant\u00f3n Tosagua, provincia de Manab\u00ed. La intervenci\u00f3n planificada tuvo como motivaci\u00f3n principal combatir las actividades il\u00edcitas y fortalecer la tranquilidad ciudadana, logrando como resultado la recuperaci\u00f3n de dos motocicletas reportadas como robadas y el decomiso de 15 municiones [&hellip;]\" \/>\n<meta property=\"og:url\" content=\"https:\/\/www.eldiario.net\/portal\/2026\/06\/25\/militares-recuperan-motocicletas-robadas-y-decomisan-municiones\/\" \/>\n<meta property=\"og:site_name\" content=\"El Diario - Bolivia\" \/>\n<meta property=\"article:publisher\" content=\"https:\/\/www.facebook.com\/eldiario.bolivia\/\" \/>\n<meta property=\"article:published_time\" content=\"2026-06-25T11:29:53+00:00\" \/>\n<meta property=\"og:image\" content=\"https:\/\/www.eldiario.net\/portal\/wp-content\/uploads\/2026\/06\/ECUADOR-FFAA-1.webp\" \/>\n\t<meta property=\"og:image:width\" content=\"1200\" \/>\n\t<meta property=\"og:image:height\" content=\"800\" \/>\n\t<meta property=\"og:image:type\" content=\"image\/webp\" \/>\n<meta name=\"author\" content=\"Jeanette\" \/>\n<meta name=\"twitter:card\" content=\"summary_large_image\" \/>\n<meta name=\"twitter:creator\" content=\"@eldiario_net\" \/>\n<meta name=\"twitter:site\" content=\"@eldiario_net\" \/>\n<meta name=\"twitter:label1\" content=\"Escrito por\" \/>\n\t<meta name=\"twitter:data1\" content=\"Jeanette\" \/>\n\t<meta name=\"twitter:label2\" content=\"Tiempo de lectura\" \/>\n\t<meta name=\"twitter:data2\" content=\"3 minutos\" \/>\n<script type=\"application\/ld+json\" class=\"yoast-schema-graph\">{\"@context\":\"https:\\\/\\\/schema.org\",\"@graph\":[{\"@type\":\"Article\",\"@id\":\"https:\\\/\\\/www.eldiario.net\\\/portal\\\/2026\\\/06\\\/25\\\/militares-recuperan-motocicletas-robadas-y-decomisan-municiones\\\/#article\",\"isPartOf\":{\"@id\":\"https:\\\/\\\/www.eldiario.net\\\/portal\\\/2026\\\/06\\\/25\\\/militares-recuperan-motocicletas-robadas-y-decomisan-municiones\\\/\"},\"author\":{\"name\":\"Jeanette\",\"@id\":\"https:\\\/\\\/www.eldiario.net\\\/portal\\\/#\\\/schema\\\/person\\\/f46445640444750d7d753ccd04ae01b7\"},\"headline\":\"Militares recuperan motocicletas robadas y decomisan municiones\",\"datePublished\":\"2026-06-25T11:29:53+00:00\",\"mainEntityOfPage\":{\"@id\":\"https:\\\/\\\/www.eldiario.net\\\/portal\\\/2026\\\/06\\\/25\\\/militares-recuperan-motocicletas-robadas-y-decomisan-municiones\\\/\"},\"wordCount\":479,\"publisher\":{\"@id\":\"https:\\\/\\\/www.eldiario.net\\\/portal\\\/#organization\"},\"image\":{\"@id\":\"https:\\\/\\\/www.eldiario.net\\\/portal\\\/2026\\\/06\\\/25\\\/militares-recuperan-motocicletas-robadas-y-decomisan-municiones\\\/#primaryimage\"},\"thumbnailUrl\":\"https:\\\/\\\/www.eldiario.net\\\/portal\\\/wp-content\\\/uploads\\\/2026\\\/06\\\/ECUADOR-FFAA-1.webp\",\"articleSection\":[\"Internacional\"],\"inLanguage\":\"es\"},{\"@type\":\"WebPage\",\"@id\":\"https:\\\/\\\/www.eldiario.net\\\/portal\\\/2026\\\/06\\\/25\\\/militares-recuperan-motocicletas-robadas-y-decomisan-municiones\\\/\",\"url\":\"https:\\\/\\\/www.eldiario.net\\\/portal\\\/2026\\\/06\\\/25\\\/militares-recuperan-motocicletas-robadas-y-decomisan-municiones\\\/\",\"name\":\"Militares recuperan motocicletas robadas y decomisan municiones - El Diario - Bolivia\",\"isPartOf\":{\"@id\":\"https:\\\/\\\/www.eldiario.net\\\/portal\\\/#website\"},\"primaryImageOfPage\":{\"@id\":\"https:\\\/\\\/www.eldiario.net\\\/portal\\\/2026\\\/06\\\/25\\\/militares-recuperan-motocicletas-robadas-y-decomisan-municiones\\\/#primaryimage\"},\"image\":{\"@id\":\"https:\\\/\\\/www.eldiario.net\\\/portal\\\/2026\\\/06\\\/25\\\/militares-recuperan-motocicletas-robadas-y-decomisan-municiones\\\/#primaryimage\"},\"thumbnailUrl\":\"https:\\\/\\\/www.eldiario.net\\\/portal\\\/wp-content\\\/uploads\\\/2026\\\/06\\\/ECUADOR-FFAA-1.webp\",\"datePublished\":\"2026-06-25T11:29:53+00:00\",\"breadcrumb\":{\"@id\":\"https:\\\/\\\/www.eldiario.net\\\/portal\\\/2026\\\/06\\\/25\\\/militares-recuperan-motocicletas-robadas-y-decomisan-municiones\\\/#breadcrumb\"},\"inLanguage\":\"es\",\"potentialAction\":[{\"@type\":\"ReadAction\",\"target\":[\"https:\\\/\\\/www.eldiario.net\\\/portal\\\/2026\\\/06\\\/25\\\/militares-recuperan-motocicletas-robadas-y-decomisan-municiones\\\/\"]}]},{\"@type\":\"ImageObject\",\"inLanguage\":\"es\",\"@id\":\"https:\\\/\\\/www.eldiario.net\\\/portal\\\/2026\\\/06\\\/25\\\/militares-recuperan-motocicletas-robadas-y-decomisan-municiones\\\/#primaryimage\",\"url\":\"https:\\\/\\\/www.eldiario.net\\\/portal\\\/wp-content\\\/uploads\\\/2026\\\/06\\\/ECUADOR-FFAA-1.webp\",\"contentUrl\":\"https:\\\/\\\/www.eldiario.net\\\/portal\\\/wp-content\\\/uploads\\\/2026\\\/06\\\/ECUADOR-FFAA-1.webp\",\"width\":1200,\"height\":800,\"caption\":\"Personal de las Fuerzas Armadas realiz\u00f3 una operaci\u00f3n en cant\u00f3n Tosagua. CREDITO: FFAA\"},{\"@type\":\"BreadcrumbList\",\"@id\":\"https:\\\/\\\/www.eldiario.net\\\/portal\\\/2026\\\/06\\\/25\\\/militares-recuperan-motocicletas-robadas-y-decomisan-municiones\\\/#breadcrumb\",\"itemListElement\":[{\"@type\":\"ListItem\",\"position\":1,\"name\":\"Portada\",\"item\":\"https:\\\/\\\/www.eldiario.net\\\/portal\\\/\"},{\"@type\":\"ListItem\",\"position\":2,\"name\":\"Militares recuperan motocicletas robadas y decomisan municiones\"}]},{\"@type\":\"WebSite\",\"@id\":\"https:\\\/\\\/www.eldiario.net\\\/portal\\\/#website\",\"url\":\"https:\\\/\\\/www.eldiario.net\\\/portal\\\/\",\"name\":\"El Diario - Decano de la prensa nacional\",\"description\":\"El Diario - Decano de la prensa nacional\",\"publisher\":{\"@id\":\"https:\\\/\\\/www.eldiario.net\\\/portal\\\/#organization\"},\"potentialAction\":[{\"@type\":\"SearchAction\",\"target\":{\"@type\":\"EntryPoint\",\"urlTemplate\":\"https:\\\/\\\/www.eldiario.net\\\/portal\\\/?s={search_term_string}\"},\"query-input\":{\"@type\":\"PropertyValueSpecification\",\"valueRequired\":true,\"valueName\":\"search_term_string\"}}],\"inLanguage\":\"es\"},{\"@type\":\"Organization\",\"@id\":\"https:\\\/\\\/www.eldiario.net\\\/portal\\\/#organization\",\"name\":\"El Diario - Decano de la prensa nacional\",\"url\":\"https:\\\/\\\/www.eldiario.net\\\/portal\\\/\",\"logo\":{\"@type\":\"ImageObject\",\"inLanguage\":\"es\",\"@id\":\"https:\\\/\\\/www.eldiario.net\\\/portal\\\/#\\\/schema\\\/logo\\\/image\\\/\",\"url\":\"https:\\\/\\\/www.eldiario.net\\\/portal\\\/wp-content\\\/uploads\\\/2023\\\/07\\\/logo_ED.jpg\",\"contentUrl\":\"https:\\\/\\\/www.eldiario.net\\\/portal\\\/wp-content\\\/uploads\\\/2023\\\/07\\\/logo_ED.jpg\",\"width\":272,\"height\":52,\"caption\":\"El Diario - Decano de la prensa nacional\"},\"image\":{\"@id\":\"https:\\\/\\\/www.eldiario.net\\\/portal\\\/#\\\/schema\\\/logo\\\/image\\\/\"},\"sameAs\":[\"https:\\\/\\\/www.facebook.com\\\/eldiario.bolivia\\\/\",\"https:\\\/\\\/x.com\\\/eldiario_net\"]},{\"@type\":\"Person\",\"@id\":\"https:\\\/\\\/www.eldiario.net\\\/portal\\\/#\\\/schema\\\/person\\\/f46445640444750d7d753ccd04ae01b7\",\"name\":\"Jeanette\",\"image\":{\"@type\":\"ImageObject\",\"inLanguage\":\"es\",\"@id\":\"https:\\\/\\\/secure.gravatar.com\\\/avatar\\\/3ea2118a5f7dad2b7138b1187a6b7ee55f160b9968b66013c3a3ef39dd7e5798?s=96&d=mm&r=g\",\"url\":\"https:\\\/\\\/secure.gravatar.com\\\/avatar\\\/3ea2118a5f7dad2b7138b1187a6b7ee55f160b9968b66013c3a3ef39dd7e5798?s=96&d=mm&r=g\",\"contentUrl\":\"https:\\\/\\\/secure.gravatar.com\\\/avatar\\\/3ea2118a5f7dad2b7138b1187a6b7ee55f160b9968b66013c3a3ef39dd7e5798?s=96&d=mm&r=g\",\"caption\":\"Jeanette\"},\"sameAs\":[\"https:\\\/\\\/www.eldiario.net\\\/portal\"],\"url\":\"https:\\\/\\\/www.eldiario.net\\\/portal\\\/author\\\/jeanette\\\/\"}]}<\/script>\n<!-- \/ Yoast SEO plugin. -->","yoast_head_json":{"title":"Militares recuperan motocicletas robadas y decomisan municiones - El Diario - Bolivia","robots":{"index":"index","follow":"follow","max-snippet":"max-snippet:-1","max-image-preview":"max-image-preview:large","max-video-preview":"max-video-preview:-1"},"canonical":"https:\/\/www.eldiario.net\/portal\/2026\/06\/25\/militares-recuperan-motocicletas-robadas-y-decomisan-municiones\/","og_locale":"es_ES","og_type":"article","og_title":"Militares recuperan motocicletas robadas y decomisan municiones - El Diario - Bolivia","og_description":"Miembros de las Fuerzas Armadas ejecutaron una operaci\u00f3n militar en el sector Ci\u00e9naga Grande, ubicado en el cant\u00f3n Tosagua, provincia de Manab\u00ed. La intervenci\u00f3n planificada tuvo como motivaci\u00f3n principal combatir las actividades il\u00edcitas y fortalecer la tranquilidad ciudadana, logrando como resultado la recuperaci\u00f3n de dos motocicletas reportadas como robadas y el decomiso de 15 municiones [&hellip;]","og_url":"https:\/\/www.eldiario.net\/portal\/2026\/06\/25\/militares-recuperan-motocicletas-robadas-y-decomisan-municiones\/","og_site_name":"El Diario - Bolivia","article_publisher":"https:\/\/www.facebook.com\/eldiario.bolivia\/","article_published_time":"2026-06-25T11:29:53+00:00","og_image":[{"width":1200,"height":800,"url":"https:\/\/www.eldiario.net\/portal\/wp-content\/uploads\/2026\/06\/ECUADOR-FFAA-1.webp","type":"image\/webp"}],"author":"Jeanette","twitter_card":"summary_large_image","twitter_creator":"@eldiario_net","twitter_site":"@eldiario_net","twitter_misc":{"Escrito por":"Jeanette","Tiempo de lectura":"3 minutos"},"schema":{"@context":"https:\/\/schema.org","@graph":[{"@type":"Article","@id":"https:\/\/www.eldiario.net\/portal\/2026\/06\/25\/militares-recuperan-motocicletas-robadas-y-decomisan-municiones\/#article","isPartOf":{"@id":"https:\/\/www.eldiario.net\/portal\/2026\/06\/25\/militares-recuperan-motocicletas-robadas-y-decomisan-municiones\/"},"author":{"name":"Jeanette","@id":"https:\/\/www.eldiario.net\/portal\/#\/schema\/person\/f46445640444750d7d753ccd04ae01b7"},"headline":"Militares recuperan motocicletas robadas y decomisan municiones","datePublished":"2026-06-25T11:29:53+00:00","mainEntityOfPage":{"@id":"https:\/\/www.eldiario.net\/portal\/2026\/06\/25\/militares-recuperan-motocicletas-robadas-y-decomisan-municiones\/"},"wordCount":479,"publisher":{"@id":"https:\/\/www.eldiario.net\/portal\/#organization"},"image":{"@id":"https:\/\/www.eldiario.net\/portal\/2026\/06\/25\/militares-recuperan-motocicletas-robadas-y-decomisan-municiones\/#primaryimage"},"thumbnailUrl":"https:\/\/www.eldiario.net\/portal\/wp-content\/uploads\/2026\/06\/ECUADOR-FFAA-1.webp","articleSection":["Internacional"],"inLanguage":"es"},{"@type":"WebPage","@id":"https:\/\/www.eldiario.net\/portal\/2026\/06\/25\/militares-recuperan-motocicletas-robadas-y-decomisan-municiones\/","url":"https:\/\/www.eldiario.net\/portal\/2026\/06\/25\/militares-recuperan-motocicletas-robadas-y-decomisan-municiones\/","name":"Militares recuperan motocicletas robadas y decomisan municiones - El Diario - Bolivia","isPartOf":{"@id":"https:\/\/www.eldiario.net\/portal\/#website"},"primaryImageOfPage":{"@id":"https:\/\/www.eldiario.net\/portal\/2026\/06\/25\/militares-recuperan-motocicletas-robadas-y-decomisan-municiones\/#primaryimage"},"image":{"@id":"https:\/\/www.eldiario.net\/portal\/2026\/06\/25\/militares-recuperan-motocicletas-robadas-y-decomisan-municiones\/#primaryimage"},"thumbnailUrl":"https:\/\/www.eldiario.net\/portal\/wp-content\/uploads\/2026\/06\/ECUADOR-FFAA-1.webp","datePublished":"2026-06-25T11:29:53+00:00","breadcrumb":{"@id":"https:\/\/www.eldiario.net\/portal\/2026\/06\/25\/militares-recuperan-motocicletas-robadas-y-decomisan-municiones\/#breadcrumb"},"inLanguage":"es","potentialAction":[{"@type":"ReadAction","target":["https:\/\/www.eldiario.net\/portal\/2026\/06\/25\/militares-recuperan-motocicletas-robadas-y-decomisan-municiones\/"]}]},{"@type":"ImageObject","inLanguage":"es","@id":"https:\/\/www.eldiario.net\/portal\/2026\/06\/25\/militares-recuperan-motocicletas-robadas-y-decomisan-municiones\/#primaryimage","url":"https:\/\/www.eldiario.net\/portal\/wp-content\/uploads\/2026\/06\/ECUADOR-FFAA-1.webp","contentUrl":"https:\/\/www.eldiario.net\/portal\/wp-content\/uploads\/2026\/06\/ECUADOR-FFAA-1.webp","width":1200,"height":800,"caption":"Personal de las Fuerzas Armadas realiz\u00f3 una operaci\u00f3n en cant\u00f3n Tosagua. CREDITO: FFAA"},{"@type":"BreadcrumbList","@id":"https:\/\/www.eldiario.net\/portal\/2026\/06\/25\/militares-recuperan-motocicletas-robadas-y-decomisan-municiones\/#breadcrumb","itemListElement":[{"@type":"ListItem","position":1,"name":"Portada","item":"https:\/\/www.eldiario.net\/portal\/"},{"@type":"ListItem","position":2,"name":"Militares recuperan motocicletas robadas y decomisan municiones"}]},{"@type":"WebSite","@id":"https:\/\/www.eldiario.net\/portal\/#website","url":"https:\/\/www.eldiario.net\/portal\/","name":"El Diario - Decano de la prensa nacional","description":"El Diario - Decano de la prensa nacional","publisher":{"@id":"https:\/\/www.eldiario.net\/portal\/#organization"},"potentialAction":[{"@type":"SearchAction","target":{"@type":"EntryPoint","urlTemplate":"https:\/\/www.eldiario.net\/portal\/?s={search_term_string}"},"query-input":{"@type":"PropertyValueSpecification","valueRequired":true,"valueName":"search_term_string"}}],"inLanguage":"es"},{"@type":"Organization","@id":"https:\/\/www.eldiario.net\/portal\/#organization","name":"El Diario - Decano de la prensa nacional","url":"https:\/\/www.eldiario.net\/portal\/","logo":{"@type":"ImageObject","inLanguage":"es","@id":"https:\/\/www.eldiario.net\/portal\/#\/schema\/logo\/image\/","url":"https:\/\/www.eldiario.net\/portal\/wp-content\/uploads\/2023\/07\/logo_ED.jpg","contentUrl":"https:\/\/www.eldiario.net\/portal\/wp-content\/uploads\/2023\/07\/logo_ED.jpg","width":272,"height":52,"caption":"El Diario - Decano de la prensa nacional"},"image":{"@id":"https:\/\/www.eldiario.net\/portal\/#\/schema\/logo\/image\/"},"sameAs":["https:\/\/www.facebook.com\/eldiario.bolivia\/","https:\/\/x.com\/eldiario_net"]},{"@type":"Person","@id":"https:\/\/www.eldiario.net\/portal\/#\/schema\/person\/f46445640444750d7d753ccd04ae01b7","name":"Jeanette","image":{"@type":"ImageObject","inLanguage":"es","@id":"https:\/\/secure.gravatar.com\/avatar\/3ea2118a5f7dad2b7138b1187a6b7ee55f160b9968b66013c3a3ef39dd7e5798?s=96&d=mm&r=g","url":"https:\/\/secure.gravatar.com\/avatar\/3ea2118a5f7dad2b7138b1187a6b7ee55f160b9968b66013c3a3ef39dd7e5798?s=96&d=mm&r=g","contentUrl":"https:\/\/secure.gravatar.com\/avatar\/3ea2118a5f7dad2b7138b1187a6b7ee55f160b9968b66013c3a3ef39dd7e5798?s=96&d=mm&r=g","caption":"Jeanette"},"sameAs":["https:\/\/www.eldiario.net\/portal"],"url":"https:\/\/www.eldiario.net\/portal\/author\/jeanette\/"}]}},"_links":{"self":[{"href":"https:\/\/www.eldiario.net\/portal\/wp-json\/wp\/v2\/posts\/406909","targetHints":{"allow":["GET"]}}],"collection":[{"href":"https:\/\/www.eldiario.net\/portal\/wp-json\/wp\/v2\/posts"}],"about":[{"href":"https:\/\/www.eldiario.net\/portal\/wp-json\/wp\/v2\/types\/post"}],"author":[{"embeddable":true,"href":"https:\/\/www.eldiario.net\/portal\/wp-json\/wp\/v2\/users\/1"}],"replies":[{"embeddable":true,"href":"https:\/\/www.eldiario.net\/portal\/wp-json\/wp\/v2\/comments?post=406909"}],"version-history":[{"count":1,"href":"https:\/\/www.eldiario.net\/portal\/wp-json\/wp\/v2\/posts\/406909\/revisions"}],"predecessor-version":[{"id":406911,"href":"https:\/\/www.eldiario.net\/portal\/wp-json\/wp\/v2\/posts\/406909\/revisions\/406911"}],"wp:featuredmedia":[{"embeddable":true,"href":"https:\/\/www.eldiario.net\/portal\/wp-json\/wp\/v2\/media\/406910"}],"wp:attachment":[{"href":"https:\/\/www.eldiario.net\/portal\/wp-json\/wp\/v2\/media?parent=406909"}],"wp:term":[{"taxonomy":"category","embeddable":true,"href":"https:\/\/www.eldiario.net\/portal\/wp-json\/wp\/v2\/categories?post=406909"},{"taxonomy":"post_tag","embeddable":true,"href":"https:\/\/www.eldiario.net\/portal\/wp-json\/wp\/v2\/tags?post=406909"}],"curies":[{"name":"wp","href":"https:\/\/api.w.org\/{rel}","templated":true}]}}