{"id":406906,"date":"2026-06-25T07:29:20","date_gmt":"2026-06-25T11:29:20","guid":{"rendered":"https:\/\/www.eldiario.net\/portal\/?p=406906"},"modified":"2026-06-25T07:29:20","modified_gmt":"2026-06-25T11:29:20","slug":"cepeda-reconoce-triunfo-de-de-la-espriella-en-colombia-2","status":"publish","type":"post","link":"https:\/\/www.eldiario.net\/portal\/2026\/06\/25\/cepeda-reconoce-triunfo-de-de-la-espriella-en-colombia-2\/","title":{"rendered":"Cepeda reconoce triunfo de De la Espriella en Colombia"},"content":{"rendered":"<p>El candidato Iv\u00e1n Cepeda reconoci\u00f3 ayer la derrota en las elecciones presidenciales del pasado domingo en Colombia y acept\u00f3 el triunfo del candidato Abelardo de la Espriella, quien obtuvo 12,9 millones de votos (49,78 %) y le gan\u00f3 por menos de un punto porcentual de diferencia.<\/p>\n<p>\u00abDecid\u00ed aceptar el resultado que surge de dicho proceso y se\u00f1ala que Abelardo de la Espriella es el nuevo presidente de la rep\u00fablica\u00bb, declar\u00f3 en rueda de prensa.<\/p>\n<p>&nbsp;<\/p>\n<p>APRETADO BALOTAJE<\/p>\n<p>Asimismo, Cepeda afirm\u00f3 que tom\u00f3 la decisi\u00f3n \u00abcomo un acto de responsabilidad democr\u00e1tica\u00bb y asegur\u00f3 que busca contribuir \u00aba la convivencia, a la paz y al di\u00e1logo entre colombianos\u00bb.<\/p>\n<p>Seg\u00fan el conteo preliminar difundido el domingo, el senador oficialista perdi\u00f3 por menos de un punto porcentual, pero sostuvo que solo aceptar\u00eda los resultados despu\u00e9s del escrutinio final, que est\u00e1 cerca de concluir.<\/p>\n<p>Luego de las elecciones se desataron protestas y choques entre simpatizantes de Cepeda y la polic\u00eda antidisturbios en ciudades como Bogot\u00e1 y Cali.<\/p>\n<p>&nbsp;<\/p>\n<p>TRANSPARENCIA DEL PROCESO<\/p>\n<p>La Registradur\u00eda, entidad encargada de las elecciones, anunci\u00f3 el martes que el avance del escrutinio demostraba coincidencia en un 99,9% con el preconteo del domingo. Adem\u00e1s, la misi\u00f3n de la Uni\u00f3n Europea, que despleg\u00f3 150 observadores electorales en la segunda vuelta, descart\u00f3 \u00abirregularidades\u00bb.<\/p>\n<p>De la Espriella, un abogado millonario que nunca hab\u00eda sido electo para un cargo p\u00fablico, promete mano dura contra el crimen y tiene un discurso radical contra la izquierda, que ascendi\u00f3 al poder por primera vez con Gustavo Petro en 2022.(Dw)<\/p>\n","protected":false},"excerpt":{"rendered":"<p>El candidato Iv\u00e1n Cepeda reconoci\u00f3 ayer la derrota en las elecciones presidenciales del pasado domingo en Colombia y acept\u00f3 el triunfo del candidato Abelardo de la Espriella, quien obtuvo 12,9 millones de votos (49,78 %) y le gan\u00f3 por menos de un punto porcentual de diferencia. \u00abDecid\u00ed aceptar el resultado que surge de dicho proceso [&hellip;]<\/p>\n","protected":false},"author":1,"featured_media":406907,"comment_status":"closed","ping_status":"open","sticky":false,"template":"","format":"standard","meta":{"_acf_changed":false,"footnotes":""},"categories":[3],"tags":[],"class_list":["post-406906","post","type-post","status-publish","format-standard","has-post-thumbnail","category-internacional"],"acf":{"antetitulo":""},"yoast_head":"<!-- This site is optimized with the Yoast SEO plugin v28.4 - https:\/\/yoast.com\/product\/yoast-seo-wordpress\/ -->\n<title>Cepeda reconoce triunfo de De la Espriella en Colombia - El Diario - Bolivia<\/title>\n<meta name=\"robots\" content=\"index, follow, max-snippet:-1, max-image-preview:large, max-video-preview:-1\" \/>\n<link rel=\"canonical\" href=\"https:\/\/www.eldiario.net\/portal\/2026\/06\/25\/cepeda-reconoce-triunfo-de-de-la-espriella-en-colombia-2\/\" \/>\n<meta property=\"og:locale\" content=\"es_ES\" \/>\n<meta property=\"og:type\" content=\"article\" \/>\n<meta property=\"og:title\" content=\"Cepeda reconoce triunfo de De la Espriella en Colombia - El Diario - Bolivia\" \/>\n<meta property=\"og:description\" content=\"El candidato Iv\u00e1n Cepeda reconoci\u00f3 ayer la derrota en las elecciones presidenciales del pasado domingo en Colombia y acept\u00f3 el triunfo del candidato Abelardo de la Espriella, quien obtuvo 12,9 millones de votos (49,78 %) y le gan\u00f3 por menos de un punto porcentual de diferencia. \u00abDecid\u00ed aceptar el resultado que surge de dicho proceso [&hellip;]\" \/>\n<meta property=\"og:url\" content=\"https:\/\/www.eldiario.net\/portal\/2026\/06\/25\/cepeda-reconoce-triunfo-de-de-la-espriella-en-colombia-2\/\" \/>\n<meta property=\"og:site_name\" content=\"El Diario - Bolivia\" \/>\n<meta property=\"article:publisher\" content=\"https:\/\/www.facebook.com\/eldiario.bolivia\/\" \/>\n<meta property=\"article:published_time\" content=\"2026-06-25T11:29:20+00:00\" \/>\n<meta property=\"og:image\" content=\"https:\/\/www.eldiario.net\/portal\/wp-content\/uploads\/2026\/06\/ELECCION-AP.webp\" \/>\n\t<meta property=\"og:image:width\" content=\"620\" \/>\n\t<meta property=\"og:image:height\" content=\"427\" \/>\n\t<meta property=\"og:image:type\" content=\"image\/webp\" \/>\n<meta name=\"author\" content=\"Jeanette\" \/>\n<meta name=\"twitter:card\" content=\"summary_large_image\" \/>\n<meta name=\"twitter:creator\" content=\"@eldiario_net\" \/>\n<meta name=\"twitter:site\" content=\"@eldiario_net\" \/>\n<meta name=\"twitter:label1\" content=\"Escrito por\" \/>\n\t<meta name=\"twitter:data1\" content=\"Jeanette\" \/>\n\t<meta name=\"twitter:label2\" content=\"Tiempo de lectura\" \/>\n\t<meta name=\"twitter:data2\" content=\"2 minutos\" \/>\n<script type=\"application\/ld+json\" class=\"yoast-schema-graph\">{\"@context\":\"https:\\\/\\\/schema.org\",\"@graph\":[{\"@type\":\"Article\",\"@id\":\"https:\\\/\\\/www.eldiario.net\\\/portal\\\/2026\\\/06\\\/25\\\/cepeda-reconoce-triunfo-de-de-la-espriella-en-colombia-2\\\/#article\",\"isPartOf\":{\"@id\":\"https:\\\/\\\/www.eldiario.net\\\/portal\\\/2026\\\/06\\\/25\\\/cepeda-reconoce-triunfo-de-de-la-espriella-en-colombia-2\\\/\"},\"author\":{\"name\":\"Jeanette\",\"@id\":\"https:\\\/\\\/www.eldiario.net\\\/portal\\\/#\\\/schema\\\/person\\\/f46445640444750d7d753ccd04ae01b7\"},\"headline\":\"Cepeda reconoce triunfo de De la Espriella en Colombia\",\"datePublished\":\"2026-06-25T11:29:20+00:00\",\"mainEntityOfPage\":{\"@id\":\"https:\\\/\\\/www.eldiario.net\\\/portal\\\/2026\\\/06\\\/25\\\/cepeda-reconoce-triunfo-de-de-la-espriella-en-colombia-2\\\/\"},\"wordCount\":270,\"publisher\":{\"@id\":\"https:\\\/\\\/www.eldiario.net\\\/portal\\\/#organization\"},\"image\":{\"@id\":\"https:\\\/\\\/www.eldiario.net\\\/portal\\\/2026\\\/06\\\/25\\\/cepeda-reconoce-triunfo-de-de-la-espriella-en-colombia-2\\\/#primaryimage\"},\"thumbnailUrl\":\"https:\\\/\\\/www.eldiario.net\\\/portal\\\/wp-content\\\/uploads\\\/2026\\\/06\\\/ELECCION-AP.webp\",\"articleSection\":[\"Internacional\"],\"inLanguage\":\"es\"},{\"@type\":\"WebPage\",\"@id\":\"https:\\\/\\\/www.eldiario.net\\\/portal\\\/2026\\\/06\\\/25\\\/cepeda-reconoce-triunfo-de-de-la-espriella-en-colombia-2\\\/\",\"url\":\"https:\\\/\\\/www.eldiario.net\\\/portal\\\/2026\\\/06\\\/25\\\/cepeda-reconoce-triunfo-de-de-la-espriella-en-colombia-2\\\/\",\"name\":\"Cepeda reconoce triunfo de De la Espriella en Colombia - El Diario - Bolivia\",\"isPartOf\":{\"@id\":\"https:\\\/\\\/www.eldiario.net\\\/portal\\\/#website\"},\"primaryImageOfPage\":{\"@id\":\"https:\\\/\\\/www.eldiario.net\\\/portal\\\/2026\\\/06\\\/25\\\/cepeda-reconoce-triunfo-de-de-la-espriella-en-colombia-2\\\/#primaryimage\"},\"image\":{\"@id\":\"https:\\\/\\\/www.eldiario.net\\\/portal\\\/2026\\\/06\\\/25\\\/cepeda-reconoce-triunfo-de-de-la-espriella-en-colombia-2\\\/#primaryimage\"},\"thumbnailUrl\":\"https:\\\/\\\/www.eldiario.net\\\/portal\\\/wp-content\\\/uploads\\\/2026\\\/06\\\/ELECCION-AP.webp\",\"datePublished\":\"2026-06-25T11:29:20+00:00\",\"breadcrumb\":{\"@id\":\"https:\\\/\\\/www.eldiario.net\\\/portal\\\/2026\\\/06\\\/25\\\/cepeda-reconoce-triunfo-de-de-la-espriella-en-colombia-2\\\/#breadcrumb\"},\"inLanguage\":\"es\",\"potentialAction\":[{\"@type\":\"ReadAction\",\"target\":[\"https:\\\/\\\/www.eldiario.net\\\/portal\\\/2026\\\/06\\\/25\\\/cepeda-reconoce-triunfo-de-de-la-espriella-en-colombia-2\\\/\"]}]},{\"@type\":\"ImageObject\",\"inLanguage\":\"es\",\"@id\":\"https:\\\/\\\/www.eldiario.net\\\/portal\\\/2026\\\/06\\\/25\\\/cepeda-reconoce-triunfo-de-de-la-espriella-en-colombia-2\\\/#primaryimage\",\"url\":\"https:\\\/\\\/www.eldiario.net\\\/portal\\\/wp-content\\\/uploads\\\/2026\\\/06\\\/ELECCION-AP.webp\",\"contentUrl\":\"https:\\\/\\\/www.eldiario.net\\\/portal\\\/wp-content\\\/uploads\\\/2026\\\/06\\\/ELECCION-AP.webp\",\"width\":620,\"height\":427,\"caption\":\"El candidato Iv\u00e1n Cepeda habla en conferencia de prensa en Bogot\u00e1, CREDITO: EPA\"},{\"@type\":\"BreadcrumbList\",\"@id\":\"https:\\\/\\\/www.eldiario.net\\\/portal\\\/2026\\\/06\\\/25\\\/cepeda-reconoce-triunfo-de-de-la-espriella-en-colombia-2\\\/#breadcrumb\",\"itemListElement\":[{\"@type\":\"ListItem\",\"position\":1,\"name\":\"Portada\",\"item\":\"https:\\\/\\\/www.eldiario.net\\\/portal\\\/\"},{\"@type\":\"ListItem\",\"position\":2,\"name\":\"Cepeda reconoce triunfo de De la Espriella en Colombia\"}]},{\"@type\":\"WebSite\",\"@id\":\"https:\\\/\\\/www.eldiario.net\\\/portal\\\/#website\",\"url\":\"https:\\\/\\\/www.eldiario.net\\\/portal\\\/\",\"name\":\"El Diario - Decano de la prensa nacional\",\"description\":\"El Diario - Decano de la prensa nacional\",\"publisher\":{\"@id\":\"https:\\\/\\\/www.eldiario.net\\\/portal\\\/#organization\"},\"potentialAction\":[{\"@type\":\"SearchAction\",\"target\":{\"@type\":\"EntryPoint\",\"urlTemplate\":\"https:\\\/\\\/www.eldiario.net\\\/portal\\\/?s={search_term_string}\"},\"query-input\":{\"@type\":\"PropertyValueSpecification\",\"valueRequired\":true,\"valueName\":\"search_term_string\"}}],\"inLanguage\":\"es\"},{\"@type\":\"Organization\",\"@id\":\"https:\\\/\\\/www.eldiario.net\\\/portal\\\/#organization\",\"name\":\"El Diario - Decano de la prensa nacional\",\"url\":\"https:\\\/\\\/www.eldiario.net\\\/portal\\\/\",\"logo\":{\"@type\":\"ImageObject\",\"inLanguage\":\"es\",\"@id\":\"https:\\\/\\\/www.eldiario.net\\\/portal\\\/#\\\/schema\\\/logo\\\/image\\\/\",\"url\":\"https:\\\/\\\/www.eldiario.net\\\/portal\\\/wp-content\\\/uploads\\\/2023\\\/07\\\/logo_ED.jpg\",\"contentUrl\":\"https:\\\/\\\/www.eldiario.net\\\/portal\\\/wp-content\\\/uploads\\\/2023\\\/07\\\/logo_ED.jpg\",\"width\":272,\"height\":52,\"caption\":\"El Diario - Decano de la prensa nacional\"},\"image\":{\"@id\":\"https:\\\/\\\/www.eldiario.net\\\/portal\\\/#\\\/schema\\\/logo\\\/image\\\/\"},\"sameAs\":[\"https:\\\/\\\/www.facebook.com\\\/eldiario.bolivia\\\/\",\"https:\\\/\\\/x.com\\\/eldiario_net\"]},{\"@type\":\"Person\",\"@id\":\"https:\\\/\\\/www.eldiario.net\\\/portal\\\/#\\\/schema\\\/person\\\/f46445640444750d7d753ccd04ae01b7\",\"name\":\"Jeanette\",\"image\":{\"@type\":\"ImageObject\",\"inLanguage\":\"es\",\"@id\":\"https:\\\/\\\/secure.gravatar.com\\\/avatar\\\/3ea2118a5f7dad2b7138b1187a6b7ee55f160b9968b66013c3a3ef39dd7e5798?s=96&d=mm&r=g\",\"url\":\"https:\\\/\\\/secure.gravatar.com\\\/avatar\\\/3ea2118a5f7dad2b7138b1187a6b7ee55f160b9968b66013c3a3ef39dd7e5798?s=96&d=mm&r=g\",\"contentUrl\":\"https:\\\/\\\/secure.gravatar.com\\\/avatar\\\/3ea2118a5f7dad2b7138b1187a6b7ee55f160b9968b66013c3a3ef39dd7e5798?s=96&d=mm&r=g\",\"caption\":\"Jeanette\"},\"sameAs\":[\"https:\\\/\\\/www.eldiario.net\\\/portal\"],\"url\":\"https:\\\/\\\/www.eldiario.net\\\/portal\\\/author\\\/jeanette\\\/\"}]}<\/script>\n<!-- \/ Yoast SEO plugin. -->","yoast_head_json":{"title":"Cepeda reconoce triunfo de De la Espriella en Colombia - El Diario - Bolivia","robots":{"index":"index","follow":"follow","max-snippet":"max-snippet:-1","max-image-preview":"max-image-preview:large","max-video-preview":"max-video-preview:-1"},"canonical":"https:\/\/www.eldiario.net\/portal\/2026\/06\/25\/cepeda-reconoce-triunfo-de-de-la-espriella-en-colombia-2\/","og_locale":"es_ES","og_type":"article","og_title":"Cepeda reconoce triunfo de De la Espriella en Colombia - El Diario - Bolivia","og_description":"El candidato Iv\u00e1n Cepeda reconoci\u00f3 ayer la derrota en las elecciones presidenciales del pasado domingo en Colombia y acept\u00f3 el triunfo del candidato Abelardo de la Espriella, quien obtuvo 12,9 millones de votos (49,78 %) y le gan\u00f3 por menos de un punto porcentual de diferencia. \u00abDecid\u00ed aceptar el resultado que surge de dicho proceso [&hellip;]","og_url":"https:\/\/www.eldiario.net\/portal\/2026\/06\/25\/cepeda-reconoce-triunfo-de-de-la-espriella-en-colombia-2\/","og_site_name":"El Diario - Bolivia","article_publisher":"https:\/\/www.facebook.com\/eldiario.bolivia\/","article_published_time":"2026-06-25T11:29:20+00:00","og_image":[{"width":620,"height":427,"url":"https:\/\/www.eldiario.net\/portal\/wp-content\/uploads\/2026\/06\/ELECCION-AP.webp","type":"image\/webp"}],"author":"Jeanette","twitter_card":"summary_large_image","twitter_creator":"@eldiario_net","twitter_site":"@eldiario_net","twitter_misc":{"Escrito por":"Jeanette","Tiempo de lectura":"2 minutos"},"schema":{"@context":"https:\/\/schema.org","@graph":[{"@type":"Article","@id":"https:\/\/www.eldiario.net\/portal\/2026\/06\/25\/cepeda-reconoce-triunfo-de-de-la-espriella-en-colombia-2\/#article","isPartOf":{"@id":"https:\/\/www.eldiario.net\/portal\/2026\/06\/25\/cepeda-reconoce-triunfo-de-de-la-espriella-en-colombia-2\/"},"author":{"name":"Jeanette","@id":"https:\/\/www.eldiario.net\/portal\/#\/schema\/person\/f46445640444750d7d753ccd04ae01b7"},"headline":"Cepeda reconoce triunfo de De la Espriella en Colombia","datePublished":"2026-06-25T11:29:20+00:00","mainEntityOfPage":{"@id":"https:\/\/www.eldiario.net\/portal\/2026\/06\/25\/cepeda-reconoce-triunfo-de-de-la-espriella-en-colombia-2\/"},"wordCount":270,"publisher":{"@id":"https:\/\/www.eldiario.net\/portal\/#organization"},"image":{"@id":"https:\/\/www.eldiario.net\/portal\/2026\/06\/25\/cepeda-reconoce-triunfo-de-de-la-espriella-en-colombia-2\/#primaryimage"},"thumbnailUrl":"https:\/\/www.eldiario.net\/portal\/wp-content\/uploads\/2026\/06\/ELECCION-AP.webp","articleSection":["Internacional"],"inLanguage":"es"},{"@type":"WebPage","@id":"https:\/\/www.eldiario.net\/portal\/2026\/06\/25\/cepeda-reconoce-triunfo-de-de-la-espriella-en-colombia-2\/","url":"https:\/\/www.eldiario.net\/portal\/2026\/06\/25\/cepeda-reconoce-triunfo-de-de-la-espriella-en-colombia-2\/","name":"Cepeda reconoce triunfo de De la Espriella en Colombia - El Diario - Bolivia","isPartOf":{"@id":"https:\/\/www.eldiario.net\/portal\/#website"},"primaryImageOfPage":{"@id":"https:\/\/www.eldiario.net\/portal\/2026\/06\/25\/cepeda-reconoce-triunfo-de-de-la-espriella-en-colombia-2\/#primaryimage"},"image":{"@id":"https:\/\/www.eldiario.net\/portal\/2026\/06\/25\/cepeda-reconoce-triunfo-de-de-la-espriella-en-colombia-2\/#primaryimage"},"thumbnailUrl":"https:\/\/www.eldiario.net\/portal\/wp-content\/uploads\/2026\/06\/ELECCION-AP.webp","datePublished":"2026-06-25T11:29:20+00:00","breadcrumb":{"@id":"https:\/\/www.eldiario.net\/portal\/2026\/06\/25\/cepeda-reconoce-triunfo-de-de-la-espriella-en-colombia-2\/#breadcrumb"},"inLanguage":"es","potentialAction":[{"@type":"ReadAction","target":["https:\/\/www.eldiario.net\/portal\/2026\/06\/25\/cepeda-reconoce-triunfo-de-de-la-espriella-en-colombia-2\/"]}]},{"@type":"ImageObject","inLanguage":"es","@id":"https:\/\/www.eldiario.net\/portal\/2026\/06\/25\/cepeda-reconoce-triunfo-de-de-la-espriella-en-colombia-2\/#primaryimage","url":"https:\/\/www.eldiario.net\/portal\/wp-content\/uploads\/2026\/06\/ELECCION-AP.webp","contentUrl":"https:\/\/www.eldiario.net\/portal\/wp-content\/uploads\/2026\/06\/ELECCION-AP.webp","width":620,"height":427,"caption":"El candidato Iv\u00e1n Cepeda habla en conferencia de prensa en Bogot\u00e1, CREDITO: EPA"},{"@type":"BreadcrumbList","@id":"https:\/\/www.eldiario.net\/portal\/2026\/06\/25\/cepeda-reconoce-triunfo-de-de-la-espriella-en-colombia-2\/#breadcrumb","itemListElement":[{"@type":"ListItem","position":1,"name":"Portada","item":"https:\/\/www.eldiario.net\/portal\/"},{"@type":"ListItem","position":2,"name":"Cepeda reconoce triunfo de De la Espriella en Colombia"}]},{"@type":"WebSite","@id":"https:\/\/www.eldiario.net\/portal\/#website","url":"https:\/\/www.eldiario.net\/portal\/","name":"El Diario - Decano de la prensa nacional","description":"El Diario - Decano de la prensa nacional","publisher":{"@id":"https:\/\/www.eldiario.net\/portal\/#organization"},"potentialAction":[{"@type":"SearchAction","target":{"@type":"EntryPoint","urlTemplate":"https:\/\/www.eldiario.net\/portal\/?s={search_term_string}"},"query-input":{"@type":"PropertyValueSpecification","valueRequired":true,"valueName":"search_term_string"}}],"inLanguage":"es"},{"@type":"Organization","@id":"https:\/\/www.eldiario.net\/portal\/#organization","name":"El Diario - Decano de la prensa nacional","url":"https:\/\/www.eldiario.net\/portal\/","logo":{"@type":"ImageObject","inLanguage":"es","@id":"https:\/\/www.eldiario.net\/portal\/#\/schema\/logo\/image\/","url":"https:\/\/www.eldiario.net\/portal\/wp-content\/uploads\/2023\/07\/logo_ED.jpg","contentUrl":"https:\/\/www.eldiario.net\/portal\/wp-content\/uploads\/2023\/07\/logo_ED.jpg","width":272,"height":52,"caption":"El Diario - Decano de la prensa nacional"},"image":{"@id":"https:\/\/www.eldiario.net\/portal\/#\/schema\/logo\/image\/"},"sameAs":["https:\/\/www.facebook.com\/eldiario.bolivia\/","https:\/\/x.com\/eldiario_net"]},{"@type":"Person","@id":"https:\/\/www.eldiario.net\/portal\/#\/schema\/person\/f46445640444750d7d753ccd04ae01b7","name":"Jeanette","image":{"@type":"ImageObject","inLanguage":"es","@id":"https:\/\/secure.gravatar.com\/avatar\/3ea2118a5f7dad2b7138b1187a6b7ee55f160b9968b66013c3a3ef39dd7e5798?s=96&d=mm&r=g","url":"https:\/\/secure.gravatar.com\/avatar\/3ea2118a5f7dad2b7138b1187a6b7ee55f160b9968b66013c3a3ef39dd7e5798?s=96&d=mm&r=g","contentUrl":"https:\/\/secure.gravatar.com\/avatar\/3ea2118a5f7dad2b7138b1187a6b7ee55f160b9968b66013c3a3ef39dd7e5798?s=96&d=mm&r=g","caption":"Jeanette"},"sameAs":["https:\/\/www.eldiario.net\/portal"],"url":"https:\/\/www.eldiario.net\/portal\/author\/jeanette\/"}]}},"_links":{"self":[{"href":"https:\/\/www.eldiario.net\/portal\/wp-json\/wp\/v2\/posts\/406906","targetHints":{"allow":["GET"]}}],"collection":[{"href":"https:\/\/www.eldiario.net\/portal\/wp-json\/wp\/v2\/posts"}],"about":[{"href":"https:\/\/www.eldiario.net\/portal\/wp-json\/wp\/v2\/types\/post"}],"author":[{"embeddable":true,"href":"https:\/\/www.eldiario.net\/portal\/wp-json\/wp\/v2\/users\/1"}],"replies":[{"embeddable":true,"href":"https:\/\/www.eldiario.net\/portal\/wp-json\/wp\/v2\/comments?post=406906"}],"version-history":[{"count":1,"href":"https:\/\/www.eldiario.net\/portal\/wp-json\/wp\/v2\/posts\/406906\/revisions"}],"predecessor-version":[{"id":406908,"href":"https:\/\/www.eldiario.net\/portal\/wp-json\/wp\/v2\/posts\/406906\/revisions\/406908"}],"wp:featuredmedia":[{"embeddable":true,"href":"https:\/\/www.eldiario.net\/portal\/wp-json\/wp\/v2\/media\/406907"}],"wp:attachment":[{"href":"https:\/\/www.eldiario.net\/portal\/wp-json\/wp\/v2\/media?parent=406906"}],"wp:term":[{"taxonomy":"category","embeddable":true,"href":"https:\/\/www.eldiario.net\/portal\/wp-json\/wp\/v2\/categories?post=406906"},{"taxonomy":"post_tag","embeddable":true,"href":"https:\/\/www.eldiario.net\/portal\/wp-json\/wp\/v2\/tags?post=406906"}],"curies":[{"name":"wp","href":"https:\/\/api.w.org\/{rel}","templated":true}]}}