{"id":406900,"date":"2026-06-25T07:28:22","date_gmt":"2026-06-25T11:28:22","guid":{"rendered":"https:\/\/www.eldiario.net\/portal\/?p=406900"},"modified":"2026-06-25T07:28:22","modified_gmt":"2026-06-25T11:28:22","slug":"keiko-fujimori-se-perfila-como-ganadora-de-la-segunda-vuelta","status":"publish","type":"post","link":"https:\/\/www.eldiario.net\/portal\/2026\/06\/25\/keiko-fujimori-se-perfila-como-ganadora-de-la-segunda-vuelta\/","title":{"rendered":"Keiko Fujimori se perfila como ganadora de la segunda vuelta"},"content":{"rendered":"<p>La candidata Keiko Fujimori apareci\u00f3 como la ganadora de la elecci\u00f3n presidencial en Per\u00fa tras haber tomado una ventaja que se ha vuelto inalcanzable sobre su rival, Roberto S\u00e1nchez, al t\u00e9rmino de uno de los comicios m\u00e1s re\u00f1idos de la historia reciente de Am\u00e9rica Latina.<\/p>\n<p>Esta victoria marcar\u00eda el regreso del fujimorismo al poder, m\u00e1s de dos d\u00e9cadas despu\u00e9s de la ca\u00edda del expresidente aut\u00f3crata Alberto Fujimori (1990-2000), padre de la candidata de 51 a\u00f1os.<\/p>\n<p>Con 99,86% de las actas escrutadas, Fujimori reun\u00eda el 50,118% de los votos frente al 49,882% de S\u00e1nchez, de acuerdo con datos de la Oficina Nacional de Procesos Electorales (ONPE) publicados en su p\u00e1gina web.<\/p>\n<p>Fujimori aventaja por poco m\u00e1s de 43.000 votos a S\u00e1nchez, con m\u00e1s de 19 millones de votos contabilizados. La diferencia entre ambos ya no puede ser revertida, pues quedan 39.300 votos correspondientes a 131 actas electorales. La segunda vuelta se realiz\u00f3 el 7 de junio.<\/p>\n<p>Los resultados oficiales solo se conocer\u00e1n dentro de unos d\u00edas, se\u00f1al\u00f3 el martes a la Afp un vocero del Jurado Nacional de Elecciones (JNE).<\/p>\n<p>S\u00e1nchez sostuvo en conferencia de prensa la ma\u00f1ana del martes que no reconocer\u00e1 un eventual gobierno de Keiko Fujimori y asegur\u00f3 que ocurri\u00f3 \u201cuna grave afectaci\u00f3n del proceso electoral\u201d, espec\u00edficamente durante el sufragio en el exterior.<\/p>\n<p>El candidato anunci\u00f3 que acudir\u00e1 a instancias internacionales y convoc\u00f3 una nueva movilizaci\u00f3n para el s\u00e1bado en Lima.<\/p>\n<p>El izquierdista pidi\u00f3 el lunes la anulaci\u00f3n de los votos emitidos en el extranjero.<\/p>\n<p>S\u00e1nchez alega presuntas irregularidades administrativas y de custodia del organismo electoral en la votaci\u00f3n del extranjero que representa unos 300.000 votos y que favoreci\u00f3 en gran parte a Fujimori.<\/p>\n<p>El dirigente sostiene que excluyendo el voto emitido fuera del pa\u00eds, mantiene una ventaja de unos 25.000 sufragios sobre su rival.<\/p>\n<p>El JNE declar\u00f3 improcedente el pedido de nulidad de las mesas de peruanos en el extranjero, por ser extempor\u00e1nea y por falta de pago de las tasas electorales.<\/p>\n<p>El candidato vicepresidencial de Fuerza Popular, Luis Galarreta, cuestion\u00f3 la decisi\u00f3n de S\u00e1nchez de no reconocer un eventual gobierno de Fujimori y afirm\u00f3 que solo los organismos electorales pueden validar los resultados.<\/p>\n<p>Advirti\u00f3 adem\u00e1s que desconocer el proceso podr\u00eda derivar en acciones al margen de la ley y afectar el orden democr\u00e1tico.<\/p>\n<p>Fuerza Popular, la agrupaci\u00f3n de Fujimori, se\u00f1al\u00f3 que esperar\u00e1 el 100% del conteo para proclamarse ganadora.<\/p>\n<p>El recuento se inscribe dentro del est\u00e1ndar peruano. El resultado final del balotaje de 2021 entre el izquierdista Pedro Castillo y Keiko Fujimori se conoci\u00f3 seis semanas despu\u00e9s de la votaci\u00f3n. Castillo obtuvo 50,12% frente a 49,87% de Fujimori.<\/p>\n<p>Una delegaci\u00f3n de la Uni\u00f3n Europea se\u00f1al\u00f3 que la segunda vuelta se desarroll\u00f3 de manera \u201ctranquila y ordenada\u201d, en el contexto de una campa\u00f1a polarizada.(Semana)<\/p>\n","protected":false},"excerpt":{"rendered":"<p>La candidata Keiko Fujimori apareci\u00f3 como la ganadora de la elecci\u00f3n presidencial en Per\u00fa tras haber tomado una ventaja que se ha vuelto inalcanzable sobre su rival, Roberto S\u00e1nchez, al t\u00e9rmino de uno de los comicios m\u00e1s re\u00f1idos de la historia reciente de Am\u00e9rica Latina. Esta victoria marcar\u00eda el regreso del fujimorismo al poder, m\u00e1s [&hellip;]<\/p>\n","protected":false},"author":1,"featured_media":406901,"comment_status":"closed","ping_status":"open","sticky":false,"template":"","format":"standard","meta":{"_acf_changed":false,"footnotes":""},"categories":[3],"tags":[],"class_list":["post-406900","post","type-post","status-publish","format-standard","has-post-thumbnail","category-internacional"],"acf":{"antetitulo":"Per\u00fa"},"yoast_head":"<!-- This site is optimized with the Yoast SEO plugin v28.4 - https:\/\/yoast.com\/product\/yoast-seo-wordpress\/ -->\n<title>Keiko Fujimori se perfila como ganadora de la segunda vuelta - El Diario - Bolivia<\/title>\n<meta name=\"robots\" content=\"index, follow, max-snippet:-1, max-image-preview:large, max-video-preview:-1\" \/>\n<link rel=\"canonical\" href=\"https:\/\/www.eldiario.net\/portal\/2026\/06\/25\/keiko-fujimori-se-perfila-como-ganadora-de-la-segunda-vuelta\/\" \/>\n<meta property=\"og:locale\" content=\"es_ES\" \/>\n<meta property=\"og:type\" content=\"article\" \/>\n<meta property=\"og:title\" content=\"Keiko Fujimori se perfila como ganadora de la segunda vuelta - El Diario - Bolivia\" \/>\n<meta property=\"og:description\" content=\"La candidata Keiko Fujimori apareci\u00f3 como la ganadora de la elecci\u00f3n presidencial en Per\u00fa tras haber tomado una ventaja que se ha vuelto inalcanzable sobre su rival, Roberto S\u00e1nchez, al t\u00e9rmino de uno de los comicios m\u00e1s re\u00f1idos de la historia reciente de Am\u00e9rica Latina. Esta victoria marcar\u00eda el regreso del fujimorismo al poder, m\u00e1s [&hellip;]\" \/>\n<meta property=\"og:url\" content=\"https:\/\/www.eldiario.net\/portal\/2026\/06\/25\/keiko-fujimori-se-perfila-como-ganadora-de-la-segunda-vuelta\/\" \/>\n<meta property=\"og:site_name\" content=\"El Diario - Bolivia\" \/>\n<meta property=\"article:publisher\" content=\"https:\/\/www.facebook.com\/eldiario.bolivia\/\" \/>\n<meta property=\"article:published_time\" content=\"2026-06-25T11:28:22+00:00\" \/>\n<meta property=\"og:image\" content=\"https:\/\/www.eldiario.net\/portal\/wp-content\/uploads\/2026\/06\/PERU-AP13.webp\" \/>\n\t<meta property=\"og:image:width\" content=\"980\" \/>\n\t<meta property=\"og:image:height\" content=\"551\" \/>\n\t<meta property=\"og:image:type\" content=\"image\/webp\" \/>\n<meta name=\"author\" content=\"Jeanette\" \/>\n<meta name=\"twitter:card\" content=\"summary_large_image\" \/>\n<meta name=\"twitter:creator\" content=\"@eldiario_net\" \/>\n<meta name=\"twitter:site\" content=\"@eldiario_net\" \/>\n<meta name=\"twitter:label1\" content=\"Escrito por\" \/>\n\t<meta name=\"twitter:data1\" content=\"Jeanette\" \/>\n\t<meta name=\"twitter:label2\" content=\"Tiempo de lectura\" \/>\n\t<meta name=\"twitter:data2\" content=\"3 minutos\" \/>\n<script type=\"application\/ld+json\" class=\"yoast-schema-graph\">{\"@context\":\"https:\\\/\\\/schema.org\",\"@graph\":[{\"@type\":\"Article\",\"@id\":\"https:\\\/\\\/www.eldiario.net\\\/portal\\\/2026\\\/06\\\/25\\\/keiko-fujimori-se-perfila-como-ganadora-de-la-segunda-vuelta\\\/#article\",\"isPartOf\":{\"@id\":\"https:\\\/\\\/www.eldiario.net\\\/portal\\\/2026\\\/06\\\/25\\\/keiko-fujimori-se-perfila-como-ganadora-de-la-segunda-vuelta\\\/\"},\"author\":{\"name\":\"Jeanette\",\"@id\":\"https:\\\/\\\/www.eldiario.net\\\/portal\\\/#\\\/schema\\\/person\\\/f46445640444750d7d753ccd04ae01b7\"},\"headline\":\"Keiko Fujimori se perfila como ganadora de la segunda vuelta\",\"datePublished\":\"2026-06-25T11:28:22+00:00\",\"mainEntityOfPage\":{\"@id\":\"https:\\\/\\\/www.eldiario.net\\\/portal\\\/2026\\\/06\\\/25\\\/keiko-fujimori-se-perfila-como-ganadora-de-la-segunda-vuelta\\\/\"},\"wordCount\":500,\"publisher\":{\"@id\":\"https:\\\/\\\/www.eldiario.net\\\/portal\\\/#organization\"},\"image\":{\"@id\":\"https:\\\/\\\/www.eldiario.net\\\/portal\\\/2026\\\/06\\\/25\\\/keiko-fujimori-se-perfila-como-ganadora-de-la-segunda-vuelta\\\/#primaryimage\"},\"thumbnailUrl\":\"https:\\\/\\\/www.eldiario.net\\\/portal\\\/wp-content\\\/uploads\\\/2026\\\/06\\\/PERU-AP13.webp\",\"articleSection\":[\"Internacional\"],\"inLanguage\":\"es\"},{\"@type\":\"WebPage\",\"@id\":\"https:\\\/\\\/www.eldiario.net\\\/portal\\\/2026\\\/06\\\/25\\\/keiko-fujimori-se-perfila-como-ganadora-de-la-segunda-vuelta\\\/\",\"url\":\"https:\\\/\\\/www.eldiario.net\\\/portal\\\/2026\\\/06\\\/25\\\/keiko-fujimori-se-perfila-como-ganadora-de-la-segunda-vuelta\\\/\",\"name\":\"Keiko Fujimori se perfila como ganadora de la segunda vuelta - El Diario - Bolivia\",\"isPartOf\":{\"@id\":\"https:\\\/\\\/www.eldiario.net\\\/portal\\\/#website\"},\"primaryImageOfPage\":{\"@id\":\"https:\\\/\\\/www.eldiario.net\\\/portal\\\/2026\\\/06\\\/25\\\/keiko-fujimori-se-perfila-como-ganadora-de-la-segunda-vuelta\\\/#primaryimage\"},\"image\":{\"@id\":\"https:\\\/\\\/www.eldiario.net\\\/portal\\\/2026\\\/06\\\/25\\\/keiko-fujimori-se-perfila-como-ganadora-de-la-segunda-vuelta\\\/#primaryimage\"},\"thumbnailUrl\":\"https:\\\/\\\/www.eldiario.net\\\/portal\\\/wp-content\\\/uploads\\\/2026\\\/06\\\/PERU-AP13.webp\",\"datePublished\":\"2026-06-25T11:28:22+00:00\",\"breadcrumb\":{\"@id\":\"https:\\\/\\\/www.eldiario.net\\\/portal\\\/2026\\\/06\\\/25\\\/keiko-fujimori-se-perfila-como-ganadora-de-la-segunda-vuelta\\\/#breadcrumb\"},\"inLanguage\":\"es\",\"potentialAction\":[{\"@type\":\"ReadAction\",\"target\":[\"https:\\\/\\\/www.eldiario.net\\\/portal\\\/2026\\\/06\\\/25\\\/keiko-fujimori-se-perfila-como-ganadora-de-la-segunda-vuelta\\\/\"]}]},{\"@type\":\"ImageObject\",\"inLanguage\":\"es\",\"@id\":\"https:\\\/\\\/www.eldiario.net\\\/portal\\\/2026\\\/06\\\/25\\\/keiko-fujimori-se-perfila-como-ganadora-de-la-segunda-vuelta\\\/#primaryimage\",\"url\":\"https:\\\/\\\/www.eldiario.net\\\/portal\\\/wp-content\\\/uploads\\\/2026\\\/06\\\/PERU-AP13.webp\",\"contentUrl\":\"https:\\\/\\\/www.eldiario.net\\\/portal\\\/wp-content\\\/uploads\\\/2026\\\/06\\\/PERU-AP13.webp\",\"width\":980,\"height\":551,\"caption\":\"La candidata presidencial, Keiko Fujimori. CREDITO: AP\"},{\"@type\":\"BreadcrumbList\",\"@id\":\"https:\\\/\\\/www.eldiario.net\\\/portal\\\/2026\\\/06\\\/25\\\/keiko-fujimori-se-perfila-como-ganadora-de-la-segunda-vuelta\\\/#breadcrumb\",\"itemListElement\":[{\"@type\":\"ListItem\",\"position\":1,\"name\":\"Portada\",\"item\":\"https:\\\/\\\/www.eldiario.net\\\/portal\\\/\"},{\"@type\":\"ListItem\",\"position\":2,\"name\":\"Keiko Fujimori se perfila como ganadora de la segunda vuelta\"}]},{\"@type\":\"WebSite\",\"@id\":\"https:\\\/\\\/www.eldiario.net\\\/portal\\\/#website\",\"url\":\"https:\\\/\\\/www.eldiario.net\\\/portal\\\/\",\"name\":\"El Diario - Decano de la prensa nacional\",\"description\":\"El Diario - Decano de la prensa nacional\",\"publisher\":{\"@id\":\"https:\\\/\\\/www.eldiario.net\\\/portal\\\/#organization\"},\"potentialAction\":[{\"@type\":\"SearchAction\",\"target\":{\"@type\":\"EntryPoint\",\"urlTemplate\":\"https:\\\/\\\/www.eldiario.net\\\/portal\\\/?s={search_term_string}\"},\"query-input\":{\"@type\":\"PropertyValueSpecification\",\"valueRequired\":true,\"valueName\":\"search_term_string\"}}],\"inLanguage\":\"es\"},{\"@type\":\"Organization\",\"@id\":\"https:\\\/\\\/www.eldiario.net\\\/portal\\\/#organization\",\"name\":\"El Diario - Decano de la prensa nacional\",\"url\":\"https:\\\/\\\/www.eldiario.net\\\/portal\\\/\",\"logo\":{\"@type\":\"ImageObject\",\"inLanguage\":\"es\",\"@id\":\"https:\\\/\\\/www.eldiario.net\\\/portal\\\/#\\\/schema\\\/logo\\\/image\\\/\",\"url\":\"https:\\\/\\\/www.eldiario.net\\\/portal\\\/wp-content\\\/uploads\\\/2023\\\/07\\\/logo_ED.jpg\",\"contentUrl\":\"https:\\\/\\\/www.eldiario.net\\\/portal\\\/wp-content\\\/uploads\\\/2023\\\/07\\\/logo_ED.jpg\",\"width\":272,\"height\":52,\"caption\":\"El Diario - Decano de la prensa nacional\"},\"image\":{\"@id\":\"https:\\\/\\\/www.eldiario.net\\\/portal\\\/#\\\/schema\\\/logo\\\/image\\\/\"},\"sameAs\":[\"https:\\\/\\\/www.facebook.com\\\/eldiario.bolivia\\\/\",\"https:\\\/\\\/x.com\\\/eldiario_net\"]},{\"@type\":\"Person\",\"@id\":\"https:\\\/\\\/www.eldiario.net\\\/portal\\\/#\\\/schema\\\/person\\\/f46445640444750d7d753ccd04ae01b7\",\"name\":\"Jeanette\",\"image\":{\"@type\":\"ImageObject\",\"inLanguage\":\"es\",\"@id\":\"https:\\\/\\\/secure.gravatar.com\\\/avatar\\\/3ea2118a5f7dad2b7138b1187a6b7ee55f160b9968b66013c3a3ef39dd7e5798?s=96&d=mm&r=g\",\"url\":\"https:\\\/\\\/secure.gravatar.com\\\/avatar\\\/3ea2118a5f7dad2b7138b1187a6b7ee55f160b9968b66013c3a3ef39dd7e5798?s=96&d=mm&r=g\",\"contentUrl\":\"https:\\\/\\\/secure.gravatar.com\\\/avatar\\\/3ea2118a5f7dad2b7138b1187a6b7ee55f160b9968b66013c3a3ef39dd7e5798?s=96&d=mm&r=g\",\"caption\":\"Jeanette\"},\"sameAs\":[\"https:\\\/\\\/www.eldiario.net\\\/portal\"],\"url\":\"https:\\\/\\\/www.eldiario.net\\\/portal\\\/author\\\/jeanette\\\/\"}]}<\/script>\n<!-- \/ Yoast SEO plugin. -->","yoast_head_json":{"title":"Keiko Fujimori se perfila como ganadora de la segunda vuelta - El Diario - Bolivia","robots":{"index":"index","follow":"follow","max-snippet":"max-snippet:-1","max-image-preview":"max-image-preview:large","max-video-preview":"max-video-preview:-1"},"canonical":"https:\/\/www.eldiario.net\/portal\/2026\/06\/25\/keiko-fujimori-se-perfila-como-ganadora-de-la-segunda-vuelta\/","og_locale":"es_ES","og_type":"article","og_title":"Keiko Fujimori se perfila como ganadora de la segunda vuelta - El Diario - Bolivia","og_description":"La candidata Keiko Fujimori apareci\u00f3 como la ganadora de la elecci\u00f3n presidencial en Per\u00fa tras haber tomado una ventaja que se ha vuelto inalcanzable sobre su rival, Roberto S\u00e1nchez, al t\u00e9rmino de uno de los comicios m\u00e1s re\u00f1idos de la historia reciente de Am\u00e9rica Latina. Esta victoria marcar\u00eda el regreso del fujimorismo al poder, m\u00e1s [&hellip;]","og_url":"https:\/\/www.eldiario.net\/portal\/2026\/06\/25\/keiko-fujimori-se-perfila-como-ganadora-de-la-segunda-vuelta\/","og_site_name":"El Diario - Bolivia","article_publisher":"https:\/\/www.facebook.com\/eldiario.bolivia\/","article_published_time":"2026-06-25T11:28:22+00:00","og_image":[{"width":980,"height":551,"url":"https:\/\/www.eldiario.net\/portal\/wp-content\/uploads\/2026\/06\/PERU-AP13.webp","type":"image\/webp"}],"author":"Jeanette","twitter_card":"summary_large_image","twitter_creator":"@eldiario_net","twitter_site":"@eldiario_net","twitter_misc":{"Escrito por":"Jeanette","Tiempo de lectura":"3 minutos"},"schema":{"@context":"https:\/\/schema.org","@graph":[{"@type":"Article","@id":"https:\/\/www.eldiario.net\/portal\/2026\/06\/25\/keiko-fujimori-se-perfila-como-ganadora-de-la-segunda-vuelta\/#article","isPartOf":{"@id":"https:\/\/www.eldiario.net\/portal\/2026\/06\/25\/keiko-fujimori-se-perfila-como-ganadora-de-la-segunda-vuelta\/"},"author":{"name":"Jeanette","@id":"https:\/\/www.eldiario.net\/portal\/#\/schema\/person\/f46445640444750d7d753ccd04ae01b7"},"headline":"Keiko Fujimori se perfila como ganadora de la segunda vuelta","datePublished":"2026-06-25T11:28:22+00:00","mainEntityOfPage":{"@id":"https:\/\/www.eldiario.net\/portal\/2026\/06\/25\/keiko-fujimori-se-perfila-como-ganadora-de-la-segunda-vuelta\/"},"wordCount":500,"publisher":{"@id":"https:\/\/www.eldiario.net\/portal\/#organization"},"image":{"@id":"https:\/\/www.eldiario.net\/portal\/2026\/06\/25\/keiko-fujimori-se-perfila-como-ganadora-de-la-segunda-vuelta\/#primaryimage"},"thumbnailUrl":"https:\/\/www.eldiario.net\/portal\/wp-content\/uploads\/2026\/06\/PERU-AP13.webp","articleSection":["Internacional"],"inLanguage":"es"},{"@type":"WebPage","@id":"https:\/\/www.eldiario.net\/portal\/2026\/06\/25\/keiko-fujimori-se-perfila-como-ganadora-de-la-segunda-vuelta\/","url":"https:\/\/www.eldiario.net\/portal\/2026\/06\/25\/keiko-fujimori-se-perfila-como-ganadora-de-la-segunda-vuelta\/","name":"Keiko Fujimori se perfila como ganadora de la segunda vuelta - El Diario - Bolivia","isPartOf":{"@id":"https:\/\/www.eldiario.net\/portal\/#website"},"primaryImageOfPage":{"@id":"https:\/\/www.eldiario.net\/portal\/2026\/06\/25\/keiko-fujimori-se-perfila-como-ganadora-de-la-segunda-vuelta\/#primaryimage"},"image":{"@id":"https:\/\/www.eldiario.net\/portal\/2026\/06\/25\/keiko-fujimori-se-perfila-como-ganadora-de-la-segunda-vuelta\/#primaryimage"},"thumbnailUrl":"https:\/\/www.eldiario.net\/portal\/wp-content\/uploads\/2026\/06\/PERU-AP13.webp","datePublished":"2026-06-25T11:28:22+00:00","breadcrumb":{"@id":"https:\/\/www.eldiario.net\/portal\/2026\/06\/25\/keiko-fujimori-se-perfila-como-ganadora-de-la-segunda-vuelta\/#breadcrumb"},"inLanguage":"es","potentialAction":[{"@type":"ReadAction","target":["https:\/\/www.eldiario.net\/portal\/2026\/06\/25\/keiko-fujimori-se-perfila-como-ganadora-de-la-segunda-vuelta\/"]}]},{"@type":"ImageObject","inLanguage":"es","@id":"https:\/\/www.eldiario.net\/portal\/2026\/06\/25\/keiko-fujimori-se-perfila-como-ganadora-de-la-segunda-vuelta\/#primaryimage","url":"https:\/\/www.eldiario.net\/portal\/wp-content\/uploads\/2026\/06\/PERU-AP13.webp","contentUrl":"https:\/\/www.eldiario.net\/portal\/wp-content\/uploads\/2026\/06\/PERU-AP13.webp","width":980,"height":551,"caption":"La candidata presidencial, Keiko Fujimori. CREDITO: AP"},{"@type":"BreadcrumbList","@id":"https:\/\/www.eldiario.net\/portal\/2026\/06\/25\/keiko-fujimori-se-perfila-como-ganadora-de-la-segunda-vuelta\/#breadcrumb","itemListElement":[{"@type":"ListItem","position":1,"name":"Portada","item":"https:\/\/www.eldiario.net\/portal\/"},{"@type":"ListItem","position":2,"name":"Keiko Fujimori se perfila como ganadora de la segunda vuelta"}]},{"@type":"WebSite","@id":"https:\/\/www.eldiario.net\/portal\/#website","url":"https:\/\/www.eldiario.net\/portal\/","name":"El Diario - Decano de la prensa nacional","description":"El Diario - Decano de la prensa nacional","publisher":{"@id":"https:\/\/www.eldiario.net\/portal\/#organization"},"potentialAction":[{"@type":"SearchAction","target":{"@type":"EntryPoint","urlTemplate":"https:\/\/www.eldiario.net\/portal\/?s={search_term_string}"},"query-input":{"@type":"PropertyValueSpecification","valueRequired":true,"valueName":"search_term_string"}}],"inLanguage":"es"},{"@type":"Organization","@id":"https:\/\/www.eldiario.net\/portal\/#organization","name":"El Diario - Decano de la prensa nacional","url":"https:\/\/www.eldiario.net\/portal\/","logo":{"@type":"ImageObject","inLanguage":"es","@id":"https:\/\/www.eldiario.net\/portal\/#\/schema\/logo\/image\/","url":"https:\/\/www.eldiario.net\/portal\/wp-content\/uploads\/2023\/07\/logo_ED.jpg","contentUrl":"https:\/\/www.eldiario.net\/portal\/wp-content\/uploads\/2023\/07\/logo_ED.jpg","width":272,"height":52,"caption":"El Diario - Decano de la prensa nacional"},"image":{"@id":"https:\/\/www.eldiario.net\/portal\/#\/schema\/logo\/image\/"},"sameAs":["https:\/\/www.facebook.com\/eldiario.bolivia\/","https:\/\/x.com\/eldiario_net"]},{"@type":"Person","@id":"https:\/\/www.eldiario.net\/portal\/#\/schema\/person\/f46445640444750d7d753ccd04ae01b7","name":"Jeanette","image":{"@type":"ImageObject","inLanguage":"es","@id":"https:\/\/secure.gravatar.com\/avatar\/3ea2118a5f7dad2b7138b1187a6b7ee55f160b9968b66013c3a3ef39dd7e5798?s=96&d=mm&r=g","url":"https:\/\/secure.gravatar.com\/avatar\/3ea2118a5f7dad2b7138b1187a6b7ee55f160b9968b66013c3a3ef39dd7e5798?s=96&d=mm&r=g","contentUrl":"https:\/\/secure.gravatar.com\/avatar\/3ea2118a5f7dad2b7138b1187a6b7ee55f160b9968b66013c3a3ef39dd7e5798?s=96&d=mm&r=g","caption":"Jeanette"},"sameAs":["https:\/\/www.eldiario.net\/portal"],"url":"https:\/\/www.eldiario.net\/portal\/author\/jeanette\/"}]}},"_links":{"self":[{"href":"https:\/\/www.eldiario.net\/portal\/wp-json\/wp\/v2\/posts\/406900","targetHints":{"allow":["GET"]}}],"collection":[{"href":"https:\/\/www.eldiario.net\/portal\/wp-json\/wp\/v2\/posts"}],"about":[{"href":"https:\/\/www.eldiario.net\/portal\/wp-json\/wp\/v2\/types\/post"}],"author":[{"embeddable":true,"href":"https:\/\/www.eldiario.net\/portal\/wp-json\/wp\/v2\/users\/1"}],"replies":[{"embeddable":true,"href":"https:\/\/www.eldiario.net\/portal\/wp-json\/wp\/v2\/comments?post=406900"}],"version-history":[{"count":1,"href":"https:\/\/www.eldiario.net\/portal\/wp-json\/wp\/v2\/posts\/406900\/revisions"}],"predecessor-version":[{"id":406902,"href":"https:\/\/www.eldiario.net\/portal\/wp-json\/wp\/v2\/posts\/406900\/revisions\/406902"}],"wp:featuredmedia":[{"embeddable":true,"href":"https:\/\/www.eldiario.net\/portal\/wp-json\/wp\/v2\/media\/406901"}],"wp:attachment":[{"href":"https:\/\/www.eldiario.net\/portal\/wp-json\/wp\/v2\/media?parent=406900"}],"wp:term":[{"taxonomy":"category","embeddable":true,"href":"https:\/\/www.eldiario.net\/portal\/wp-json\/wp\/v2\/categories?post=406900"},{"taxonomy":"post_tag","embeddable":true,"href":"https:\/\/www.eldiario.net\/portal\/wp-json\/wp\/v2\/tags?post=406900"}],"curies":[{"name":"wp","href":"https:\/\/api.w.org\/{rel}","templated":true}]}}