{"id":406897,"date":"2026-06-25T07:27:48","date_gmt":"2026-06-25T11:27:48","guid":{"rendered":"https:\/\/www.eldiario.net\/portal\/?p=406897"},"modified":"2026-06-25T07:27:48","modified_gmt":"2026-06-25T11:27:48","slug":"cne-declara-a-abelardo-de-la-espriella-como-presidente","status":"publish","type":"post","link":"https:\/\/www.eldiario.net\/portal\/2026\/06\/25\/cne-declara-a-abelardo-de-la-espriella-como-presidente\/","title":{"rendered":"CNE declara a Abelardo de la Espriella como presidente"},"content":{"rendered":"<p>Luego de tres d\u00edas de escrutinio por parte de las comisiones escrutadoras y de la revisi\u00f3n de los magistrados del Consejo Nacional Electoral, en la tarde de este mi\u00e9rcoles 24 de junio Abelardo De La Espriella fue ratificado como presidente electo de Colombia, junto a su f\u00f3rmula vicepresidencial, Jos\u00e9 Manuel Restrepo.<\/p>\n<p>De acuerdo con el acta emitida por el CNE, \u201cse declara electo como presidente de la rep\u00fablica para el periodo 2026-2030 y vicepresidente de la rep\u00fablica para el periodo 2026-2030 a Abelardo De La Espriella y a Jos\u00e9 Manuel Restrepo Abondano\u201d.<\/p>\n<p>En ese mismo decreto qued\u00f3 estipulado que se acept\u00f3 el \u201cdesistimiento de las reclamaciones y solicitudes radicadas por la testigo Marta Janneth Bol\u00edvar y el apoderado Holman David Vega, en representaci\u00f3n del movimiento pol\u00edtico Pacto Hist\u00f3rico\u201d.<\/p>\n<p>\u201cLas elecciones no se declaran; se demuestran. Hoy qued\u00f3 demostrado el resultado que entregamos, que no es una opini\u00f3n, no una conveniencia, sino el producto verificable de un proceso t\u00e9cnico, transparente, acompa\u00f1ado por miles de testigos\u201d, asegur\u00f3 el presidente del CNE, Cristian Quiroz, en medio de la audiencia de declaratoria de elecciones.<\/p>\n<p>El resultado de ese ejercicio arroj\u00f3 una diferencia entre el preconteo y el escrutinio equivalente al 0,0015\u202f% de los tarjetones depositados en las urnas. El dato informado por el CNE coincide con lo dicho por la Registradur\u00eda Nacional sobre una coincidencia del 99,9\u202f% entre los n\u00fameros consolidados de esos dos procesos.<\/p>\n<p>La consolidaci\u00f3n de resultados indica que Cepeda tuvo 400 votos menos de los que se hab\u00edan estimado inicialmente a su favor, mientras que De La Espriella alcanz\u00f3 624 m\u00e1s de los informados el domingo.<\/p>\n<p>Con ese desenlace, la cifra total de votos alcanzada por el presidente electo fue de 12.960.166. Su contrincante y senador sum\u00f3 12.708.312; es decir, la diferencia entre ambos en la segunda vuelta fue de 251.854 votos.(Semana)<\/p>\n","protected":false},"excerpt":{"rendered":"<p>Luego de tres d\u00edas de escrutinio por parte de las comisiones escrutadoras y de la revisi\u00f3n de los magistrados del Consejo Nacional Electoral, en la tarde de este mi\u00e9rcoles 24 de junio Abelardo De La Espriella fue ratificado como presidente electo de Colombia, junto a su f\u00f3rmula vicepresidencial, Jos\u00e9 Manuel Restrepo. De acuerdo con el [&hellip;]<\/p>\n","protected":false},"author":1,"featured_media":406898,"comment_status":"closed","ping_status":"open","sticky":false,"template":"","format":"standard","meta":{"_acf_changed":false,"footnotes":""},"categories":[3],"tags":[],"class_list":["post-406897","post","type-post","status-publish","format-standard","has-post-thumbnail","category-internacional"],"acf":{"antetitulo":"Colombia"},"yoast_head":"<!-- This site is optimized with the Yoast SEO plugin v28.4 - https:\/\/yoast.com\/product\/yoast-seo-wordpress\/ -->\n<title>CNE declara a Abelardo de la Espriella como presidente - El Diario - Bolivia<\/title>\n<meta name=\"robots\" content=\"index, follow, max-snippet:-1, max-image-preview:large, max-video-preview:-1\" \/>\n<link rel=\"canonical\" href=\"https:\/\/www.eldiario.net\/portal\/2026\/06\/25\/cne-declara-a-abelardo-de-la-espriella-como-presidente\/\" \/>\n<meta property=\"og:locale\" content=\"es_ES\" \/>\n<meta property=\"og:type\" content=\"article\" \/>\n<meta property=\"og:title\" content=\"CNE declara a Abelardo de la Espriella como presidente - El Diario - Bolivia\" \/>\n<meta property=\"og:description\" content=\"Luego de tres d\u00edas de escrutinio por parte de las comisiones escrutadoras y de la revisi\u00f3n de los magistrados del Consejo Nacional Electoral, en la tarde de este mi\u00e9rcoles 24 de junio Abelardo De La Espriella fue ratificado como presidente electo de Colombia, junto a su f\u00f3rmula vicepresidencial, Jos\u00e9 Manuel Restrepo. De acuerdo con el [&hellip;]\" \/>\n<meta property=\"og:url\" content=\"https:\/\/www.eldiario.net\/portal\/2026\/06\/25\/cne-declara-a-abelardo-de-la-espriella-como-presidente\/\" \/>\n<meta property=\"og:site_name\" content=\"El Diario - Bolivia\" \/>\n<meta property=\"article:publisher\" content=\"https:\/\/www.facebook.com\/eldiario.bolivia\/\" \/>\n<meta property=\"article:published_time\" content=\"2026-06-25T11:27:48+00:00\" \/>\n<meta property=\"og:image\" content=\"https:\/\/www.eldiario.net\/portal\/wp-content\/uploads\/2026\/06\/PRESIDENTE-Semana.webp\" \/>\n\t<meta property=\"og:image:width\" content=\"980\" \/>\n\t<meta property=\"og:image:height\" content=\"551\" \/>\n\t<meta property=\"og:image:type\" content=\"image\/webp\" \/>\n<meta name=\"author\" content=\"Jeanette\" \/>\n<meta name=\"twitter:card\" content=\"summary_large_image\" \/>\n<meta name=\"twitter:creator\" content=\"@eldiario_net\" \/>\n<meta name=\"twitter:site\" content=\"@eldiario_net\" \/>\n<meta name=\"twitter:label1\" content=\"Escrito por\" \/>\n\t<meta name=\"twitter:data1\" content=\"Jeanette\" \/>\n\t<meta name=\"twitter:label2\" content=\"Tiempo de lectura\" \/>\n\t<meta name=\"twitter:data2\" content=\"2 minutos\" \/>\n<script type=\"application\/ld+json\" class=\"yoast-schema-graph\">{\"@context\":\"https:\\\/\\\/schema.org\",\"@graph\":[{\"@type\":\"Article\",\"@id\":\"https:\\\/\\\/www.eldiario.net\\\/portal\\\/2026\\\/06\\\/25\\\/cne-declara-a-abelardo-de-la-espriella-como-presidente\\\/#article\",\"isPartOf\":{\"@id\":\"https:\\\/\\\/www.eldiario.net\\\/portal\\\/2026\\\/06\\\/25\\\/cne-declara-a-abelardo-de-la-espriella-como-presidente\\\/\"},\"author\":{\"name\":\"Jeanette\",\"@id\":\"https:\\\/\\\/www.eldiario.net\\\/portal\\\/#\\\/schema\\\/person\\\/f46445640444750d7d753ccd04ae01b7\"},\"headline\":\"CNE declara a Abelardo de la Espriella como presidente\",\"datePublished\":\"2026-06-25T11:27:48+00:00\",\"mainEntityOfPage\":{\"@id\":\"https:\\\/\\\/www.eldiario.net\\\/portal\\\/2026\\\/06\\\/25\\\/cne-declara-a-abelardo-de-la-espriella-como-presidente\\\/\"},\"wordCount\":321,\"publisher\":{\"@id\":\"https:\\\/\\\/www.eldiario.net\\\/portal\\\/#organization\"},\"image\":{\"@id\":\"https:\\\/\\\/www.eldiario.net\\\/portal\\\/2026\\\/06\\\/25\\\/cne-declara-a-abelardo-de-la-espriella-como-presidente\\\/#primaryimage\"},\"thumbnailUrl\":\"https:\\\/\\\/www.eldiario.net\\\/portal\\\/wp-content\\\/uploads\\\/2026\\\/06\\\/PRESIDENTE-Semana.webp\",\"articleSection\":[\"Internacional\"],\"inLanguage\":\"es\"},{\"@type\":\"WebPage\",\"@id\":\"https:\\\/\\\/www.eldiario.net\\\/portal\\\/2026\\\/06\\\/25\\\/cne-declara-a-abelardo-de-la-espriella-como-presidente\\\/\",\"url\":\"https:\\\/\\\/www.eldiario.net\\\/portal\\\/2026\\\/06\\\/25\\\/cne-declara-a-abelardo-de-la-espriella-como-presidente\\\/\",\"name\":\"CNE declara a Abelardo de la Espriella como presidente - El Diario - Bolivia\",\"isPartOf\":{\"@id\":\"https:\\\/\\\/www.eldiario.net\\\/portal\\\/#website\"},\"primaryImageOfPage\":{\"@id\":\"https:\\\/\\\/www.eldiario.net\\\/portal\\\/2026\\\/06\\\/25\\\/cne-declara-a-abelardo-de-la-espriella-como-presidente\\\/#primaryimage\"},\"image\":{\"@id\":\"https:\\\/\\\/www.eldiario.net\\\/portal\\\/2026\\\/06\\\/25\\\/cne-declara-a-abelardo-de-la-espriella-como-presidente\\\/#primaryimage\"},\"thumbnailUrl\":\"https:\\\/\\\/www.eldiario.net\\\/portal\\\/wp-content\\\/uploads\\\/2026\\\/06\\\/PRESIDENTE-Semana.webp\",\"datePublished\":\"2026-06-25T11:27:48+00:00\",\"breadcrumb\":{\"@id\":\"https:\\\/\\\/www.eldiario.net\\\/portal\\\/2026\\\/06\\\/25\\\/cne-declara-a-abelardo-de-la-espriella-como-presidente\\\/#breadcrumb\"},\"inLanguage\":\"es\",\"potentialAction\":[{\"@type\":\"ReadAction\",\"target\":[\"https:\\\/\\\/www.eldiario.net\\\/portal\\\/2026\\\/06\\\/25\\\/cne-declara-a-abelardo-de-la-espriella-como-presidente\\\/\"]}]},{\"@type\":\"ImageObject\",\"inLanguage\":\"es\",\"@id\":\"https:\\\/\\\/www.eldiario.net\\\/portal\\\/2026\\\/06\\\/25\\\/cne-declara-a-abelardo-de-la-espriella-como-presidente\\\/#primaryimage\",\"url\":\"https:\\\/\\\/www.eldiario.net\\\/portal\\\/wp-content\\\/uploads\\\/2026\\\/06\\\/PRESIDENTE-Semana.webp\",\"contentUrl\":\"https:\\\/\\\/www.eldiario.net\\\/portal\\\/wp-content\\\/uploads\\\/2026\\\/06\\\/PRESIDENTE-Semana.webp\",\"width\":980,\"height\":551,\"caption\":\"Abelardo De La Espriella gobernar\u00e1 Colombia en el periodo 2026-2030. CREDITO: Semana\"},{\"@type\":\"BreadcrumbList\",\"@id\":\"https:\\\/\\\/www.eldiario.net\\\/portal\\\/2026\\\/06\\\/25\\\/cne-declara-a-abelardo-de-la-espriella-como-presidente\\\/#breadcrumb\",\"itemListElement\":[{\"@type\":\"ListItem\",\"position\":1,\"name\":\"Portada\",\"item\":\"https:\\\/\\\/www.eldiario.net\\\/portal\\\/\"},{\"@type\":\"ListItem\",\"position\":2,\"name\":\"CNE declara a Abelardo de la Espriella como presidente\"}]},{\"@type\":\"WebSite\",\"@id\":\"https:\\\/\\\/www.eldiario.net\\\/portal\\\/#website\",\"url\":\"https:\\\/\\\/www.eldiario.net\\\/portal\\\/\",\"name\":\"El Diario - Decano de la prensa nacional\",\"description\":\"El Diario - Decano de la prensa nacional\",\"publisher\":{\"@id\":\"https:\\\/\\\/www.eldiario.net\\\/portal\\\/#organization\"},\"potentialAction\":[{\"@type\":\"SearchAction\",\"target\":{\"@type\":\"EntryPoint\",\"urlTemplate\":\"https:\\\/\\\/www.eldiario.net\\\/portal\\\/?s={search_term_string}\"},\"query-input\":{\"@type\":\"PropertyValueSpecification\",\"valueRequired\":true,\"valueName\":\"search_term_string\"}}],\"inLanguage\":\"es\"},{\"@type\":\"Organization\",\"@id\":\"https:\\\/\\\/www.eldiario.net\\\/portal\\\/#organization\",\"name\":\"El Diario - Decano de la prensa nacional\",\"url\":\"https:\\\/\\\/www.eldiario.net\\\/portal\\\/\",\"logo\":{\"@type\":\"ImageObject\",\"inLanguage\":\"es\",\"@id\":\"https:\\\/\\\/www.eldiario.net\\\/portal\\\/#\\\/schema\\\/logo\\\/image\\\/\",\"url\":\"https:\\\/\\\/www.eldiario.net\\\/portal\\\/wp-content\\\/uploads\\\/2023\\\/07\\\/logo_ED.jpg\",\"contentUrl\":\"https:\\\/\\\/www.eldiario.net\\\/portal\\\/wp-content\\\/uploads\\\/2023\\\/07\\\/logo_ED.jpg\",\"width\":272,\"height\":52,\"caption\":\"El Diario - Decano de la prensa nacional\"},\"image\":{\"@id\":\"https:\\\/\\\/www.eldiario.net\\\/portal\\\/#\\\/schema\\\/logo\\\/image\\\/\"},\"sameAs\":[\"https:\\\/\\\/www.facebook.com\\\/eldiario.bolivia\\\/\",\"https:\\\/\\\/x.com\\\/eldiario_net\"]},{\"@type\":\"Person\",\"@id\":\"https:\\\/\\\/www.eldiario.net\\\/portal\\\/#\\\/schema\\\/person\\\/f46445640444750d7d753ccd04ae01b7\",\"name\":\"Jeanette\",\"image\":{\"@type\":\"ImageObject\",\"inLanguage\":\"es\",\"@id\":\"https:\\\/\\\/secure.gravatar.com\\\/avatar\\\/3ea2118a5f7dad2b7138b1187a6b7ee55f160b9968b66013c3a3ef39dd7e5798?s=96&d=mm&r=g\",\"url\":\"https:\\\/\\\/secure.gravatar.com\\\/avatar\\\/3ea2118a5f7dad2b7138b1187a6b7ee55f160b9968b66013c3a3ef39dd7e5798?s=96&d=mm&r=g\",\"contentUrl\":\"https:\\\/\\\/secure.gravatar.com\\\/avatar\\\/3ea2118a5f7dad2b7138b1187a6b7ee55f160b9968b66013c3a3ef39dd7e5798?s=96&d=mm&r=g\",\"caption\":\"Jeanette\"},\"sameAs\":[\"https:\\\/\\\/www.eldiario.net\\\/portal\"],\"url\":\"https:\\\/\\\/www.eldiario.net\\\/portal\\\/author\\\/jeanette\\\/\"}]}<\/script>\n<!-- \/ Yoast SEO plugin. -->","yoast_head_json":{"title":"CNE declara a Abelardo de la Espriella como presidente - El Diario - Bolivia","robots":{"index":"index","follow":"follow","max-snippet":"max-snippet:-1","max-image-preview":"max-image-preview:large","max-video-preview":"max-video-preview:-1"},"canonical":"https:\/\/www.eldiario.net\/portal\/2026\/06\/25\/cne-declara-a-abelardo-de-la-espriella-como-presidente\/","og_locale":"es_ES","og_type":"article","og_title":"CNE declara a Abelardo de la Espriella como presidente - El Diario - Bolivia","og_description":"Luego de tres d\u00edas de escrutinio por parte de las comisiones escrutadoras y de la revisi\u00f3n de los magistrados del Consejo Nacional Electoral, en la tarde de este mi\u00e9rcoles 24 de junio Abelardo De La Espriella fue ratificado como presidente electo de Colombia, junto a su f\u00f3rmula vicepresidencial, Jos\u00e9 Manuel Restrepo. De acuerdo con el [&hellip;]","og_url":"https:\/\/www.eldiario.net\/portal\/2026\/06\/25\/cne-declara-a-abelardo-de-la-espriella-como-presidente\/","og_site_name":"El Diario - Bolivia","article_publisher":"https:\/\/www.facebook.com\/eldiario.bolivia\/","article_published_time":"2026-06-25T11:27:48+00:00","og_image":[{"width":980,"height":551,"url":"https:\/\/www.eldiario.net\/portal\/wp-content\/uploads\/2026\/06\/PRESIDENTE-Semana.webp","type":"image\/webp"}],"author":"Jeanette","twitter_card":"summary_large_image","twitter_creator":"@eldiario_net","twitter_site":"@eldiario_net","twitter_misc":{"Escrito por":"Jeanette","Tiempo de lectura":"2 minutos"},"schema":{"@context":"https:\/\/schema.org","@graph":[{"@type":"Article","@id":"https:\/\/www.eldiario.net\/portal\/2026\/06\/25\/cne-declara-a-abelardo-de-la-espriella-como-presidente\/#article","isPartOf":{"@id":"https:\/\/www.eldiario.net\/portal\/2026\/06\/25\/cne-declara-a-abelardo-de-la-espriella-como-presidente\/"},"author":{"name":"Jeanette","@id":"https:\/\/www.eldiario.net\/portal\/#\/schema\/person\/f46445640444750d7d753ccd04ae01b7"},"headline":"CNE declara a Abelardo de la Espriella como presidente","datePublished":"2026-06-25T11:27:48+00:00","mainEntityOfPage":{"@id":"https:\/\/www.eldiario.net\/portal\/2026\/06\/25\/cne-declara-a-abelardo-de-la-espriella-como-presidente\/"},"wordCount":321,"publisher":{"@id":"https:\/\/www.eldiario.net\/portal\/#organization"},"image":{"@id":"https:\/\/www.eldiario.net\/portal\/2026\/06\/25\/cne-declara-a-abelardo-de-la-espriella-como-presidente\/#primaryimage"},"thumbnailUrl":"https:\/\/www.eldiario.net\/portal\/wp-content\/uploads\/2026\/06\/PRESIDENTE-Semana.webp","articleSection":["Internacional"],"inLanguage":"es"},{"@type":"WebPage","@id":"https:\/\/www.eldiario.net\/portal\/2026\/06\/25\/cne-declara-a-abelardo-de-la-espriella-como-presidente\/","url":"https:\/\/www.eldiario.net\/portal\/2026\/06\/25\/cne-declara-a-abelardo-de-la-espriella-como-presidente\/","name":"CNE declara a Abelardo de la Espriella como presidente - El Diario - Bolivia","isPartOf":{"@id":"https:\/\/www.eldiario.net\/portal\/#website"},"primaryImageOfPage":{"@id":"https:\/\/www.eldiario.net\/portal\/2026\/06\/25\/cne-declara-a-abelardo-de-la-espriella-como-presidente\/#primaryimage"},"image":{"@id":"https:\/\/www.eldiario.net\/portal\/2026\/06\/25\/cne-declara-a-abelardo-de-la-espriella-como-presidente\/#primaryimage"},"thumbnailUrl":"https:\/\/www.eldiario.net\/portal\/wp-content\/uploads\/2026\/06\/PRESIDENTE-Semana.webp","datePublished":"2026-06-25T11:27:48+00:00","breadcrumb":{"@id":"https:\/\/www.eldiario.net\/portal\/2026\/06\/25\/cne-declara-a-abelardo-de-la-espriella-como-presidente\/#breadcrumb"},"inLanguage":"es","potentialAction":[{"@type":"ReadAction","target":["https:\/\/www.eldiario.net\/portal\/2026\/06\/25\/cne-declara-a-abelardo-de-la-espriella-como-presidente\/"]}]},{"@type":"ImageObject","inLanguage":"es","@id":"https:\/\/www.eldiario.net\/portal\/2026\/06\/25\/cne-declara-a-abelardo-de-la-espriella-como-presidente\/#primaryimage","url":"https:\/\/www.eldiario.net\/portal\/wp-content\/uploads\/2026\/06\/PRESIDENTE-Semana.webp","contentUrl":"https:\/\/www.eldiario.net\/portal\/wp-content\/uploads\/2026\/06\/PRESIDENTE-Semana.webp","width":980,"height":551,"caption":"Abelardo De La Espriella gobernar\u00e1 Colombia en el periodo 2026-2030. CREDITO: Semana"},{"@type":"BreadcrumbList","@id":"https:\/\/www.eldiario.net\/portal\/2026\/06\/25\/cne-declara-a-abelardo-de-la-espriella-como-presidente\/#breadcrumb","itemListElement":[{"@type":"ListItem","position":1,"name":"Portada","item":"https:\/\/www.eldiario.net\/portal\/"},{"@type":"ListItem","position":2,"name":"CNE declara a Abelardo de la Espriella como presidente"}]},{"@type":"WebSite","@id":"https:\/\/www.eldiario.net\/portal\/#website","url":"https:\/\/www.eldiario.net\/portal\/","name":"El Diario - Decano de la prensa nacional","description":"El Diario - Decano de la prensa nacional","publisher":{"@id":"https:\/\/www.eldiario.net\/portal\/#organization"},"potentialAction":[{"@type":"SearchAction","target":{"@type":"EntryPoint","urlTemplate":"https:\/\/www.eldiario.net\/portal\/?s={search_term_string}"},"query-input":{"@type":"PropertyValueSpecification","valueRequired":true,"valueName":"search_term_string"}}],"inLanguage":"es"},{"@type":"Organization","@id":"https:\/\/www.eldiario.net\/portal\/#organization","name":"El Diario - Decano de la prensa nacional","url":"https:\/\/www.eldiario.net\/portal\/","logo":{"@type":"ImageObject","inLanguage":"es","@id":"https:\/\/www.eldiario.net\/portal\/#\/schema\/logo\/image\/","url":"https:\/\/www.eldiario.net\/portal\/wp-content\/uploads\/2023\/07\/logo_ED.jpg","contentUrl":"https:\/\/www.eldiario.net\/portal\/wp-content\/uploads\/2023\/07\/logo_ED.jpg","width":272,"height":52,"caption":"El Diario - Decano de la prensa nacional"},"image":{"@id":"https:\/\/www.eldiario.net\/portal\/#\/schema\/logo\/image\/"},"sameAs":["https:\/\/www.facebook.com\/eldiario.bolivia\/","https:\/\/x.com\/eldiario_net"]},{"@type":"Person","@id":"https:\/\/www.eldiario.net\/portal\/#\/schema\/person\/f46445640444750d7d753ccd04ae01b7","name":"Jeanette","image":{"@type":"ImageObject","inLanguage":"es","@id":"https:\/\/secure.gravatar.com\/avatar\/3ea2118a5f7dad2b7138b1187a6b7ee55f160b9968b66013c3a3ef39dd7e5798?s=96&d=mm&r=g","url":"https:\/\/secure.gravatar.com\/avatar\/3ea2118a5f7dad2b7138b1187a6b7ee55f160b9968b66013c3a3ef39dd7e5798?s=96&d=mm&r=g","contentUrl":"https:\/\/secure.gravatar.com\/avatar\/3ea2118a5f7dad2b7138b1187a6b7ee55f160b9968b66013c3a3ef39dd7e5798?s=96&d=mm&r=g","caption":"Jeanette"},"sameAs":["https:\/\/www.eldiario.net\/portal"],"url":"https:\/\/www.eldiario.net\/portal\/author\/jeanette\/"}]}},"_links":{"self":[{"href":"https:\/\/www.eldiario.net\/portal\/wp-json\/wp\/v2\/posts\/406897","targetHints":{"allow":["GET"]}}],"collection":[{"href":"https:\/\/www.eldiario.net\/portal\/wp-json\/wp\/v2\/posts"}],"about":[{"href":"https:\/\/www.eldiario.net\/portal\/wp-json\/wp\/v2\/types\/post"}],"author":[{"embeddable":true,"href":"https:\/\/www.eldiario.net\/portal\/wp-json\/wp\/v2\/users\/1"}],"replies":[{"embeddable":true,"href":"https:\/\/www.eldiario.net\/portal\/wp-json\/wp\/v2\/comments?post=406897"}],"version-history":[{"count":1,"href":"https:\/\/www.eldiario.net\/portal\/wp-json\/wp\/v2\/posts\/406897\/revisions"}],"predecessor-version":[{"id":406899,"href":"https:\/\/www.eldiario.net\/portal\/wp-json\/wp\/v2\/posts\/406897\/revisions\/406899"}],"wp:featuredmedia":[{"embeddable":true,"href":"https:\/\/www.eldiario.net\/portal\/wp-json\/wp\/v2\/media\/406898"}],"wp:attachment":[{"href":"https:\/\/www.eldiario.net\/portal\/wp-json\/wp\/v2\/media?parent=406897"}],"wp:term":[{"taxonomy":"category","embeddable":true,"href":"https:\/\/www.eldiario.net\/portal\/wp-json\/wp\/v2\/categories?post=406897"},{"taxonomy":"post_tag","embeddable":true,"href":"https:\/\/www.eldiario.net\/portal\/wp-json\/wp\/v2\/tags?post=406897"}],"curies":[{"name":"wp","href":"https:\/\/api.w.org\/{rel}","templated":true}]}}