{"id":406894,"date":"2026-06-25T07:27:11","date_gmt":"2026-06-25T11:27:11","guid":{"rendered":"https:\/\/www.eldiario.net\/portal\/?p=406894"},"modified":"2026-06-25T07:27:11","modified_gmt":"2026-06-25T11:27:11","slug":"declaran-estado-de-emergencia-tras-sismo-de-7-5-de-magnitud","status":"publish","type":"post","link":"https:\/\/www.eldiario.net\/portal\/2026\/06\/25\/declaran-estado-de-emergencia-tras-sismo-de-7-5-de-magnitud\/","title":{"rendered":"Declaran estado de emergencia tras sismo de 7.5 de magnitud"},"content":{"rendered":"<p>Un fuerte terremoto sacudi\u00f3 ayer a Caracas y otras regiones de Venezuela, provocando el colapso de varios edificios en la capital y obligando a miles de personas a desocupar viviendas, oficinas y establecimientos comerciales ante el temor de nuevas r\u00e9plicas. Todo esto mientras usuarios reportan da\u00f1os estructurales importantes y hasta edificios ca\u00eddos.<\/p>\n<p>Las autoridades venezolanas informaron que el movimiento tel\u00farico se sinti\u00f3 con especial intensidad en distintos sectores de la ciudad, donde comenzaron a circular im\u00e1genes de da\u00f1os estructurales y calles cubiertas de escombros. Entre los edificios afectados est\u00e1 el interior del Aeropuerto Internacional de Maiquet\u00eda, cerca de Caracas.<\/p>\n<p>El ministro de Interior, Diosdado Cabello, confirm\u00f3 que existen zonas de Caracas con situaciones \u201calarmantes desde el punto de vista gr\u00e1fico\u201d, especialmente en sectores como Altamira y Palos Grandes, donde se reportaron derrumbes de edificaciones. El funcionario pidi\u00f3 a la poblaci\u00f3n permanecer en espacios abiertos mientras los organismos de emergencia eval\u00faan posibles riesgos adicionales.<\/p>\n<p>De acuerdo con el Servicio Geol\u00f3gico de Estados Unidos (USGS), el sismo alcanz\u00f3 una magnitud preliminar de 7,5 y tuvo su epicentro cerca de Mor\u00f3n, en el estado Carabobo, a unos 170 kil\u00f3metros de Caracas. La escasa profundidad del movimiento contribuy\u00f3 a que fuera percibido con fuerza en buena parte del centro-norte del pa\u00eds.<\/p>\n<p>Testigos citados por distintos medios describieron escenas de p\u00e1nico en la capital. Residentes abandonaron edificios mientras las estructuras se balanceaban y columnas de polvo se elevaban en varios puntos de la ciudad tras el colapso parcial de algunas construcciones. En redes sociales comenzaron a difundirse videos que muestran da\u00f1os en fachadas, paredes agrietadas y personas concentradas en las calles a la espera de informaci\u00f3n oficial.<\/p>\n<p>Hubo escenas de p\u00e1nico en un centro comercial muy concurrido en el barrio del Altamira en la capital venezolana, constat\u00f3 una periodista de la Afp. El piso empez\u00f3 a temblar, cayeron estanter\u00edas en las tiendas y la gente sali\u00f3 corriendo en masa hacia la calle.<\/p>\n<p>\u201cFue incre\u00edble, no s\u00e9 ni cu\u00e1nto tiempo dur\u00f3. Estaba en el \u00faltimo piso (del centro comercial). De unos negocios se cayeron bastantes cosas. Salimos por las escaleras de emergencia, por ah\u00ed nos sacaron\u201d, se\u00f1al\u00f3 a Afp Heidi Romero, una comerciante de 42 a\u00f1os. \u201cSe desprendieron las escaleras, se raj\u00f3 toda la pared. Cayeron cosas del techo. Fue horrible\u201d, se\u00f1al\u00f3 Odalis Escalona, de 54 a\u00f1os y que trabaja en un banco.<\/p>\n<p>Algunos lugares quedaron sin energ\u00eda el\u00e9ctrica. Decenas de personas que abandonaron edificios en Caracas esperaban en la calle antes de regresar a sus oficinas y hogares.<\/p>\n<p>Carmen Gu\u00e9dez, de 69 a\u00f1os, estaba en la habitaci\u00f3n de una hermana en cama cuando empez\u00f3 a temblar.<\/p>\n<p>\u201cFue subiendo de intensidad\u201d, sostuvo a la Afp esta administradora que vive en un barrio de clase media ubicado en las monta\u00f1as de Caracas. \u201cEmpec\u00e9 a ver c\u00f3mo las ventanas empezaron a moverse y luego se sacudi\u00f3 todo\u201d, asegur\u00f3. \u201cMi hermana, una vecina y yo nos quedamos rezando, abrazaditas ah\u00ed. No pod\u00edamos salir. Los vecinos a\u00fan est\u00e1n en la calle\u201d, agreg\u00f3.<\/p>\n<p>Venezuela es sacudida por temblores con frecuencia. Los terremotos m\u00e1s fuertes en los tiempos recientes fueron los de Cariaco (noreste) en 1997 y el de Caracas en 1967.(Semana)<\/p>\n<p>&nbsp;<\/p>\n","protected":false},"excerpt":{"rendered":"<p>Un fuerte terremoto sacudi\u00f3 ayer a Caracas y otras regiones de Venezuela, provocando el colapso de varios edificios en la capital y obligando a miles de personas a desocupar viviendas, oficinas y establecimientos comerciales ante el temor de nuevas r\u00e9plicas. Todo esto mientras usuarios reportan da\u00f1os estructurales importantes y hasta edificios ca\u00eddos. Las autoridades venezolanas [&hellip;]<\/p>\n","protected":false},"author":1,"featured_media":406895,"comment_status":"closed","ping_status":"open","sticky":false,"template":"","format":"standard","meta":{"_acf_changed":false,"footnotes":""},"categories":[3],"tags":[],"class_list":["post-406894","post","type-post","status-publish","format-standard","has-post-thumbnail","category-internacional"],"acf":{"antetitulo":"Venezuela"},"yoast_head":"<!-- This site is optimized with the Yoast SEO plugin v28.4 - https:\/\/yoast.com\/product\/yoast-seo-wordpress\/ -->\n<title>Declaran estado de emergencia tras sismo de 7.5 de magnitud - El Diario - Bolivia<\/title>\n<meta name=\"robots\" content=\"index, follow, max-snippet:-1, max-image-preview:large, max-video-preview:-1\" \/>\n<link rel=\"canonical\" href=\"https:\/\/www.eldiario.net\/portal\/2026\/06\/25\/declaran-estado-de-emergencia-tras-sismo-de-7-5-de-magnitud\/\" \/>\n<meta property=\"og:locale\" content=\"es_ES\" \/>\n<meta property=\"og:type\" content=\"article\" \/>\n<meta property=\"og:title\" content=\"Declaran estado de emergencia tras sismo de 7.5 de magnitud - El Diario - Bolivia\" \/>\n<meta property=\"og:description\" content=\"Un fuerte terremoto sacudi\u00f3 ayer a Caracas y otras regiones de Venezuela, provocando el colapso de varios edificios en la capital y obligando a miles de personas a desocupar viviendas, oficinas y establecimientos comerciales ante el temor de nuevas r\u00e9plicas. Todo esto mientras usuarios reportan da\u00f1os estructurales importantes y hasta edificios ca\u00eddos. Las autoridades venezolanas [&hellip;]\" \/>\n<meta property=\"og:url\" content=\"https:\/\/www.eldiario.net\/portal\/2026\/06\/25\/declaran-estado-de-emergencia-tras-sismo-de-7-5-de-magnitud\/\" \/>\n<meta property=\"og:site_name\" content=\"El Diario - Bolivia\" \/>\n<meta property=\"article:publisher\" content=\"https:\/\/www.facebook.com\/eldiario.bolivia\/\" \/>\n<meta property=\"article:published_time\" content=\"2026-06-25T11:27:11+00:00\" \/>\n<meta property=\"og:image\" content=\"https:\/\/www.eldiario.net\/portal\/wp-content\/uploads\/2026\/06\/SISMO-Getty-Images.webp\" \/>\n\t<meta property=\"og:image:width\" content=\"1900\" \/>\n\t<meta property=\"og:image:height\" content=\"1267\" \/>\n\t<meta property=\"og:image:type\" content=\"image\/webp\" \/>\n<meta name=\"author\" content=\"Jeanette\" \/>\n<meta name=\"twitter:card\" content=\"summary_large_image\" \/>\n<meta name=\"twitter:creator\" content=\"@eldiario_net\" \/>\n<meta name=\"twitter:site\" content=\"@eldiario_net\" \/>\n<meta name=\"twitter:label1\" content=\"Escrito por\" \/>\n\t<meta name=\"twitter:data1\" content=\"Jeanette\" \/>\n\t<meta name=\"twitter:label2\" content=\"Tiempo de lectura\" \/>\n\t<meta name=\"twitter:data2\" content=\"3 minutos\" \/>\n<script type=\"application\/ld+json\" class=\"yoast-schema-graph\">{\"@context\":\"https:\\\/\\\/schema.org\",\"@graph\":[{\"@type\":\"Article\",\"@id\":\"https:\\\/\\\/www.eldiario.net\\\/portal\\\/2026\\\/06\\\/25\\\/declaran-estado-de-emergencia-tras-sismo-de-7-5-de-magnitud\\\/#article\",\"isPartOf\":{\"@id\":\"https:\\\/\\\/www.eldiario.net\\\/portal\\\/2026\\\/06\\\/25\\\/declaran-estado-de-emergencia-tras-sismo-de-7-5-de-magnitud\\\/\"},\"author\":{\"name\":\"Jeanette\",\"@id\":\"https:\\\/\\\/www.eldiario.net\\\/portal\\\/#\\\/schema\\\/person\\\/f46445640444750d7d753ccd04ae01b7\"},\"headline\":\"Declaran estado de emergencia tras sismo de 7.5 de magnitud\",\"datePublished\":\"2026-06-25T11:27:11+00:00\",\"mainEntityOfPage\":{\"@id\":\"https:\\\/\\\/www.eldiario.net\\\/portal\\\/2026\\\/06\\\/25\\\/declaran-estado-de-emergencia-tras-sismo-de-7-5-de-magnitud\\\/\"},\"wordCount\":560,\"publisher\":{\"@id\":\"https:\\\/\\\/www.eldiario.net\\\/portal\\\/#organization\"},\"image\":{\"@id\":\"https:\\\/\\\/www.eldiario.net\\\/portal\\\/2026\\\/06\\\/25\\\/declaran-estado-de-emergencia-tras-sismo-de-7-5-de-magnitud\\\/#primaryimage\"},\"thumbnailUrl\":\"https:\\\/\\\/www.eldiario.net\\\/portal\\\/wp-content\\\/uploads\\\/2026\\\/06\\\/SISMO-Getty-Images.webp\",\"articleSection\":[\"Internacional\"],\"inLanguage\":\"es\"},{\"@type\":\"WebPage\",\"@id\":\"https:\\\/\\\/www.eldiario.net\\\/portal\\\/2026\\\/06\\\/25\\\/declaran-estado-de-emergencia-tras-sismo-de-7-5-de-magnitud\\\/\",\"url\":\"https:\\\/\\\/www.eldiario.net\\\/portal\\\/2026\\\/06\\\/25\\\/declaran-estado-de-emergencia-tras-sismo-de-7-5-de-magnitud\\\/\",\"name\":\"Declaran estado de emergencia tras sismo de 7.5 de magnitud - El Diario - Bolivia\",\"isPartOf\":{\"@id\":\"https:\\\/\\\/www.eldiario.net\\\/portal\\\/#website\"},\"primaryImageOfPage\":{\"@id\":\"https:\\\/\\\/www.eldiario.net\\\/portal\\\/2026\\\/06\\\/25\\\/declaran-estado-de-emergencia-tras-sismo-de-7-5-de-magnitud\\\/#primaryimage\"},\"image\":{\"@id\":\"https:\\\/\\\/www.eldiario.net\\\/portal\\\/2026\\\/06\\\/25\\\/declaran-estado-de-emergencia-tras-sismo-de-7-5-de-magnitud\\\/#primaryimage\"},\"thumbnailUrl\":\"https:\\\/\\\/www.eldiario.net\\\/portal\\\/wp-content\\\/uploads\\\/2026\\\/06\\\/SISMO-Getty-Images.webp\",\"datePublished\":\"2026-06-25T11:27:11+00:00\",\"breadcrumb\":{\"@id\":\"https:\\\/\\\/www.eldiario.net\\\/portal\\\/2026\\\/06\\\/25\\\/declaran-estado-de-emergencia-tras-sismo-de-7-5-de-magnitud\\\/#breadcrumb\"},\"inLanguage\":\"es\",\"potentialAction\":[{\"@type\":\"ReadAction\",\"target\":[\"https:\\\/\\\/www.eldiario.net\\\/portal\\\/2026\\\/06\\\/25\\\/declaran-estado-de-emergencia-tras-sismo-de-7-5-de-magnitud\\\/\"]}]},{\"@type\":\"ImageObject\",\"inLanguage\":\"es\",\"@id\":\"https:\\\/\\\/www.eldiario.net\\\/portal\\\/2026\\\/06\\\/25\\\/declaran-estado-de-emergencia-tras-sismo-de-7-5-de-magnitud\\\/#primaryimage\",\"url\":\"https:\\\/\\\/www.eldiario.net\\\/portal\\\/wp-content\\\/uploads\\\/2026\\\/06\\\/SISMO-Getty-Images.webp\",\"contentUrl\":\"https:\\\/\\\/www.eldiario.net\\\/portal\\\/wp-content\\\/uploads\\\/2026\\\/06\\\/SISMO-Getty-Images.webp\",\"width\":1900,\"height\":1267,\"caption\":\"Los equipos de rescate buscan v\u00edctimas entre restos de edificio derrumbado en Caracas. CREDITO: Getty Images\"},{\"@type\":\"BreadcrumbList\",\"@id\":\"https:\\\/\\\/www.eldiario.net\\\/portal\\\/2026\\\/06\\\/25\\\/declaran-estado-de-emergencia-tras-sismo-de-7-5-de-magnitud\\\/#breadcrumb\",\"itemListElement\":[{\"@type\":\"ListItem\",\"position\":1,\"name\":\"Portada\",\"item\":\"https:\\\/\\\/www.eldiario.net\\\/portal\\\/\"},{\"@type\":\"ListItem\",\"position\":2,\"name\":\"Declaran estado de emergencia tras sismo de 7.5 de magnitud\"}]},{\"@type\":\"WebSite\",\"@id\":\"https:\\\/\\\/www.eldiario.net\\\/portal\\\/#website\",\"url\":\"https:\\\/\\\/www.eldiario.net\\\/portal\\\/\",\"name\":\"El Diario - Decano de la prensa nacional\",\"description\":\"El Diario - Decano de la prensa nacional\",\"publisher\":{\"@id\":\"https:\\\/\\\/www.eldiario.net\\\/portal\\\/#organization\"},\"potentialAction\":[{\"@type\":\"SearchAction\",\"target\":{\"@type\":\"EntryPoint\",\"urlTemplate\":\"https:\\\/\\\/www.eldiario.net\\\/portal\\\/?s={search_term_string}\"},\"query-input\":{\"@type\":\"PropertyValueSpecification\",\"valueRequired\":true,\"valueName\":\"search_term_string\"}}],\"inLanguage\":\"es\"},{\"@type\":\"Organization\",\"@id\":\"https:\\\/\\\/www.eldiario.net\\\/portal\\\/#organization\",\"name\":\"El Diario - Decano de la prensa nacional\",\"url\":\"https:\\\/\\\/www.eldiario.net\\\/portal\\\/\",\"logo\":{\"@type\":\"ImageObject\",\"inLanguage\":\"es\",\"@id\":\"https:\\\/\\\/www.eldiario.net\\\/portal\\\/#\\\/schema\\\/logo\\\/image\\\/\",\"url\":\"https:\\\/\\\/www.eldiario.net\\\/portal\\\/wp-content\\\/uploads\\\/2023\\\/07\\\/logo_ED.jpg\",\"contentUrl\":\"https:\\\/\\\/www.eldiario.net\\\/portal\\\/wp-content\\\/uploads\\\/2023\\\/07\\\/logo_ED.jpg\",\"width\":272,\"height\":52,\"caption\":\"El Diario - Decano de la prensa nacional\"},\"image\":{\"@id\":\"https:\\\/\\\/www.eldiario.net\\\/portal\\\/#\\\/schema\\\/logo\\\/image\\\/\"},\"sameAs\":[\"https:\\\/\\\/www.facebook.com\\\/eldiario.bolivia\\\/\",\"https:\\\/\\\/x.com\\\/eldiario_net\"]},{\"@type\":\"Person\",\"@id\":\"https:\\\/\\\/www.eldiario.net\\\/portal\\\/#\\\/schema\\\/person\\\/f46445640444750d7d753ccd04ae01b7\",\"name\":\"Jeanette\",\"image\":{\"@type\":\"ImageObject\",\"inLanguage\":\"es\",\"@id\":\"https:\\\/\\\/secure.gravatar.com\\\/avatar\\\/3ea2118a5f7dad2b7138b1187a6b7ee55f160b9968b66013c3a3ef39dd7e5798?s=96&d=mm&r=g\",\"url\":\"https:\\\/\\\/secure.gravatar.com\\\/avatar\\\/3ea2118a5f7dad2b7138b1187a6b7ee55f160b9968b66013c3a3ef39dd7e5798?s=96&d=mm&r=g\",\"contentUrl\":\"https:\\\/\\\/secure.gravatar.com\\\/avatar\\\/3ea2118a5f7dad2b7138b1187a6b7ee55f160b9968b66013c3a3ef39dd7e5798?s=96&d=mm&r=g\",\"caption\":\"Jeanette\"},\"sameAs\":[\"https:\\\/\\\/www.eldiario.net\\\/portal\"],\"url\":\"https:\\\/\\\/www.eldiario.net\\\/portal\\\/author\\\/jeanette\\\/\"}]}<\/script>\n<!-- \/ Yoast SEO plugin. -->","yoast_head_json":{"title":"Declaran estado de emergencia tras sismo de 7.5 de magnitud - El Diario - Bolivia","robots":{"index":"index","follow":"follow","max-snippet":"max-snippet:-1","max-image-preview":"max-image-preview:large","max-video-preview":"max-video-preview:-1"},"canonical":"https:\/\/www.eldiario.net\/portal\/2026\/06\/25\/declaran-estado-de-emergencia-tras-sismo-de-7-5-de-magnitud\/","og_locale":"es_ES","og_type":"article","og_title":"Declaran estado de emergencia tras sismo de 7.5 de magnitud - El Diario - Bolivia","og_description":"Un fuerte terremoto sacudi\u00f3 ayer a Caracas y otras regiones de Venezuela, provocando el colapso de varios edificios en la capital y obligando a miles de personas a desocupar viviendas, oficinas y establecimientos comerciales ante el temor de nuevas r\u00e9plicas. Todo esto mientras usuarios reportan da\u00f1os estructurales importantes y hasta edificios ca\u00eddos. Las autoridades venezolanas [&hellip;]","og_url":"https:\/\/www.eldiario.net\/portal\/2026\/06\/25\/declaran-estado-de-emergencia-tras-sismo-de-7-5-de-magnitud\/","og_site_name":"El Diario - Bolivia","article_publisher":"https:\/\/www.facebook.com\/eldiario.bolivia\/","article_published_time":"2026-06-25T11:27:11+00:00","og_image":[{"width":1900,"height":1267,"url":"https:\/\/www.eldiario.net\/portal\/wp-content\/uploads\/2026\/06\/SISMO-Getty-Images.webp","type":"image\/webp"}],"author":"Jeanette","twitter_card":"summary_large_image","twitter_creator":"@eldiario_net","twitter_site":"@eldiario_net","twitter_misc":{"Escrito por":"Jeanette","Tiempo de lectura":"3 minutos"},"schema":{"@context":"https:\/\/schema.org","@graph":[{"@type":"Article","@id":"https:\/\/www.eldiario.net\/portal\/2026\/06\/25\/declaran-estado-de-emergencia-tras-sismo-de-7-5-de-magnitud\/#article","isPartOf":{"@id":"https:\/\/www.eldiario.net\/portal\/2026\/06\/25\/declaran-estado-de-emergencia-tras-sismo-de-7-5-de-magnitud\/"},"author":{"name":"Jeanette","@id":"https:\/\/www.eldiario.net\/portal\/#\/schema\/person\/f46445640444750d7d753ccd04ae01b7"},"headline":"Declaran estado de emergencia tras sismo de 7.5 de magnitud","datePublished":"2026-06-25T11:27:11+00:00","mainEntityOfPage":{"@id":"https:\/\/www.eldiario.net\/portal\/2026\/06\/25\/declaran-estado-de-emergencia-tras-sismo-de-7-5-de-magnitud\/"},"wordCount":560,"publisher":{"@id":"https:\/\/www.eldiario.net\/portal\/#organization"},"image":{"@id":"https:\/\/www.eldiario.net\/portal\/2026\/06\/25\/declaran-estado-de-emergencia-tras-sismo-de-7-5-de-magnitud\/#primaryimage"},"thumbnailUrl":"https:\/\/www.eldiario.net\/portal\/wp-content\/uploads\/2026\/06\/SISMO-Getty-Images.webp","articleSection":["Internacional"],"inLanguage":"es"},{"@type":"WebPage","@id":"https:\/\/www.eldiario.net\/portal\/2026\/06\/25\/declaran-estado-de-emergencia-tras-sismo-de-7-5-de-magnitud\/","url":"https:\/\/www.eldiario.net\/portal\/2026\/06\/25\/declaran-estado-de-emergencia-tras-sismo-de-7-5-de-magnitud\/","name":"Declaran estado de emergencia tras sismo de 7.5 de magnitud - El Diario - Bolivia","isPartOf":{"@id":"https:\/\/www.eldiario.net\/portal\/#website"},"primaryImageOfPage":{"@id":"https:\/\/www.eldiario.net\/portal\/2026\/06\/25\/declaran-estado-de-emergencia-tras-sismo-de-7-5-de-magnitud\/#primaryimage"},"image":{"@id":"https:\/\/www.eldiario.net\/portal\/2026\/06\/25\/declaran-estado-de-emergencia-tras-sismo-de-7-5-de-magnitud\/#primaryimage"},"thumbnailUrl":"https:\/\/www.eldiario.net\/portal\/wp-content\/uploads\/2026\/06\/SISMO-Getty-Images.webp","datePublished":"2026-06-25T11:27:11+00:00","breadcrumb":{"@id":"https:\/\/www.eldiario.net\/portal\/2026\/06\/25\/declaran-estado-de-emergencia-tras-sismo-de-7-5-de-magnitud\/#breadcrumb"},"inLanguage":"es","potentialAction":[{"@type":"ReadAction","target":["https:\/\/www.eldiario.net\/portal\/2026\/06\/25\/declaran-estado-de-emergencia-tras-sismo-de-7-5-de-magnitud\/"]}]},{"@type":"ImageObject","inLanguage":"es","@id":"https:\/\/www.eldiario.net\/portal\/2026\/06\/25\/declaran-estado-de-emergencia-tras-sismo-de-7-5-de-magnitud\/#primaryimage","url":"https:\/\/www.eldiario.net\/portal\/wp-content\/uploads\/2026\/06\/SISMO-Getty-Images.webp","contentUrl":"https:\/\/www.eldiario.net\/portal\/wp-content\/uploads\/2026\/06\/SISMO-Getty-Images.webp","width":1900,"height":1267,"caption":"Los equipos de rescate buscan v\u00edctimas entre restos de edificio derrumbado en Caracas. CREDITO: Getty Images"},{"@type":"BreadcrumbList","@id":"https:\/\/www.eldiario.net\/portal\/2026\/06\/25\/declaran-estado-de-emergencia-tras-sismo-de-7-5-de-magnitud\/#breadcrumb","itemListElement":[{"@type":"ListItem","position":1,"name":"Portada","item":"https:\/\/www.eldiario.net\/portal\/"},{"@type":"ListItem","position":2,"name":"Declaran estado de emergencia tras sismo de 7.5 de magnitud"}]},{"@type":"WebSite","@id":"https:\/\/www.eldiario.net\/portal\/#website","url":"https:\/\/www.eldiario.net\/portal\/","name":"El Diario - Decano de la prensa nacional","description":"El Diario - Decano de la prensa nacional","publisher":{"@id":"https:\/\/www.eldiario.net\/portal\/#organization"},"potentialAction":[{"@type":"SearchAction","target":{"@type":"EntryPoint","urlTemplate":"https:\/\/www.eldiario.net\/portal\/?s={search_term_string}"},"query-input":{"@type":"PropertyValueSpecification","valueRequired":true,"valueName":"search_term_string"}}],"inLanguage":"es"},{"@type":"Organization","@id":"https:\/\/www.eldiario.net\/portal\/#organization","name":"El Diario - Decano de la prensa nacional","url":"https:\/\/www.eldiario.net\/portal\/","logo":{"@type":"ImageObject","inLanguage":"es","@id":"https:\/\/www.eldiario.net\/portal\/#\/schema\/logo\/image\/","url":"https:\/\/www.eldiario.net\/portal\/wp-content\/uploads\/2023\/07\/logo_ED.jpg","contentUrl":"https:\/\/www.eldiario.net\/portal\/wp-content\/uploads\/2023\/07\/logo_ED.jpg","width":272,"height":52,"caption":"El Diario - Decano de la prensa nacional"},"image":{"@id":"https:\/\/www.eldiario.net\/portal\/#\/schema\/logo\/image\/"},"sameAs":["https:\/\/www.facebook.com\/eldiario.bolivia\/","https:\/\/x.com\/eldiario_net"]},{"@type":"Person","@id":"https:\/\/www.eldiario.net\/portal\/#\/schema\/person\/f46445640444750d7d753ccd04ae01b7","name":"Jeanette","image":{"@type":"ImageObject","inLanguage":"es","@id":"https:\/\/secure.gravatar.com\/avatar\/3ea2118a5f7dad2b7138b1187a6b7ee55f160b9968b66013c3a3ef39dd7e5798?s=96&d=mm&r=g","url":"https:\/\/secure.gravatar.com\/avatar\/3ea2118a5f7dad2b7138b1187a6b7ee55f160b9968b66013c3a3ef39dd7e5798?s=96&d=mm&r=g","contentUrl":"https:\/\/secure.gravatar.com\/avatar\/3ea2118a5f7dad2b7138b1187a6b7ee55f160b9968b66013c3a3ef39dd7e5798?s=96&d=mm&r=g","caption":"Jeanette"},"sameAs":["https:\/\/www.eldiario.net\/portal"],"url":"https:\/\/www.eldiario.net\/portal\/author\/jeanette\/"}]}},"_links":{"self":[{"href":"https:\/\/www.eldiario.net\/portal\/wp-json\/wp\/v2\/posts\/406894","targetHints":{"allow":["GET"]}}],"collection":[{"href":"https:\/\/www.eldiario.net\/portal\/wp-json\/wp\/v2\/posts"}],"about":[{"href":"https:\/\/www.eldiario.net\/portal\/wp-json\/wp\/v2\/types\/post"}],"author":[{"embeddable":true,"href":"https:\/\/www.eldiario.net\/portal\/wp-json\/wp\/v2\/users\/1"}],"replies":[{"embeddable":true,"href":"https:\/\/www.eldiario.net\/portal\/wp-json\/wp\/v2\/comments?post=406894"}],"version-history":[{"count":1,"href":"https:\/\/www.eldiario.net\/portal\/wp-json\/wp\/v2\/posts\/406894\/revisions"}],"predecessor-version":[{"id":406896,"href":"https:\/\/www.eldiario.net\/portal\/wp-json\/wp\/v2\/posts\/406894\/revisions\/406896"}],"wp:featuredmedia":[{"embeddable":true,"href":"https:\/\/www.eldiario.net\/portal\/wp-json\/wp\/v2\/media\/406895"}],"wp:attachment":[{"href":"https:\/\/www.eldiario.net\/portal\/wp-json\/wp\/v2\/media?parent=406894"}],"wp:term":[{"taxonomy":"category","embeddable":true,"href":"https:\/\/www.eldiario.net\/portal\/wp-json\/wp\/v2\/categories?post=406894"},{"taxonomy":"post_tag","embeddable":true,"href":"https:\/\/www.eldiario.net\/portal\/wp-json\/wp\/v2\/tags?post=406894"}],"curies":[{"name":"wp","href":"https:\/\/api.w.org\/{rel}","templated":true}]}}