{"id":406888,"date":"2026-06-25T07:23:00","date_gmt":"2026-06-25T11:23:00","guid":{"rendered":"https:\/\/www.eldiario.net\/portal\/?p=406888"},"modified":"2026-06-25T10:01:30","modified_gmt":"2026-06-25T14:01:30","slug":"brasil-vence-categoricamente-a-escocia-3-0","status":"publish","type":"post","link":"https:\/\/www.eldiario.net\/portal\/2026\/06\/25\/brasil-vence-categoricamente-a-escocia-3-0\/","title":{"rendered":"Brasil vence categ\u00f3ricamente a Escocia (3-0)"},"content":{"rendered":"<p>En una exhibici\u00f3n de contundencia y jerarqu\u00eda, la selecci\u00f3n de Brasil venci\u00f3 categ\u00f3ricamente 3-0 a Escocia en el cierre del Grupo \u201cC\u201d del Mundial 2026.<\/p>\n<p>Desde el silbatazo inicial en Miami, la escuadra sudamericana impuso condiciones castigando severamente las desatenciones del conjunto europeo.<\/p>\n<p>Apenas al minuto 7, Vin\u00edcius J\u00fanior aprovech\u00f3 un grave error en la salida de Scott McKenna para inaugurar el marcador con total tranquilidad.<\/p>\n<p>Aunque Escocia intent\u00f3 reaccionar manteniendo la posesi\u00f3n por tramos, las desconexiones defensivas le costaron caras.<\/p>\n<p>Al minuto 22, a instancias del VAR, se le anul\u00f3 otro gol al extremo del Real Madrid por una falta previa sobre Jack Hendry. Sin embargo, la insistencia brasile\u00f1a rindi\u00f3 frutos justo antes del descanso: un preciso centro de Bruno Guimar\u00e3es al segundo poste encontr\u00f3 nuevamente a Vin\u00edcius, quien de cabeza puso el 2-0 aprovechando una mala salida del arquero escoc\u00e9s Angus Gunn.<\/p>\n<p>Para la parte complementaria, el ritmo de juego baj\u00f3 de intensidad gracias al c\u00f3modo control t\u00e1ctico de Brasil.<\/p>\n<p>Al minuto 60, Matheus Cunha sentenci\u00f3 el encuentro tras definir cruzado frente a Gunn tras una gran jugada colectiva y asistencia de Guimar\u00e3es.<\/p>\n<p>El tramo final del cotejo estuvo marcado por la ovaci\u00f3n del p\u00fablico ante el ansiado regreso de Neymar, quien debut\u00f3 en este certamen tras superar una lesi\u00f3n.<\/p>\n<p>Con este resultado, Brasil asegura el liderato invicto del sector, mientras que la \u00abTartan Army\u00bb queda al borde de la eliminaci\u00f3n.<\/p>\n<p>S\u00cdNTESIS<\/p>\n<p>Alineaciones:<\/p>\n<p>BRASIL (3)<\/p>\n<p>Alisson Becker, Danilo, Marquinhos, Gabriel Magalh\u00e3es, Douglas Santos, Casemiro, Bruno Guimar\u00e3es, Lucas Paquet\u00e1, Rayan, Matheus Cunha, Vin\u00edcius J\u00fanior. DT: Carlo Ancelotti.<\/p>\n<p>CAMBIOS<\/p>\n<p>Gabriel Martinelli por Lucas Paquet\u00e1, Fabinho por Casemiro, Neymar por Matheus Cunha, Alex Sandro por Douglas Santos Endrick por Rayan. GOLES<\/p>\n<p>Vin\u00edcius J\u00fanior (7\u2019y 48\u2019), Matheus Cunha (60\u2019)<\/p>\n<p>ESCOCIA (0)<\/p>\n<p>Angus Gunn, \u00a0Nathan Patterson, Scott McKenna, Jack Hendry, Andrew Robertson; Lewis Ferguson, Kenny McLean, \u00a0Ben Gannon-Doak, Scott McTominay, John McGinn, Lawrence Shankland. DT: Steve Clarke.<\/p>\n<p>CAMBIOS<\/p>\n<p>Kieran Tierney por Andrew Robertson, \u00a0Anthony Ralston por Nathan Patterson, \u00a0Ryan Christie por Ben Gannon-Doak, Che Adams por Lawrence Shankland, Findlay Curtis por John McGinn.<\/p>\n<p>CUERPO ARBITRAL<\/p>\n<p>\u00c1rbitro central: C\u00e9sar Arturo Ramos Palazuelos (M\u00e9xico)<\/p>\n<p>Asistentes: Alberto Mor\u00edn y Marco Bisguerra<\/p>\n<p>VAR: Guillermo Pacheco<\/p>\n<p>AVAR: Abdullah Alshehri<\/p>\n<p>ESTADIO<\/p>\n<p>Hard Rock Stadium (Estadio de Miami), Florida, Estados Unidos.<\/p>\n<p>ASISTENCIA<\/p>\n<p>65.000 espectadores (aprox.)<\/p>\n<p>(AGENCIAS- IM\u00c1GENES FIFA)<\/p>\n<p><img loading=\"lazy\" decoding=\"async\" class=\"alignleft size-full wp-image-406885\" src=\"https:\/\/www.eldiario.net\/portal\/wp-content\/uploads\/2026\/06\/Brasil-Tabla-de-Posiciones.webp\" alt=\"\" width=\"655\" height=\"354\" srcset=\"https:\/\/www.eldiario.net\/portal\/wp-content\/uploads\/2026\/06\/Brasil-Tabla-de-Posiciones.webp 655w, https:\/\/www.eldiario.net\/portal\/wp-content\/uploads\/2026\/06\/Brasil-Tabla-de-Posiciones-300x162.webp 300w, https:\/\/www.eldiario.net\/portal\/wp-content\/uploads\/2026\/06\/Brasil-Tabla-de-Posiciones-150x81.webp 150w\" sizes=\"auto, (max-width: 655px) 100vw, 655px\" \/><\/p>\n","protected":false},"excerpt":{"rendered":"<p>En una exhibici\u00f3n de contundencia y jerarqu\u00eda, la selecci\u00f3n de Brasil venci\u00f3 categ\u00f3ricamente 3-0 a Escocia en el cierre del Grupo \u201cC\u201d del Mundial 2026. Desde el silbatazo inicial en Miami, la escuadra sudamericana impuso condiciones castigando severamente las desatenciones del conjunto europeo. Apenas al minuto 7, Vin\u00edcius J\u00fanior aprovech\u00f3 un grave error en la [&hellip;]<\/p>\n","protected":false},"author":1,"featured_media":406889,"comment_status":"closed","ping_status":"open","sticky":false,"template":"","format":"standard","meta":{"_acf_changed":false,"footnotes":""},"categories":[6],"tags":[],"class_list":["post-406888","post","type-post","status-publish","format-standard","has-post-thumbnail","category-deportes"],"acf":{"antetitulo":"COPA DEL MUNDO- GRUPO \u201cC\u201d"},"yoast_head":"<!-- This site is optimized with the Yoast SEO plugin v28.4 - https:\/\/yoast.com\/product\/yoast-seo-wordpress\/ -->\n<title>Brasil vence categ\u00f3ricamente a Escocia (3-0) - El Diario - Bolivia<\/title>\n<meta name=\"robots\" content=\"index, follow, max-snippet:-1, max-image-preview:large, max-video-preview:-1\" \/>\n<link rel=\"canonical\" href=\"https:\/\/www.eldiario.net\/portal\/2026\/06\/25\/brasil-vence-categoricamente-a-escocia-3-0\/\" \/>\n<meta property=\"og:locale\" content=\"es_ES\" \/>\n<meta property=\"og:type\" content=\"article\" \/>\n<meta property=\"og:title\" content=\"Brasil vence categ\u00f3ricamente a Escocia (3-0) - El Diario - Bolivia\" \/>\n<meta property=\"og:description\" content=\"En una exhibici\u00f3n de contundencia y jerarqu\u00eda, la selecci\u00f3n de Brasil venci\u00f3 categ\u00f3ricamente 3-0 a Escocia en el cierre del Grupo \u201cC\u201d del Mundial 2026. Desde el silbatazo inicial en Miami, la escuadra sudamericana impuso condiciones castigando severamente las desatenciones del conjunto europeo. Apenas al minuto 7, Vin\u00edcius J\u00fanior aprovech\u00f3 un grave error en la [&hellip;]\" \/>\n<meta property=\"og:url\" content=\"https:\/\/www.eldiario.net\/portal\/2026\/06\/25\/brasil-vence-categoricamente-a-escocia-3-0\/\" \/>\n<meta property=\"og:site_name\" content=\"El Diario - Bolivia\" \/>\n<meta property=\"article:publisher\" content=\"https:\/\/www.facebook.com\/eldiario.bolivia\/\" \/>\n<meta property=\"article:published_time\" content=\"2026-06-25T11:23:00+00:00\" \/>\n<meta property=\"article:modified_time\" content=\"2026-06-25T14:01:30+00:00\" \/>\n<meta property=\"og:image\" content=\"https:\/\/www.eldiario.net\/portal\/wp-content\/uploads\/2026\/06\/Brasil-24.webp\" \/>\n\t<meta property=\"og:image:width\" content=\"720\" \/>\n\t<meta property=\"og:image:height\" content=\"808\" \/>\n\t<meta property=\"og:image:type\" content=\"image\/webp\" \/>\n<meta name=\"author\" content=\"Jeanette\" \/>\n<meta name=\"twitter:card\" content=\"summary_large_image\" \/>\n<meta name=\"twitter:creator\" content=\"@eldiario_net\" \/>\n<meta name=\"twitter:site\" content=\"@eldiario_net\" \/>\n<meta name=\"twitter:label1\" content=\"Escrito por\" \/>\n\t<meta name=\"twitter:data1\" content=\"Jeanette\" \/>\n\t<meta name=\"twitter:label2\" content=\"Tiempo de lectura\" \/>\n\t<meta name=\"twitter:data2\" content=\"3 minutos\" \/>\n<script type=\"application\/ld+json\" class=\"yoast-schema-graph\">{\"@context\":\"https:\\\/\\\/schema.org\",\"@graph\":[{\"@type\":\"Article\",\"@id\":\"https:\\\/\\\/www.eldiario.net\\\/portal\\\/2026\\\/06\\\/25\\\/brasil-vence-categoricamente-a-escocia-3-0\\\/#article\",\"isPartOf\":{\"@id\":\"https:\\\/\\\/www.eldiario.net\\\/portal\\\/2026\\\/06\\\/25\\\/brasil-vence-categoricamente-a-escocia-3-0\\\/\"},\"author\":{\"name\":\"Jeanette\",\"@id\":\"https:\\\/\\\/www.eldiario.net\\\/portal\\\/#\\\/schema\\\/person\\\/f46445640444750d7d753ccd04ae01b7\"},\"headline\":\"Brasil vence categ\u00f3ricamente a Escocia (3-0)\",\"datePublished\":\"2026-06-25T11:23:00+00:00\",\"dateModified\":\"2026-06-25T14:01:30+00:00\",\"mainEntityOfPage\":{\"@id\":\"https:\\\/\\\/www.eldiario.net\\\/portal\\\/2026\\\/06\\\/25\\\/brasil-vence-categoricamente-a-escocia-3-0\\\/\"},\"wordCount\":405,\"publisher\":{\"@id\":\"https:\\\/\\\/www.eldiario.net\\\/portal\\\/#organization\"},\"image\":{\"@id\":\"https:\\\/\\\/www.eldiario.net\\\/portal\\\/2026\\\/06\\\/25\\\/brasil-vence-categoricamente-a-escocia-3-0\\\/#primaryimage\"},\"thumbnailUrl\":\"https:\\\/\\\/www.eldiario.net\\\/portal\\\/wp-content\\\/uploads\\\/2026\\\/06\\\/Brasil-24.webp\",\"articleSection\":[\"Deportes\"],\"inLanguage\":\"es\"},{\"@type\":\"WebPage\",\"@id\":\"https:\\\/\\\/www.eldiario.net\\\/portal\\\/2026\\\/06\\\/25\\\/brasil-vence-categoricamente-a-escocia-3-0\\\/\",\"url\":\"https:\\\/\\\/www.eldiario.net\\\/portal\\\/2026\\\/06\\\/25\\\/brasil-vence-categoricamente-a-escocia-3-0\\\/\",\"name\":\"Brasil vence categ\u00f3ricamente a Escocia (3-0) - El Diario - Bolivia\",\"isPartOf\":{\"@id\":\"https:\\\/\\\/www.eldiario.net\\\/portal\\\/#website\"},\"primaryImageOfPage\":{\"@id\":\"https:\\\/\\\/www.eldiario.net\\\/portal\\\/2026\\\/06\\\/25\\\/brasil-vence-categoricamente-a-escocia-3-0\\\/#primaryimage\"},\"image\":{\"@id\":\"https:\\\/\\\/www.eldiario.net\\\/portal\\\/2026\\\/06\\\/25\\\/brasil-vence-categoricamente-a-escocia-3-0\\\/#primaryimage\"},\"thumbnailUrl\":\"https:\\\/\\\/www.eldiario.net\\\/portal\\\/wp-content\\\/uploads\\\/2026\\\/06\\\/Brasil-24.webp\",\"datePublished\":\"2026-06-25T11:23:00+00:00\",\"dateModified\":\"2026-06-25T14:01:30+00:00\",\"breadcrumb\":{\"@id\":\"https:\\\/\\\/www.eldiario.net\\\/portal\\\/2026\\\/06\\\/25\\\/brasil-vence-categoricamente-a-escocia-3-0\\\/#breadcrumb\"},\"inLanguage\":\"es\",\"potentialAction\":[{\"@type\":\"ReadAction\",\"target\":[\"https:\\\/\\\/www.eldiario.net\\\/portal\\\/2026\\\/06\\\/25\\\/brasil-vence-categoricamente-a-escocia-3-0\\\/\"]}]},{\"@type\":\"ImageObject\",\"inLanguage\":\"es\",\"@id\":\"https:\\\/\\\/www.eldiario.net\\\/portal\\\/2026\\\/06\\\/25\\\/brasil-vence-categoricamente-a-escocia-3-0\\\/#primaryimage\",\"url\":\"https:\\\/\\\/www.eldiario.net\\\/portal\\\/wp-content\\\/uploads\\\/2026\\\/06\\\/Brasil-24.webp\",\"contentUrl\":\"https:\\\/\\\/www.eldiario.net\\\/portal\\\/wp-content\\\/uploads\\\/2026\\\/06\\\/Brasil-24.webp\",\"width\":720,\"height\":808},{\"@type\":\"BreadcrumbList\",\"@id\":\"https:\\\/\\\/www.eldiario.net\\\/portal\\\/2026\\\/06\\\/25\\\/brasil-vence-categoricamente-a-escocia-3-0\\\/#breadcrumb\",\"itemListElement\":[{\"@type\":\"ListItem\",\"position\":1,\"name\":\"Portada\",\"item\":\"https:\\\/\\\/www.eldiario.net\\\/portal\\\/\"},{\"@type\":\"ListItem\",\"position\":2,\"name\":\"Brasil vence categ\u00f3ricamente a Escocia (3-0)\"}]},{\"@type\":\"WebSite\",\"@id\":\"https:\\\/\\\/www.eldiario.net\\\/portal\\\/#website\",\"url\":\"https:\\\/\\\/www.eldiario.net\\\/portal\\\/\",\"name\":\"El Diario - Decano de la prensa nacional\",\"description\":\"El Diario - Decano de la prensa nacional\",\"publisher\":{\"@id\":\"https:\\\/\\\/www.eldiario.net\\\/portal\\\/#organization\"},\"potentialAction\":[{\"@type\":\"SearchAction\",\"target\":{\"@type\":\"EntryPoint\",\"urlTemplate\":\"https:\\\/\\\/www.eldiario.net\\\/portal\\\/?s={search_term_string}\"},\"query-input\":{\"@type\":\"PropertyValueSpecification\",\"valueRequired\":true,\"valueName\":\"search_term_string\"}}],\"inLanguage\":\"es\"},{\"@type\":\"Organization\",\"@id\":\"https:\\\/\\\/www.eldiario.net\\\/portal\\\/#organization\",\"name\":\"El Diario - Decano de la prensa nacional\",\"url\":\"https:\\\/\\\/www.eldiario.net\\\/portal\\\/\",\"logo\":{\"@type\":\"ImageObject\",\"inLanguage\":\"es\",\"@id\":\"https:\\\/\\\/www.eldiario.net\\\/portal\\\/#\\\/schema\\\/logo\\\/image\\\/\",\"url\":\"https:\\\/\\\/www.eldiario.net\\\/portal\\\/wp-content\\\/uploads\\\/2023\\\/07\\\/logo_ED.jpg\",\"contentUrl\":\"https:\\\/\\\/www.eldiario.net\\\/portal\\\/wp-content\\\/uploads\\\/2023\\\/07\\\/logo_ED.jpg\",\"width\":272,\"height\":52,\"caption\":\"El Diario - Decano de la prensa nacional\"},\"image\":{\"@id\":\"https:\\\/\\\/www.eldiario.net\\\/portal\\\/#\\\/schema\\\/logo\\\/image\\\/\"},\"sameAs\":[\"https:\\\/\\\/www.facebook.com\\\/eldiario.bolivia\\\/\",\"https:\\\/\\\/x.com\\\/eldiario_net\"]},{\"@type\":\"Person\",\"@id\":\"https:\\\/\\\/www.eldiario.net\\\/portal\\\/#\\\/schema\\\/person\\\/f46445640444750d7d753ccd04ae01b7\",\"name\":\"Jeanette\",\"image\":{\"@type\":\"ImageObject\",\"inLanguage\":\"es\",\"@id\":\"https:\\\/\\\/secure.gravatar.com\\\/avatar\\\/3ea2118a5f7dad2b7138b1187a6b7ee55f160b9968b66013c3a3ef39dd7e5798?s=96&d=mm&r=g\",\"url\":\"https:\\\/\\\/secure.gravatar.com\\\/avatar\\\/3ea2118a5f7dad2b7138b1187a6b7ee55f160b9968b66013c3a3ef39dd7e5798?s=96&d=mm&r=g\",\"contentUrl\":\"https:\\\/\\\/secure.gravatar.com\\\/avatar\\\/3ea2118a5f7dad2b7138b1187a6b7ee55f160b9968b66013c3a3ef39dd7e5798?s=96&d=mm&r=g\",\"caption\":\"Jeanette\"},\"sameAs\":[\"https:\\\/\\\/www.eldiario.net\\\/portal\"],\"url\":\"https:\\\/\\\/www.eldiario.net\\\/portal\\\/author\\\/jeanette\\\/\"}]}<\/script>\n<!-- \/ Yoast SEO plugin. -->","yoast_head_json":{"title":"Brasil vence categ\u00f3ricamente a Escocia (3-0) - El Diario - Bolivia","robots":{"index":"index","follow":"follow","max-snippet":"max-snippet:-1","max-image-preview":"max-image-preview:large","max-video-preview":"max-video-preview:-1"},"canonical":"https:\/\/www.eldiario.net\/portal\/2026\/06\/25\/brasil-vence-categoricamente-a-escocia-3-0\/","og_locale":"es_ES","og_type":"article","og_title":"Brasil vence categ\u00f3ricamente a Escocia (3-0) - El Diario - Bolivia","og_description":"En una exhibici\u00f3n de contundencia y jerarqu\u00eda, la selecci\u00f3n de Brasil venci\u00f3 categ\u00f3ricamente 3-0 a Escocia en el cierre del Grupo \u201cC\u201d del Mundial 2026. Desde el silbatazo inicial en Miami, la escuadra sudamericana impuso condiciones castigando severamente las desatenciones del conjunto europeo. Apenas al minuto 7, Vin\u00edcius J\u00fanior aprovech\u00f3 un grave error en la [&hellip;]","og_url":"https:\/\/www.eldiario.net\/portal\/2026\/06\/25\/brasil-vence-categoricamente-a-escocia-3-0\/","og_site_name":"El Diario - Bolivia","article_publisher":"https:\/\/www.facebook.com\/eldiario.bolivia\/","article_published_time":"2026-06-25T11:23:00+00:00","article_modified_time":"2026-06-25T14:01:30+00:00","og_image":[{"width":720,"height":808,"url":"https:\/\/www.eldiario.net\/portal\/wp-content\/uploads\/2026\/06\/Brasil-24.webp","type":"image\/webp"}],"author":"Jeanette","twitter_card":"summary_large_image","twitter_creator":"@eldiario_net","twitter_site":"@eldiario_net","twitter_misc":{"Escrito por":"Jeanette","Tiempo de lectura":"3 minutos"},"schema":{"@context":"https:\/\/schema.org","@graph":[{"@type":"Article","@id":"https:\/\/www.eldiario.net\/portal\/2026\/06\/25\/brasil-vence-categoricamente-a-escocia-3-0\/#article","isPartOf":{"@id":"https:\/\/www.eldiario.net\/portal\/2026\/06\/25\/brasil-vence-categoricamente-a-escocia-3-0\/"},"author":{"name":"Jeanette","@id":"https:\/\/www.eldiario.net\/portal\/#\/schema\/person\/f46445640444750d7d753ccd04ae01b7"},"headline":"Brasil vence categ\u00f3ricamente a Escocia (3-0)","datePublished":"2026-06-25T11:23:00+00:00","dateModified":"2026-06-25T14:01:30+00:00","mainEntityOfPage":{"@id":"https:\/\/www.eldiario.net\/portal\/2026\/06\/25\/brasil-vence-categoricamente-a-escocia-3-0\/"},"wordCount":405,"publisher":{"@id":"https:\/\/www.eldiario.net\/portal\/#organization"},"image":{"@id":"https:\/\/www.eldiario.net\/portal\/2026\/06\/25\/brasil-vence-categoricamente-a-escocia-3-0\/#primaryimage"},"thumbnailUrl":"https:\/\/www.eldiario.net\/portal\/wp-content\/uploads\/2026\/06\/Brasil-24.webp","articleSection":["Deportes"],"inLanguage":"es"},{"@type":"WebPage","@id":"https:\/\/www.eldiario.net\/portal\/2026\/06\/25\/brasil-vence-categoricamente-a-escocia-3-0\/","url":"https:\/\/www.eldiario.net\/portal\/2026\/06\/25\/brasil-vence-categoricamente-a-escocia-3-0\/","name":"Brasil vence categ\u00f3ricamente a Escocia (3-0) - El Diario - Bolivia","isPartOf":{"@id":"https:\/\/www.eldiario.net\/portal\/#website"},"primaryImageOfPage":{"@id":"https:\/\/www.eldiario.net\/portal\/2026\/06\/25\/brasil-vence-categoricamente-a-escocia-3-0\/#primaryimage"},"image":{"@id":"https:\/\/www.eldiario.net\/portal\/2026\/06\/25\/brasil-vence-categoricamente-a-escocia-3-0\/#primaryimage"},"thumbnailUrl":"https:\/\/www.eldiario.net\/portal\/wp-content\/uploads\/2026\/06\/Brasil-24.webp","datePublished":"2026-06-25T11:23:00+00:00","dateModified":"2026-06-25T14:01:30+00:00","breadcrumb":{"@id":"https:\/\/www.eldiario.net\/portal\/2026\/06\/25\/brasil-vence-categoricamente-a-escocia-3-0\/#breadcrumb"},"inLanguage":"es","potentialAction":[{"@type":"ReadAction","target":["https:\/\/www.eldiario.net\/portal\/2026\/06\/25\/brasil-vence-categoricamente-a-escocia-3-0\/"]}]},{"@type":"ImageObject","inLanguage":"es","@id":"https:\/\/www.eldiario.net\/portal\/2026\/06\/25\/brasil-vence-categoricamente-a-escocia-3-0\/#primaryimage","url":"https:\/\/www.eldiario.net\/portal\/wp-content\/uploads\/2026\/06\/Brasil-24.webp","contentUrl":"https:\/\/www.eldiario.net\/portal\/wp-content\/uploads\/2026\/06\/Brasil-24.webp","width":720,"height":808},{"@type":"BreadcrumbList","@id":"https:\/\/www.eldiario.net\/portal\/2026\/06\/25\/brasil-vence-categoricamente-a-escocia-3-0\/#breadcrumb","itemListElement":[{"@type":"ListItem","position":1,"name":"Portada","item":"https:\/\/www.eldiario.net\/portal\/"},{"@type":"ListItem","position":2,"name":"Brasil vence categ\u00f3ricamente a Escocia (3-0)"}]},{"@type":"WebSite","@id":"https:\/\/www.eldiario.net\/portal\/#website","url":"https:\/\/www.eldiario.net\/portal\/","name":"El Diario - Decano de la prensa nacional","description":"El Diario - Decano de la prensa nacional","publisher":{"@id":"https:\/\/www.eldiario.net\/portal\/#organization"},"potentialAction":[{"@type":"SearchAction","target":{"@type":"EntryPoint","urlTemplate":"https:\/\/www.eldiario.net\/portal\/?s={search_term_string}"},"query-input":{"@type":"PropertyValueSpecification","valueRequired":true,"valueName":"search_term_string"}}],"inLanguage":"es"},{"@type":"Organization","@id":"https:\/\/www.eldiario.net\/portal\/#organization","name":"El Diario - Decano de la prensa nacional","url":"https:\/\/www.eldiario.net\/portal\/","logo":{"@type":"ImageObject","inLanguage":"es","@id":"https:\/\/www.eldiario.net\/portal\/#\/schema\/logo\/image\/","url":"https:\/\/www.eldiario.net\/portal\/wp-content\/uploads\/2023\/07\/logo_ED.jpg","contentUrl":"https:\/\/www.eldiario.net\/portal\/wp-content\/uploads\/2023\/07\/logo_ED.jpg","width":272,"height":52,"caption":"El Diario - Decano de la prensa nacional"},"image":{"@id":"https:\/\/www.eldiario.net\/portal\/#\/schema\/logo\/image\/"},"sameAs":["https:\/\/www.facebook.com\/eldiario.bolivia\/","https:\/\/x.com\/eldiario_net"]},{"@type":"Person","@id":"https:\/\/www.eldiario.net\/portal\/#\/schema\/person\/f46445640444750d7d753ccd04ae01b7","name":"Jeanette","image":{"@type":"ImageObject","inLanguage":"es","@id":"https:\/\/secure.gravatar.com\/avatar\/3ea2118a5f7dad2b7138b1187a6b7ee55f160b9968b66013c3a3ef39dd7e5798?s=96&d=mm&r=g","url":"https:\/\/secure.gravatar.com\/avatar\/3ea2118a5f7dad2b7138b1187a6b7ee55f160b9968b66013c3a3ef39dd7e5798?s=96&d=mm&r=g","contentUrl":"https:\/\/secure.gravatar.com\/avatar\/3ea2118a5f7dad2b7138b1187a6b7ee55f160b9968b66013c3a3ef39dd7e5798?s=96&d=mm&r=g","caption":"Jeanette"},"sameAs":["https:\/\/www.eldiario.net\/portal"],"url":"https:\/\/www.eldiario.net\/portal\/author\/jeanette\/"}]}},"_links":{"self":[{"href":"https:\/\/www.eldiario.net\/portal\/wp-json\/wp\/v2\/posts\/406888","targetHints":{"allow":["GET"]}}],"collection":[{"href":"https:\/\/www.eldiario.net\/portal\/wp-json\/wp\/v2\/posts"}],"about":[{"href":"https:\/\/www.eldiario.net\/portal\/wp-json\/wp\/v2\/types\/post"}],"author":[{"embeddable":true,"href":"https:\/\/www.eldiario.net\/portal\/wp-json\/wp\/v2\/users\/1"}],"replies":[{"embeddable":true,"href":"https:\/\/www.eldiario.net\/portal\/wp-json\/wp\/v2\/comments?post=406888"}],"version-history":[{"count":2,"href":"https:\/\/www.eldiario.net\/portal\/wp-json\/wp\/v2\/posts\/406888\/revisions"}],"predecessor-version":[{"id":406932,"href":"https:\/\/www.eldiario.net\/portal\/wp-json\/wp\/v2\/posts\/406888\/revisions\/406932"}],"wp:featuredmedia":[{"embeddable":true,"href":"https:\/\/www.eldiario.net\/portal\/wp-json\/wp\/v2\/media\/406889"}],"wp:attachment":[{"href":"https:\/\/www.eldiario.net\/portal\/wp-json\/wp\/v2\/media?parent=406888"}],"wp:term":[{"taxonomy":"category","embeddable":true,"href":"https:\/\/www.eldiario.net\/portal\/wp-json\/wp\/v2\/categories?post=406888"},{"taxonomy":"post_tag","embeddable":true,"href":"https:\/\/www.eldiario.net\/portal\/wp-json\/wp\/v2\/tags?post=406888"}],"curies":[{"name":"wp","href":"https:\/\/api.w.org\/{rel}","templated":true}]}}