{"id":406881,"date":"2026-06-25T01:27:41","date_gmt":"2026-06-25T05:27:41","guid":{"rendered":"https:\/\/www.eldiario.net\/portal\/?p=406881"},"modified":"2026-06-24T23:28:19","modified_gmt":"2026-06-25T03:28:19","slug":"demandan-plan-de-emergencia-economica-realista-y-responsable","status":"publish","type":"post","link":"https:\/\/www.eldiario.net\/portal\/2026\/06\/25\/demandan-plan-de-emergencia-economica-realista-y-responsable\/","title":{"rendered":"Demandan plan de emergencia econ\u00f3mica realista y responsable"},"content":{"rendered":"<p>El presidente de la Confederaci\u00f3n de Empresarios Privados de Bolivia (CEPB), Giovanni Ortu\u00f1o, pidi\u00f3 al Gobierno la implementaci\u00f3n de un plan de emergencia para la reactivaci\u00f3n de la econom\u00eda que involucre a todos los sectores y regiones, sin diferencias ni privilegios. Mientras el ministro de Econom\u00eda y Finanzas P\u00fablicas, Gabriel Espinoza, anuncio la creaci\u00f3n de fondos.<\/p>\n<p>Giovanni Ortu\u00f1o advierte que Bolivia no puede volver a tolerar conflictos que destruyan la econom\u00eda y llama a construir una agenda de recuperaci\u00f3n y desarrollo de largo plazo.<\/p>\n<p>\u201cEse esfuerzo debe ser realista, t\u00e9cnicamente viable, coherente y responsable, capaz de comprometer a los actores pol\u00edticos, econ\u00f3micos, sociales y regionales, en torno a objetivos comunes, con la transparencia y la comunicaci\u00f3n necesarias para generar confianza y respaldo ciudadano\u201d, se\u00f1al\u00f3 el l\u00edder de los empresarios.<\/p>\n<p>En un mensaje grabado, luego de conocerse que todos los bloqueos se levantaron, el dirigente de los privados sostuvo que la conclusi\u00f3n de este conflicto marca el final de \u00abuna de las coyunturas m\u00e1s funestas de los \u00faltimos a\u00f1os\u00bb y exhort\u00f3 a las autoridades, fuerzas pol\u00edticas y organizaciones sociales a impulsar de manera inmediata un plan nacional de emergencia para recuperar la econom\u00eda y restablecer la confianza.<\/p>\n<p>Su posici\u00f3n actual se enmarca en la propuesta que la CEPB public\u00f3 el pasado 16 de junio en la que ped\u00eda la implementaci\u00f3n de un Plan de Emergencia que evite medidas dispersas, que incorpore la participaci\u00f3n de todo el sector privado y que considere la estabilidad fiscal y financiera del pa\u00eds.<\/p>\n<p>En su mensaje, Ortu\u00f1o afirm\u00f3 adem\u00e1s que las consecuencias del conflicto han sido profundas y afectan a millones de bolivianos. \u00abUna econom\u00eda al borde del colapso, mayor incertidumbre sobre el futuro, p\u00e9rdidas humanas y patrimoniales, y el tejido social deteriorado son el resultado de una acci\u00f3n pol\u00edtica irresponsable, cuyos costos asumi\u00f3 todo el pa\u00eds\u00bb, sentenci\u00f3.<\/p>\n<p>Ortu\u00f1o sostuvo que Bolivia no puede volver a tolerar este tipo de conflictos y remarc\u00f3 que la prioridad inmediata debe ser la recuperaci\u00f3n econ\u00f3mica mediante un esfuerzo conjunto entre el Estado, el sector privado, los trabajadores y las regiones.<\/p>\n<p>No obstante, advirti\u00f3 que la recuperaci\u00f3n inmediata no ser\u00e1 suficiente si el pa\u00eds no retoma una agenda nacional de largo plazo orientada a fortalecer la institucionalidad y generar condiciones para el crecimiento. En este marco, destac\u00f3 la necesidad de aprobar las leyes fundamentales que permitan restablecer la seguridad jur\u00eddica, promover la inversi\u00f3n, impulsar la reactivaci\u00f3n productiva y consolidar un desarrollo sostenible.<\/p>\n<p>\u201cDebemos cambiar la confrontaci\u00f3n por acuerdos, la incertidumbre por medidas concretas y los bloqueos por producci\u00f3n. La reconstrucci\u00f3n de Bolivia exige el compromiso de todos\u00bb, concluy\u00f3.<\/p>\n<p>Entre tanto, el ministro de Econom\u00eda y Finanzas P\u00fablicas, Jos\u00e9 Gabriel Espinoza, inform\u00f3 que el Gobierno trabaja en la creaci\u00f3n de fondos destinados a reconstituir el capital de trabajo de peque\u00f1os productores afectados por los recientes bloqueos.<\/p>\n<p>\u201cLos peque\u00f1os productores no trabajan con el banco, reciben cr\u00e9dito de proveedores, y esa cadena de financiamiento se ha roto; entonces, hay que reconstituir capital de trabajo\u201d, se\u00f1al\u00f3.<\/p>\n<p>Frente a esa situaci\u00f3n, indic\u00f3 que se est\u00e1n dise\u00f1ando distintos fondos de apoyo que ser\u00e1n implementados de manera espec\u00edfica seg\u00fan cada sector productivo.<\/p>\n<p>El ministro se\u00f1al\u00f3 que el objetivo principal es garantizar la producci\u00f3n de alimentos para evitar presiones inflacionarias.<\/p>\n<p>Cuando la autoridad, opin\u00f3 como analista econ\u00f3mico, se\u00f1alaba que una de las formas para atacar la inflaci\u00f3n ser\u00eda aumentar la oferta, y en caso de los alimentos, incrementar la producci\u00f3n.<\/p>\n<p>Sin embargo, los analistas econ\u00f3micos advierten que los precios altos se mantendr\u00e1n por el momento, o talvez por varios meses, debido a que la producci\u00f3n cay\u00f3 ante la falta de mercados debido a los bloqueos.<\/p>\n","protected":false},"excerpt":{"rendered":"<p>El presidente de la Confederaci\u00f3n de Empresarios Privados de Bolivia (CEPB), Giovanni Ortu\u00f1o, pidi\u00f3 al Gobierno la implementaci\u00f3n de un plan de emergencia para la reactivaci\u00f3n de la econom\u00eda que involucre a todos los sectores y regiones, sin diferencias ni privilegios. Mientras el ministro de Econom\u00eda y Finanzas P\u00fablicas, Gabriel Espinoza, anuncio la creaci\u00f3n de [&hellip;]<\/p>\n","protected":false},"author":1,"featured_media":406882,"comment_status":"closed","ping_status":"open","sticky":false,"template":"","format":"standard","meta":{"_acf_changed":false,"footnotes":""},"categories":[7],"tags":[],"class_list":["post-406881","post","type-post","status-publish","format-standard","has-post-thumbnail","category-economia"],"acf":{"antetitulo":""},"yoast_head":"<!-- This site is optimized with the Yoast SEO plugin v28.4 - https:\/\/yoast.com\/product\/yoast-seo-wordpress\/ -->\n<title>Demandan plan de emergencia econ\u00f3mica realista y responsable - El Diario - Bolivia<\/title>\n<meta name=\"robots\" content=\"index, follow, max-snippet:-1, max-image-preview:large, max-video-preview:-1\" \/>\n<link rel=\"canonical\" href=\"https:\/\/www.eldiario.net\/portal\/2026\/06\/25\/demandan-plan-de-emergencia-economica-realista-y-responsable\/\" \/>\n<meta property=\"og:locale\" content=\"es_ES\" \/>\n<meta property=\"og:type\" content=\"article\" \/>\n<meta property=\"og:title\" content=\"Demandan plan de emergencia econ\u00f3mica realista y responsable - El Diario - Bolivia\" \/>\n<meta property=\"og:description\" content=\"El presidente de la Confederaci\u00f3n de Empresarios Privados de Bolivia (CEPB), Giovanni Ortu\u00f1o, pidi\u00f3 al Gobierno la implementaci\u00f3n de un plan de emergencia para la reactivaci\u00f3n de la econom\u00eda que involucre a todos los sectores y regiones, sin diferencias ni privilegios. Mientras el ministro de Econom\u00eda y Finanzas P\u00fablicas, Gabriel Espinoza, anuncio la creaci\u00f3n de [&hellip;]\" \/>\n<meta property=\"og:url\" content=\"https:\/\/www.eldiario.net\/portal\/2026\/06\/25\/demandan-plan-de-emergencia-economica-realista-y-responsable\/\" \/>\n<meta property=\"og:site_name\" content=\"El Diario - Bolivia\" \/>\n<meta property=\"article:publisher\" content=\"https:\/\/www.facebook.com\/eldiario.bolivia\/\" \/>\n<meta property=\"article:published_time\" content=\"2026-06-25T05:27:41+00:00\" \/>\n<meta property=\"og:image\" content=\"https:\/\/www.eldiario.net\/portal\/wp-content\/uploads\/2026\/06\/CEPB-FOTO.webp\" \/>\n\t<meta property=\"og:image:width\" content=\"738\" \/>\n\t<meta property=\"og:image:height\" content=\"387\" \/>\n\t<meta property=\"og:image:type\" content=\"image\/webp\" \/>\n<meta name=\"author\" content=\"Jeanette\" \/>\n<meta name=\"twitter:card\" content=\"summary_large_image\" \/>\n<meta name=\"twitter:creator\" content=\"@eldiario_net\" \/>\n<meta name=\"twitter:site\" content=\"@eldiario_net\" \/>\n<meta name=\"twitter:label1\" content=\"Escrito por\" \/>\n\t<meta name=\"twitter:data1\" content=\"Jeanette\" \/>\n\t<meta name=\"twitter:label2\" content=\"Tiempo de lectura\" \/>\n\t<meta name=\"twitter:data2\" content=\"3 minutos\" \/>\n<script type=\"application\/ld+json\" class=\"yoast-schema-graph\">{\"@context\":\"https:\\\/\\\/schema.org\",\"@graph\":[{\"@type\":\"Article\",\"@id\":\"https:\\\/\\\/www.eldiario.net\\\/portal\\\/2026\\\/06\\\/25\\\/demandan-plan-de-emergencia-economica-realista-y-responsable\\\/#article\",\"isPartOf\":{\"@id\":\"https:\\\/\\\/www.eldiario.net\\\/portal\\\/2026\\\/06\\\/25\\\/demandan-plan-de-emergencia-economica-realista-y-responsable\\\/\"},\"author\":{\"name\":\"Jeanette\",\"@id\":\"https:\\\/\\\/www.eldiario.net\\\/portal\\\/#\\\/schema\\\/person\\\/f46445640444750d7d753ccd04ae01b7\"},\"headline\":\"Demandan plan de emergencia econ\u00f3mica realista y responsable\",\"datePublished\":\"2026-06-25T05:27:41+00:00\",\"mainEntityOfPage\":{\"@id\":\"https:\\\/\\\/www.eldiario.net\\\/portal\\\/2026\\\/06\\\/25\\\/demandan-plan-de-emergencia-economica-realista-y-responsable\\\/\"},\"wordCount\":674,\"publisher\":{\"@id\":\"https:\\\/\\\/www.eldiario.net\\\/portal\\\/#organization\"},\"image\":{\"@id\":\"https:\\\/\\\/www.eldiario.net\\\/portal\\\/2026\\\/06\\\/25\\\/demandan-plan-de-emergencia-economica-realista-y-responsable\\\/#primaryimage\"},\"thumbnailUrl\":\"https:\\\/\\\/www.eldiario.net\\\/portal\\\/wp-content\\\/uploads\\\/2026\\\/06\\\/CEPB-FOTO.webp\",\"articleSection\":[\"Econom\u00eda\"],\"inLanguage\":\"es\"},{\"@type\":\"WebPage\",\"@id\":\"https:\\\/\\\/www.eldiario.net\\\/portal\\\/2026\\\/06\\\/25\\\/demandan-plan-de-emergencia-economica-realista-y-responsable\\\/\",\"url\":\"https:\\\/\\\/www.eldiario.net\\\/portal\\\/2026\\\/06\\\/25\\\/demandan-plan-de-emergencia-economica-realista-y-responsable\\\/\",\"name\":\"Demandan plan de emergencia econ\u00f3mica realista y responsable - El Diario - Bolivia\",\"isPartOf\":{\"@id\":\"https:\\\/\\\/www.eldiario.net\\\/portal\\\/#website\"},\"primaryImageOfPage\":{\"@id\":\"https:\\\/\\\/www.eldiario.net\\\/portal\\\/2026\\\/06\\\/25\\\/demandan-plan-de-emergencia-economica-realista-y-responsable\\\/#primaryimage\"},\"image\":{\"@id\":\"https:\\\/\\\/www.eldiario.net\\\/portal\\\/2026\\\/06\\\/25\\\/demandan-plan-de-emergencia-economica-realista-y-responsable\\\/#primaryimage\"},\"thumbnailUrl\":\"https:\\\/\\\/www.eldiario.net\\\/portal\\\/wp-content\\\/uploads\\\/2026\\\/06\\\/CEPB-FOTO.webp\",\"datePublished\":\"2026-06-25T05:27:41+00:00\",\"breadcrumb\":{\"@id\":\"https:\\\/\\\/www.eldiario.net\\\/portal\\\/2026\\\/06\\\/25\\\/demandan-plan-de-emergencia-economica-realista-y-responsable\\\/#breadcrumb\"},\"inLanguage\":\"es\",\"potentialAction\":[{\"@type\":\"ReadAction\",\"target\":[\"https:\\\/\\\/www.eldiario.net\\\/portal\\\/2026\\\/06\\\/25\\\/demandan-plan-de-emergencia-economica-realista-y-responsable\\\/\"]}]},{\"@type\":\"ImageObject\",\"inLanguage\":\"es\",\"@id\":\"https:\\\/\\\/www.eldiario.net\\\/portal\\\/2026\\\/06\\\/25\\\/demandan-plan-de-emergencia-economica-realista-y-responsable\\\/#primaryimage\",\"url\":\"https:\\\/\\\/www.eldiario.net\\\/portal\\\/wp-content\\\/uploads\\\/2026\\\/06\\\/CEPB-FOTO.webp\",\"contentUrl\":\"https:\\\/\\\/www.eldiario.net\\\/portal\\\/wp-content\\\/uploads\\\/2026\\\/06\\\/CEPB-FOTO.webp\",\"width\":738,\"height\":387,\"caption\":\"Sede la Confederaci\u00f3n de Empresarios Privados de Bolivia. Foto internet.\"},{\"@type\":\"BreadcrumbList\",\"@id\":\"https:\\\/\\\/www.eldiario.net\\\/portal\\\/2026\\\/06\\\/25\\\/demandan-plan-de-emergencia-economica-realista-y-responsable\\\/#breadcrumb\",\"itemListElement\":[{\"@type\":\"ListItem\",\"position\":1,\"name\":\"Portada\",\"item\":\"https:\\\/\\\/www.eldiario.net\\\/portal\\\/\"},{\"@type\":\"ListItem\",\"position\":2,\"name\":\"Demandan plan de emergencia econ\u00f3mica realista y responsable\"}]},{\"@type\":\"WebSite\",\"@id\":\"https:\\\/\\\/www.eldiario.net\\\/portal\\\/#website\",\"url\":\"https:\\\/\\\/www.eldiario.net\\\/portal\\\/\",\"name\":\"El Diario - Decano de la prensa nacional\",\"description\":\"El Diario - Decano de la prensa nacional\",\"publisher\":{\"@id\":\"https:\\\/\\\/www.eldiario.net\\\/portal\\\/#organization\"},\"potentialAction\":[{\"@type\":\"SearchAction\",\"target\":{\"@type\":\"EntryPoint\",\"urlTemplate\":\"https:\\\/\\\/www.eldiario.net\\\/portal\\\/?s={search_term_string}\"},\"query-input\":{\"@type\":\"PropertyValueSpecification\",\"valueRequired\":true,\"valueName\":\"search_term_string\"}}],\"inLanguage\":\"es\"},{\"@type\":\"Organization\",\"@id\":\"https:\\\/\\\/www.eldiario.net\\\/portal\\\/#organization\",\"name\":\"El Diario - Decano de la prensa nacional\",\"url\":\"https:\\\/\\\/www.eldiario.net\\\/portal\\\/\",\"logo\":{\"@type\":\"ImageObject\",\"inLanguage\":\"es\",\"@id\":\"https:\\\/\\\/www.eldiario.net\\\/portal\\\/#\\\/schema\\\/logo\\\/image\\\/\",\"url\":\"https:\\\/\\\/www.eldiario.net\\\/portal\\\/wp-content\\\/uploads\\\/2023\\\/07\\\/logo_ED.jpg\",\"contentUrl\":\"https:\\\/\\\/www.eldiario.net\\\/portal\\\/wp-content\\\/uploads\\\/2023\\\/07\\\/logo_ED.jpg\",\"width\":272,\"height\":52,\"caption\":\"El Diario - Decano de la prensa nacional\"},\"image\":{\"@id\":\"https:\\\/\\\/www.eldiario.net\\\/portal\\\/#\\\/schema\\\/logo\\\/image\\\/\"},\"sameAs\":[\"https:\\\/\\\/www.facebook.com\\\/eldiario.bolivia\\\/\",\"https:\\\/\\\/x.com\\\/eldiario_net\"]},{\"@type\":\"Person\",\"@id\":\"https:\\\/\\\/www.eldiario.net\\\/portal\\\/#\\\/schema\\\/person\\\/f46445640444750d7d753ccd04ae01b7\",\"name\":\"Jeanette\",\"image\":{\"@type\":\"ImageObject\",\"inLanguage\":\"es\",\"@id\":\"https:\\\/\\\/secure.gravatar.com\\\/avatar\\\/3ea2118a5f7dad2b7138b1187a6b7ee55f160b9968b66013c3a3ef39dd7e5798?s=96&d=mm&r=g\",\"url\":\"https:\\\/\\\/secure.gravatar.com\\\/avatar\\\/3ea2118a5f7dad2b7138b1187a6b7ee55f160b9968b66013c3a3ef39dd7e5798?s=96&d=mm&r=g\",\"contentUrl\":\"https:\\\/\\\/secure.gravatar.com\\\/avatar\\\/3ea2118a5f7dad2b7138b1187a6b7ee55f160b9968b66013c3a3ef39dd7e5798?s=96&d=mm&r=g\",\"caption\":\"Jeanette\"},\"sameAs\":[\"https:\\\/\\\/www.eldiario.net\\\/portal\"],\"url\":\"https:\\\/\\\/www.eldiario.net\\\/portal\\\/author\\\/jeanette\\\/\"}]}<\/script>\n<!-- \/ Yoast SEO plugin. -->","yoast_head_json":{"title":"Demandan plan de emergencia econ\u00f3mica realista y responsable - El Diario - Bolivia","robots":{"index":"index","follow":"follow","max-snippet":"max-snippet:-1","max-image-preview":"max-image-preview:large","max-video-preview":"max-video-preview:-1"},"canonical":"https:\/\/www.eldiario.net\/portal\/2026\/06\/25\/demandan-plan-de-emergencia-economica-realista-y-responsable\/","og_locale":"es_ES","og_type":"article","og_title":"Demandan plan de emergencia econ\u00f3mica realista y responsable - El Diario - Bolivia","og_description":"El presidente de la Confederaci\u00f3n de Empresarios Privados de Bolivia (CEPB), Giovanni Ortu\u00f1o, pidi\u00f3 al Gobierno la implementaci\u00f3n de un plan de emergencia para la reactivaci\u00f3n de la econom\u00eda que involucre a todos los sectores y regiones, sin diferencias ni privilegios. Mientras el ministro de Econom\u00eda y Finanzas P\u00fablicas, Gabriel Espinoza, anuncio la creaci\u00f3n de [&hellip;]","og_url":"https:\/\/www.eldiario.net\/portal\/2026\/06\/25\/demandan-plan-de-emergencia-economica-realista-y-responsable\/","og_site_name":"El Diario - Bolivia","article_publisher":"https:\/\/www.facebook.com\/eldiario.bolivia\/","article_published_time":"2026-06-25T05:27:41+00:00","og_image":[{"width":738,"height":387,"url":"https:\/\/www.eldiario.net\/portal\/wp-content\/uploads\/2026\/06\/CEPB-FOTO.webp","type":"image\/webp"}],"author":"Jeanette","twitter_card":"summary_large_image","twitter_creator":"@eldiario_net","twitter_site":"@eldiario_net","twitter_misc":{"Escrito por":"Jeanette","Tiempo de lectura":"3 minutos"},"schema":{"@context":"https:\/\/schema.org","@graph":[{"@type":"Article","@id":"https:\/\/www.eldiario.net\/portal\/2026\/06\/25\/demandan-plan-de-emergencia-economica-realista-y-responsable\/#article","isPartOf":{"@id":"https:\/\/www.eldiario.net\/portal\/2026\/06\/25\/demandan-plan-de-emergencia-economica-realista-y-responsable\/"},"author":{"name":"Jeanette","@id":"https:\/\/www.eldiario.net\/portal\/#\/schema\/person\/f46445640444750d7d753ccd04ae01b7"},"headline":"Demandan plan de emergencia econ\u00f3mica realista y responsable","datePublished":"2026-06-25T05:27:41+00:00","mainEntityOfPage":{"@id":"https:\/\/www.eldiario.net\/portal\/2026\/06\/25\/demandan-plan-de-emergencia-economica-realista-y-responsable\/"},"wordCount":674,"publisher":{"@id":"https:\/\/www.eldiario.net\/portal\/#organization"},"image":{"@id":"https:\/\/www.eldiario.net\/portal\/2026\/06\/25\/demandan-plan-de-emergencia-economica-realista-y-responsable\/#primaryimage"},"thumbnailUrl":"https:\/\/www.eldiario.net\/portal\/wp-content\/uploads\/2026\/06\/CEPB-FOTO.webp","articleSection":["Econom\u00eda"],"inLanguage":"es"},{"@type":"WebPage","@id":"https:\/\/www.eldiario.net\/portal\/2026\/06\/25\/demandan-plan-de-emergencia-economica-realista-y-responsable\/","url":"https:\/\/www.eldiario.net\/portal\/2026\/06\/25\/demandan-plan-de-emergencia-economica-realista-y-responsable\/","name":"Demandan plan de emergencia econ\u00f3mica realista y responsable - El Diario - Bolivia","isPartOf":{"@id":"https:\/\/www.eldiario.net\/portal\/#website"},"primaryImageOfPage":{"@id":"https:\/\/www.eldiario.net\/portal\/2026\/06\/25\/demandan-plan-de-emergencia-economica-realista-y-responsable\/#primaryimage"},"image":{"@id":"https:\/\/www.eldiario.net\/portal\/2026\/06\/25\/demandan-plan-de-emergencia-economica-realista-y-responsable\/#primaryimage"},"thumbnailUrl":"https:\/\/www.eldiario.net\/portal\/wp-content\/uploads\/2026\/06\/CEPB-FOTO.webp","datePublished":"2026-06-25T05:27:41+00:00","breadcrumb":{"@id":"https:\/\/www.eldiario.net\/portal\/2026\/06\/25\/demandan-plan-de-emergencia-economica-realista-y-responsable\/#breadcrumb"},"inLanguage":"es","potentialAction":[{"@type":"ReadAction","target":["https:\/\/www.eldiario.net\/portal\/2026\/06\/25\/demandan-plan-de-emergencia-economica-realista-y-responsable\/"]}]},{"@type":"ImageObject","inLanguage":"es","@id":"https:\/\/www.eldiario.net\/portal\/2026\/06\/25\/demandan-plan-de-emergencia-economica-realista-y-responsable\/#primaryimage","url":"https:\/\/www.eldiario.net\/portal\/wp-content\/uploads\/2026\/06\/CEPB-FOTO.webp","contentUrl":"https:\/\/www.eldiario.net\/portal\/wp-content\/uploads\/2026\/06\/CEPB-FOTO.webp","width":738,"height":387,"caption":"Sede la Confederaci\u00f3n de Empresarios Privados de Bolivia. Foto internet."},{"@type":"BreadcrumbList","@id":"https:\/\/www.eldiario.net\/portal\/2026\/06\/25\/demandan-plan-de-emergencia-economica-realista-y-responsable\/#breadcrumb","itemListElement":[{"@type":"ListItem","position":1,"name":"Portada","item":"https:\/\/www.eldiario.net\/portal\/"},{"@type":"ListItem","position":2,"name":"Demandan plan de emergencia econ\u00f3mica realista y responsable"}]},{"@type":"WebSite","@id":"https:\/\/www.eldiario.net\/portal\/#website","url":"https:\/\/www.eldiario.net\/portal\/","name":"El Diario - Decano de la prensa nacional","description":"El Diario - Decano de la prensa nacional","publisher":{"@id":"https:\/\/www.eldiario.net\/portal\/#organization"},"potentialAction":[{"@type":"SearchAction","target":{"@type":"EntryPoint","urlTemplate":"https:\/\/www.eldiario.net\/portal\/?s={search_term_string}"},"query-input":{"@type":"PropertyValueSpecification","valueRequired":true,"valueName":"search_term_string"}}],"inLanguage":"es"},{"@type":"Organization","@id":"https:\/\/www.eldiario.net\/portal\/#organization","name":"El Diario - Decano de la prensa nacional","url":"https:\/\/www.eldiario.net\/portal\/","logo":{"@type":"ImageObject","inLanguage":"es","@id":"https:\/\/www.eldiario.net\/portal\/#\/schema\/logo\/image\/","url":"https:\/\/www.eldiario.net\/portal\/wp-content\/uploads\/2023\/07\/logo_ED.jpg","contentUrl":"https:\/\/www.eldiario.net\/portal\/wp-content\/uploads\/2023\/07\/logo_ED.jpg","width":272,"height":52,"caption":"El Diario - Decano de la prensa nacional"},"image":{"@id":"https:\/\/www.eldiario.net\/portal\/#\/schema\/logo\/image\/"},"sameAs":["https:\/\/www.facebook.com\/eldiario.bolivia\/","https:\/\/x.com\/eldiario_net"]},{"@type":"Person","@id":"https:\/\/www.eldiario.net\/portal\/#\/schema\/person\/f46445640444750d7d753ccd04ae01b7","name":"Jeanette","image":{"@type":"ImageObject","inLanguage":"es","@id":"https:\/\/secure.gravatar.com\/avatar\/3ea2118a5f7dad2b7138b1187a6b7ee55f160b9968b66013c3a3ef39dd7e5798?s=96&d=mm&r=g","url":"https:\/\/secure.gravatar.com\/avatar\/3ea2118a5f7dad2b7138b1187a6b7ee55f160b9968b66013c3a3ef39dd7e5798?s=96&d=mm&r=g","contentUrl":"https:\/\/secure.gravatar.com\/avatar\/3ea2118a5f7dad2b7138b1187a6b7ee55f160b9968b66013c3a3ef39dd7e5798?s=96&d=mm&r=g","caption":"Jeanette"},"sameAs":["https:\/\/www.eldiario.net\/portal"],"url":"https:\/\/www.eldiario.net\/portal\/author\/jeanette\/"}]}},"_links":{"self":[{"href":"https:\/\/www.eldiario.net\/portal\/wp-json\/wp\/v2\/posts\/406881","targetHints":{"allow":["GET"]}}],"collection":[{"href":"https:\/\/www.eldiario.net\/portal\/wp-json\/wp\/v2\/posts"}],"about":[{"href":"https:\/\/www.eldiario.net\/portal\/wp-json\/wp\/v2\/types\/post"}],"author":[{"embeddable":true,"href":"https:\/\/www.eldiario.net\/portal\/wp-json\/wp\/v2\/users\/1"}],"replies":[{"embeddable":true,"href":"https:\/\/www.eldiario.net\/portal\/wp-json\/wp\/v2\/comments?post=406881"}],"version-history":[{"count":1,"href":"https:\/\/www.eldiario.net\/portal\/wp-json\/wp\/v2\/posts\/406881\/revisions"}],"predecessor-version":[{"id":406883,"href":"https:\/\/www.eldiario.net\/portal\/wp-json\/wp\/v2\/posts\/406881\/revisions\/406883"}],"wp:featuredmedia":[{"embeddable":true,"href":"https:\/\/www.eldiario.net\/portal\/wp-json\/wp\/v2\/media\/406882"}],"wp:attachment":[{"href":"https:\/\/www.eldiario.net\/portal\/wp-json\/wp\/v2\/media?parent=406881"}],"wp:term":[{"taxonomy":"category","embeddable":true,"href":"https:\/\/www.eldiario.net\/portal\/wp-json\/wp\/v2\/categories?post=406881"},{"taxonomy":"post_tag","embeddable":true,"href":"https:\/\/www.eldiario.net\/portal\/wp-json\/wp\/v2\/tags?post=406881"}],"curies":[{"name":"wp","href":"https:\/\/api.w.org\/{rel}","templated":true}]}}