{"id":406878,"date":"2026-06-25T01:26:22","date_gmt":"2026-06-25T05:26:22","guid":{"rendered":"https:\/\/www.eldiario.net\/portal\/?p=406878"},"modified":"2026-06-24T23:26:57","modified_gmt":"2026-06-25T03:26:57","slug":"reportan-danos-por-bs-90-millones-en-las-carreteras-por-los-bloqueos-2","status":"publish","type":"post","link":"https:\/\/www.eldiario.net\/portal\/2026\/06\/25\/reportan-danos-por-bs-90-millones-en-las-carreteras-por-los-bloqueos-2\/","title":{"rendered":"Reportan da\u00f1os por Bs 90 millones  en las carreteras por los bloqueos"},"content":{"rendered":"<p>Los bloqueos, por m\u00e1s de 50 d\u00edas, dejaron graves da\u00f1os estructurales y superficiales en diversas rutas de la Red Vial Fundamental (RVF), provocando una p\u00e9rdida econ\u00f3mica preliminar de aproximadamente 90 millones de bolivianos, seg\u00fan el presidente ejecutivo de la Administradora Boliviana de Carreteras (ABC), Ernesto Farf\u00e1n.<\/p>\n<p>Las regiones que concentran la mayor afectaci\u00f3n en su plataforma asf\u00e1ltica son los departamentos de La Paz, Cochabamba y Oruro. El ministro de Obras P\u00fablicas, Mauricio Zamora, remarc\u00f3 que redoblar\u00e1n el trabajo para reconstruir Bolivia.<\/p>\n<p>De acuerdo con el desglose t\u00e9cnico elaborado preliminarmente, el presidente de la ABC explic\u00f3 que el departamento de La Paz registra el impacto m\u00e1s cr\u00edtico con 46 millones de bolivianos de los da\u00f1os totales, seguido por Cochabamba con 20 millones de bolivianos y Oruro con una cifra similar. Luego, Santa Cruz con una afectaci\u00f3n de 3 millones de bolivianos y Potos\u00ed con 1,2 millones de bolivianos, mientras que en Chuquisaca el impacto fue menor.<\/p>\n<p>Farf\u00e1n puntualiz\u00f3 que los \u00fanicos departamentos que no registraron destrozos en su patrimonio vial fueron Pando, Beni y Tarija, donde no se registraron bloqueos. La autoridad enfatiz\u00f3 que no se trat\u00f3 de simples medidas de presi\u00f3n, sino de una destrucci\u00f3n deliberada de los activos estatales.<\/p>\n<p>\u201cNo solo se han quemado llantas, se han taladrado las carpetas asf\u00e1lticas, se abrieron zanjas, se rompieron las barreras de protecci\u00f3n y se destruy\u00f3 la se\u00f1al\u00e9tica vial para usarla como elementos de bloqueo\u201d, detall\u00f3.<\/p>\n<p>A ese adverso panorama se suma la p\u00e9rdida por la recaudaci\u00f3n no percibida en el sistema de peajes V\u00edas Bolivia, la cual asciende a m\u00e1s de 50 millones de bolivianos debido al prolongado freno al transporte.<\/p>\n<p>\u201cEstamos hablando de una afectaci\u00f3n global de aproximadamente 140 millones de bolivianos que impacta directamente a los recursos destinados a la conservaci\u00f3n vial del pa\u00eds\u201d, expuso la primera autoridad de la ABC.<\/p>\n<p>Asimismo, la autoridad lament\u00f3 el ataque vand\u00e1lico a V\u00edas Bolivia, detallando el incendio de casetas y la destrucci\u00f3n de su centro de datos principal. Al respecto, record\u00f3 que, de las recaudaciones de peaje, un porcentaje se transfiere directamente a la ABC para el mantenimiento de carreteras, por lo que esta p\u00e9rdida representa cerca del 40% del presupuesto operativo regular que transfiere la entidad recaudadora.<\/p>\n<p>Finalmente, anticip\u00f3 que el pr\u00f3ximo lunes se presentar\u00e1 junto al Ministro de Obras P\u00fablicas los informes t\u00e9cnicos ante las instancias legales correspondientes, con el objetivo de determinar responsabilidades penales y civiles. \u201cEsto debe pagarlo alguien\u201d, subray\u00f3.<\/p>\n","protected":false},"excerpt":{"rendered":"<p>Los bloqueos, por m\u00e1s de 50 d\u00edas, dejaron graves da\u00f1os estructurales y superficiales en diversas rutas de la Red Vial Fundamental (RVF), provocando una p\u00e9rdida econ\u00f3mica preliminar de aproximadamente 90 millones de bolivianos, seg\u00fan el presidente ejecutivo de la Administradora Boliviana de Carreteras (ABC), Ernesto Farf\u00e1n. Las regiones que concentran la mayor afectaci\u00f3n en su [&hellip;]<\/p>\n","protected":false},"author":1,"featured_media":406879,"comment_status":"closed","ping_status":"open","sticky":false,"template":"","format":"standard","meta":{"_acf_changed":false,"footnotes":""},"categories":[7],"tags":[],"class_list":["post-406878","post","type-post","status-publish","format-standard","has-post-thumbnail","category-economia"],"acf":{"antetitulo":""},"yoast_head":"<!-- This site is optimized with the Yoast SEO plugin v28.4 - https:\/\/yoast.com\/product\/yoast-seo-wordpress\/ -->\n<title>Reportan da\u00f1os por Bs 90 millones en las carreteras por los bloqueos - El Diario - Bolivia<\/title>\n<meta name=\"robots\" content=\"index, follow, max-snippet:-1, max-image-preview:large, max-video-preview:-1\" \/>\n<link rel=\"canonical\" href=\"https:\/\/www.eldiario.net\/portal\/2026\/06\/25\/reportan-danos-por-bs-90-millones-en-las-carreteras-por-los-bloqueos-2\/\" \/>\n<meta property=\"og:locale\" content=\"es_ES\" \/>\n<meta property=\"og:type\" content=\"article\" \/>\n<meta property=\"og:title\" content=\"Reportan da\u00f1os por Bs 90 millones en las carreteras por los bloqueos - El Diario - Bolivia\" \/>\n<meta property=\"og:description\" content=\"Los bloqueos, por m\u00e1s de 50 d\u00edas, dejaron graves da\u00f1os estructurales y superficiales en diversas rutas de la Red Vial Fundamental (RVF), provocando una p\u00e9rdida econ\u00f3mica preliminar de aproximadamente 90 millones de bolivianos, seg\u00fan el presidente ejecutivo de la Administradora Boliviana de Carreteras (ABC), Ernesto Farf\u00e1n. Las regiones que concentran la mayor afectaci\u00f3n en su [&hellip;]\" \/>\n<meta property=\"og:url\" content=\"https:\/\/www.eldiario.net\/portal\/2026\/06\/25\/reportan-danos-por-bs-90-millones-en-las-carreteras-por-los-bloqueos-2\/\" \/>\n<meta property=\"og:site_name\" content=\"El Diario - Bolivia\" \/>\n<meta property=\"article:publisher\" content=\"https:\/\/www.facebook.com\/eldiario.bolivia\/\" \/>\n<meta property=\"article:published_time\" content=\"2026-06-25T05:26:22+00:00\" \/>\n<meta property=\"og:image\" content=\"https:\/\/www.eldiario.net\/portal\/wp-content\/uploads\/2026\/06\/DANOS-FOTO.webp\" \/>\n\t<meta property=\"og:image:width\" content=\"443\" \/>\n\t<meta property=\"og:image:height\" content=\"270\" \/>\n\t<meta property=\"og:image:type\" content=\"image\/webp\" \/>\n<meta name=\"author\" content=\"Jeanette\" \/>\n<meta name=\"twitter:card\" content=\"summary_large_image\" \/>\n<meta name=\"twitter:creator\" content=\"@eldiario_net\" \/>\n<meta name=\"twitter:site\" content=\"@eldiario_net\" \/>\n<meta name=\"twitter:label1\" content=\"Escrito por\" \/>\n\t<meta name=\"twitter:data1\" content=\"Jeanette\" \/>\n\t<meta name=\"twitter:label2\" content=\"Tiempo de lectura\" \/>\n\t<meta name=\"twitter:data2\" content=\"3 minutos\" \/>\n<script type=\"application\/ld+json\" class=\"yoast-schema-graph\">{\"@context\":\"https:\\\/\\\/schema.org\",\"@graph\":[{\"@type\":\"Article\",\"@id\":\"https:\\\/\\\/www.eldiario.net\\\/portal\\\/2026\\\/06\\\/25\\\/reportan-danos-por-bs-90-millones-en-las-carreteras-por-los-bloqueos-2\\\/#article\",\"isPartOf\":{\"@id\":\"https:\\\/\\\/www.eldiario.net\\\/portal\\\/2026\\\/06\\\/25\\\/reportan-danos-por-bs-90-millones-en-las-carreteras-por-los-bloqueos-2\\\/\"},\"author\":{\"name\":\"Jeanette\",\"@id\":\"https:\\\/\\\/www.eldiario.net\\\/portal\\\/#\\\/schema\\\/person\\\/f46445640444750d7d753ccd04ae01b7\"},\"headline\":\"Reportan da\u00f1os por Bs 90 millones en las carreteras por los bloqueos\",\"datePublished\":\"2026-06-25T05:26:22+00:00\",\"mainEntityOfPage\":{\"@id\":\"https:\\\/\\\/www.eldiario.net\\\/portal\\\/2026\\\/06\\\/25\\\/reportan-danos-por-bs-90-millones-en-las-carreteras-por-los-bloqueos-2\\\/\"},\"wordCount\":442,\"publisher\":{\"@id\":\"https:\\\/\\\/www.eldiario.net\\\/portal\\\/#organization\"},\"image\":{\"@id\":\"https:\\\/\\\/www.eldiario.net\\\/portal\\\/2026\\\/06\\\/25\\\/reportan-danos-por-bs-90-millones-en-las-carreteras-por-los-bloqueos-2\\\/#primaryimage\"},\"thumbnailUrl\":\"https:\\\/\\\/www.eldiario.net\\\/portal\\\/wp-content\\\/uploads\\\/2026\\\/06\\\/DANOS-FOTO.webp\",\"articleSection\":[\"Econom\u00eda\"],\"inLanguage\":\"es\"},{\"@type\":\"WebPage\",\"@id\":\"https:\\\/\\\/www.eldiario.net\\\/portal\\\/2026\\\/06\\\/25\\\/reportan-danos-por-bs-90-millones-en-las-carreteras-por-los-bloqueos-2\\\/\",\"url\":\"https:\\\/\\\/www.eldiario.net\\\/portal\\\/2026\\\/06\\\/25\\\/reportan-danos-por-bs-90-millones-en-las-carreteras-por-los-bloqueos-2\\\/\",\"name\":\"Reportan da\u00f1os por Bs 90 millones en las carreteras por los bloqueos - El Diario - Bolivia\",\"isPartOf\":{\"@id\":\"https:\\\/\\\/www.eldiario.net\\\/portal\\\/#website\"},\"primaryImageOfPage\":{\"@id\":\"https:\\\/\\\/www.eldiario.net\\\/portal\\\/2026\\\/06\\\/25\\\/reportan-danos-por-bs-90-millones-en-las-carreteras-por-los-bloqueos-2\\\/#primaryimage\"},\"image\":{\"@id\":\"https:\\\/\\\/www.eldiario.net\\\/portal\\\/2026\\\/06\\\/25\\\/reportan-danos-por-bs-90-millones-en-las-carreteras-por-los-bloqueos-2\\\/#primaryimage\"},\"thumbnailUrl\":\"https:\\\/\\\/www.eldiario.net\\\/portal\\\/wp-content\\\/uploads\\\/2026\\\/06\\\/DANOS-FOTO.webp\",\"datePublished\":\"2026-06-25T05:26:22+00:00\",\"breadcrumb\":{\"@id\":\"https:\\\/\\\/www.eldiario.net\\\/portal\\\/2026\\\/06\\\/25\\\/reportan-danos-por-bs-90-millones-en-las-carreteras-por-los-bloqueos-2\\\/#breadcrumb\"},\"inLanguage\":\"es\",\"potentialAction\":[{\"@type\":\"ReadAction\",\"target\":[\"https:\\\/\\\/www.eldiario.net\\\/portal\\\/2026\\\/06\\\/25\\\/reportan-danos-por-bs-90-millones-en-las-carreteras-por-los-bloqueos-2\\\/\"]}]},{\"@type\":\"ImageObject\",\"inLanguage\":\"es\",\"@id\":\"https:\\\/\\\/www.eldiario.net\\\/portal\\\/2026\\\/06\\\/25\\\/reportan-danos-por-bs-90-millones-en-las-carreteras-por-los-bloqueos-2\\\/#primaryimage\",\"url\":\"https:\\\/\\\/www.eldiario.net\\\/portal\\\/wp-content\\\/uploads\\\/2026\\\/06\\\/DANOS-FOTO.webp\",\"contentUrl\":\"https:\\\/\\\/www.eldiario.net\\\/portal\\\/wp-content\\\/uploads\\\/2026\\\/06\\\/DANOS-FOTO.webp\",\"width\":443,\"height\":270,\"caption\":\"Da\u00f1os en las carreteras. Foto MOP\"},{\"@type\":\"BreadcrumbList\",\"@id\":\"https:\\\/\\\/www.eldiario.net\\\/portal\\\/2026\\\/06\\\/25\\\/reportan-danos-por-bs-90-millones-en-las-carreteras-por-los-bloqueos-2\\\/#breadcrumb\",\"itemListElement\":[{\"@type\":\"ListItem\",\"position\":1,\"name\":\"Portada\",\"item\":\"https:\\\/\\\/www.eldiario.net\\\/portal\\\/\"},{\"@type\":\"ListItem\",\"position\":2,\"name\":\"Reportan da\u00f1os por Bs 90 millones en las carreteras por los bloqueos\"}]},{\"@type\":\"WebSite\",\"@id\":\"https:\\\/\\\/www.eldiario.net\\\/portal\\\/#website\",\"url\":\"https:\\\/\\\/www.eldiario.net\\\/portal\\\/\",\"name\":\"El Diario - Decano de la prensa nacional\",\"description\":\"El Diario - Decano de la prensa nacional\",\"publisher\":{\"@id\":\"https:\\\/\\\/www.eldiario.net\\\/portal\\\/#organization\"},\"potentialAction\":[{\"@type\":\"SearchAction\",\"target\":{\"@type\":\"EntryPoint\",\"urlTemplate\":\"https:\\\/\\\/www.eldiario.net\\\/portal\\\/?s={search_term_string}\"},\"query-input\":{\"@type\":\"PropertyValueSpecification\",\"valueRequired\":true,\"valueName\":\"search_term_string\"}}],\"inLanguage\":\"es\"},{\"@type\":\"Organization\",\"@id\":\"https:\\\/\\\/www.eldiario.net\\\/portal\\\/#organization\",\"name\":\"El Diario - Decano de la prensa nacional\",\"url\":\"https:\\\/\\\/www.eldiario.net\\\/portal\\\/\",\"logo\":{\"@type\":\"ImageObject\",\"inLanguage\":\"es\",\"@id\":\"https:\\\/\\\/www.eldiario.net\\\/portal\\\/#\\\/schema\\\/logo\\\/image\\\/\",\"url\":\"https:\\\/\\\/www.eldiario.net\\\/portal\\\/wp-content\\\/uploads\\\/2023\\\/07\\\/logo_ED.jpg\",\"contentUrl\":\"https:\\\/\\\/www.eldiario.net\\\/portal\\\/wp-content\\\/uploads\\\/2023\\\/07\\\/logo_ED.jpg\",\"width\":272,\"height\":52,\"caption\":\"El Diario - Decano de la prensa nacional\"},\"image\":{\"@id\":\"https:\\\/\\\/www.eldiario.net\\\/portal\\\/#\\\/schema\\\/logo\\\/image\\\/\"},\"sameAs\":[\"https:\\\/\\\/www.facebook.com\\\/eldiario.bolivia\\\/\",\"https:\\\/\\\/x.com\\\/eldiario_net\"]},{\"@type\":\"Person\",\"@id\":\"https:\\\/\\\/www.eldiario.net\\\/portal\\\/#\\\/schema\\\/person\\\/f46445640444750d7d753ccd04ae01b7\",\"name\":\"Jeanette\",\"image\":{\"@type\":\"ImageObject\",\"inLanguage\":\"es\",\"@id\":\"https:\\\/\\\/secure.gravatar.com\\\/avatar\\\/3ea2118a5f7dad2b7138b1187a6b7ee55f160b9968b66013c3a3ef39dd7e5798?s=96&d=mm&r=g\",\"url\":\"https:\\\/\\\/secure.gravatar.com\\\/avatar\\\/3ea2118a5f7dad2b7138b1187a6b7ee55f160b9968b66013c3a3ef39dd7e5798?s=96&d=mm&r=g\",\"contentUrl\":\"https:\\\/\\\/secure.gravatar.com\\\/avatar\\\/3ea2118a5f7dad2b7138b1187a6b7ee55f160b9968b66013c3a3ef39dd7e5798?s=96&d=mm&r=g\",\"caption\":\"Jeanette\"},\"sameAs\":[\"https:\\\/\\\/www.eldiario.net\\\/portal\"],\"url\":\"https:\\\/\\\/www.eldiario.net\\\/portal\\\/author\\\/jeanette\\\/\"}]}<\/script>\n<!-- \/ Yoast SEO plugin. -->","yoast_head_json":{"title":"Reportan da\u00f1os por Bs 90 millones en las carreteras por los bloqueos - El Diario - Bolivia","robots":{"index":"index","follow":"follow","max-snippet":"max-snippet:-1","max-image-preview":"max-image-preview:large","max-video-preview":"max-video-preview:-1"},"canonical":"https:\/\/www.eldiario.net\/portal\/2026\/06\/25\/reportan-danos-por-bs-90-millones-en-las-carreteras-por-los-bloqueos-2\/","og_locale":"es_ES","og_type":"article","og_title":"Reportan da\u00f1os por Bs 90 millones en las carreteras por los bloqueos - El Diario - Bolivia","og_description":"Los bloqueos, por m\u00e1s de 50 d\u00edas, dejaron graves da\u00f1os estructurales y superficiales en diversas rutas de la Red Vial Fundamental (RVF), provocando una p\u00e9rdida econ\u00f3mica preliminar de aproximadamente 90 millones de bolivianos, seg\u00fan el presidente ejecutivo de la Administradora Boliviana de Carreteras (ABC), Ernesto Farf\u00e1n. Las regiones que concentran la mayor afectaci\u00f3n en su [&hellip;]","og_url":"https:\/\/www.eldiario.net\/portal\/2026\/06\/25\/reportan-danos-por-bs-90-millones-en-las-carreteras-por-los-bloqueos-2\/","og_site_name":"El Diario - Bolivia","article_publisher":"https:\/\/www.facebook.com\/eldiario.bolivia\/","article_published_time":"2026-06-25T05:26:22+00:00","og_image":[{"width":443,"height":270,"url":"https:\/\/www.eldiario.net\/portal\/wp-content\/uploads\/2026\/06\/DANOS-FOTO.webp","type":"image\/webp"}],"author":"Jeanette","twitter_card":"summary_large_image","twitter_creator":"@eldiario_net","twitter_site":"@eldiario_net","twitter_misc":{"Escrito por":"Jeanette","Tiempo de lectura":"3 minutos"},"schema":{"@context":"https:\/\/schema.org","@graph":[{"@type":"Article","@id":"https:\/\/www.eldiario.net\/portal\/2026\/06\/25\/reportan-danos-por-bs-90-millones-en-las-carreteras-por-los-bloqueos-2\/#article","isPartOf":{"@id":"https:\/\/www.eldiario.net\/portal\/2026\/06\/25\/reportan-danos-por-bs-90-millones-en-las-carreteras-por-los-bloqueos-2\/"},"author":{"name":"Jeanette","@id":"https:\/\/www.eldiario.net\/portal\/#\/schema\/person\/f46445640444750d7d753ccd04ae01b7"},"headline":"Reportan da\u00f1os por Bs 90 millones en las carreteras por los bloqueos","datePublished":"2026-06-25T05:26:22+00:00","mainEntityOfPage":{"@id":"https:\/\/www.eldiario.net\/portal\/2026\/06\/25\/reportan-danos-por-bs-90-millones-en-las-carreteras-por-los-bloqueos-2\/"},"wordCount":442,"publisher":{"@id":"https:\/\/www.eldiario.net\/portal\/#organization"},"image":{"@id":"https:\/\/www.eldiario.net\/portal\/2026\/06\/25\/reportan-danos-por-bs-90-millones-en-las-carreteras-por-los-bloqueos-2\/#primaryimage"},"thumbnailUrl":"https:\/\/www.eldiario.net\/portal\/wp-content\/uploads\/2026\/06\/DANOS-FOTO.webp","articleSection":["Econom\u00eda"],"inLanguage":"es"},{"@type":"WebPage","@id":"https:\/\/www.eldiario.net\/portal\/2026\/06\/25\/reportan-danos-por-bs-90-millones-en-las-carreteras-por-los-bloqueos-2\/","url":"https:\/\/www.eldiario.net\/portal\/2026\/06\/25\/reportan-danos-por-bs-90-millones-en-las-carreteras-por-los-bloqueos-2\/","name":"Reportan da\u00f1os por Bs 90 millones en las carreteras por los bloqueos - El Diario - Bolivia","isPartOf":{"@id":"https:\/\/www.eldiario.net\/portal\/#website"},"primaryImageOfPage":{"@id":"https:\/\/www.eldiario.net\/portal\/2026\/06\/25\/reportan-danos-por-bs-90-millones-en-las-carreteras-por-los-bloqueos-2\/#primaryimage"},"image":{"@id":"https:\/\/www.eldiario.net\/portal\/2026\/06\/25\/reportan-danos-por-bs-90-millones-en-las-carreteras-por-los-bloqueos-2\/#primaryimage"},"thumbnailUrl":"https:\/\/www.eldiario.net\/portal\/wp-content\/uploads\/2026\/06\/DANOS-FOTO.webp","datePublished":"2026-06-25T05:26:22+00:00","breadcrumb":{"@id":"https:\/\/www.eldiario.net\/portal\/2026\/06\/25\/reportan-danos-por-bs-90-millones-en-las-carreteras-por-los-bloqueos-2\/#breadcrumb"},"inLanguage":"es","potentialAction":[{"@type":"ReadAction","target":["https:\/\/www.eldiario.net\/portal\/2026\/06\/25\/reportan-danos-por-bs-90-millones-en-las-carreteras-por-los-bloqueos-2\/"]}]},{"@type":"ImageObject","inLanguage":"es","@id":"https:\/\/www.eldiario.net\/portal\/2026\/06\/25\/reportan-danos-por-bs-90-millones-en-las-carreteras-por-los-bloqueos-2\/#primaryimage","url":"https:\/\/www.eldiario.net\/portal\/wp-content\/uploads\/2026\/06\/DANOS-FOTO.webp","contentUrl":"https:\/\/www.eldiario.net\/portal\/wp-content\/uploads\/2026\/06\/DANOS-FOTO.webp","width":443,"height":270,"caption":"Da\u00f1os en las carreteras. Foto MOP"},{"@type":"BreadcrumbList","@id":"https:\/\/www.eldiario.net\/portal\/2026\/06\/25\/reportan-danos-por-bs-90-millones-en-las-carreteras-por-los-bloqueos-2\/#breadcrumb","itemListElement":[{"@type":"ListItem","position":1,"name":"Portada","item":"https:\/\/www.eldiario.net\/portal\/"},{"@type":"ListItem","position":2,"name":"Reportan da\u00f1os por Bs 90 millones en las carreteras por los bloqueos"}]},{"@type":"WebSite","@id":"https:\/\/www.eldiario.net\/portal\/#website","url":"https:\/\/www.eldiario.net\/portal\/","name":"El Diario - Decano de la prensa nacional","description":"El Diario - Decano de la prensa nacional","publisher":{"@id":"https:\/\/www.eldiario.net\/portal\/#organization"},"potentialAction":[{"@type":"SearchAction","target":{"@type":"EntryPoint","urlTemplate":"https:\/\/www.eldiario.net\/portal\/?s={search_term_string}"},"query-input":{"@type":"PropertyValueSpecification","valueRequired":true,"valueName":"search_term_string"}}],"inLanguage":"es"},{"@type":"Organization","@id":"https:\/\/www.eldiario.net\/portal\/#organization","name":"El Diario - Decano de la prensa nacional","url":"https:\/\/www.eldiario.net\/portal\/","logo":{"@type":"ImageObject","inLanguage":"es","@id":"https:\/\/www.eldiario.net\/portal\/#\/schema\/logo\/image\/","url":"https:\/\/www.eldiario.net\/portal\/wp-content\/uploads\/2023\/07\/logo_ED.jpg","contentUrl":"https:\/\/www.eldiario.net\/portal\/wp-content\/uploads\/2023\/07\/logo_ED.jpg","width":272,"height":52,"caption":"El Diario - Decano de la prensa nacional"},"image":{"@id":"https:\/\/www.eldiario.net\/portal\/#\/schema\/logo\/image\/"},"sameAs":["https:\/\/www.facebook.com\/eldiario.bolivia\/","https:\/\/x.com\/eldiario_net"]},{"@type":"Person","@id":"https:\/\/www.eldiario.net\/portal\/#\/schema\/person\/f46445640444750d7d753ccd04ae01b7","name":"Jeanette","image":{"@type":"ImageObject","inLanguage":"es","@id":"https:\/\/secure.gravatar.com\/avatar\/3ea2118a5f7dad2b7138b1187a6b7ee55f160b9968b66013c3a3ef39dd7e5798?s=96&d=mm&r=g","url":"https:\/\/secure.gravatar.com\/avatar\/3ea2118a5f7dad2b7138b1187a6b7ee55f160b9968b66013c3a3ef39dd7e5798?s=96&d=mm&r=g","contentUrl":"https:\/\/secure.gravatar.com\/avatar\/3ea2118a5f7dad2b7138b1187a6b7ee55f160b9968b66013c3a3ef39dd7e5798?s=96&d=mm&r=g","caption":"Jeanette"},"sameAs":["https:\/\/www.eldiario.net\/portal"],"url":"https:\/\/www.eldiario.net\/portal\/author\/jeanette\/"}]}},"_links":{"self":[{"href":"https:\/\/www.eldiario.net\/portal\/wp-json\/wp\/v2\/posts\/406878","targetHints":{"allow":["GET"]}}],"collection":[{"href":"https:\/\/www.eldiario.net\/portal\/wp-json\/wp\/v2\/posts"}],"about":[{"href":"https:\/\/www.eldiario.net\/portal\/wp-json\/wp\/v2\/types\/post"}],"author":[{"embeddable":true,"href":"https:\/\/www.eldiario.net\/portal\/wp-json\/wp\/v2\/users\/1"}],"replies":[{"embeddable":true,"href":"https:\/\/www.eldiario.net\/portal\/wp-json\/wp\/v2\/comments?post=406878"}],"version-history":[{"count":1,"href":"https:\/\/www.eldiario.net\/portal\/wp-json\/wp\/v2\/posts\/406878\/revisions"}],"predecessor-version":[{"id":406880,"href":"https:\/\/www.eldiario.net\/portal\/wp-json\/wp\/v2\/posts\/406878\/revisions\/406880"}],"wp:featuredmedia":[{"embeddable":true,"href":"https:\/\/www.eldiario.net\/portal\/wp-json\/wp\/v2\/media\/406879"}],"wp:attachment":[{"href":"https:\/\/www.eldiario.net\/portal\/wp-json\/wp\/v2\/media?parent=406878"}],"wp:term":[{"taxonomy":"category","embeddable":true,"href":"https:\/\/www.eldiario.net\/portal\/wp-json\/wp\/v2\/categories?post=406878"},{"taxonomy":"post_tag","embeddable":true,"href":"https:\/\/www.eldiario.net\/portal\/wp-json\/wp\/v2\/tags?post=406878"}],"curies":[{"name":"wp","href":"https:\/\/api.w.org\/{rel}","templated":true}]}}