{"id":406872,"date":"2026-06-25T01:24:38","date_gmt":"2026-06-25T05:24:38","guid":{"rendered":"https:\/\/www.eldiario.net\/portal\/?p=406872"},"modified":"2026-06-24T23:25:09","modified_gmt":"2026-06-25T03:25:09","slug":"crecimiento-de-ied-de-bolivia-en-2025-obedecio-a-reinversiones-2","status":"publish","type":"post","link":"https:\/\/www.eldiario.net\/portal\/2026\/06\/25\/crecimiento-de-ied-de-bolivia-en-2025-obedecio-a-reinversiones-2\/","title":{"rendered":"Crecimiento de IED de Bolivia en 2025 obedeci\u00f3 a reinversiones"},"content":{"rendered":"<p>El informe sobre Inversi\u00f3n Extranjera Directa (IED) en Am\u00e9rica latina y el Caribe de la Cepal, muestra que Bolivia recibi\u00f3 apenas 0,3% del total de la regi\u00f3n, y que la cifra alcanzada en 2025 de 620 millones de d\u00f3lares obedeci\u00f3 a la recuperaci\u00f3n parcial de la confianza de inversionistas ya establecidos en el pa\u00eds, reflejada en mayores niveles de reinversi\u00f3n de utilidades, de acuerdo al analista econ\u00f3mico Fernando Romero.<\/p>\n<p>Bolivia apenas represent\u00f3 el 0,3% del total regional. El crecimiento estuvo impulsado principalmente por una mayor reinversi\u00f3n de utilidades de empresas ya establecidas en el pa\u00eds, inversiones vinculadas a miner\u00eda y energ\u00eda, y una recuperaci\u00f3n parcial de proyectos que hab\u00edan sido postergados en a\u00f1os anteriores, sostiene.<\/p>\n<p>Tambi\u00e9n influy\u00f3 el creciente inter\u00e9s internacional por minerales cr\u00edticos y recursos asociados a la transici\u00f3n energ\u00e9tica, especialmente el litio. Sin embargo, Bolivia continu\u00f3 enfrentando limitaciones estructurales relacionadas con la escasez de divisas, restricciones cambiarias, d\u00e9ficit fiscal elevado, ca\u00edda de reservas internacionales y una percepci\u00f3n de inseguridad jur\u00eddica.<\/p>\n<p>En consecuencia, aunque la cifra de 2025 es positiva respecto a 2024, todav\u00eda est\u00e1 muy lejos de los niveles observados en otros pa\u00edses de la regi\u00f3n y no constituye a\u00fan una tendencia consolidada de crecimiento sostenido.<\/p>\n<p>De cada 100 d\u00f3lares que lleg\u00f3 a la regi\u00f3n, el pa\u00eds apenas capt\u00f3 30 centavos de d\u00f3lar el 2025, y la situaci\u00f3n podr\u00eda complicarse en la presente gesti\u00f3n debido a los bloqueos registrados.<\/p>\n<p>Am\u00e9rica Latina y el Caribe recibi\u00f3 $us. 194.233 millones en IED durante 2025, un incremento de 1,7% respecto a 2024. La participaci\u00f3n regional represent\u00f3 aproximadamente el 12% de toda la IED mundial.<\/p>\n<p>Brasil y M\u00e9xico concentraron el 62% de los flujos recibidos, consolid\u00e1ndose como los principales destinos de inversi\u00f3n. Posteriormente se ubicaron Chile (7%), Per\u00fa (6%), Colombia (6%), Guyana (5%), Costa Rica (3%) y Rep\u00fablica Dominicana (3%). La reinversi\u00f3n de utilidades explic\u00f3 el 51% de los ingresos de IED, mientras que los aportes de capital representaron el 34% y los pr\u00e9stamos intercompa\u00f1\u00eda el 15%.<\/p>\n<p>La Inversi\u00f3n Extranjera Directa mundial alcanz\u00f3 aproximadamente 1,6 billones de d\u00f3lares, registrando un crecimiento del 14% respecto a 2024. Sin embargo, este incremento se concentr\u00f3 principalmente en econom\u00edas desarrolladas como Europa y Norteam\u00e9rica, mientras que las econom\u00edas emergentes mostraron un comportamiento heterog\u00e9neo.<\/p>\n<p>Los anuncios de nuevos proyectos de inversi\u00f3n disminuyeron 1,9% a nivel global y el n\u00famero de proyectos cay\u00f3 15,7%, reflejando mayor cautela empresarial. Los sectores m\u00e1s din\u00e1micos fueron centros de datos, inteligencia artificial, semiconductores y comunicaciones, desplazando a las energ\u00edas renovables como principal destino de capital.<\/p>\n<p>La regi\u00f3n mantuvo un fuerte atractivo en miner\u00eda, energ\u00eda, infraestructura digital y recursos naturales estrat\u00e9gicos, especialmente litio y minerales cr\u00edticos para la transici\u00f3n energ\u00e9tica global.<\/p>\n<p>Los anuncios de nuevos proyectos en Am\u00e9rica Latina cayeron 34,3% en monto durante 2025, reflejando una postura m\u00e1s conservadora de los inversionistas internacionales.<\/p>\n<p>Bolivia a\u00fan no logra posicionarse como un destino prioritario para las grandes empresas multinacionales, pese a contar con importantes recursos naturales y oportunidades de industrializaci\u00f3n, seg\u00fan Romero.<\/p>\n<p>El analista econ\u00f3mico explica que, desde la perspectiva de un inversionista extranjero, los m\u00e1s de 50 d\u00edas de bloqueos ocurridos en Bolivia durante 2026 constituyen una se\u00f1al de alerta significativa.<\/p>\n<p>La inversi\u00f3n extranjera se caracteriza por ser de largo plazo y requiere previsibilidad econ\u00f3mica, jur\u00eddica y social. Cuando un pa\u00eds experimenta interrupciones prolongadas en carreteras, log\u00edstica, producci\u00f3n y comercio exterior, el riesgo operativo aumenta considerablemente.<\/p>\n","protected":false},"excerpt":{"rendered":"<p>El informe sobre Inversi\u00f3n Extranjera Directa (IED) en Am\u00e9rica latina y el Caribe de la Cepal, muestra que Bolivia recibi\u00f3 apenas 0,3% del total de la regi\u00f3n, y que la cifra alcanzada en 2025 de 620 millones de d\u00f3lares obedeci\u00f3 a la recuperaci\u00f3n parcial de la confianza de inversionistas ya establecidos en el pa\u00eds, reflejada [&hellip;]<\/p>\n","protected":false},"author":1,"featured_media":406873,"comment_status":"closed","ping_status":"open","sticky":false,"template":"","format":"standard","meta":{"_acf_changed":false,"footnotes":""},"categories":[7],"tags":[],"class_list":["post-406872","post","type-post","status-publish","format-standard","has-post-thumbnail","category-economia"],"acf":{"antetitulo":""},"yoast_head":"<!-- This site is optimized with the Yoast SEO plugin v28.4 - https:\/\/yoast.com\/product\/yoast-seo-wordpress\/ -->\n<title>Crecimiento de IED de Bolivia en 2025 obedeci\u00f3 a reinversiones - El Diario - Bolivia<\/title>\n<meta name=\"robots\" content=\"index, follow, max-snippet:-1, max-image-preview:large, max-video-preview:-1\" \/>\n<link rel=\"canonical\" href=\"https:\/\/www.eldiario.net\/portal\/2026\/06\/25\/crecimiento-de-ied-de-bolivia-en-2025-obedecio-a-reinversiones-2\/\" \/>\n<meta property=\"og:locale\" content=\"es_ES\" \/>\n<meta property=\"og:type\" content=\"article\" \/>\n<meta property=\"og:title\" content=\"Crecimiento de IED de Bolivia en 2025 obedeci\u00f3 a reinversiones - El Diario - Bolivia\" \/>\n<meta property=\"og:description\" content=\"El informe sobre Inversi\u00f3n Extranjera Directa (IED) en Am\u00e9rica latina y el Caribe de la Cepal, muestra que Bolivia recibi\u00f3 apenas 0,3% del total de la regi\u00f3n, y que la cifra alcanzada en 2025 de 620 millones de d\u00f3lares obedeci\u00f3 a la recuperaci\u00f3n parcial de la confianza de inversionistas ya establecidos en el pa\u00eds, reflejada [&hellip;]\" \/>\n<meta property=\"og:url\" content=\"https:\/\/www.eldiario.net\/portal\/2026\/06\/25\/crecimiento-de-ied-de-bolivia-en-2025-obedecio-a-reinversiones-2\/\" \/>\n<meta property=\"og:site_name\" content=\"El Diario - Bolivia\" \/>\n<meta property=\"article:publisher\" content=\"https:\/\/www.facebook.com\/eldiario.bolivia\/\" \/>\n<meta property=\"article:published_time\" content=\"2026-06-25T05:24:38+00:00\" \/>\n<meta property=\"og:image\" content=\"https:\/\/www.eldiario.net\/portal\/wp-content\/uploads\/2026\/06\/INVER-FOTO.webp\" \/>\n\t<meta property=\"og:image:width\" content=\"738\" \/>\n\t<meta property=\"og:image:height\" content=\"414\" \/>\n\t<meta property=\"og:image:type\" content=\"image\/webp\" \/>\n<meta name=\"author\" content=\"Jeanette\" \/>\n<meta name=\"twitter:card\" content=\"summary_large_image\" \/>\n<meta name=\"twitter:creator\" content=\"@eldiario_net\" \/>\n<meta name=\"twitter:site\" content=\"@eldiario_net\" \/>\n<meta name=\"twitter:label1\" content=\"Escrito por\" \/>\n\t<meta name=\"twitter:data1\" content=\"Jeanette\" \/>\n\t<meta name=\"twitter:label2\" content=\"Tiempo de lectura\" \/>\n\t<meta name=\"twitter:data2\" content=\"3 minutos\" \/>\n<script type=\"application\/ld+json\" class=\"yoast-schema-graph\">{\"@context\":\"https:\\\/\\\/schema.org\",\"@graph\":[{\"@type\":\"Article\",\"@id\":\"https:\\\/\\\/www.eldiario.net\\\/portal\\\/2026\\\/06\\\/25\\\/crecimiento-de-ied-de-bolivia-en-2025-obedecio-a-reinversiones-2\\\/#article\",\"isPartOf\":{\"@id\":\"https:\\\/\\\/www.eldiario.net\\\/portal\\\/2026\\\/06\\\/25\\\/crecimiento-de-ied-de-bolivia-en-2025-obedecio-a-reinversiones-2\\\/\"},\"author\":{\"name\":\"Jeanette\",\"@id\":\"https:\\\/\\\/www.eldiario.net\\\/portal\\\/#\\\/schema\\\/person\\\/f46445640444750d7d753ccd04ae01b7\"},\"headline\":\"Crecimiento de IED de Bolivia en 2025 obedeci\u00f3 a reinversiones\",\"datePublished\":\"2026-06-25T05:24:38+00:00\",\"mainEntityOfPage\":{\"@id\":\"https:\\\/\\\/www.eldiario.net\\\/portal\\\/2026\\\/06\\\/25\\\/crecimiento-de-ied-de-bolivia-en-2025-obedecio-a-reinversiones-2\\\/\"},\"wordCount\":606,\"publisher\":{\"@id\":\"https:\\\/\\\/www.eldiario.net\\\/portal\\\/#organization\"},\"image\":{\"@id\":\"https:\\\/\\\/www.eldiario.net\\\/portal\\\/2026\\\/06\\\/25\\\/crecimiento-de-ied-de-bolivia-en-2025-obedecio-a-reinversiones-2\\\/#primaryimage\"},\"thumbnailUrl\":\"https:\\\/\\\/www.eldiario.net\\\/portal\\\/wp-content\\\/uploads\\\/2026\\\/06\\\/INVER-FOTO.webp\",\"articleSection\":[\"Econom\u00eda\"],\"inLanguage\":\"es\"},{\"@type\":\"WebPage\",\"@id\":\"https:\\\/\\\/www.eldiario.net\\\/portal\\\/2026\\\/06\\\/25\\\/crecimiento-de-ied-de-bolivia-en-2025-obedecio-a-reinversiones-2\\\/\",\"url\":\"https:\\\/\\\/www.eldiario.net\\\/portal\\\/2026\\\/06\\\/25\\\/crecimiento-de-ied-de-bolivia-en-2025-obedecio-a-reinversiones-2\\\/\",\"name\":\"Crecimiento de IED de Bolivia en 2025 obedeci\u00f3 a reinversiones - El Diario - Bolivia\",\"isPartOf\":{\"@id\":\"https:\\\/\\\/www.eldiario.net\\\/portal\\\/#website\"},\"primaryImageOfPage\":{\"@id\":\"https:\\\/\\\/www.eldiario.net\\\/portal\\\/2026\\\/06\\\/25\\\/crecimiento-de-ied-de-bolivia-en-2025-obedecio-a-reinversiones-2\\\/#primaryimage\"},\"image\":{\"@id\":\"https:\\\/\\\/www.eldiario.net\\\/portal\\\/2026\\\/06\\\/25\\\/crecimiento-de-ied-de-bolivia-en-2025-obedecio-a-reinversiones-2\\\/#primaryimage\"},\"thumbnailUrl\":\"https:\\\/\\\/www.eldiario.net\\\/portal\\\/wp-content\\\/uploads\\\/2026\\\/06\\\/INVER-FOTO.webp\",\"datePublished\":\"2026-06-25T05:24:38+00:00\",\"breadcrumb\":{\"@id\":\"https:\\\/\\\/www.eldiario.net\\\/portal\\\/2026\\\/06\\\/25\\\/crecimiento-de-ied-de-bolivia-en-2025-obedecio-a-reinversiones-2\\\/#breadcrumb\"},\"inLanguage\":\"es\",\"potentialAction\":[{\"@type\":\"ReadAction\",\"target\":[\"https:\\\/\\\/www.eldiario.net\\\/portal\\\/2026\\\/06\\\/25\\\/crecimiento-de-ied-de-bolivia-en-2025-obedecio-a-reinversiones-2\\\/\"]}]},{\"@type\":\"ImageObject\",\"inLanguage\":\"es\",\"@id\":\"https:\\\/\\\/www.eldiario.net\\\/portal\\\/2026\\\/06\\\/25\\\/crecimiento-de-ied-de-bolivia-en-2025-obedecio-a-reinversiones-2\\\/#primaryimage\",\"url\":\"https:\\\/\\\/www.eldiario.net\\\/portal\\\/wp-content\\\/uploads\\\/2026\\\/06\\\/INVER-FOTO.webp\",\"contentUrl\":\"https:\\\/\\\/www.eldiario.net\\\/portal\\\/wp-content\\\/uploads\\\/2026\\\/06\\\/INVER-FOTO.webp\",\"width\":738,\"height\":414,\"caption\":\"subieron el ingreso de d\u00f3lares por inversi\u00f3n extranjera, pero no fue suficiente. Foto internet\"},{\"@type\":\"BreadcrumbList\",\"@id\":\"https:\\\/\\\/www.eldiario.net\\\/portal\\\/2026\\\/06\\\/25\\\/crecimiento-de-ied-de-bolivia-en-2025-obedecio-a-reinversiones-2\\\/#breadcrumb\",\"itemListElement\":[{\"@type\":\"ListItem\",\"position\":1,\"name\":\"Portada\",\"item\":\"https:\\\/\\\/www.eldiario.net\\\/portal\\\/\"},{\"@type\":\"ListItem\",\"position\":2,\"name\":\"Crecimiento de IED de Bolivia en 2025 obedeci\u00f3 a reinversiones\"}]},{\"@type\":\"WebSite\",\"@id\":\"https:\\\/\\\/www.eldiario.net\\\/portal\\\/#website\",\"url\":\"https:\\\/\\\/www.eldiario.net\\\/portal\\\/\",\"name\":\"El Diario - Decano de la prensa nacional\",\"description\":\"El Diario - Decano de la prensa nacional\",\"publisher\":{\"@id\":\"https:\\\/\\\/www.eldiario.net\\\/portal\\\/#organization\"},\"potentialAction\":[{\"@type\":\"SearchAction\",\"target\":{\"@type\":\"EntryPoint\",\"urlTemplate\":\"https:\\\/\\\/www.eldiario.net\\\/portal\\\/?s={search_term_string}\"},\"query-input\":{\"@type\":\"PropertyValueSpecification\",\"valueRequired\":true,\"valueName\":\"search_term_string\"}}],\"inLanguage\":\"es\"},{\"@type\":\"Organization\",\"@id\":\"https:\\\/\\\/www.eldiario.net\\\/portal\\\/#organization\",\"name\":\"El Diario - Decano de la prensa nacional\",\"url\":\"https:\\\/\\\/www.eldiario.net\\\/portal\\\/\",\"logo\":{\"@type\":\"ImageObject\",\"inLanguage\":\"es\",\"@id\":\"https:\\\/\\\/www.eldiario.net\\\/portal\\\/#\\\/schema\\\/logo\\\/image\\\/\",\"url\":\"https:\\\/\\\/www.eldiario.net\\\/portal\\\/wp-content\\\/uploads\\\/2023\\\/07\\\/logo_ED.jpg\",\"contentUrl\":\"https:\\\/\\\/www.eldiario.net\\\/portal\\\/wp-content\\\/uploads\\\/2023\\\/07\\\/logo_ED.jpg\",\"width\":272,\"height\":52,\"caption\":\"El Diario - Decano de la prensa nacional\"},\"image\":{\"@id\":\"https:\\\/\\\/www.eldiario.net\\\/portal\\\/#\\\/schema\\\/logo\\\/image\\\/\"},\"sameAs\":[\"https:\\\/\\\/www.facebook.com\\\/eldiario.bolivia\\\/\",\"https:\\\/\\\/x.com\\\/eldiario_net\"]},{\"@type\":\"Person\",\"@id\":\"https:\\\/\\\/www.eldiario.net\\\/portal\\\/#\\\/schema\\\/person\\\/f46445640444750d7d753ccd04ae01b7\",\"name\":\"Jeanette\",\"image\":{\"@type\":\"ImageObject\",\"inLanguage\":\"es\",\"@id\":\"https:\\\/\\\/secure.gravatar.com\\\/avatar\\\/3ea2118a5f7dad2b7138b1187a6b7ee55f160b9968b66013c3a3ef39dd7e5798?s=96&d=mm&r=g\",\"url\":\"https:\\\/\\\/secure.gravatar.com\\\/avatar\\\/3ea2118a5f7dad2b7138b1187a6b7ee55f160b9968b66013c3a3ef39dd7e5798?s=96&d=mm&r=g\",\"contentUrl\":\"https:\\\/\\\/secure.gravatar.com\\\/avatar\\\/3ea2118a5f7dad2b7138b1187a6b7ee55f160b9968b66013c3a3ef39dd7e5798?s=96&d=mm&r=g\",\"caption\":\"Jeanette\"},\"sameAs\":[\"https:\\\/\\\/www.eldiario.net\\\/portal\"],\"url\":\"https:\\\/\\\/www.eldiario.net\\\/portal\\\/author\\\/jeanette\\\/\"}]}<\/script>\n<!-- \/ Yoast SEO plugin. -->","yoast_head_json":{"title":"Crecimiento de IED de Bolivia en 2025 obedeci\u00f3 a reinversiones - El Diario - Bolivia","robots":{"index":"index","follow":"follow","max-snippet":"max-snippet:-1","max-image-preview":"max-image-preview:large","max-video-preview":"max-video-preview:-1"},"canonical":"https:\/\/www.eldiario.net\/portal\/2026\/06\/25\/crecimiento-de-ied-de-bolivia-en-2025-obedecio-a-reinversiones-2\/","og_locale":"es_ES","og_type":"article","og_title":"Crecimiento de IED de Bolivia en 2025 obedeci\u00f3 a reinversiones - El Diario - Bolivia","og_description":"El informe sobre Inversi\u00f3n Extranjera Directa (IED) en Am\u00e9rica latina y el Caribe de la Cepal, muestra que Bolivia recibi\u00f3 apenas 0,3% del total de la regi\u00f3n, y que la cifra alcanzada en 2025 de 620 millones de d\u00f3lares obedeci\u00f3 a la recuperaci\u00f3n parcial de la confianza de inversionistas ya establecidos en el pa\u00eds, reflejada [&hellip;]","og_url":"https:\/\/www.eldiario.net\/portal\/2026\/06\/25\/crecimiento-de-ied-de-bolivia-en-2025-obedecio-a-reinversiones-2\/","og_site_name":"El Diario - Bolivia","article_publisher":"https:\/\/www.facebook.com\/eldiario.bolivia\/","article_published_time":"2026-06-25T05:24:38+00:00","og_image":[{"width":738,"height":414,"url":"https:\/\/www.eldiario.net\/portal\/wp-content\/uploads\/2026\/06\/INVER-FOTO.webp","type":"image\/webp"}],"author":"Jeanette","twitter_card":"summary_large_image","twitter_creator":"@eldiario_net","twitter_site":"@eldiario_net","twitter_misc":{"Escrito por":"Jeanette","Tiempo de lectura":"3 minutos"},"schema":{"@context":"https:\/\/schema.org","@graph":[{"@type":"Article","@id":"https:\/\/www.eldiario.net\/portal\/2026\/06\/25\/crecimiento-de-ied-de-bolivia-en-2025-obedecio-a-reinversiones-2\/#article","isPartOf":{"@id":"https:\/\/www.eldiario.net\/portal\/2026\/06\/25\/crecimiento-de-ied-de-bolivia-en-2025-obedecio-a-reinversiones-2\/"},"author":{"name":"Jeanette","@id":"https:\/\/www.eldiario.net\/portal\/#\/schema\/person\/f46445640444750d7d753ccd04ae01b7"},"headline":"Crecimiento de IED de Bolivia en 2025 obedeci\u00f3 a reinversiones","datePublished":"2026-06-25T05:24:38+00:00","mainEntityOfPage":{"@id":"https:\/\/www.eldiario.net\/portal\/2026\/06\/25\/crecimiento-de-ied-de-bolivia-en-2025-obedecio-a-reinversiones-2\/"},"wordCount":606,"publisher":{"@id":"https:\/\/www.eldiario.net\/portal\/#organization"},"image":{"@id":"https:\/\/www.eldiario.net\/portal\/2026\/06\/25\/crecimiento-de-ied-de-bolivia-en-2025-obedecio-a-reinversiones-2\/#primaryimage"},"thumbnailUrl":"https:\/\/www.eldiario.net\/portal\/wp-content\/uploads\/2026\/06\/INVER-FOTO.webp","articleSection":["Econom\u00eda"],"inLanguage":"es"},{"@type":"WebPage","@id":"https:\/\/www.eldiario.net\/portal\/2026\/06\/25\/crecimiento-de-ied-de-bolivia-en-2025-obedecio-a-reinversiones-2\/","url":"https:\/\/www.eldiario.net\/portal\/2026\/06\/25\/crecimiento-de-ied-de-bolivia-en-2025-obedecio-a-reinversiones-2\/","name":"Crecimiento de IED de Bolivia en 2025 obedeci\u00f3 a reinversiones - El Diario - Bolivia","isPartOf":{"@id":"https:\/\/www.eldiario.net\/portal\/#website"},"primaryImageOfPage":{"@id":"https:\/\/www.eldiario.net\/portal\/2026\/06\/25\/crecimiento-de-ied-de-bolivia-en-2025-obedecio-a-reinversiones-2\/#primaryimage"},"image":{"@id":"https:\/\/www.eldiario.net\/portal\/2026\/06\/25\/crecimiento-de-ied-de-bolivia-en-2025-obedecio-a-reinversiones-2\/#primaryimage"},"thumbnailUrl":"https:\/\/www.eldiario.net\/portal\/wp-content\/uploads\/2026\/06\/INVER-FOTO.webp","datePublished":"2026-06-25T05:24:38+00:00","breadcrumb":{"@id":"https:\/\/www.eldiario.net\/portal\/2026\/06\/25\/crecimiento-de-ied-de-bolivia-en-2025-obedecio-a-reinversiones-2\/#breadcrumb"},"inLanguage":"es","potentialAction":[{"@type":"ReadAction","target":["https:\/\/www.eldiario.net\/portal\/2026\/06\/25\/crecimiento-de-ied-de-bolivia-en-2025-obedecio-a-reinversiones-2\/"]}]},{"@type":"ImageObject","inLanguage":"es","@id":"https:\/\/www.eldiario.net\/portal\/2026\/06\/25\/crecimiento-de-ied-de-bolivia-en-2025-obedecio-a-reinversiones-2\/#primaryimage","url":"https:\/\/www.eldiario.net\/portal\/wp-content\/uploads\/2026\/06\/INVER-FOTO.webp","contentUrl":"https:\/\/www.eldiario.net\/portal\/wp-content\/uploads\/2026\/06\/INVER-FOTO.webp","width":738,"height":414,"caption":"subieron el ingreso de d\u00f3lares por inversi\u00f3n extranjera, pero no fue suficiente. Foto internet"},{"@type":"BreadcrumbList","@id":"https:\/\/www.eldiario.net\/portal\/2026\/06\/25\/crecimiento-de-ied-de-bolivia-en-2025-obedecio-a-reinversiones-2\/#breadcrumb","itemListElement":[{"@type":"ListItem","position":1,"name":"Portada","item":"https:\/\/www.eldiario.net\/portal\/"},{"@type":"ListItem","position":2,"name":"Crecimiento de IED de Bolivia en 2025 obedeci\u00f3 a reinversiones"}]},{"@type":"WebSite","@id":"https:\/\/www.eldiario.net\/portal\/#website","url":"https:\/\/www.eldiario.net\/portal\/","name":"El Diario - Decano de la prensa nacional","description":"El Diario - Decano de la prensa nacional","publisher":{"@id":"https:\/\/www.eldiario.net\/portal\/#organization"},"potentialAction":[{"@type":"SearchAction","target":{"@type":"EntryPoint","urlTemplate":"https:\/\/www.eldiario.net\/portal\/?s={search_term_string}"},"query-input":{"@type":"PropertyValueSpecification","valueRequired":true,"valueName":"search_term_string"}}],"inLanguage":"es"},{"@type":"Organization","@id":"https:\/\/www.eldiario.net\/portal\/#organization","name":"El Diario - Decano de la prensa nacional","url":"https:\/\/www.eldiario.net\/portal\/","logo":{"@type":"ImageObject","inLanguage":"es","@id":"https:\/\/www.eldiario.net\/portal\/#\/schema\/logo\/image\/","url":"https:\/\/www.eldiario.net\/portal\/wp-content\/uploads\/2023\/07\/logo_ED.jpg","contentUrl":"https:\/\/www.eldiario.net\/portal\/wp-content\/uploads\/2023\/07\/logo_ED.jpg","width":272,"height":52,"caption":"El Diario - Decano de la prensa nacional"},"image":{"@id":"https:\/\/www.eldiario.net\/portal\/#\/schema\/logo\/image\/"},"sameAs":["https:\/\/www.facebook.com\/eldiario.bolivia\/","https:\/\/x.com\/eldiario_net"]},{"@type":"Person","@id":"https:\/\/www.eldiario.net\/portal\/#\/schema\/person\/f46445640444750d7d753ccd04ae01b7","name":"Jeanette","image":{"@type":"ImageObject","inLanguage":"es","@id":"https:\/\/secure.gravatar.com\/avatar\/3ea2118a5f7dad2b7138b1187a6b7ee55f160b9968b66013c3a3ef39dd7e5798?s=96&d=mm&r=g","url":"https:\/\/secure.gravatar.com\/avatar\/3ea2118a5f7dad2b7138b1187a6b7ee55f160b9968b66013c3a3ef39dd7e5798?s=96&d=mm&r=g","contentUrl":"https:\/\/secure.gravatar.com\/avatar\/3ea2118a5f7dad2b7138b1187a6b7ee55f160b9968b66013c3a3ef39dd7e5798?s=96&d=mm&r=g","caption":"Jeanette"},"sameAs":["https:\/\/www.eldiario.net\/portal"],"url":"https:\/\/www.eldiario.net\/portal\/author\/jeanette\/"}]}},"_links":{"self":[{"href":"https:\/\/www.eldiario.net\/portal\/wp-json\/wp\/v2\/posts\/406872","targetHints":{"allow":["GET"]}}],"collection":[{"href":"https:\/\/www.eldiario.net\/portal\/wp-json\/wp\/v2\/posts"}],"about":[{"href":"https:\/\/www.eldiario.net\/portal\/wp-json\/wp\/v2\/types\/post"}],"author":[{"embeddable":true,"href":"https:\/\/www.eldiario.net\/portal\/wp-json\/wp\/v2\/users\/1"}],"replies":[{"embeddable":true,"href":"https:\/\/www.eldiario.net\/portal\/wp-json\/wp\/v2\/comments?post=406872"}],"version-history":[{"count":1,"href":"https:\/\/www.eldiario.net\/portal\/wp-json\/wp\/v2\/posts\/406872\/revisions"}],"predecessor-version":[{"id":406874,"href":"https:\/\/www.eldiario.net\/portal\/wp-json\/wp\/v2\/posts\/406872\/revisions\/406874"}],"wp:featuredmedia":[{"embeddable":true,"href":"https:\/\/www.eldiario.net\/portal\/wp-json\/wp\/v2\/media\/406873"}],"wp:attachment":[{"href":"https:\/\/www.eldiario.net\/portal\/wp-json\/wp\/v2\/media?parent=406872"}],"wp:term":[{"taxonomy":"category","embeddable":true,"href":"https:\/\/www.eldiario.net\/portal\/wp-json\/wp\/v2\/categories?post=406872"},{"taxonomy":"post_tag","embeddable":true,"href":"https:\/\/www.eldiario.net\/portal\/wp-json\/wp\/v2\/tags?post=406872"}],"curies":[{"name":"wp","href":"https:\/\/api.w.org\/{rel}","templated":true}]}}