{"id":406866,"date":"2026-06-25T01:20:23","date_gmt":"2026-06-25T05:20:23","guid":{"rendered":"https:\/\/www.eldiario.net\/portal\/?p=406866"},"modified":"2026-06-24T23:21:01","modified_gmt":"2026-06-25T03:21:01","slug":"plantean-exencion-de-patentes-por-un-ano-para-reactivar-la-economia-pacena","status":"publish","type":"post","link":"https:\/\/www.eldiario.net\/portal\/2026\/06\/25\/plantean-exencion-de-patentes-por-un-ano-para-reactivar-la-economia-pacena\/","title":{"rendered":"Plantean exenci\u00f3n de patentes por un  a\u00f1o para reactivar la econom\u00eda pace\u00f1a"},"content":{"rendered":"<p>La concejala Carola Antezana presentar\u00e1 un proyecto de ley municipal que propone la exenci\u00f3n por un a\u00f1o del pago de patentes para actividades comerciales, gastron\u00f3micas y otros emprendimientos que fueron afectados por los bloqueos que se extendieron por m\u00e1s de 50 d\u00edas.<\/p>\n<p>La legisladora explic\u00f3 que la iniciativa tiene como objetivo aliviar la carga econ\u00f3mica de miles de emprendedores y peque\u00f1os empresarios que resultaron afectados por la crisis. \u201cVamos a hacer la exenci\u00f3n por un a\u00f1o. Queremos que este presupuesto retorne a las arcas de las personas, de los emprendedores, para que puedan mover la econom\u00eda y salir de esta crisis\u201d, afirm\u00f3.<\/p>\n<p>Seg\u00fan Antezana, la propuesta contempla que la exenci\u00f3n entre en vigencia desde esta gesti\u00f3n y se extienda hasta el pr\u00f3ximo a\u00f1o. Seg\u00fan dijo, adem\u00e1s de beneficiar a emprendedores, el impacto en las finanzas municipales ser\u00eda reducido. \u201cM\u00e1s o menos lo que afectar\u00eda es el 2,8 % (de los ingresos totales) que dejar\u00eda de percibir el municipio. Son aproximadamente 55 millones de bolivianos en un a\u00f1o. Es una exenci\u00f3n, no es permanente\u201d, precis\u00f3.<\/p>\n<p>La concejala sostuvo que los efectos econ\u00f3micos de los bloqueos fueron severos para la actividad comercial de la ciudad. \u201cHan sido 50 d\u00edas de un encierro total. Ha sido peor que la pandemia\u201d, manifest\u00f3.<\/p>\n<p>El proyecto de ley ser\u00e1 remitido al Concejo Municipal de La Paz para su tratamiento y consideraci\u00f3n en las pr\u00f3ximas sesiones. (Br\u00fajula Digital)<\/p>\n","protected":false},"excerpt":{"rendered":"<p>La concejala Carola Antezana presentar\u00e1 un proyecto de ley municipal que propone la exenci\u00f3n por un a\u00f1o del pago de patentes para actividades comerciales, gastron\u00f3micas y otros emprendimientos que fueron afectados por los bloqueos que se extendieron por m\u00e1s de 50 d\u00edas. La legisladora explic\u00f3 que la iniciativa tiene como objetivo aliviar la carga econ\u00f3mica [&hellip;]<\/p>\n","protected":false},"author":1,"featured_media":406867,"comment_status":"closed","ping_status":"open","sticky":false,"template":"","format":"standard","meta":{"_acf_changed":false,"footnotes":""},"categories":[12],"tags":[],"class_list":["post-406866","post","type-post","status-publish","format-standard","has-post-thumbnail","category-nacional"],"acf":{"antetitulo":""},"yoast_head":"<!-- This site is optimized with the Yoast SEO plugin v28.4 - https:\/\/yoast.com\/product\/yoast-seo-wordpress\/ -->\n<title>Plantean exenci\u00f3n de patentes por un a\u00f1o para reactivar la econom\u00eda pace\u00f1a - El Diario - Bolivia<\/title>\n<meta name=\"robots\" content=\"index, follow, max-snippet:-1, max-image-preview:large, max-video-preview:-1\" \/>\n<link rel=\"canonical\" href=\"https:\/\/www.eldiario.net\/portal\/2026\/06\/25\/plantean-exencion-de-patentes-por-un-ano-para-reactivar-la-economia-pacena\/\" \/>\n<meta property=\"og:locale\" content=\"es_ES\" \/>\n<meta property=\"og:type\" content=\"article\" \/>\n<meta property=\"og:title\" content=\"Plantean exenci\u00f3n de patentes por un a\u00f1o para reactivar la econom\u00eda pace\u00f1a - El Diario - Bolivia\" \/>\n<meta property=\"og:description\" content=\"La concejala Carola Antezana presentar\u00e1 un proyecto de ley municipal que propone la exenci\u00f3n por un a\u00f1o del pago de patentes para actividades comerciales, gastron\u00f3micas y otros emprendimientos que fueron afectados por los bloqueos que se extendieron por m\u00e1s de 50 d\u00edas. La legisladora explic\u00f3 que la iniciativa tiene como objetivo aliviar la carga econ\u00f3mica [&hellip;]\" \/>\n<meta property=\"og:url\" content=\"https:\/\/www.eldiario.net\/portal\/2026\/06\/25\/plantean-exencion-de-patentes-por-un-ano-para-reactivar-la-economia-pacena\/\" \/>\n<meta property=\"og:site_name\" content=\"El Diario - Bolivia\" \/>\n<meta property=\"article:publisher\" content=\"https:\/\/www.facebook.com\/eldiario.bolivia\/\" \/>\n<meta property=\"article:published_time\" content=\"2026-06-25T05:20:23+00:00\" \/>\n<meta property=\"og:image\" content=\"https:\/\/www.eldiario.net\/portal\/wp-content\/uploads\/2026\/06\/ANTEZANA-FOTO.webp\" \/>\n\t<meta property=\"og:image:width\" content=\"720\" \/>\n\t<meta property=\"og:image:height\" content=\"399\" \/>\n\t<meta property=\"og:image:type\" content=\"image\/webp\" \/>\n<meta name=\"author\" content=\"Jeanette\" \/>\n<meta name=\"twitter:card\" content=\"summary_large_image\" \/>\n<meta name=\"twitter:creator\" content=\"@eldiario_net\" \/>\n<meta name=\"twitter:site\" content=\"@eldiario_net\" \/>\n<meta name=\"twitter:label1\" content=\"Escrito por\" \/>\n\t<meta name=\"twitter:data1\" content=\"Jeanette\" \/>\n\t<meta name=\"twitter:label2\" content=\"Tiempo de lectura\" \/>\n\t<meta name=\"twitter:data2\" content=\"2 minutos\" \/>\n<script type=\"application\/ld+json\" class=\"yoast-schema-graph\">{\"@context\":\"https:\\\/\\\/schema.org\",\"@graph\":[{\"@type\":\"Article\",\"@id\":\"https:\\\/\\\/www.eldiario.net\\\/portal\\\/2026\\\/06\\\/25\\\/plantean-exencion-de-patentes-por-un-ano-para-reactivar-la-economia-pacena\\\/#article\",\"isPartOf\":{\"@id\":\"https:\\\/\\\/www.eldiario.net\\\/portal\\\/2026\\\/06\\\/25\\\/plantean-exencion-de-patentes-por-un-ano-para-reactivar-la-economia-pacena\\\/\"},\"author\":{\"name\":\"Jeanette\",\"@id\":\"https:\\\/\\\/www.eldiario.net\\\/portal\\\/#\\\/schema\\\/person\\\/f46445640444750d7d753ccd04ae01b7\"},\"headline\":\"Plantean exenci\u00f3n de patentes por un a\u00f1o para reactivar la econom\u00eda pace\u00f1a\",\"datePublished\":\"2026-06-25T05:20:23+00:00\",\"mainEntityOfPage\":{\"@id\":\"https:\\\/\\\/www.eldiario.net\\\/portal\\\/2026\\\/06\\\/25\\\/plantean-exencion-de-patentes-por-un-ano-para-reactivar-la-economia-pacena\\\/\"},\"wordCount\":270,\"publisher\":{\"@id\":\"https:\\\/\\\/www.eldiario.net\\\/portal\\\/#organization\"},\"image\":{\"@id\":\"https:\\\/\\\/www.eldiario.net\\\/portal\\\/2026\\\/06\\\/25\\\/plantean-exencion-de-patentes-por-un-ano-para-reactivar-la-economia-pacena\\\/#primaryimage\"},\"thumbnailUrl\":\"https:\\\/\\\/www.eldiario.net\\\/portal\\\/wp-content\\\/uploads\\\/2026\\\/06\\\/ANTEZANA-FOTO.webp\",\"articleSection\":[\"Nacional\"],\"inLanguage\":\"es\"},{\"@type\":\"WebPage\",\"@id\":\"https:\\\/\\\/www.eldiario.net\\\/portal\\\/2026\\\/06\\\/25\\\/plantean-exencion-de-patentes-por-un-ano-para-reactivar-la-economia-pacena\\\/\",\"url\":\"https:\\\/\\\/www.eldiario.net\\\/portal\\\/2026\\\/06\\\/25\\\/plantean-exencion-de-patentes-por-un-ano-para-reactivar-la-economia-pacena\\\/\",\"name\":\"Plantean exenci\u00f3n de patentes por un a\u00f1o para reactivar la econom\u00eda pace\u00f1a - El Diario - Bolivia\",\"isPartOf\":{\"@id\":\"https:\\\/\\\/www.eldiario.net\\\/portal\\\/#website\"},\"primaryImageOfPage\":{\"@id\":\"https:\\\/\\\/www.eldiario.net\\\/portal\\\/2026\\\/06\\\/25\\\/plantean-exencion-de-patentes-por-un-ano-para-reactivar-la-economia-pacena\\\/#primaryimage\"},\"image\":{\"@id\":\"https:\\\/\\\/www.eldiario.net\\\/portal\\\/2026\\\/06\\\/25\\\/plantean-exencion-de-patentes-por-un-ano-para-reactivar-la-economia-pacena\\\/#primaryimage\"},\"thumbnailUrl\":\"https:\\\/\\\/www.eldiario.net\\\/portal\\\/wp-content\\\/uploads\\\/2026\\\/06\\\/ANTEZANA-FOTO.webp\",\"datePublished\":\"2026-06-25T05:20:23+00:00\",\"breadcrumb\":{\"@id\":\"https:\\\/\\\/www.eldiario.net\\\/portal\\\/2026\\\/06\\\/25\\\/plantean-exencion-de-patentes-por-un-ano-para-reactivar-la-economia-pacena\\\/#breadcrumb\"},\"inLanguage\":\"es\",\"potentialAction\":[{\"@type\":\"ReadAction\",\"target\":[\"https:\\\/\\\/www.eldiario.net\\\/portal\\\/2026\\\/06\\\/25\\\/plantean-exencion-de-patentes-por-un-ano-para-reactivar-la-economia-pacena\\\/\"]}]},{\"@type\":\"ImageObject\",\"inLanguage\":\"es\",\"@id\":\"https:\\\/\\\/www.eldiario.net\\\/portal\\\/2026\\\/06\\\/25\\\/plantean-exencion-de-patentes-por-un-ano-para-reactivar-la-economia-pacena\\\/#primaryimage\",\"url\":\"https:\\\/\\\/www.eldiario.net\\\/portal\\\/wp-content\\\/uploads\\\/2026\\\/06\\\/ANTEZANA-FOTO.webp\",\"contentUrl\":\"https:\\\/\\\/www.eldiario.net\\\/portal\\\/wp-content\\\/uploads\\\/2026\\\/06\\\/ANTEZANA-FOTO.webp\",\"width\":720,\"height\":399,\"caption\":\"CAROLA ANTEZANA. FOTO: Br\u00fajula Digital\"},{\"@type\":\"BreadcrumbList\",\"@id\":\"https:\\\/\\\/www.eldiario.net\\\/portal\\\/2026\\\/06\\\/25\\\/plantean-exencion-de-patentes-por-un-ano-para-reactivar-la-economia-pacena\\\/#breadcrumb\",\"itemListElement\":[{\"@type\":\"ListItem\",\"position\":1,\"name\":\"Portada\",\"item\":\"https:\\\/\\\/www.eldiario.net\\\/portal\\\/\"},{\"@type\":\"ListItem\",\"position\":2,\"name\":\"Plantean exenci\u00f3n de patentes por un a\u00f1o para reactivar la econom\u00eda pace\u00f1a\"}]},{\"@type\":\"WebSite\",\"@id\":\"https:\\\/\\\/www.eldiario.net\\\/portal\\\/#website\",\"url\":\"https:\\\/\\\/www.eldiario.net\\\/portal\\\/\",\"name\":\"El Diario - Decano de la prensa nacional\",\"description\":\"El Diario - Decano de la prensa nacional\",\"publisher\":{\"@id\":\"https:\\\/\\\/www.eldiario.net\\\/portal\\\/#organization\"},\"potentialAction\":[{\"@type\":\"SearchAction\",\"target\":{\"@type\":\"EntryPoint\",\"urlTemplate\":\"https:\\\/\\\/www.eldiario.net\\\/portal\\\/?s={search_term_string}\"},\"query-input\":{\"@type\":\"PropertyValueSpecification\",\"valueRequired\":true,\"valueName\":\"search_term_string\"}}],\"inLanguage\":\"es\"},{\"@type\":\"Organization\",\"@id\":\"https:\\\/\\\/www.eldiario.net\\\/portal\\\/#organization\",\"name\":\"El Diario - Decano de la prensa nacional\",\"url\":\"https:\\\/\\\/www.eldiario.net\\\/portal\\\/\",\"logo\":{\"@type\":\"ImageObject\",\"inLanguage\":\"es\",\"@id\":\"https:\\\/\\\/www.eldiario.net\\\/portal\\\/#\\\/schema\\\/logo\\\/image\\\/\",\"url\":\"https:\\\/\\\/www.eldiario.net\\\/portal\\\/wp-content\\\/uploads\\\/2023\\\/07\\\/logo_ED.jpg\",\"contentUrl\":\"https:\\\/\\\/www.eldiario.net\\\/portal\\\/wp-content\\\/uploads\\\/2023\\\/07\\\/logo_ED.jpg\",\"width\":272,\"height\":52,\"caption\":\"El Diario - Decano de la prensa nacional\"},\"image\":{\"@id\":\"https:\\\/\\\/www.eldiario.net\\\/portal\\\/#\\\/schema\\\/logo\\\/image\\\/\"},\"sameAs\":[\"https:\\\/\\\/www.facebook.com\\\/eldiario.bolivia\\\/\",\"https:\\\/\\\/x.com\\\/eldiario_net\"]},{\"@type\":\"Person\",\"@id\":\"https:\\\/\\\/www.eldiario.net\\\/portal\\\/#\\\/schema\\\/person\\\/f46445640444750d7d753ccd04ae01b7\",\"name\":\"Jeanette\",\"image\":{\"@type\":\"ImageObject\",\"inLanguage\":\"es\",\"@id\":\"https:\\\/\\\/secure.gravatar.com\\\/avatar\\\/3ea2118a5f7dad2b7138b1187a6b7ee55f160b9968b66013c3a3ef39dd7e5798?s=96&d=mm&r=g\",\"url\":\"https:\\\/\\\/secure.gravatar.com\\\/avatar\\\/3ea2118a5f7dad2b7138b1187a6b7ee55f160b9968b66013c3a3ef39dd7e5798?s=96&d=mm&r=g\",\"contentUrl\":\"https:\\\/\\\/secure.gravatar.com\\\/avatar\\\/3ea2118a5f7dad2b7138b1187a6b7ee55f160b9968b66013c3a3ef39dd7e5798?s=96&d=mm&r=g\",\"caption\":\"Jeanette\"},\"sameAs\":[\"https:\\\/\\\/www.eldiario.net\\\/portal\"],\"url\":\"https:\\\/\\\/www.eldiario.net\\\/portal\\\/author\\\/jeanette\\\/\"}]}<\/script>\n<!-- \/ Yoast SEO plugin. -->","yoast_head_json":{"title":"Plantean exenci\u00f3n de patentes por un a\u00f1o para reactivar la econom\u00eda pace\u00f1a - El Diario - Bolivia","robots":{"index":"index","follow":"follow","max-snippet":"max-snippet:-1","max-image-preview":"max-image-preview:large","max-video-preview":"max-video-preview:-1"},"canonical":"https:\/\/www.eldiario.net\/portal\/2026\/06\/25\/plantean-exencion-de-patentes-por-un-ano-para-reactivar-la-economia-pacena\/","og_locale":"es_ES","og_type":"article","og_title":"Plantean exenci\u00f3n de patentes por un a\u00f1o para reactivar la econom\u00eda pace\u00f1a - El Diario - Bolivia","og_description":"La concejala Carola Antezana presentar\u00e1 un proyecto de ley municipal que propone la exenci\u00f3n por un a\u00f1o del pago de patentes para actividades comerciales, gastron\u00f3micas y otros emprendimientos que fueron afectados por los bloqueos que se extendieron por m\u00e1s de 50 d\u00edas. La legisladora explic\u00f3 que la iniciativa tiene como objetivo aliviar la carga econ\u00f3mica [&hellip;]","og_url":"https:\/\/www.eldiario.net\/portal\/2026\/06\/25\/plantean-exencion-de-patentes-por-un-ano-para-reactivar-la-economia-pacena\/","og_site_name":"El Diario - Bolivia","article_publisher":"https:\/\/www.facebook.com\/eldiario.bolivia\/","article_published_time":"2026-06-25T05:20:23+00:00","og_image":[{"width":720,"height":399,"url":"https:\/\/www.eldiario.net\/portal\/wp-content\/uploads\/2026\/06\/ANTEZANA-FOTO.webp","type":"image\/webp"}],"author":"Jeanette","twitter_card":"summary_large_image","twitter_creator":"@eldiario_net","twitter_site":"@eldiario_net","twitter_misc":{"Escrito por":"Jeanette","Tiempo de lectura":"2 minutos"},"schema":{"@context":"https:\/\/schema.org","@graph":[{"@type":"Article","@id":"https:\/\/www.eldiario.net\/portal\/2026\/06\/25\/plantean-exencion-de-patentes-por-un-ano-para-reactivar-la-economia-pacena\/#article","isPartOf":{"@id":"https:\/\/www.eldiario.net\/portal\/2026\/06\/25\/plantean-exencion-de-patentes-por-un-ano-para-reactivar-la-economia-pacena\/"},"author":{"name":"Jeanette","@id":"https:\/\/www.eldiario.net\/portal\/#\/schema\/person\/f46445640444750d7d753ccd04ae01b7"},"headline":"Plantean exenci\u00f3n de patentes por un a\u00f1o para reactivar la econom\u00eda pace\u00f1a","datePublished":"2026-06-25T05:20:23+00:00","mainEntityOfPage":{"@id":"https:\/\/www.eldiario.net\/portal\/2026\/06\/25\/plantean-exencion-de-patentes-por-un-ano-para-reactivar-la-economia-pacena\/"},"wordCount":270,"publisher":{"@id":"https:\/\/www.eldiario.net\/portal\/#organization"},"image":{"@id":"https:\/\/www.eldiario.net\/portal\/2026\/06\/25\/plantean-exencion-de-patentes-por-un-ano-para-reactivar-la-economia-pacena\/#primaryimage"},"thumbnailUrl":"https:\/\/www.eldiario.net\/portal\/wp-content\/uploads\/2026\/06\/ANTEZANA-FOTO.webp","articleSection":["Nacional"],"inLanguage":"es"},{"@type":"WebPage","@id":"https:\/\/www.eldiario.net\/portal\/2026\/06\/25\/plantean-exencion-de-patentes-por-un-ano-para-reactivar-la-economia-pacena\/","url":"https:\/\/www.eldiario.net\/portal\/2026\/06\/25\/plantean-exencion-de-patentes-por-un-ano-para-reactivar-la-economia-pacena\/","name":"Plantean exenci\u00f3n de patentes por un a\u00f1o para reactivar la econom\u00eda pace\u00f1a - El Diario - Bolivia","isPartOf":{"@id":"https:\/\/www.eldiario.net\/portal\/#website"},"primaryImageOfPage":{"@id":"https:\/\/www.eldiario.net\/portal\/2026\/06\/25\/plantean-exencion-de-patentes-por-un-ano-para-reactivar-la-economia-pacena\/#primaryimage"},"image":{"@id":"https:\/\/www.eldiario.net\/portal\/2026\/06\/25\/plantean-exencion-de-patentes-por-un-ano-para-reactivar-la-economia-pacena\/#primaryimage"},"thumbnailUrl":"https:\/\/www.eldiario.net\/portal\/wp-content\/uploads\/2026\/06\/ANTEZANA-FOTO.webp","datePublished":"2026-06-25T05:20:23+00:00","breadcrumb":{"@id":"https:\/\/www.eldiario.net\/portal\/2026\/06\/25\/plantean-exencion-de-patentes-por-un-ano-para-reactivar-la-economia-pacena\/#breadcrumb"},"inLanguage":"es","potentialAction":[{"@type":"ReadAction","target":["https:\/\/www.eldiario.net\/portal\/2026\/06\/25\/plantean-exencion-de-patentes-por-un-ano-para-reactivar-la-economia-pacena\/"]}]},{"@type":"ImageObject","inLanguage":"es","@id":"https:\/\/www.eldiario.net\/portal\/2026\/06\/25\/plantean-exencion-de-patentes-por-un-ano-para-reactivar-la-economia-pacena\/#primaryimage","url":"https:\/\/www.eldiario.net\/portal\/wp-content\/uploads\/2026\/06\/ANTEZANA-FOTO.webp","contentUrl":"https:\/\/www.eldiario.net\/portal\/wp-content\/uploads\/2026\/06\/ANTEZANA-FOTO.webp","width":720,"height":399,"caption":"CAROLA ANTEZANA. FOTO: Br\u00fajula Digital"},{"@type":"BreadcrumbList","@id":"https:\/\/www.eldiario.net\/portal\/2026\/06\/25\/plantean-exencion-de-patentes-por-un-ano-para-reactivar-la-economia-pacena\/#breadcrumb","itemListElement":[{"@type":"ListItem","position":1,"name":"Portada","item":"https:\/\/www.eldiario.net\/portal\/"},{"@type":"ListItem","position":2,"name":"Plantean exenci\u00f3n de patentes por un a\u00f1o para reactivar la econom\u00eda pace\u00f1a"}]},{"@type":"WebSite","@id":"https:\/\/www.eldiario.net\/portal\/#website","url":"https:\/\/www.eldiario.net\/portal\/","name":"El Diario - Decano de la prensa nacional","description":"El Diario - Decano de la prensa nacional","publisher":{"@id":"https:\/\/www.eldiario.net\/portal\/#organization"},"potentialAction":[{"@type":"SearchAction","target":{"@type":"EntryPoint","urlTemplate":"https:\/\/www.eldiario.net\/portal\/?s={search_term_string}"},"query-input":{"@type":"PropertyValueSpecification","valueRequired":true,"valueName":"search_term_string"}}],"inLanguage":"es"},{"@type":"Organization","@id":"https:\/\/www.eldiario.net\/portal\/#organization","name":"El Diario - Decano de la prensa nacional","url":"https:\/\/www.eldiario.net\/portal\/","logo":{"@type":"ImageObject","inLanguage":"es","@id":"https:\/\/www.eldiario.net\/portal\/#\/schema\/logo\/image\/","url":"https:\/\/www.eldiario.net\/portal\/wp-content\/uploads\/2023\/07\/logo_ED.jpg","contentUrl":"https:\/\/www.eldiario.net\/portal\/wp-content\/uploads\/2023\/07\/logo_ED.jpg","width":272,"height":52,"caption":"El Diario - Decano de la prensa nacional"},"image":{"@id":"https:\/\/www.eldiario.net\/portal\/#\/schema\/logo\/image\/"},"sameAs":["https:\/\/www.facebook.com\/eldiario.bolivia\/","https:\/\/x.com\/eldiario_net"]},{"@type":"Person","@id":"https:\/\/www.eldiario.net\/portal\/#\/schema\/person\/f46445640444750d7d753ccd04ae01b7","name":"Jeanette","image":{"@type":"ImageObject","inLanguage":"es","@id":"https:\/\/secure.gravatar.com\/avatar\/3ea2118a5f7dad2b7138b1187a6b7ee55f160b9968b66013c3a3ef39dd7e5798?s=96&d=mm&r=g","url":"https:\/\/secure.gravatar.com\/avatar\/3ea2118a5f7dad2b7138b1187a6b7ee55f160b9968b66013c3a3ef39dd7e5798?s=96&d=mm&r=g","contentUrl":"https:\/\/secure.gravatar.com\/avatar\/3ea2118a5f7dad2b7138b1187a6b7ee55f160b9968b66013c3a3ef39dd7e5798?s=96&d=mm&r=g","caption":"Jeanette"},"sameAs":["https:\/\/www.eldiario.net\/portal"],"url":"https:\/\/www.eldiario.net\/portal\/author\/jeanette\/"}]}},"_links":{"self":[{"href":"https:\/\/www.eldiario.net\/portal\/wp-json\/wp\/v2\/posts\/406866","targetHints":{"allow":["GET"]}}],"collection":[{"href":"https:\/\/www.eldiario.net\/portal\/wp-json\/wp\/v2\/posts"}],"about":[{"href":"https:\/\/www.eldiario.net\/portal\/wp-json\/wp\/v2\/types\/post"}],"author":[{"embeddable":true,"href":"https:\/\/www.eldiario.net\/portal\/wp-json\/wp\/v2\/users\/1"}],"replies":[{"embeddable":true,"href":"https:\/\/www.eldiario.net\/portal\/wp-json\/wp\/v2\/comments?post=406866"}],"version-history":[{"count":1,"href":"https:\/\/www.eldiario.net\/portal\/wp-json\/wp\/v2\/posts\/406866\/revisions"}],"predecessor-version":[{"id":406868,"href":"https:\/\/www.eldiario.net\/portal\/wp-json\/wp\/v2\/posts\/406866\/revisions\/406868"}],"wp:featuredmedia":[{"embeddable":true,"href":"https:\/\/www.eldiario.net\/portal\/wp-json\/wp\/v2\/media\/406867"}],"wp:attachment":[{"href":"https:\/\/www.eldiario.net\/portal\/wp-json\/wp\/v2\/media?parent=406866"}],"wp:term":[{"taxonomy":"category","embeddable":true,"href":"https:\/\/www.eldiario.net\/portal\/wp-json\/wp\/v2\/categories?post=406866"},{"taxonomy":"post_tag","embeddable":true,"href":"https:\/\/www.eldiario.net\/portal\/wp-json\/wp\/v2\/tags?post=406866"}],"curies":[{"name":"wp","href":"https:\/\/api.w.org\/{rel}","templated":true}]}}