{"id":406863,"date":"2026-06-25T01:19:41","date_gmt":"2026-06-25T05:19:41","guid":{"rendered":"https:\/\/www.eldiario.net\/portal\/?p=406863"},"modified":"2026-06-24T23:20:14","modified_gmt":"2026-06-25T03:20:14","slug":"sociedad-civil-propone-acuerdo-para-superar-crisis-educativa","status":"publish","type":"post","link":"https:\/\/www.eldiario.net\/portal\/2026\/06\/25\/sociedad-civil-propone-acuerdo-para-superar-crisis-educativa\/","title":{"rendered":"Sociedad civil propone acuerdo  para superar crisis educativa"},"content":{"rendered":"<p>Frente a la crisis de aprendizaje que afecta a millones de estudiantes en Bolivia, alrededor de un centenar de organizaciones de la sociedad civil, instituciones educativas, activistas y acad\u00e9micos propusieron al Ministerio de Educaci\u00f3n la construcci\u00f3n de un Acuerdo Nacional por la Calidad de la Educaci\u00f3n, una iniciativa destinada a impulsar medidas urgentes que permitan mejorar los aprendizajes y garantizar el derecho a la educaci\u00f3n.<\/p>\n<p>La directora ejecutiva de la Campa\u00f1a Boliviana por el Derecho a la Educaci\u00f3n (CBDE), Cecilia Lazarte, entreg\u00f3 al ministro de Educaci\u00f3n, Erick Sanjin\u00e9s, la \u201cDeclaraci\u00f3n de la sociedad civil: Compromiso por la calidad del aprendizaje y el ejercicio pleno del derecho a la educaci\u00f3n\u201d, documento construido colectivamente para la transformaci\u00f3n de la educaci\u00f3n en Bolivia.<\/p>\n<p>Durante la entrega del documento, Lazarte destac\u00f3 que la sociedad civil valora la pluralidad del Ministerio de Educaci\u00f3n para promover espacios de construcci\u00f3n colectiva; sin embargo, tambi\u00e9n alert\u00f3 que miles de estudiantes contin\u00faan enfrentando dificultades para desarrollar competencias b\u00e1sicas de lectura, escritura y razonamiento matem\u00e1tico, situaci\u00f3n que demanda respuestas sist\u00e9micas.<\/p>\n<p>\u201cLa transformaci\u00f3n estructural de la educaci\u00f3n es necesaria, pero la crisis de aprendizaje no puede esperar. Necesitamos convertir la mejora de los aprendizajes en una prioridad nacional, de ah\u00ed la necesidad de un Acuerdo Nacional por la Educaci\u00f3n\u201d, afirm\u00f3 la ejecutiva.<\/p>\n<p>En el documento, las organizaciones firmantes reafirmaron que la educaci\u00f3n es un derecho humano fundamental que debe orientar las pol\u00edticas de desarrollo del pa\u00eds, destacando el rol de la educaci\u00f3n y su estrecha relaci\u00f3n con la econom\u00eda. Asimismo, ratificaron su compromiso de contribuir con propuestas y seguimiento ciudadano para garantizar una educaci\u00f3n de calidad para todas y todos los bolivianos.<\/p>\n<p>Por su parte, el ministro de Educaci\u00f3n, Erick Sanjinez, expres\u00f3 su plena voluntad de trabajar junto a todos los actores involucrados en la construcci\u00f3n de las pol\u00edticas educativas. \u201cNuestro compromiso de trabajar con todos se ratifica, para nosotros la Campa\u00f1a es un aliado importante\u201d, se\u00f1al\u00f3 la autoridad, al reiterar que el Ministerio de Educaci\u00f3n est\u00e1 dialogando con todos los sectores relacionados a la educaci\u00f3n.<\/p>\n<p>La entrega de esta declaraci\u00f3n marca un nuevo paso en la construcci\u00f3n de propuestas desde la sociedad civil para enfrentar uno de los desaf\u00edos m\u00e1s urgentes del pa\u00eds: garantizar que ni\u00f1as, ni\u00f1os y adolescentes no solo accedan a la escuela, sino que aprendan y desarrollen plenamente sus capacidades.<\/p>\n","protected":false},"excerpt":{"rendered":"<p>Frente a la crisis de aprendizaje que afecta a millones de estudiantes en Bolivia, alrededor de un centenar de organizaciones de la sociedad civil, instituciones educativas, activistas y acad\u00e9micos propusieron al Ministerio de Educaci\u00f3n la construcci\u00f3n de un Acuerdo Nacional por la Calidad de la Educaci\u00f3n, una iniciativa destinada a impulsar medidas urgentes que permitan [&hellip;]<\/p>\n","protected":false},"author":1,"featured_media":406864,"comment_status":"closed","ping_status":"open","sticky":false,"template":"","format":"standard","meta":{"_acf_changed":false,"footnotes":""},"categories":[12],"tags":[],"class_list":["post-406863","post","type-post","status-publish","format-standard","has-post-thumbnail","category-nacional"],"acf":{"antetitulo":""},"yoast_head":"<!-- This site is optimized with the Yoast SEO plugin v28.4 - https:\/\/yoast.com\/product\/yoast-seo-wordpress\/ -->\n<title>Sociedad civil propone acuerdo para superar crisis educativa - El Diario - Bolivia<\/title>\n<meta name=\"robots\" content=\"index, follow, max-snippet:-1, max-image-preview:large, max-video-preview:-1\" \/>\n<link rel=\"canonical\" href=\"https:\/\/www.eldiario.net\/portal\/2026\/06\/25\/sociedad-civil-propone-acuerdo-para-superar-crisis-educativa\/\" \/>\n<meta property=\"og:locale\" content=\"es_ES\" \/>\n<meta property=\"og:type\" content=\"article\" \/>\n<meta property=\"og:title\" content=\"Sociedad civil propone acuerdo para superar crisis educativa - El Diario - Bolivia\" \/>\n<meta property=\"og:description\" content=\"Frente a la crisis de aprendizaje que afecta a millones de estudiantes en Bolivia, alrededor de un centenar de organizaciones de la sociedad civil, instituciones educativas, activistas y acad\u00e9micos propusieron al Ministerio de Educaci\u00f3n la construcci\u00f3n de un Acuerdo Nacional por la Calidad de la Educaci\u00f3n, una iniciativa destinada a impulsar medidas urgentes que permitan [&hellip;]\" \/>\n<meta property=\"og:url\" content=\"https:\/\/www.eldiario.net\/portal\/2026\/06\/25\/sociedad-civil-propone-acuerdo-para-superar-crisis-educativa\/\" \/>\n<meta property=\"og:site_name\" content=\"El Diario - Bolivia\" \/>\n<meta property=\"article:publisher\" content=\"https:\/\/www.facebook.com\/eldiario.bolivia\/\" \/>\n<meta property=\"article:published_time\" content=\"2026-06-25T05:19:41+00:00\" \/>\n<meta property=\"og:image\" content=\"https:\/\/www.eldiario.net\/portal\/wp-content\/uploads\/2026\/06\/PROPUESTA-FOTO.webp\" \/>\n\t<meta property=\"og:image:width\" content=\"1280\" \/>\n\t<meta property=\"og:image:height\" content=\"960\" \/>\n\t<meta property=\"og:image:type\" content=\"image\/webp\" \/>\n<meta name=\"author\" content=\"Jeanette\" \/>\n<meta name=\"twitter:card\" content=\"summary_large_image\" \/>\n<meta name=\"twitter:creator\" content=\"@eldiario_net\" \/>\n<meta name=\"twitter:site\" content=\"@eldiario_net\" \/>\n<meta name=\"twitter:label1\" content=\"Escrito por\" \/>\n\t<meta name=\"twitter:data1\" content=\"Jeanette\" \/>\n\t<meta name=\"twitter:label2\" content=\"Tiempo de lectura\" \/>\n\t<meta name=\"twitter:data2\" content=\"2 minutos\" \/>\n<script type=\"application\/ld+json\" class=\"yoast-schema-graph\">{\"@context\":\"https:\\\/\\\/schema.org\",\"@graph\":[{\"@type\":\"Article\",\"@id\":\"https:\\\/\\\/www.eldiario.net\\\/portal\\\/2026\\\/06\\\/25\\\/sociedad-civil-propone-acuerdo-para-superar-crisis-educativa\\\/#article\",\"isPartOf\":{\"@id\":\"https:\\\/\\\/www.eldiario.net\\\/portal\\\/2026\\\/06\\\/25\\\/sociedad-civil-propone-acuerdo-para-superar-crisis-educativa\\\/\"},\"author\":{\"name\":\"Jeanette\",\"@id\":\"https:\\\/\\\/www.eldiario.net\\\/portal\\\/#\\\/schema\\\/person\\\/f46445640444750d7d753ccd04ae01b7\"},\"headline\":\"Sociedad civil propone acuerdo para superar crisis educativa\",\"datePublished\":\"2026-06-25T05:19:41+00:00\",\"mainEntityOfPage\":{\"@id\":\"https:\\\/\\\/www.eldiario.net\\\/portal\\\/2026\\\/06\\\/25\\\/sociedad-civil-propone-acuerdo-para-superar-crisis-educativa\\\/\"},\"wordCount\":436,\"publisher\":{\"@id\":\"https:\\\/\\\/www.eldiario.net\\\/portal\\\/#organization\"},\"image\":{\"@id\":\"https:\\\/\\\/www.eldiario.net\\\/portal\\\/2026\\\/06\\\/25\\\/sociedad-civil-propone-acuerdo-para-superar-crisis-educativa\\\/#primaryimage\"},\"thumbnailUrl\":\"https:\\\/\\\/www.eldiario.net\\\/portal\\\/wp-content\\\/uploads\\\/2026\\\/06\\\/PROPUESTA-FOTO.webp\",\"articleSection\":[\"Nacional\"],\"inLanguage\":\"es\"},{\"@type\":\"WebPage\",\"@id\":\"https:\\\/\\\/www.eldiario.net\\\/portal\\\/2026\\\/06\\\/25\\\/sociedad-civil-propone-acuerdo-para-superar-crisis-educativa\\\/\",\"url\":\"https:\\\/\\\/www.eldiario.net\\\/portal\\\/2026\\\/06\\\/25\\\/sociedad-civil-propone-acuerdo-para-superar-crisis-educativa\\\/\",\"name\":\"Sociedad civil propone acuerdo para superar crisis educativa - El Diario - Bolivia\",\"isPartOf\":{\"@id\":\"https:\\\/\\\/www.eldiario.net\\\/portal\\\/#website\"},\"primaryImageOfPage\":{\"@id\":\"https:\\\/\\\/www.eldiario.net\\\/portal\\\/2026\\\/06\\\/25\\\/sociedad-civil-propone-acuerdo-para-superar-crisis-educativa\\\/#primaryimage\"},\"image\":{\"@id\":\"https:\\\/\\\/www.eldiario.net\\\/portal\\\/2026\\\/06\\\/25\\\/sociedad-civil-propone-acuerdo-para-superar-crisis-educativa\\\/#primaryimage\"},\"thumbnailUrl\":\"https:\\\/\\\/www.eldiario.net\\\/portal\\\/wp-content\\\/uploads\\\/2026\\\/06\\\/PROPUESTA-FOTO.webp\",\"datePublished\":\"2026-06-25T05:19:41+00:00\",\"breadcrumb\":{\"@id\":\"https:\\\/\\\/www.eldiario.net\\\/portal\\\/2026\\\/06\\\/25\\\/sociedad-civil-propone-acuerdo-para-superar-crisis-educativa\\\/#breadcrumb\"},\"inLanguage\":\"es\",\"potentialAction\":[{\"@type\":\"ReadAction\",\"target\":[\"https:\\\/\\\/www.eldiario.net\\\/portal\\\/2026\\\/06\\\/25\\\/sociedad-civil-propone-acuerdo-para-superar-crisis-educativa\\\/\"]}]},{\"@type\":\"ImageObject\",\"inLanguage\":\"es\",\"@id\":\"https:\\\/\\\/www.eldiario.net\\\/portal\\\/2026\\\/06\\\/25\\\/sociedad-civil-propone-acuerdo-para-superar-crisis-educativa\\\/#primaryimage\",\"url\":\"https:\\\/\\\/www.eldiario.net\\\/portal\\\/wp-content\\\/uploads\\\/2026\\\/06\\\/PROPUESTA-FOTO.webp\",\"contentUrl\":\"https:\\\/\\\/www.eldiario.net\\\/portal\\\/wp-content\\\/uploads\\\/2026\\\/06\\\/PROPUESTA-FOTO.webp\",\"width\":1280,\"height\":960,\"caption\":\"El ministro de Educaci\u00f3n recibe el documento de la directora de la CBDE. Cr\u00e9dito: CBDE\"},{\"@type\":\"BreadcrumbList\",\"@id\":\"https:\\\/\\\/www.eldiario.net\\\/portal\\\/2026\\\/06\\\/25\\\/sociedad-civil-propone-acuerdo-para-superar-crisis-educativa\\\/#breadcrumb\",\"itemListElement\":[{\"@type\":\"ListItem\",\"position\":1,\"name\":\"Portada\",\"item\":\"https:\\\/\\\/www.eldiario.net\\\/portal\\\/\"},{\"@type\":\"ListItem\",\"position\":2,\"name\":\"Sociedad civil propone acuerdo para superar crisis educativa\"}]},{\"@type\":\"WebSite\",\"@id\":\"https:\\\/\\\/www.eldiario.net\\\/portal\\\/#website\",\"url\":\"https:\\\/\\\/www.eldiario.net\\\/portal\\\/\",\"name\":\"El Diario - Decano de la prensa nacional\",\"description\":\"El Diario - Decano de la prensa nacional\",\"publisher\":{\"@id\":\"https:\\\/\\\/www.eldiario.net\\\/portal\\\/#organization\"},\"potentialAction\":[{\"@type\":\"SearchAction\",\"target\":{\"@type\":\"EntryPoint\",\"urlTemplate\":\"https:\\\/\\\/www.eldiario.net\\\/portal\\\/?s={search_term_string}\"},\"query-input\":{\"@type\":\"PropertyValueSpecification\",\"valueRequired\":true,\"valueName\":\"search_term_string\"}}],\"inLanguage\":\"es\"},{\"@type\":\"Organization\",\"@id\":\"https:\\\/\\\/www.eldiario.net\\\/portal\\\/#organization\",\"name\":\"El Diario - Decano de la prensa nacional\",\"url\":\"https:\\\/\\\/www.eldiario.net\\\/portal\\\/\",\"logo\":{\"@type\":\"ImageObject\",\"inLanguage\":\"es\",\"@id\":\"https:\\\/\\\/www.eldiario.net\\\/portal\\\/#\\\/schema\\\/logo\\\/image\\\/\",\"url\":\"https:\\\/\\\/www.eldiario.net\\\/portal\\\/wp-content\\\/uploads\\\/2023\\\/07\\\/logo_ED.jpg\",\"contentUrl\":\"https:\\\/\\\/www.eldiario.net\\\/portal\\\/wp-content\\\/uploads\\\/2023\\\/07\\\/logo_ED.jpg\",\"width\":272,\"height\":52,\"caption\":\"El Diario - Decano de la prensa nacional\"},\"image\":{\"@id\":\"https:\\\/\\\/www.eldiario.net\\\/portal\\\/#\\\/schema\\\/logo\\\/image\\\/\"},\"sameAs\":[\"https:\\\/\\\/www.facebook.com\\\/eldiario.bolivia\\\/\",\"https:\\\/\\\/x.com\\\/eldiario_net\"]},{\"@type\":\"Person\",\"@id\":\"https:\\\/\\\/www.eldiario.net\\\/portal\\\/#\\\/schema\\\/person\\\/f46445640444750d7d753ccd04ae01b7\",\"name\":\"Jeanette\",\"image\":{\"@type\":\"ImageObject\",\"inLanguage\":\"es\",\"@id\":\"https:\\\/\\\/secure.gravatar.com\\\/avatar\\\/3ea2118a5f7dad2b7138b1187a6b7ee55f160b9968b66013c3a3ef39dd7e5798?s=96&d=mm&r=g\",\"url\":\"https:\\\/\\\/secure.gravatar.com\\\/avatar\\\/3ea2118a5f7dad2b7138b1187a6b7ee55f160b9968b66013c3a3ef39dd7e5798?s=96&d=mm&r=g\",\"contentUrl\":\"https:\\\/\\\/secure.gravatar.com\\\/avatar\\\/3ea2118a5f7dad2b7138b1187a6b7ee55f160b9968b66013c3a3ef39dd7e5798?s=96&d=mm&r=g\",\"caption\":\"Jeanette\"},\"sameAs\":[\"https:\\\/\\\/www.eldiario.net\\\/portal\"],\"url\":\"https:\\\/\\\/www.eldiario.net\\\/portal\\\/author\\\/jeanette\\\/\"}]}<\/script>\n<!-- \/ Yoast SEO plugin. -->","yoast_head_json":{"title":"Sociedad civil propone acuerdo para superar crisis educativa - El Diario - Bolivia","robots":{"index":"index","follow":"follow","max-snippet":"max-snippet:-1","max-image-preview":"max-image-preview:large","max-video-preview":"max-video-preview:-1"},"canonical":"https:\/\/www.eldiario.net\/portal\/2026\/06\/25\/sociedad-civil-propone-acuerdo-para-superar-crisis-educativa\/","og_locale":"es_ES","og_type":"article","og_title":"Sociedad civil propone acuerdo para superar crisis educativa - El Diario - Bolivia","og_description":"Frente a la crisis de aprendizaje que afecta a millones de estudiantes en Bolivia, alrededor de un centenar de organizaciones de la sociedad civil, instituciones educativas, activistas y acad\u00e9micos propusieron al Ministerio de Educaci\u00f3n la construcci\u00f3n de un Acuerdo Nacional por la Calidad de la Educaci\u00f3n, una iniciativa destinada a impulsar medidas urgentes que permitan [&hellip;]","og_url":"https:\/\/www.eldiario.net\/portal\/2026\/06\/25\/sociedad-civil-propone-acuerdo-para-superar-crisis-educativa\/","og_site_name":"El Diario - Bolivia","article_publisher":"https:\/\/www.facebook.com\/eldiario.bolivia\/","article_published_time":"2026-06-25T05:19:41+00:00","og_image":[{"width":1280,"height":960,"url":"https:\/\/www.eldiario.net\/portal\/wp-content\/uploads\/2026\/06\/PROPUESTA-FOTO.webp","type":"image\/webp"}],"author":"Jeanette","twitter_card":"summary_large_image","twitter_creator":"@eldiario_net","twitter_site":"@eldiario_net","twitter_misc":{"Escrito por":"Jeanette","Tiempo de lectura":"2 minutos"},"schema":{"@context":"https:\/\/schema.org","@graph":[{"@type":"Article","@id":"https:\/\/www.eldiario.net\/portal\/2026\/06\/25\/sociedad-civil-propone-acuerdo-para-superar-crisis-educativa\/#article","isPartOf":{"@id":"https:\/\/www.eldiario.net\/portal\/2026\/06\/25\/sociedad-civil-propone-acuerdo-para-superar-crisis-educativa\/"},"author":{"name":"Jeanette","@id":"https:\/\/www.eldiario.net\/portal\/#\/schema\/person\/f46445640444750d7d753ccd04ae01b7"},"headline":"Sociedad civil propone acuerdo para superar crisis educativa","datePublished":"2026-06-25T05:19:41+00:00","mainEntityOfPage":{"@id":"https:\/\/www.eldiario.net\/portal\/2026\/06\/25\/sociedad-civil-propone-acuerdo-para-superar-crisis-educativa\/"},"wordCount":436,"publisher":{"@id":"https:\/\/www.eldiario.net\/portal\/#organization"},"image":{"@id":"https:\/\/www.eldiario.net\/portal\/2026\/06\/25\/sociedad-civil-propone-acuerdo-para-superar-crisis-educativa\/#primaryimage"},"thumbnailUrl":"https:\/\/www.eldiario.net\/portal\/wp-content\/uploads\/2026\/06\/PROPUESTA-FOTO.webp","articleSection":["Nacional"],"inLanguage":"es"},{"@type":"WebPage","@id":"https:\/\/www.eldiario.net\/portal\/2026\/06\/25\/sociedad-civil-propone-acuerdo-para-superar-crisis-educativa\/","url":"https:\/\/www.eldiario.net\/portal\/2026\/06\/25\/sociedad-civil-propone-acuerdo-para-superar-crisis-educativa\/","name":"Sociedad civil propone acuerdo para superar crisis educativa - El Diario - Bolivia","isPartOf":{"@id":"https:\/\/www.eldiario.net\/portal\/#website"},"primaryImageOfPage":{"@id":"https:\/\/www.eldiario.net\/portal\/2026\/06\/25\/sociedad-civil-propone-acuerdo-para-superar-crisis-educativa\/#primaryimage"},"image":{"@id":"https:\/\/www.eldiario.net\/portal\/2026\/06\/25\/sociedad-civil-propone-acuerdo-para-superar-crisis-educativa\/#primaryimage"},"thumbnailUrl":"https:\/\/www.eldiario.net\/portal\/wp-content\/uploads\/2026\/06\/PROPUESTA-FOTO.webp","datePublished":"2026-06-25T05:19:41+00:00","breadcrumb":{"@id":"https:\/\/www.eldiario.net\/portal\/2026\/06\/25\/sociedad-civil-propone-acuerdo-para-superar-crisis-educativa\/#breadcrumb"},"inLanguage":"es","potentialAction":[{"@type":"ReadAction","target":["https:\/\/www.eldiario.net\/portal\/2026\/06\/25\/sociedad-civil-propone-acuerdo-para-superar-crisis-educativa\/"]}]},{"@type":"ImageObject","inLanguage":"es","@id":"https:\/\/www.eldiario.net\/portal\/2026\/06\/25\/sociedad-civil-propone-acuerdo-para-superar-crisis-educativa\/#primaryimage","url":"https:\/\/www.eldiario.net\/portal\/wp-content\/uploads\/2026\/06\/PROPUESTA-FOTO.webp","contentUrl":"https:\/\/www.eldiario.net\/portal\/wp-content\/uploads\/2026\/06\/PROPUESTA-FOTO.webp","width":1280,"height":960,"caption":"El ministro de Educaci\u00f3n recibe el documento de la directora de la CBDE. Cr\u00e9dito: CBDE"},{"@type":"BreadcrumbList","@id":"https:\/\/www.eldiario.net\/portal\/2026\/06\/25\/sociedad-civil-propone-acuerdo-para-superar-crisis-educativa\/#breadcrumb","itemListElement":[{"@type":"ListItem","position":1,"name":"Portada","item":"https:\/\/www.eldiario.net\/portal\/"},{"@type":"ListItem","position":2,"name":"Sociedad civil propone acuerdo para superar crisis educativa"}]},{"@type":"WebSite","@id":"https:\/\/www.eldiario.net\/portal\/#website","url":"https:\/\/www.eldiario.net\/portal\/","name":"El Diario - Decano de la prensa nacional","description":"El Diario - Decano de la prensa nacional","publisher":{"@id":"https:\/\/www.eldiario.net\/portal\/#organization"},"potentialAction":[{"@type":"SearchAction","target":{"@type":"EntryPoint","urlTemplate":"https:\/\/www.eldiario.net\/portal\/?s={search_term_string}"},"query-input":{"@type":"PropertyValueSpecification","valueRequired":true,"valueName":"search_term_string"}}],"inLanguage":"es"},{"@type":"Organization","@id":"https:\/\/www.eldiario.net\/portal\/#organization","name":"El Diario - Decano de la prensa nacional","url":"https:\/\/www.eldiario.net\/portal\/","logo":{"@type":"ImageObject","inLanguage":"es","@id":"https:\/\/www.eldiario.net\/portal\/#\/schema\/logo\/image\/","url":"https:\/\/www.eldiario.net\/portal\/wp-content\/uploads\/2023\/07\/logo_ED.jpg","contentUrl":"https:\/\/www.eldiario.net\/portal\/wp-content\/uploads\/2023\/07\/logo_ED.jpg","width":272,"height":52,"caption":"El Diario - Decano de la prensa nacional"},"image":{"@id":"https:\/\/www.eldiario.net\/portal\/#\/schema\/logo\/image\/"},"sameAs":["https:\/\/www.facebook.com\/eldiario.bolivia\/","https:\/\/x.com\/eldiario_net"]},{"@type":"Person","@id":"https:\/\/www.eldiario.net\/portal\/#\/schema\/person\/f46445640444750d7d753ccd04ae01b7","name":"Jeanette","image":{"@type":"ImageObject","inLanguage":"es","@id":"https:\/\/secure.gravatar.com\/avatar\/3ea2118a5f7dad2b7138b1187a6b7ee55f160b9968b66013c3a3ef39dd7e5798?s=96&d=mm&r=g","url":"https:\/\/secure.gravatar.com\/avatar\/3ea2118a5f7dad2b7138b1187a6b7ee55f160b9968b66013c3a3ef39dd7e5798?s=96&d=mm&r=g","contentUrl":"https:\/\/secure.gravatar.com\/avatar\/3ea2118a5f7dad2b7138b1187a6b7ee55f160b9968b66013c3a3ef39dd7e5798?s=96&d=mm&r=g","caption":"Jeanette"},"sameAs":["https:\/\/www.eldiario.net\/portal"],"url":"https:\/\/www.eldiario.net\/portal\/author\/jeanette\/"}]}},"_links":{"self":[{"href":"https:\/\/www.eldiario.net\/portal\/wp-json\/wp\/v2\/posts\/406863","targetHints":{"allow":["GET"]}}],"collection":[{"href":"https:\/\/www.eldiario.net\/portal\/wp-json\/wp\/v2\/posts"}],"about":[{"href":"https:\/\/www.eldiario.net\/portal\/wp-json\/wp\/v2\/types\/post"}],"author":[{"embeddable":true,"href":"https:\/\/www.eldiario.net\/portal\/wp-json\/wp\/v2\/users\/1"}],"replies":[{"embeddable":true,"href":"https:\/\/www.eldiario.net\/portal\/wp-json\/wp\/v2\/comments?post=406863"}],"version-history":[{"count":1,"href":"https:\/\/www.eldiario.net\/portal\/wp-json\/wp\/v2\/posts\/406863\/revisions"}],"predecessor-version":[{"id":406865,"href":"https:\/\/www.eldiario.net\/portal\/wp-json\/wp\/v2\/posts\/406863\/revisions\/406865"}],"wp:featuredmedia":[{"embeddable":true,"href":"https:\/\/www.eldiario.net\/portal\/wp-json\/wp\/v2\/media\/406864"}],"wp:attachment":[{"href":"https:\/\/www.eldiario.net\/portal\/wp-json\/wp\/v2\/media?parent=406863"}],"wp:term":[{"taxonomy":"category","embeddable":true,"href":"https:\/\/www.eldiario.net\/portal\/wp-json\/wp\/v2\/categories?post=406863"},{"taxonomy":"post_tag","embeddable":true,"href":"https:\/\/www.eldiario.net\/portal\/wp-json\/wp\/v2\/tags?post=406863"}],"curies":[{"name":"wp","href":"https:\/\/api.w.org\/{rel}","templated":true}]}}