{"id":406860,"date":"2026-06-25T01:18:25","date_gmt":"2026-06-25T05:18:25","guid":{"rendered":"https:\/\/www.eldiario.net\/portal\/?p=406860"},"modified":"2026-06-24T23:19:35","modified_gmt":"2026-06-25T03:19:35","slug":"umsa-registra-aumento-de-contaminacion-pero-niveles-casi-normales-al-amanecer-2","status":"publish","type":"post","link":"https:\/\/www.eldiario.net\/portal\/2026\/06\/25\/umsa-registra-aumento-de-contaminacion-pero-niveles-casi-normales-al-amanecer-2\/","title":{"rendered":"UMSA registra aumento de contaminaci\u00f3n, pero niveles casi normales al amanecer"},"content":{"rendered":"<p>La noche de San Juan dej\u00f3 un incremento temporal en los niveles de part\u00edculas contaminantes en el aire del \u00e1rea metropolitana de La Paz, seg\u00fan el monitoreo del Laboratorio de F\u00edsica de la Atm\u00f3sfera (LFA) de la Universidad Mayor de San Andr\u00e9s (UMSA). Sin embargo, las mediciones muestran que los niveles retornaron a par\u00e1metros casi normales durante las primeras horas de ayer.<\/p>\n<p>Seg\u00fan el director del LFA, Marcos Andrade, las estaciones de monitoreo instaladas en diferentes zonas de la ciudad registraron un aumento de material particulado entre las 18:00 horas del 23 y las 3:00 del 24 de junio, respectivamente, con un pico cerca de la medianoche.<\/p>\n<p>Los equipos de medici\u00f3n est\u00e1n en el Aeropuerto de El Alto y las zonas pace\u00f1as de Vino Tinto, Cota Cota y Mallasa, adem\u00e1s de la comunidad de Avircato (Mecapaca), ubicaciones que permiten observar el comportamiento de la calidad del aire en distintos puntos del \u00e1rea metropolitana.<\/p>\n<p>De acuerdo con el an\u00e1lisis, el comportamiento registrado sugiere que este a\u00f1o hubo menos quemas que en otras gestiones. Adem\u00e1s, factores como la circulaci\u00f3n de vientos contribuyeron a dispersar las part\u00edculas acumuladas durante la noche, favoreciendo una recuperaci\u00f3n m\u00e1s r\u00e1pida de la calidad del aire.<\/p>\n<p>Andrade se\u00f1al\u00f3 que ser\u00e1 necesario analizar con mayor detalle la informaci\u00f3n recopilada para confirmar las tendencias observadas.<\/p>\n<p>Aunque se trata de equipos sencillos, las estaciones del Laboratorio de F\u00edsica de la Atm\u00f3sfera permiten realizar un monitoreo continuo y generar informaci\u00f3n \u00fatil para comprender fen\u00f3menos ambientales que afectan a la poblaci\u00f3n.<\/p>\n","protected":false},"excerpt":{"rendered":"<p>La noche de San Juan dej\u00f3 un incremento temporal en los niveles de part\u00edculas contaminantes en el aire del \u00e1rea metropolitana de La Paz, seg\u00fan el monitoreo del Laboratorio de F\u00edsica de la Atm\u00f3sfera (LFA) de la Universidad Mayor de San Andr\u00e9s (UMSA). Sin embargo, las mediciones muestran que los niveles retornaron a par\u00e1metros casi [&hellip;]<\/p>\n","protected":false},"author":1,"featured_media":406861,"comment_status":"closed","ping_status":"open","sticky":false,"template":"","format":"standard","meta":{"_acf_changed":false,"footnotes":""},"categories":[12],"tags":[],"class_list":["post-406860","post","type-post","status-publish","format-standard","has-post-thumbnail","category-nacional"],"acf":{"antetitulo":"Durante San Juan"},"yoast_head":"<!-- This site is optimized with the Yoast SEO plugin v28.4 - https:\/\/yoast.com\/product\/yoast-seo-wordpress\/ -->\n<title>UMSA registra aumento de contaminaci\u00f3n, pero niveles casi normales al amanecer - El Diario - Bolivia<\/title>\n<meta name=\"robots\" content=\"index, follow, max-snippet:-1, max-image-preview:large, max-video-preview:-1\" \/>\n<link rel=\"canonical\" href=\"https:\/\/www.eldiario.net\/portal\/2026\/06\/25\/umsa-registra-aumento-de-contaminacion-pero-niveles-casi-normales-al-amanecer-2\/\" \/>\n<meta property=\"og:locale\" content=\"es_ES\" \/>\n<meta property=\"og:type\" content=\"article\" \/>\n<meta property=\"og:title\" content=\"UMSA registra aumento de contaminaci\u00f3n, pero niveles casi normales al amanecer - El Diario - Bolivia\" \/>\n<meta property=\"og:description\" content=\"La noche de San Juan dej\u00f3 un incremento temporal en los niveles de part\u00edculas contaminantes en el aire del \u00e1rea metropolitana de La Paz, seg\u00fan el monitoreo del Laboratorio de F\u00edsica de la Atm\u00f3sfera (LFA) de la Universidad Mayor de San Andr\u00e9s (UMSA). Sin embargo, las mediciones muestran que los niveles retornaron a par\u00e1metros casi [&hellip;]\" \/>\n<meta property=\"og:url\" content=\"https:\/\/www.eldiario.net\/portal\/2026\/06\/25\/umsa-registra-aumento-de-contaminacion-pero-niveles-casi-normales-al-amanecer-2\/\" \/>\n<meta property=\"og:site_name\" content=\"El Diario - Bolivia\" \/>\n<meta property=\"article:publisher\" content=\"https:\/\/www.facebook.com\/eldiario.bolivia\/\" \/>\n<meta property=\"article:published_time\" content=\"2026-06-25T05:18:25+00:00\" \/>\n<meta property=\"og:image\" content=\"https:\/\/www.eldiario.net\/portal\/wp-content\/uploads\/2026\/06\/UMSA-FOTO-1.webp\" \/>\n\t<meta property=\"og:image:width\" content=\"1125\" \/>\n\t<meta property=\"og:image:height\" content=\"707\" \/>\n\t<meta property=\"og:image:type\" content=\"image\/webp\" \/>\n<meta name=\"author\" content=\"Jeanette\" \/>\n<meta name=\"twitter:card\" content=\"summary_large_image\" \/>\n<meta name=\"twitter:creator\" content=\"@eldiario_net\" \/>\n<meta name=\"twitter:site\" content=\"@eldiario_net\" \/>\n<meta name=\"twitter:label1\" content=\"Escrito por\" \/>\n\t<meta name=\"twitter:data1\" content=\"Jeanette\" \/>\n\t<meta name=\"twitter:label2\" content=\"Tiempo de lectura\" \/>\n\t<meta name=\"twitter:data2\" content=\"2 minutos\" \/>\n<script type=\"application\/ld+json\" class=\"yoast-schema-graph\">{\"@context\":\"https:\\\/\\\/schema.org\",\"@graph\":[{\"@type\":\"Article\",\"@id\":\"https:\\\/\\\/www.eldiario.net\\\/portal\\\/2026\\\/06\\\/25\\\/umsa-registra-aumento-de-contaminacion-pero-niveles-casi-normales-al-amanecer-2\\\/#article\",\"isPartOf\":{\"@id\":\"https:\\\/\\\/www.eldiario.net\\\/portal\\\/2026\\\/06\\\/25\\\/umsa-registra-aumento-de-contaminacion-pero-niveles-casi-normales-al-amanecer-2\\\/\"},\"author\":{\"name\":\"Jeanette\",\"@id\":\"https:\\\/\\\/www.eldiario.net\\\/portal\\\/#\\\/schema\\\/person\\\/f46445640444750d7d753ccd04ae01b7\"},\"headline\":\"UMSA registra aumento de contaminaci\u00f3n, pero niveles casi normales al amanecer\",\"datePublished\":\"2026-06-25T05:18:25+00:00\",\"mainEntityOfPage\":{\"@id\":\"https:\\\/\\\/www.eldiario.net\\\/portal\\\/2026\\\/06\\\/25\\\/umsa-registra-aumento-de-contaminacion-pero-niveles-casi-normales-al-amanecer-2\\\/\"},\"wordCount\":282,\"publisher\":{\"@id\":\"https:\\\/\\\/www.eldiario.net\\\/portal\\\/#organization\"},\"image\":{\"@id\":\"https:\\\/\\\/www.eldiario.net\\\/portal\\\/2026\\\/06\\\/25\\\/umsa-registra-aumento-de-contaminacion-pero-niveles-casi-normales-al-amanecer-2\\\/#primaryimage\"},\"thumbnailUrl\":\"https:\\\/\\\/www.eldiario.net\\\/portal\\\/wp-content\\\/uploads\\\/2026\\\/06\\\/UMSA-FOTO-1.webp\",\"articleSection\":[\"Nacional\"],\"inLanguage\":\"es\"},{\"@type\":\"WebPage\",\"@id\":\"https:\\\/\\\/www.eldiario.net\\\/portal\\\/2026\\\/06\\\/25\\\/umsa-registra-aumento-de-contaminacion-pero-niveles-casi-normales-al-amanecer-2\\\/\",\"url\":\"https:\\\/\\\/www.eldiario.net\\\/portal\\\/2026\\\/06\\\/25\\\/umsa-registra-aumento-de-contaminacion-pero-niveles-casi-normales-al-amanecer-2\\\/\",\"name\":\"UMSA registra aumento de contaminaci\u00f3n, pero niveles casi normales al amanecer - El Diario - Bolivia\",\"isPartOf\":{\"@id\":\"https:\\\/\\\/www.eldiario.net\\\/portal\\\/#website\"},\"primaryImageOfPage\":{\"@id\":\"https:\\\/\\\/www.eldiario.net\\\/portal\\\/2026\\\/06\\\/25\\\/umsa-registra-aumento-de-contaminacion-pero-niveles-casi-normales-al-amanecer-2\\\/#primaryimage\"},\"image\":{\"@id\":\"https:\\\/\\\/www.eldiario.net\\\/portal\\\/2026\\\/06\\\/25\\\/umsa-registra-aumento-de-contaminacion-pero-niveles-casi-normales-al-amanecer-2\\\/#primaryimage\"},\"thumbnailUrl\":\"https:\\\/\\\/www.eldiario.net\\\/portal\\\/wp-content\\\/uploads\\\/2026\\\/06\\\/UMSA-FOTO-1.webp\",\"datePublished\":\"2026-06-25T05:18:25+00:00\",\"breadcrumb\":{\"@id\":\"https:\\\/\\\/www.eldiario.net\\\/portal\\\/2026\\\/06\\\/25\\\/umsa-registra-aumento-de-contaminacion-pero-niveles-casi-normales-al-amanecer-2\\\/#breadcrumb\"},\"inLanguage\":\"es\",\"potentialAction\":[{\"@type\":\"ReadAction\",\"target\":[\"https:\\\/\\\/www.eldiario.net\\\/portal\\\/2026\\\/06\\\/25\\\/umsa-registra-aumento-de-contaminacion-pero-niveles-casi-normales-al-amanecer-2\\\/\"]}]},{\"@type\":\"ImageObject\",\"inLanguage\":\"es\",\"@id\":\"https:\\\/\\\/www.eldiario.net\\\/portal\\\/2026\\\/06\\\/25\\\/umsa-registra-aumento-de-contaminacion-pero-niveles-casi-normales-al-amanecer-2\\\/#primaryimage\",\"url\":\"https:\\\/\\\/www.eldiario.net\\\/portal\\\/wp-content\\\/uploads\\\/2026\\\/06\\\/UMSA-FOTO-1.webp\",\"contentUrl\":\"https:\\\/\\\/www.eldiario.net\\\/portal\\\/wp-content\\\/uploads\\\/2026\\\/06\\\/UMSA-FOTO-1.webp\",\"width\":1125,\"height\":707,\"caption\":\"El cielo pace\u00f1o despu\u00e9s de la noche de San Juan. Cr\u00e9dito: APG\"},{\"@type\":\"BreadcrumbList\",\"@id\":\"https:\\\/\\\/www.eldiario.net\\\/portal\\\/2026\\\/06\\\/25\\\/umsa-registra-aumento-de-contaminacion-pero-niveles-casi-normales-al-amanecer-2\\\/#breadcrumb\",\"itemListElement\":[{\"@type\":\"ListItem\",\"position\":1,\"name\":\"Portada\",\"item\":\"https:\\\/\\\/www.eldiario.net\\\/portal\\\/\"},{\"@type\":\"ListItem\",\"position\":2,\"name\":\"UMSA registra aumento de contaminaci\u00f3n, pero niveles casi normales al amanecer\"}]},{\"@type\":\"WebSite\",\"@id\":\"https:\\\/\\\/www.eldiario.net\\\/portal\\\/#website\",\"url\":\"https:\\\/\\\/www.eldiario.net\\\/portal\\\/\",\"name\":\"El Diario - Decano de la prensa nacional\",\"description\":\"El Diario - Decano de la prensa nacional\",\"publisher\":{\"@id\":\"https:\\\/\\\/www.eldiario.net\\\/portal\\\/#organization\"},\"potentialAction\":[{\"@type\":\"SearchAction\",\"target\":{\"@type\":\"EntryPoint\",\"urlTemplate\":\"https:\\\/\\\/www.eldiario.net\\\/portal\\\/?s={search_term_string}\"},\"query-input\":{\"@type\":\"PropertyValueSpecification\",\"valueRequired\":true,\"valueName\":\"search_term_string\"}}],\"inLanguage\":\"es\"},{\"@type\":\"Organization\",\"@id\":\"https:\\\/\\\/www.eldiario.net\\\/portal\\\/#organization\",\"name\":\"El Diario - Decano de la prensa nacional\",\"url\":\"https:\\\/\\\/www.eldiario.net\\\/portal\\\/\",\"logo\":{\"@type\":\"ImageObject\",\"inLanguage\":\"es\",\"@id\":\"https:\\\/\\\/www.eldiario.net\\\/portal\\\/#\\\/schema\\\/logo\\\/image\\\/\",\"url\":\"https:\\\/\\\/www.eldiario.net\\\/portal\\\/wp-content\\\/uploads\\\/2023\\\/07\\\/logo_ED.jpg\",\"contentUrl\":\"https:\\\/\\\/www.eldiario.net\\\/portal\\\/wp-content\\\/uploads\\\/2023\\\/07\\\/logo_ED.jpg\",\"width\":272,\"height\":52,\"caption\":\"El Diario - Decano de la prensa nacional\"},\"image\":{\"@id\":\"https:\\\/\\\/www.eldiario.net\\\/portal\\\/#\\\/schema\\\/logo\\\/image\\\/\"},\"sameAs\":[\"https:\\\/\\\/www.facebook.com\\\/eldiario.bolivia\\\/\",\"https:\\\/\\\/x.com\\\/eldiario_net\"]},{\"@type\":\"Person\",\"@id\":\"https:\\\/\\\/www.eldiario.net\\\/portal\\\/#\\\/schema\\\/person\\\/f46445640444750d7d753ccd04ae01b7\",\"name\":\"Jeanette\",\"image\":{\"@type\":\"ImageObject\",\"inLanguage\":\"es\",\"@id\":\"https:\\\/\\\/secure.gravatar.com\\\/avatar\\\/3ea2118a5f7dad2b7138b1187a6b7ee55f160b9968b66013c3a3ef39dd7e5798?s=96&d=mm&r=g\",\"url\":\"https:\\\/\\\/secure.gravatar.com\\\/avatar\\\/3ea2118a5f7dad2b7138b1187a6b7ee55f160b9968b66013c3a3ef39dd7e5798?s=96&d=mm&r=g\",\"contentUrl\":\"https:\\\/\\\/secure.gravatar.com\\\/avatar\\\/3ea2118a5f7dad2b7138b1187a6b7ee55f160b9968b66013c3a3ef39dd7e5798?s=96&d=mm&r=g\",\"caption\":\"Jeanette\"},\"sameAs\":[\"https:\\\/\\\/www.eldiario.net\\\/portal\"],\"url\":\"https:\\\/\\\/www.eldiario.net\\\/portal\\\/author\\\/jeanette\\\/\"}]}<\/script>\n<!-- \/ Yoast SEO plugin. -->","yoast_head_json":{"title":"UMSA registra aumento de contaminaci\u00f3n, pero niveles casi normales al amanecer - El Diario - Bolivia","robots":{"index":"index","follow":"follow","max-snippet":"max-snippet:-1","max-image-preview":"max-image-preview:large","max-video-preview":"max-video-preview:-1"},"canonical":"https:\/\/www.eldiario.net\/portal\/2026\/06\/25\/umsa-registra-aumento-de-contaminacion-pero-niveles-casi-normales-al-amanecer-2\/","og_locale":"es_ES","og_type":"article","og_title":"UMSA registra aumento de contaminaci\u00f3n, pero niveles casi normales al amanecer - El Diario - Bolivia","og_description":"La noche de San Juan dej\u00f3 un incremento temporal en los niveles de part\u00edculas contaminantes en el aire del \u00e1rea metropolitana de La Paz, seg\u00fan el monitoreo del Laboratorio de F\u00edsica de la Atm\u00f3sfera (LFA) de la Universidad Mayor de San Andr\u00e9s (UMSA). Sin embargo, las mediciones muestran que los niveles retornaron a par\u00e1metros casi [&hellip;]","og_url":"https:\/\/www.eldiario.net\/portal\/2026\/06\/25\/umsa-registra-aumento-de-contaminacion-pero-niveles-casi-normales-al-amanecer-2\/","og_site_name":"El Diario - Bolivia","article_publisher":"https:\/\/www.facebook.com\/eldiario.bolivia\/","article_published_time":"2026-06-25T05:18:25+00:00","og_image":[{"width":1125,"height":707,"url":"https:\/\/www.eldiario.net\/portal\/wp-content\/uploads\/2026\/06\/UMSA-FOTO-1.webp","type":"image\/webp"}],"author":"Jeanette","twitter_card":"summary_large_image","twitter_creator":"@eldiario_net","twitter_site":"@eldiario_net","twitter_misc":{"Escrito por":"Jeanette","Tiempo de lectura":"2 minutos"},"schema":{"@context":"https:\/\/schema.org","@graph":[{"@type":"Article","@id":"https:\/\/www.eldiario.net\/portal\/2026\/06\/25\/umsa-registra-aumento-de-contaminacion-pero-niveles-casi-normales-al-amanecer-2\/#article","isPartOf":{"@id":"https:\/\/www.eldiario.net\/portal\/2026\/06\/25\/umsa-registra-aumento-de-contaminacion-pero-niveles-casi-normales-al-amanecer-2\/"},"author":{"name":"Jeanette","@id":"https:\/\/www.eldiario.net\/portal\/#\/schema\/person\/f46445640444750d7d753ccd04ae01b7"},"headline":"UMSA registra aumento de contaminaci\u00f3n, pero niveles casi normales al amanecer","datePublished":"2026-06-25T05:18:25+00:00","mainEntityOfPage":{"@id":"https:\/\/www.eldiario.net\/portal\/2026\/06\/25\/umsa-registra-aumento-de-contaminacion-pero-niveles-casi-normales-al-amanecer-2\/"},"wordCount":282,"publisher":{"@id":"https:\/\/www.eldiario.net\/portal\/#organization"},"image":{"@id":"https:\/\/www.eldiario.net\/portal\/2026\/06\/25\/umsa-registra-aumento-de-contaminacion-pero-niveles-casi-normales-al-amanecer-2\/#primaryimage"},"thumbnailUrl":"https:\/\/www.eldiario.net\/portal\/wp-content\/uploads\/2026\/06\/UMSA-FOTO-1.webp","articleSection":["Nacional"],"inLanguage":"es"},{"@type":"WebPage","@id":"https:\/\/www.eldiario.net\/portal\/2026\/06\/25\/umsa-registra-aumento-de-contaminacion-pero-niveles-casi-normales-al-amanecer-2\/","url":"https:\/\/www.eldiario.net\/portal\/2026\/06\/25\/umsa-registra-aumento-de-contaminacion-pero-niveles-casi-normales-al-amanecer-2\/","name":"UMSA registra aumento de contaminaci\u00f3n, pero niveles casi normales al amanecer - El Diario - Bolivia","isPartOf":{"@id":"https:\/\/www.eldiario.net\/portal\/#website"},"primaryImageOfPage":{"@id":"https:\/\/www.eldiario.net\/portal\/2026\/06\/25\/umsa-registra-aumento-de-contaminacion-pero-niveles-casi-normales-al-amanecer-2\/#primaryimage"},"image":{"@id":"https:\/\/www.eldiario.net\/portal\/2026\/06\/25\/umsa-registra-aumento-de-contaminacion-pero-niveles-casi-normales-al-amanecer-2\/#primaryimage"},"thumbnailUrl":"https:\/\/www.eldiario.net\/portal\/wp-content\/uploads\/2026\/06\/UMSA-FOTO-1.webp","datePublished":"2026-06-25T05:18:25+00:00","breadcrumb":{"@id":"https:\/\/www.eldiario.net\/portal\/2026\/06\/25\/umsa-registra-aumento-de-contaminacion-pero-niveles-casi-normales-al-amanecer-2\/#breadcrumb"},"inLanguage":"es","potentialAction":[{"@type":"ReadAction","target":["https:\/\/www.eldiario.net\/portal\/2026\/06\/25\/umsa-registra-aumento-de-contaminacion-pero-niveles-casi-normales-al-amanecer-2\/"]}]},{"@type":"ImageObject","inLanguage":"es","@id":"https:\/\/www.eldiario.net\/portal\/2026\/06\/25\/umsa-registra-aumento-de-contaminacion-pero-niveles-casi-normales-al-amanecer-2\/#primaryimage","url":"https:\/\/www.eldiario.net\/portal\/wp-content\/uploads\/2026\/06\/UMSA-FOTO-1.webp","contentUrl":"https:\/\/www.eldiario.net\/portal\/wp-content\/uploads\/2026\/06\/UMSA-FOTO-1.webp","width":1125,"height":707,"caption":"El cielo pace\u00f1o despu\u00e9s de la noche de San Juan. Cr\u00e9dito: APG"},{"@type":"BreadcrumbList","@id":"https:\/\/www.eldiario.net\/portal\/2026\/06\/25\/umsa-registra-aumento-de-contaminacion-pero-niveles-casi-normales-al-amanecer-2\/#breadcrumb","itemListElement":[{"@type":"ListItem","position":1,"name":"Portada","item":"https:\/\/www.eldiario.net\/portal\/"},{"@type":"ListItem","position":2,"name":"UMSA registra aumento de contaminaci\u00f3n, pero niveles casi normales al amanecer"}]},{"@type":"WebSite","@id":"https:\/\/www.eldiario.net\/portal\/#website","url":"https:\/\/www.eldiario.net\/portal\/","name":"El Diario - Decano de la prensa nacional","description":"El Diario - Decano de la prensa nacional","publisher":{"@id":"https:\/\/www.eldiario.net\/portal\/#organization"},"potentialAction":[{"@type":"SearchAction","target":{"@type":"EntryPoint","urlTemplate":"https:\/\/www.eldiario.net\/portal\/?s={search_term_string}"},"query-input":{"@type":"PropertyValueSpecification","valueRequired":true,"valueName":"search_term_string"}}],"inLanguage":"es"},{"@type":"Organization","@id":"https:\/\/www.eldiario.net\/portal\/#organization","name":"El Diario - Decano de la prensa nacional","url":"https:\/\/www.eldiario.net\/portal\/","logo":{"@type":"ImageObject","inLanguage":"es","@id":"https:\/\/www.eldiario.net\/portal\/#\/schema\/logo\/image\/","url":"https:\/\/www.eldiario.net\/portal\/wp-content\/uploads\/2023\/07\/logo_ED.jpg","contentUrl":"https:\/\/www.eldiario.net\/portal\/wp-content\/uploads\/2023\/07\/logo_ED.jpg","width":272,"height":52,"caption":"El Diario - Decano de la prensa nacional"},"image":{"@id":"https:\/\/www.eldiario.net\/portal\/#\/schema\/logo\/image\/"},"sameAs":["https:\/\/www.facebook.com\/eldiario.bolivia\/","https:\/\/x.com\/eldiario_net"]},{"@type":"Person","@id":"https:\/\/www.eldiario.net\/portal\/#\/schema\/person\/f46445640444750d7d753ccd04ae01b7","name":"Jeanette","image":{"@type":"ImageObject","inLanguage":"es","@id":"https:\/\/secure.gravatar.com\/avatar\/3ea2118a5f7dad2b7138b1187a6b7ee55f160b9968b66013c3a3ef39dd7e5798?s=96&d=mm&r=g","url":"https:\/\/secure.gravatar.com\/avatar\/3ea2118a5f7dad2b7138b1187a6b7ee55f160b9968b66013c3a3ef39dd7e5798?s=96&d=mm&r=g","contentUrl":"https:\/\/secure.gravatar.com\/avatar\/3ea2118a5f7dad2b7138b1187a6b7ee55f160b9968b66013c3a3ef39dd7e5798?s=96&d=mm&r=g","caption":"Jeanette"},"sameAs":["https:\/\/www.eldiario.net\/portal"],"url":"https:\/\/www.eldiario.net\/portal\/author\/jeanette\/"}]}},"_links":{"self":[{"href":"https:\/\/www.eldiario.net\/portal\/wp-json\/wp\/v2\/posts\/406860","targetHints":{"allow":["GET"]}}],"collection":[{"href":"https:\/\/www.eldiario.net\/portal\/wp-json\/wp\/v2\/posts"}],"about":[{"href":"https:\/\/www.eldiario.net\/portal\/wp-json\/wp\/v2\/types\/post"}],"author":[{"embeddable":true,"href":"https:\/\/www.eldiario.net\/portal\/wp-json\/wp\/v2\/users\/1"}],"replies":[{"embeddable":true,"href":"https:\/\/www.eldiario.net\/portal\/wp-json\/wp\/v2\/comments?post=406860"}],"version-history":[{"count":1,"href":"https:\/\/www.eldiario.net\/portal\/wp-json\/wp\/v2\/posts\/406860\/revisions"}],"predecessor-version":[{"id":406862,"href":"https:\/\/www.eldiario.net\/portal\/wp-json\/wp\/v2\/posts\/406860\/revisions\/406862"}],"wp:featuredmedia":[{"embeddable":true,"href":"https:\/\/www.eldiario.net\/portal\/wp-json\/wp\/v2\/media\/406861"}],"wp:attachment":[{"href":"https:\/\/www.eldiario.net\/portal\/wp-json\/wp\/v2\/media?parent=406860"}],"wp:term":[{"taxonomy":"category","embeddable":true,"href":"https:\/\/www.eldiario.net\/portal\/wp-json\/wp\/v2\/categories?post=406860"},{"taxonomy":"post_tag","embeddable":true,"href":"https:\/\/www.eldiario.net\/portal\/wp-json\/wp\/v2\/tags?post=406860"}],"curies":[{"name":"wp","href":"https:\/\/api.w.org\/{rel}","templated":true}]}}