{"id":406857,"date":"2026-06-25T01:16:56","date_gmt":"2026-06-25T05:16:56","guid":{"rendered":"https:\/\/www.eldiario.net\/portal\/?p=406857"},"modified":"2026-06-24T23:17:29","modified_gmt":"2026-06-25T03:17:29","slug":"civicos-anuncian-procesos-penales-contra-dirigentes-por-bloqueos-2","status":"publish","type":"post","link":"https:\/\/www.eldiario.net\/portal\/2026\/06\/25\/civicos-anuncian-procesos-penales-contra-dirigentes-por-bloqueos-2\/","title":{"rendered":"C\u00edvicos anuncian procesos penales  contra dirigentes por bloqueos"},"content":{"rendered":"<p>El Comit\u00e9 pro Santa Cruz inform\u00f3 que activar\u00e1 acciones legales contra los presuntos impulsores de los bloqueos registrados durante 53 d\u00edas en el pa\u00eds, al considerar que las p\u00e9rdidas econ\u00f3micas y humanas no deben quedar en la impunidad.<\/p>\n<p>El presidente del Comit\u00e9 C\u00edvico pro Santa Cruz, Stello Cochamanidis, anunci\u00f3 que la instituci\u00f3n iniciar\u00e1 procesos penales contra dirigentes sociales y pol\u00edticos a quienes responsabiliza por las medidas de presi\u00f3n que paralizaron rutas nacionales durante m\u00e1s de 50 d\u00edas.<\/p>\n<p>Seg\u00fan el dirigente c\u00edvico, los bloqueos provocaron un grave perjuicio al pa\u00eds, con p\u00e9rdidas econ\u00f3micas estimadas en aproximadamente 3.000 millones de d\u00f3lares, adem\u00e1s de fallecidos y afectaciones a distintos sectores productivos.<\/p>\n<p>\u201cEsto no puede quedar sin responsable\u201d, afirm\u00f3 Cochamanidis, al se\u00f1alar que, ante lo que considera una falta de acci\u00f3n oportuna por parte del Gobierno, el movimiento c\u00edvico decidi\u00f3 recurrir a la v\u00eda judicial contra los principales promotores de las protestas.<\/p>\n<p>Entre los mencionados por el dirigente figuran el secretario ejecutivo de la Central Obrera Boliviana, Mario Argollo; el dirigente de la Federaci\u00f3n T\u00fapac Katari, Vicente Salazar; el expresidente Evo Morales, adem\u00e1s de algunos parlamentarios. Cochamanidis precis\u00f3 que la lista podr\u00eda ampliarse conforme avancen las investigaciones.<\/p>\n<p>El l\u00edder c\u00edvico sostuvo que ser\u00e1 la Justicia la instancia encargada de establecer responsabilidades y determinar las sanciones que correspondan por los da\u00f1os ocasionados durante los conflictos sociales.<\/p>\n<p>Asimismo, afirm\u00f3 que Bolivia no puede volver a quedar paralizada por grupos que, seg\u00fan denunci\u00f3, actuaron de manera extrema y afectaron la libre circulaci\u00f3n, la producci\u00f3n, la importaci\u00f3n y la exportaci\u00f3n de bienes.<\/p>\n<p>Cochamanidis tambi\u00e9n pidi\u00f3 al Gobierno adoptar medidas econ\u00f3micas para aliviar la situaci\u00f3n de los sectores productivos afectados por los bloqueos, principalmente aquellos que sufrieron p\u00e9rdidas por la interrupci\u00f3n del transporte de mercanc\u00edas y la paralizaci\u00f3n de actividades comerciales. (Santa Cruz, agencias)<\/p>\n","protected":false},"excerpt":{"rendered":"<p>El Comit\u00e9 pro Santa Cruz inform\u00f3 que activar\u00e1 acciones legales contra los presuntos impulsores de los bloqueos registrados durante 53 d\u00edas en el pa\u00eds, al considerar que las p\u00e9rdidas econ\u00f3micas y humanas no deben quedar en la impunidad. El presidente del Comit\u00e9 C\u00edvico pro Santa Cruz, Stello Cochamanidis, anunci\u00f3 que la instituci\u00f3n iniciar\u00e1 procesos penales [&hellip;]<\/p>\n","protected":false},"author":1,"featured_media":406858,"comment_status":"closed","ping_status":"open","sticky":false,"template":"","format":"standard","meta":{"_acf_changed":false,"footnotes":""},"categories":[12],"tags":[],"class_list":["post-406857","post","type-post","status-publish","format-standard","has-post-thumbnail","category-nacional"],"acf":{"antetitulo":"Santa Cruz"},"yoast_head":"<!-- This site is optimized with the Yoast SEO plugin v28.4 - https:\/\/yoast.com\/product\/yoast-seo-wordpress\/ -->\n<title>C\u00edvicos anuncian procesos penales contra dirigentes por bloqueos - El Diario - Bolivia<\/title>\n<meta name=\"robots\" content=\"index, follow, max-snippet:-1, max-image-preview:large, max-video-preview:-1\" \/>\n<link rel=\"canonical\" href=\"https:\/\/www.eldiario.net\/portal\/2026\/06\/25\/civicos-anuncian-procesos-penales-contra-dirigentes-por-bloqueos-2\/\" \/>\n<meta property=\"og:locale\" content=\"es_ES\" \/>\n<meta property=\"og:type\" content=\"article\" \/>\n<meta property=\"og:title\" content=\"C\u00edvicos anuncian procesos penales contra dirigentes por bloqueos - El Diario - Bolivia\" \/>\n<meta property=\"og:description\" content=\"El Comit\u00e9 pro Santa Cruz inform\u00f3 que activar\u00e1 acciones legales contra los presuntos impulsores de los bloqueos registrados durante 53 d\u00edas en el pa\u00eds, al considerar que las p\u00e9rdidas econ\u00f3micas y humanas no deben quedar en la impunidad. El presidente del Comit\u00e9 C\u00edvico pro Santa Cruz, Stello Cochamanidis, anunci\u00f3 que la instituci\u00f3n iniciar\u00e1 procesos penales [&hellip;]\" \/>\n<meta property=\"og:url\" content=\"https:\/\/www.eldiario.net\/portal\/2026\/06\/25\/civicos-anuncian-procesos-penales-contra-dirigentes-por-bloqueos-2\/\" \/>\n<meta property=\"og:site_name\" content=\"El Diario - Bolivia\" \/>\n<meta property=\"article:publisher\" content=\"https:\/\/www.facebook.com\/eldiario.bolivia\/\" \/>\n<meta property=\"article:published_time\" content=\"2026-06-25T05:16:56+00:00\" \/>\n<meta property=\"og:image\" content=\"https:\/\/www.eldiario.net\/portal\/wp-content\/uploads\/2026\/06\/CIVICOS-FOTO.webp\" \/>\n\t<meta property=\"og:image:width\" content=\"1082\" \/>\n\t<meta property=\"og:image:height\" content=\"545\" \/>\n\t<meta property=\"og:image:type\" content=\"image\/webp\" \/>\n<meta name=\"author\" content=\"Jeanette\" \/>\n<meta name=\"twitter:card\" content=\"summary_large_image\" \/>\n<meta name=\"twitter:creator\" content=\"@eldiario_net\" \/>\n<meta name=\"twitter:site\" content=\"@eldiario_net\" \/>\n<meta name=\"twitter:label1\" content=\"Escrito por\" \/>\n\t<meta name=\"twitter:data1\" content=\"Jeanette\" \/>\n\t<meta name=\"twitter:label2\" content=\"Tiempo de lectura\" \/>\n\t<meta name=\"twitter:data2\" content=\"2 minutos\" \/>\n<script type=\"application\/ld+json\" class=\"yoast-schema-graph\">{\"@context\":\"https:\\\/\\\/schema.org\",\"@graph\":[{\"@type\":\"Article\",\"@id\":\"https:\\\/\\\/www.eldiario.net\\\/portal\\\/2026\\\/06\\\/25\\\/civicos-anuncian-procesos-penales-contra-dirigentes-por-bloqueos-2\\\/#article\",\"isPartOf\":{\"@id\":\"https:\\\/\\\/www.eldiario.net\\\/portal\\\/2026\\\/06\\\/25\\\/civicos-anuncian-procesos-penales-contra-dirigentes-por-bloqueos-2\\\/\"},\"author\":{\"name\":\"Jeanette\",\"@id\":\"https:\\\/\\\/www.eldiario.net\\\/portal\\\/#\\\/schema\\\/person\\\/f46445640444750d7d753ccd04ae01b7\"},\"headline\":\"C\u00edvicos anuncian procesos penales contra dirigentes por bloqueos\",\"datePublished\":\"2026-06-25T05:16:56+00:00\",\"mainEntityOfPage\":{\"@id\":\"https:\\\/\\\/www.eldiario.net\\\/portal\\\/2026\\\/06\\\/25\\\/civicos-anuncian-procesos-penales-contra-dirigentes-por-bloqueos-2\\\/\"},\"wordCount\":341,\"publisher\":{\"@id\":\"https:\\\/\\\/www.eldiario.net\\\/portal\\\/#organization\"},\"image\":{\"@id\":\"https:\\\/\\\/www.eldiario.net\\\/portal\\\/2026\\\/06\\\/25\\\/civicos-anuncian-procesos-penales-contra-dirigentes-por-bloqueos-2\\\/#primaryimage\"},\"thumbnailUrl\":\"https:\\\/\\\/www.eldiario.net\\\/portal\\\/wp-content\\\/uploads\\\/2026\\\/06\\\/CIVICOS-FOTO.webp\",\"articleSection\":[\"Nacional\"],\"inLanguage\":\"es\"},{\"@type\":\"WebPage\",\"@id\":\"https:\\\/\\\/www.eldiario.net\\\/portal\\\/2026\\\/06\\\/25\\\/civicos-anuncian-procesos-penales-contra-dirigentes-por-bloqueos-2\\\/\",\"url\":\"https:\\\/\\\/www.eldiario.net\\\/portal\\\/2026\\\/06\\\/25\\\/civicos-anuncian-procesos-penales-contra-dirigentes-por-bloqueos-2\\\/\",\"name\":\"C\u00edvicos anuncian procesos penales contra dirigentes por bloqueos - El Diario - Bolivia\",\"isPartOf\":{\"@id\":\"https:\\\/\\\/www.eldiario.net\\\/portal\\\/#website\"},\"primaryImageOfPage\":{\"@id\":\"https:\\\/\\\/www.eldiario.net\\\/portal\\\/2026\\\/06\\\/25\\\/civicos-anuncian-procesos-penales-contra-dirigentes-por-bloqueos-2\\\/#primaryimage\"},\"image\":{\"@id\":\"https:\\\/\\\/www.eldiario.net\\\/portal\\\/2026\\\/06\\\/25\\\/civicos-anuncian-procesos-penales-contra-dirigentes-por-bloqueos-2\\\/#primaryimage\"},\"thumbnailUrl\":\"https:\\\/\\\/www.eldiario.net\\\/portal\\\/wp-content\\\/uploads\\\/2026\\\/06\\\/CIVICOS-FOTO.webp\",\"datePublished\":\"2026-06-25T05:16:56+00:00\",\"breadcrumb\":{\"@id\":\"https:\\\/\\\/www.eldiario.net\\\/portal\\\/2026\\\/06\\\/25\\\/civicos-anuncian-procesos-penales-contra-dirigentes-por-bloqueos-2\\\/#breadcrumb\"},\"inLanguage\":\"es\",\"potentialAction\":[{\"@type\":\"ReadAction\",\"target\":[\"https:\\\/\\\/www.eldiario.net\\\/portal\\\/2026\\\/06\\\/25\\\/civicos-anuncian-procesos-penales-contra-dirigentes-por-bloqueos-2\\\/\"]}]},{\"@type\":\"ImageObject\",\"inLanguage\":\"es\",\"@id\":\"https:\\\/\\\/www.eldiario.net\\\/portal\\\/2026\\\/06\\\/25\\\/civicos-anuncian-procesos-penales-contra-dirigentes-por-bloqueos-2\\\/#primaryimage\",\"url\":\"https:\\\/\\\/www.eldiario.net\\\/portal\\\/wp-content\\\/uploads\\\/2026\\\/06\\\/CIVICOS-FOTO.webp\",\"contentUrl\":\"https:\\\/\\\/www.eldiario.net\\\/portal\\\/wp-content\\\/uploads\\\/2026\\\/06\\\/CIVICOS-FOTO.webp\",\"width\":1082,\"height\":545,\"caption\":\"DIRIGENCIA C\u00cdVICA CRUCE\u00d1A. FOTO: RRSS\"},{\"@type\":\"BreadcrumbList\",\"@id\":\"https:\\\/\\\/www.eldiario.net\\\/portal\\\/2026\\\/06\\\/25\\\/civicos-anuncian-procesos-penales-contra-dirigentes-por-bloqueos-2\\\/#breadcrumb\",\"itemListElement\":[{\"@type\":\"ListItem\",\"position\":1,\"name\":\"Portada\",\"item\":\"https:\\\/\\\/www.eldiario.net\\\/portal\\\/\"},{\"@type\":\"ListItem\",\"position\":2,\"name\":\"C\u00edvicos anuncian procesos penales contra dirigentes por bloqueos\"}]},{\"@type\":\"WebSite\",\"@id\":\"https:\\\/\\\/www.eldiario.net\\\/portal\\\/#website\",\"url\":\"https:\\\/\\\/www.eldiario.net\\\/portal\\\/\",\"name\":\"El Diario - Decano de la prensa nacional\",\"description\":\"El Diario - Decano de la prensa nacional\",\"publisher\":{\"@id\":\"https:\\\/\\\/www.eldiario.net\\\/portal\\\/#organization\"},\"potentialAction\":[{\"@type\":\"SearchAction\",\"target\":{\"@type\":\"EntryPoint\",\"urlTemplate\":\"https:\\\/\\\/www.eldiario.net\\\/portal\\\/?s={search_term_string}\"},\"query-input\":{\"@type\":\"PropertyValueSpecification\",\"valueRequired\":true,\"valueName\":\"search_term_string\"}}],\"inLanguage\":\"es\"},{\"@type\":\"Organization\",\"@id\":\"https:\\\/\\\/www.eldiario.net\\\/portal\\\/#organization\",\"name\":\"El Diario - Decano de la prensa nacional\",\"url\":\"https:\\\/\\\/www.eldiario.net\\\/portal\\\/\",\"logo\":{\"@type\":\"ImageObject\",\"inLanguage\":\"es\",\"@id\":\"https:\\\/\\\/www.eldiario.net\\\/portal\\\/#\\\/schema\\\/logo\\\/image\\\/\",\"url\":\"https:\\\/\\\/www.eldiario.net\\\/portal\\\/wp-content\\\/uploads\\\/2023\\\/07\\\/logo_ED.jpg\",\"contentUrl\":\"https:\\\/\\\/www.eldiario.net\\\/portal\\\/wp-content\\\/uploads\\\/2023\\\/07\\\/logo_ED.jpg\",\"width\":272,\"height\":52,\"caption\":\"El Diario - Decano de la prensa nacional\"},\"image\":{\"@id\":\"https:\\\/\\\/www.eldiario.net\\\/portal\\\/#\\\/schema\\\/logo\\\/image\\\/\"},\"sameAs\":[\"https:\\\/\\\/www.facebook.com\\\/eldiario.bolivia\\\/\",\"https:\\\/\\\/x.com\\\/eldiario_net\"]},{\"@type\":\"Person\",\"@id\":\"https:\\\/\\\/www.eldiario.net\\\/portal\\\/#\\\/schema\\\/person\\\/f46445640444750d7d753ccd04ae01b7\",\"name\":\"Jeanette\",\"image\":{\"@type\":\"ImageObject\",\"inLanguage\":\"es\",\"@id\":\"https:\\\/\\\/secure.gravatar.com\\\/avatar\\\/3ea2118a5f7dad2b7138b1187a6b7ee55f160b9968b66013c3a3ef39dd7e5798?s=96&d=mm&r=g\",\"url\":\"https:\\\/\\\/secure.gravatar.com\\\/avatar\\\/3ea2118a5f7dad2b7138b1187a6b7ee55f160b9968b66013c3a3ef39dd7e5798?s=96&d=mm&r=g\",\"contentUrl\":\"https:\\\/\\\/secure.gravatar.com\\\/avatar\\\/3ea2118a5f7dad2b7138b1187a6b7ee55f160b9968b66013c3a3ef39dd7e5798?s=96&d=mm&r=g\",\"caption\":\"Jeanette\"},\"sameAs\":[\"https:\\\/\\\/www.eldiario.net\\\/portal\"],\"url\":\"https:\\\/\\\/www.eldiario.net\\\/portal\\\/author\\\/jeanette\\\/\"}]}<\/script>\n<!-- \/ Yoast SEO plugin. -->","yoast_head_json":{"title":"C\u00edvicos anuncian procesos penales contra dirigentes por bloqueos - El Diario - Bolivia","robots":{"index":"index","follow":"follow","max-snippet":"max-snippet:-1","max-image-preview":"max-image-preview:large","max-video-preview":"max-video-preview:-1"},"canonical":"https:\/\/www.eldiario.net\/portal\/2026\/06\/25\/civicos-anuncian-procesos-penales-contra-dirigentes-por-bloqueos-2\/","og_locale":"es_ES","og_type":"article","og_title":"C\u00edvicos anuncian procesos penales contra dirigentes por bloqueos - El Diario - Bolivia","og_description":"El Comit\u00e9 pro Santa Cruz inform\u00f3 que activar\u00e1 acciones legales contra los presuntos impulsores de los bloqueos registrados durante 53 d\u00edas en el pa\u00eds, al considerar que las p\u00e9rdidas econ\u00f3micas y humanas no deben quedar en la impunidad. El presidente del Comit\u00e9 C\u00edvico pro Santa Cruz, Stello Cochamanidis, anunci\u00f3 que la instituci\u00f3n iniciar\u00e1 procesos penales [&hellip;]","og_url":"https:\/\/www.eldiario.net\/portal\/2026\/06\/25\/civicos-anuncian-procesos-penales-contra-dirigentes-por-bloqueos-2\/","og_site_name":"El Diario - Bolivia","article_publisher":"https:\/\/www.facebook.com\/eldiario.bolivia\/","article_published_time":"2026-06-25T05:16:56+00:00","og_image":[{"width":1082,"height":545,"url":"https:\/\/www.eldiario.net\/portal\/wp-content\/uploads\/2026\/06\/CIVICOS-FOTO.webp","type":"image\/webp"}],"author":"Jeanette","twitter_card":"summary_large_image","twitter_creator":"@eldiario_net","twitter_site":"@eldiario_net","twitter_misc":{"Escrito por":"Jeanette","Tiempo de lectura":"2 minutos"},"schema":{"@context":"https:\/\/schema.org","@graph":[{"@type":"Article","@id":"https:\/\/www.eldiario.net\/portal\/2026\/06\/25\/civicos-anuncian-procesos-penales-contra-dirigentes-por-bloqueos-2\/#article","isPartOf":{"@id":"https:\/\/www.eldiario.net\/portal\/2026\/06\/25\/civicos-anuncian-procesos-penales-contra-dirigentes-por-bloqueos-2\/"},"author":{"name":"Jeanette","@id":"https:\/\/www.eldiario.net\/portal\/#\/schema\/person\/f46445640444750d7d753ccd04ae01b7"},"headline":"C\u00edvicos anuncian procesos penales contra dirigentes por bloqueos","datePublished":"2026-06-25T05:16:56+00:00","mainEntityOfPage":{"@id":"https:\/\/www.eldiario.net\/portal\/2026\/06\/25\/civicos-anuncian-procesos-penales-contra-dirigentes-por-bloqueos-2\/"},"wordCount":341,"publisher":{"@id":"https:\/\/www.eldiario.net\/portal\/#organization"},"image":{"@id":"https:\/\/www.eldiario.net\/portal\/2026\/06\/25\/civicos-anuncian-procesos-penales-contra-dirigentes-por-bloqueos-2\/#primaryimage"},"thumbnailUrl":"https:\/\/www.eldiario.net\/portal\/wp-content\/uploads\/2026\/06\/CIVICOS-FOTO.webp","articleSection":["Nacional"],"inLanguage":"es"},{"@type":"WebPage","@id":"https:\/\/www.eldiario.net\/portal\/2026\/06\/25\/civicos-anuncian-procesos-penales-contra-dirigentes-por-bloqueos-2\/","url":"https:\/\/www.eldiario.net\/portal\/2026\/06\/25\/civicos-anuncian-procesos-penales-contra-dirigentes-por-bloqueos-2\/","name":"C\u00edvicos anuncian procesos penales contra dirigentes por bloqueos - El Diario - Bolivia","isPartOf":{"@id":"https:\/\/www.eldiario.net\/portal\/#website"},"primaryImageOfPage":{"@id":"https:\/\/www.eldiario.net\/portal\/2026\/06\/25\/civicos-anuncian-procesos-penales-contra-dirigentes-por-bloqueos-2\/#primaryimage"},"image":{"@id":"https:\/\/www.eldiario.net\/portal\/2026\/06\/25\/civicos-anuncian-procesos-penales-contra-dirigentes-por-bloqueos-2\/#primaryimage"},"thumbnailUrl":"https:\/\/www.eldiario.net\/portal\/wp-content\/uploads\/2026\/06\/CIVICOS-FOTO.webp","datePublished":"2026-06-25T05:16:56+00:00","breadcrumb":{"@id":"https:\/\/www.eldiario.net\/portal\/2026\/06\/25\/civicos-anuncian-procesos-penales-contra-dirigentes-por-bloqueos-2\/#breadcrumb"},"inLanguage":"es","potentialAction":[{"@type":"ReadAction","target":["https:\/\/www.eldiario.net\/portal\/2026\/06\/25\/civicos-anuncian-procesos-penales-contra-dirigentes-por-bloqueos-2\/"]}]},{"@type":"ImageObject","inLanguage":"es","@id":"https:\/\/www.eldiario.net\/portal\/2026\/06\/25\/civicos-anuncian-procesos-penales-contra-dirigentes-por-bloqueos-2\/#primaryimage","url":"https:\/\/www.eldiario.net\/portal\/wp-content\/uploads\/2026\/06\/CIVICOS-FOTO.webp","contentUrl":"https:\/\/www.eldiario.net\/portal\/wp-content\/uploads\/2026\/06\/CIVICOS-FOTO.webp","width":1082,"height":545,"caption":"DIRIGENCIA C\u00cdVICA CRUCE\u00d1A. FOTO: RRSS"},{"@type":"BreadcrumbList","@id":"https:\/\/www.eldiario.net\/portal\/2026\/06\/25\/civicos-anuncian-procesos-penales-contra-dirigentes-por-bloqueos-2\/#breadcrumb","itemListElement":[{"@type":"ListItem","position":1,"name":"Portada","item":"https:\/\/www.eldiario.net\/portal\/"},{"@type":"ListItem","position":2,"name":"C\u00edvicos anuncian procesos penales contra dirigentes por bloqueos"}]},{"@type":"WebSite","@id":"https:\/\/www.eldiario.net\/portal\/#website","url":"https:\/\/www.eldiario.net\/portal\/","name":"El Diario - Decano de la prensa nacional","description":"El Diario - Decano de la prensa nacional","publisher":{"@id":"https:\/\/www.eldiario.net\/portal\/#organization"},"potentialAction":[{"@type":"SearchAction","target":{"@type":"EntryPoint","urlTemplate":"https:\/\/www.eldiario.net\/portal\/?s={search_term_string}"},"query-input":{"@type":"PropertyValueSpecification","valueRequired":true,"valueName":"search_term_string"}}],"inLanguage":"es"},{"@type":"Organization","@id":"https:\/\/www.eldiario.net\/portal\/#organization","name":"El Diario - Decano de la prensa nacional","url":"https:\/\/www.eldiario.net\/portal\/","logo":{"@type":"ImageObject","inLanguage":"es","@id":"https:\/\/www.eldiario.net\/portal\/#\/schema\/logo\/image\/","url":"https:\/\/www.eldiario.net\/portal\/wp-content\/uploads\/2023\/07\/logo_ED.jpg","contentUrl":"https:\/\/www.eldiario.net\/portal\/wp-content\/uploads\/2023\/07\/logo_ED.jpg","width":272,"height":52,"caption":"El Diario - Decano de la prensa nacional"},"image":{"@id":"https:\/\/www.eldiario.net\/portal\/#\/schema\/logo\/image\/"},"sameAs":["https:\/\/www.facebook.com\/eldiario.bolivia\/","https:\/\/x.com\/eldiario_net"]},{"@type":"Person","@id":"https:\/\/www.eldiario.net\/portal\/#\/schema\/person\/f46445640444750d7d753ccd04ae01b7","name":"Jeanette","image":{"@type":"ImageObject","inLanguage":"es","@id":"https:\/\/secure.gravatar.com\/avatar\/3ea2118a5f7dad2b7138b1187a6b7ee55f160b9968b66013c3a3ef39dd7e5798?s=96&d=mm&r=g","url":"https:\/\/secure.gravatar.com\/avatar\/3ea2118a5f7dad2b7138b1187a6b7ee55f160b9968b66013c3a3ef39dd7e5798?s=96&d=mm&r=g","contentUrl":"https:\/\/secure.gravatar.com\/avatar\/3ea2118a5f7dad2b7138b1187a6b7ee55f160b9968b66013c3a3ef39dd7e5798?s=96&d=mm&r=g","caption":"Jeanette"},"sameAs":["https:\/\/www.eldiario.net\/portal"],"url":"https:\/\/www.eldiario.net\/portal\/author\/jeanette\/"}]}},"_links":{"self":[{"href":"https:\/\/www.eldiario.net\/portal\/wp-json\/wp\/v2\/posts\/406857","targetHints":{"allow":["GET"]}}],"collection":[{"href":"https:\/\/www.eldiario.net\/portal\/wp-json\/wp\/v2\/posts"}],"about":[{"href":"https:\/\/www.eldiario.net\/portal\/wp-json\/wp\/v2\/types\/post"}],"author":[{"embeddable":true,"href":"https:\/\/www.eldiario.net\/portal\/wp-json\/wp\/v2\/users\/1"}],"replies":[{"embeddable":true,"href":"https:\/\/www.eldiario.net\/portal\/wp-json\/wp\/v2\/comments?post=406857"}],"version-history":[{"count":1,"href":"https:\/\/www.eldiario.net\/portal\/wp-json\/wp\/v2\/posts\/406857\/revisions"}],"predecessor-version":[{"id":406859,"href":"https:\/\/www.eldiario.net\/portal\/wp-json\/wp\/v2\/posts\/406857\/revisions\/406859"}],"wp:featuredmedia":[{"embeddable":true,"href":"https:\/\/www.eldiario.net\/portal\/wp-json\/wp\/v2\/media\/406858"}],"wp:attachment":[{"href":"https:\/\/www.eldiario.net\/portal\/wp-json\/wp\/v2\/media?parent=406857"}],"wp:term":[{"taxonomy":"category","embeddable":true,"href":"https:\/\/www.eldiario.net\/portal\/wp-json\/wp\/v2\/categories?post=406857"},{"taxonomy":"post_tag","embeddable":true,"href":"https:\/\/www.eldiario.net\/portal\/wp-json\/wp\/v2\/tags?post=406857"}],"curies":[{"name":"wp","href":"https:\/\/api.w.org\/{rel}","templated":true}]}}