{"id":406854,"date":"2026-06-25T01:16:11","date_gmt":"2026-06-25T05:16:11","guid":{"rendered":"https:\/\/www.eldiario.net\/portal\/?p=406854"},"modified":"2026-06-24T23:16:46","modified_gmt":"2026-06-25T03:16:46","slug":"san-juan-deja-13-incendios-y-33-fogatas-en-cochabamba-2","status":"publish","type":"post","link":"https:\/\/www.eldiario.net\/portal\/2026\/06\/25\/san-juan-deja-13-incendios-y-33-fogatas-en-cochabamba-2\/","title":{"rendered":"San Juan deja 13 incendios y  33 fogatas en Cochabamba"},"content":{"rendered":"<p>La noche de San Juan dej\u00f3 un saldo de 13 incendios y 33 fogatas detectadas en diferentes municipios del departamento de Cochabamba, seg\u00fan el reporte emitido tras los operativos de control realizados durante la jornada del martes y la madrugada de ayer.<\/p>\n<p>Los incendios afectaron aproximadamente 193 hect\u00e1reas de vegetaci\u00f3n y serran\u00edas, situaci\u00f3n que gener\u00f3 preocupaci\u00f3n por el incremento de los focos de calor en comparaci\u00f3n con la pasada gesti\u00f3n. En similar periodo de 2025 se registraron ocho incendios, con una afectaci\u00f3n cercana a las 50 hect\u00e1reas.<\/p>\n<p>El secretario de Medio Ambiente y Recursos H\u00eddricos, \u00d3scar C\u00e9sped, inform\u00f3 que el aumento representa un incremento aproximado del 280%, por lo que advirti\u00f3 la necesidad de intensificar las tareas de prevenci\u00f3n, control y coordinaci\u00f3n con los municipios para evitar mayores da\u00f1os ambientales.<\/p>\n<p>La autoridad se\u00f1al\u00f3 que las causas de los incendios a\u00fan se encuentran en investigaci\u00f3n; sin embargo, indic\u00f3 que existen indicios de que algunos focos pudieron haberse originado por peque\u00f1as fogatas que fueron reactivadas. Otra hip\u00f3tesis apunta a quemas provocadas en zonas de pastoreo, presuntamente con el objetivo de favorecer el rebrote de pasto fresco.<\/p>\n<p>C\u00e9sped sostuvo que todav\u00eda no se definieron las acciones sancionatorias contra las personas que pudieran estar involucradas en estos hechos, aunque remarc\u00f3 la importancia de fortalecer los mecanismos de vigilancia, como la instalaci\u00f3n de m\u00e1s visores y c\u00e1maras de alta resoluci\u00f3n, para identificar a los responsables.<\/p>\n<p>Asimismo, llam\u00f3 a la poblaci\u00f3n a tomar conciencia sobre los riesgos que generan las fogatas y quemas no controladas, debido a que un fuego peque\u00f1o puede extenderse y afectar grandes superficies de vegetaci\u00f3n.<\/p>\n<p>Respecto a las fogatas, el reporte identific\u00f3 33 casos, principalmente en los municipios de Cercado, Sacaba y Punata. Estas fueron sofocadas durante los operativos y, seg\u00fan el informe, no derivaron en emergencias de mayor magnitud. (Cochabamba, agencias)<\/p>\n","protected":false},"excerpt":{"rendered":"<p>La noche de San Juan dej\u00f3 un saldo de 13 incendios y 33 fogatas detectadas en diferentes municipios del departamento de Cochabamba, seg\u00fan el reporte emitido tras los operativos de control realizados durante la jornada del martes y la madrugada de ayer. Los incendios afectaron aproximadamente 193 hect\u00e1reas de vegetaci\u00f3n y serran\u00edas, situaci\u00f3n que gener\u00f3 [&hellip;]<\/p>\n","protected":false},"author":1,"featured_media":406855,"comment_status":"closed","ping_status":"open","sticky":false,"template":"","format":"standard","meta":{"_acf_changed":false,"footnotes":""},"categories":[12],"tags":[],"class_list":["post-406854","post","type-post","status-publish","format-standard","has-post-thumbnail","category-nacional"],"acf":{"antetitulo":""},"yoast_head":"<!-- This site is optimized with the Yoast SEO plugin v28.4 - https:\/\/yoast.com\/product\/yoast-seo-wordpress\/ -->\n<title>San Juan deja 13 incendios y 33 fogatas en Cochabamba - El Diario - Bolivia<\/title>\n<meta name=\"robots\" content=\"index, follow, max-snippet:-1, max-image-preview:large, max-video-preview:-1\" \/>\n<link rel=\"canonical\" href=\"https:\/\/www.eldiario.net\/portal\/2026\/06\/25\/san-juan-deja-13-incendios-y-33-fogatas-en-cochabamba-2\/\" \/>\n<meta property=\"og:locale\" content=\"es_ES\" \/>\n<meta property=\"og:type\" content=\"article\" \/>\n<meta property=\"og:title\" content=\"San Juan deja 13 incendios y 33 fogatas en Cochabamba - El Diario - Bolivia\" \/>\n<meta property=\"og:description\" content=\"La noche de San Juan dej\u00f3 un saldo de 13 incendios y 33 fogatas detectadas en diferentes municipios del departamento de Cochabamba, seg\u00fan el reporte emitido tras los operativos de control realizados durante la jornada del martes y la madrugada de ayer. Los incendios afectaron aproximadamente 193 hect\u00e1reas de vegetaci\u00f3n y serran\u00edas, situaci\u00f3n que gener\u00f3 [&hellip;]\" \/>\n<meta property=\"og:url\" content=\"https:\/\/www.eldiario.net\/portal\/2026\/06\/25\/san-juan-deja-13-incendios-y-33-fogatas-en-cochabamba-2\/\" \/>\n<meta property=\"og:site_name\" content=\"El Diario - Bolivia\" \/>\n<meta property=\"article:publisher\" content=\"https:\/\/www.facebook.com\/eldiario.bolivia\/\" \/>\n<meta property=\"article:published_time\" content=\"2026-06-25T05:16:11+00:00\" \/>\n<meta property=\"og:image\" content=\"https:\/\/www.eldiario.net\/portal\/wp-content\/uploads\/2026\/06\/FOGATA-FOTO.webp\" \/>\n\t<meta property=\"og:image:width\" content=\"800\" \/>\n\t<meta property=\"og:image:height\" content=\"433\" \/>\n\t<meta property=\"og:image:type\" content=\"image\/webp\" \/>\n<meta name=\"author\" content=\"Jeanette\" \/>\n<meta name=\"twitter:card\" content=\"summary_large_image\" \/>\n<meta name=\"twitter:creator\" content=\"@eldiario_net\" \/>\n<meta name=\"twitter:site\" content=\"@eldiario_net\" \/>\n<meta name=\"twitter:label1\" content=\"Escrito por\" \/>\n\t<meta name=\"twitter:data1\" content=\"Jeanette\" \/>\n\t<meta name=\"twitter:label2\" content=\"Tiempo de lectura\" \/>\n\t<meta name=\"twitter:data2\" content=\"2 minutos\" \/>\n<script type=\"application\/ld+json\" class=\"yoast-schema-graph\">{\"@context\":\"https:\\\/\\\/schema.org\",\"@graph\":[{\"@type\":\"Article\",\"@id\":\"https:\\\/\\\/www.eldiario.net\\\/portal\\\/2026\\\/06\\\/25\\\/san-juan-deja-13-incendios-y-33-fogatas-en-cochabamba-2\\\/#article\",\"isPartOf\":{\"@id\":\"https:\\\/\\\/www.eldiario.net\\\/portal\\\/2026\\\/06\\\/25\\\/san-juan-deja-13-incendios-y-33-fogatas-en-cochabamba-2\\\/\"},\"author\":{\"name\":\"Jeanette\",\"@id\":\"https:\\\/\\\/www.eldiario.net\\\/portal\\\/#\\\/schema\\\/person\\\/f46445640444750d7d753ccd04ae01b7\"},\"headline\":\"San Juan deja 13 incendios y 33 fogatas en Cochabamba\",\"datePublished\":\"2026-06-25T05:16:11+00:00\",\"mainEntityOfPage\":{\"@id\":\"https:\\\/\\\/www.eldiario.net\\\/portal\\\/2026\\\/06\\\/25\\\/san-juan-deja-13-incendios-y-33-fogatas-en-cochabamba-2\\\/\"},\"wordCount\":331,\"publisher\":{\"@id\":\"https:\\\/\\\/www.eldiario.net\\\/portal\\\/#organization\"},\"image\":{\"@id\":\"https:\\\/\\\/www.eldiario.net\\\/portal\\\/2026\\\/06\\\/25\\\/san-juan-deja-13-incendios-y-33-fogatas-en-cochabamba-2\\\/#primaryimage\"},\"thumbnailUrl\":\"https:\\\/\\\/www.eldiario.net\\\/portal\\\/wp-content\\\/uploads\\\/2026\\\/06\\\/FOGATA-FOTO.webp\",\"articleSection\":[\"Nacional\"],\"inLanguage\":\"es\"},{\"@type\":\"WebPage\",\"@id\":\"https:\\\/\\\/www.eldiario.net\\\/portal\\\/2026\\\/06\\\/25\\\/san-juan-deja-13-incendios-y-33-fogatas-en-cochabamba-2\\\/\",\"url\":\"https:\\\/\\\/www.eldiario.net\\\/portal\\\/2026\\\/06\\\/25\\\/san-juan-deja-13-incendios-y-33-fogatas-en-cochabamba-2\\\/\",\"name\":\"San Juan deja 13 incendios y 33 fogatas en Cochabamba - El Diario - Bolivia\",\"isPartOf\":{\"@id\":\"https:\\\/\\\/www.eldiario.net\\\/portal\\\/#website\"},\"primaryImageOfPage\":{\"@id\":\"https:\\\/\\\/www.eldiario.net\\\/portal\\\/2026\\\/06\\\/25\\\/san-juan-deja-13-incendios-y-33-fogatas-en-cochabamba-2\\\/#primaryimage\"},\"image\":{\"@id\":\"https:\\\/\\\/www.eldiario.net\\\/portal\\\/2026\\\/06\\\/25\\\/san-juan-deja-13-incendios-y-33-fogatas-en-cochabamba-2\\\/#primaryimage\"},\"thumbnailUrl\":\"https:\\\/\\\/www.eldiario.net\\\/portal\\\/wp-content\\\/uploads\\\/2026\\\/06\\\/FOGATA-FOTO.webp\",\"datePublished\":\"2026-06-25T05:16:11+00:00\",\"breadcrumb\":{\"@id\":\"https:\\\/\\\/www.eldiario.net\\\/portal\\\/2026\\\/06\\\/25\\\/san-juan-deja-13-incendios-y-33-fogatas-en-cochabamba-2\\\/#breadcrumb\"},\"inLanguage\":\"es\",\"potentialAction\":[{\"@type\":\"ReadAction\",\"target\":[\"https:\\\/\\\/www.eldiario.net\\\/portal\\\/2026\\\/06\\\/25\\\/san-juan-deja-13-incendios-y-33-fogatas-en-cochabamba-2\\\/\"]}]},{\"@type\":\"ImageObject\",\"inLanguage\":\"es\",\"@id\":\"https:\\\/\\\/www.eldiario.net\\\/portal\\\/2026\\\/06\\\/25\\\/san-juan-deja-13-incendios-y-33-fogatas-en-cochabamba-2\\\/#primaryimage\",\"url\":\"https:\\\/\\\/www.eldiario.net\\\/portal\\\/wp-content\\\/uploads\\\/2026\\\/06\\\/FOGATA-FOTO.webp\",\"contentUrl\":\"https:\\\/\\\/www.eldiario.net\\\/portal\\\/wp-content\\\/uploads\\\/2026\\\/06\\\/FOGATA-FOTO.webp\",\"width\":800,\"height\":433,\"caption\":\"REFERENCIAL FOTO: UNITEL\"},{\"@type\":\"BreadcrumbList\",\"@id\":\"https:\\\/\\\/www.eldiario.net\\\/portal\\\/2026\\\/06\\\/25\\\/san-juan-deja-13-incendios-y-33-fogatas-en-cochabamba-2\\\/#breadcrumb\",\"itemListElement\":[{\"@type\":\"ListItem\",\"position\":1,\"name\":\"Portada\",\"item\":\"https:\\\/\\\/www.eldiario.net\\\/portal\\\/\"},{\"@type\":\"ListItem\",\"position\":2,\"name\":\"San Juan deja 13 incendios y 33 fogatas en Cochabamba\"}]},{\"@type\":\"WebSite\",\"@id\":\"https:\\\/\\\/www.eldiario.net\\\/portal\\\/#website\",\"url\":\"https:\\\/\\\/www.eldiario.net\\\/portal\\\/\",\"name\":\"El Diario - Decano de la prensa nacional\",\"description\":\"El Diario - Decano de la prensa nacional\",\"publisher\":{\"@id\":\"https:\\\/\\\/www.eldiario.net\\\/portal\\\/#organization\"},\"potentialAction\":[{\"@type\":\"SearchAction\",\"target\":{\"@type\":\"EntryPoint\",\"urlTemplate\":\"https:\\\/\\\/www.eldiario.net\\\/portal\\\/?s={search_term_string}\"},\"query-input\":{\"@type\":\"PropertyValueSpecification\",\"valueRequired\":true,\"valueName\":\"search_term_string\"}}],\"inLanguage\":\"es\"},{\"@type\":\"Organization\",\"@id\":\"https:\\\/\\\/www.eldiario.net\\\/portal\\\/#organization\",\"name\":\"El Diario - Decano de la prensa nacional\",\"url\":\"https:\\\/\\\/www.eldiario.net\\\/portal\\\/\",\"logo\":{\"@type\":\"ImageObject\",\"inLanguage\":\"es\",\"@id\":\"https:\\\/\\\/www.eldiario.net\\\/portal\\\/#\\\/schema\\\/logo\\\/image\\\/\",\"url\":\"https:\\\/\\\/www.eldiario.net\\\/portal\\\/wp-content\\\/uploads\\\/2023\\\/07\\\/logo_ED.jpg\",\"contentUrl\":\"https:\\\/\\\/www.eldiario.net\\\/portal\\\/wp-content\\\/uploads\\\/2023\\\/07\\\/logo_ED.jpg\",\"width\":272,\"height\":52,\"caption\":\"El Diario - Decano de la prensa nacional\"},\"image\":{\"@id\":\"https:\\\/\\\/www.eldiario.net\\\/portal\\\/#\\\/schema\\\/logo\\\/image\\\/\"},\"sameAs\":[\"https:\\\/\\\/www.facebook.com\\\/eldiario.bolivia\\\/\",\"https:\\\/\\\/x.com\\\/eldiario_net\"]},{\"@type\":\"Person\",\"@id\":\"https:\\\/\\\/www.eldiario.net\\\/portal\\\/#\\\/schema\\\/person\\\/f46445640444750d7d753ccd04ae01b7\",\"name\":\"Jeanette\",\"image\":{\"@type\":\"ImageObject\",\"inLanguage\":\"es\",\"@id\":\"https:\\\/\\\/secure.gravatar.com\\\/avatar\\\/3ea2118a5f7dad2b7138b1187a6b7ee55f160b9968b66013c3a3ef39dd7e5798?s=96&d=mm&r=g\",\"url\":\"https:\\\/\\\/secure.gravatar.com\\\/avatar\\\/3ea2118a5f7dad2b7138b1187a6b7ee55f160b9968b66013c3a3ef39dd7e5798?s=96&d=mm&r=g\",\"contentUrl\":\"https:\\\/\\\/secure.gravatar.com\\\/avatar\\\/3ea2118a5f7dad2b7138b1187a6b7ee55f160b9968b66013c3a3ef39dd7e5798?s=96&d=mm&r=g\",\"caption\":\"Jeanette\"},\"sameAs\":[\"https:\\\/\\\/www.eldiario.net\\\/portal\"],\"url\":\"https:\\\/\\\/www.eldiario.net\\\/portal\\\/author\\\/jeanette\\\/\"}]}<\/script>\n<!-- \/ Yoast SEO plugin. -->","yoast_head_json":{"title":"San Juan deja 13 incendios y 33 fogatas en Cochabamba - El Diario - Bolivia","robots":{"index":"index","follow":"follow","max-snippet":"max-snippet:-1","max-image-preview":"max-image-preview:large","max-video-preview":"max-video-preview:-1"},"canonical":"https:\/\/www.eldiario.net\/portal\/2026\/06\/25\/san-juan-deja-13-incendios-y-33-fogatas-en-cochabamba-2\/","og_locale":"es_ES","og_type":"article","og_title":"San Juan deja 13 incendios y 33 fogatas en Cochabamba - El Diario - Bolivia","og_description":"La noche de San Juan dej\u00f3 un saldo de 13 incendios y 33 fogatas detectadas en diferentes municipios del departamento de Cochabamba, seg\u00fan el reporte emitido tras los operativos de control realizados durante la jornada del martes y la madrugada de ayer. Los incendios afectaron aproximadamente 193 hect\u00e1reas de vegetaci\u00f3n y serran\u00edas, situaci\u00f3n que gener\u00f3 [&hellip;]","og_url":"https:\/\/www.eldiario.net\/portal\/2026\/06\/25\/san-juan-deja-13-incendios-y-33-fogatas-en-cochabamba-2\/","og_site_name":"El Diario - Bolivia","article_publisher":"https:\/\/www.facebook.com\/eldiario.bolivia\/","article_published_time":"2026-06-25T05:16:11+00:00","og_image":[{"width":800,"height":433,"url":"https:\/\/www.eldiario.net\/portal\/wp-content\/uploads\/2026\/06\/FOGATA-FOTO.webp","type":"image\/webp"}],"author":"Jeanette","twitter_card":"summary_large_image","twitter_creator":"@eldiario_net","twitter_site":"@eldiario_net","twitter_misc":{"Escrito por":"Jeanette","Tiempo de lectura":"2 minutos"},"schema":{"@context":"https:\/\/schema.org","@graph":[{"@type":"Article","@id":"https:\/\/www.eldiario.net\/portal\/2026\/06\/25\/san-juan-deja-13-incendios-y-33-fogatas-en-cochabamba-2\/#article","isPartOf":{"@id":"https:\/\/www.eldiario.net\/portal\/2026\/06\/25\/san-juan-deja-13-incendios-y-33-fogatas-en-cochabamba-2\/"},"author":{"name":"Jeanette","@id":"https:\/\/www.eldiario.net\/portal\/#\/schema\/person\/f46445640444750d7d753ccd04ae01b7"},"headline":"San Juan deja 13 incendios y 33 fogatas en Cochabamba","datePublished":"2026-06-25T05:16:11+00:00","mainEntityOfPage":{"@id":"https:\/\/www.eldiario.net\/portal\/2026\/06\/25\/san-juan-deja-13-incendios-y-33-fogatas-en-cochabamba-2\/"},"wordCount":331,"publisher":{"@id":"https:\/\/www.eldiario.net\/portal\/#organization"},"image":{"@id":"https:\/\/www.eldiario.net\/portal\/2026\/06\/25\/san-juan-deja-13-incendios-y-33-fogatas-en-cochabamba-2\/#primaryimage"},"thumbnailUrl":"https:\/\/www.eldiario.net\/portal\/wp-content\/uploads\/2026\/06\/FOGATA-FOTO.webp","articleSection":["Nacional"],"inLanguage":"es"},{"@type":"WebPage","@id":"https:\/\/www.eldiario.net\/portal\/2026\/06\/25\/san-juan-deja-13-incendios-y-33-fogatas-en-cochabamba-2\/","url":"https:\/\/www.eldiario.net\/portal\/2026\/06\/25\/san-juan-deja-13-incendios-y-33-fogatas-en-cochabamba-2\/","name":"San Juan deja 13 incendios y 33 fogatas en Cochabamba - El Diario - Bolivia","isPartOf":{"@id":"https:\/\/www.eldiario.net\/portal\/#website"},"primaryImageOfPage":{"@id":"https:\/\/www.eldiario.net\/portal\/2026\/06\/25\/san-juan-deja-13-incendios-y-33-fogatas-en-cochabamba-2\/#primaryimage"},"image":{"@id":"https:\/\/www.eldiario.net\/portal\/2026\/06\/25\/san-juan-deja-13-incendios-y-33-fogatas-en-cochabamba-2\/#primaryimage"},"thumbnailUrl":"https:\/\/www.eldiario.net\/portal\/wp-content\/uploads\/2026\/06\/FOGATA-FOTO.webp","datePublished":"2026-06-25T05:16:11+00:00","breadcrumb":{"@id":"https:\/\/www.eldiario.net\/portal\/2026\/06\/25\/san-juan-deja-13-incendios-y-33-fogatas-en-cochabamba-2\/#breadcrumb"},"inLanguage":"es","potentialAction":[{"@type":"ReadAction","target":["https:\/\/www.eldiario.net\/portal\/2026\/06\/25\/san-juan-deja-13-incendios-y-33-fogatas-en-cochabamba-2\/"]}]},{"@type":"ImageObject","inLanguage":"es","@id":"https:\/\/www.eldiario.net\/portal\/2026\/06\/25\/san-juan-deja-13-incendios-y-33-fogatas-en-cochabamba-2\/#primaryimage","url":"https:\/\/www.eldiario.net\/portal\/wp-content\/uploads\/2026\/06\/FOGATA-FOTO.webp","contentUrl":"https:\/\/www.eldiario.net\/portal\/wp-content\/uploads\/2026\/06\/FOGATA-FOTO.webp","width":800,"height":433,"caption":"REFERENCIAL FOTO: UNITEL"},{"@type":"BreadcrumbList","@id":"https:\/\/www.eldiario.net\/portal\/2026\/06\/25\/san-juan-deja-13-incendios-y-33-fogatas-en-cochabamba-2\/#breadcrumb","itemListElement":[{"@type":"ListItem","position":1,"name":"Portada","item":"https:\/\/www.eldiario.net\/portal\/"},{"@type":"ListItem","position":2,"name":"San Juan deja 13 incendios y 33 fogatas en Cochabamba"}]},{"@type":"WebSite","@id":"https:\/\/www.eldiario.net\/portal\/#website","url":"https:\/\/www.eldiario.net\/portal\/","name":"El Diario - Decano de la prensa nacional","description":"El Diario - Decano de la prensa nacional","publisher":{"@id":"https:\/\/www.eldiario.net\/portal\/#organization"},"potentialAction":[{"@type":"SearchAction","target":{"@type":"EntryPoint","urlTemplate":"https:\/\/www.eldiario.net\/portal\/?s={search_term_string}"},"query-input":{"@type":"PropertyValueSpecification","valueRequired":true,"valueName":"search_term_string"}}],"inLanguage":"es"},{"@type":"Organization","@id":"https:\/\/www.eldiario.net\/portal\/#organization","name":"El Diario - Decano de la prensa nacional","url":"https:\/\/www.eldiario.net\/portal\/","logo":{"@type":"ImageObject","inLanguage":"es","@id":"https:\/\/www.eldiario.net\/portal\/#\/schema\/logo\/image\/","url":"https:\/\/www.eldiario.net\/portal\/wp-content\/uploads\/2023\/07\/logo_ED.jpg","contentUrl":"https:\/\/www.eldiario.net\/portal\/wp-content\/uploads\/2023\/07\/logo_ED.jpg","width":272,"height":52,"caption":"El Diario - Decano de la prensa nacional"},"image":{"@id":"https:\/\/www.eldiario.net\/portal\/#\/schema\/logo\/image\/"},"sameAs":["https:\/\/www.facebook.com\/eldiario.bolivia\/","https:\/\/x.com\/eldiario_net"]},{"@type":"Person","@id":"https:\/\/www.eldiario.net\/portal\/#\/schema\/person\/f46445640444750d7d753ccd04ae01b7","name":"Jeanette","image":{"@type":"ImageObject","inLanguage":"es","@id":"https:\/\/secure.gravatar.com\/avatar\/3ea2118a5f7dad2b7138b1187a6b7ee55f160b9968b66013c3a3ef39dd7e5798?s=96&d=mm&r=g","url":"https:\/\/secure.gravatar.com\/avatar\/3ea2118a5f7dad2b7138b1187a6b7ee55f160b9968b66013c3a3ef39dd7e5798?s=96&d=mm&r=g","contentUrl":"https:\/\/secure.gravatar.com\/avatar\/3ea2118a5f7dad2b7138b1187a6b7ee55f160b9968b66013c3a3ef39dd7e5798?s=96&d=mm&r=g","caption":"Jeanette"},"sameAs":["https:\/\/www.eldiario.net\/portal"],"url":"https:\/\/www.eldiario.net\/portal\/author\/jeanette\/"}]}},"_links":{"self":[{"href":"https:\/\/www.eldiario.net\/portal\/wp-json\/wp\/v2\/posts\/406854","targetHints":{"allow":["GET"]}}],"collection":[{"href":"https:\/\/www.eldiario.net\/portal\/wp-json\/wp\/v2\/posts"}],"about":[{"href":"https:\/\/www.eldiario.net\/portal\/wp-json\/wp\/v2\/types\/post"}],"author":[{"embeddable":true,"href":"https:\/\/www.eldiario.net\/portal\/wp-json\/wp\/v2\/users\/1"}],"replies":[{"embeddable":true,"href":"https:\/\/www.eldiario.net\/portal\/wp-json\/wp\/v2\/comments?post=406854"}],"version-history":[{"count":1,"href":"https:\/\/www.eldiario.net\/portal\/wp-json\/wp\/v2\/posts\/406854\/revisions"}],"predecessor-version":[{"id":406856,"href":"https:\/\/www.eldiario.net\/portal\/wp-json\/wp\/v2\/posts\/406854\/revisions\/406856"}],"wp:featuredmedia":[{"embeddable":true,"href":"https:\/\/www.eldiario.net\/portal\/wp-json\/wp\/v2\/media\/406855"}],"wp:attachment":[{"href":"https:\/\/www.eldiario.net\/portal\/wp-json\/wp\/v2\/media?parent=406854"}],"wp:term":[{"taxonomy":"category","embeddable":true,"href":"https:\/\/www.eldiario.net\/portal\/wp-json\/wp\/v2\/categories?post=406854"},{"taxonomy":"post_tag","embeddable":true,"href":"https:\/\/www.eldiario.net\/portal\/wp-json\/wp\/v2\/tags?post=406854"}],"curies":[{"name":"wp","href":"https:\/\/api.w.org\/{rel}","templated":true}]}}