{"id":406842,"date":"2026-06-25T01:12:27","date_gmt":"2026-06-25T05:12:27","guid":{"rendered":"https:\/\/www.eldiario.net\/portal\/?p=406842"},"modified":"2026-06-24T23:13:07","modified_gmt":"2026-06-25T03:13:07","slug":"velasco-propone-triplicar-vias-pavimentadas-en-santa-cruz-2","status":"publish","type":"post","link":"https:\/\/www.eldiario.net\/portal\/2026\/06\/25\/velasco-propone-triplicar-vias-pavimentadas-en-santa-cruz-2\/","title":{"rendered":"Velasco propone triplicar v\u00edas  pavimentadas en Santa Cruz"},"content":{"rendered":"<p>El gobernador de Santa Cruz, Juan Pablo Velasco, plante\u00f3 como objetivo de gesti\u00f3n triplicar la cantidad de carreteras departamentales pavimentadas, tras advertir deficiencias en la red vial del departamento.<\/p>\n<p>Seg\u00fan la autoridad, Santa Cruz cuenta con aproximadamente 6.200 kil\u00f3metros de carreteras departamentales, de los cuales solo 325 kil\u00f3metros est\u00e1n pavimentados. Adem\u00e1s, cerca de 1.400 kil\u00f3metros tienen ripio y el resto corresponde a caminos de tierra.<\/p>\n<p>Velasco se\u00f1al\u00f3 que esta situaci\u00f3n afecta principalmente a productores y comunidades rurales, debido a que eleva los costos de transporte, dificulta la salida de cosechas y limita la conexi\u00f3n entre municipios y provincias.<\/p>\n<p>La autoridad sostuvo que la falta de infraestructura vial adecuada incide en la competitividad del departamento, especialmente en zonas agropecuarias que dependen del traslado permanente de alimentos, insumos y mercanc\u00edas.<\/p>\n<p>En ese marco, anunci\u00f3 que durante su gesti\u00f3n buscar\u00e1 incrementar de forma significativa la cantidad de v\u00edas asfaltadas en la red departamental. Indic\u00f3 que el objetivo es atender las necesidades de conectividad de las 15 provincias y los 56 municipios de Santa Cruz.<\/p>\n<p>Velasco reconoci\u00f3 que triplicar las carreteras pavimentadas no resolver\u00e1 todas las demandas del departamento, pero afirm\u00f3 que ser\u00e1 una prioridad dentro de su administraci\u00f3n.<\/p>\n<p>El planteamiento fue presentado en un contexto de cuestionamientos por el estado de las rutas departamentales y por las dificultades log\u00edsticas que enfrentan distintos sectores productivos en Santa Cruz. (Santa Cruz, agencias)<\/p>\n","protected":false},"excerpt":{"rendered":"<p>El gobernador de Santa Cruz, Juan Pablo Velasco, plante\u00f3 como objetivo de gesti\u00f3n triplicar la cantidad de carreteras departamentales pavimentadas, tras advertir deficiencias en la red vial del departamento. Seg\u00fan la autoridad, Santa Cruz cuenta con aproximadamente 6.200 kil\u00f3metros de carreteras departamentales, de los cuales solo 325 kil\u00f3metros est\u00e1n pavimentados. Adem\u00e1s, cerca de 1.400 kil\u00f3metros [&hellip;]<\/p>\n","protected":false},"author":1,"featured_media":406843,"comment_status":"closed","ping_status":"open","sticky":false,"template":"","format":"standard","meta":{"_acf_changed":false,"footnotes":""},"categories":[12],"tags":[],"class_list":["post-406842","post","type-post","status-publish","format-standard","has-post-thumbnail","category-nacional"],"acf":{"antetitulo":""},"yoast_head":"<!-- This site is optimized with the Yoast SEO plugin v28.4 - https:\/\/yoast.com\/product\/yoast-seo-wordpress\/ -->\n<title>Velasco propone triplicar v\u00edas pavimentadas en Santa Cruz - El Diario - Bolivia<\/title>\n<meta name=\"robots\" content=\"index, follow, max-snippet:-1, max-image-preview:large, max-video-preview:-1\" \/>\n<link rel=\"canonical\" href=\"https:\/\/www.eldiario.net\/portal\/2026\/06\/25\/velasco-propone-triplicar-vias-pavimentadas-en-santa-cruz-2\/\" \/>\n<meta property=\"og:locale\" content=\"es_ES\" \/>\n<meta property=\"og:type\" content=\"article\" \/>\n<meta property=\"og:title\" content=\"Velasco propone triplicar v\u00edas pavimentadas en Santa Cruz - El Diario - Bolivia\" \/>\n<meta property=\"og:description\" content=\"El gobernador de Santa Cruz, Juan Pablo Velasco, plante\u00f3 como objetivo de gesti\u00f3n triplicar la cantidad de carreteras departamentales pavimentadas, tras advertir deficiencias en la red vial del departamento. Seg\u00fan la autoridad, Santa Cruz cuenta con aproximadamente 6.200 kil\u00f3metros de carreteras departamentales, de los cuales solo 325 kil\u00f3metros est\u00e1n pavimentados. Adem\u00e1s, cerca de 1.400 kil\u00f3metros [&hellip;]\" \/>\n<meta property=\"og:url\" content=\"https:\/\/www.eldiario.net\/portal\/2026\/06\/25\/velasco-propone-triplicar-vias-pavimentadas-en-santa-cruz-2\/\" \/>\n<meta property=\"og:site_name\" content=\"El Diario - Bolivia\" \/>\n<meta property=\"article:publisher\" content=\"https:\/\/www.facebook.com\/eldiario.bolivia\/\" \/>\n<meta property=\"article:published_time\" content=\"2026-06-25T05:12:27+00:00\" \/>\n<meta property=\"og:image\" content=\"https:\/\/www.eldiario.net\/portal\/wp-content\/uploads\/2026\/06\/VELASCO-FOTO.webp\" \/>\n\t<meta property=\"og:image:width\" content=\"1280\" \/>\n\t<meta property=\"og:image:height\" content=\"853\" \/>\n\t<meta property=\"og:image:type\" content=\"image\/webp\" \/>\n<meta name=\"author\" content=\"Jeanette\" \/>\n<meta name=\"twitter:card\" content=\"summary_large_image\" \/>\n<meta name=\"twitter:creator\" content=\"@eldiario_net\" \/>\n<meta name=\"twitter:site\" content=\"@eldiario_net\" \/>\n<meta name=\"twitter:label1\" content=\"Escrito por\" \/>\n\t<meta name=\"twitter:data1\" content=\"Jeanette\" \/>\n\t<meta name=\"twitter:label2\" content=\"Tiempo de lectura\" \/>\n\t<meta name=\"twitter:data2\" content=\"2 minutos\" \/>\n<script type=\"application\/ld+json\" class=\"yoast-schema-graph\">{\"@context\":\"https:\\\/\\\/schema.org\",\"@graph\":[{\"@type\":\"Article\",\"@id\":\"https:\\\/\\\/www.eldiario.net\\\/portal\\\/2026\\\/06\\\/25\\\/velasco-propone-triplicar-vias-pavimentadas-en-santa-cruz-2\\\/#article\",\"isPartOf\":{\"@id\":\"https:\\\/\\\/www.eldiario.net\\\/portal\\\/2026\\\/06\\\/25\\\/velasco-propone-triplicar-vias-pavimentadas-en-santa-cruz-2\\\/\"},\"author\":{\"name\":\"Jeanette\",\"@id\":\"https:\\\/\\\/www.eldiario.net\\\/portal\\\/#\\\/schema\\\/person\\\/f46445640444750d7d753ccd04ae01b7\"},\"headline\":\"Velasco propone triplicar v\u00edas pavimentadas en Santa Cruz\",\"datePublished\":\"2026-06-25T05:12:27+00:00\",\"mainEntityOfPage\":{\"@id\":\"https:\\\/\\\/www.eldiario.net\\\/portal\\\/2026\\\/06\\\/25\\\/velasco-propone-triplicar-vias-pavimentadas-en-santa-cruz-2\\\/\"},\"wordCount\":246,\"publisher\":{\"@id\":\"https:\\\/\\\/www.eldiario.net\\\/portal\\\/#organization\"},\"image\":{\"@id\":\"https:\\\/\\\/www.eldiario.net\\\/portal\\\/2026\\\/06\\\/25\\\/velasco-propone-triplicar-vias-pavimentadas-en-santa-cruz-2\\\/#primaryimage\"},\"thumbnailUrl\":\"https:\\\/\\\/www.eldiario.net\\\/portal\\\/wp-content\\\/uploads\\\/2026\\\/06\\\/VELASCO-FOTO.webp\",\"articleSection\":[\"Nacional\"],\"inLanguage\":\"es\"},{\"@type\":\"WebPage\",\"@id\":\"https:\\\/\\\/www.eldiario.net\\\/portal\\\/2026\\\/06\\\/25\\\/velasco-propone-triplicar-vias-pavimentadas-en-santa-cruz-2\\\/\",\"url\":\"https:\\\/\\\/www.eldiario.net\\\/portal\\\/2026\\\/06\\\/25\\\/velasco-propone-triplicar-vias-pavimentadas-en-santa-cruz-2\\\/\",\"name\":\"Velasco propone triplicar v\u00edas pavimentadas en Santa Cruz - El Diario - Bolivia\",\"isPartOf\":{\"@id\":\"https:\\\/\\\/www.eldiario.net\\\/portal\\\/#website\"},\"primaryImageOfPage\":{\"@id\":\"https:\\\/\\\/www.eldiario.net\\\/portal\\\/2026\\\/06\\\/25\\\/velasco-propone-triplicar-vias-pavimentadas-en-santa-cruz-2\\\/#primaryimage\"},\"image\":{\"@id\":\"https:\\\/\\\/www.eldiario.net\\\/portal\\\/2026\\\/06\\\/25\\\/velasco-propone-triplicar-vias-pavimentadas-en-santa-cruz-2\\\/#primaryimage\"},\"thumbnailUrl\":\"https:\\\/\\\/www.eldiario.net\\\/portal\\\/wp-content\\\/uploads\\\/2026\\\/06\\\/VELASCO-FOTO.webp\",\"datePublished\":\"2026-06-25T05:12:27+00:00\",\"breadcrumb\":{\"@id\":\"https:\\\/\\\/www.eldiario.net\\\/portal\\\/2026\\\/06\\\/25\\\/velasco-propone-triplicar-vias-pavimentadas-en-santa-cruz-2\\\/#breadcrumb\"},\"inLanguage\":\"es\",\"potentialAction\":[{\"@type\":\"ReadAction\",\"target\":[\"https:\\\/\\\/www.eldiario.net\\\/portal\\\/2026\\\/06\\\/25\\\/velasco-propone-triplicar-vias-pavimentadas-en-santa-cruz-2\\\/\"]}]},{\"@type\":\"ImageObject\",\"inLanguage\":\"es\",\"@id\":\"https:\\\/\\\/www.eldiario.net\\\/portal\\\/2026\\\/06\\\/25\\\/velasco-propone-triplicar-vias-pavimentadas-en-santa-cruz-2\\\/#primaryimage\",\"url\":\"https:\\\/\\\/www.eldiario.net\\\/portal\\\/wp-content\\\/uploads\\\/2026\\\/06\\\/VELASCO-FOTO.webp\",\"contentUrl\":\"https:\\\/\\\/www.eldiario.net\\\/portal\\\/wp-content\\\/uploads\\\/2026\\\/06\\\/VELASCO-FOTO.webp\",\"width\":1280,\"height\":853,\"caption\":\"SANTA CRUZ APUNTA A SER EL DEPARTAMENTO CON MAYOR N\u00daMERO DE CARRETERAS CON ASFALTO DEL PA\u00cdS. FOTO: GSTC\"},{\"@type\":\"BreadcrumbList\",\"@id\":\"https:\\\/\\\/www.eldiario.net\\\/portal\\\/2026\\\/06\\\/25\\\/velasco-propone-triplicar-vias-pavimentadas-en-santa-cruz-2\\\/#breadcrumb\",\"itemListElement\":[{\"@type\":\"ListItem\",\"position\":1,\"name\":\"Portada\",\"item\":\"https:\\\/\\\/www.eldiario.net\\\/portal\\\/\"},{\"@type\":\"ListItem\",\"position\":2,\"name\":\"Velasco propone triplicar v\u00edas pavimentadas en Santa Cruz\"}]},{\"@type\":\"WebSite\",\"@id\":\"https:\\\/\\\/www.eldiario.net\\\/portal\\\/#website\",\"url\":\"https:\\\/\\\/www.eldiario.net\\\/portal\\\/\",\"name\":\"El Diario - Decano de la prensa nacional\",\"description\":\"El Diario - Decano de la prensa nacional\",\"publisher\":{\"@id\":\"https:\\\/\\\/www.eldiario.net\\\/portal\\\/#organization\"},\"potentialAction\":[{\"@type\":\"SearchAction\",\"target\":{\"@type\":\"EntryPoint\",\"urlTemplate\":\"https:\\\/\\\/www.eldiario.net\\\/portal\\\/?s={search_term_string}\"},\"query-input\":{\"@type\":\"PropertyValueSpecification\",\"valueRequired\":true,\"valueName\":\"search_term_string\"}}],\"inLanguage\":\"es\"},{\"@type\":\"Organization\",\"@id\":\"https:\\\/\\\/www.eldiario.net\\\/portal\\\/#organization\",\"name\":\"El Diario - Decano de la prensa nacional\",\"url\":\"https:\\\/\\\/www.eldiario.net\\\/portal\\\/\",\"logo\":{\"@type\":\"ImageObject\",\"inLanguage\":\"es\",\"@id\":\"https:\\\/\\\/www.eldiario.net\\\/portal\\\/#\\\/schema\\\/logo\\\/image\\\/\",\"url\":\"https:\\\/\\\/www.eldiario.net\\\/portal\\\/wp-content\\\/uploads\\\/2023\\\/07\\\/logo_ED.jpg\",\"contentUrl\":\"https:\\\/\\\/www.eldiario.net\\\/portal\\\/wp-content\\\/uploads\\\/2023\\\/07\\\/logo_ED.jpg\",\"width\":272,\"height\":52,\"caption\":\"El Diario - Decano de la prensa nacional\"},\"image\":{\"@id\":\"https:\\\/\\\/www.eldiario.net\\\/portal\\\/#\\\/schema\\\/logo\\\/image\\\/\"},\"sameAs\":[\"https:\\\/\\\/www.facebook.com\\\/eldiario.bolivia\\\/\",\"https:\\\/\\\/x.com\\\/eldiario_net\"]},{\"@type\":\"Person\",\"@id\":\"https:\\\/\\\/www.eldiario.net\\\/portal\\\/#\\\/schema\\\/person\\\/f46445640444750d7d753ccd04ae01b7\",\"name\":\"Jeanette\",\"image\":{\"@type\":\"ImageObject\",\"inLanguage\":\"es\",\"@id\":\"https:\\\/\\\/secure.gravatar.com\\\/avatar\\\/3ea2118a5f7dad2b7138b1187a6b7ee55f160b9968b66013c3a3ef39dd7e5798?s=96&d=mm&r=g\",\"url\":\"https:\\\/\\\/secure.gravatar.com\\\/avatar\\\/3ea2118a5f7dad2b7138b1187a6b7ee55f160b9968b66013c3a3ef39dd7e5798?s=96&d=mm&r=g\",\"contentUrl\":\"https:\\\/\\\/secure.gravatar.com\\\/avatar\\\/3ea2118a5f7dad2b7138b1187a6b7ee55f160b9968b66013c3a3ef39dd7e5798?s=96&d=mm&r=g\",\"caption\":\"Jeanette\"},\"sameAs\":[\"https:\\\/\\\/www.eldiario.net\\\/portal\"],\"url\":\"https:\\\/\\\/www.eldiario.net\\\/portal\\\/author\\\/jeanette\\\/\"}]}<\/script>\n<!-- \/ Yoast SEO plugin. -->","yoast_head_json":{"title":"Velasco propone triplicar v\u00edas pavimentadas en Santa Cruz - El Diario - Bolivia","robots":{"index":"index","follow":"follow","max-snippet":"max-snippet:-1","max-image-preview":"max-image-preview:large","max-video-preview":"max-video-preview:-1"},"canonical":"https:\/\/www.eldiario.net\/portal\/2026\/06\/25\/velasco-propone-triplicar-vias-pavimentadas-en-santa-cruz-2\/","og_locale":"es_ES","og_type":"article","og_title":"Velasco propone triplicar v\u00edas pavimentadas en Santa Cruz - El Diario - Bolivia","og_description":"El gobernador de Santa Cruz, Juan Pablo Velasco, plante\u00f3 como objetivo de gesti\u00f3n triplicar la cantidad de carreteras departamentales pavimentadas, tras advertir deficiencias en la red vial del departamento. Seg\u00fan la autoridad, Santa Cruz cuenta con aproximadamente 6.200 kil\u00f3metros de carreteras departamentales, de los cuales solo 325 kil\u00f3metros est\u00e1n pavimentados. Adem\u00e1s, cerca de 1.400 kil\u00f3metros [&hellip;]","og_url":"https:\/\/www.eldiario.net\/portal\/2026\/06\/25\/velasco-propone-triplicar-vias-pavimentadas-en-santa-cruz-2\/","og_site_name":"El Diario - Bolivia","article_publisher":"https:\/\/www.facebook.com\/eldiario.bolivia\/","article_published_time":"2026-06-25T05:12:27+00:00","og_image":[{"width":1280,"height":853,"url":"https:\/\/www.eldiario.net\/portal\/wp-content\/uploads\/2026\/06\/VELASCO-FOTO.webp","type":"image\/webp"}],"author":"Jeanette","twitter_card":"summary_large_image","twitter_creator":"@eldiario_net","twitter_site":"@eldiario_net","twitter_misc":{"Escrito por":"Jeanette","Tiempo de lectura":"2 minutos"},"schema":{"@context":"https:\/\/schema.org","@graph":[{"@type":"Article","@id":"https:\/\/www.eldiario.net\/portal\/2026\/06\/25\/velasco-propone-triplicar-vias-pavimentadas-en-santa-cruz-2\/#article","isPartOf":{"@id":"https:\/\/www.eldiario.net\/portal\/2026\/06\/25\/velasco-propone-triplicar-vias-pavimentadas-en-santa-cruz-2\/"},"author":{"name":"Jeanette","@id":"https:\/\/www.eldiario.net\/portal\/#\/schema\/person\/f46445640444750d7d753ccd04ae01b7"},"headline":"Velasco propone triplicar v\u00edas pavimentadas en Santa Cruz","datePublished":"2026-06-25T05:12:27+00:00","mainEntityOfPage":{"@id":"https:\/\/www.eldiario.net\/portal\/2026\/06\/25\/velasco-propone-triplicar-vias-pavimentadas-en-santa-cruz-2\/"},"wordCount":246,"publisher":{"@id":"https:\/\/www.eldiario.net\/portal\/#organization"},"image":{"@id":"https:\/\/www.eldiario.net\/portal\/2026\/06\/25\/velasco-propone-triplicar-vias-pavimentadas-en-santa-cruz-2\/#primaryimage"},"thumbnailUrl":"https:\/\/www.eldiario.net\/portal\/wp-content\/uploads\/2026\/06\/VELASCO-FOTO.webp","articleSection":["Nacional"],"inLanguage":"es"},{"@type":"WebPage","@id":"https:\/\/www.eldiario.net\/portal\/2026\/06\/25\/velasco-propone-triplicar-vias-pavimentadas-en-santa-cruz-2\/","url":"https:\/\/www.eldiario.net\/portal\/2026\/06\/25\/velasco-propone-triplicar-vias-pavimentadas-en-santa-cruz-2\/","name":"Velasco propone triplicar v\u00edas pavimentadas en Santa Cruz - El Diario - Bolivia","isPartOf":{"@id":"https:\/\/www.eldiario.net\/portal\/#website"},"primaryImageOfPage":{"@id":"https:\/\/www.eldiario.net\/portal\/2026\/06\/25\/velasco-propone-triplicar-vias-pavimentadas-en-santa-cruz-2\/#primaryimage"},"image":{"@id":"https:\/\/www.eldiario.net\/portal\/2026\/06\/25\/velasco-propone-triplicar-vias-pavimentadas-en-santa-cruz-2\/#primaryimage"},"thumbnailUrl":"https:\/\/www.eldiario.net\/portal\/wp-content\/uploads\/2026\/06\/VELASCO-FOTO.webp","datePublished":"2026-06-25T05:12:27+00:00","breadcrumb":{"@id":"https:\/\/www.eldiario.net\/portal\/2026\/06\/25\/velasco-propone-triplicar-vias-pavimentadas-en-santa-cruz-2\/#breadcrumb"},"inLanguage":"es","potentialAction":[{"@type":"ReadAction","target":["https:\/\/www.eldiario.net\/portal\/2026\/06\/25\/velasco-propone-triplicar-vias-pavimentadas-en-santa-cruz-2\/"]}]},{"@type":"ImageObject","inLanguage":"es","@id":"https:\/\/www.eldiario.net\/portal\/2026\/06\/25\/velasco-propone-triplicar-vias-pavimentadas-en-santa-cruz-2\/#primaryimage","url":"https:\/\/www.eldiario.net\/portal\/wp-content\/uploads\/2026\/06\/VELASCO-FOTO.webp","contentUrl":"https:\/\/www.eldiario.net\/portal\/wp-content\/uploads\/2026\/06\/VELASCO-FOTO.webp","width":1280,"height":853,"caption":"SANTA CRUZ APUNTA A SER EL DEPARTAMENTO CON MAYOR N\u00daMERO DE CARRETERAS CON ASFALTO DEL PA\u00cdS. FOTO: GSTC"},{"@type":"BreadcrumbList","@id":"https:\/\/www.eldiario.net\/portal\/2026\/06\/25\/velasco-propone-triplicar-vias-pavimentadas-en-santa-cruz-2\/#breadcrumb","itemListElement":[{"@type":"ListItem","position":1,"name":"Portada","item":"https:\/\/www.eldiario.net\/portal\/"},{"@type":"ListItem","position":2,"name":"Velasco propone triplicar v\u00edas pavimentadas en Santa Cruz"}]},{"@type":"WebSite","@id":"https:\/\/www.eldiario.net\/portal\/#website","url":"https:\/\/www.eldiario.net\/portal\/","name":"El Diario - Decano de la prensa nacional","description":"El Diario - Decano de la prensa nacional","publisher":{"@id":"https:\/\/www.eldiario.net\/portal\/#organization"},"potentialAction":[{"@type":"SearchAction","target":{"@type":"EntryPoint","urlTemplate":"https:\/\/www.eldiario.net\/portal\/?s={search_term_string}"},"query-input":{"@type":"PropertyValueSpecification","valueRequired":true,"valueName":"search_term_string"}}],"inLanguage":"es"},{"@type":"Organization","@id":"https:\/\/www.eldiario.net\/portal\/#organization","name":"El Diario - Decano de la prensa nacional","url":"https:\/\/www.eldiario.net\/portal\/","logo":{"@type":"ImageObject","inLanguage":"es","@id":"https:\/\/www.eldiario.net\/portal\/#\/schema\/logo\/image\/","url":"https:\/\/www.eldiario.net\/portal\/wp-content\/uploads\/2023\/07\/logo_ED.jpg","contentUrl":"https:\/\/www.eldiario.net\/portal\/wp-content\/uploads\/2023\/07\/logo_ED.jpg","width":272,"height":52,"caption":"El Diario - Decano de la prensa nacional"},"image":{"@id":"https:\/\/www.eldiario.net\/portal\/#\/schema\/logo\/image\/"},"sameAs":["https:\/\/www.facebook.com\/eldiario.bolivia\/","https:\/\/x.com\/eldiario_net"]},{"@type":"Person","@id":"https:\/\/www.eldiario.net\/portal\/#\/schema\/person\/f46445640444750d7d753ccd04ae01b7","name":"Jeanette","image":{"@type":"ImageObject","inLanguage":"es","@id":"https:\/\/secure.gravatar.com\/avatar\/3ea2118a5f7dad2b7138b1187a6b7ee55f160b9968b66013c3a3ef39dd7e5798?s=96&d=mm&r=g","url":"https:\/\/secure.gravatar.com\/avatar\/3ea2118a5f7dad2b7138b1187a6b7ee55f160b9968b66013c3a3ef39dd7e5798?s=96&d=mm&r=g","contentUrl":"https:\/\/secure.gravatar.com\/avatar\/3ea2118a5f7dad2b7138b1187a6b7ee55f160b9968b66013c3a3ef39dd7e5798?s=96&d=mm&r=g","caption":"Jeanette"},"sameAs":["https:\/\/www.eldiario.net\/portal"],"url":"https:\/\/www.eldiario.net\/portal\/author\/jeanette\/"}]}},"_links":{"self":[{"href":"https:\/\/www.eldiario.net\/portal\/wp-json\/wp\/v2\/posts\/406842","targetHints":{"allow":["GET"]}}],"collection":[{"href":"https:\/\/www.eldiario.net\/portal\/wp-json\/wp\/v2\/posts"}],"about":[{"href":"https:\/\/www.eldiario.net\/portal\/wp-json\/wp\/v2\/types\/post"}],"author":[{"embeddable":true,"href":"https:\/\/www.eldiario.net\/portal\/wp-json\/wp\/v2\/users\/1"}],"replies":[{"embeddable":true,"href":"https:\/\/www.eldiario.net\/portal\/wp-json\/wp\/v2\/comments?post=406842"}],"version-history":[{"count":1,"href":"https:\/\/www.eldiario.net\/portal\/wp-json\/wp\/v2\/posts\/406842\/revisions"}],"predecessor-version":[{"id":406844,"href":"https:\/\/www.eldiario.net\/portal\/wp-json\/wp\/v2\/posts\/406842\/revisions\/406844"}],"wp:featuredmedia":[{"embeddable":true,"href":"https:\/\/www.eldiario.net\/portal\/wp-json\/wp\/v2\/media\/406843"}],"wp:attachment":[{"href":"https:\/\/www.eldiario.net\/portal\/wp-json\/wp\/v2\/media?parent=406842"}],"wp:term":[{"taxonomy":"category","embeddable":true,"href":"https:\/\/www.eldiario.net\/portal\/wp-json\/wp\/v2\/categories?post=406842"},{"taxonomy":"post_tag","embeddable":true,"href":"https:\/\/www.eldiario.net\/portal\/wp-json\/wp\/v2\/tags?post=406842"}],"curies":[{"name":"wp","href":"https:\/\/api.w.org\/{rel}","templated":true}]}}