{"id":406839,"date":"2026-06-25T01:08:38","date_gmt":"2026-06-25T05:08:38","guid":{"rendered":"https:\/\/www.eldiario.net\/portal\/?p=406839"},"modified":"2026-06-24T23:09:10","modified_gmt":"2026-06-25T03:09:10","slug":"intervienen-198-fogatas-en-la-noche-de-san-juan-2","status":"publish","type":"post","link":"https:\/\/www.eldiario.net\/portal\/2026\/06\/25\/intervienen-198-fogatas-en-la-noche-de-san-juan-2\/","title":{"rendered":"Intervienen 198 fogatas  en la noche de San Juan"},"content":{"rendered":"<p>Durante los operativos de control por San Juan, personal del municipio alte\u00f1o intervino 198 fogatas en distintos sectores de la urbe. Los controles fueron realizados por brigadas que se desplazaron en los 14 distritos de la ciudad de El Alto, inform\u00f3 la secretaria municipal de Medio Ambiente, Nayra Flores.<\/p>\n<p>\u201cRealizamos 14 operativos alrededor de nuestro municipio de El Alto, hemos tenido un reporte de 198 fogatas intervenidas y apagadas\u201d, se\u00f1al\u00f3 la autoridad municipal.<\/p>\n<p>La secretaria edil destac\u00f3 que el \u00edndice de calidad del aire alcanz\u00f3 72,7 puntos, considerado regular, y se\u00f1al\u00f3 que existe una mejora en comparaci\u00f3n con la gesti\u00f3n pasada, reflejando una mayor conciencia ambiental de la poblaci\u00f3n.<\/p>\n<p>\u201cHacemos un control del \u00cdndice de Calidad de Aire a trav\u00e9s de nuestra Red M\u00f3nica tenemos tres estaciones y las cuales han resultado con un valor de 72,7 el cual ha sido una mejora en relaci\u00f3n al a\u00f1o pasado, que ha sido 83\u201d, detall\u00f3.<\/p>\n<p>Flores agradeci\u00f3 el trabajo coordinado entre la Secretar\u00eda de Seguridad Ciudadana, la Polic\u00eda y Bomberos. Adem\u00e1s, destac\u00f3 la concienciaci\u00f3n ambiental de la poblaci\u00f3n, ya que la cantidad de fogatas fue menor y tambi\u00e9n se advirti\u00f3 menos incidencia con el tema de uso de fuegos artificiales, hechos que ayudaron a proteger el medio ambiente, las mascotas y las familias.<\/p>\n<p>La funcionaria edil, explic\u00f3 que, \u201cdentro del \u00cdndice de Calidad de Aire, tenemos un rango de 50 a 100 que es aire regular y de 0 a 50 que es un aire bueno\u201d.<\/p>\n<p>Entre la noche del martes y las primeras horas de ayer, \u201cel horario m\u00e1s cr\u00edtico fue a medianoche, despu\u00e9s de hacer la medici\u00f3n, antes, durante y despu\u00e9s de este horario, se promedi\u00f3 y se obtuvo 72,7, que quiere decir un aire regular menos incidente, cada a\u00f1o va a rebajando. El a\u00f1o pasado hubo 379 fogatas y este a\u00f1o 198, entonces hay un porcentaje de 45 por ciento menos\u201d, apunt\u00f3 Flores.<\/p>\n<p>Record\u00f3 adem\u00e1s que la Ordenanza Municipal 139\/2013 establece multas de Bs 1.000 por encender fogatas y destac\u00f3 los controles realizados a la venta de embutidos y juegos pirot\u00e9cnicos.<\/p>\n","protected":false},"excerpt":{"rendered":"<p>Durante los operativos de control por San Juan, personal del municipio alte\u00f1o intervino 198 fogatas en distintos sectores de la urbe. Los controles fueron realizados por brigadas que se desplazaron en los 14 distritos de la ciudad de El Alto, inform\u00f3 la secretaria municipal de Medio Ambiente, Nayra Flores. \u201cRealizamos 14 operativos alrededor de nuestro [&hellip;]<\/p>\n","protected":false},"author":1,"featured_media":406840,"comment_status":"closed","ping_status":"open","sticky":false,"template":"","format":"standard","meta":{"_acf_changed":false,"footnotes":""},"categories":[12],"tags":[],"class_list":["post-406839","post","type-post","status-publish","format-standard","has-post-thumbnail","category-nacional"],"acf":{"antetitulo":"En 14 distritos "},"yoast_head":"<!-- This site is optimized with the Yoast SEO plugin v28.4 - https:\/\/yoast.com\/product\/yoast-seo-wordpress\/ -->\n<title>Intervienen 198 fogatas en la noche de San Juan - El Diario - Bolivia<\/title>\n<meta name=\"robots\" content=\"index, follow, max-snippet:-1, max-image-preview:large, max-video-preview:-1\" \/>\n<link rel=\"canonical\" href=\"https:\/\/www.eldiario.net\/portal\/2026\/06\/25\/intervienen-198-fogatas-en-la-noche-de-san-juan-2\/\" \/>\n<meta property=\"og:locale\" content=\"es_ES\" \/>\n<meta property=\"og:type\" content=\"article\" \/>\n<meta property=\"og:title\" content=\"Intervienen 198 fogatas en la noche de San Juan - El Diario - Bolivia\" \/>\n<meta property=\"og:description\" content=\"Durante los operativos de control por San Juan, personal del municipio alte\u00f1o intervino 198 fogatas en distintos sectores de la urbe. Los controles fueron realizados por brigadas que se desplazaron en los 14 distritos de la ciudad de El Alto, inform\u00f3 la secretaria municipal de Medio Ambiente, Nayra Flores. \u201cRealizamos 14 operativos alrededor de nuestro [&hellip;]\" \/>\n<meta property=\"og:url\" content=\"https:\/\/www.eldiario.net\/portal\/2026\/06\/25\/intervienen-198-fogatas-en-la-noche-de-san-juan-2\/\" \/>\n<meta property=\"og:site_name\" content=\"El Diario - Bolivia\" \/>\n<meta property=\"article:publisher\" content=\"https:\/\/www.facebook.com\/eldiario.bolivia\/\" \/>\n<meta property=\"article:published_time\" content=\"2026-06-25T05:08:38+00:00\" \/>\n<meta property=\"og:image\" content=\"https:\/\/www.eldiario.net\/portal\/wp-content\/uploads\/2026\/06\/FOGATAS-FOTO.webp\" \/>\n\t<meta property=\"og:image:width\" content=\"960\" \/>\n\t<meta property=\"og:image:height\" content=\"989\" \/>\n\t<meta property=\"og:image:type\" content=\"image\/webp\" \/>\n<meta name=\"author\" content=\"Jeanette\" \/>\n<meta name=\"twitter:card\" content=\"summary_large_image\" \/>\n<meta name=\"twitter:creator\" content=\"@eldiario_net\" \/>\n<meta name=\"twitter:site\" content=\"@eldiario_net\" \/>\n<meta name=\"twitter:label1\" content=\"Escrito por\" \/>\n\t<meta name=\"twitter:data1\" content=\"Jeanette\" \/>\n\t<meta name=\"twitter:label2\" content=\"Tiempo de lectura\" \/>\n\t<meta name=\"twitter:data2\" content=\"2 minutos\" \/>\n<script type=\"application\/ld+json\" class=\"yoast-schema-graph\">{\"@context\":\"https:\\\/\\\/schema.org\",\"@graph\":[{\"@type\":\"Article\",\"@id\":\"https:\\\/\\\/www.eldiario.net\\\/portal\\\/2026\\\/06\\\/25\\\/intervienen-198-fogatas-en-la-noche-de-san-juan-2\\\/#article\",\"isPartOf\":{\"@id\":\"https:\\\/\\\/www.eldiario.net\\\/portal\\\/2026\\\/06\\\/25\\\/intervienen-198-fogatas-en-la-noche-de-san-juan-2\\\/\"},\"author\":{\"name\":\"Jeanette\",\"@id\":\"https:\\\/\\\/www.eldiario.net\\\/portal\\\/#\\\/schema\\\/person\\\/f46445640444750d7d753ccd04ae01b7\"},\"headline\":\"Intervienen 198 fogatas en la noche de San Juan\",\"datePublished\":\"2026-06-25T05:08:38+00:00\",\"mainEntityOfPage\":{\"@id\":\"https:\\\/\\\/www.eldiario.net\\\/portal\\\/2026\\\/06\\\/25\\\/intervienen-198-fogatas-en-la-noche-de-san-juan-2\\\/\"},\"wordCount\":359,\"publisher\":{\"@id\":\"https:\\\/\\\/www.eldiario.net\\\/portal\\\/#organization\"},\"image\":{\"@id\":\"https:\\\/\\\/www.eldiario.net\\\/portal\\\/2026\\\/06\\\/25\\\/intervienen-198-fogatas-en-la-noche-de-san-juan-2\\\/#primaryimage\"},\"thumbnailUrl\":\"https:\\\/\\\/www.eldiario.net\\\/portal\\\/wp-content\\\/uploads\\\/2026\\\/06\\\/FOGATAS-FOTO.webp\",\"articleSection\":[\"Nacional\"],\"inLanguage\":\"es\"},{\"@type\":\"WebPage\",\"@id\":\"https:\\\/\\\/www.eldiario.net\\\/portal\\\/2026\\\/06\\\/25\\\/intervienen-198-fogatas-en-la-noche-de-san-juan-2\\\/\",\"url\":\"https:\\\/\\\/www.eldiario.net\\\/portal\\\/2026\\\/06\\\/25\\\/intervienen-198-fogatas-en-la-noche-de-san-juan-2\\\/\",\"name\":\"Intervienen 198 fogatas en la noche de San Juan - El Diario - Bolivia\",\"isPartOf\":{\"@id\":\"https:\\\/\\\/www.eldiario.net\\\/portal\\\/#website\"},\"primaryImageOfPage\":{\"@id\":\"https:\\\/\\\/www.eldiario.net\\\/portal\\\/2026\\\/06\\\/25\\\/intervienen-198-fogatas-en-la-noche-de-san-juan-2\\\/#primaryimage\"},\"image\":{\"@id\":\"https:\\\/\\\/www.eldiario.net\\\/portal\\\/2026\\\/06\\\/25\\\/intervienen-198-fogatas-en-la-noche-de-san-juan-2\\\/#primaryimage\"},\"thumbnailUrl\":\"https:\\\/\\\/www.eldiario.net\\\/portal\\\/wp-content\\\/uploads\\\/2026\\\/06\\\/FOGATAS-FOTO.webp\",\"datePublished\":\"2026-06-25T05:08:38+00:00\",\"breadcrumb\":{\"@id\":\"https:\\\/\\\/www.eldiario.net\\\/portal\\\/2026\\\/06\\\/25\\\/intervienen-198-fogatas-en-la-noche-de-san-juan-2\\\/#breadcrumb\"},\"inLanguage\":\"es\",\"potentialAction\":[{\"@type\":\"ReadAction\",\"target\":[\"https:\\\/\\\/www.eldiario.net\\\/portal\\\/2026\\\/06\\\/25\\\/intervienen-198-fogatas-en-la-noche-de-san-juan-2\\\/\"]}]},{\"@type\":\"ImageObject\",\"inLanguage\":\"es\",\"@id\":\"https:\\\/\\\/www.eldiario.net\\\/portal\\\/2026\\\/06\\\/25\\\/intervienen-198-fogatas-en-la-noche-de-san-juan-2\\\/#primaryimage\",\"url\":\"https:\\\/\\\/www.eldiario.net\\\/portal\\\/wp-content\\\/uploads\\\/2026\\\/06\\\/FOGATAS-FOTO.webp\",\"contentUrl\":\"https:\\\/\\\/www.eldiario.net\\\/portal\\\/wp-content\\\/uploads\\\/2026\\\/06\\\/FOGATAS-FOTO.webp\",\"width\":960,\"height\":989,\"caption\":\"Las intervenciones realizadas por el municipio. Cr\u00e9dito: Gamea\"},{\"@type\":\"BreadcrumbList\",\"@id\":\"https:\\\/\\\/www.eldiario.net\\\/portal\\\/2026\\\/06\\\/25\\\/intervienen-198-fogatas-en-la-noche-de-san-juan-2\\\/#breadcrumb\",\"itemListElement\":[{\"@type\":\"ListItem\",\"position\":1,\"name\":\"Portada\",\"item\":\"https:\\\/\\\/www.eldiario.net\\\/portal\\\/\"},{\"@type\":\"ListItem\",\"position\":2,\"name\":\"Intervienen 198 fogatas en la noche de San Juan\"}]},{\"@type\":\"WebSite\",\"@id\":\"https:\\\/\\\/www.eldiario.net\\\/portal\\\/#website\",\"url\":\"https:\\\/\\\/www.eldiario.net\\\/portal\\\/\",\"name\":\"El Diario - Decano de la prensa nacional\",\"description\":\"El Diario - Decano de la prensa nacional\",\"publisher\":{\"@id\":\"https:\\\/\\\/www.eldiario.net\\\/portal\\\/#organization\"},\"potentialAction\":[{\"@type\":\"SearchAction\",\"target\":{\"@type\":\"EntryPoint\",\"urlTemplate\":\"https:\\\/\\\/www.eldiario.net\\\/portal\\\/?s={search_term_string}\"},\"query-input\":{\"@type\":\"PropertyValueSpecification\",\"valueRequired\":true,\"valueName\":\"search_term_string\"}}],\"inLanguage\":\"es\"},{\"@type\":\"Organization\",\"@id\":\"https:\\\/\\\/www.eldiario.net\\\/portal\\\/#organization\",\"name\":\"El Diario - Decano de la prensa nacional\",\"url\":\"https:\\\/\\\/www.eldiario.net\\\/portal\\\/\",\"logo\":{\"@type\":\"ImageObject\",\"inLanguage\":\"es\",\"@id\":\"https:\\\/\\\/www.eldiario.net\\\/portal\\\/#\\\/schema\\\/logo\\\/image\\\/\",\"url\":\"https:\\\/\\\/www.eldiario.net\\\/portal\\\/wp-content\\\/uploads\\\/2023\\\/07\\\/logo_ED.jpg\",\"contentUrl\":\"https:\\\/\\\/www.eldiario.net\\\/portal\\\/wp-content\\\/uploads\\\/2023\\\/07\\\/logo_ED.jpg\",\"width\":272,\"height\":52,\"caption\":\"El Diario - Decano de la prensa nacional\"},\"image\":{\"@id\":\"https:\\\/\\\/www.eldiario.net\\\/portal\\\/#\\\/schema\\\/logo\\\/image\\\/\"},\"sameAs\":[\"https:\\\/\\\/www.facebook.com\\\/eldiario.bolivia\\\/\",\"https:\\\/\\\/x.com\\\/eldiario_net\"]},{\"@type\":\"Person\",\"@id\":\"https:\\\/\\\/www.eldiario.net\\\/portal\\\/#\\\/schema\\\/person\\\/f46445640444750d7d753ccd04ae01b7\",\"name\":\"Jeanette\",\"image\":{\"@type\":\"ImageObject\",\"inLanguage\":\"es\",\"@id\":\"https:\\\/\\\/secure.gravatar.com\\\/avatar\\\/3ea2118a5f7dad2b7138b1187a6b7ee55f160b9968b66013c3a3ef39dd7e5798?s=96&d=mm&r=g\",\"url\":\"https:\\\/\\\/secure.gravatar.com\\\/avatar\\\/3ea2118a5f7dad2b7138b1187a6b7ee55f160b9968b66013c3a3ef39dd7e5798?s=96&d=mm&r=g\",\"contentUrl\":\"https:\\\/\\\/secure.gravatar.com\\\/avatar\\\/3ea2118a5f7dad2b7138b1187a6b7ee55f160b9968b66013c3a3ef39dd7e5798?s=96&d=mm&r=g\",\"caption\":\"Jeanette\"},\"sameAs\":[\"https:\\\/\\\/www.eldiario.net\\\/portal\"],\"url\":\"https:\\\/\\\/www.eldiario.net\\\/portal\\\/author\\\/jeanette\\\/\"}]}<\/script>\n<!-- \/ Yoast SEO plugin. -->","yoast_head_json":{"title":"Intervienen 198 fogatas en la noche de San Juan - El Diario - Bolivia","robots":{"index":"index","follow":"follow","max-snippet":"max-snippet:-1","max-image-preview":"max-image-preview:large","max-video-preview":"max-video-preview:-1"},"canonical":"https:\/\/www.eldiario.net\/portal\/2026\/06\/25\/intervienen-198-fogatas-en-la-noche-de-san-juan-2\/","og_locale":"es_ES","og_type":"article","og_title":"Intervienen 198 fogatas en la noche de San Juan - El Diario - Bolivia","og_description":"Durante los operativos de control por San Juan, personal del municipio alte\u00f1o intervino 198 fogatas en distintos sectores de la urbe. Los controles fueron realizados por brigadas que se desplazaron en los 14 distritos de la ciudad de El Alto, inform\u00f3 la secretaria municipal de Medio Ambiente, Nayra Flores. \u201cRealizamos 14 operativos alrededor de nuestro [&hellip;]","og_url":"https:\/\/www.eldiario.net\/portal\/2026\/06\/25\/intervienen-198-fogatas-en-la-noche-de-san-juan-2\/","og_site_name":"El Diario - Bolivia","article_publisher":"https:\/\/www.facebook.com\/eldiario.bolivia\/","article_published_time":"2026-06-25T05:08:38+00:00","og_image":[{"width":960,"height":989,"url":"https:\/\/www.eldiario.net\/portal\/wp-content\/uploads\/2026\/06\/FOGATAS-FOTO.webp","type":"image\/webp"}],"author":"Jeanette","twitter_card":"summary_large_image","twitter_creator":"@eldiario_net","twitter_site":"@eldiario_net","twitter_misc":{"Escrito por":"Jeanette","Tiempo de lectura":"2 minutos"},"schema":{"@context":"https:\/\/schema.org","@graph":[{"@type":"Article","@id":"https:\/\/www.eldiario.net\/portal\/2026\/06\/25\/intervienen-198-fogatas-en-la-noche-de-san-juan-2\/#article","isPartOf":{"@id":"https:\/\/www.eldiario.net\/portal\/2026\/06\/25\/intervienen-198-fogatas-en-la-noche-de-san-juan-2\/"},"author":{"name":"Jeanette","@id":"https:\/\/www.eldiario.net\/portal\/#\/schema\/person\/f46445640444750d7d753ccd04ae01b7"},"headline":"Intervienen 198 fogatas en la noche de San Juan","datePublished":"2026-06-25T05:08:38+00:00","mainEntityOfPage":{"@id":"https:\/\/www.eldiario.net\/portal\/2026\/06\/25\/intervienen-198-fogatas-en-la-noche-de-san-juan-2\/"},"wordCount":359,"publisher":{"@id":"https:\/\/www.eldiario.net\/portal\/#organization"},"image":{"@id":"https:\/\/www.eldiario.net\/portal\/2026\/06\/25\/intervienen-198-fogatas-en-la-noche-de-san-juan-2\/#primaryimage"},"thumbnailUrl":"https:\/\/www.eldiario.net\/portal\/wp-content\/uploads\/2026\/06\/FOGATAS-FOTO.webp","articleSection":["Nacional"],"inLanguage":"es"},{"@type":"WebPage","@id":"https:\/\/www.eldiario.net\/portal\/2026\/06\/25\/intervienen-198-fogatas-en-la-noche-de-san-juan-2\/","url":"https:\/\/www.eldiario.net\/portal\/2026\/06\/25\/intervienen-198-fogatas-en-la-noche-de-san-juan-2\/","name":"Intervienen 198 fogatas en la noche de San Juan - El Diario - Bolivia","isPartOf":{"@id":"https:\/\/www.eldiario.net\/portal\/#website"},"primaryImageOfPage":{"@id":"https:\/\/www.eldiario.net\/portal\/2026\/06\/25\/intervienen-198-fogatas-en-la-noche-de-san-juan-2\/#primaryimage"},"image":{"@id":"https:\/\/www.eldiario.net\/portal\/2026\/06\/25\/intervienen-198-fogatas-en-la-noche-de-san-juan-2\/#primaryimage"},"thumbnailUrl":"https:\/\/www.eldiario.net\/portal\/wp-content\/uploads\/2026\/06\/FOGATAS-FOTO.webp","datePublished":"2026-06-25T05:08:38+00:00","breadcrumb":{"@id":"https:\/\/www.eldiario.net\/portal\/2026\/06\/25\/intervienen-198-fogatas-en-la-noche-de-san-juan-2\/#breadcrumb"},"inLanguage":"es","potentialAction":[{"@type":"ReadAction","target":["https:\/\/www.eldiario.net\/portal\/2026\/06\/25\/intervienen-198-fogatas-en-la-noche-de-san-juan-2\/"]}]},{"@type":"ImageObject","inLanguage":"es","@id":"https:\/\/www.eldiario.net\/portal\/2026\/06\/25\/intervienen-198-fogatas-en-la-noche-de-san-juan-2\/#primaryimage","url":"https:\/\/www.eldiario.net\/portal\/wp-content\/uploads\/2026\/06\/FOGATAS-FOTO.webp","contentUrl":"https:\/\/www.eldiario.net\/portal\/wp-content\/uploads\/2026\/06\/FOGATAS-FOTO.webp","width":960,"height":989,"caption":"Las intervenciones realizadas por el municipio. Cr\u00e9dito: Gamea"},{"@type":"BreadcrumbList","@id":"https:\/\/www.eldiario.net\/portal\/2026\/06\/25\/intervienen-198-fogatas-en-la-noche-de-san-juan-2\/#breadcrumb","itemListElement":[{"@type":"ListItem","position":1,"name":"Portada","item":"https:\/\/www.eldiario.net\/portal\/"},{"@type":"ListItem","position":2,"name":"Intervienen 198 fogatas en la noche de San Juan"}]},{"@type":"WebSite","@id":"https:\/\/www.eldiario.net\/portal\/#website","url":"https:\/\/www.eldiario.net\/portal\/","name":"El Diario - Decano de la prensa nacional","description":"El Diario - Decano de la prensa nacional","publisher":{"@id":"https:\/\/www.eldiario.net\/portal\/#organization"},"potentialAction":[{"@type":"SearchAction","target":{"@type":"EntryPoint","urlTemplate":"https:\/\/www.eldiario.net\/portal\/?s={search_term_string}"},"query-input":{"@type":"PropertyValueSpecification","valueRequired":true,"valueName":"search_term_string"}}],"inLanguage":"es"},{"@type":"Organization","@id":"https:\/\/www.eldiario.net\/portal\/#organization","name":"El Diario - Decano de la prensa nacional","url":"https:\/\/www.eldiario.net\/portal\/","logo":{"@type":"ImageObject","inLanguage":"es","@id":"https:\/\/www.eldiario.net\/portal\/#\/schema\/logo\/image\/","url":"https:\/\/www.eldiario.net\/portal\/wp-content\/uploads\/2023\/07\/logo_ED.jpg","contentUrl":"https:\/\/www.eldiario.net\/portal\/wp-content\/uploads\/2023\/07\/logo_ED.jpg","width":272,"height":52,"caption":"El Diario - Decano de la prensa nacional"},"image":{"@id":"https:\/\/www.eldiario.net\/portal\/#\/schema\/logo\/image\/"},"sameAs":["https:\/\/www.facebook.com\/eldiario.bolivia\/","https:\/\/x.com\/eldiario_net"]},{"@type":"Person","@id":"https:\/\/www.eldiario.net\/portal\/#\/schema\/person\/f46445640444750d7d753ccd04ae01b7","name":"Jeanette","image":{"@type":"ImageObject","inLanguage":"es","@id":"https:\/\/secure.gravatar.com\/avatar\/3ea2118a5f7dad2b7138b1187a6b7ee55f160b9968b66013c3a3ef39dd7e5798?s=96&d=mm&r=g","url":"https:\/\/secure.gravatar.com\/avatar\/3ea2118a5f7dad2b7138b1187a6b7ee55f160b9968b66013c3a3ef39dd7e5798?s=96&d=mm&r=g","contentUrl":"https:\/\/secure.gravatar.com\/avatar\/3ea2118a5f7dad2b7138b1187a6b7ee55f160b9968b66013c3a3ef39dd7e5798?s=96&d=mm&r=g","caption":"Jeanette"},"sameAs":["https:\/\/www.eldiario.net\/portal"],"url":"https:\/\/www.eldiario.net\/portal\/author\/jeanette\/"}]}},"_links":{"self":[{"href":"https:\/\/www.eldiario.net\/portal\/wp-json\/wp\/v2\/posts\/406839","targetHints":{"allow":["GET"]}}],"collection":[{"href":"https:\/\/www.eldiario.net\/portal\/wp-json\/wp\/v2\/posts"}],"about":[{"href":"https:\/\/www.eldiario.net\/portal\/wp-json\/wp\/v2\/types\/post"}],"author":[{"embeddable":true,"href":"https:\/\/www.eldiario.net\/portal\/wp-json\/wp\/v2\/users\/1"}],"replies":[{"embeddable":true,"href":"https:\/\/www.eldiario.net\/portal\/wp-json\/wp\/v2\/comments?post=406839"}],"version-history":[{"count":1,"href":"https:\/\/www.eldiario.net\/portal\/wp-json\/wp\/v2\/posts\/406839\/revisions"}],"predecessor-version":[{"id":406841,"href":"https:\/\/www.eldiario.net\/portal\/wp-json\/wp\/v2\/posts\/406839\/revisions\/406841"}],"wp:featuredmedia":[{"embeddable":true,"href":"https:\/\/www.eldiario.net\/portal\/wp-json\/wp\/v2\/media\/406840"}],"wp:attachment":[{"href":"https:\/\/www.eldiario.net\/portal\/wp-json\/wp\/v2\/media?parent=406839"}],"wp:term":[{"taxonomy":"category","embeddable":true,"href":"https:\/\/www.eldiario.net\/portal\/wp-json\/wp\/v2\/categories?post=406839"},{"taxonomy":"post_tag","embeddable":true,"href":"https:\/\/www.eldiario.net\/portal\/wp-json\/wp\/v2\/tags?post=406839"}],"curies":[{"name":"wp","href":"https:\/\/api.w.org\/{rel}","templated":true}]}}