{"id":406836,"date":"2026-06-25T01:07:51","date_gmt":"2026-06-25T05:07:51","guid":{"rendered":"https:\/\/www.eldiario.net\/portal\/?p=406836"},"modified":"2026-06-24T23:08:31","modified_gmt":"2026-06-25T03:08:31","slug":"identifican-mas-de-700-luminarias-con-fallas-y-que-necesitan-mantenimiento","status":"publish","type":"post","link":"https:\/\/www.eldiario.net\/portal\/2026\/06\/25\/identifican-mas-de-700-luminarias-con-fallas-y-que-necesitan-mantenimiento\/","title":{"rendered":"Identifican m\u00e1s de 700 luminarias con fallas y que necesitan mantenimiento"},"content":{"rendered":"<p>Tras un verificativo realizado en el Distrito 8 de la urbe alte\u00f1a, se identificaron m\u00e1s de 700 luminarias afectadas y sin funcionamiento, que requieren el mantenimiento preventivo y correctivo para que vuelvan a funcionar e iluminar las calles, avenidas, plazas y sectores cerca de unidades educativas, entre otros espacios de este sector del municipio de El Alto.<\/p>\n<p>El subalcalde del Distrito 8 de El Alto, Sim\u00f3n Quispe, sostuvo que adem\u00e1s del mantenimiento, tambi\u00e9n se requiere el cambio e instalaci\u00f3n de luminarias en puntos estrat\u00e9gicos, con el fin de mitigar puntos oscuros y mantener las v\u00edas iluminadas.<\/p>\n<p>\u201cYa tenemos identificado, son m\u00e1s de 700 luminarias que requieren mantenimiento, el cambio de l\u00e1mparas, fotocontroles y otros accesorios. El plan de trabajo debe hacerse junto a los t\u00e9cnicos y tambi\u00e9n se debe pensar en el presupuesto junto a las centrales\u201d, inform\u00f3.<\/p>\n<p>Explic\u00f3 que en su distrito hay varias luminarias antiguas de luces amarillas que deben cambiarse por tecnolog\u00eda LED, que tienen mayor tiempo de vida \u00fatil. Record\u00f3 que cuando se cambiaron las luminarias en la avenida 6 de Marzo por las de LED, las antiguas luminarias fueron dotadas a diferentes urbanizaciones de su distrito como en la urbanizaci\u00f3n Mercedes.<\/p>\n<p>\u201cEn algunas urbanizaciones donde se han hecho cambio de luminarias, igual se ha recogido, esas mismas luminarias vuelven a salir a otras urbanizaciones. Entonces estas luminarias datan de cinco, 10, 15, e incluso hasta 20 a\u00f1os y de a poco pierden la vida \u00fatil como tambi\u00e9n ya no se tienen accesorios\u201d, detall\u00f3 el servidor p\u00fablico.<\/p>\n<p>Las l\u00e1mparas con fallas y que registran apagones fueron identificadas en las urbanizaciones Cristal 1, 27 de Abril, Unificada 2, Unificada Potos\u00ed, Villa Imperial, urbanizaciones Copacabana, 1, 2, 3, 4, 5 y 7, Las Nieves, 25 de julio, Atipiris, Los Pinos, Ventilla, Tarapac\u00e1, Pucarani y Senkata.<\/p>\n<p>\u201cSon m\u00e1s de 320 urbanizaciones consolidadas dentro del Distrito 8 que se caracteriza por sus seis subdistritos como es Central A, Central B, Ventilla, sector Copacabana, sector Sur, hablamos tambi\u00e9n de Mercedes, Mercedes que colinda con carretera a Viacha. Entonces del 100 por ciento, al menos, el 60 por ciento de las luminarias se encontraban en p\u00e9simas condiciones\u201d, asegur\u00f3.<\/p>\n<p>Quispe, mencion\u00f3 que se quiere fortalecer la seguridad ciudadana en su distrito y una de las maneras es mejorando la iluminaci\u00f3n en las diferentes calles y avenidas, porque una luminaria puede disuadir a los delincuentes a cometer sus fechor\u00edas.<\/p>\n","protected":false},"excerpt":{"rendered":"<p>Tras un verificativo realizado en el Distrito 8 de la urbe alte\u00f1a, se identificaron m\u00e1s de 700 luminarias afectadas y sin funcionamiento, que requieren el mantenimiento preventivo y correctivo para que vuelvan a funcionar e iluminar las calles, avenidas, plazas y sectores cerca de unidades educativas, entre otros espacios de este sector del municipio de [&hellip;]<\/p>\n","protected":false},"author":1,"featured_media":406837,"comment_status":"closed","ping_status":"open","sticky":false,"template":"","format":"standard","meta":{"_acf_changed":false,"footnotes":""},"categories":[12],"tags":[],"class_list":["post-406836","post","type-post","status-publish","format-standard","has-post-thumbnail","category-nacional"],"acf":{"antetitulo":"Subalcald\u00eda del Distrito 8 "},"yoast_head":"<!-- This site is optimized with the Yoast SEO plugin v28.4 - https:\/\/yoast.com\/product\/yoast-seo-wordpress\/ -->\n<title>Identifican m\u00e1s de 700 luminarias con fallas y que necesitan mantenimiento - El Diario - Bolivia<\/title>\n<meta name=\"robots\" content=\"index, follow, max-snippet:-1, max-image-preview:large, max-video-preview:-1\" \/>\n<link rel=\"canonical\" href=\"https:\/\/www.eldiario.net\/portal\/2026\/06\/25\/identifican-mas-de-700-luminarias-con-fallas-y-que-necesitan-mantenimiento\/\" \/>\n<meta property=\"og:locale\" content=\"es_ES\" \/>\n<meta property=\"og:type\" content=\"article\" \/>\n<meta property=\"og:title\" content=\"Identifican m\u00e1s de 700 luminarias con fallas y que necesitan mantenimiento - El Diario - Bolivia\" \/>\n<meta property=\"og:description\" content=\"Tras un verificativo realizado en el Distrito 8 de la urbe alte\u00f1a, se identificaron m\u00e1s de 700 luminarias afectadas y sin funcionamiento, que requieren el mantenimiento preventivo y correctivo para que vuelvan a funcionar e iluminar las calles, avenidas, plazas y sectores cerca de unidades educativas, entre otros espacios de este sector del municipio de [&hellip;]\" \/>\n<meta property=\"og:url\" content=\"https:\/\/www.eldiario.net\/portal\/2026\/06\/25\/identifican-mas-de-700-luminarias-con-fallas-y-que-necesitan-mantenimiento\/\" \/>\n<meta property=\"og:site_name\" content=\"El Diario - Bolivia\" \/>\n<meta property=\"article:publisher\" content=\"https:\/\/www.facebook.com\/eldiario.bolivia\/\" \/>\n<meta property=\"article:published_time\" content=\"2026-06-25T05:07:51+00:00\" \/>\n<meta property=\"og:image\" content=\"https:\/\/www.eldiario.net\/portal\/wp-content\/uploads\/2026\/06\/LUMINARIAS-FOTO.webp\" \/>\n\t<meta property=\"og:image:width\" content=\"1279\" \/>\n\t<meta property=\"og:image:height\" content=\"960\" \/>\n\t<meta property=\"og:image:type\" content=\"image\/webp\" \/>\n<meta name=\"author\" content=\"Jeanette\" \/>\n<meta name=\"twitter:card\" content=\"summary_large_image\" \/>\n<meta name=\"twitter:creator\" content=\"@eldiario_net\" \/>\n<meta name=\"twitter:site\" content=\"@eldiario_net\" \/>\n<meta name=\"twitter:label1\" content=\"Escrito por\" \/>\n\t<meta name=\"twitter:data1\" content=\"Jeanette\" \/>\n\t<meta name=\"twitter:label2\" content=\"Tiempo de lectura\" \/>\n\t<meta name=\"twitter:data2\" content=\"3 minutos\" \/>\n<script type=\"application\/ld+json\" class=\"yoast-schema-graph\">{\"@context\":\"https:\\\/\\\/schema.org\",\"@graph\":[{\"@type\":\"Article\",\"@id\":\"https:\\\/\\\/www.eldiario.net\\\/portal\\\/2026\\\/06\\\/25\\\/identifican-mas-de-700-luminarias-con-fallas-y-que-necesitan-mantenimiento\\\/#article\",\"isPartOf\":{\"@id\":\"https:\\\/\\\/www.eldiario.net\\\/portal\\\/2026\\\/06\\\/25\\\/identifican-mas-de-700-luminarias-con-fallas-y-que-necesitan-mantenimiento\\\/\"},\"author\":{\"name\":\"Jeanette\",\"@id\":\"https:\\\/\\\/www.eldiario.net\\\/portal\\\/#\\\/schema\\\/person\\\/f46445640444750d7d753ccd04ae01b7\"},\"headline\":\"Identifican m\u00e1s de 700 luminarias con fallas y que necesitan mantenimiento\",\"datePublished\":\"2026-06-25T05:07:51+00:00\",\"mainEntityOfPage\":{\"@id\":\"https:\\\/\\\/www.eldiario.net\\\/portal\\\/2026\\\/06\\\/25\\\/identifican-mas-de-700-luminarias-con-fallas-y-que-necesitan-mantenimiento\\\/\"},\"wordCount\":407,\"publisher\":{\"@id\":\"https:\\\/\\\/www.eldiario.net\\\/portal\\\/#organization\"},\"image\":{\"@id\":\"https:\\\/\\\/www.eldiario.net\\\/portal\\\/2026\\\/06\\\/25\\\/identifican-mas-de-700-luminarias-con-fallas-y-que-necesitan-mantenimiento\\\/#primaryimage\"},\"thumbnailUrl\":\"https:\\\/\\\/www.eldiario.net\\\/portal\\\/wp-content\\\/uploads\\\/2026\\\/06\\\/LUMINARIAS-FOTO.webp\",\"articleSection\":[\"Nacional\"],\"inLanguage\":\"es\"},{\"@type\":\"WebPage\",\"@id\":\"https:\\\/\\\/www.eldiario.net\\\/portal\\\/2026\\\/06\\\/25\\\/identifican-mas-de-700-luminarias-con-fallas-y-que-necesitan-mantenimiento\\\/\",\"url\":\"https:\\\/\\\/www.eldiario.net\\\/portal\\\/2026\\\/06\\\/25\\\/identifican-mas-de-700-luminarias-con-fallas-y-que-necesitan-mantenimiento\\\/\",\"name\":\"Identifican m\u00e1s de 700 luminarias con fallas y que necesitan mantenimiento - El Diario - Bolivia\",\"isPartOf\":{\"@id\":\"https:\\\/\\\/www.eldiario.net\\\/portal\\\/#website\"},\"primaryImageOfPage\":{\"@id\":\"https:\\\/\\\/www.eldiario.net\\\/portal\\\/2026\\\/06\\\/25\\\/identifican-mas-de-700-luminarias-con-fallas-y-que-necesitan-mantenimiento\\\/#primaryimage\"},\"image\":{\"@id\":\"https:\\\/\\\/www.eldiario.net\\\/portal\\\/2026\\\/06\\\/25\\\/identifican-mas-de-700-luminarias-con-fallas-y-que-necesitan-mantenimiento\\\/#primaryimage\"},\"thumbnailUrl\":\"https:\\\/\\\/www.eldiario.net\\\/portal\\\/wp-content\\\/uploads\\\/2026\\\/06\\\/LUMINARIAS-FOTO.webp\",\"datePublished\":\"2026-06-25T05:07:51+00:00\",\"breadcrumb\":{\"@id\":\"https:\\\/\\\/www.eldiario.net\\\/portal\\\/2026\\\/06\\\/25\\\/identifican-mas-de-700-luminarias-con-fallas-y-que-necesitan-mantenimiento\\\/#breadcrumb\"},\"inLanguage\":\"es\",\"potentialAction\":[{\"@type\":\"ReadAction\",\"target\":[\"https:\\\/\\\/www.eldiario.net\\\/portal\\\/2026\\\/06\\\/25\\\/identifican-mas-de-700-luminarias-con-fallas-y-que-necesitan-mantenimiento\\\/\"]}]},{\"@type\":\"ImageObject\",\"inLanguage\":\"es\",\"@id\":\"https:\\\/\\\/www.eldiario.net\\\/portal\\\/2026\\\/06\\\/25\\\/identifican-mas-de-700-luminarias-con-fallas-y-que-necesitan-mantenimiento\\\/#primaryimage\",\"url\":\"https:\\\/\\\/www.eldiario.net\\\/portal\\\/wp-content\\\/uploads\\\/2026\\\/06\\\/LUMINARIAS-FOTO.webp\",\"contentUrl\":\"https:\\\/\\\/www.eldiario.net\\\/portal\\\/wp-content\\\/uploads\\\/2026\\\/06\\\/LUMINARIAS-FOTO.webp\",\"width\":1279,\"height\":960,\"caption\":\"Buscan mejorar la seguridad ciudadana en el sector. Cr\u00e9dito: Gamea\"},{\"@type\":\"BreadcrumbList\",\"@id\":\"https:\\\/\\\/www.eldiario.net\\\/portal\\\/2026\\\/06\\\/25\\\/identifican-mas-de-700-luminarias-con-fallas-y-que-necesitan-mantenimiento\\\/#breadcrumb\",\"itemListElement\":[{\"@type\":\"ListItem\",\"position\":1,\"name\":\"Portada\",\"item\":\"https:\\\/\\\/www.eldiario.net\\\/portal\\\/\"},{\"@type\":\"ListItem\",\"position\":2,\"name\":\"Identifican m\u00e1s de 700 luminarias con fallas y que necesitan mantenimiento\"}]},{\"@type\":\"WebSite\",\"@id\":\"https:\\\/\\\/www.eldiario.net\\\/portal\\\/#website\",\"url\":\"https:\\\/\\\/www.eldiario.net\\\/portal\\\/\",\"name\":\"El Diario - Decano de la prensa nacional\",\"description\":\"El Diario - Decano de la prensa nacional\",\"publisher\":{\"@id\":\"https:\\\/\\\/www.eldiario.net\\\/portal\\\/#organization\"},\"potentialAction\":[{\"@type\":\"SearchAction\",\"target\":{\"@type\":\"EntryPoint\",\"urlTemplate\":\"https:\\\/\\\/www.eldiario.net\\\/portal\\\/?s={search_term_string}\"},\"query-input\":{\"@type\":\"PropertyValueSpecification\",\"valueRequired\":true,\"valueName\":\"search_term_string\"}}],\"inLanguage\":\"es\"},{\"@type\":\"Organization\",\"@id\":\"https:\\\/\\\/www.eldiario.net\\\/portal\\\/#organization\",\"name\":\"El Diario - Decano de la prensa nacional\",\"url\":\"https:\\\/\\\/www.eldiario.net\\\/portal\\\/\",\"logo\":{\"@type\":\"ImageObject\",\"inLanguage\":\"es\",\"@id\":\"https:\\\/\\\/www.eldiario.net\\\/portal\\\/#\\\/schema\\\/logo\\\/image\\\/\",\"url\":\"https:\\\/\\\/www.eldiario.net\\\/portal\\\/wp-content\\\/uploads\\\/2023\\\/07\\\/logo_ED.jpg\",\"contentUrl\":\"https:\\\/\\\/www.eldiario.net\\\/portal\\\/wp-content\\\/uploads\\\/2023\\\/07\\\/logo_ED.jpg\",\"width\":272,\"height\":52,\"caption\":\"El Diario - Decano de la prensa nacional\"},\"image\":{\"@id\":\"https:\\\/\\\/www.eldiario.net\\\/portal\\\/#\\\/schema\\\/logo\\\/image\\\/\"},\"sameAs\":[\"https:\\\/\\\/www.facebook.com\\\/eldiario.bolivia\\\/\",\"https:\\\/\\\/x.com\\\/eldiario_net\"]},{\"@type\":\"Person\",\"@id\":\"https:\\\/\\\/www.eldiario.net\\\/portal\\\/#\\\/schema\\\/person\\\/f46445640444750d7d753ccd04ae01b7\",\"name\":\"Jeanette\",\"image\":{\"@type\":\"ImageObject\",\"inLanguage\":\"es\",\"@id\":\"https:\\\/\\\/secure.gravatar.com\\\/avatar\\\/3ea2118a5f7dad2b7138b1187a6b7ee55f160b9968b66013c3a3ef39dd7e5798?s=96&d=mm&r=g\",\"url\":\"https:\\\/\\\/secure.gravatar.com\\\/avatar\\\/3ea2118a5f7dad2b7138b1187a6b7ee55f160b9968b66013c3a3ef39dd7e5798?s=96&d=mm&r=g\",\"contentUrl\":\"https:\\\/\\\/secure.gravatar.com\\\/avatar\\\/3ea2118a5f7dad2b7138b1187a6b7ee55f160b9968b66013c3a3ef39dd7e5798?s=96&d=mm&r=g\",\"caption\":\"Jeanette\"},\"sameAs\":[\"https:\\\/\\\/www.eldiario.net\\\/portal\"],\"url\":\"https:\\\/\\\/www.eldiario.net\\\/portal\\\/author\\\/jeanette\\\/\"}]}<\/script>\n<!-- \/ Yoast SEO plugin. -->","yoast_head_json":{"title":"Identifican m\u00e1s de 700 luminarias con fallas y que necesitan mantenimiento - El Diario - Bolivia","robots":{"index":"index","follow":"follow","max-snippet":"max-snippet:-1","max-image-preview":"max-image-preview:large","max-video-preview":"max-video-preview:-1"},"canonical":"https:\/\/www.eldiario.net\/portal\/2026\/06\/25\/identifican-mas-de-700-luminarias-con-fallas-y-que-necesitan-mantenimiento\/","og_locale":"es_ES","og_type":"article","og_title":"Identifican m\u00e1s de 700 luminarias con fallas y que necesitan mantenimiento - El Diario - Bolivia","og_description":"Tras un verificativo realizado en el Distrito 8 de la urbe alte\u00f1a, se identificaron m\u00e1s de 700 luminarias afectadas y sin funcionamiento, que requieren el mantenimiento preventivo y correctivo para que vuelvan a funcionar e iluminar las calles, avenidas, plazas y sectores cerca de unidades educativas, entre otros espacios de este sector del municipio de [&hellip;]","og_url":"https:\/\/www.eldiario.net\/portal\/2026\/06\/25\/identifican-mas-de-700-luminarias-con-fallas-y-que-necesitan-mantenimiento\/","og_site_name":"El Diario - Bolivia","article_publisher":"https:\/\/www.facebook.com\/eldiario.bolivia\/","article_published_time":"2026-06-25T05:07:51+00:00","og_image":[{"width":1279,"height":960,"url":"https:\/\/www.eldiario.net\/portal\/wp-content\/uploads\/2026\/06\/LUMINARIAS-FOTO.webp","type":"image\/webp"}],"author":"Jeanette","twitter_card":"summary_large_image","twitter_creator":"@eldiario_net","twitter_site":"@eldiario_net","twitter_misc":{"Escrito por":"Jeanette","Tiempo de lectura":"3 minutos"},"schema":{"@context":"https:\/\/schema.org","@graph":[{"@type":"Article","@id":"https:\/\/www.eldiario.net\/portal\/2026\/06\/25\/identifican-mas-de-700-luminarias-con-fallas-y-que-necesitan-mantenimiento\/#article","isPartOf":{"@id":"https:\/\/www.eldiario.net\/portal\/2026\/06\/25\/identifican-mas-de-700-luminarias-con-fallas-y-que-necesitan-mantenimiento\/"},"author":{"name":"Jeanette","@id":"https:\/\/www.eldiario.net\/portal\/#\/schema\/person\/f46445640444750d7d753ccd04ae01b7"},"headline":"Identifican m\u00e1s de 700 luminarias con fallas y que necesitan mantenimiento","datePublished":"2026-06-25T05:07:51+00:00","mainEntityOfPage":{"@id":"https:\/\/www.eldiario.net\/portal\/2026\/06\/25\/identifican-mas-de-700-luminarias-con-fallas-y-que-necesitan-mantenimiento\/"},"wordCount":407,"publisher":{"@id":"https:\/\/www.eldiario.net\/portal\/#organization"},"image":{"@id":"https:\/\/www.eldiario.net\/portal\/2026\/06\/25\/identifican-mas-de-700-luminarias-con-fallas-y-que-necesitan-mantenimiento\/#primaryimage"},"thumbnailUrl":"https:\/\/www.eldiario.net\/portal\/wp-content\/uploads\/2026\/06\/LUMINARIAS-FOTO.webp","articleSection":["Nacional"],"inLanguage":"es"},{"@type":"WebPage","@id":"https:\/\/www.eldiario.net\/portal\/2026\/06\/25\/identifican-mas-de-700-luminarias-con-fallas-y-que-necesitan-mantenimiento\/","url":"https:\/\/www.eldiario.net\/portal\/2026\/06\/25\/identifican-mas-de-700-luminarias-con-fallas-y-que-necesitan-mantenimiento\/","name":"Identifican m\u00e1s de 700 luminarias con fallas y que necesitan mantenimiento - El Diario - Bolivia","isPartOf":{"@id":"https:\/\/www.eldiario.net\/portal\/#website"},"primaryImageOfPage":{"@id":"https:\/\/www.eldiario.net\/portal\/2026\/06\/25\/identifican-mas-de-700-luminarias-con-fallas-y-que-necesitan-mantenimiento\/#primaryimage"},"image":{"@id":"https:\/\/www.eldiario.net\/portal\/2026\/06\/25\/identifican-mas-de-700-luminarias-con-fallas-y-que-necesitan-mantenimiento\/#primaryimage"},"thumbnailUrl":"https:\/\/www.eldiario.net\/portal\/wp-content\/uploads\/2026\/06\/LUMINARIAS-FOTO.webp","datePublished":"2026-06-25T05:07:51+00:00","breadcrumb":{"@id":"https:\/\/www.eldiario.net\/portal\/2026\/06\/25\/identifican-mas-de-700-luminarias-con-fallas-y-que-necesitan-mantenimiento\/#breadcrumb"},"inLanguage":"es","potentialAction":[{"@type":"ReadAction","target":["https:\/\/www.eldiario.net\/portal\/2026\/06\/25\/identifican-mas-de-700-luminarias-con-fallas-y-que-necesitan-mantenimiento\/"]}]},{"@type":"ImageObject","inLanguage":"es","@id":"https:\/\/www.eldiario.net\/portal\/2026\/06\/25\/identifican-mas-de-700-luminarias-con-fallas-y-que-necesitan-mantenimiento\/#primaryimage","url":"https:\/\/www.eldiario.net\/portal\/wp-content\/uploads\/2026\/06\/LUMINARIAS-FOTO.webp","contentUrl":"https:\/\/www.eldiario.net\/portal\/wp-content\/uploads\/2026\/06\/LUMINARIAS-FOTO.webp","width":1279,"height":960,"caption":"Buscan mejorar la seguridad ciudadana en el sector. Cr\u00e9dito: Gamea"},{"@type":"BreadcrumbList","@id":"https:\/\/www.eldiario.net\/portal\/2026\/06\/25\/identifican-mas-de-700-luminarias-con-fallas-y-que-necesitan-mantenimiento\/#breadcrumb","itemListElement":[{"@type":"ListItem","position":1,"name":"Portada","item":"https:\/\/www.eldiario.net\/portal\/"},{"@type":"ListItem","position":2,"name":"Identifican m\u00e1s de 700 luminarias con fallas y que necesitan mantenimiento"}]},{"@type":"WebSite","@id":"https:\/\/www.eldiario.net\/portal\/#website","url":"https:\/\/www.eldiario.net\/portal\/","name":"El Diario - Decano de la prensa nacional","description":"El Diario - Decano de la prensa nacional","publisher":{"@id":"https:\/\/www.eldiario.net\/portal\/#organization"},"potentialAction":[{"@type":"SearchAction","target":{"@type":"EntryPoint","urlTemplate":"https:\/\/www.eldiario.net\/portal\/?s={search_term_string}"},"query-input":{"@type":"PropertyValueSpecification","valueRequired":true,"valueName":"search_term_string"}}],"inLanguage":"es"},{"@type":"Organization","@id":"https:\/\/www.eldiario.net\/portal\/#organization","name":"El Diario - Decano de la prensa nacional","url":"https:\/\/www.eldiario.net\/portal\/","logo":{"@type":"ImageObject","inLanguage":"es","@id":"https:\/\/www.eldiario.net\/portal\/#\/schema\/logo\/image\/","url":"https:\/\/www.eldiario.net\/portal\/wp-content\/uploads\/2023\/07\/logo_ED.jpg","contentUrl":"https:\/\/www.eldiario.net\/portal\/wp-content\/uploads\/2023\/07\/logo_ED.jpg","width":272,"height":52,"caption":"El Diario - Decano de la prensa nacional"},"image":{"@id":"https:\/\/www.eldiario.net\/portal\/#\/schema\/logo\/image\/"},"sameAs":["https:\/\/www.facebook.com\/eldiario.bolivia\/","https:\/\/x.com\/eldiario_net"]},{"@type":"Person","@id":"https:\/\/www.eldiario.net\/portal\/#\/schema\/person\/f46445640444750d7d753ccd04ae01b7","name":"Jeanette","image":{"@type":"ImageObject","inLanguage":"es","@id":"https:\/\/secure.gravatar.com\/avatar\/3ea2118a5f7dad2b7138b1187a6b7ee55f160b9968b66013c3a3ef39dd7e5798?s=96&d=mm&r=g","url":"https:\/\/secure.gravatar.com\/avatar\/3ea2118a5f7dad2b7138b1187a6b7ee55f160b9968b66013c3a3ef39dd7e5798?s=96&d=mm&r=g","contentUrl":"https:\/\/secure.gravatar.com\/avatar\/3ea2118a5f7dad2b7138b1187a6b7ee55f160b9968b66013c3a3ef39dd7e5798?s=96&d=mm&r=g","caption":"Jeanette"},"sameAs":["https:\/\/www.eldiario.net\/portal"],"url":"https:\/\/www.eldiario.net\/portal\/author\/jeanette\/"}]}},"_links":{"self":[{"href":"https:\/\/www.eldiario.net\/portal\/wp-json\/wp\/v2\/posts\/406836","targetHints":{"allow":["GET"]}}],"collection":[{"href":"https:\/\/www.eldiario.net\/portal\/wp-json\/wp\/v2\/posts"}],"about":[{"href":"https:\/\/www.eldiario.net\/portal\/wp-json\/wp\/v2\/types\/post"}],"author":[{"embeddable":true,"href":"https:\/\/www.eldiario.net\/portal\/wp-json\/wp\/v2\/users\/1"}],"replies":[{"embeddable":true,"href":"https:\/\/www.eldiario.net\/portal\/wp-json\/wp\/v2\/comments?post=406836"}],"version-history":[{"count":1,"href":"https:\/\/www.eldiario.net\/portal\/wp-json\/wp\/v2\/posts\/406836\/revisions"}],"predecessor-version":[{"id":406838,"href":"https:\/\/www.eldiario.net\/portal\/wp-json\/wp\/v2\/posts\/406836\/revisions\/406838"}],"wp:featuredmedia":[{"embeddable":true,"href":"https:\/\/www.eldiario.net\/portal\/wp-json\/wp\/v2\/media\/406837"}],"wp:attachment":[{"href":"https:\/\/www.eldiario.net\/portal\/wp-json\/wp\/v2\/media?parent=406836"}],"wp:term":[{"taxonomy":"category","embeddable":true,"href":"https:\/\/www.eldiario.net\/portal\/wp-json\/wp\/v2\/categories?post=406836"},{"taxonomy":"post_tag","embeddable":true,"href":"https:\/\/www.eldiario.net\/portal\/wp-json\/wp\/v2\/tags?post=406836"}],"curies":[{"name":"wp","href":"https:\/\/api.w.org\/{rel}","templated":true}]}}