{"id":406833,"date":"2026-06-25T01:06:34","date_gmt":"2026-06-25T05:06:34","guid":{"rendered":"https:\/\/www.eldiario.net\/portal\/?p=406833"},"modified":"2026-06-24T23:07:31","modified_gmt":"2026-06-25T03:07:31","slug":"municipio-presenta-medidas-para-alivio-y-reactivacion-economica","status":"publish","type":"post","link":"https:\/\/www.eldiario.net\/portal\/2026\/06\/25\/municipio-presenta-medidas-para-alivio-y-reactivacion-economica\/","title":{"rendered":"Municipio presenta medidas para alivio y reactivaci\u00f3n econ\u00f3mica"},"content":{"rendered":"<p>Con el objetivo de dinamizar a las unidades productivas locales, el secretario municipal de Desarrollo Econ\u00f3mico del municipio alte\u00f1o, Willy Tancara Apaza, present\u00f3 el \u201cPaquete Econ\u00f3mico de Alivio y Reactivaci\u00f3n Econ\u00f3mica\u201d, plan que contempla siete puntos estrat\u00e9gicos, desde la reactivaci\u00f3n del Fondo de Fortalecimiento y Reactivaci\u00f3n de las Actividades Econ\u00f3mico Productivas (Forepro), hasta ferias barriales, mercados virtuales y startups para nuevos emprendedores.<\/p>\n<p>\u201cHemos visto que en estos m\u00e1s de 50 d\u00edas de conflicto que ha tenido el pa\u00eds, muchas de nuestras unidades productivas han sufrido las secuelas a consecuencia de estos paros y bloqueos. En este sentido, lo que estamos planteando es reactivar nuestra banca de segundo piso, como es el Forepro, y lo estamos relanzando el d\u00eda de hoy (por ayer) que tenemos nuestra primera sesi\u00f3n de directorio. Esperamos ya contar con todos los procedimientos desde la siguiente semana\u201d, explic\u00f3 la autoridad edil.<\/p>\n<p>Dentro de esta propuesta se hizo \u00e9nfasis en la creaci\u00f3n de un sello propio denominado tentativamente \u201cHecho en El Alto \u2013 Nunca de Rodillas\u201d, el cual servir\u00e1 para identificar la producci\u00f3n local no solo en el departamento pace\u00f1o, sino a nivel nacional.<\/p>\n<p>\u201cQueremos identificar nuestra producci\u00f3n para que no solamente el mercado local lo adquiera, sino a nivel nacional; para que con el sello sepan que es un producto alte\u00f1o que est\u00e1 bien elaborado\u201d, sostuvo Tancara.<\/p>\n<p>Adem\u00e1s, se planifican estrategias de distribuci\u00f3n masiva y ferias para romper las fronteras comerciales de la urbe y agilizar la salida de mercanc\u00edas hacia otros departamentos.<\/p>\n<p>Asimismo, la iniciativa municipal incluye un pilar dedicado a la innovaci\u00f3n y al beneficio de los j\u00f3venes que quieran emprender con su primera startup o microempresa.<\/p>\n<p>\u201cQueremos promocionar a nuestros j\u00f3venes en los startups que quieren proyectarse en su primer emprendimiento, y a eso lo hemos denominado &#8216;Mi Primera Chamba&#8217;\u201d, adelant\u00f3 el secretario municipal.<\/p>\n<p>Este trabajo de implementaci\u00f3n inmediata ser\u00e1 coordinado a trav\u00e9s de tres mesas t\u00e9cnicas dependientes de la municipalidad. \u201cNuestra planificaci\u00f3n es que en el corto plazo tengamos ya las medidas ejecut\u00e1ndose\u201d, se\u00f1al\u00f3.<\/p>\n","protected":false},"excerpt":{"rendered":"<p>Con el objetivo de dinamizar a las unidades productivas locales, el secretario municipal de Desarrollo Econ\u00f3mico del municipio alte\u00f1o, Willy Tancara Apaza, present\u00f3 el \u201cPaquete Econ\u00f3mico de Alivio y Reactivaci\u00f3n Econ\u00f3mica\u201d, plan que contempla siete puntos estrat\u00e9gicos, desde la reactivaci\u00f3n del Fondo de Fortalecimiento y Reactivaci\u00f3n de las Actividades Econ\u00f3mico Productivas (Forepro), hasta ferias barriales, [&hellip;]<\/p>\n","protected":false},"author":1,"featured_media":406834,"comment_status":"closed","ping_status":"open","sticky":false,"template":"","format":"standard","meta":{"_acf_changed":false,"footnotes":""},"categories":[12],"tags":[],"class_list":["post-406833","post","type-post","status-publish","format-standard","has-post-thumbnail","category-nacional"],"acf":{"antetitulo":""},"yoast_head":"<!-- This site is optimized with the Yoast SEO plugin v28.4 - https:\/\/yoast.com\/product\/yoast-seo-wordpress\/ -->\n<title>Municipio presenta medidas para alivio y reactivaci\u00f3n econ\u00f3mica - El Diario - Bolivia<\/title>\n<meta name=\"robots\" content=\"index, follow, max-snippet:-1, max-image-preview:large, max-video-preview:-1\" \/>\n<link rel=\"canonical\" href=\"https:\/\/www.eldiario.net\/portal\/2026\/06\/25\/municipio-presenta-medidas-para-alivio-y-reactivacion-economica\/\" \/>\n<meta property=\"og:locale\" content=\"es_ES\" \/>\n<meta property=\"og:type\" content=\"article\" \/>\n<meta property=\"og:title\" content=\"Municipio presenta medidas para alivio y reactivaci\u00f3n econ\u00f3mica - El Diario - Bolivia\" \/>\n<meta property=\"og:description\" content=\"Con el objetivo de dinamizar a las unidades productivas locales, el secretario municipal de Desarrollo Econ\u00f3mico del municipio alte\u00f1o, Willy Tancara Apaza, present\u00f3 el \u201cPaquete Econ\u00f3mico de Alivio y Reactivaci\u00f3n Econ\u00f3mica\u201d, plan que contempla siete puntos estrat\u00e9gicos, desde la reactivaci\u00f3n del Fondo de Fortalecimiento y Reactivaci\u00f3n de las Actividades Econ\u00f3mico Productivas (Forepro), hasta ferias barriales, [&hellip;]\" \/>\n<meta property=\"og:url\" content=\"https:\/\/www.eldiario.net\/portal\/2026\/06\/25\/municipio-presenta-medidas-para-alivio-y-reactivacion-economica\/\" \/>\n<meta property=\"og:site_name\" content=\"El Diario - Bolivia\" \/>\n<meta property=\"article:publisher\" content=\"https:\/\/www.facebook.com\/eldiario.bolivia\/\" \/>\n<meta property=\"article:published_time\" content=\"2026-06-25T05:06:34+00:00\" \/>\n<meta property=\"og:image\" content=\"https:\/\/www.eldiario.net\/portal\/wp-content\/uploads\/2026\/06\/PROYECTOS-FOTO.webp\" \/>\n\t<meta property=\"og:image:width\" content=\"1280\" \/>\n\t<meta property=\"og:image:height\" content=\"960\" \/>\n\t<meta property=\"og:image:type\" content=\"image\/webp\" \/>\n<meta name=\"author\" content=\"Jeanette\" \/>\n<meta name=\"twitter:card\" content=\"summary_large_image\" \/>\n<meta name=\"twitter:creator\" content=\"@eldiario_net\" \/>\n<meta name=\"twitter:site\" content=\"@eldiario_net\" \/>\n<meta name=\"twitter:label1\" content=\"Escrito por\" \/>\n\t<meta name=\"twitter:data1\" content=\"Jeanette\" \/>\n\t<meta name=\"twitter:label2\" content=\"Tiempo de lectura\" \/>\n\t<meta name=\"twitter:data2\" content=\"2 minutos\" \/>\n<script type=\"application\/ld+json\" class=\"yoast-schema-graph\">{\"@context\":\"https:\\\/\\\/schema.org\",\"@graph\":[{\"@type\":\"Article\",\"@id\":\"https:\\\/\\\/www.eldiario.net\\\/portal\\\/2026\\\/06\\\/25\\\/municipio-presenta-medidas-para-alivio-y-reactivacion-economica\\\/#article\",\"isPartOf\":{\"@id\":\"https:\\\/\\\/www.eldiario.net\\\/portal\\\/2026\\\/06\\\/25\\\/municipio-presenta-medidas-para-alivio-y-reactivacion-economica\\\/\"},\"author\":{\"name\":\"Jeanette\",\"@id\":\"https:\\\/\\\/www.eldiario.net\\\/portal\\\/#\\\/schema\\\/person\\\/f46445640444750d7d753ccd04ae01b7\"},\"headline\":\"Municipio presenta medidas para alivio y reactivaci\u00f3n econ\u00f3mica\",\"datePublished\":\"2026-06-25T05:06:34+00:00\",\"mainEntityOfPage\":{\"@id\":\"https:\\\/\\\/www.eldiario.net\\\/portal\\\/2026\\\/06\\\/25\\\/municipio-presenta-medidas-para-alivio-y-reactivacion-economica\\\/\"},\"wordCount\":370,\"publisher\":{\"@id\":\"https:\\\/\\\/www.eldiario.net\\\/portal\\\/#organization\"},\"image\":{\"@id\":\"https:\\\/\\\/www.eldiario.net\\\/portal\\\/2026\\\/06\\\/25\\\/municipio-presenta-medidas-para-alivio-y-reactivacion-economica\\\/#primaryimage\"},\"thumbnailUrl\":\"https:\\\/\\\/www.eldiario.net\\\/portal\\\/wp-content\\\/uploads\\\/2026\\\/06\\\/PROYECTOS-FOTO.webp\",\"articleSection\":[\"Nacional\"],\"inLanguage\":\"es\"},{\"@type\":\"WebPage\",\"@id\":\"https:\\\/\\\/www.eldiario.net\\\/portal\\\/2026\\\/06\\\/25\\\/municipio-presenta-medidas-para-alivio-y-reactivacion-economica\\\/\",\"url\":\"https:\\\/\\\/www.eldiario.net\\\/portal\\\/2026\\\/06\\\/25\\\/municipio-presenta-medidas-para-alivio-y-reactivacion-economica\\\/\",\"name\":\"Municipio presenta medidas para alivio y reactivaci\u00f3n econ\u00f3mica - El Diario - Bolivia\",\"isPartOf\":{\"@id\":\"https:\\\/\\\/www.eldiario.net\\\/portal\\\/#website\"},\"primaryImageOfPage\":{\"@id\":\"https:\\\/\\\/www.eldiario.net\\\/portal\\\/2026\\\/06\\\/25\\\/municipio-presenta-medidas-para-alivio-y-reactivacion-economica\\\/#primaryimage\"},\"image\":{\"@id\":\"https:\\\/\\\/www.eldiario.net\\\/portal\\\/2026\\\/06\\\/25\\\/municipio-presenta-medidas-para-alivio-y-reactivacion-economica\\\/#primaryimage\"},\"thumbnailUrl\":\"https:\\\/\\\/www.eldiario.net\\\/portal\\\/wp-content\\\/uploads\\\/2026\\\/06\\\/PROYECTOS-FOTO.webp\",\"datePublished\":\"2026-06-25T05:06:34+00:00\",\"breadcrumb\":{\"@id\":\"https:\\\/\\\/www.eldiario.net\\\/portal\\\/2026\\\/06\\\/25\\\/municipio-presenta-medidas-para-alivio-y-reactivacion-economica\\\/#breadcrumb\"},\"inLanguage\":\"es\",\"potentialAction\":[{\"@type\":\"ReadAction\",\"target\":[\"https:\\\/\\\/www.eldiario.net\\\/portal\\\/2026\\\/06\\\/25\\\/municipio-presenta-medidas-para-alivio-y-reactivacion-economica\\\/\"]}]},{\"@type\":\"ImageObject\",\"inLanguage\":\"es\",\"@id\":\"https:\\\/\\\/www.eldiario.net\\\/portal\\\/2026\\\/06\\\/25\\\/municipio-presenta-medidas-para-alivio-y-reactivacion-economica\\\/#primaryimage\",\"url\":\"https:\\\/\\\/www.eldiario.net\\\/portal\\\/wp-content\\\/uploads\\\/2026\\\/06\\\/PROYECTOS-FOTO.webp\",\"contentUrl\":\"https:\\\/\\\/www.eldiario.net\\\/portal\\\/wp-content\\\/uploads\\\/2026\\\/06\\\/PROYECTOS-FOTO.webp\",\"width\":1280,\"height\":960,\"caption\":\"Durante la presentaci\u00f3n del paquete econ\u00f3mico. Cr\u00e9dito: Gamea\"},{\"@type\":\"BreadcrumbList\",\"@id\":\"https:\\\/\\\/www.eldiario.net\\\/portal\\\/2026\\\/06\\\/25\\\/municipio-presenta-medidas-para-alivio-y-reactivacion-economica\\\/#breadcrumb\",\"itemListElement\":[{\"@type\":\"ListItem\",\"position\":1,\"name\":\"Portada\",\"item\":\"https:\\\/\\\/www.eldiario.net\\\/portal\\\/\"},{\"@type\":\"ListItem\",\"position\":2,\"name\":\"Municipio presenta medidas para alivio y reactivaci\u00f3n econ\u00f3mica\"}]},{\"@type\":\"WebSite\",\"@id\":\"https:\\\/\\\/www.eldiario.net\\\/portal\\\/#website\",\"url\":\"https:\\\/\\\/www.eldiario.net\\\/portal\\\/\",\"name\":\"El Diario - Decano de la prensa nacional\",\"description\":\"El Diario - Decano de la prensa nacional\",\"publisher\":{\"@id\":\"https:\\\/\\\/www.eldiario.net\\\/portal\\\/#organization\"},\"potentialAction\":[{\"@type\":\"SearchAction\",\"target\":{\"@type\":\"EntryPoint\",\"urlTemplate\":\"https:\\\/\\\/www.eldiario.net\\\/portal\\\/?s={search_term_string}\"},\"query-input\":{\"@type\":\"PropertyValueSpecification\",\"valueRequired\":true,\"valueName\":\"search_term_string\"}}],\"inLanguage\":\"es\"},{\"@type\":\"Organization\",\"@id\":\"https:\\\/\\\/www.eldiario.net\\\/portal\\\/#organization\",\"name\":\"El Diario - Decano de la prensa nacional\",\"url\":\"https:\\\/\\\/www.eldiario.net\\\/portal\\\/\",\"logo\":{\"@type\":\"ImageObject\",\"inLanguage\":\"es\",\"@id\":\"https:\\\/\\\/www.eldiario.net\\\/portal\\\/#\\\/schema\\\/logo\\\/image\\\/\",\"url\":\"https:\\\/\\\/www.eldiario.net\\\/portal\\\/wp-content\\\/uploads\\\/2023\\\/07\\\/logo_ED.jpg\",\"contentUrl\":\"https:\\\/\\\/www.eldiario.net\\\/portal\\\/wp-content\\\/uploads\\\/2023\\\/07\\\/logo_ED.jpg\",\"width\":272,\"height\":52,\"caption\":\"El Diario - Decano de la prensa nacional\"},\"image\":{\"@id\":\"https:\\\/\\\/www.eldiario.net\\\/portal\\\/#\\\/schema\\\/logo\\\/image\\\/\"},\"sameAs\":[\"https:\\\/\\\/www.facebook.com\\\/eldiario.bolivia\\\/\",\"https:\\\/\\\/x.com\\\/eldiario_net\"]},{\"@type\":\"Person\",\"@id\":\"https:\\\/\\\/www.eldiario.net\\\/portal\\\/#\\\/schema\\\/person\\\/f46445640444750d7d753ccd04ae01b7\",\"name\":\"Jeanette\",\"image\":{\"@type\":\"ImageObject\",\"inLanguage\":\"es\",\"@id\":\"https:\\\/\\\/secure.gravatar.com\\\/avatar\\\/3ea2118a5f7dad2b7138b1187a6b7ee55f160b9968b66013c3a3ef39dd7e5798?s=96&d=mm&r=g\",\"url\":\"https:\\\/\\\/secure.gravatar.com\\\/avatar\\\/3ea2118a5f7dad2b7138b1187a6b7ee55f160b9968b66013c3a3ef39dd7e5798?s=96&d=mm&r=g\",\"contentUrl\":\"https:\\\/\\\/secure.gravatar.com\\\/avatar\\\/3ea2118a5f7dad2b7138b1187a6b7ee55f160b9968b66013c3a3ef39dd7e5798?s=96&d=mm&r=g\",\"caption\":\"Jeanette\"},\"sameAs\":[\"https:\\\/\\\/www.eldiario.net\\\/portal\"],\"url\":\"https:\\\/\\\/www.eldiario.net\\\/portal\\\/author\\\/jeanette\\\/\"}]}<\/script>\n<!-- \/ Yoast SEO plugin. -->","yoast_head_json":{"title":"Municipio presenta medidas para alivio y reactivaci\u00f3n econ\u00f3mica - El Diario - Bolivia","robots":{"index":"index","follow":"follow","max-snippet":"max-snippet:-1","max-image-preview":"max-image-preview:large","max-video-preview":"max-video-preview:-1"},"canonical":"https:\/\/www.eldiario.net\/portal\/2026\/06\/25\/municipio-presenta-medidas-para-alivio-y-reactivacion-economica\/","og_locale":"es_ES","og_type":"article","og_title":"Municipio presenta medidas para alivio y reactivaci\u00f3n econ\u00f3mica - El Diario - Bolivia","og_description":"Con el objetivo de dinamizar a las unidades productivas locales, el secretario municipal de Desarrollo Econ\u00f3mico del municipio alte\u00f1o, Willy Tancara Apaza, present\u00f3 el \u201cPaquete Econ\u00f3mico de Alivio y Reactivaci\u00f3n Econ\u00f3mica\u201d, plan que contempla siete puntos estrat\u00e9gicos, desde la reactivaci\u00f3n del Fondo de Fortalecimiento y Reactivaci\u00f3n de las Actividades Econ\u00f3mico Productivas (Forepro), hasta ferias barriales, [&hellip;]","og_url":"https:\/\/www.eldiario.net\/portal\/2026\/06\/25\/municipio-presenta-medidas-para-alivio-y-reactivacion-economica\/","og_site_name":"El Diario - Bolivia","article_publisher":"https:\/\/www.facebook.com\/eldiario.bolivia\/","article_published_time":"2026-06-25T05:06:34+00:00","og_image":[{"width":1280,"height":960,"url":"https:\/\/www.eldiario.net\/portal\/wp-content\/uploads\/2026\/06\/PROYECTOS-FOTO.webp","type":"image\/webp"}],"author":"Jeanette","twitter_card":"summary_large_image","twitter_creator":"@eldiario_net","twitter_site":"@eldiario_net","twitter_misc":{"Escrito por":"Jeanette","Tiempo de lectura":"2 minutos"},"schema":{"@context":"https:\/\/schema.org","@graph":[{"@type":"Article","@id":"https:\/\/www.eldiario.net\/portal\/2026\/06\/25\/municipio-presenta-medidas-para-alivio-y-reactivacion-economica\/#article","isPartOf":{"@id":"https:\/\/www.eldiario.net\/portal\/2026\/06\/25\/municipio-presenta-medidas-para-alivio-y-reactivacion-economica\/"},"author":{"name":"Jeanette","@id":"https:\/\/www.eldiario.net\/portal\/#\/schema\/person\/f46445640444750d7d753ccd04ae01b7"},"headline":"Municipio presenta medidas para alivio y reactivaci\u00f3n econ\u00f3mica","datePublished":"2026-06-25T05:06:34+00:00","mainEntityOfPage":{"@id":"https:\/\/www.eldiario.net\/portal\/2026\/06\/25\/municipio-presenta-medidas-para-alivio-y-reactivacion-economica\/"},"wordCount":370,"publisher":{"@id":"https:\/\/www.eldiario.net\/portal\/#organization"},"image":{"@id":"https:\/\/www.eldiario.net\/portal\/2026\/06\/25\/municipio-presenta-medidas-para-alivio-y-reactivacion-economica\/#primaryimage"},"thumbnailUrl":"https:\/\/www.eldiario.net\/portal\/wp-content\/uploads\/2026\/06\/PROYECTOS-FOTO.webp","articleSection":["Nacional"],"inLanguage":"es"},{"@type":"WebPage","@id":"https:\/\/www.eldiario.net\/portal\/2026\/06\/25\/municipio-presenta-medidas-para-alivio-y-reactivacion-economica\/","url":"https:\/\/www.eldiario.net\/portal\/2026\/06\/25\/municipio-presenta-medidas-para-alivio-y-reactivacion-economica\/","name":"Municipio presenta medidas para alivio y reactivaci\u00f3n econ\u00f3mica - El Diario - Bolivia","isPartOf":{"@id":"https:\/\/www.eldiario.net\/portal\/#website"},"primaryImageOfPage":{"@id":"https:\/\/www.eldiario.net\/portal\/2026\/06\/25\/municipio-presenta-medidas-para-alivio-y-reactivacion-economica\/#primaryimage"},"image":{"@id":"https:\/\/www.eldiario.net\/portal\/2026\/06\/25\/municipio-presenta-medidas-para-alivio-y-reactivacion-economica\/#primaryimage"},"thumbnailUrl":"https:\/\/www.eldiario.net\/portal\/wp-content\/uploads\/2026\/06\/PROYECTOS-FOTO.webp","datePublished":"2026-06-25T05:06:34+00:00","breadcrumb":{"@id":"https:\/\/www.eldiario.net\/portal\/2026\/06\/25\/municipio-presenta-medidas-para-alivio-y-reactivacion-economica\/#breadcrumb"},"inLanguage":"es","potentialAction":[{"@type":"ReadAction","target":["https:\/\/www.eldiario.net\/portal\/2026\/06\/25\/municipio-presenta-medidas-para-alivio-y-reactivacion-economica\/"]}]},{"@type":"ImageObject","inLanguage":"es","@id":"https:\/\/www.eldiario.net\/portal\/2026\/06\/25\/municipio-presenta-medidas-para-alivio-y-reactivacion-economica\/#primaryimage","url":"https:\/\/www.eldiario.net\/portal\/wp-content\/uploads\/2026\/06\/PROYECTOS-FOTO.webp","contentUrl":"https:\/\/www.eldiario.net\/portal\/wp-content\/uploads\/2026\/06\/PROYECTOS-FOTO.webp","width":1280,"height":960,"caption":"Durante la presentaci\u00f3n del paquete econ\u00f3mico. Cr\u00e9dito: Gamea"},{"@type":"BreadcrumbList","@id":"https:\/\/www.eldiario.net\/portal\/2026\/06\/25\/municipio-presenta-medidas-para-alivio-y-reactivacion-economica\/#breadcrumb","itemListElement":[{"@type":"ListItem","position":1,"name":"Portada","item":"https:\/\/www.eldiario.net\/portal\/"},{"@type":"ListItem","position":2,"name":"Municipio presenta medidas para alivio y reactivaci\u00f3n econ\u00f3mica"}]},{"@type":"WebSite","@id":"https:\/\/www.eldiario.net\/portal\/#website","url":"https:\/\/www.eldiario.net\/portal\/","name":"El Diario - Decano de la prensa nacional","description":"El Diario - Decano de la prensa nacional","publisher":{"@id":"https:\/\/www.eldiario.net\/portal\/#organization"},"potentialAction":[{"@type":"SearchAction","target":{"@type":"EntryPoint","urlTemplate":"https:\/\/www.eldiario.net\/portal\/?s={search_term_string}"},"query-input":{"@type":"PropertyValueSpecification","valueRequired":true,"valueName":"search_term_string"}}],"inLanguage":"es"},{"@type":"Organization","@id":"https:\/\/www.eldiario.net\/portal\/#organization","name":"El Diario - Decano de la prensa nacional","url":"https:\/\/www.eldiario.net\/portal\/","logo":{"@type":"ImageObject","inLanguage":"es","@id":"https:\/\/www.eldiario.net\/portal\/#\/schema\/logo\/image\/","url":"https:\/\/www.eldiario.net\/portal\/wp-content\/uploads\/2023\/07\/logo_ED.jpg","contentUrl":"https:\/\/www.eldiario.net\/portal\/wp-content\/uploads\/2023\/07\/logo_ED.jpg","width":272,"height":52,"caption":"El Diario - Decano de la prensa nacional"},"image":{"@id":"https:\/\/www.eldiario.net\/portal\/#\/schema\/logo\/image\/"},"sameAs":["https:\/\/www.facebook.com\/eldiario.bolivia\/","https:\/\/x.com\/eldiario_net"]},{"@type":"Person","@id":"https:\/\/www.eldiario.net\/portal\/#\/schema\/person\/f46445640444750d7d753ccd04ae01b7","name":"Jeanette","image":{"@type":"ImageObject","inLanguage":"es","@id":"https:\/\/secure.gravatar.com\/avatar\/3ea2118a5f7dad2b7138b1187a6b7ee55f160b9968b66013c3a3ef39dd7e5798?s=96&d=mm&r=g","url":"https:\/\/secure.gravatar.com\/avatar\/3ea2118a5f7dad2b7138b1187a6b7ee55f160b9968b66013c3a3ef39dd7e5798?s=96&d=mm&r=g","contentUrl":"https:\/\/secure.gravatar.com\/avatar\/3ea2118a5f7dad2b7138b1187a6b7ee55f160b9968b66013c3a3ef39dd7e5798?s=96&d=mm&r=g","caption":"Jeanette"},"sameAs":["https:\/\/www.eldiario.net\/portal"],"url":"https:\/\/www.eldiario.net\/portal\/author\/jeanette\/"}]}},"_links":{"self":[{"href":"https:\/\/www.eldiario.net\/portal\/wp-json\/wp\/v2\/posts\/406833","targetHints":{"allow":["GET"]}}],"collection":[{"href":"https:\/\/www.eldiario.net\/portal\/wp-json\/wp\/v2\/posts"}],"about":[{"href":"https:\/\/www.eldiario.net\/portal\/wp-json\/wp\/v2\/types\/post"}],"author":[{"embeddable":true,"href":"https:\/\/www.eldiario.net\/portal\/wp-json\/wp\/v2\/users\/1"}],"replies":[{"embeddable":true,"href":"https:\/\/www.eldiario.net\/portal\/wp-json\/wp\/v2\/comments?post=406833"}],"version-history":[{"count":1,"href":"https:\/\/www.eldiario.net\/portal\/wp-json\/wp\/v2\/posts\/406833\/revisions"}],"predecessor-version":[{"id":406835,"href":"https:\/\/www.eldiario.net\/portal\/wp-json\/wp\/v2\/posts\/406833\/revisions\/406835"}],"wp:featuredmedia":[{"embeddable":true,"href":"https:\/\/www.eldiario.net\/portal\/wp-json\/wp\/v2\/media\/406834"}],"wp:attachment":[{"href":"https:\/\/www.eldiario.net\/portal\/wp-json\/wp\/v2\/media?parent=406833"}],"wp:term":[{"taxonomy":"category","embeddable":true,"href":"https:\/\/www.eldiario.net\/portal\/wp-json\/wp\/v2\/categories?post=406833"},{"taxonomy":"post_tag","embeddable":true,"href":"https:\/\/www.eldiario.net\/portal\/wp-json\/wp\/v2\/tags?post=406833"}],"curies":[{"name":"wp","href":"https:\/\/api.w.org\/{rel}","templated":true}]}}