{"id":406830,"date":"2026-06-25T01:05:20","date_gmt":"2026-06-25T05:05:20","guid":{"rendered":"https:\/\/www.eldiario.net\/portal\/?p=406830"},"modified":"2026-06-24T23:05:52","modified_gmt":"2026-06-25T03:05:52","slug":"proyecto-de-ley-plantea-apoyo-a-sectores-afectados-por-bloqueos-2","status":"publish","type":"post","link":"https:\/\/www.eldiario.net\/portal\/2026\/06\/25\/proyecto-de-ley-plantea-apoyo-a-sectores-afectados-por-bloqueos-2\/","title":{"rendered":"Proyecto de ley plantea apoyo a  sectores afectados por bloqueos"},"content":{"rendered":"<p>El diputado por el Partido Dem\u00f3crata Cristiano (PDC), Manolo Rojas, present\u00f3 un proyecto de ley \u201cExcepcional de Reactivaci\u00f3n Econ\u00f3mica Post Bloqueos\u201d con el objetivo de impulsar acciones para el alivio econ\u00f3mico de sectores vulnerables, afectados por medidas de presi\u00f3n.<\/p>\n<p>Seg\u00fan Rojas, el proyecto normativo permitir\u00e1 realizar un levantamiento de informaci\u00f3n en un plazo de 40 d\u00edas, identificando a los sectores m\u00e1s perjudicados por los bloqueos.<\/p>\n<p>\u201cEste proyecto de ley involucra no solo al sector privado formal sino al informal, como cuentapropistas, transportistas y gente que tiene negocios en familia, son los m\u00e1s afectados. A trav\u00e9s de este proyecto de ley se le da autorizaci\u00f3n y atribuci\u00f3n al Ministerio de Econom\u00eda para elaborar un registro nacional de los afectados por los bloqueos\u201d, explic\u00f3 el parlamentario pace\u00f1o.<\/p>\n<p>Seg\u00fan datos oficiales, las p\u00e9rdidas financieras por los bloqueos de caminos superaron los 2.500 millones de d\u00f3lares, debido al desabastecimiento de alimentos y combustibles, cierre de micro y medianas empresas, tiendas y una infinidad otras actividades econ\u00f3micas.<\/p>\n<p>A estas cifras se suma un saldo de alrededor de 17 fallecidos, sumando reportes de diversas instituciones que oscilan entre 14 y 24 v\u00edctimas por impedimento de paso a ambulancias, pacientes con enfermedades cr\u00f3nicas o c\u00e1ncer que no llegaron a hospitales, y transportistas fallecidos en carretera por fr\u00edo o deshidrataci\u00f3n tras semanas parados en las carreteras, entre mayo y junio de 2026.<\/p>\n<p>\u201cEsperamos llegar a todos los sectores de la poblaci\u00f3n que han sido afectados por los bloqueos, se trata de sectores que han sido afectado pese a nunca haber estado de acuerdo con los bloqueos\u201d, agreg\u00f3 Rojas, destacando que la iniciativa busca beneficiar sobre todo a emprendedores, comercios y otros negocios, con cr\u00e9ditos y facilidades para recuperarse.<\/p>\n","protected":false},"excerpt":{"rendered":"<p>El diputado por el Partido Dem\u00f3crata Cristiano (PDC), Manolo Rojas, present\u00f3 un proyecto de ley \u201cExcepcional de Reactivaci\u00f3n Econ\u00f3mica Post Bloqueos\u201d con el objetivo de impulsar acciones para el alivio econ\u00f3mico de sectores vulnerables, afectados por medidas de presi\u00f3n. Seg\u00fan Rojas, el proyecto normativo permitir\u00e1 realizar un levantamiento de informaci\u00f3n en un plazo de 40 [&hellip;]<\/p>\n","protected":false},"author":1,"featured_media":406831,"comment_status":"closed","ping_status":"open","sticky":false,"template":"","format":"standard","meta":{"_acf_changed":false,"footnotes":""},"categories":[14],"tags":[],"class_list":["post-406830","post","type-post","status-publish","format-standard","has-post-thumbnail","category-politica"],"acf":{"antetitulo":"A trav\u00e9s de un registro nacional"},"yoast_head":"<!-- This site is optimized with the Yoast SEO plugin v28.4 - https:\/\/yoast.com\/product\/yoast-seo-wordpress\/ -->\n<title>Proyecto de ley plantea apoyo a sectores afectados por bloqueos - El Diario - Bolivia<\/title>\n<meta name=\"robots\" content=\"index, follow, max-snippet:-1, max-image-preview:large, max-video-preview:-1\" \/>\n<link rel=\"canonical\" href=\"https:\/\/www.eldiario.net\/portal\/2026\/06\/25\/proyecto-de-ley-plantea-apoyo-a-sectores-afectados-por-bloqueos-2\/\" \/>\n<meta property=\"og:locale\" content=\"es_ES\" \/>\n<meta property=\"og:type\" content=\"article\" \/>\n<meta property=\"og:title\" content=\"Proyecto de ley plantea apoyo a sectores afectados por bloqueos - El Diario - Bolivia\" \/>\n<meta property=\"og:description\" content=\"El diputado por el Partido Dem\u00f3crata Cristiano (PDC), Manolo Rojas, present\u00f3 un proyecto de ley \u201cExcepcional de Reactivaci\u00f3n Econ\u00f3mica Post Bloqueos\u201d con el objetivo de impulsar acciones para el alivio econ\u00f3mico de sectores vulnerables, afectados por medidas de presi\u00f3n. Seg\u00fan Rojas, el proyecto normativo permitir\u00e1 realizar un levantamiento de informaci\u00f3n en un plazo de 40 [&hellip;]\" \/>\n<meta property=\"og:url\" content=\"https:\/\/www.eldiario.net\/portal\/2026\/06\/25\/proyecto-de-ley-plantea-apoyo-a-sectores-afectados-por-bloqueos-2\/\" \/>\n<meta property=\"og:site_name\" content=\"El Diario - Bolivia\" \/>\n<meta property=\"article:publisher\" content=\"https:\/\/www.facebook.com\/eldiario.bolivia\/\" \/>\n<meta property=\"article:published_time\" content=\"2026-06-25T05:05:20+00:00\" \/>\n<meta property=\"og:image\" content=\"https:\/\/www.eldiario.net\/portal\/wp-content\/uploads\/2026\/06\/APOYO-FOTO.webp\" \/>\n\t<meta property=\"og:image:width\" content=\"1280\" \/>\n\t<meta property=\"og:image:height\" content=\"853\" \/>\n\t<meta property=\"og:image:type\" content=\"image\/webp\" \/>\n<meta name=\"author\" content=\"Jeanette\" \/>\n<meta name=\"twitter:card\" content=\"summary_large_image\" \/>\n<meta name=\"twitter:creator\" content=\"@eldiario_net\" \/>\n<meta name=\"twitter:site\" content=\"@eldiario_net\" \/>\n<meta name=\"twitter:label1\" content=\"Escrito por\" \/>\n\t<meta name=\"twitter:data1\" content=\"Jeanette\" \/>\n\t<meta name=\"twitter:label2\" content=\"Tiempo de lectura\" \/>\n\t<meta name=\"twitter:data2\" content=\"2 minutos\" \/>\n<script type=\"application\/ld+json\" class=\"yoast-schema-graph\">{\"@context\":\"https:\\\/\\\/schema.org\",\"@graph\":[{\"@type\":\"Article\",\"@id\":\"https:\\\/\\\/www.eldiario.net\\\/portal\\\/2026\\\/06\\\/25\\\/proyecto-de-ley-plantea-apoyo-a-sectores-afectados-por-bloqueos-2\\\/#article\",\"isPartOf\":{\"@id\":\"https:\\\/\\\/www.eldiario.net\\\/portal\\\/2026\\\/06\\\/25\\\/proyecto-de-ley-plantea-apoyo-a-sectores-afectados-por-bloqueos-2\\\/\"},\"author\":{\"name\":\"Jeanette\",\"@id\":\"https:\\\/\\\/www.eldiario.net\\\/portal\\\/#\\\/schema\\\/person\\\/f46445640444750d7d753ccd04ae01b7\"},\"headline\":\"Proyecto de ley plantea apoyo a sectores afectados por bloqueos\",\"datePublished\":\"2026-06-25T05:05:20+00:00\",\"mainEntityOfPage\":{\"@id\":\"https:\\\/\\\/www.eldiario.net\\\/portal\\\/2026\\\/06\\\/25\\\/proyecto-de-ley-plantea-apoyo-a-sectores-afectados-por-bloqueos-2\\\/\"},\"wordCount\":310,\"publisher\":{\"@id\":\"https:\\\/\\\/www.eldiario.net\\\/portal\\\/#organization\"},\"image\":{\"@id\":\"https:\\\/\\\/www.eldiario.net\\\/portal\\\/2026\\\/06\\\/25\\\/proyecto-de-ley-plantea-apoyo-a-sectores-afectados-por-bloqueos-2\\\/#primaryimage\"},\"thumbnailUrl\":\"https:\\\/\\\/www.eldiario.net\\\/portal\\\/wp-content\\\/uploads\\\/2026\\\/06\\\/APOYO-FOTO.webp\",\"articleSection\":[\"Pol\u00edtica\"],\"inLanguage\":\"es\"},{\"@type\":\"WebPage\",\"@id\":\"https:\\\/\\\/www.eldiario.net\\\/portal\\\/2026\\\/06\\\/25\\\/proyecto-de-ley-plantea-apoyo-a-sectores-afectados-por-bloqueos-2\\\/\",\"url\":\"https:\\\/\\\/www.eldiario.net\\\/portal\\\/2026\\\/06\\\/25\\\/proyecto-de-ley-plantea-apoyo-a-sectores-afectados-por-bloqueos-2\\\/\",\"name\":\"Proyecto de ley plantea apoyo a sectores afectados por bloqueos - El Diario - Bolivia\",\"isPartOf\":{\"@id\":\"https:\\\/\\\/www.eldiario.net\\\/portal\\\/#website\"},\"primaryImageOfPage\":{\"@id\":\"https:\\\/\\\/www.eldiario.net\\\/portal\\\/2026\\\/06\\\/25\\\/proyecto-de-ley-plantea-apoyo-a-sectores-afectados-por-bloqueos-2\\\/#primaryimage\"},\"image\":{\"@id\":\"https:\\\/\\\/www.eldiario.net\\\/portal\\\/2026\\\/06\\\/25\\\/proyecto-de-ley-plantea-apoyo-a-sectores-afectados-por-bloqueos-2\\\/#primaryimage\"},\"thumbnailUrl\":\"https:\\\/\\\/www.eldiario.net\\\/portal\\\/wp-content\\\/uploads\\\/2026\\\/06\\\/APOYO-FOTO.webp\",\"datePublished\":\"2026-06-25T05:05:20+00:00\",\"breadcrumb\":{\"@id\":\"https:\\\/\\\/www.eldiario.net\\\/portal\\\/2026\\\/06\\\/25\\\/proyecto-de-ley-plantea-apoyo-a-sectores-afectados-por-bloqueos-2\\\/#breadcrumb\"},\"inLanguage\":\"es\",\"potentialAction\":[{\"@type\":\"ReadAction\",\"target\":[\"https:\\\/\\\/www.eldiario.net\\\/portal\\\/2026\\\/06\\\/25\\\/proyecto-de-ley-plantea-apoyo-a-sectores-afectados-por-bloqueos-2\\\/\"]}]},{\"@type\":\"ImageObject\",\"inLanguage\":\"es\",\"@id\":\"https:\\\/\\\/www.eldiario.net\\\/portal\\\/2026\\\/06\\\/25\\\/proyecto-de-ley-plantea-apoyo-a-sectores-afectados-por-bloqueos-2\\\/#primaryimage\",\"url\":\"https:\\\/\\\/www.eldiario.net\\\/portal\\\/wp-content\\\/uploads\\\/2026\\\/06\\\/APOYO-FOTO.webp\",\"contentUrl\":\"https:\\\/\\\/www.eldiario.net\\\/portal\\\/wp-content\\\/uploads\\\/2026\\\/06\\\/APOYO-FOTO.webp\",\"width\":1280,\"height\":853,\"caption\":\"Diputado Manolo Rojas (PDC) CREDITOS \\\/ RRSS\"},{\"@type\":\"BreadcrumbList\",\"@id\":\"https:\\\/\\\/www.eldiario.net\\\/portal\\\/2026\\\/06\\\/25\\\/proyecto-de-ley-plantea-apoyo-a-sectores-afectados-por-bloqueos-2\\\/#breadcrumb\",\"itemListElement\":[{\"@type\":\"ListItem\",\"position\":1,\"name\":\"Portada\",\"item\":\"https:\\\/\\\/www.eldiario.net\\\/portal\\\/\"},{\"@type\":\"ListItem\",\"position\":2,\"name\":\"Proyecto de ley plantea apoyo a sectores afectados por bloqueos\"}]},{\"@type\":\"WebSite\",\"@id\":\"https:\\\/\\\/www.eldiario.net\\\/portal\\\/#website\",\"url\":\"https:\\\/\\\/www.eldiario.net\\\/portal\\\/\",\"name\":\"El Diario - Decano de la prensa nacional\",\"description\":\"El Diario - Decano de la prensa nacional\",\"publisher\":{\"@id\":\"https:\\\/\\\/www.eldiario.net\\\/portal\\\/#organization\"},\"potentialAction\":[{\"@type\":\"SearchAction\",\"target\":{\"@type\":\"EntryPoint\",\"urlTemplate\":\"https:\\\/\\\/www.eldiario.net\\\/portal\\\/?s={search_term_string}\"},\"query-input\":{\"@type\":\"PropertyValueSpecification\",\"valueRequired\":true,\"valueName\":\"search_term_string\"}}],\"inLanguage\":\"es\"},{\"@type\":\"Organization\",\"@id\":\"https:\\\/\\\/www.eldiario.net\\\/portal\\\/#organization\",\"name\":\"El Diario - Decano de la prensa nacional\",\"url\":\"https:\\\/\\\/www.eldiario.net\\\/portal\\\/\",\"logo\":{\"@type\":\"ImageObject\",\"inLanguage\":\"es\",\"@id\":\"https:\\\/\\\/www.eldiario.net\\\/portal\\\/#\\\/schema\\\/logo\\\/image\\\/\",\"url\":\"https:\\\/\\\/www.eldiario.net\\\/portal\\\/wp-content\\\/uploads\\\/2023\\\/07\\\/logo_ED.jpg\",\"contentUrl\":\"https:\\\/\\\/www.eldiario.net\\\/portal\\\/wp-content\\\/uploads\\\/2023\\\/07\\\/logo_ED.jpg\",\"width\":272,\"height\":52,\"caption\":\"El Diario - Decano de la prensa nacional\"},\"image\":{\"@id\":\"https:\\\/\\\/www.eldiario.net\\\/portal\\\/#\\\/schema\\\/logo\\\/image\\\/\"},\"sameAs\":[\"https:\\\/\\\/www.facebook.com\\\/eldiario.bolivia\\\/\",\"https:\\\/\\\/x.com\\\/eldiario_net\"]},{\"@type\":\"Person\",\"@id\":\"https:\\\/\\\/www.eldiario.net\\\/portal\\\/#\\\/schema\\\/person\\\/f46445640444750d7d753ccd04ae01b7\",\"name\":\"Jeanette\",\"image\":{\"@type\":\"ImageObject\",\"inLanguage\":\"es\",\"@id\":\"https:\\\/\\\/secure.gravatar.com\\\/avatar\\\/3ea2118a5f7dad2b7138b1187a6b7ee55f160b9968b66013c3a3ef39dd7e5798?s=96&d=mm&r=g\",\"url\":\"https:\\\/\\\/secure.gravatar.com\\\/avatar\\\/3ea2118a5f7dad2b7138b1187a6b7ee55f160b9968b66013c3a3ef39dd7e5798?s=96&d=mm&r=g\",\"contentUrl\":\"https:\\\/\\\/secure.gravatar.com\\\/avatar\\\/3ea2118a5f7dad2b7138b1187a6b7ee55f160b9968b66013c3a3ef39dd7e5798?s=96&d=mm&r=g\",\"caption\":\"Jeanette\"},\"sameAs\":[\"https:\\\/\\\/www.eldiario.net\\\/portal\"],\"url\":\"https:\\\/\\\/www.eldiario.net\\\/portal\\\/author\\\/jeanette\\\/\"}]}<\/script>\n<!-- \/ Yoast SEO plugin. -->","yoast_head_json":{"title":"Proyecto de ley plantea apoyo a sectores afectados por bloqueos - El Diario - Bolivia","robots":{"index":"index","follow":"follow","max-snippet":"max-snippet:-1","max-image-preview":"max-image-preview:large","max-video-preview":"max-video-preview:-1"},"canonical":"https:\/\/www.eldiario.net\/portal\/2026\/06\/25\/proyecto-de-ley-plantea-apoyo-a-sectores-afectados-por-bloqueos-2\/","og_locale":"es_ES","og_type":"article","og_title":"Proyecto de ley plantea apoyo a sectores afectados por bloqueos - El Diario - Bolivia","og_description":"El diputado por el Partido Dem\u00f3crata Cristiano (PDC), Manolo Rojas, present\u00f3 un proyecto de ley \u201cExcepcional de Reactivaci\u00f3n Econ\u00f3mica Post Bloqueos\u201d con el objetivo de impulsar acciones para el alivio econ\u00f3mico de sectores vulnerables, afectados por medidas de presi\u00f3n. Seg\u00fan Rojas, el proyecto normativo permitir\u00e1 realizar un levantamiento de informaci\u00f3n en un plazo de 40 [&hellip;]","og_url":"https:\/\/www.eldiario.net\/portal\/2026\/06\/25\/proyecto-de-ley-plantea-apoyo-a-sectores-afectados-por-bloqueos-2\/","og_site_name":"El Diario - Bolivia","article_publisher":"https:\/\/www.facebook.com\/eldiario.bolivia\/","article_published_time":"2026-06-25T05:05:20+00:00","og_image":[{"width":1280,"height":853,"url":"https:\/\/www.eldiario.net\/portal\/wp-content\/uploads\/2026\/06\/APOYO-FOTO.webp","type":"image\/webp"}],"author":"Jeanette","twitter_card":"summary_large_image","twitter_creator":"@eldiario_net","twitter_site":"@eldiario_net","twitter_misc":{"Escrito por":"Jeanette","Tiempo de lectura":"2 minutos"},"schema":{"@context":"https:\/\/schema.org","@graph":[{"@type":"Article","@id":"https:\/\/www.eldiario.net\/portal\/2026\/06\/25\/proyecto-de-ley-plantea-apoyo-a-sectores-afectados-por-bloqueos-2\/#article","isPartOf":{"@id":"https:\/\/www.eldiario.net\/portal\/2026\/06\/25\/proyecto-de-ley-plantea-apoyo-a-sectores-afectados-por-bloqueos-2\/"},"author":{"name":"Jeanette","@id":"https:\/\/www.eldiario.net\/portal\/#\/schema\/person\/f46445640444750d7d753ccd04ae01b7"},"headline":"Proyecto de ley plantea apoyo a sectores afectados por bloqueos","datePublished":"2026-06-25T05:05:20+00:00","mainEntityOfPage":{"@id":"https:\/\/www.eldiario.net\/portal\/2026\/06\/25\/proyecto-de-ley-plantea-apoyo-a-sectores-afectados-por-bloqueos-2\/"},"wordCount":310,"publisher":{"@id":"https:\/\/www.eldiario.net\/portal\/#organization"},"image":{"@id":"https:\/\/www.eldiario.net\/portal\/2026\/06\/25\/proyecto-de-ley-plantea-apoyo-a-sectores-afectados-por-bloqueos-2\/#primaryimage"},"thumbnailUrl":"https:\/\/www.eldiario.net\/portal\/wp-content\/uploads\/2026\/06\/APOYO-FOTO.webp","articleSection":["Pol\u00edtica"],"inLanguage":"es"},{"@type":"WebPage","@id":"https:\/\/www.eldiario.net\/portal\/2026\/06\/25\/proyecto-de-ley-plantea-apoyo-a-sectores-afectados-por-bloqueos-2\/","url":"https:\/\/www.eldiario.net\/portal\/2026\/06\/25\/proyecto-de-ley-plantea-apoyo-a-sectores-afectados-por-bloqueos-2\/","name":"Proyecto de ley plantea apoyo a sectores afectados por bloqueos - El Diario - Bolivia","isPartOf":{"@id":"https:\/\/www.eldiario.net\/portal\/#website"},"primaryImageOfPage":{"@id":"https:\/\/www.eldiario.net\/portal\/2026\/06\/25\/proyecto-de-ley-plantea-apoyo-a-sectores-afectados-por-bloqueos-2\/#primaryimage"},"image":{"@id":"https:\/\/www.eldiario.net\/portal\/2026\/06\/25\/proyecto-de-ley-plantea-apoyo-a-sectores-afectados-por-bloqueos-2\/#primaryimage"},"thumbnailUrl":"https:\/\/www.eldiario.net\/portal\/wp-content\/uploads\/2026\/06\/APOYO-FOTO.webp","datePublished":"2026-06-25T05:05:20+00:00","breadcrumb":{"@id":"https:\/\/www.eldiario.net\/portal\/2026\/06\/25\/proyecto-de-ley-plantea-apoyo-a-sectores-afectados-por-bloqueos-2\/#breadcrumb"},"inLanguage":"es","potentialAction":[{"@type":"ReadAction","target":["https:\/\/www.eldiario.net\/portal\/2026\/06\/25\/proyecto-de-ley-plantea-apoyo-a-sectores-afectados-por-bloqueos-2\/"]}]},{"@type":"ImageObject","inLanguage":"es","@id":"https:\/\/www.eldiario.net\/portal\/2026\/06\/25\/proyecto-de-ley-plantea-apoyo-a-sectores-afectados-por-bloqueos-2\/#primaryimage","url":"https:\/\/www.eldiario.net\/portal\/wp-content\/uploads\/2026\/06\/APOYO-FOTO.webp","contentUrl":"https:\/\/www.eldiario.net\/portal\/wp-content\/uploads\/2026\/06\/APOYO-FOTO.webp","width":1280,"height":853,"caption":"Diputado Manolo Rojas (PDC) CREDITOS \/ RRSS"},{"@type":"BreadcrumbList","@id":"https:\/\/www.eldiario.net\/portal\/2026\/06\/25\/proyecto-de-ley-plantea-apoyo-a-sectores-afectados-por-bloqueos-2\/#breadcrumb","itemListElement":[{"@type":"ListItem","position":1,"name":"Portada","item":"https:\/\/www.eldiario.net\/portal\/"},{"@type":"ListItem","position":2,"name":"Proyecto de ley plantea apoyo a sectores afectados por bloqueos"}]},{"@type":"WebSite","@id":"https:\/\/www.eldiario.net\/portal\/#website","url":"https:\/\/www.eldiario.net\/portal\/","name":"El Diario - Decano de la prensa nacional","description":"El Diario - Decano de la prensa nacional","publisher":{"@id":"https:\/\/www.eldiario.net\/portal\/#organization"},"potentialAction":[{"@type":"SearchAction","target":{"@type":"EntryPoint","urlTemplate":"https:\/\/www.eldiario.net\/portal\/?s={search_term_string}"},"query-input":{"@type":"PropertyValueSpecification","valueRequired":true,"valueName":"search_term_string"}}],"inLanguage":"es"},{"@type":"Organization","@id":"https:\/\/www.eldiario.net\/portal\/#organization","name":"El Diario - Decano de la prensa nacional","url":"https:\/\/www.eldiario.net\/portal\/","logo":{"@type":"ImageObject","inLanguage":"es","@id":"https:\/\/www.eldiario.net\/portal\/#\/schema\/logo\/image\/","url":"https:\/\/www.eldiario.net\/portal\/wp-content\/uploads\/2023\/07\/logo_ED.jpg","contentUrl":"https:\/\/www.eldiario.net\/portal\/wp-content\/uploads\/2023\/07\/logo_ED.jpg","width":272,"height":52,"caption":"El Diario - Decano de la prensa nacional"},"image":{"@id":"https:\/\/www.eldiario.net\/portal\/#\/schema\/logo\/image\/"},"sameAs":["https:\/\/www.facebook.com\/eldiario.bolivia\/","https:\/\/x.com\/eldiario_net"]},{"@type":"Person","@id":"https:\/\/www.eldiario.net\/portal\/#\/schema\/person\/f46445640444750d7d753ccd04ae01b7","name":"Jeanette","image":{"@type":"ImageObject","inLanguage":"es","@id":"https:\/\/secure.gravatar.com\/avatar\/3ea2118a5f7dad2b7138b1187a6b7ee55f160b9968b66013c3a3ef39dd7e5798?s=96&d=mm&r=g","url":"https:\/\/secure.gravatar.com\/avatar\/3ea2118a5f7dad2b7138b1187a6b7ee55f160b9968b66013c3a3ef39dd7e5798?s=96&d=mm&r=g","contentUrl":"https:\/\/secure.gravatar.com\/avatar\/3ea2118a5f7dad2b7138b1187a6b7ee55f160b9968b66013c3a3ef39dd7e5798?s=96&d=mm&r=g","caption":"Jeanette"},"sameAs":["https:\/\/www.eldiario.net\/portal"],"url":"https:\/\/www.eldiario.net\/portal\/author\/jeanette\/"}]}},"_links":{"self":[{"href":"https:\/\/www.eldiario.net\/portal\/wp-json\/wp\/v2\/posts\/406830","targetHints":{"allow":["GET"]}}],"collection":[{"href":"https:\/\/www.eldiario.net\/portal\/wp-json\/wp\/v2\/posts"}],"about":[{"href":"https:\/\/www.eldiario.net\/portal\/wp-json\/wp\/v2\/types\/post"}],"author":[{"embeddable":true,"href":"https:\/\/www.eldiario.net\/portal\/wp-json\/wp\/v2\/users\/1"}],"replies":[{"embeddable":true,"href":"https:\/\/www.eldiario.net\/portal\/wp-json\/wp\/v2\/comments?post=406830"}],"version-history":[{"count":1,"href":"https:\/\/www.eldiario.net\/portal\/wp-json\/wp\/v2\/posts\/406830\/revisions"}],"predecessor-version":[{"id":406832,"href":"https:\/\/www.eldiario.net\/portal\/wp-json\/wp\/v2\/posts\/406830\/revisions\/406832"}],"wp:featuredmedia":[{"embeddable":true,"href":"https:\/\/www.eldiario.net\/portal\/wp-json\/wp\/v2\/media\/406831"}],"wp:attachment":[{"href":"https:\/\/www.eldiario.net\/portal\/wp-json\/wp\/v2\/media?parent=406830"}],"wp:term":[{"taxonomy":"category","embeddable":true,"href":"https:\/\/www.eldiario.net\/portal\/wp-json\/wp\/v2\/categories?post=406830"},{"taxonomy":"post_tag","embeddable":true,"href":"https:\/\/www.eldiario.net\/portal\/wp-json\/wp\/v2\/tags?post=406830"}],"curies":[{"name":"wp","href":"https:\/\/api.w.org\/{rel}","templated":true}]}}